{"id":117418,"date":"2021-06-29T07:16:04","date_gmt":"2021-06-29T14:16:04","guid":{"rendered":"https:\/\/www.sonoraenequipo.com.mx\/?p=117418"},"modified":"2021-06-29T13:28:54","modified_gmt":"2021-06-29T20:28:54","slug":"un-grupo-de-manifestantes-derriba-la-estatua-de-cristobal-colon-en-barranquilla-colombia","status":"publish","type":"post","link":"https:\/\/www.sonoraenequipo.com.mx\/un-grupo-de-manifestantes-derriba-la-estatua-de-cristobal-colon-en-barranquilla-colombia\/","title":{"rendered":"Un grupo de manifestantes derriba la estatua de Crist\u00f3bal Col\u00f3n en Barranquilla, Colombia"},"content":{"rendered":"<p>BOGOT\u00c1, COLOMBIA. \u2014 Un grupo de manifestantes derriba la estatua de Crist\u00f3bal Col\u00f3n en la ciudad de Barranquilla, al norte de Colombia, durante el transcurso de una nueva jornada de protestas, seg\u00fan ha informado la polic\u00eda.<\/p>\n<p>&nbsp;<\/p>\n<p> <\/p>\n<p>El grupo de personas que derrib\u00f3 la estatua de Col\u00f3n le puso primero una capucha, una cuerda en el cuello, la ataron con cuerdas y tiraron de ella hasta conseguir derribarla, mientras gritaban<em> \u00abCol\u00f3n asesino\u00bb.<\/em> Una vez que ya estaba en el suelo el monumento, le quitaron la cabeza y le escribieron pintadas como<em> \u00abpor nuestros muertos\u00bb.<\/em><\/p>\n<p>&nbsp;<\/p>\n<p>Un usuario de Twitter ha grabado el momento del derribe: \u00abManifestantes acaban de tumbar la estatua de Crist\u00f3bal Col\u00f3n en Barranquilla. La historia es nuestra y la hacen los pueblos. \u00a1Viva el paro nacional!\u00bb, expresaba en el tuit.<\/p>\n<p>&nbsp;<\/p>\n<p>&nbsp;<\/p>\n<p>El monumento estaba ubicado en un c\u00e9ntrico barrio de la ciudad y fue donado a la ciudad en 1892 por la colonia italiana con el fin de conmemorar los cuatrocientos a\u00f1os del descubrimiento de Am\u00e9rica. Aunque no se instal\u00f3 hasta 18 a\u00f1os despu\u00e9s.<\/p>\n<p>&nbsp;<\/p>\n<p>El alcalde de la ciudad colombiana Jaime Pumarejo, dijo que <em>\u00abla violencia solo genera m\u00e1s violencia. Los invito a despojarse del odio y construir un pa\u00eds mejor\u00bb.<\/em><\/p>\n<p>&nbsp;<\/p>\n<p>Las manifestaciones en Colombia se han caracterizado por atacar a monumentos y estatuas de personajes hist\u00f3ricos como Gonzalo Jim\u00e9nez de Quesada en Bogot\u00e1 y Sebasti\u00e1n de Belalc\u00e1zar en Cali. Tambi\u00e9n en Bogot\u00e1 retiraron de sus pedestales las estatuas de de Isabel la Cat\u00f3lica y Crist\u00f3bal Col\u00f3n, ubicado en cercan\u00edas del aeropuerto internacional El Dorado, despu\u00e9s de que los ind\u00edgenas de la etnia misak intentaran derribarlas.<\/p>\n<p>&nbsp;<\/p>\n<h3>\nContinuas manifestaciones en Colombia<\/h3>\n<p>&nbsp;<\/p>\n<p>Las movilizaciones en Colombia comenzaron el 28 de abril contra un proyecto de reforma tributaria del presidente Iv\u00e1n Duque. Hace unos d\u00edas unas im\u00e1genes captaron el tiroteo al helic\u00f3ptero en el que viajaba el presidente colombiano.<\/p>\n<p>&nbsp;<\/p>\n<p>&nbsp;<\/p>\n<p>Estas manifestaciones, seg\u00fan datos de organizaciones de derechos humanos, dejan unas 74 v\u00edctimas mortales, al menos 20 de ellas por disparos de la Polic\u00eda, mientras que el Gobierno vincula a las protestas 25 fallecimientos y solo tres por la Polic\u00eda.<\/p>\n<p>&nbsp;<\/p>\n<p><a class=\"twitter-timeline\" data-width=\"640\" data-height=\"960\" data-dnt=\"true\" href=\"https:\/\/twitter.com\/SoyAntiuribista?ref_src=twsrc%5Etfw\">Tweets by SoyAntiuribista<\/a><script async src=\"https:\/\/platform.twitter.com\/widgets.js\" charset=\"utf-8\"><\/script><\/p>\n<blockquote class=\"twitter-tweet\" data-width=\"550\" data-dnt=\"true\">\n<p lang=\"es\" dir=\"ltr\">Manifestantes acaban de tumbar la estatua de Crist\u00f3bal Col\u00f3n en Barranquilla.<\/p>\n<p>La historia es nuestra y la hacen los pueblos. \u00a1Viva el paro nacional! <a href=\"https:\/\/t.co\/6dtRqLIOuK\">pic.twitter.com\/6dtRqLIOuK<\/a><\/p>\n<p>&mdash; \ud83c\udde8\ud83c\uddf4Antiuribista (@SoyAntiuribista) <a href=\"https:\/\/twitter.com\/SoyAntiuribista\/status\/1409644240204754949?ref_src=twsrc%5Etfw\">June 28, 2021<\/a><\/p><\/blockquote>\n<p><script async src=\"https:\/\/platform.twitter.com\/widgets.js\" charset=\"utf-8\"><\/script><\/p>\n<p>(Publicada el 29\/06\/2021)<\/p>\n","protected":false},"excerpt":{"rendered":"<p>BOGOT\u00c1, COLOMBIA. \u2014 Un grupo de manifestantes derriba la estatua de Crist\u00f3bal Col\u00f3n en la&#8230;<\/p>\n","protected":false},"author":1,"featured_media":117422,"comment_status":"open","ping_status":"open","sticky":false,"template":"","format":"standard","meta":{"_monsterinsights_skip_tracking":false,"_monsterinsights_sitenote_active":false,"_monsterinsights_sitenote_note":"","_monsterinsights_sitenote_category":0,"footnotes":""},"categories":[3],"tags":[],"class_list":["post"],"yoast_head":" \n<title>Sonora en Equipo. Un grupo de manifestantes derriba la estatua de Crist\u00f3bal Col\u00f3n en Barranquilla, Colombia MUNDO<\/title>\n<meta name=\"description\" content=\"BOGOT\u00c1, COLOMBIA. \u2014 Un grupo de manifestantes derriba la estatua de Crist\u00f3bal Col\u00f3n en la ciudad de Barranquilla, al norte de Colombia, durante el En Sonora en Equipo publicamos toda la informaci\u00f3n de Sonora, M\u00e9xico y el Mundo de manera oportuna y busca que la libertad de expresi\u00f3n sea real. Visita nuestro medio informativo publicado desde Hermosillo, Sonora. %\" \/>\n<meta name=\"robots\" content=\"index, follow, max-snippet:-1, max-image-preview:large, max-video-preview:-1\" \/>\n<link rel=\"canonical\" href=\"https:\/\/www.sonoraenequipo.com.mx\/un-grupo-de-manifestantes-derriba-la-estatua-de-cristobal-colon-en-barranquilla-colombia\/\" \/>\n<meta property=\"og:locale\" content=\"es_ES\" \/>\n<meta property=\"og:type\" content=\"article\" \/>\n<meta property=\"og:title\" content=\"Sonora en Equipo. Un grupo de manifestantes derriba la estatua de Crist\u00f3bal Col\u00f3n en Barranquilla, Colombia MUNDO\" \/>\n<meta property=\"og:description\" content=\"BOGOT\u00c1, COLOMBIA. \u2014 Un grupo de manifestantes derriba la estatua de Crist\u00f3bal Col\u00f3n en la ciudad de Barranquilla, al norte de Colombia, durante el En Sonora en Equipo publicamos toda la informaci\u00f3n de Sonora, M\u00e9xico y el Mundo de manera oportuna y busca que la libertad de expresi\u00f3n sea real. Visita nuestro medio informativo publicado desde Hermosillo, Sonora. %\" \/>\n<meta property=\"og:url\" content=\"https:\/\/www.sonoraenequipo.com.mx\/un-grupo-de-manifestantes-derriba-la-estatua-de-cristobal-colon-en-barranquilla-colombia\/\" \/>\n<meta property=\"og:site_name\" content=\"Sonora en Equipo.\" \/>\n<meta property=\"article:publisher\" content=\"https:\/\/www.facebook.com\/SonoraEE\/\" \/>\n<meta property=\"article:author\" content=\"https:\/\/www.facebook.com\/SonoraEE\" \/>\n<meta property=\"article:published_time\" content=\"2021-06-29T14:16:04+00:00\" \/>\n<meta property=\"article:modified_time\" content=\"2021-06-29T20:28:54+00:00\" \/>\n<meta property=\"og:image\" content=\"https:\/\/www.sonoraenequipo.com.mx\/storage\/2021\/06\/Colombia29_opt.jpg\" \/>\n\t<meta property=\"og:image:width\" content=\"700\" \/>\n\t<meta property=\"og:image:height\" content=\"400\" \/>\n\t<meta property=\"og:image:type\" content=\"image\/jpeg\" \/>\n<meta name=\"author\" content=\"enequipo\" \/>\n<meta name=\"twitter:card\" content=\"summary_large_image\" \/>\n<meta name=\"twitter:creator\" content=\"@sonoraenequipo\" \/>\n<meta name=\"twitter:site\" content=\"@sonoraenequipo\" \/>\n<meta name=\"twitter:label1\" content=\"Escrito por\" \/>\n\t<meta name=\"twitter:data1\" content=\"enequipo\" \/>\n\t<meta name=\"twitter:label2\" content=\"Tiempo de lectura\" \/>\n\t<meta name=\"twitter:data2\" content=\"2 minutos\" \/>\n<script type=\"application\/ld+json\" class=\"yoast-schema-graph\">{\"@context\":\"https:\/\/schema.org\",\"@graph\":[{\"@type\":\"Article\",\"@id\":\"https:\/\/www.sonoraenequipo.com.mx\/un-grupo-de-manifestantes-derriba-la-estatua-de-cristobal-colon-en-barranquilla-colombia\/#article\",\"isPartOf\":{\"@id\":\"https:\/\/www.sonoraenequipo.com.mx\/un-grupo-de-manifestantes-derriba-la-estatua-de-cristobal-colon-en-barranquilla-colombia\/\"},\"author\":{\"name\":\"enequipo\",\"@id\":\"https:\/\/www.sonoraenequipo.com.mx\/#\/schema\/person\/50102df0fb23a8fa9e8effad8fa81386\"},\"headline\":\"Un grupo de manifestantes derriba la estatua de Crist\u00f3bal Col\u00f3n en Barranquilla, Colombia\",\"datePublished\":\"2021-06-29T14:16:04+00:00\",\"dateModified\":\"2021-06-29T20:28:54+00:00\",\"mainEntityOfPage\":{\"@id\":\"https:\/\/www.sonoraenequipo.com.mx\/un-grupo-de-manifestantes-derriba-la-estatua-de-cristobal-colon-en-barranquilla-colombia\/\"},\"wordCount\":410,\"commentCount\":0,\"publisher\":{\"@id\":\"https:\/\/www.sonoraenequipo.com.mx\/#organization\"},\"image\":{\"@id\":\"https:\/\/www.sonoraenequipo.com.mx\/un-grupo-de-manifestantes-derriba-la-estatua-de-cristobal-colon-en-barranquilla-colombia\/#primaryimage\"},\"thumbnailUrl\":\"https:\/\/www.sonoraenequipo.com.mx\/storage\/2021\/06\/Colombia29_opt.jpg\",\"articleSection\":[\"MUNDO\"],\"inLanguage\":\"es\",\"potentialAction\":[{\"@type\":\"CommentAction\",\"name\":\"Comment\",\"target\":[\"https:\/\/www.sonoraenequipo.com.mx\/un-grupo-de-manifestantes-derriba-la-estatua-de-cristobal-colon-en-barranquilla-colombia\/#respond\"]}]},{\"@type\":\"WebPage\",\"@id\":\"https:\/\/www.sonoraenequipo.com.mx\/un-grupo-de-manifestantes-derriba-la-estatua-de-cristobal-colon-en-barranquilla-colombia\/\",\"url\":\"https:\/\/www.sonoraenequipo.com.mx\/un-grupo-de-manifestantes-derriba-la-estatua-de-cristobal-colon-en-barranquilla-colombia\/\",\"name\":\"Sonora en Equipo. Un grupo de manifestantes derriba la estatua de Crist\u00f3bal Col\u00f3n en Barranquilla, Colombia MUNDO\",\"isPartOf\":{\"@id\":\"https:\/\/www.sonoraenequipo.com.mx\/#website\"},\"primaryImageOfPage\":{\"@id\":\"https:\/\/www.sonoraenequipo.com.mx\/un-grupo-de-manifestantes-derriba-la-estatua-de-cristobal-colon-en-barranquilla-colombia\/#primaryimage\"},\"image\":{\"@id\":\"https:\/\/www.sonoraenequipo.com.mx\/un-grupo-de-manifestantes-derriba-la-estatua-de-cristobal-colon-en-barranquilla-colombia\/#primaryimage\"},\"thumbnailUrl\":\"https:\/\/www.sonoraenequipo.com.mx\/storage\/2021\/06\/Colombia29_opt.jpg\",\"datePublished\":\"2021-06-29T14:16:04+00:00\",\"dateModified\":\"2021-06-29T20:28:54+00:00\",\"description\":\"BOGOT\u00c1, COLOMBIA. \u2014 Un grupo de manifestantes derriba la estatua de Crist\u00f3bal Col\u00f3n en la ciudad de Barranquilla, al norte de Colombia, durante el En Sonora en Equipo publicamos toda la informaci\u00f3n de Sonora, M\u00e9xico y el Mundo de manera oportuna y busca que la libertad de expresi\u00f3n sea real. Visita nuestro medio informativo publicado desde Hermosillo, Sonora. %\",\"breadcrumb\":{\"@id\":\"https:\/\/www.sonoraenequipo.com.mx\/un-grupo-de-manifestantes-derriba-la-estatua-de-cristobal-colon-en-barranquilla-colombia\/#breadcrumb\"},\"inLanguage\":\"es\",\"potentialAction\":[{\"@type\":\"ReadAction\",\"target\":[\"https:\/\/www.sonoraenequipo.com.mx\/un-grupo-de-manifestantes-derriba-la-estatua-de-cristobal-colon-en-barranquilla-colombia\/\"]}]},{\"@type\":\"ImageObject\",\"inLanguage\":\"es\",\"@id\":\"https:\/\/www.sonoraenequipo.com.mx\/un-grupo-de-manifestantes-derriba-la-estatua-de-cristobal-colon-en-barranquilla-colombia\/#primaryimage\",\"url\":\"https:\/\/www.sonoraenequipo.com.mx\/storage\/2021\/06\/Colombia29_opt.jpg\",\"contentUrl\":\"https:\/\/www.sonoraenequipo.com.mx\/storage\/2021\/06\/Colombia29_opt.jpg\",\"width\":700,\"height\":400},{\"@type\":\"BreadcrumbList\",\"@id\":\"https:\/\/www.sonoraenequipo.com.mx\/un-grupo-de-manifestantes-derriba-la-estatua-de-cristobal-colon-en-barranquilla-colombia\/#breadcrumb\",\"itemListElement\":[{\"@type\":\"ListItem\",\"position\":1,\"name\":\"Portada\",\"item\":\"https:\/\/www.sonoraenequipo.com.mx\/\"},{\"@type\":\"ListItem\",\"position\":2,\"name\":\"Un grupo de manifestantes derriba la estatua de Crist\u00f3bal Col\u00f3n en Barranquilla, Colombia\"}]},{\"@type\":\"WebSite\",\"@id\":\"https:\/\/www.sonoraenequipo.com.mx\/#website\",\"url\":\"https:\/\/www.sonoraenequipo.com.mx\/\",\"name\":\"Sonora en Equipo.\",\"description\":\"Diario en l\u00ednea con Noticias desde Hermosillo, Sonora\",\"publisher\":{\"@id\":\"https:\/\/www.sonoraenequipo.com.mx\/#organization\"},\"potentialAction\":[{\"@type\":\"SearchAction\",\"target\":{\"@type\":\"EntryPoint\",\"urlTemplate\":\"https:\/\/www.sonoraenequipo.com.mx\/?s={search_term_string}\"},\"query-input\":{\"@type\":\"PropertyValueSpecification\",\"valueRequired\":true,\"valueName\":\"search_term_string\"}}],\"inLanguage\":\"es\"},{\"@type\":\"Organization\",\"@id\":\"https:\/\/www.sonoraenequipo.com.mx\/#organization\",\"name\":\"Sonoraenequipo.com.mx\",\"url\":\"https:\/\/www.sonoraenequipo.com.mx\/\",\"logo\":{\"@type\":\"ImageObject\",\"inLanguage\":\"es\",\"@id\":\"https:\/\/www.sonoraenequipo.com.mx\/#\/schema\/logo\/image\/\",\"url\":\"https:\/\/www.sonoraenequipo.com.mx\/storage\/2019\/01\/sonoraenequipo_opt.png\",\"contentUrl\":\"https:\/\/www.sonoraenequipo.com.mx\/storage\/2019\/01\/sonoraenequipo_opt.png\",\"width\":375,\"height\":125,\"caption\":\"Sonoraenequipo.com.mx\"},\"image\":{\"@id\":\"https:\/\/www.sonoraenequipo.com.mx\/#\/schema\/logo\/image\/\"},\"sameAs\":[\"https:\/\/www.facebook.com\/SonoraEE\/\",\"https:\/\/x.com\/sonoraenequipo\",\"https:\/\/www.youtube.com\/channel\/UC338nW-lPEYmJQs4ZABQ1SQ\"]},{\"@type\":\"Person\",\"@id\":\"https:\/\/www.sonoraenequipo.com.mx\/#\/schema\/person\/50102df0fb23a8fa9e8effad8fa81386\",\"name\":\"enequipo\",\"image\":{\"@type\":\"ImageObject\",\"inLanguage\":\"es\",\"@id\":\"https:\/\/www.sonoraenequipo.com.mx\/#\/schema\/person\/image\/\",\"url\":\"https:\/\/secure.gravatar.com\/avatar\/049821681b589dabc0bc20695993ccebb09f5b5d4d790cd9251b97faac7c652b?s=96&d=blank&r=g\",\"contentUrl\":\"https:\/\/secure.gravatar.com\/avatar\/049821681b589dabc0bc20695993ccebb09f5b5d4d790cd9251b97faac7c652b?s=96&d=blank&r=g\",\"caption\":\"enequipo\"},\"sameAs\":[\"https:\/\/www.facebook.com\/SonoraEE\"]}]}<\/script>\n ","yoast_head_json":{"title":"Sonora en Equipo. Un grupo de manifestantes derriba la estatua de Crist\u00f3bal Col\u00f3n en Barranquilla, Colombia MUNDO","description":"BOGOT\u00c1, COLOMBIA. \u2014 Un grupo de manifestantes derriba la estatua de Crist\u00f3bal Col\u00f3n en la ciudad de Barranquilla, al norte de Colombia, durante el En Sonora en Equipo publicamos toda la informaci\u00f3n de Sonora, M\u00e9xico y el Mundo de manera oportuna y busca que la libertad de expresi\u00f3n sea real. Visita nuestro medio informativo publicado desde Hermosillo, Sonora. %","robots":{"index":"index","follow":"follow","max-snippet":"max-snippet:-1","max-image-preview":"max-image-preview:large","max-video-preview":"max-video-preview:-1"},"canonical":"https:\/\/www.sonoraenequipo.com.mx\/un-grupo-de-manifestantes-derriba-la-estatua-de-cristobal-colon-en-barranquilla-colombia\/","og_locale":"es_ES","og_type":"article","og_title":"Sonora en Equipo. Un grupo de manifestantes derriba la estatua de Crist\u00f3bal Col\u00f3n en Barranquilla, Colombia MUNDO","og_description":"BOGOT\u00c1, COLOMBIA. \u2014 Un grupo de manifestantes derriba la estatua de Crist\u00f3bal Col\u00f3n en la ciudad de Barranquilla, al norte de Colombia, durante el En Sonora en Equipo publicamos toda la informaci\u00f3n de Sonora, M\u00e9xico y el Mundo de manera oportuna y busca que la libertad de expresi\u00f3n sea real. Visita nuestro medio informativo publicado desde Hermosillo, Sonora. %","og_url":"https:\/\/www.sonoraenequipo.com.mx\/un-grupo-de-manifestantes-derriba-la-estatua-de-cristobal-colon-en-barranquilla-colombia\/","og_site_name":"Sonora en Equipo.","article_publisher":"https:\/\/www.facebook.com\/SonoraEE\/","article_author":"https:\/\/www.facebook.com\/SonoraEE","article_published_time":"2021-06-29T14:16:04+00:00","article_modified_time":"2021-06-29T20:28:54+00:00","og_image":[{"width":700,"height":400,"url":"https:\/\/www.sonoraenequipo.com.mx\/storage\/2021\/06\/Colombia29_opt.jpg","type":"image\/jpeg"}],"author":"enequipo","twitter_card":"summary_large_image","twitter_creator":"@sonoraenequipo","twitter_site":"@sonoraenequipo","twitter_misc":{"Escrito por":"enequipo","Tiempo de lectura":"2 minutos"},"schema":{"@context":"https:\/\/schema.org","@graph":[{"@type":"Article","@id":"https:\/\/www.sonoraenequipo.com.mx\/un-grupo-de-manifestantes-derriba-la-estatua-de-cristobal-colon-en-barranquilla-colombia\/#article","isPartOf":{"@id":"https:\/\/www.sonoraenequipo.com.mx\/un-grupo-de-manifestantes-derriba-la-estatua-de-cristobal-colon-en-barranquilla-colombia\/"},"author":{"name":"enequipo","@id":"https:\/\/www.sonoraenequipo.com.mx\/#\/schema\/person\/50102df0fb23a8fa9e8effad8fa81386"},"headline":"Un grupo de manifestantes derriba la estatua de Crist\u00f3bal Col\u00f3n en Barranquilla, Colombia","datePublished":"2021-06-29T14:16:04+00:00","dateModified":"2021-06-29T20:28:54+00:00","mainEntityOfPage":{"@id":"https:\/\/www.sonoraenequipo.com.mx\/un-grupo-de-manifestantes-derriba-la-estatua-de-cristobal-colon-en-barranquilla-colombia\/"},"wordCount":410,"commentCount":0,"publisher":{"@id":"https:\/\/www.sonoraenequipo.com.mx\/#organization"},"image":{"@id":"https:\/\/www.sonoraenequipo.com.mx\/un-grupo-de-manifestantes-derriba-la-estatua-de-cristobal-colon-en-barranquilla-colombia\/#primaryimage"},"thumbnailUrl":"https:\/\/www.sonoraenequipo.com.mx\/storage\/2021\/06\/Colombia29_opt.jpg","articleSection":["MUNDO"],"inLanguage":"es","potentialAction":[{"@type":"CommentAction","name":"Comment","target":["https:\/\/www.sonoraenequipo.com.mx\/un-grupo-de-manifestantes-derriba-la-estatua-de-cristobal-colon-en-barranquilla-colombia\/#respond"]}]},{"@type":"WebPage","@id":"https:\/\/www.sonoraenequipo.com.mx\/un-grupo-de-manifestantes-derriba-la-estatua-de-cristobal-colon-en-barranquilla-colombia\/","url":"https:\/\/www.sonoraenequipo.com.mx\/un-grupo-de-manifestantes-derriba-la-estatua-de-cristobal-colon-en-barranquilla-colombia\/","name":"Sonora en Equipo. Un grupo de manifestantes derriba la estatua de Crist\u00f3bal Col\u00f3n en Barranquilla, Colombia MUNDO","isPartOf":{"@id":"https:\/\/www.sonoraenequipo.com.mx\/#website"},"primaryImageOfPage":{"@id":"https:\/\/www.sonoraenequipo.com.mx\/un-grupo-de-manifestantes-derriba-la-estatua-de-cristobal-colon-en-barranquilla-colombia\/#primaryimage"},"image":{"@id":"https:\/\/www.sonoraenequipo.com.mx\/un-grupo-de-manifestantes-derriba-la-estatua-de-cristobal-colon-en-barranquilla-colombia\/#primaryimage"},"thumbnailUrl":"https:\/\/www.sonoraenequipo.com.mx\/storage\/2021\/06\/Colombia29_opt.jpg","datePublished":"2021-06-29T14:16:04+00:00","dateModified":"2021-06-29T20:28:54+00:00","description":"BOGOT\u00c1, COLOMBIA. \u2014 Un grupo de manifestantes derriba la estatua de Crist\u00f3bal Col\u00f3n en la ciudad de Barranquilla, al norte de Colombia, durante el En Sonora en Equipo publicamos toda la informaci\u00f3n de Sonora, M\u00e9xico y el Mundo de manera oportuna y busca que la libertad de expresi\u00f3n sea real. Visita nuestro medio informativo publicado desde Hermosillo, Sonora. %","breadcrumb":{"@id":"https:\/\/www.sonoraenequipo.com.mx\/un-grupo-de-manifestantes-derriba-la-estatua-de-cristobal-colon-en-barranquilla-colombia\/#breadcrumb"},"inLanguage":"es","potentialAction":[{"@type":"ReadAction","target":["https:\/\/www.sonoraenequipo.com.mx\/un-grupo-de-manifestantes-derriba-la-estatua-de-cristobal-colon-en-barranquilla-colombia\/"]}]},{"@type":"ImageObject","inLanguage":"es","@id":"https:\/\/www.sonoraenequipo.com.mx\/un-grupo-de-manifestantes-derriba-la-estatua-de-cristobal-colon-en-barranquilla-colombia\/#primaryimage","url":"https:\/\/www.sonoraenequipo.com.mx\/storage\/2021\/06\/Colombia29_opt.jpg","contentUrl":"https:\/\/www.sonoraenequipo.com.mx\/storage\/2021\/06\/Colombia29_opt.jpg","width":700,"height":400},{"@type":"BreadcrumbList","@id":"https:\/\/www.sonoraenequipo.com.mx\/un-grupo-de-manifestantes-derriba-la-estatua-de-cristobal-colon-en-barranquilla-colombia\/#breadcrumb","itemListElement":[{"@type":"ListItem","position":1,"name":"Portada","item":"https:\/\/www.sonoraenequipo.com.mx\/"},{"@type":"ListItem","position":2,"name":"Un grupo de manifestantes derriba la estatua de Crist\u00f3bal Col\u00f3n en Barranquilla, Colombia"}]},{"@type":"WebSite","@id":"https:\/\/www.sonoraenequipo.com.mx\/#website","url":"https:\/\/www.sonoraenequipo.com.mx\/","name":"Sonora en Equipo.","description":"Diario en l\u00ednea con Noticias desde Hermosillo, Sonora","publisher":{"@id":"https:\/\/www.sonoraenequipo.com.mx\/#organization"},"potentialAction":[{"@type":"SearchAction","target":{"@type":"EntryPoint","urlTemplate":"https:\/\/www.sonoraenequipo.com.mx\/?s={search_term_string}"},"query-input":{"@type":"PropertyValueSpecification","valueRequired":true,"valueName":"search_term_string"}}],"inLanguage":"es"},{"@type":"Organization","@id":"https:\/\/www.sonoraenequipo.com.mx\/#organization","name":"Sonoraenequipo.com.mx","url":"https:\/\/www.sonoraenequipo.com.mx\/","logo":{"@type":"ImageObject","inLanguage":"es","@id":"https:\/\/www.sonoraenequipo.com.mx\/#\/schema\/logo\/image\/","url":"https:\/\/www.sonoraenequipo.com.mx\/storage\/2019\/01\/sonoraenequipo_opt.png","contentUrl":"https:\/\/www.sonoraenequipo.com.mx\/storage\/2019\/01\/sonoraenequipo_opt.png","width":375,"height":125,"caption":"Sonoraenequipo.com.mx"},"image":{"@id":"https:\/\/www.sonoraenequipo.com.mx\/#\/schema\/logo\/image\/"},"sameAs":["https:\/\/www.facebook.com\/SonoraEE\/","https:\/\/x.com\/sonoraenequipo","https:\/\/www.youtube.com\/channel\/UC338nW-lPEYmJQs4ZABQ1SQ"]},{"@type":"Person","@id":"https:\/\/www.sonoraenequipo.com.mx\/#\/schema\/person\/50102df0fb23a8fa9e8effad8fa81386","name":"enequipo","image":{"@type":"ImageObject","inLanguage":"es","@id":"https:\/\/www.sonoraenequipo.com.mx\/#\/schema\/person\/image\/","url":"https:\/\/secure.gravatar.com\/avatar\/049821681b589dabc0bc20695993ccebb09f5b5d4d790cd9251b97faac7c652b?s=96&d=blank&r=g","contentUrl":"https:\/\/secure.gravatar.com\/avatar\/049821681b589dabc0bc20695993ccebb09f5b5d4d790cd9251b97faac7c652b?s=96&d=blank&r=g","caption":"enequipo"},"sameAs":["https:\/\/www.facebook.com\/SonoraEE"]}]}},"jetpack_featured_media_url":"https:\/\/www.sonoraenequipo.com.mx\/storage\/2021\/06\/Colombia29_opt.jpg","_links":{"self":[{"href":"https:\/\/www.sonoraenequipo.com.mx\/api\/wp\/v2\/posts\/117418","targetHints":{"allow":["GET"]}}],"collection":[{"href":"https:\/\/www.sonoraenequipo.com.mx\/api\/wp\/v2\/posts"}],"about":[{"href":"https:\/\/www.sonoraenequipo.com.mx\/api\/wp\/v2\/types\/post"}],"author":[{"embeddable":true,"href":"https:\/\/www.sonoraenequipo.com.mx\/api\/wp\/v2\/users\/1"}],"replies":[{"embeddable":true,"href":"https:\/\/www.sonoraenequipo.com.mx\/api\/wp\/v2\/comments?post=117418"}],"version-history":[{"count":1,"href":"https:\/\/www.sonoraenequipo.com.mx\/api\/wp\/v2\/posts\/117418\/revisions"}],"predecessor-version":[{"id":117423,"href":"https:\/\/www.sonoraenequipo.com.mx\/api\/wp\/v2\/posts\/117418\/revisions\/117423"}],"wp:featuredmedia":[{"embeddable":true,"href":"https:\/\/www.sonoraenequipo.com.mx\/api\/wp\/v2\/media\/117422"}],"wp:attachment":[{"href":"https:\/\/www.sonoraenequipo.com.mx\/api\/wp\/v2\/media?parent=117418"}],"wp:term":[{"taxonomy":"category","embeddable":true,"href":"https:\/\/www.sonoraenequipo.com.mx\/api\/wp\/v2\/categories?post=117418"},{"taxonomy":"post_tag","embeddable":true,"href":"https:\/\/www.sonoraenequipo.com.mx\/api\/wp\/v2\/tags?post=117418"}],"curies":[{"name":"wp","href":"https:\/\/api.w.org\/{rel}","templated":true}]}}