{"id":117424,"date":"2021-06-29T10:31:23","date_gmt":"2021-06-29T17:31:23","guid":{"rendered":"https:\/\/www.sonoraenequipo.com.mx\/?p=117424"},"modified":"2021-06-29T13:39:49","modified_gmt":"2021-06-29T20:39:49","slug":"japon-reforzara-los-controles-sanitarios-en-los-aeropuertos-ante-el-covid-19","status":"publish","type":"post","link":"https:\/\/www.sonoraenequipo.com.mx\/japon-reforzara-los-controles-sanitarios-en-los-aeropuertos-ante-el-covid-19\/","title":{"rendered":"Jap\u00f3n reforzar\u00e1 los controles sanitarios en los aeropuertos ante el COVID-19"},"content":{"rendered":"<p>TOKIO, JAP\u00d3N. \u2014 El primer ministro japon\u00e9s Yoshihide Suga prometi\u00f3 el lunes reforzar los controles sanitarios en los aeropuertos despu\u00e9s de que un integrante de la delegaci\u00f3n ol\u00edmpica de Uganda dio positivo en COVID-19 en el poblado donde se encuentra su sede de entrenamiento, causando preocupaci\u00f3n de que los Juegos de Tokio del mes pr\u00f3ximo propagar\u00e1n los contagios de coronavirus.<\/p>\n<p>&nbsp;<\/p>\n<p> <\/p>\n<p>&nbsp;<\/p>\n<p>Un miembro del equipo ugand\u00e9s, que de acuerdo con los reportes es un entrenador, dio positivo el s\u00e1bado en el aeropuerto Narita de Tokio y fue puesto en cuarentena ah\u00ed. Pero el resto del equipo de nueve personas recibi\u00f3 autorizaci\u00f3n para viajar m\u00e1s de 500 kil\u00f3metros (300 millas) en un autob\u00fas alquilado a su campamento preol\u00edmpico en la prefectura de Osaka, en el oeste de Jap\u00f3n.<\/p>\n<p>&nbsp;<\/p>\n<p>Tres d\u00edas despu\u00e9s, un segundo ugand\u00e9s tambi\u00e9n dio positivo en el virus, lo que oblig\u00f3 a siete funcionarios y choferes del poblado que tuvieron contacto directo con el equipo a cumplir con un autoaislamiento. Los miembros del equipo fueron puestos en cuarentena en un hotel local.<\/p>\n<p>&nbsp;<\/p>\n<p>Las preocupaciones aumentaron despu\u00e9s de que se anunci\u00f3 que los dos ugandeses ten\u00edan la variante delta del virus, que se cree se propaga con mayor facilidad.<\/p>\n<p>&nbsp;<\/p>\n<p>En respuesta a las crpiticas por el caso, Suga se dirigi\u00f3 al aeropuero internacional Haneda de Tokio para inspeccionar las pruebas del virus para los viajeros que llegan y prometi\u00f3 garantizar los controles fronterizos adecuados ante el aumento de participantes de Juegos Ol\u00edmpicos y Paral\u00edmpicos que ingresan a Jap\u00f3n previo a la ceremonia de apertura de los Juegos de Tokio, el 23 de julio.<\/p>\n<p>&nbsp;<\/p>\n<p>El secretario jefe de gabinete de Jap\u00f3n, Katsunobu Kato, dijo despu\u00e9s el lunes que el gobierno japon\u00e9s planea incrementar los requisitos de cuarentena para los deportistas ol\u00edmpicos y otros participantes de regiones en que la variante delta ha sido detectada. Entre las medidas estar\u00e1 el requisito de realizarse pruebas diarias del virus durante siete d\u00edas antes de viajar a Jap\u00f3n \u2014extendiendo el periodo actual de cuatro d\u00edas\u2014 y de hasta 14 d\u00edas despu\u00e9s de haber ingresado a territorio japon\u00e9s, as\u00ed como entrenar en aislamiento en los primeros tres d\u00edas.<\/p>\n<p>&nbsp;<\/p>\n<p>&nbsp;<\/p>\n<p>(Publicada el 29\/06\/2021)<\/p>\n","protected":false},"excerpt":{"rendered":"<p>TOKIO, JAP\u00d3N. \u2014 El primer ministro japon\u00e9s Yoshihide Suga prometi\u00f3 el lunes reforzar los controles&#8230;<\/p>\n","protected":false},"author":1,"featured_media":117393,"comment_status":"open","ping_status":"open","sticky":false,"template":"","format":"standard","meta":{"_monsterinsights_skip_tracking":false,"_monsterinsights_sitenote_active":false,"_monsterinsights_sitenote_note":"","_monsterinsights_sitenote_category":0,"footnotes":""},"categories":[3],"tags":[],"class_list":["post"],"yoast_head":" \n<title>Sonora en Equipo. Jap\u00f3n reforzar\u00e1 los controles sanitarios en los aeropuertos ante el COVID-19 MUNDO<\/title>\n<meta name=\"description\" content=\"TOKIO, JAP\u00d3N. \u2014 El primer ministro japon\u00e9s Yoshihide Suga prometi\u00f3 el lunes reforzar los controles sanitarios en los aeropuertos despu\u00e9s de que un En Sonora en Equipo publicamos toda la informaci\u00f3n de Sonora, M\u00e9xico y el Mundo de manera oportuna y busca que la libertad de expresi\u00f3n sea real. Visita nuestro medio informativo publicado desde Hermosillo, Sonora. %\" \/>\n<meta name=\"robots\" content=\"index, follow, max-snippet:-1, max-image-preview:large, max-video-preview:-1\" \/>\n<link rel=\"canonical\" href=\"https:\/\/www.sonoraenequipo.com.mx\/japon-reforzara-los-controles-sanitarios-en-los-aeropuertos-ante-el-covid-19\/\" \/>\n<meta property=\"og:locale\" content=\"es_ES\" \/>\n<meta property=\"og:type\" content=\"article\" \/>\n<meta property=\"og:title\" content=\"Sonora en Equipo. Jap\u00f3n reforzar\u00e1 los controles sanitarios en los aeropuertos ante el COVID-19 MUNDO\" \/>\n<meta property=\"og:description\" content=\"TOKIO, JAP\u00d3N. \u2014 El primer ministro japon\u00e9s Yoshihide Suga prometi\u00f3 el lunes reforzar los controles sanitarios en los aeropuertos despu\u00e9s de que un En Sonora en Equipo publicamos toda la informaci\u00f3n de Sonora, M\u00e9xico y el Mundo de manera oportuna y busca que la libertad de expresi\u00f3n sea real. Visita nuestro medio informativo publicado desde Hermosillo, Sonora. %\" \/>\n<meta property=\"og:url\" content=\"https:\/\/www.sonoraenequipo.com.mx\/japon-reforzara-los-controles-sanitarios-en-los-aeropuertos-ante-el-covid-19\/\" \/>\n<meta property=\"og:site_name\" content=\"Sonora en Equipo.\" \/>\n<meta property=\"article:publisher\" content=\"https:\/\/www.facebook.com\/SonoraEE\/\" \/>\n<meta property=\"article:author\" content=\"https:\/\/www.facebook.com\/SonoraEE\" \/>\n<meta property=\"article:published_time\" content=\"2021-06-29T17:31:23+00:00\" \/>\n<meta property=\"article:modified_time\" content=\"2021-06-29T20:39:49+00:00\" \/>\n<meta property=\"og:image\" content=\"https:\/\/www.sonoraenequipo.com.mx\/storage\/2021\/06\/japon-covid19_opt.jpg\" \/>\n\t<meta property=\"og:image:width\" content=\"700\" \/>\n\t<meta property=\"og:image:height\" content=\"400\" \/>\n\t<meta property=\"og:image:type\" content=\"image\/jpeg\" \/>\n<meta name=\"author\" content=\"enequipo\" \/>\n<meta name=\"twitter:card\" content=\"summary_large_image\" \/>\n<meta name=\"twitter:creator\" content=\"@sonoraenequipo\" \/>\n<meta name=\"twitter:site\" content=\"@sonoraenequipo\" \/>\n<meta name=\"twitter:label1\" content=\"Escrito por\" \/>\n\t<meta name=\"twitter:data1\" content=\"enequipo\" \/>\n\t<meta name=\"twitter:label2\" content=\"Tiempo de lectura\" \/>\n\t<meta name=\"twitter:data2\" content=\"2 minutos\" \/>\n<script type=\"application\/ld+json\" class=\"yoast-schema-graph\">{\"@context\":\"https:\/\/schema.org\",\"@graph\":[{\"@type\":\"Article\",\"@id\":\"https:\/\/www.sonoraenequipo.com.mx\/japon-reforzara-los-controles-sanitarios-en-los-aeropuertos-ante-el-covid-19\/#article\",\"isPartOf\":{\"@id\":\"https:\/\/www.sonoraenequipo.com.mx\/japon-reforzara-los-controles-sanitarios-en-los-aeropuertos-ante-el-covid-19\/\"},\"author\":{\"name\":\"enequipo\",\"@id\":\"https:\/\/www.sonoraenequipo.com.mx\/#\/schema\/person\/50102df0fb23a8fa9e8effad8fa81386\"},\"headline\":\"Jap\u00f3n reforzar\u00e1 los controles sanitarios en los aeropuertos ante el COVID-19\",\"datePublished\":\"2021-06-29T17:31:23+00:00\",\"dateModified\":\"2021-06-29T20:39:49+00:00\",\"mainEntityOfPage\":{\"@id\":\"https:\/\/www.sonoraenequipo.com.mx\/japon-reforzara-los-controles-sanitarios-en-los-aeropuertos-ante-el-covid-19\/\"},\"wordCount\":404,\"commentCount\":0,\"publisher\":{\"@id\":\"https:\/\/www.sonoraenequipo.com.mx\/#organization\"},\"image\":{\"@id\":\"https:\/\/www.sonoraenequipo.com.mx\/japon-reforzara-los-controles-sanitarios-en-los-aeropuertos-ante-el-covid-19\/#primaryimage\"},\"thumbnailUrl\":\"https:\/\/www.sonoraenequipo.com.mx\/storage\/2021\/06\/japon-covid19_opt.jpg\",\"articleSection\":[\"MUNDO\"],\"inLanguage\":\"es\",\"potentialAction\":[{\"@type\":\"CommentAction\",\"name\":\"Comment\",\"target\":[\"https:\/\/www.sonoraenequipo.com.mx\/japon-reforzara-los-controles-sanitarios-en-los-aeropuertos-ante-el-covid-19\/#respond\"]}]},{\"@type\":\"WebPage\",\"@id\":\"https:\/\/www.sonoraenequipo.com.mx\/japon-reforzara-los-controles-sanitarios-en-los-aeropuertos-ante-el-covid-19\/\",\"url\":\"https:\/\/www.sonoraenequipo.com.mx\/japon-reforzara-los-controles-sanitarios-en-los-aeropuertos-ante-el-covid-19\/\",\"name\":\"Sonora en Equipo. Jap\u00f3n reforzar\u00e1 los controles sanitarios en los aeropuertos ante el COVID-19 MUNDO\",\"isPartOf\":{\"@id\":\"https:\/\/www.sonoraenequipo.com.mx\/#website\"},\"primaryImageOfPage\":{\"@id\":\"https:\/\/www.sonoraenequipo.com.mx\/japon-reforzara-los-controles-sanitarios-en-los-aeropuertos-ante-el-covid-19\/#primaryimage\"},\"image\":{\"@id\":\"https:\/\/www.sonoraenequipo.com.mx\/japon-reforzara-los-controles-sanitarios-en-los-aeropuertos-ante-el-covid-19\/#primaryimage\"},\"thumbnailUrl\":\"https:\/\/www.sonoraenequipo.com.mx\/storage\/2021\/06\/japon-covid19_opt.jpg\",\"datePublished\":\"2021-06-29T17:31:23+00:00\",\"dateModified\":\"2021-06-29T20:39:49+00:00\",\"description\":\"TOKIO, JAP\u00d3N. \u2014 El primer ministro japon\u00e9s Yoshihide Suga prometi\u00f3 el lunes reforzar los controles sanitarios en los aeropuertos despu\u00e9s de que un En Sonora en Equipo publicamos toda la informaci\u00f3n de Sonora, M\u00e9xico y el Mundo de manera oportuna y busca que la libertad de expresi\u00f3n sea real. Visita nuestro medio informativo publicado desde Hermosillo, Sonora. %\",\"breadcrumb\":{\"@id\":\"https:\/\/www.sonoraenequipo.com.mx\/japon-reforzara-los-controles-sanitarios-en-los-aeropuertos-ante-el-covid-19\/#breadcrumb\"},\"inLanguage\":\"es\",\"potentialAction\":[{\"@type\":\"ReadAction\",\"target\":[\"https:\/\/www.sonoraenequipo.com.mx\/japon-reforzara-los-controles-sanitarios-en-los-aeropuertos-ante-el-covid-19\/\"]}]},{\"@type\":\"ImageObject\",\"inLanguage\":\"es\",\"@id\":\"https:\/\/www.sonoraenequipo.com.mx\/japon-reforzara-los-controles-sanitarios-en-los-aeropuertos-ante-el-covid-19\/#primaryimage\",\"url\":\"https:\/\/www.sonoraenequipo.com.mx\/storage\/2021\/06\/japon-covid19_opt.jpg\",\"contentUrl\":\"https:\/\/www.sonoraenequipo.com.mx\/storage\/2021\/06\/japon-covid19_opt.jpg\",\"width\":700,\"height\":400},{\"@type\":\"BreadcrumbList\",\"@id\":\"https:\/\/www.sonoraenequipo.com.mx\/japon-reforzara-los-controles-sanitarios-en-los-aeropuertos-ante-el-covid-19\/#breadcrumb\",\"itemListElement\":[{\"@type\":\"ListItem\",\"position\":1,\"name\":\"Portada\",\"item\":\"https:\/\/www.sonoraenequipo.com.mx\/\"},{\"@type\":\"ListItem\",\"position\":2,\"name\":\"Jap\u00f3n reforzar\u00e1 los controles sanitarios en los aeropuertos ante el COVID-19\"}]},{\"@type\":\"WebSite\",\"@id\":\"https:\/\/www.sonoraenequipo.com.mx\/#website\",\"url\":\"https:\/\/www.sonoraenequipo.com.mx\/\",\"name\":\"Sonora en Equipo.\",\"description\":\"Diario en l\u00ednea con Noticias desde Hermosillo, Sonora\",\"publisher\":{\"@id\":\"https:\/\/www.sonoraenequipo.com.mx\/#organization\"},\"potentialAction\":[{\"@type\":\"SearchAction\",\"target\":{\"@type\":\"EntryPoint\",\"urlTemplate\":\"https:\/\/www.sonoraenequipo.com.mx\/?s={search_term_string}\"},\"query-input\":{\"@type\":\"PropertyValueSpecification\",\"valueRequired\":true,\"valueName\":\"search_term_string\"}}],\"inLanguage\":\"es\"},{\"@type\":\"Organization\",\"@id\":\"https:\/\/www.sonoraenequipo.com.mx\/#organization\",\"name\":\"Sonoraenequipo.com.mx\",\"url\":\"https:\/\/www.sonoraenequipo.com.mx\/\",\"logo\":{\"@type\":\"ImageObject\",\"inLanguage\":\"es\",\"@id\":\"https:\/\/www.sonoraenequipo.com.mx\/#\/schema\/logo\/image\/\",\"url\":\"https:\/\/www.sonoraenequipo.com.mx\/storage\/2019\/01\/sonoraenequipo_opt.png\",\"contentUrl\":\"https:\/\/www.sonoraenequipo.com.mx\/storage\/2019\/01\/sonoraenequipo_opt.png\",\"width\":375,\"height\":125,\"caption\":\"Sonoraenequipo.com.mx\"},\"image\":{\"@id\":\"https:\/\/www.sonoraenequipo.com.mx\/#\/schema\/logo\/image\/\"},\"sameAs\":[\"https:\/\/www.facebook.com\/SonoraEE\/\",\"https:\/\/x.com\/sonoraenequipo\",\"https:\/\/www.youtube.com\/channel\/UC338nW-lPEYmJQs4ZABQ1SQ\"]},{\"@type\":\"Person\",\"@id\":\"https:\/\/www.sonoraenequipo.com.mx\/#\/schema\/person\/50102df0fb23a8fa9e8effad8fa81386\",\"name\":\"enequipo\",\"image\":{\"@type\":\"ImageObject\",\"inLanguage\":\"es\",\"@id\":\"https:\/\/www.sonoraenequipo.com.mx\/#\/schema\/person\/image\/\",\"url\":\"https:\/\/secure.gravatar.com\/avatar\/049821681b589dabc0bc20695993ccebb09f5b5d4d790cd9251b97faac7c652b?s=96&d=blank&r=g\",\"contentUrl\":\"https:\/\/secure.gravatar.com\/avatar\/049821681b589dabc0bc20695993ccebb09f5b5d4d790cd9251b97faac7c652b?s=96&d=blank&r=g\",\"caption\":\"enequipo\"},\"sameAs\":[\"https:\/\/www.facebook.com\/SonoraEE\"]}]}<\/script>\n ","yoast_head_json":{"title":"Sonora en Equipo. Jap\u00f3n reforzar\u00e1 los controles sanitarios en los aeropuertos ante el COVID-19 MUNDO","description":"TOKIO, JAP\u00d3N. \u2014 El primer ministro japon\u00e9s Yoshihide Suga prometi\u00f3 el lunes reforzar los controles sanitarios en los aeropuertos despu\u00e9s de que un En Sonora en Equipo publicamos toda la informaci\u00f3n de Sonora, M\u00e9xico y el Mundo de manera oportuna y busca que la libertad de expresi\u00f3n sea real. Visita nuestro medio informativo publicado desde Hermosillo, Sonora. %","robots":{"index":"index","follow":"follow","max-snippet":"max-snippet:-1","max-image-preview":"max-image-preview:large","max-video-preview":"max-video-preview:-1"},"canonical":"https:\/\/www.sonoraenequipo.com.mx\/japon-reforzara-los-controles-sanitarios-en-los-aeropuertos-ante-el-covid-19\/","og_locale":"es_ES","og_type":"article","og_title":"Sonora en Equipo. Jap\u00f3n reforzar\u00e1 los controles sanitarios en los aeropuertos ante el COVID-19 MUNDO","og_description":"TOKIO, JAP\u00d3N. \u2014 El primer ministro japon\u00e9s Yoshihide Suga prometi\u00f3 el lunes reforzar los controles sanitarios en los aeropuertos despu\u00e9s de que un En Sonora en Equipo publicamos toda la informaci\u00f3n de Sonora, M\u00e9xico y el Mundo de manera oportuna y busca que la libertad de expresi\u00f3n sea real. Visita nuestro medio informativo publicado desde Hermosillo, Sonora. %","og_url":"https:\/\/www.sonoraenequipo.com.mx\/japon-reforzara-los-controles-sanitarios-en-los-aeropuertos-ante-el-covid-19\/","og_site_name":"Sonora en Equipo.","article_publisher":"https:\/\/www.facebook.com\/SonoraEE\/","article_author":"https:\/\/www.facebook.com\/SonoraEE","article_published_time":"2021-06-29T17:31:23+00:00","article_modified_time":"2021-06-29T20:39:49+00:00","og_image":[{"width":700,"height":400,"url":"https:\/\/www.sonoraenequipo.com.mx\/storage\/2021\/06\/japon-covid19_opt.jpg","type":"image\/jpeg"}],"author":"enequipo","twitter_card":"summary_large_image","twitter_creator":"@sonoraenequipo","twitter_site":"@sonoraenequipo","twitter_misc":{"Escrito por":"enequipo","Tiempo de lectura":"2 minutos"},"schema":{"@context":"https:\/\/schema.org","@graph":[{"@type":"Article","@id":"https:\/\/www.sonoraenequipo.com.mx\/japon-reforzara-los-controles-sanitarios-en-los-aeropuertos-ante-el-covid-19\/#article","isPartOf":{"@id":"https:\/\/www.sonoraenequipo.com.mx\/japon-reforzara-los-controles-sanitarios-en-los-aeropuertos-ante-el-covid-19\/"},"author":{"name":"enequipo","@id":"https:\/\/www.sonoraenequipo.com.mx\/#\/schema\/person\/50102df0fb23a8fa9e8effad8fa81386"},"headline":"Jap\u00f3n reforzar\u00e1 los controles sanitarios en los aeropuertos ante el COVID-19","datePublished":"2021-06-29T17:31:23+00:00","dateModified":"2021-06-29T20:39:49+00:00","mainEntityOfPage":{"@id":"https:\/\/www.sonoraenequipo.com.mx\/japon-reforzara-los-controles-sanitarios-en-los-aeropuertos-ante-el-covid-19\/"},"wordCount":404,"commentCount":0,"publisher":{"@id":"https:\/\/www.sonoraenequipo.com.mx\/#organization"},"image":{"@id":"https:\/\/www.sonoraenequipo.com.mx\/japon-reforzara-los-controles-sanitarios-en-los-aeropuertos-ante-el-covid-19\/#primaryimage"},"thumbnailUrl":"https:\/\/www.sonoraenequipo.com.mx\/storage\/2021\/06\/japon-covid19_opt.jpg","articleSection":["MUNDO"],"inLanguage":"es","potentialAction":[{"@type":"CommentAction","name":"Comment","target":["https:\/\/www.sonoraenequipo.com.mx\/japon-reforzara-los-controles-sanitarios-en-los-aeropuertos-ante-el-covid-19\/#respond"]}]},{"@type":"WebPage","@id":"https:\/\/www.sonoraenequipo.com.mx\/japon-reforzara-los-controles-sanitarios-en-los-aeropuertos-ante-el-covid-19\/","url":"https:\/\/www.sonoraenequipo.com.mx\/japon-reforzara-los-controles-sanitarios-en-los-aeropuertos-ante-el-covid-19\/","name":"Sonora en Equipo. Jap\u00f3n reforzar\u00e1 los controles sanitarios en los aeropuertos ante el COVID-19 MUNDO","isPartOf":{"@id":"https:\/\/www.sonoraenequipo.com.mx\/#website"},"primaryImageOfPage":{"@id":"https:\/\/www.sonoraenequipo.com.mx\/japon-reforzara-los-controles-sanitarios-en-los-aeropuertos-ante-el-covid-19\/#primaryimage"},"image":{"@id":"https:\/\/www.sonoraenequipo.com.mx\/japon-reforzara-los-controles-sanitarios-en-los-aeropuertos-ante-el-covid-19\/#primaryimage"},"thumbnailUrl":"https:\/\/www.sonoraenequipo.com.mx\/storage\/2021\/06\/japon-covid19_opt.jpg","datePublished":"2021-06-29T17:31:23+00:00","dateModified":"2021-06-29T20:39:49+00:00","description":"TOKIO, JAP\u00d3N. \u2014 El primer ministro japon\u00e9s Yoshihide Suga prometi\u00f3 el lunes reforzar los controles sanitarios en los aeropuertos despu\u00e9s de que un En Sonora en Equipo publicamos toda la informaci\u00f3n de Sonora, M\u00e9xico y el Mundo de manera oportuna y busca que la libertad de expresi\u00f3n sea real. Visita nuestro medio informativo publicado desde Hermosillo, Sonora. %","breadcrumb":{"@id":"https:\/\/www.sonoraenequipo.com.mx\/japon-reforzara-los-controles-sanitarios-en-los-aeropuertos-ante-el-covid-19\/#breadcrumb"},"inLanguage":"es","potentialAction":[{"@type":"ReadAction","target":["https:\/\/www.sonoraenequipo.com.mx\/japon-reforzara-los-controles-sanitarios-en-los-aeropuertos-ante-el-covid-19\/"]}]},{"@type":"ImageObject","inLanguage":"es","@id":"https:\/\/www.sonoraenequipo.com.mx\/japon-reforzara-los-controles-sanitarios-en-los-aeropuertos-ante-el-covid-19\/#primaryimage","url":"https:\/\/www.sonoraenequipo.com.mx\/storage\/2021\/06\/japon-covid19_opt.jpg","contentUrl":"https:\/\/www.sonoraenequipo.com.mx\/storage\/2021\/06\/japon-covid19_opt.jpg","width":700,"height":400},{"@type":"BreadcrumbList","@id":"https:\/\/www.sonoraenequipo.com.mx\/japon-reforzara-los-controles-sanitarios-en-los-aeropuertos-ante-el-covid-19\/#breadcrumb","itemListElement":[{"@type":"ListItem","position":1,"name":"Portada","item":"https:\/\/www.sonoraenequipo.com.mx\/"},{"@type":"ListItem","position":2,"name":"Jap\u00f3n reforzar\u00e1 los controles sanitarios en los aeropuertos ante el COVID-19"}]},{"@type":"WebSite","@id":"https:\/\/www.sonoraenequipo.com.mx\/#website","url":"https:\/\/www.sonoraenequipo.com.mx\/","name":"Sonora en Equipo.","description":"Diario en l\u00ednea con Noticias desde Hermosillo, Sonora","publisher":{"@id":"https:\/\/www.sonoraenequipo.com.mx\/#organization"},"potentialAction":[{"@type":"SearchAction","target":{"@type":"EntryPoint","urlTemplate":"https:\/\/www.sonoraenequipo.com.mx\/?s={search_term_string}"},"query-input":{"@type":"PropertyValueSpecification","valueRequired":true,"valueName":"search_term_string"}}],"inLanguage":"es"},{"@type":"Organization","@id":"https:\/\/www.sonoraenequipo.com.mx\/#organization","name":"Sonoraenequipo.com.mx","url":"https:\/\/www.sonoraenequipo.com.mx\/","logo":{"@type":"ImageObject","inLanguage":"es","@id":"https:\/\/www.sonoraenequipo.com.mx\/#\/schema\/logo\/image\/","url":"https:\/\/www.sonoraenequipo.com.mx\/storage\/2019\/01\/sonoraenequipo_opt.png","contentUrl":"https:\/\/www.sonoraenequipo.com.mx\/storage\/2019\/01\/sonoraenequipo_opt.png","width":375,"height":125,"caption":"Sonoraenequipo.com.mx"},"image":{"@id":"https:\/\/www.sonoraenequipo.com.mx\/#\/schema\/logo\/image\/"},"sameAs":["https:\/\/www.facebook.com\/SonoraEE\/","https:\/\/x.com\/sonoraenequipo","https:\/\/www.youtube.com\/channel\/UC338nW-lPEYmJQs4ZABQ1SQ"]},{"@type":"Person","@id":"https:\/\/www.sonoraenequipo.com.mx\/#\/schema\/person\/50102df0fb23a8fa9e8effad8fa81386","name":"enequipo","image":{"@type":"ImageObject","inLanguage":"es","@id":"https:\/\/www.sonoraenequipo.com.mx\/#\/schema\/person\/image\/","url":"https:\/\/secure.gravatar.com\/avatar\/049821681b589dabc0bc20695993ccebb09f5b5d4d790cd9251b97faac7c652b?s=96&d=blank&r=g","contentUrl":"https:\/\/secure.gravatar.com\/avatar\/049821681b589dabc0bc20695993ccebb09f5b5d4d790cd9251b97faac7c652b?s=96&d=blank&r=g","caption":"enequipo"},"sameAs":["https:\/\/www.facebook.com\/SonoraEE"]}]}},"jetpack_featured_media_url":"https:\/\/www.sonoraenequipo.com.mx\/storage\/2021\/06\/japon-covid19_opt.jpg","_links":{"self":[{"href":"https:\/\/www.sonoraenequipo.com.mx\/api\/wp\/v2\/posts\/117424","targetHints":{"allow":["GET"]}}],"collection":[{"href":"https:\/\/www.sonoraenequipo.com.mx\/api\/wp\/v2\/posts"}],"about":[{"href":"https:\/\/www.sonoraenequipo.com.mx\/api\/wp\/v2\/types\/post"}],"author":[{"embeddable":true,"href":"https:\/\/www.sonoraenequipo.com.mx\/api\/wp\/v2\/users\/1"}],"replies":[{"embeddable":true,"href":"https:\/\/www.sonoraenequipo.com.mx\/api\/wp\/v2\/comments?post=117424"}],"version-history":[{"count":1,"href":"https:\/\/www.sonoraenequipo.com.mx\/api\/wp\/v2\/posts\/117424\/revisions"}],"predecessor-version":[{"id":117425,"href":"https:\/\/www.sonoraenequipo.com.mx\/api\/wp\/v2\/posts\/117424\/revisions\/117425"}],"wp:featuredmedia":[{"embeddable":true,"href":"https:\/\/www.sonoraenequipo.com.mx\/api\/wp\/v2\/media\/117393"}],"wp:attachment":[{"href":"https:\/\/www.sonoraenequipo.com.mx\/api\/wp\/v2\/media?parent=117424"}],"wp:term":[{"taxonomy":"category","embeddable":true,"href":"https:\/\/www.sonoraenequipo.com.mx\/api\/wp\/v2\/categories?post=117424"},{"taxonomy":"post_tag","embeddable":true,"href":"https:\/\/www.sonoraenequipo.com.mx\/api\/wp\/v2\/tags?post=117424"}],"curies":[{"name":"wp","href":"https:\/\/api.w.org\/{rel}","templated":true}]}}