{"id":117426,"date":"2021-06-29T11:20:22","date_gmt":"2021-06-29T18:20:22","guid":{"rendered":"https:\/\/www.sonoraenequipo.com.mx\/?p=117426"},"modified":"2021-06-29T13:54:15","modified_gmt":"2021-06-29T20:54:15","slug":"joe-biden-prepara-una-reunion-en-la-casa-blanca-con-el-nuevo-primer-ministro-israeli","status":"publish","type":"post","link":"https:\/\/www.sonoraenequipo.com.mx\/joe-biden-prepara-una-reunion-en-la-casa-blanca-con-el-nuevo-primer-ministro-israeli\/","title":{"rendered":"Joe Biden prepara una reuni\u00f3n en la Casa Blanca con el nuevo primer ministro israel\u00ed"},"content":{"rendered":"<p>WASHINGTON, ESTADOS UNIDOS. \u2014 El presidente estadounidense, Joe Biden, planea recibir \u00abpronto\u00bb en Washington al nuevo primer ministro israel\u00ed, Naftali Benet, para estrechar la relaci\u00f3n bilateral, asegur\u00f3 este lunes la portavoz de la Casa Blanca, Jen Psaki.<\/p>\n<p>&nbsp;<\/p>\n<p> <\/p>\n<p>&nbsp;<\/p>\n<p><em>\u00abEl presidente recibir\u00e1 pronto al primer ministro Benet. Estamos trabajando para concretar una fecha\u00bb,<\/em> dijo Psaki en su rueda de prensa diaria.<\/p>\n<p>&nbsp;<\/p>\n<p>La portavoz se pronunci\u00f3 as\u00ed pocas horas antes de que Biden se re\u00fana en la Casa Blanca con el presidente saliente de Israel, Reuven Rivlin, que ceder\u00e1 el poder el 9 de julio a Isaac Herzog.<\/p>\n<p>&nbsp;<\/p>\n<p>El encuentro de este lunes es una<em> \u00aboportunidad de destacar los profundos lazos y alianzas duraderas\u00bb<\/em> entre EUA e Israel, adem\u00e1s de permitir a Biden y Rivlin conversar sobre los \u00abdesaf\u00edos y oportunidades\u00bb que enfrenta Oriente Medio, subray\u00f3 Psaki.<\/p>\n<p>&nbsp;<\/p>\n<p>&nbsp;<\/p>\n<p>La presidencia es un cargo protocolario en Israel, ya que las decisiones ejecutivas radican en el Gobierno y el primer ministro.<\/p>\n<p>&nbsp;<\/p>\n<p>&nbsp;<\/p>\n<p>Consciente de ello, Biden felicit\u00f3 enseguida a Benet tras su elecci\u00f3n y convers\u00f3 con \u00e9l por tel\u00e9fono a mediados de junio, cuando ambos acordaron mantener consultas estrechas sobre todos los asuntos relacionados con la seguridad regional, incluido Ir\u00e1n.<\/p>\n<p>&nbsp;<\/p>\n<p>&nbsp;<\/p>\n<p>El primer contacto en persona entre ambas administraciones tuvo lugar este domingo en Roma, donde el nuevo ministro de Asuntos Exteriores de Israel, Yair Lapid, se encontr\u00f3 con el secretario de Estado de Estados Unidos, Antony Blinken.<\/p>\n<p>&nbsp;<\/p>\n<p>&nbsp;<\/p>\n<p>Lapid expres\u00f3 a Blinken sus <em>\u00abobjeciones\u00bb<\/em> a las negociaciones de Viena para salvar el pacto nuclear con Ir\u00e1n, al que Estados Unidos planea reintegrarse si llega a un acuerdo con Teher\u00e1n y el resto de pa\u00edses firmantes del acuerdo de 2015.<\/p>\n<p>&nbsp;<\/p>\n<p>&nbsp;<\/p>\n<p>Israel, que considera a Ir\u00e1n su archienemigo y una amenaza existencial, se opone a cualquier acercamiento con Teher\u00e1n y a que Estados Unidos\u00a0 \u2014 m\u00e1ximo aliado de los israel\u00edes \u2014\u00a0 vuelva al pacto nuclear del que el expresidente Donald Trump se retir\u00f3 en 2018.<\/p>\n<p>&nbsp;<\/p>\n<p>&nbsp;<\/p>\n<p>(Publicada el 29\/06\/2021)<\/p>\n","protected":false},"excerpt":{"rendered":"<p>WASHINGTON, ESTADOS UNIDOS. \u2014 El presidente estadounidense, Joe Biden, planea recibir \u00abpronto\u00bb en Washington al&#8230;<\/p>\n","protected":false},"author":1,"featured_media":117404,"comment_status":"open","ping_status":"open","sticky":false,"template":"","format":"standard","meta":{"_monsterinsights_skip_tracking":false,"_monsterinsights_sitenote_active":false,"_monsterinsights_sitenote_note":"","_monsterinsights_sitenote_category":0,"footnotes":""},"categories":[3],"tags":[],"class_list":["post"],"yoast_head":" \n<title>Sonora en Equipo. Joe Biden prepara una reuni\u00f3n en la Casa Blanca con el nuevo primer ministro israel\u00ed MUNDO<\/title>\n<meta name=\"description\" content=\"WASHINGTON, ESTADOS UNIDOS. \u2014 El presidente estadounidense, Joe Biden, planea recibir &quot;pronto&quot; en Washington al nuevo primer ministro israel\u00ed, Naftali En Sonora en Equipo publicamos toda la informaci\u00f3n de Sonora, M\u00e9xico y el Mundo de manera oportuna y busca que la libertad de expresi\u00f3n sea real. Visita nuestro medio informativo publicado desde Hermosillo, Sonora. %\" \/>\n<meta name=\"robots\" content=\"index, follow, max-snippet:-1, max-image-preview:large, max-video-preview:-1\" \/>\n<link rel=\"canonical\" href=\"https:\/\/www.sonoraenequipo.com.mx\/joe-biden-prepara-una-reunion-en-la-casa-blanca-con-el-nuevo-primer-ministro-israeli\/\" \/>\n<meta property=\"og:locale\" content=\"es_ES\" \/>\n<meta property=\"og:type\" content=\"article\" \/>\n<meta property=\"og:title\" content=\"Sonora en Equipo. Joe Biden prepara una reuni\u00f3n en la Casa Blanca con el nuevo primer ministro israel\u00ed MUNDO\" \/>\n<meta property=\"og:description\" content=\"WASHINGTON, ESTADOS UNIDOS. \u2014 El presidente estadounidense, Joe Biden, planea recibir &quot;pronto&quot; en Washington al nuevo primer ministro israel\u00ed, Naftali En Sonora en Equipo publicamos toda la informaci\u00f3n de Sonora, M\u00e9xico y el Mundo de manera oportuna y busca que la libertad de expresi\u00f3n sea real. Visita nuestro medio informativo publicado desde Hermosillo, Sonora. %\" \/>\n<meta property=\"og:url\" content=\"https:\/\/www.sonoraenequipo.com.mx\/joe-biden-prepara-una-reunion-en-la-casa-blanca-con-el-nuevo-primer-ministro-israeli\/\" \/>\n<meta property=\"og:site_name\" content=\"Sonora en Equipo.\" \/>\n<meta property=\"article:publisher\" content=\"https:\/\/www.facebook.com\/SonoraEE\/\" \/>\n<meta property=\"article:author\" content=\"https:\/\/www.facebook.com\/SonoraEE\" \/>\n<meta property=\"article:published_time\" content=\"2021-06-29T18:20:22+00:00\" \/>\n<meta property=\"article:modified_time\" content=\"2021-06-29T20:54:15+00:00\" \/>\n<meta property=\"og:image\" content=\"https:\/\/www.sonoraenequipo.com.mx\/storage\/2021\/06\/biden-reunion-con-lider-israeli_opt.jpg\" \/>\n\t<meta property=\"og:image:width\" content=\"700\" \/>\n\t<meta property=\"og:image:height\" content=\"400\" \/>\n\t<meta property=\"og:image:type\" content=\"image\/jpeg\" \/>\n<meta name=\"author\" content=\"enequipo\" \/>\n<meta name=\"twitter:card\" content=\"summary_large_image\" \/>\n<meta name=\"twitter:creator\" content=\"@sonoraenequipo\" \/>\n<meta name=\"twitter:site\" content=\"@sonoraenequipo\" \/>\n<meta name=\"twitter:label1\" content=\"Escrito por\" \/>\n\t<meta name=\"twitter:data1\" content=\"enequipo\" \/>\n\t<meta name=\"twitter:label2\" content=\"Tiempo de lectura\" \/>\n\t<meta name=\"twitter:data2\" content=\"2 minutos\" \/>\n<script type=\"application\/ld+json\" class=\"yoast-schema-graph\">{\"@context\":\"https:\/\/schema.org\",\"@graph\":[{\"@type\":\"Article\",\"@id\":\"https:\/\/www.sonoraenequipo.com.mx\/joe-biden-prepara-una-reunion-en-la-casa-blanca-con-el-nuevo-primer-ministro-israeli\/#article\",\"isPartOf\":{\"@id\":\"https:\/\/www.sonoraenequipo.com.mx\/joe-biden-prepara-una-reunion-en-la-casa-blanca-con-el-nuevo-primer-ministro-israeli\/\"},\"author\":{\"name\":\"enequipo\",\"@id\":\"https:\/\/www.sonoraenequipo.com.mx\/#\/schema\/person\/50102df0fb23a8fa9e8effad8fa81386\"},\"headline\":\"Joe Biden prepara una reuni\u00f3n en la Casa Blanca con el nuevo primer ministro israel\u00ed\",\"datePublished\":\"2021-06-29T18:20:22+00:00\",\"dateModified\":\"2021-06-29T20:54:15+00:00\",\"mainEntityOfPage\":{\"@id\":\"https:\/\/www.sonoraenequipo.com.mx\/joe-biden-prepara-una-reunion-en-la-casa-blanca-con-el-nuevo-primer-ministro-israeli\/\"},\"wordCount\":357,\"commentCount\":0,\"publisher\":{\"@id\":\"https:\/\/www.sonoraenequipo.com.mx\/#organization\"},\"image\":{\"@id\":\"https:\/\/www.sonoraenequipo.com.mx\/joe-biden-prepara-una-reunion-en-la-casa-blanca-con-el-nuevo-primer-ministro-israeli\/#primaryimage\"},\"thumbnailUrl\":\"https:\/\/www.sonoraenequipo.com.mx\/storage\/2021\/06\/biden-reunion-con-lider-israeli_opt.jpg\",\"articleSection\":[\"MUNDO\"],\"inLanguage\":\"es\",\"potentialAction\":[{\"@type\":\"CommentAction\",\"name\":\"Comment\",\"target\":[\"https:\/\/www.sonoraenequipo.com.mx\/joe-biden-prepara-una-reunion-en-la-casa-blanca-con-el-nuevo-primer-ministro-israeli\/#respond\"]}]},{\"@type\":\"WebPage\",\"@id\":\"https:\/\/www.sonoraenequipo.com.mx\/joe-biden-prepara-una-reunion-en-la-casa-blanca-con-el-nuevo-primer-ministro-israeli\/\",\"url\":\"https:\/\/www.sonoraenequipo.com.mx\/joe-biden-prepara-una-reunion-en-la-casa-blanca-con-el-nuevo-primer-ministro-israeli\/\",\"name\":\"Sonora en Equipo. Joe Biden prepara una reuni\u00f3n en la Casa Blanca con el nuevo primer ministro israel\u00ed MUNDO\",\"isPartOf\":{\"@id\":\"https:\/\/www.sonoraenequipo.com.mx\/#website\"},\"primaryImageOfPage\":{\"@id\":\"https:\/\/www.sonoraenequipo.com.mx\/joe-biden-prepara-una-reunion-en-la-casa-blanca-con-el-nuevo-primer-ministro-israeli\/#primaryimage\"},\"image\":{\"@id\":\"https:\/\/www.sonoraenequipo.com.mx\/joe-biden-prepara-una-reunion-en-la-casa-blanca-con-el-nuevo-primer-ministro-israeli\/#primaryimage\"},\"thumbnailUrl\":\"https:\/\/www.sonoraenequipo.com.mx\/storage\/2021\/06\/biden-reunion-con-lider-israeli_opt.jpg\",\"datePublished\":\"2021-06-29T18:20:22+00:00\",\"dateModified\":\"2021-06-29T20:54:15+00:00\",\"description\":\"WASHINGTON, ESTADOS UNIDOS. \u2014 El presidente estadounidense, Joe Biden, planea recibir \\\"pronto\\\" en Washington al nuevo primer ministro israel\u00ed, Naftali En Sonora en Equipo publicamos toda la informaci\u00f3n de Sonora, M\u00e9xico y el Mundo de manera oportuna y busca que la libertad de expresi\u00f3n sea real. Visita nuestro medio informativo publicado desde Hermosillo, Sonora. %\",\"breadcrumb\":{\"@id\":\"https:\/\/www.sonoraenequipo.com.mx\/joe-biden-prepara-una-reunion-en-la-casa-blanca-con-el-nuevo-primer-ministro-israeli\/#breadcrumb\"},\"inLanguage\":\"es\",\"potentialAction\":[{\"@type\":\"ReadAction\",\"target\":[\"https:\/\/www.sonoraenequipo.com.mx\/joe-biden-prepara-una-reunion-en-la-casa-blanca-con-el-nuevo-primer-ministro-israeli\/\"]}]},{\"@type\":\"ImageObject\",\"inLanguage\":\"es\",\"@id\":\"https:\/\/www.sonoraenequipo.com.mx\/joe-biden-prepara-una-reunion-en-la-casa-blanca-con-el-nuevo-primer-ministro-israeli\/#primaryimage\",\"url\":\"https:\/\/www.sonoraenequipo.com.mx\/storage\/2021\/06\/biden-reunion-con-lider-israeli_opt.jpg\",\"contentUrl\":\"https:\/\/www.sonoraenequipo.com.mx\/storage\/2021\/06\/biden-reunion-con-lider-israeli_opt.jpg\",\"width\":700,\"height\":400},{\"@type\":\"BreadcrumbList\",\"@id\":\"https:\/\/www.sonoraenequipo.com.mx\/joe-biden-prepara-una-reunion-en-la-casa-blanca-con-el-nuevo-primer-ministro-israeli\/#breadcrumb\",\"itemListElement\":[{\"@type\":\"ListItem\",\"position\":1,\"name\":\"Portada\",\"item\":\"https:\/\/www.sonoraenequipo.com.mx\/\"},{\"@type\":\"ListItem\",\"position\":2,\"name\":\"Joe Biden prepara una reuni\u00f3n en la Casa Blanca con el nuevo primer ministro israel\u00ed\"}]},{\"@type\":\"WebSite\",\"@id\":\"https:\/\/www.sonoraenequipo.com.mx\/#website\",\"url\":\"https:\/\/www.sonoraenequipo.com.mx\/\",\"name\":\"Sonora en Equipo.\",\"description\":\"Diario en l\u00ednea con Noticias desde Hermosillo, Sonora\",\"publisher\":{\"@id\":\"https:\/\/www.sonoraenequipo.com.mx\/#organization\"},\"potentialAction\":[{\"@type\":\"SearchAction\",\"target\":{\"@type\":\"EntryPoint\",\"urlTemplate\":\"https:\/\/www.sonoraenequipo.com.mx\/?s={search_term_string}\"},\"query-input\":{\"@type\":\"PropertyValueSpecification\",\"valueRequired\":true,\"valueName\":\"search_term_string\"}}],\"inLanguage\":\"es\"},{\"@type\":\"Organization\",\"@id\":\"https:\/\/www.sonoraenequipo.com.mx\/#organization\",\"name\":\"Sonoraenequipo.com.mx\",\"url\":\"https:\/\/www.sonoraenequipo.com.mx\/\",\"logo\":{\"@type\":\"ImageObject\",\"inLanguage\":\"es\",\"@id\":\"https:\/\/www.sonoraenequipo.com.mx\/#\/schema\/logo\/image\/\",\"url\":\"https:\/\/www.sonoraenequipo.com.mx\/storage\/2019\/01\/sonoraenequipo_opt.png\",\"contentUrl\":\"https:\/\/www.sonoraenequipo.com.mx\/storage\/2019\/01\/sonoraenequipo_opt.png\",\"width\":375,\"height\":125,\"caption\":\"Sonoraenequipo.com.mx\"},\"image\":{\"@id\":\"https:\/\/www.sonoraenequipo.com.mx\/#\/schema\/logo\/image\/\"},\"sameAs\":[\"https:\/\/www.facebook.com\/SonoraEE\/\",\"https:\/\/x.com\/sonoraenequipo\",\"https:\/\/www.youtube.com\/channel\/UC338nW-lPEYmJQs4ZABQ1SQ\"]},{\"@type\":\"Person\",\"@id\":\"https:\/\/www.sonoraenequipo.com.mx\/#\/schema\/person\/50102df0fb23a8fa9e8effad8fa81386\",\"name\":\"enequipo\",\"image\":{\"@type\":\"ImageObject\",\"inLanguage\":\"es\",\"@id\":\"https:\/\/www.sonoraenequipo.com.mx\/#\/schema\/person\/image\/\",\"url\":\"https:\/\/secure.gravatar.com\/avatar\/049821681b589dabc0bc20695993ccebb09f5b5d4d790cd9251b97faac7c652b?s=96&d=blank&r=g\",\"contentUrl\":\"https:\/\/secure.gravatar.com\/avatar\/049821681b589dabc0bc20695993ccebb09f5b5d4d790cd9251b97faac7c652b?s=96&d=blank&r=g\",\"caption\":\"enequipo\"},\"sameAs\":[\"https:\/\/www.facebook.com\/SonoraEE\"]}]}<\/script>\n ","yoast_head_json":{"title":"Sonora en Equipo. Joe Biden prepara una reuni\u00f3n en la Casa Blanca con el nuevo primer ministro israel\u00ed MUNDO","description":"WASHINGTON, ESTADOS UNIDOS. \u2014 El presidente estadounidense, Joe Biden, planea recibir \"pronto\" en Washington al nuevo primer ministro israel\u00ed, Naftali En Sonora en Equipo publicamos toda la informaci\u00f3n de Sonora, M\u00e9xico y el Mundo de manera oportuna y busca que la libertad de expresi\u00f3n sea real. Visita nuestro medio informativo publicado desde Hermosillo, Sonora. %","robots":{"index":"index","follow":"follow","max-snippet":"max-snippet:-1","max-image-preview":"max-image-preview:large","max-video-preview":"max-video-preview:-1"},"canonical":"https:\/\/www.sonoraenequipo.com.mx\/joe-biden-prepara-una-reunion-en-la-casa-blanca-con-el-nuevo-primer-ministro-israeli\/","og_locale":"es_ES","og_type":"article","og_title":"Sonora en Equipo. Joe Biden prepara una reuni\u00f3n en la Casa Blanca con el nuevo primer ministro israel\u00ed MUNDO","og_description":"WASHINGTON, ESTADOS UNIDOS. \u2014 El presidente estadounidense, Joe Biden, planea recibir \"pronto\" en Washington al nuevo primer ministro israel\u00ed, Naftali En Sonora en Equipo publicamos toda la informaci\u00f3n de Sonora, M\u00e9xico y el Mundo de manera oportuna y busca que la libertad de expresi\u00f3n sea real. Visita nuestro medio informativo publicado desde Hermosillo, Sonora. %","og_url":"https:\/\/www.sonoraenequipo.com.mx\/joe-biden-prepara-una-reunion-en-la-casa-blanca-con-el-nuevo-primer-ministro-israeli\/","og_site_name":"Sonora en Equipo.","article_publisher":"https:\/\/www.facebook.com\/SonoraEE\/","article_author":"https:\/\/www.facebook.com\/SonoraEE","article_published_time":"2021-06-29T18:20:22+00:00","article_modified_time":"2021-06-29T20:54:15+00:00","og_image":[{"width":700,"height":400,"url":"https:\/\/www.sonoraenequipo.com.mx\/storage\/2021\/06\/biden-reunion-con-lider-israeli_opt.jpg","type":"image\/jpeg"}],"author":"enequipo","twitter_card":"summary_large_image","twitter_creator":"@sonoraenequipo","twitter_site":"@sonoraenequipo","twitter_misc":{"Escrito por":"enequipo","Tiempo de lectura":"2 minutos"},"schema":{"@context":"https:\/\/schema.org","@graph":[{"@type":"Article","@id":"https:\/\/www.sonoraenequipo.com.mx\/joe-biden-prepara-una-reunion-en-la-casa-blanca-con-el-nuevo-primer-ministro-israeli\/#article","isPartOf":{"@id":"https:\/\/www.sonoraenequipo.com.mx\/joe-biden-prepara-una-reunion-en-la-casa-blanca-con-el-nuevo-primer-ministro-israeli\/"},"author":{"name":"enequipo","@id":"https:\/\/www.sonoraenequipo.com.mx\/#\/schema\/person\/50102df0fb23a8fa9e8effad8fa81386"},"headline":"Joe Biden prepara una reuni\u00f3n en la Casa Blanca con el nuevo primer ministro israel\u00ed","datePublished":"2021-06-29T18:20:22+00:00","dateModified":"2021-06-29T20:54:15+00:00","mainEntityOfPage":{"@id":"https:\/\/www.sonoraenequipo.com.mx\/joe-biden-prepara-una-reunion-en-la-casa-blanca-con-el-nuevo-primer-ministro-israeli\/"},"wordCount":357,"commentCount":0,"publisher":{"@id":"https:\/\/www.sonoraenequipo.com.mx\/#organization"},"image":{"@id":"https:\/\/www.sonoraenequipo.com.mx\/joe-biden-prepara-una-reunion-en-la-casa-blanca-con-el-nuevo-primer-ministro-israeli\/#primaryimage"},"thumbnailUrl":"https:\/\/www.sonoraenequipo.com.mx\/storage\/2021\/06\/biden-reunion-con-lider-israeli_opt.jpg","articleSection":["MUNDO"],"inLanguage":"es","potentialAction":[{"@type":"CommentAction","name":"Comment","target":["https:\/\/www.sonoraenequipo.com.mx\/joe-biden-prepara-una-reunion-en-la-casa-blanca-con-el-nuevo-primer-ministro-israeli\/#respond"]}]},{"@type":"WebPage","@id":"https:\/\/www.sonoraenequipo.com.mx\/joe-biden-prepara-una-reunion-en-la-casa-blanca-con-el-nuevo-primer-ministro-israeli\/","url":"https:\/\/www.sonoraenequipo.com.mx\/joe-biden-prepara-una-reunion-en-la-casa-blanca-con-el-nuevo-primer-ministro-israeli\/","name":"Sonora en Equipo. Joe Biden prepara una reuni\u00f3n en la Casa Blanca con el nuevo primer ministro israel\u00ed MUNDO","isPartOf":{"@id":"https:\/\/www.sonoraenequipo.com.mx\/#website"},"primaryImageOfPage":{"@id":"https:\/\/www.sonoraenequipo.com.mx\/joe-biden-prepara-una-reunion-en-la-casa-blanca-con-el-nuevo-primer-ministro-israeli\/#primaryimage"},"image":{"@id":"https:\/\/www.sonoraenequipo.com.mx\/joe-biden-prepara-una-reunion-en-la-casa-blanca-con-el-nuevo-primer-ministro-israeli\/#primaryimage"},"thumbnailUrl":"https:\/\/www.sonoraenequipo.com.mx\/storage\/2021\/06\/biden-reunion-con-lider-israeli_opt.jpg","datePublished":"2021-06-29T18:20:22+00:00","dateModified":"2021-06-29T20:54:15+00:00","description":"WASHINGTON, ESTADOS UNIDOS. \u2014 El presidente estadounidense, Joe Biden, planea recibir \"pronto\" en Washington al nuevo primer ministro israel\u00ed, Naftali En Sonora en Equipo publicamos toda la informaci\u00f3n de Sonora, M\u00e9xico y el Mundo de manera oportuna y busca que la libertad de expresi\u00f3n sea real. Visita nuestro medio informativo publicado desde Hermosillo, Sonora. %","breadcrumb":{"@id":"https:\/\/www.sonoraenequipo.com.mx\/joe-biden-prepara-una-reunion-en-la-casa-blanca-con-el-nuevo-primer-ministro-israeli\/#breadcrumb"},"inLanguage":"es","potentialAction":[{"@type":"ReadAction","target":["https:\/\/www.sonoraenequipo.com.mx\/joe-biden-prepara-una-reunion-en-la-casa-blanca-con-el-nuevo-primer-ministro-israeli\/"]}]},{"@type":"ImageObject","inLanguage":"es","@id":"https:\/\/www.sonoraenequipo.com.mx\/joe-biden-prepara-una-reunion-en-la-casa-blanca-con-el-nuevo-primer-ministro-israeli\/#primaryimage","url":"https:\/\/www.sonoraenequipo.com.mx\/storage\/2021\/06\/biden-reunion-con-lider-israeli_opt.jpg","contentUrl":"https:\/\/www.sonoraenequipo.com.mx\/storage\/2021\/06\/biden-reunion-con-lider-israeli_opt.jpg","width":700,"height":400},{"@type":"BreadcrumbList","@id":"https:\/\/www.sonoraenequipo.com.mx\/joe-biden-prepara-una-reunion-en-la-casa-blanca-con-el-nuevo-primer-ministro-israeli\/#breadcrumb","itemListElement":[{"@type":"ListItem","position":1,"name":"Portada","item":"https:\/\/www.sonoraenequipo.com.mx\/"},{"@type":"ListItem","position":2,"name":"Joe Biden prepara una reuni\u00f3n en la Casa Blanca con el nuevo primer ministro israel\u00ed"}]},{"@type":"WebSite","@id":"https:\/\/www.sonoraenequipo.com.mx\/#website","url":"https:\/\/www.sonoraenequipo.com.mx\/","name":"Sonora en Equipo.","description":"Diario en l\u00ednea con Noticias desde Hermosillo, Sonora","publisher":{"@id":"https:\/\/www.sonoraenequipo.com.mx\/#organization"},"potentialAction":[{"@type":"SearchAction","target":{"@type":"EntryPoint","urlTemplate":"https:\/\/www.sonoraenequipo.com.mx\/?s={search_term_string}"},"query-input":{"@type":"PropertyValueSpecification","valueRequired":true,"valueName":"search_term_string"}}],"inLanguage":"es"},{"@type":"Organization","@id":"https:\/\/www.sonoraenequipo.com.mx\/#organization","name":"Sonoraenequipo.com.mx","url":"https:\/\/www.sonoraenequipo.com.mx\/","logo":{"@type":"ImageObject","inLanguage":"es","@id":"https:\/\/www.sonoraenequipo.com.mx\/#\/schema\/logo\/image\/","url":"https:\/\/www.sonoraenequipo.com.mx\/storage\/2019\/01\/sonoraenequipo_opt.png","contentUrl":"https:\/\/www.sonoraenequipo.com.mx\/storage\/2019\/01\/sonoraenequipo_opt.png","width":375,"height":125,"caption":"Sonoraenequipo.com.mx"},"image":{"@id":"https:\/\/www.sonoraenequipo.com.mx\/#\/schema\/logo\/image\/"},"sameAs":["https:\/\/www.facebook.com\/SonoraEE\/","https:\/\/x.com\/sonoraenequipo","https:\/\/www.youtube.com\/channel\/UC338nW-lPEYmJQs4ZABQ1SQ"]},{"@type":"Person","@id":"https:\/\/www.sonoraenequipo.com.mx\/#\/schema\/person\/50102df0fb23a8fa9e8effad8fa81386","name":"enequipo","image":{"@type":"ImageObject","inLanguage":"es","@id":"https:\/\/www.sonoraenequipo.com.mx\/#\/schema\/person\/image\/","url":"https:\/\/secure.gravatar.com\/avatar\/049821681b589dabc0bc20695993ccebb09f5b5d4d790cd9251b97faac7c652b?s=96&d=blank&r=g","contentUrl":"https:\/\/secure.gravatar.com\/avatar\/049821681b589dabc0bc20695993ccebb09f5b5d4d790cd9251b97faac7c652b?s=96&d=blank&r=g","caption":"enequipo"},"sameAs":["https:\/\/www.facebook.com\/SonoraEE"]}]}},"jetpack_featured_media_url":"https:\/\/www.sonoraenequipo.com.mx\/storage\/2021\/06\/biden-reunion-con-lider-israeli_opt.jpg","_links":{"self":[{"href":"https:\/\/www.sonoraenequipo.com.mx\/api\/wp\/v2\/posts\/117426","targetHints":{"allow":["GET"]}}],"collection":[{"href":"https:\/\/www.sonoraenequipo.com.mx\/api\/wp\/v2\/posts"}],"about":[{"href":"https:\/\/www.sonoraenequipo.com.mx\/api\/wp\/v2\/types\/post"}],"author":[{"embeddable":true,"href":"https:\/\/www.sonoraenequipo.com.mx\/api\/wp\/v2\/users\/1"}],"replies":[{"embeddable":true,"href":"https:\/\/www.sonoraenequipo.com.mx\/api\/wp\/v2\/comments?post=117426"}],"version-history":[{"count":3,"href":"https:\/\/www.sonoraenequipo.com.mx\/api\/wp\/v2\/posts\/117426\/revisions"}],"predecessor-version":[{"id":117429,"href":"https:\/\/www.sonoraenequipo.com.mx\/api\/wp\/v2\/posts\/117426\/revisions\/117429"}],"wp:featuredmedia":[{"embeddable":true,"href":"https:\/\/www.sonoraenequipo.com.mx\/api\/wp\/v2\/media\/117404"}],"wp:attachment":[{"href":"https:\/\/www.sonoraenequipo.com.mx\/api\/wp\/v2\/media?parent=117426"}],"wp:term":[{"taxonomy":"category","embeddable":true,"href":"https:\/\/www.sonoraenequipo.com.mx\/api\/wp\/v2\/categories?post=117426"},{"taxonomy":"post_tag","embeddable":true,"href":"https:\/\/www.sonoraenequipo.com.mx\/api\/wp\/v2\/tags?post=117426"}],"curies":[{"name":"wp","href":"https:\/\/api.w.org\/{rel}","templated":true}]}}