{"id":117430,"date":"2021-06-29T08:28:29","date_gmt":"2021-06-29T15:28:29","guid":{"rendered":"https:\/\/www.sonoraenequipo.com.mx\/?p=117430"},"modified":"2021-06-29T16:22:30","modified_gmt":"2021-06-29T23:22:30","slug":"presidente-reafirma-compromiso-de-garantizar-abasto-de-medicamentos-oncologicos-y-derecho-del-pueblo-a-la-salud","status":"publish","type":"post","link":"https:\/\/www.sonoraenequipo.com.mx\/presidente-reafirma-compromiso-de-garantizar-abasto-de-medicamentos-oncologicos-y-derecho-del-pueblo-a-la-salud\/","title":{"rendered":"Presidente reafirma compromiso de garantizar abasto de medicamentos oncol\u00f3gicos y derecho del pueblo a la salud"},"content":{"rendered":"<p>CIUDAD DE M\u00c9XICO.MX. \u2014 El presidente Andr\u00e9s Manuel L\u00f3pez Obrador asegur\u00f3 que se est\u00e1 regularizando el abasto de medicamentos <em>\u201ccada vez mejor y para bien del derechohabiente y de los mexicanos en general, tengan seguro o no tengan seguro, porque se va a garantizar el derecho a la salud\u201d.<\/em><\/p>\n<p>&nbsp;<\/p>\n<p> <\/p>\n<p>&nbsp;<\/p>\n<p>En conferencia de prensa matutina adelant\u00f3 que la pr\u00f3xima semana presentar\u00e1 un informe de las compras consolidadas que se realizan en el exterior del pa\u00eds con el acompa\u00f1amiento de la Oficina de las Naciones Unidas de Servicios para Proyectos.<\/p>\n<p>&nbsp;<\/p>\n<p><em>\u201cEl derecho a la salud debe de garantizarse m\u00e1s all\u00e1 de las diferencias pol\u00edticas, ideol\u00f3gicas, de las naciones y de los gobiernos. Es un derecho universal\u201d,<\/em> enfatiz\u00f3.<\/p>\n<p>&nbsp;<\/p>\n<p>El jefe del Ejecutivo se comprometi\u00f3 con las madres y padres de ni\u00f1as y ni\u00f1os con c\u00e1ncer a asegurar el abasto en el pa\u00eds <em>\u201cenfrentando todos los obst\u00e1culos. Vamos a cumplir; estamos haciendo gestiones especiales\u201d.<\/em><\/p>\n<p>&nbsp;<\/p>\n<p>Como parte de las gestiones, la embajadora de M\u00e9xico en Jap\u00f3n, Melba Mar\u00eda Pr\u00eda Olavarrieta, logr\u00f3 que un laboratorio elabore uno de los medicamentos que se requieren en M\u00e9xico para el tratamiento de c\u00e1ncer infantil.<\/p>\n<p>&nbsp;<\/p>\n<p><em>\u201cLa Secretar\u00eda de Relaciones Exteriores, la Secretar\u00eda de Hacienda, la Secretar\u00eda de Salud, estamos en eso y vamos a seguir, es nuestra responsabilidad\u201d<\/em>, apunt\u00f3.<\/p>\n<p>&nbsp;<\/p>\n<p>Participaron en el di\u00e1logo con representantes de los medios de comunicaci\u00f3n, la secretaria de Seguridad y Protecci\u00f3n Ciudadana, Rosa Icela Rodr\u00edguez y los secretarios de Salud, Jorge Alcocer Varela; de la Defensa Nacional, Luis Cresencio Sandoval y de Marina, Jos\u00e9 Rafael Ojeda Dur\u00e1n, as\u00ed como el subsecretario de Prevenci\u00f3n y Promoci\u00f3n de la Salud, Hugo L\u00f3pez-Gatell Ram\u00edrez.<\/p>\n<p>&nbsp;<\/p>\n<p>&nbsp;<\/p>\n<p>(Publicada el 29\/06\/2021)<\/p>\n","protected":false},"excerpt":{"rendered":"<p>CIUDAD DE M\u00c9XICO.MX. \u2014 El presidente Andr\u00e9s Manuel L\u00f3pez Obrador asegur\u00f3 que se est\u00e1 regularizando&#8230;<\/p>\n","protected":false},"author":1,"featured_media":117431,"comment_status":"open","ping_status":"open","sticky":false,"template":"","format":"standard","meta":{"_monsterinsights_skip_tracking":false,"_monsterinsights_sitenote_active":false,"_monsterinsights_sitenote_note":"","_monsterinsights_sitenote_category":0,"footnotes":""},"categories":[5],"tags":[],"class_list":["post"],"yoast_head":" \n<title>Sonora en Equipo. Presidente reafirma compromiso de garantizar abasto de medicamentos oncol\u00f3gicos y derecho del pueblo a la salud Rep\u00fablica<\/title>\n<meta name=\"description\" content=\"CIUDAD DE M\u00c9XICO.MX. \u2014 El presidente Andr\u00e9s Manuel L\u00f3pez Obrador asegur\u00f3 que se est\u00e1 regularizando el abasto de medicamentos \u201ccada vez mejor y para bien En Sonora en Equipo publicamos toda la informaci\u00f3n de Sonora, M\u00e9xico y el Mundo de manera oportuna y busca que la libertad de expresi\u00f3n sea real. Visita nuestro medio informativo publicado desde Hermosillo, Sonora. %\" \/>\n<meta name=\"robots\" content=\"index, follow, max-snippet:-1, max-image-preview:large, max-video-preview:-1\" \/>\n<link rel=\"canonical\" href=\"https:\/\/www.sonoraenequipo.com.mx\/presidente-reafirma-compromiso-de-garantizar-abasto-de-medicamentos-oncologicos-y-derecho-del-pueblo-a-la-salud\/\" \/>\n<meta property=\"og:locale\" content=\"es_ES\" \/>\n<meta property=\"og:type\" content=\"article\" \/>\n<meta property=\"og:title\" content=\"Sonora en Equipo. Presidente reafirma compromiso de garantizar abasto de medicamentos oncol\u00f3gicos y derecho del pueblo a la salud Rep\u00fablica\" \/>\n<meta property=\"og:description\" content=\"CIUDAD DE M\u00c9XICO.MX. \u2014 El presidente Andr\u00e9s Manuel L\u00f3pez Obrador asegur\u00f3 que se est\u00e1 regularizando el abasto de medicamentos \u201ccada vez mejor y para bien En Sonora en Equipo publicamos toda la informaci\u00f3n de Sonora, M\u00e9xico y el Mundo de manera oportuna y busca que la libertad de expresi\u00f3n sea real. Visita nuestro medio informativo publicado desde Hermosillo, Sonora. %\" \/>\n<meta property=\"og:url\" content=\"https:\/\/www.sonoraenequipo.com.mx\/presidente-reafirma-compromiso-de-garantizar-abasto-de-medicamentos-oncologicos-y-derecho-del-pueblo-a-la-salud\/\" \/>\n<meta property=\"og:site_name\" content=\"Sonora en Equipo.\" \/>\n<meta property=\"article:publisher\" content=\"https:\/\/www.facebook.com\/SonoraEE\/\" \/>\n<meta property=\"article:author\" content=\"https:\/\/www.facebook.com\/SonoraEE\" \/>\n<meta property=\"article:published_time\" content=\"2021-06-29T15:28:29+00:00\" \/>\n<meta property=\"article:modified_time\" content=\"2021-06-29T23:22:30+00:00\" \/>\n<meta property=\"og:image\" content=\"https:\/\/www.sonoraenequipo.com.mx\/storage\/2021\/06\/conferencia-de-prensa-2906_opt.jpg\" \/>\n\t<meta property=\"og:image:width\" content=\"700\" \/>\n\t<meta property=\"og:image:height\" content=\"400\" \/>\n\t<meta property=\"og:image:type\" content=\"image\/jpeg\" \/>\n<meta name=\"author\" content=\"enequipo\" \/>\n<meta name=\"twitter:card\" content=\"summary_large_image\" \/>\n<meta name=\"twitter:creator\" content=\"@sonoraenequipo\" \/>\n<meta name=\"twitter:site\" content=\"@sonoraenequipo\" \/>\n<meta name=\"twitter:label1\" content=\"Escrito por\" \/>\n\t<meta name=\"twitter:data1\" content=\"enequipo\" \/>\n\t<meta name=\"twitter:label2\" content=\"Tiempo de lectura\" \/>\n\t<meta name=\"twitter:data2\" content=\"2 minutos\" \/>\n<script type=\"application\/ld+json\" class=\"yoast-schema-graph\">{\"@context\":\"https:\/\/schema.org\",\"@graph\":[{\"@type\":\"Article\",\"@id\":\"https:\/\/www.sonoraenequipo.com.mx\/presidente-reafirma-compromiso-de-garantizar-abasto-de-medicamentos-oncologicos-y-derecho-del-pueblo-a-la-salud\/#article\",\"isPartOf\":{\"@id\":\"https:\/\/www.sonoraenequipo.com.mx\/presidente-reafirma-compromiso-de-garantizar-abasto-de-medicamentos-oncologicos-y-derecho-del-pueblo-a-la-salud\/\"},\"author\":{\"name\":\"enequipo\",\"@id\":\"https:\/\/www.sonoraenequipo.com.mx\/#\/schema\/person\/50102df0fb23a8fa9e8effad8fa81386\"},\"headline\":\"Presidente reafirma compromiso de garantizar abasto de medicamentos oncol\u00f3gicos y derecho del pueblo a la salud\",\"datePublished\":\"2021-06-29T15:28:29+00:00\",\"dateModified\":\"2021-06-29T23:22:30+00:00\",\"mainEntityOfPage\":{\"@id\":\"https:\/\/www.sonoraenequipo.com.mx\/presidente-reafirma-compromiso-de-garantizar-abasto-de-medicamentos-oncologicos-y-derecho-del-pueblo-a-la-salud\/\"},\"wordCount\":326,\"commentCount\":0,\"publisher\":{\"@id\":\"https:\/\/www.sonoraenequipo.com.mx\/#organization\"},\"image\":{\"@id\":\"https:\/\/www.sonoraenequipo.com.mx\/presidente-reafirma-compromiso-de-garantizar-abasto-de-medicamentos-oncologicos-y-derecho-del-pueblo-a-la-salud\/#primaryimage\"},\"thumbnailUrl\":\"https:\/\/www.sonoraenequipo.com.mx\/storage\/2021\/06\/conferencia-de-prensa-2906_opt.jpg\",\"articleSection\":[\"Rep\u00fablica\"],\"inLanguage\":\"es\",\"potentialAction\":[{\"@type\":\"CommentAction\",\"name\":\"Comment\",\"target\":[\"https:\/\/www.sonoraenequipo.com.mx\/presidente-reafirma-compromiso-de-garantizar-abasto-de-medicamentos-oncologicos-y-derecho-del-pueblo-a-la-salud\/#respond\"]}]},{\"@type\":\"WebPage\",\"@id\":\"https:\/\/www.sonoraenequipo.com.mx\/presidente-reafirma-compromiso-de-garantizar-abasto-de-medicamentos-oncologicos-y-derecho-del-pueblo-a-la-salud\/\",\"url\":\"https:\/\/www.sonoraenequipo.com.mx\/presidente-reafirma-compromiso-de-garantizar-abasto-de-medicamentos-oncologicos-y-derecho-del-pueblo-a-la-salud\/\",\"name\":\"Sonora en Equipo. Presidente reafirma compromiso de garantizar abasto de medicamentos oncol\u00f3gicos y derecho del pueblo a la salud Rep\u00fablica\",\"isPartOf\":{\"@id\":\"https:\/\/www.sonoraenequipo.com.mx\/#website\"},\"primaryImageOfPage\":{\"@id\":\"https:\/\/www.sonoraenequipo.com.mx\/presidente-reafirma-compromiso-de-garantizar-abasto-de-medicamentos-oncologicos-y-derecho-del-pueblo-a-la-salud\/#primaryimage\"},\"image\":{\"@id\":\"https:\/\/www.sonoraenequipo.com.mx\/presidente-reafirma-compromiso-de-garantizar-abasto-de-medicamentos-oncologicos-y-derecho-del-pueblo-a-la-salud\/#primaryimage\"},\"thumbnailUrl\":\"https:\/\/www.sonoraenequipo.com.mx\/storage\/2021\/06\/conferencia-de-prensa-2906_opt.jpg\",\"datePublished\":\"2021-06-29T15:28:29+00:00\",\"dateModified\":\"2021-06-29T23:22:30+00:00\",\"description\":\"CIUDAD DE M\u00c9XICO.MX. \u2014 El presidente Andr\u00e9s Manuel L\u00f3pez Obrador asegur\u00f3 que se est\u00e1 regularizando el abasto de medicamentos \u201ccada vez mejor y para bien En Sonora en Equipo publicamos toda la informaci\u00f3n de Sonora, M\u00e9xico y el Mundo de manera oportuna y busca que la libertad de expresi\u00f3n sea real. Visita nuestro medio informativo publicado desde Hermosillo, Sonora. %\",\"breadcrumb\":{\"@id\":\"https:\/\/www.sonoraenequipo.com.mx\/presidente-reafirma-compromiso-de-garantizar-abasto-de-medicamentos-oncologicos-y-derecho-del-pueblo-a-la-salud\/#breadcrumb\"},\"inLanguage\":\"es\",\"potentialAction\":[{\"@type\":\"ReadAction\",\"target\":[\"https:\/\/www.sonoraenequipo.com.mx\/presidente-reafirma-compromiso-de-garantizar-abasto-de-medicamentos-oncologicos-y-derecho-del-pueblo-a-la-salud\/\"]}]},{\"@type\":\"ImageObject\",\"inLanguage\":\"es\",\"@id\":\"https:\/\/www.sonoraenequipo.com.mx\/presidente-reafirma-compromiso-de-garantizar-abasto-de-medicamentos-oncologicos-y-derecho-del-pueblo-a-la-salud\/#primaryimage\",\"url\":\"https:\/\/www.sonoraenequipo.com.mx\/storage\/2021\/06\/conferencia-de-prensa-2906_opt.jpg\",\"contentUrl\":\"https:\/\/www.sonoraenequipo.com.mx\/storage\/2021\/06\/conferencia-de-prensa-2906_opt.jpg\",\"width\":700,\"height\":400},{\"@type\":\"BreadcrumbList\",\"@id\":\"https:\/\/www.sonoraenequipo.com.mx\/presidente-reafirma-compromiso-de-garantizar-abasto-de-medicamentos-oncologicos-y-derecho-del-pueblo-a-la-salud\/#breadcrumb\",\"itemListElement\":[{\"@type\":\"ListItem\",\"position\":1,\"name\":\"Portada\",\"item\":\"https:\/\/www.sonoraenequipo.com.mx\/\"},{\"@type\":\"ListItem\",\"position\":2,\"name\":\"Presidente reafirma compromiso de garantizar abasto de medicamentos oncol\u00f3gicos y derecho del pueblo a la salud\"}]},{\"@type\":\"WebSite\",\"@id\":\"https:\/\/www.sonoraenequipo.com.mx\/#website\",\"url\":\"https:\/\/www.sonoraenequipo.com.mx\/\",\"name\":\"Sonora en Equipo.\",\"description\":\"Diario en l\u00ednea con Noticias desde Hermosillo, Sonora\",\"publisher\":{\"@id\":\"https:\/\/www.sonoraenequipo.com.mx\/#organization\"},\"potentialAction\":[{\"@type\":\"SearchAction\",\"target\":{\"@type\":\"EntryPoint\",\"urlTemplate\":\"https:\/\/www.sonoraenequipo.com.mx\/?s={search_term_string}\"},\"query-input\":{\"@type\":\"PropertyValueSpecification\",\"valueRequired\":true,\"valueName\":\"search_term_string\"}}],\"inLanguage\":\"es\"},{\"@type\":\"Organization\",\"@id\":\"https:\/\/www.sonoraenequipo.com.mx\/#organization\",\"name\":\"Sonoraenequipo.com.mx\",\"url\":\"https:\/\/www.sonoraenequipo.com.mx\/\",\"logo\":{\"@type\":\"ImageObject\",\"inLanguage\":\"es\",\"@id\":\"https:\/\/www.sonoraenequipo.com.mx\/#\/schema\/logo\/image\/\",\"url\":\"https:\/\/www.sonoraenequipo.com.mx\/storage\/2019\/01\/sonoraenequipo_opt.png\",\"contentUrl\":\"https:\/\/www.sonoraenequipo.com.mx\/storage\/2019\/01\/sonoraenequipo_opt.png\",\"width\":375,\"height\":125,\"caption\":\"Sonoraenequipo.com.mx\"},\"image\":{\"@id\":\"https:\/\/www.sonoraenequipo.com.mx\/#\/schema\/logo\/image\/\"},\"sameAs\":[\"https:\/\/www.facebook.com\/SonoraEE\/\",\"https:\/\/x.com\/sonoraenequipo\",\"https:\/\/www.youtube.com\/channel\/UC338nW-lPEYmJQs4ZABQ1SQ\"]},{\"@type\":\"Person\",\"@id\":\"https:\/\/www.sonoraenequipo.com.mx\/#\/schema\/person\/50102df0fb23a8fa9e8effad8fa81386\",\"name\":\"enequipo\",\"image\":{\"@type\":\"ImageObject\",\"inLanguage\":\"es\",\"@id\":\"https:\/\/www.sonoraenequipo.com.mx\/#\/schema\/person\/image\/\",\"url\":\"https:\/\/secure.gravatar.com\/avatar\/049821681b589dabc0bc20695993ccebb09f5b5d4d790cd9251b97faac7c652b?s=96&d=blank&r=g\",\"contentUrl\":\"https:\/\/secure.gravatar.com\/avatar\/049821681b589dabc0bc20695993ccebb09f5b5d4d790cd9251b97faac7c652b?s=96&d=blank&r=g\",\"caption\":\"enequipo\"},\"sameAs\":[\"https:\/\/www.facebook.com\/SonoraEE\"]}]}<\/script>\n ","yoast_head_json":{"title":"Sonora en Equipo. Presidente reafirma compromiso de garantizar abasto de medicamentos oncol\u00f3gicos y derecho del pueblo a la salud Rep\u00fablica","description":"CIUDAD DE M\u00c9XICO.MX. \u2014 El presidente Andr\u00e9s Manuel L\u00f3pez Obrador asegur\u00f3 que se est\u00e1 regularizando el abasto de medicamentos \u201ccada vez mejor y para bien En Sonora en Equipo publicamos toda la informaci\u00f3n de Sonora, M\u00e9xico y el Mundo de manera oportuna y busca que la libertad de expresi\u00f3n sea real. Visita nuestro medio informativo publicado desde Hermosillo, Sonora. %","robots":{"index":"index","follow":"follow","max-snippet":"max-snippet:-1","max-image-preview":"max-image-preview:large","max-video-preview":"max-video-preview:-1"},"canonical":"https:\/\/www.sonoraenequipo.com.mx\/presidente-reafirma-compromiso-de-garantizar-abasto-de-medicamentos-oncologicos-y-derecho-del-pueblo-a-la-salud\/","og_locale":"es_ES","og_type":"article","og_title":"Sonora en Equipo. Presidente reafirma compromiso de garantizar abasto de medicamentos oncol\u00f3gicos y derecho del pueblo a la salud Rep\u00fablica","og_description":"CIUDAD DE M\u00c9XICO.MX. \u2014 El presidente Andr\u00e9s Manuel L\u00f3pez Obrador asegur\u00f3 que se est\u00e1 regularizando el abasto de medicamentos \u201ccada vez mejor y para bien En Sonora en Equipo publicamos toda la informaci\u00f3n de Sonora, M\u00e9xico y el Mundo de manera oportuna y busca que la libertad de expresi\u00f3n sea real. Visita nuestro medio informativo publicado desde Hermosillo, Sonora. %","og_url":"https:\/\/www.sonoraenequipo.com.mx\/presidente-reafirma-compromiso-de-garantizar-abasto-de-medicamentos-oncologicos-y-derecho-del-pueblo-a-la-salud\/","og_site_name":"Sonora en Equipo.","article_publisher":"https:\/\/www.facebook.com\/SonoraEE\/","article_author":"https:\/\/www.facebook.com\/SonoraEE","article_published_time":"2021-06-29T15:28:29+00:00","article_modified_time":"2021-06-29T23:22:30+00:00","og_image":[{"width":700,"height":400,"url":"https:\/\/www.sonoraenequipo.com.mx\/storage\/2021\/06\/conferencia-de-prensa-2906_opt.jpg","type":"image\/jpeg"}],"author":"enequipo","twitter_card":"summary_large_image","twitter_creator":"@sonoraenequipo","twitter_site":"@sonoraenequipo","twitter_misc":{"Escrito por":"enequipo","Tiempo de lectura":"2 minutos"},"schema":{"@context":"https:\/\/schema.org","@graph":[{"@type":"Article","@id":"https:\/\/www.sonoraenequipo.com.mx\/presidente-reafirma-compromiso-de-garantizar-abasto-de-medicamentos-oncologicos-y-derecho-del-pueblo-a-la-salud\/#article","isPartOf":{"@id":"https:\/\/www.sonoraenequipo.com.mx\/presidente-reafirma-compromiso-de-garantizar-abasto-de-medicamentos-oncologicos-y-derecho-del-pueblo-a-la-salud\/"},"author":{"name":"enequipo","@id":"https:\/\/www.sonoraenequipo.com.mx\/#\/schema\/person\/50102df0fb23a8fa9e8effad8fa81386"},"headline":"Presidente reafirma compromiso de garantizar abasto de medicamentos oncol\u00f3gicos y derecho del pueblo a la salud","datePublished":"2021-06-29T15:28:29+00:00","dateModified":"2021-06-29T23:22:30+00:00","mainEntityOfPage":{"@id":"https:\/\/www.sonoraenequipo.com.mx\/presidente-reafirma-compromiso-de-garantizar-abasto-de-medicamentos-oncologicos-y-derecho-del-pueblo-a-la-salud\/"},"wordCount":326,"commentCount":0,"publisher":{"@id":"https:\/\/www.sonoraenequipo.com.mx\/#organization"},"image":{"@id":"https:\/\/www.sonoraenequipo.com.mx\/presidente-reafirma-compromiso-de-garantizar-abasto-de-medicamentos-oncologicos-y-derecho-del-pueblo-a-la-salud\/#primaryimage"},"thumbnailUrl":"https:\/\/www.sonoraenequipo.com.mx\/storage\/2021\/06\/conferencia-de-prensa-2906_opt.jpg","articleSection":["Rep\u00fablica"],"inLanguage":"es","potentialAction":[{"@type":"CommentAction","name":"Comment","target":["https:\/\/www.sonoraenequipo.com.mx\/presidente-reafirma-compromiso-de-garantizar-abasto-de-medicamentos-oncologicos-y-derecho-del-pueblo-a-la-salud\/#respond"]}]},{"@type":"WebPage","@id":"https:\/\/www.sonoraenequipo.com.mx\/presidente-reafirma-compromiso-de-garantizar-abasto-de-medicamentos-oncologicos-y-derecho-del-pueblo-a-la-salud\/","url":"https:\/\/www.sonoraenequipo.com.mx\/presidente-reafirma-compromiso-de-garantizar-abasto-de-medicamentos-oncologicos-y-derecho-del-pueblo-a-la-salud\/","name":"Sonora en Equipo. Presidente reafirma compromiso de garantizar abasto de medicamentos oncol\u00f3gicos y derecho del pueblo a la salud Rep\u00fablica","isPartOf":{"@id":"https:\/\/www.sonoraenequipo.com.mx\/#website"},"primaryImageOfPage":{"@id":"https:\/\/www.sonoraenequipo.com.mx\/presidente-reafirma-compromiso-de-garantizar-abasto-de-medicamentos-oncologicos-y-derecho-del-pueblo-a-la-salud\/#primaryimage"},"image":{"@id":"https:\/\/www.sonoraenequipo.com.mx\/presidente-reafirma-compromiso-de-garantizar-abasto-de-medicamentos-oncologicos-y-derecho-del-pueblo-a-la-salud\/#primaryimage"},"thumbnailUrl":"https:\/\/www.sonoraenequipo.com.mx\/storage\/2021\/06\/conferencia-de-prensa-2906_opt.jpg","datePublished":"2021-06-29T15:28:29+00:00","dateModified":"2021-06-29T23:22:30+00:00","description":"CIUDAD DE M\u00c9XICO.MX. \u2014 El presidente Andr\u00e9s Manuel L\u00f3pez Obrador asegur\u00f3 que se est\u00e1 regularizando el abasto de medicamentos \u201ccada vez mejor y para bien En Sonora en Equipo publicamos toda la informaci\u00f3n de Sonora, M\u00e9xico y el Mundo de manera oportuna y busca que la libertad de expresi\u00f3n sea real. Visita nuestro medio informativo publicado desde Hermosillo, Sonora. %","breadcrumb":{"@id":"https:\/\/www.sonoraenequipo.com.mx\/presidente-reafirma-compromiso-de-garantizar-abasto-de-medicamentos-oncologicos-y-derecho-del-pueblo-a-la-salud\/#breadcrumb"},"inLanguage":"es","potentialAction":[{"@type":"ReadAction","target":["https:\/\/www.sonoraenequipo.com.mx\/presidente-reafirma-compromiso-de-garantizar-abasto-de-medicamentos-oncologicos-y-derecho-del-pueblo-a-la-salud\/"]}]},{"@type":"ImageObject","inLanguage":"es","@id":"https:\/\/www.sonoraenequipo.com.mx\/presidente-reafirma-compromiso-de-garantizar-abasto-de-medicamentos-oncologicos-y-derecho-del-pueblo-a-la-salud\/#primaryimage","url":"https:\/\/www.sonoraenequipo.com.mx\/storage\/2021\/06\/conferencia-de-prensa-2906_opt.jpg","contentUrl":"https:\/\/www.sonoraenequipo.com.mx\/storage\/2021\/06\/conferencia-de-prensa-2906_opt.jpg","width":700,"height":400},{"@type":"BreadcrumbList","@id":"https:\/\/www.sonoraenequipo.com.mx\/presidente-reafirma-compromiso-de-garantizar-abasto-de-medicamentos-oncologicos-y-derecho-del-pueblo-a-la-salud\/#breadcrumb","itemListElement":[{"@type":"ListItem","position":1,"name":"Portada","item":"https:\/\/www.sonoraenequipo.com.mx\/"},{"@type":"ListItem","position":2,"name":"Presidente reafirma compromiso de garantizar abasto de medicamentos oncol\u00f3gicos y derecho del pueblo a la salud"}]},{"@type":"WebSite","@id":"https:\/\/www.sonoraenequipo.com.mx\/#website","url":"https:\/\/www.sonoraenequipo.com.mx\/","name":"Sonora en Equipo.","description":"Diario en l\u00ednea con Noticias desde Hermosillo, Sonora","publisher":{"@id":"https:\/\/www.sonoraenequipo.com.mx\/#organization"},"potentialAction":[{"@type":"SearchAction","target":{"@type":"EntryPoint","urlTemplate":"https:\/\/www.sonoraenequipo.com.mx\/?s={search_term_string}"},"query-input":{"@type":"PropertyValueSpecification","valueRequired":true,"valueName":"search_term_string"}}],"inLanguage":"es"},{"@type":"Organization","@id":"https:\/\/www.sonoraenequipo.com.mx\/#organization","name":"Sonoraenequipo.com.mx","url":"https:\/\/www.sonoraenequipo.com.mx\/","logo":{"@type":"ImageObject","inLanguage":"es","@id":"https:\/\/www.sonoraenequipo.com.mx\/#\/schema\/logo\/image\/","url":"https:\/\/www.sonoraenequipo.com.mx\/storage\/2019\/01\/sonoraenequipo_opt.png","contentUrl":"https:\/\/www.sonoraenequipo.com.mx\/storage\/2019\/01\/sonoraenequipo_opt.png","width":375,"height":125,"caption":"Sonoraenequipo.com.mx"},"image":{"@id":"https:\/\/www.sonoraenequipo.com.mx\/#\/schema\/logo\/image\/"},"sameAs":["https:\/\/www.facebook.com\/SonoraEE\/","https:\/\/x.com\/sonoraenequipo","https:\/\/www.youtube.com\/channel\/UC338nW-lPEYmJQs4ZABQ1SQ"]},{"@type":"Person","@id":"https:\/\/www.sonoraenequipo.com.mx\/#\/schema\/person\/50102df0fb23a8fa9e8effad8fa81386","name":"enequipo","image":{"@type":"ImageObject","inLanguage":"es","@id":"https:\/\/www.sonoraenequipo.com.mx\/#\/schema\/person\/image\/","url":"https:\/\/secure.gravatar.com\/avatar\/049821681b589dabc0bc20695993ccebb09f5b5d4d790cd9251b97faac7c652b?s=96&d=blank&r=g","contentUrl":"https:\/\/secure.gravatar.com\/avatar\/049821681b589dabc0bc20695993ccebb09f5b5d4d790cd9251b97faac7c652b?s=96&d=blank&r=g","caption":"enequipo"},"sameAs":["https:\/\/www.facebook.com\/SonoraEE"]}]}},"jetpack_featured_media_url":"https:\/\/www.sonoraenequipo.com.mx\/storage\/2021\/06\/conferencia-de-prensa-2906_opt.jpg","_links":{"self":[{"href":"https:\/\/www.sonoraenequipo.com.mx\/api\/wp\/v2\/posts\/117430","targetHints":{"allow":["GET"]}}],"collection":[{"href":"https:\/\/www.sonoraenequipo.com.mx\/api\/wp\/v2\/posts"}],"about":[{"href":"https:\/\/www.sonoraenequipo.com.mx\/api\/wp\/v2\/types\/post"}],"author":[{"embeddable":true,"href":"https:\/\/www.sonoraenequipo.com.mx\/api\/wp\/v2\/users\/1"}],"replies":[{"embeddable":true,"href":"https:\/\/www.sonoraenequipo.com.mx\/api\/wp\/v2\/comments?post=117430"}],"version-history":[{"count":1,"href":"https:\/\/www.sonoraenequipo.com.mx\/api\/wp\/v2\/posts\/117430\/revisions"}],"predecessor-version":[{"id":117432,"href":"https:\/\/www.sonoraenequipo.com.mx\/api\/wp\/v2\/posts\/117430\/revisions\/117432"}],"wp:featuredmedia":[{"embeddable":true,"href":"https:\/\/www.sonoraenequipo.com.mx\/api\/wp\/v2\/media\/117431"}],"wp:attachment":[{"href":"https:\/\/www.sonoraenequipo.com.mx\/api\/wp\/v2\/media?parent=117430"}],"wp:term":[{"taxonomy":"category","embeddable":true,"href":"https:\/\/www.sonoraenequipo.com.mx\/api\/wp\/v2\/categories?post=117430"},{"taxonomy":"post_tag","embeddable":true,"href":"https:\/\/www.sonoraenequipo.com.mx\/api\/wp\/v2\/tags?post=117430"}],"curies":[{"name":"wp","href":"https:\/\/api.w.org\/{rel}","templated":true}]}}