{"id":117433,"date":"2021-06-29T15:08:38","date_gmt":"2021-06-29T22:08:38","guid":{"rendered":"https:\/\/www.sonoraenequipo.com.mx\/?p=117433"},"modified":"2021-06-30T09:28:37","modified_gmt":"2021-06-30T16:28:37","slug":"rectoria-convoca-a-participar-en-formulacion-del-pdi-2021-2025","status":"publish","type":"post","link":"https:\/\/www.sonoraenequipo.com.mx\/rectoria-convoca-a-participar-en-formulacion-del-pdi-2021-2025\/","title":{"rendered":"Rector\u00eda convoca a participar en formulaci\u00f3n del PDI 2021-2025"},"content":{"rendered":"<p>HERMOSILLO, SONORA,MX.\u2500\u2500 Como parte del inicio de un nuevo periodo en la administraci\u00f3n institucional de la Universidad de Sonora, la Rector\u00eda de esta casa de estudios invita a la comunidad universitaria en general a participar con sus propuestas y puntos de vista en la elaboraci\u00f3n del Plan de Desarrollo Institucional (PDI) 2021-2025.<\/p>\n<p>&nbsp;<\/p>\n<p> <\/p>\n<p>&nbsp;<\/p>\n<p>La invitaci\u00f3n tambi\u00e9n es extensiva a egresados, profesionales, asociaciones civiles, acad\u00e9micos, cuerpos colegiados y sociedad en general, a fin de generar un di\u00e1logo fruct\u00edfero que permita a la m\u00e1xima casa de estudios del estado consolidarse en una instituci\u00f3n a la vanguardia en el desarrollo de las ciencias, las humanidades y las artes.<\/p>\n<p>&nbsp;<\/p>\n<p>Una universidad comprometida con la formaci\u00f3n acad\u00e9mica, la investigaci\u00f3n y creaci\u00f3n art\u00edstica, la vinculaci\u00f3n y la difusi\u00f3n de la cultura, centrada en una educaci\u00f3n que prepare al estudiante para la vida, y que, al mismo, tiempo sea incluyente, equitativa y respetuosa de la diversidad, promotora del desarrollo sustentable, socialmente responsable y transparente en todos sus procesos; en especial, en la rendici\u00f3n de cuentas.<\/p>\n<p>&nbsp;<\/p>\n<p>De esta manera, la actual administraci\u00f3n institucional impulsa el di\u00e1logo, trabajo y participaci\u00f3n de la comunidad universitaria y la sociedad en general para establecer acuerdos que permitan integrar la propuesta del Plan de Desarrollo Institucional que habr\u00e1 de presentarse a los \u00f3rganos colegiados correspondientes para su aprobaci\u00f3n.<\/p>\n<p>&nbsp;<\/p>\n<p>La convocatoria de participaci\u00f3n puede consultarse en el sitio <strong><a href=\"https:\/\/www.unison.mx\/storage\/2021\/06\/PDI-CONVO-RECTORI%CC%81A.pdf\">https:\/\/www.unison.mx\/storage\/2021\/06\/PDI-CONVO-RECTORI%CC%81A.pdf<\/a><\/strong>, documento que destaca la importancia de establecer pol\u00edticas, estrategias y metas institucionales de manera conjunta con los actores que se encargar\u00e1n de su implementaci\u00f3n.<\/p>\n<p>&nbsp;<\/p>\n<p>Una forma de participaci\u00f3n ser\u00e1 el env\u00edo de propuestas directamente a la oficina de la Direcci\u00f3n de Planeaci\u00f3n y Evaluaci\u00f3n, ubicada en la planta alta del edificio de Rector\u00eda, o el env\u00edo de \u00e9stas al correo electr\u00f3nico <a href=\"http:\/\/karla.lopezmontes@unison.mx.\"><strong>karla.lopezmontes@unison.mx.<\/strong><\/a><\/p>\n<p>&nbsp;<\/p>\n<p>Otra opci\u00f3n de participaci\u00f3n ser\u00e1 contestar el instrumento de diez reactivos que se encuentra en el sitio<\/p>\n<p><a href=\"https:\/\/forms.office.com\/pages\/responsepage.aspx?id=RTZVZ7MNgESxJ2-BmnnjZ6ais-0LvSdGp3gTqcYpd1xUQk9YMEVZRFlXVEs2UEdIUko1NDNMV0NEWi4u.\"><strong>https:\/\/forms.office.com\/pages\/responsepage.aspx?id=RTZVZ7MNgESxJ2-BmnnjZ6ais-0LvSdGp3gTqcYpd1xUQk9YMEVZRFlXVEs2UEdIUko1NDNMV0NEWi4u.<\/strong><\/a><\/p>\n<p>&nbsp;<\/p>\n<p>El periodo de consulta y recepci\u00f3n de propuestas es del 28 de junio hasta el 28 de agosto del presente a\u00f1o.<\/p>\n<p>&nbsp;<\/p>\n<p>El punto de partida de dicho instrumento de participaci\u00f3n son seis l\u00edneas rectoras: Cohesi\u00f3n y conformaci\u00f3n de una comunidad universitaria sustentable, equitativa, inclusiva y saludable, la segunda est\u00e1 enfocada a la Formaci\u00f3n profesional y de posgrado inclusiva, integral y humanista reconocida por su actualidad y calidad, y la tercera a la Investigaci\u00f3n y creaci\u00f3n art\u00edstica pertinente y de alto impacto en el desarrollo econ\u00f3mico y social.<\/p>\n<p>&nbsp;<\/p>\n<p>La cuarta l\u00ednea est\u00e1 asociada a la Vinculaci\u00f3n y extensi\u00f3n que integra, retribuye y complementa la formaci\u00f3n de los universitarios, la quinta es sobre Difusi\u00f3n y extensi\u00f3n de la cultura y las artes, y promoci\u00f3n del deporte en apoyo al desarrollo humano de los universitarios y de la sociedad, y la sexta y \u00faltima es acerca de la Gesti\u00f3n y administraci\u00f3n como apoyo al ejercicio de las funciones acad\u00e9micas de la Universidad.<\/p>\n<p>&nbsp;<\/p>\n<p>&nbsp;<\/p>\n<p>Fecha de Publicaci\u00f3n\u00a0 martes \/ 29\u00a0 \/ junio \/ 2021<\/p>\n","protected":false},"excerpt":{"rendered":"<p>HERMOSILLO, SONORA,MX.\u2500\u2500 Como parte del inicio de un nuevo periodo en la administraci\u00f3n institucional de&#8230;<\/p>\n","protected":false},"author":1,"featured_media":109607,"comment_status":"open","ping_status":"open","sticky":false,"template":"","format":"standard","meta":{"_monsterinsights_skip_tracking":false,"_monsterinsights_sitenote_active":false,"_monsterinsights_sitenote_note":"","_monsterinsights_sitenote_category":0,"footnotes":""},"categories":[22],"tags":[63],"class_list":["post"],"yoast_head":" \n<title>Sonora en Equipo. Rector\u00eda convoca a participar en formulaci\u00f3n del PDI 2021-2025 Sonora<\/title>\n<meta name=\"description\" content=\"HERMOSILLO, SONORA,MX.\u2500\u2500 Como parte del inicio de un nuevo periodo en la administraci\u00f3n institucional de la Universidad de Sonora, la Rector\u00eda de esta En Sonora en Equipo publicamos toda la informaci\u00f3n de Sonora, M\u00e9xico y el Mundo de manera oportuna y busca que la libertad de expresi\u00f3n sea real. Visita nuestro medio informativo publicado desde Hermosillo, Sonora. %\" \/>\n<meta name=\"robots\" content=\"index, follow, max-snippet:-1, max-image-preview:large, max-video-preview:-1\" \/>\n<link rel=\"canonical\" href=\"https:\/\/www.sonoraenequipo.com.mx\/rectoria-convoca-a-participar-en-formulacion-del-pdi-2021-2025\/\" \/>\n<meta property=\"og:locale\" content=\"es_ES\" \/>\n<meta property=\"og:type\" content=\"article\" \/>\n<meta property=\"og:title\" content=\"Sonora en Equipo. Rector\u00eda convoca a participar en formulaci\u00f3n del PDI 2021-2025 Sonora\" \/>\n<meta property=\"og:description\" content=\"HERMOSILLO, SONORA,MX.\u2500\u2500 Como parte del inicio de un nuevo periodo en la administraci\u00f3n institucional de la Universidad de Sonora, la Rector\u00eda de esta En Sonora en Equipo publicamos toda la informaci\u00f3n de Sonora, M\u00e9xico y el Mundo de manera oportuna y busca que la libertad de expresi\u00f3n sea real. Visita nuestro medio informativo publicado desde Hermosillo, Sonora. %\" \/>\n<meta property=\"og:url\" content=\"https:\/\/www.sonoraenequipo.com.mx\/rectoria-convoca-a-participar-en-formulacion-del-pdi-2021-2025\/\" \/>\n<meta property=\"og:site_name\" content=\"Sonora en Equipo.\" \/>\n<meta property=\"article:publisher\" content=\"https:\/\/www.facebook.com\/SonoraEE\/\" \/>\n<meta property=\"article:author\" content=\"https:\/\/www.facebook.com\/SonoraEE\" \/>\n<meta property=\"article:published_time\" content=\"2021-06-29T22:08:38+00:00\" \/>\n<meta property=\"article:modified_time\" content=\"2021-06-30T16:28:37+00:00\" \/>\n<meta property=\"og:image\" content=\"https:\/\/www.sonoraenequipo.com.mx\/storage\/2021\/03\/Unison-1_opt.jpg\" \/>\n\t<meta property=\"og:image:width\" content=\"712\" \/>\n\t<meta property=\"og:image:height\" content=\"400\" \/>\n\t<meta property=\"og:image:type\" content=\"image\/jpeg\" \/>\n<meta name=\"author\" content=\"enequipo\" \/>\n<meta name=\"twitter:card\" content=\"summary_large_image\" \/>\n<meta name=\"twitter:creator\" content=\"@sonoraenequipo\" \/>\n<meta name=\"twitter:site\" content=\"@sonoraenequipo\" \/>\n<meta name=\"twitter:label1\" content=\"Escrito por\" \/>\n\t<meta name=\"twitter:data1\" content=\"enequipo\" \/>\n\t<meta name=\"twitter:label2\" content=\"Tiempo de lectura\" \/>\n\t<meta name=\"twitter:data2\" content=\"3 minutos\" \/>\n<script type=\"application\/ld+json\" class=\"yoast-schema-graph\">{\"@context\":\"https:\/\/schema.org\",\"@graph\":[{\"@type\":\"Article\",\"@id\":\"https:\/\/www.sonoraenequipo.com.mx\/rectoria-convoca-a-participar-en-formulacion-del-pdi-2021-2025\/#article\",\"isPartOf\":{\"@id\":\"https:\/\/www.sonoraenequipo.com.mx\/rectoria-convoca-a-participar-en-formulacion-del-pdi-2021-2025\/\"},\"author\":{\"name\":\"enequipo\",\"@id\":\"https:\/\/www.sonoraenequipo.com.mx\/#\/schema\/person\/50102df0fb23a8fa9e8effad8fa81386\"},\"headline\":\"Rector\u00eda convoca a participar en formulaci\u00f3n del PDI 2021-2025\",\"datePublished\":\"2021-06-29T22:08:38+00:00\",\"dateModified\":\"2021-06-30T16:28:37+00:00\",\"mainEntityOfPage\":{\"@id\":\"https:\/\/www.sonoraenequipo.com.mx\/rectoria-convoca-a-participar-en-formulacion-del-pdi-2021-2025\/\"},\"wordCount\":580,\"commentCount\":0,\"publisher\":{\"@id\":\"https:\/\/www.sonoraenequipo.com.mx\/#organization\"},\"image\":{\"@id\":\"https:\/\/www.sonoraenequipo.com.mx\/rectoria-convoca-a-participar-en-formulacion-del-pdi-2021-2025\/#primaryimage\"},\"thumbnailUrl\":\"https:\/\/www.sonoraenequipo.com.mx\/storage\/2021\/03\/Unison-1_opt.jpg\",\"keywords\":[\"UniSon\"],\"articleSection\":[\"Sonora\"],\"inLanguage\":\"es\",\"potentialAction\":[{\"@type\":\"CommentAction\",\"name\":\"Comment\",\"target\":[\"https:\/\/www.sonoraenequipo.com.mx\/rectoria-convoca-a-participar-en-formulacion-del-pdi-2021-2025\/#respond\"]}]},{\"@type\":\"WebPage\",\"@id\":\"https:\/\/www.sonoraenequipo.com.mx\/rectoria-convoca-a-participar-en-formulacion-del-pdi-2021-2025\/\",\"url\":\"https:\/\/www.sonoraenequipo.com.mx\/rectoria-convoca-a-participar-en-formulacion-del-pdi-2021-2025\/\",\"name\":\"Sonora en Equipo. Rector\u00eda convoca a participar en formulaci\u00f3n del PDI 2021-2025 Sonora\",\"isPartOf\":{\"@id\":\"https:\/\/www.sonoraenequipo.com.mx\/#website\"},\"primaryImageOfPage\":{\"@id\":\"https:\/\/www.sonoraenequipo.com.mx\/rectoria-convoca-a-participar-en-formulacion-del-pdi-2021-2025\/#primaryimage\"},\"image\":{\"@id\":\"https:\/\/www.sonoraenequipo.com.mx\/rectoria-convoca-a-participar-en-formulacion-del-pdi-2021-2025\/#primaryimage\"},\"thumbnailUrl\":\"https:\/\/www.sonoraenequipo.com.mx\/storage\/2021\/03\/Unison-1_opt.jpg\",\"datePublished\":\"2021-06-29T22:08:38+00:00\",\"dateModified\":\"2021-06-30T16:28:37+00:00\",\"description\":\"HERMOSILLO, SONORA,MX.\u2500\u2500 Como parte del inicio de un nuevo periodo en la administraci\u00f3n institucional de la Universidad de Sonora, la Rector\u00eda de esta En Sonora en Equipo publicamos toda la informaci\u00f3n de Sonora, M\u00e9xico y el Mundo de manera oportuna y busca que la libertad de expresi\u00f3n sea real. Visita nuestro medio informativo publicado desde Hermosillo, Sonora. %\",\"breadcrumb\":{\"@id\":\"https:\/\/www.sonoraenequipo.com.mx\/rectoria-convoca-a-participar-en-formulacion-del-pdi-2021-2025\/#breadcrumb\"},\"inLanguage\":\"es\",\"potentialAction\":[{\"@type\":\"ReadAction\",\"target\":[\"https:\/\/www.sonoraenequipo.com.mx\/rectoria-convoca-a-participar-en-formulacion-del-pdi-2021-2025\/\"]}]},{\"@type\":\"ImageObject\",\"inLanguage\":\"es\",\"@id\":\"https:\/\/www.sonoraenequipo.com.mx\/rectoria-convoca-a-participar-en-formulacion-del-pdi-2021-2025\/#primaryimage\",\"url\":\"https:\/\/www.sonoraenequipo.com.mx\/storage\/2021\/03\/Unison-1_opt.jpg\",\"contentUrl\":\"https:\/\/www.sonoraenequipo.com.mx\/storage\/2021\/03\/Unison-1_opt.jpg\",\"width\":712,\"height\":400},{\"@type\":\"BreadcrumbList\",\"@id\":\"https:\/\/www.sonoraenequipo.com.mx\/rectoria-convoca-a-participar-en-formulacion-del-pdi-2021-2025\/#breadcrumb\",\"itemListElement\":[{\"@type\":\"ListItem\",\"position\":1,\"name\":\"Portada\",\"item\":\"https:\/\/www.sonoraenequipo.com.mx\/\"},{\"@type\":\"ListItem\",\"position\":2,\"name\":\"Rector\u00eda convoca a participar en formulaci\u00f3n del PDI 2021-2025\"}]},{\"@type\":\"WebSite\",\"@id\":\"https:\/\/www.sonoraenequipo.com.mx\/#website\",\"url\":\"https:\/\/www.sonoraenequipo.com.mx\/\",\"name\":\"Sonora en Equipo.\",\"description\":\"Diario en l\u00ednea con Noticias desde Hermosillo, Sonora\",\"publisher\":{\"@id\":\"https:\/\/www.sonoraenequipo.com.mx\/#organization\"},\"potentialAction\":[{\"@type\":\"SearchAction\",\"target\":{\"@type\":\"EntryPoint\",\"urlTemplate\":\"https:\/\/www.sonoraenequipo.com.mx\/?s={search_term_string}\"},\"query-input\":{\"@type\":\"PropertyValueSpecification\",\"valueRequired\":true,\"valueName\":\"search_term_string\"}}],\"inLanguage\":\"es\"},{\"@type\":\"Organization\",\"@id\":\"https:\/\/www.sonoraenequipo.com.mx\/#organization\",\"name\":\"Sonoraenequipo.com.mx\",\"url\":\"https:\/\/www.sonoraenequipo.com.mx\/\",\"logo\":{\"@type\":\"ImageObject\",\"inLanguage\":\"es\",\"@id\":\"https:\/\/www.sonoraenequipo.com.mx\/#\/schema\/logo\/image\/\",\"url\":\"https:\/\/www.sonoraenequipo.com.mx\/storage\/2019\/01\/sonoraenequipo_opt.png\",\"contentUrl\":\"https:\/\/www.sonoraenequipo.com.mx\/storage\/2019\/01\/sonoraenequipo_opt.png\",\"width\":375,\"height\":125,\"caption\":\"Sonoraenequipo.com.mx\"},\"image\":{\"@id\":\"https:\/\/www.sonoraenequipo.com.mx\/#\/schema\/logo\/image\/\"},\"sameAs\":[\"https:\/\/www.facebook.com\/SonoraEE\/\",\"https:\/\/x.com\/sonoraenequipo\",\"https:\/\/www.youtube.com\/channel\/UC338nW-lPEYmJQs4ZABQ1SQ\"]},{\"@type\":\"Person\",\"@id\":\"https:\/\/www.sonoraenequipo.com.mx\/#\/schema\/person\/50102df0fb23a8fa9e8effad8fa81386\",\"name\":\"enequipo\",\"image\":{\"@type\":\"ImageObject\",\"inLanguage\":\"es\",\"@id\":\"https:\/\/www.sonoraenequipo.com.mx\/#\/schema\/person\/image\/\",\"url\":\"https:\/\/secure.gravatar.com\/avatar\/049821681b589dabc0bc20695993ccebb09f5b5d4d790cd9251b97faac7c652b?s=96&d=blank&r=g\",\"contentUrl\":\"https:\/\/secure.gravatar.com\/avatar\/049821681b589dabc0bc20695993ccebb09f5b5d4d790cd9251b97faac7c652b?s=96&d=blank&r=g\",\"caption\":\"enequipo\"},\"sameAs\":[\"https:\/\/www.facebook.com\/SonoraEE\"]}]}<\/script>\n ","yoast_head_json":{"title":"Sonora en Equipo. Rector\u00eda convoca a participar en formulaci\u00f3n del PDI 2021-2025 Sonora","description":"HERMOSILLO, SONORA,MX.\u2500\u2500 Como parte del inicio de un nuevo periodo en la administraci\u00f3n institucional de la Universidad de Sonora, la Rector\u00eda de esta En Sonora en Equipo publicamos toda la informaci\u00f3n de Sonora, M\u00e9xico y el Mundo de manera oportuna y busca que la libertad de expresi\u00f3n sea real. Visita nuestro medio informativo publicado desde Hermosillo, Sonora. %","robots":{"index":"index","follow":"follow","max-snippet":"max-snippet:-1","max-image-preview":"max-image-preview:large","max-video-preview":"max-video-preview:-1"},"canonical":"https:\/\/www.sonoraenequipo.com.mx\/rectoria-convoca-a-participar-en-formulacion-del-pdi-2021-2025\/","og_locale":"es_ES","og_type":"article","og_title":"Sonora en Equipo. Rector\u00eda convoca a participar en formulaci\u00f3n del PDI 2021-2025 Sonora","og_description":"HERMOSILLO, SONORA,MX.\u2500\u2500 Como parte del inicio de un nuevo periodo en la administraci\u00f3n institucional de la Universidad de Sonora, la Rector\u00eda de esta En Sonora en Equipo publicamos toda la informaci\u00f3n de Sonora, M\u00e9xico y el Mundo de manera oportuna y busca que la libertad de expresi\u00f3n sea real. Visita nuestro medio informativo publicado desde Hermosillo, Sonora. %","og_url":"https:\/\/www.sonoraenequipo.com.mx\/rectoria-convoca-a-participar-en-formulacion-del-pdi-2021-2025\/","og_site_name":"Sonora en Equipo.","article_publisher":"https:\/\/www.facebook.com\/SonoraEE\/","article_author":"https:\/\/www.facebook.com\/SonoraEE","article_published_time":"2021-06-29T22:08:38+00:00","article_modified_time":"2021-06-30T16:28:37+00:00","og_image":[{"width":712,"height":400,"url":"https:\/\/www.sonoraenequipo.com.mx\/storage\/2021\/03\/Unison-1_opt.jpg","type":"image\/jpeg"}],"author":"enequipo","twitter_card":"summary_large_image","twitter_creator":"@sonoraenequipo","twitter_site":"@sonoraenequipo","twitter_misc":{"Escrito por":"enequipo","Tiempo de lectura":"3 minutos"},"schema":{"@context":"https:\/\/schema.org","@graph":[{"@type":"Article","@id":"https:\/\/www.sonoraenequipo.com.mx\/rectoria-convoca-a-participar-en-formulacion-del-pdi-2021-2025\/#article","isPartOf":{"@id":"https:\/\/www.sonoraenequipo.com.mx\/rectoria-convoca-a-participar-en-formulacion-del-pdi-2021-2025\/"},"author":{"name":"enequipo","@id":"https:\/\/www.sonoraenequipo.com.mx\/#\/schema\/person\/50102df0fb23a8fa9e8effad8fa81386"},"headline":"Rector\u00eda convoca a participar en formulaci\u00f3n del PDI 2021-2025","datePublished":"2021-06-29T22:08:38+00:00","dateModified":"2021-06-30T16:28:37+00:00","mainEntityOfPage":{"@id":"https:\/\/www.sonoraenequipo.com.mx\/rectoria-convoca-a-participar-en-formulacion-del-pdi-2021-2025\/"},"wordCount":580,"commentCount":0,"publisher":{"@id":"https:\/\/www.sonoraenequipo.com.mx\/#organization"},"image":{"@id":"https:\/\/www.sonoraenequipo.com.mx\/rectoria-convoca-a-participar-en-formulacion-del-pdi-2021-2025\/#primaryimage"},"thumbnailUrl":"https:\/\/www.sonoraenequipo.com.mx\/storage\/2021\/03\/Unison-1_opt.jpg","keywords":["UniSon"],"articleSection":["Sonora"],"inLanguage":"es","potentialAction":[{"@type":"CommentAction","name":"Comment","target":["https:\/\/www.sonoraenequipo.com.mx\/rectoria-convoca-a-participar-en-formulacion-del-pdi-2021-2025\/#respond"]}]},{"@type":"WebPage","@id":"https:\/\/www.sonoraenequipo.com.mx\/rectoria-convoca-a-participar-en-formulacion-del-pdi-2021-2025\/","url":"https:\/\/www.sonoraenequipo.com.mx\/rectoria-convoca-a-participar-en-formulacion-del-pdi-2021-2025\/","name":"Sonora en Equipo. Rector\u00eda convoca a participar en formulaci\u00f3n del PDI 2021-2025 Sonora","isPartOf":{"@id":"https:\/\/www.sonoraenequipo.com.mx\/#website"},"primaryImageOfPage":{"@id":"https:\/\/www.sonoraenequipo.com.mx\/rectoria-convoca-a-participar-en-formulacion-del-pdi-2021-2025\/#primaryimage"},"image":{"@id":"https:\/\/www.sonoraenequipo.com.mx\/rectoria-convoca-a-participar-en-formulacion-del-pdi-2021-2025\/#primaryimage"},"thumbnailUrl":"https:\/\/www.sonoraenequipo.com.mx\/storage\/2021\/03\/Unison-1_opt.jpg","datePublished":"2021-06-29T22:08:38+00:00","dateModified":"2021-06-30T16:28:37+00:00","description":"HERMOSILLO, SONORA,MX.\u2500\u2500 Como parte del inicio de un nuevo periodo en la administraci\u00f3n institucional de la Universidad de Sonora, la Rector\u00eda de esta En Sonora en Equipo publicamos toda la informaci\u00f3n de Sonora, M\u00e9xico y el Mundo de manera oportuna y busca que la libertad de expresi\u00f3n sea real. Visita nuestro medio informativo publicado desde Hermosillo, Sonora. %","breadcrumb":{"@id":"https:\/\/www.sonoraenequipo.com.mx\/rectoria-convoca-a-participar-en-formulacion-del-pdi-2021-2025\/#breadcrumb"},"inLanguage":"es","potentialAction":[{"@type":"ReadAction","target":["https:\/\/www.sonoraenequipo.com.mx\/rectoria-convoca-a-participar-en-formulacion-del-pdi-2021-2025\/"]}]},{"@type":"ImageObject","inLanguage":"es","@id":"https:\/\/www.sonoraenequipo.com.mx\/rectoria-convoca-a-participar-en-formulacion-del-pdi-2021-2025\/#primaryimage","url":"https:\/\/www.sonoraenequipo.com.mx\/storage\/2021\/03\/Unison-1_opt.jpg","contentUrl":"https:\/\/www.sonoraenequipo.com.mx\/storage\/2021\/03\/Unison-1_opt.jpg","width":712,"height":400},{"@type":"BreadcrumbList","@id":"https:\/\/www.sonoraenequipo.com.mx\/rectoria-convoca-a-participar-en-formulacion-del-pdi-2021-2025\/#breadcrumb","itemListElement":[{"@type":"ListItem","position":1,"name":"Portada","item":"https:\/\/www.sonoraenequipo.com.mx\/"},{"@type":"ListItem","position":2,"name":"Rector\u00eda convoca a participar en formulaci\u00f3n del PDI 2021-2025"}]},{"@type":"WebSite","@id":"https:\/\/www.sonoraenequipo.com.mx\/#website","url":"https:\/\/www.sonoraenequipo.com.mx\/","name":"Sonora en Equipo.","description":"Diario en l\u00ednea con Noticias desde Hermosillo, Sonora","publisher":{"@id":"https:\/\/www.sonoraenequipo.com.mx\/#organization"},"potentialAction":[{"@type":"SearchAction","target":{"@type":"EntryPoint","urlTemplate":"https:\/\/www.sonoraenequipo.com.mx\/?s={search_term_string}"},"query-input":{"@type":"PropertyValueSpecification","valueRequired":true,"valueName":"search_term_string"}}],"inLanguage":"es"},{"@type":"Organization","@id":"https:\/\/www.sonoraenequipo.com.mx\/#organization","name":"Sonoraenequipo.com.mx","url":"https:\/\/www.sonoraenequipo.com.mx\/","logo":{"@type":"ImageObject","inLanguage":"es","@id":"https:\/\/www.sonoraenequipo.com.mx\/#\/schema\/logo\/image\/","url":"https:\/\/www.sonoraenequipo.com.mx\/storage\/2019\/01\/sonoraenequipo_opt.png","contentUrl":"https:\/\/www.sonoraenequipo.com.mx\/storage\/2019\/01\/sonoraenequipo_opt.png","width":375,"height":125,"caption":"Sonoraenequipo.com.mx"},"image":{"@id":"https:\/\/www.sonoraenequipo.com.mx\/#\/schema\/logo\/image\/"},"sameAs":["https:\/\/www.facebook.com\/SonoraEE\/","https:\/\/x.com\/sonoraenequipo","https:\/\/www.youtube.com\/channel\/UC338nW-lPEYmJQs4ZABQ1SQ"]},{"@type":"Person","@id":"https:\/\/www.sonoraenequipo.com.mx\/#\/schema\/person\/50102df0fb23a8fa9e8effad8fa81386","name":"enequipo","image":{"@type":"ImageObject","inLanguage":"es","@id":"https:\/\/www.sonoraenequipo.com.mx\/#\/schema\/person\/image\/","url":"https:\/\/secure.gravatar.com\/avatar\/049821681b589dabc0bc20695993ccebb09f5b5d4d790cd9251b97faac7c652b?s=96&d=blank&r=g","contentUrl":"https:\/\/secure.gravatar.com\/avatar\/049821681b589dabc0bc20695993ccebb09f5b5d4d790cd9251b97faac7c652b?s=96&d=blank&r=g","caption":"enequipo"},"sameAs":["https:\/\/www.facebook.com\/SonoraEE"]}]}},"jetpack_featured_media_url":"https:\/\/www.sonoraenequipo.com.mx\/storage\/2021\/03\/Unison-1_opt.jpg","_links":{"self":[{"href":"https:\/\/www.sonoraenequipo.com.mx\/api\/wp\/v2\/posts\/117433","targetHints":{"allow":["GET"]}}],"collection":[{"href":"https:\/\/www.sonoraenequipo.com.mx\/api\/wp\/v2\/posts"}],"about":[{"href":"https:\/\/www.sonoraenequipo.com.mx\/api\/wp\/v2\/types\/post"}],"author":[{"embeddable":true,"href":"https:\/\/www.sonoraenequipo.com.mx\/api\/wp\/v2\/users\/1"}],"replies":[{"embeddable":true,"href":"https:\/\/www.sonoraenequipo.com.mx\/api\/wp\/v2\/comments?post=117433"}],"version-history":[{"count":3,"href":"https:\/\/www.sonoraenequipo.com.mx\/api\/wp\/v2\/posts\/117433\/revisions"}],"predecessor-version":[{"id":117498,"href":"https:\/\/www.sonoraenequipo.com.mx\/api\/wp\/v2\/posts\/117433\/revisions\/117498"}],"wp:featuredmedia":[{"embeddable":true,"href":"https:\/\/www.sonoraenequipo.com.mx\/api\/wp\/v2\/media\/109607"}],"wp:attachment":[{"href":"https:\/\/www.sonoraenequipo.com.mx\/api\/wp\/v2\/media?parent=117433"}],"wp:term":[{"taxonomy":"category","embeddable":true,"href":"https:\/\/www.sonoraenequipo.com.mx\/api\/wp\/v2\/categories?post=117433"},{"taxonomy":"post_tag","embeddable":true,"href":"https:\/\/www.sonoraenequipo.com.mx\/api\/wp\/v2\/tags?post=117433"}],"curies":[{"name":"wp","href":"https:\/\/api.w.org\/{rel}","templated":true}]}}