{"id":117445,"date":"2021-06-29T23:23:31","date_gmt":"2021-06-30T06:23:31","guid":{"rendered":"https:\/\/www.sonoraenequipo.com.mx\/?p=117445"},"modified":"2021-07-01T11:45:46","modified_gmt":"2021-07-01T18:45:46","slug":"llama-salud-sonora-a-no-combinar-vacunas-contra-covid-19-de-diferentes-farmaceuticas","status":"publish","type":"post","link":"https:\/\/www.sonoraenequipo.com.mx\/llama-salud-sonora-a-no-combinar-vacunas-contra-covid-19-de-diferentes-farmaceuticas\/","title":{"rendered":"Llama Salud Sonora a no combinar vacunas contra COVID-19 de diferentes farmac\u00e9uticas"},"content":{"rendered":"<p>HERMOSILLO, SONORA,MX.\u2500\u2500Hasta el momento, en M\u00e9xico no se ha considerado ni aprobado hacer combinaci\u00f3n de diferentes tipos de vacunas contra COVID-19, por lo que la Secretar\u00eda de Salud en Sonora llama a la poblaci\u00f3n a no acudir por un biol\u00f3gico diferente al que se le haya suministrado, subray\u00f3 Concepci\u00f3n F\u00e9lix Lares.<\/p>\n<p>&nbsp;<\/p>\n<p> <\/p>\n<p>&nbsp;<\/p>\n<p>La coordinadora estatal de vacunaci\u00f3n de Salud Sonora, puntualiz\u00f3 que se tienen reportes de personas con esquema completo de una dosis que intentan que se les vacune con un biol\u00f3gico diferente, lo cual no est\u00e1 aprobado.<\/p>\n<p>&nbsp;<\/p>\n<p><em><strong>\u201cHacemos el llamado a la poblaci\u00f3n a no acudir por otro biol\u00f3gico, los esquemas que contemplan una dosis son seguros y pueden estar tranquilos de que los protege del virus\u201d,<\/strong> <\/em>declar\u00f3.<\/p>\n<p>&nbsp;<\/p>\n<p>F\u00e9lix Lares recalc\u00f3 que las personas que intentan adquirir otra vacuna adem\u00e1s de la recibida, le est\u00e1n quitando la oportunidad a otra persona no protegida y que de tener reacciones adversas por el biol\u00f3gico, ser\u00eda bajo su propio riesgo.<\/p>\n<p>&nbsp;<\/p>\n<p>Extern\u00f3 que no se puede comprobar la eficacia de la intercambiabilidad de las vacunas y que si se tiene un esquema completo de vacunaci\u00f3n ya sea de una o dos dosis no son necesarias dosis adicionales de la misma vacuna u otra diferente.<\/p>\n<p>&nbsp;<\/p>\n<p><em><strong>\u201cPedimos mantener la calma y confiar en la protecci\u00f3n de las vacunas, donde es fundamental que tambi\u00e9n se sigan realizando las acciones de higiene como el uso de cubrebocas, lavado de manos y distanciamiento social\u201d<\/strong><\/em>, subray\u00f3.<\/p>\n<p>&nbsp;<\/p>\n<p>&nbsp;<\/p>\n<p>Fecha de Publicaci\u00f3n\u00a0 martes \/ 29\u00a0 \/ junio \/ 2021<\/p>\n","protected":false},"excerpt":{"rendered":"<p>HERMOSILLO, SONORA,MX.\u2500\u2500Hasta el momento, en M\u00e9xico no se ha considerado ni aprobado hacer combinaci\u00f3n de&#8230;<\/p>\n","protected":false},"author":1,"featured_media":115382,"comment_status":"open","ping_status":"open","sticky":false,"template":"","format":"standard","meta":{"_monsterinsights_skip_tracking":false,"_monsterinsights_sitenote_active":false,"_monsterinsights_sitenote_note":"","_monsterinsights_sitenote_category":0,"footnotes":""},"categories":[22],"tags":[4249,15],"class_list":["post"],"yoast_head":" \n<title>Sonora en Equipo. Llama Salud Sonora a no combinar vacunas contra COVID-19 de diferentes farmac\u00e9uticas Sonora<\/title>\n<meta name=\"description\" content=\"HERMOSILLO, SONORA,MX.\u2500\u2500Hasta el momento, en M\u00e9xico no se ha considerado ni aprobado hacer combinaci\u00f3n de diferentes tipos de vacunas contra COVID-19, por En Sonora en Equipo publicamos toda la informaci\u00f3n de Sonora, M\u00e9xico y el Mundo de manera oportuna y busca que la libertad de expresi\u00f3n sea real. Visita nuestro medio informativo publicado desde Hermosillo, Sonora. %\" \/>\n<meta name=\"robots\" content=\"index, follow, max-snippet:-1, max-image-preview:large, max-video-preview:-1\" \/>\n<link rel=\"canonical\" href=\"https:\/\/www.sonoraenequipo.com.mx\/llama-salud-sonora-a-no-combinar-vacunas-contra-covid-19-de-diferentes-farmaceuticas\/\" \/>\n<meta property=\"og:locale\" content=\"es_ES\" \/>\n<meta property=\"og:type\" content=\"article\" \/>\n<meta property=\"og:title\" content=\"Sonora en Equipo. Llama Salud Sonora a no combinar vacunas contra COVID-19 de diferentes farmac\u00e9uticas Sonora\" \/>\n<meta property=\"og:description\" content=\"HERMOSILLO, SONORA,MX.\u2500\u2500Hasta el momento, en M\u00e9xico no se ha considerado ni aprobado hacer combinaci\u00f3n de diferentes tipos de vacunas contra COVID-19, por En Sonora en Equipo publicamos toda la informaci\u00f3n de Sonora, M\u00e9xico y el Mundo de manera oportuna y busca que la libertad de expresi\u00f3n sea real. Visita nuestro medio informativo publicado desde Hermosillo, Sonora. %\" \/>\n<meta property=\"og:url\" content=\"https:\/\/www.sonoraenequipo.com.mx\/llama-salud-sonora-a-no-combinar-vacunas-contra-covid-19-de-diferentes-farmaceuticas\/\" \/>\n<meta property=\"og:site_name\" content=\"Sonora en Equipo.\" \/>\n<meta property=\"article:publisher\" content=\"https:\/\/www.facebook.com\/SonoraEE\/\" \/>\n<meta property=\"article:author\" content=\"https:\/\/www.facebook.com\/SonoraEE\" \/>\n<meta property=\"article:published_time\" content=\"2021-06-30T06:23:31+00:00\" \/>\n<meta property=\"article:modified_time\" content=\"2021-07-01T18:45:46+00:00\" \/>\n<meta property=\"og:image\" content=\"https:\/\/www.sonoraenequipo.com.mx\/storage\/2021\/06\/vacunacion-de-50-59_opt.jpg\" \/>\n\t<meta property=\"og:image:width\" content=\"700\" \/>\n\t<meta property=\"og:image:height\" content=\"400\" \/>\n\t<meta property=\"og:image:type\" content=\"image\/jpeg\" \/>\n<meta name=\"author\" content=\"enequipo\" \/>\n<meta name=\"twitter:card\" content=\"summary_large_image\" \/>\n<meta name=\"twitter:creator\" content=\"@sonoraenequipo\" \/>\n<meta name=\"twitter:site\" content=\"@sonoraenequipo\" \/>\n<meta name=\"twitter:label1\" content=\"Escrito por\" \/>\n\t<meta name=\"twitter:data1\" content=\"enequipo\" \/>\n\t<meta name=\"twitter:label2\" content=\"Tiempo de lectura\" \/>\n\t<meta name=\"twitter:data2\" content=\"2 minutos\" \/>\n<script type=\"application\/ld+json\" class=\"yoast-schema-graph\">{\"@context\":\"https:\/\/schema.org\",\"@graph\":[{\"@type\":\"Article\",\"@id\":\"https:\/\/www.sonoraenequipo.com.mx\/llama-salud-sonora-a-no-combinar-vacunas-contra-covid-19-de-diferentes-farmaceuticas\/#article\",\"isPartOf\":{\"@id\":\"https:\/\/www.sonoraenequipo.com.mx\/llama-salud-sonora-a-no-combinar-vacunas-contra-covid-19-de-diferentes-farmaceuticas\/\"},\"author\":{\"name\":\"enequipo\",\"@id\":\"https:\/\/www.sonoraenequipo.com.mx\/#\/schema\/person\/50102df0fb23a8fa9e8effad8fa81386\"},\"headline\":\"Llama Salud Sonora a no combinar vacunas contra COVID-19 de diferentes farmac\u00e9uticas\",\"datePublished\":\"2021-06-30T06:23:31+00:00\",\"dateModified\":\"2021-07-01T18:45:46+00:00\",\"mainEntityOfPage\":{\"@id\":\"https:\/\/www.sonoraenequipo.com.mx\/llama-salud-sonora-a-no-combinar-vacunas-contra-covid-19-de-diferentes-farmaceuticas\/\"},\"wordCount\":284,\"commentCount\":0,\"publisher\":{\"@id\":\"https:\/\/www.sonoraenequipo.com.mx\/#organization\"},\"image\":{\"@id\":\"https:\/\/www.sonoraenequipo.com.mx\/llama-salud-sonora-a-no-combinar-vacunas-contra-covid-19-de-diferentes-farmaceuticas\/#primaryimage\"},\"thumbnailUrl\":\"https:\/\/www.sonoraenequipo.com.mx\/storage\/2021\/06\/vacunacion-de-50-59_opt.jpg\",\"keywords\":[\"covid\",\"Sonora\"],\"articleSection\":[\"Sonora\"],\"inLanguage\":\"es\",\"potentialAction\":[{\"@type\":\"CommentAction\",\"name\":\"Comment\",\"target\":[\"https:\/\/www.sonoraenequipo.com.mx\/llama-salud-sonora-a-no-combinar-vacunas-contra-covid-19-de-diferentes-farmaceuticas\/#respond\"]}]},{\"@type\":\"WebPage\",\"@id\":\"https:\/\/www.sonoraenequipo.com.mx\/llama-salud-sonora-a-no-combinar-vacunas-contra-covid-19-de-diferentes-farmaceuticas\/\",\"url\":\"https:\/\/www.sonoraenequipo.com.mx\/llama-salud-sonora-a-no-combinar-vacunas-contra-covid-19-de-diferentes-farmaceuticas\/\",\"name\":\"Sonora en Equipo. Llama Salud Sonora a no combinar vacunas contra COVID-19 de diferentes farmac\u00e9uticas Sonora\",\"isPartOf\":{\"@id\":\"https:\/\/www.sonoraenequipo.com.mx\/#website\"},\"primaryImageOfPage\":{\"@id\":\"https:\/\/www.sonoraenequipo.com.mx\/llama-salud-sonora-a-no-combinar-vacunas-contra-covid-19-de-diferentes-farmaceuticas\/#primaryimage\"},\"image\":{\"@id\":\"https:\/\/www.sonoraenequipo.com.mx\/llama-salud-sonora-a-no-combinar-vacunas-contra-covid-19-de-diferentes-farmaceuticas\/#primaryimage\"},\"thumbnailUrl\":\"https:\/\/www.sonoraenequipo.com.mx\/storage\/2021\/06\/vacunacion-de-50-59_opt.jpg\",\"datePublished\":\"2021-06-30T06:23:31+00:00\",\"dateModified\":\"2021-07-01T18:45:46+00:00\",\"description\":\"HERMOSILLO, SONORA,MX.\u2500\u2500Hasta el momento, en M\u00e9xico no se ha considerado ni aprobado hacer combinaci\u00f3n de diferentes tipos de vacunas contra COVID-19, por En Sonora en Equipo publicamos toda la informaci\u00f3n de Sonora, M\u00e9xico y el Mundo de manera oportuna y busca que la libertad de expresi\u00f3n sea real. Visita nuestro medio informativo publicado desde Hermosillo, Sonora. %\",\"breadcrumb\":{\"@id\":\"https:\/\/www.sonoraenequipo.com.mx\/llama-salud-sonora-a-no-combinar-vacunas-contra-covid-19-de-diferentes-farmaceuticas\/#breadcrumb\"},\"inLanguage\":\"es\",\"potentialAction\":[{\"@type\":\"ReadAction\",\"target\":[\"https:\/\/www.sonoraenequipo.com.mx\/llama-salud-sonora-a-no-combinar-vacunas-contra-covid-19-de-diferentes-farmaceuticas\/\"]}]},{\"@type\":\"ImageObject\",\"inLanguage\":\"es\",\"@id\":\"https:\/\/www.sonoraenequipo.com.mx\/llama-salud-sonora-a-no-combinar-vacunas-contra-covid-19-de-diferentes-farmaceuticas\/#primaryimage\",\"url\":\"https:\/\/www.sonoraenequipo.com.mx\/storage\/2021\/06\/vacunacion-de-50-59_opt.jpg\",\"contentUrl\":\"https:\/\/www.sonoraenequipo.com.mx\/storage\/2021\/06\/vacunacion-de-50-59_opt.jpg\",\"width\":700,\"height\":400},{\"@type\":\"BreadcrumbList\",\"@id\":\"https:\/\/www.sonoraenequipo.com.mx\/llama-salud-sonora-a-no-combinar-vacunas-contra-covid-19-de-diferentes-farmaceuticas\/#breadcrumb\",\"itemListElement\":[{\"@type\":\"ListItem\",\"position\":1,\"name\":\"Portada\",\"item\":\"https:\/\/www.sonoraenequipo.com.mx\/\"},{\"@type\":\"ListItem\",\"position\":2,\"name\":\"Llama Salud Sonora a no combinar vacunas contra COVID-19 de diferentes farmac\u00e9uticas\"}]},{\"@type\":\"WebSite\",\"@id\":\"https:\/\/www.sonoraenequipo.com.mx\/#website\",\"url\":\"https:\/\/www.sonoraenequipo.com.mx\/\",\"name\":\"Sonora en Equipo.\",\"description\":\"Diario en l\u00ednea con Noticias desde Hermosillo, Sonora\",\"publisher\":{\"@id\":\"https:\/\/www.sonoraenequipo.com.mx\/#organization\"},\"potentialAction\":[{\"@type\":\"SearchAction\",\"target\":{\"@type\":\"EntryPoint\",\"urlTemplate\":\"https:\/\/www.sonoraenequipo.com.mx\/?s={search_term_string}\"},\"query-input\":{\"@type\":\"PropertyValueSpecification\",\"valueRequired\":true,\"valueName\":\"search_term_string\"}}],\"inLanguage\":\"es\"},{\"@type\":\"Organization\",\"@id\":\"https:\/\/www.sonoraenequipo.com.mx\/#organization\",\"name\":\"Sonoraenequipo.com.mx\",\"url\":\"https:\/\/www.sonoraenequipo.com.mx\/\",\"logo\":{\"@type\":\"ImageObject\",\"inLanguage\":\"es\",\"@id\":\"https:\/\/www.sonoraenequipo.com.mx\/#\/schema\/logo\/image\/\",\"url\":\"https:\/\/www.sonoraenequipo.com.mx\/storage\/2019\/01\/sonoraenequipo_opt.png\",\"contentUrl\":\"https:\/\/www.sonoraenequipo.com.mx\/storage\/2019\/01\/sonoraenequipo_opt.png\",\"width\":375,\"height\":125,\"caption\":\"Sonoraenequipo.com.mx\"},\"image\":{\"@id\":\"https:\/\/www.sonoraenequipo.com.mx\/#\/schema\/logo\/image\/\"},\"sameAs\":[\"https:\/\/www.facebook.com\/SonoraEE\/\",\"https:\/\/x.com\/sonoraenequipo\",\"https:\/\/www.youtube.com\/channel\/UC338nW-lPEYmJQs4ZABQ1SQ\"]},{\"@type\":\"Person\",\"@id\":\"https:\/\/www.sonoraenequipo.com.mx\/#\/schema\/person\/50102df0fb23a8fa9e8effad8fa81386\",\"name\":\"enequipo\",\"image\":{\"@type\":\"ImageObject\",\"inLanguage\":\"es\",\"@id\":\"https:\/\/www.sonoraenequipo.com.mx\/#\/schema\/person\/image\/\",\"url\":\"https:\/\/secure.gravatar.com\/avatar\/049821681b589dabc0bc20695993ccebb09f5b5d4d790cd9251b97faac7c652b?s=96&d=blank&r=g\",\"contentUrl\":\"https:\/\/secure.gravatar.com\/avatar\/049821681b589dabc0bc20695993ccebb09f5b5d4d790cd9251b97faac7c652b?s=96&d=blank&r=g\",\"caption\":\"enequipo\"},\"sameAs\":[\"https:\/\/www.facebook.com\/SonoraEE\"]}]}<\/script>\n ","yoast_head_json":{"title":"Sonora en Equipo. Llama Salud Sonora a no combinar vacunas contra COVID-19 de diferentes farmac\u00e9uticas Sonora","description":"HERMOSILLO, SONORA,MX.\u2500\u2500Hasta el momento, en M\u00e9xico no se ha considerado ni aprobado hacer combinaci\u00f3n de diferentes tipos de vacunas contra COVID-19, por En Sonora en Equipo publicamos toda la informaci\u00f3n de Sonora, M\u00e9xico y el Mundo de manera oportuna y busca que la libertad de expresi\u00f3n sea real. Visita nuestro medio informativo publicado desde Hermosillo, Sonora. %","robots":{"index":"index","follow":"follow","max-snippet":"max-snippet:-1","max-image-preview":"max-image-preview:large","max-video-preview":"max-video-preview:-1"},"canonical":"https:\/\/www.sonoraenequipo.com.mx\/llama-salud-sonora-a-no-combinar-vacunas-contra-covid-19-de-diferentes-farmaceuticas\/","og_locale":"es_ES","og_type":"article","og_title":"Sonora en Equipo. Llama Salud Sonora a no combinar vacunas contra COVID-19 de diferentes farmac\u00e9uticas Sonora","og_description":"HERMOSILLO, SONORA,MX.\u2500\u2500Hasta el momento, en M\u00e9xico no se ha considerado ni aprobado hacer combinaci\u00f3n de diferentes tipos de vacunas contra COVID-19, por En Sonora en Equipo publicamos toda la informaci\u00f3n de Sonora, M\u00e9xico y el Mundo de manera oportuna y busca que la libertad de expresi\u00f3n sea real. Visita nuestro medio informativo publicado desde Hermosillo, Sonora. %","og_url":"https:\/\/www.sonoraenequipo.com.mx\/llama-salud-sonora-a-no-combinar-vacunas-contra-covid-19-de-diferentes-farmaceuticas\/","og_site_name":"Sonora en Equipo.","article_publisher":"https:\/\/www.facebook.com\/SonoraEE\/","article_author":"https:\/\/www.facebook.com\/SonoraEE","article_published_time":"2021-06-30T06:23:31+00:00","article_modified_time":"2021-07-01T18:45:46+00:00","og_image":[{"width":700,"height":400,"url":"https:\/\/www.sonoraenequipo.com.mx\/storage\/2021\/06\/vacunacion-de-50-59_opt.jpg","type":"image\/jpeg"}],"author":"enequipo","twitter_card":"summary_large_image","twitter_creator":"@sonoraenequipo","twitter_site":"@sonoraenequipo","twitter_misc":{"Escrito por":"enequipo","Tiempo de lectura":"2 minutos"},"schema":{"@context":"https:\/\/schema.org","@graph":[{"@type":"Article","@id":"https:\/\/www.sonoraenequipo.com.mx\/llama-salud-sonora-a-no-combinar-vacunas-contra-covid-19-de-diferentes-farmaceuticas\/#article","isPartOf":{"@id":"https:\/\/www.sonoraenequipo.com.mx\/llama-salud-sonora-a-no-combinar-vacunas-contra-covid-19-de-diferentes-farmaceuticas\/"},"author":{"name":"enequipo","@id":"https:\/\/www.sonoraenequipo.com.mx\/#\/schema\/person\/50102df0fb23a8fa9e8effad8fa81386"},"headline":"Llama Salud Sonora a no combinar vacunas contra COVID-19 de diferentes farmac\u00e9uticas","datePublished":"2021-06-30T06:23:31+00:00","dateModified":"2021-07-01T18:45:46+00:00","mainEntityOfPage":{"@id":"https:\/\/www.sonoraenequipo.com.mx\/llama-salud-sonora-a-no-combinar-vacunas-contra-covid-19-de-diferentes-farmaceuticas\/"},"wordCount":284,"commentCount":0,"publisher":{"@id":"https:\/\/www.sonoraenequipo.com.mx\/#organization"},"image":{"@id":"https:\/\/www.sonoraenequipo.com.mx\/llama-salud-sonora-a-no-combinar-vacunas-contra-covid-19-de-diferentes-farmaceuticas\/#primaryimage"},"thumbnailUrl":"https:\/\/www.sonoraenequipo.com.mx\/storage\/2021\/06\/vacunacion-de-50-59_opt.jpg","keywords":["covid","Sonora"],"articleSection":["Sonora"],"inLanguage":"es","potentialAction":[{"@type":"CommentAction","name":"Comment","target":["https:\/\/www.sonoraenequipo.com.mx\/llama-salud-sonora-a-no-combinar-vacunas-contra-covid-19-de-diferentes-farmaceuticas\/#respond"]}]},{"@type":"WebPage","@id":"https:\/\/www.sonoraenequipo.com.mx\/llama-salud-sonora-a-no-combinar-vacunas-contra-covid-19-de-diferentes-farmaceuticas\/","url":"https:\/\/www.sonoraenequipo.com.mx\/llama-salud-sonora-a-no-combinar-vacunas-contra-covid-19-de-diferentes-farmaceuticas\/","name":"Sonora en Equipo. Llama Salud Sonora a no combinar vacunas contra COVID-19 de diferentes farmac\u00e9uticas Sonora","isPartOf":{"@id":"https:\/\/www.sonoraenequipo.com.mx\/#website"},"primaryImageOfPage":{"@id":"https:\/\/www.sonoraenequipo.com.mx\/llama-salud-sonora-a-no-combinar-vacunas-contra-covid-19-de-diferentes-farmaceuticas\/#primaryimage"},"image":{"@id":"https:\/\/www.sonoraenequipo.com.mx\/llama-salud-sonora-a-no-combinar-vacunas-contra-covid-19-de-diferentes-farmaceuticas\/#primaryimage"},"thumbnailUrl":"https:\/\/www.sonoraenequipo.com.mx\/storage\/2021\/06\/vacunacion-de-50-59_opt.jpg","datePublished":"2021-06-30T06:23:31+00:00","dateModified":"2021-07-01T18:45:46+00:00","description":"HERMOSILLO, SONORA,MX.\u2500\u2500Hasta el momento, en M\u00e9xico no se ha considerado ni aprobado hacer combinaci\u00f3n de diferentes tipos de vacunas contra COVID-19, por En Sonora en Equipo publicamos toda la informaci\u00f3n de Sonora, M\u00e9xico y el Mundo de manera oportuna y busca que la libertad de expresi\u00f3n sea real. Visita nuestro medio informativo publicado desde Hermosillo, Sonora. %","breadcrumb":{"@id":"https:\/\/www.sonoraenequipo.com.mx\/llama-salud-sonora-a-no-combinar-vacunas-contra-covid-19-de-diferentes-farmaceuticas\/#breadcrumb"},"inLanguage":"es","potentialAction":[{"@type":"ReadAction","target":["https:\/\/www.sonoraenequipo.com.mx\/llama-salud-sonora-a-no-combinar-vacunas-contra-covid-19-de-diferentes-farmaceuticas\/"]}]},{"@type":"ImageObject","inLanguage":"es","@id":"https:\/\/www.sonoraenequipo.com.mx\/llama-salud-sonora-a-no-combinar-vacunas-contra-covid-19-de-diferentes-farmaceuticas\/#primaryimage","url":"https:\/\/www.sonoraenequipo.com.mx\/storage\/2021\/06\/vacunacion-de-50-59_opt.jpg","contentUrl":"https:\/\/www.sonoraenequipo.com.mx\/storage\/2021\/06\/vacunacion-de-50-59_opt.jpg","width":700,"height":400},{"@type":"BreadcrumbList","@id":"https:\/\/www.sonoraenequipo.com.mx\/llama-salud-sonora-a-no-combinar-vacunas-contra-covid-19-de-diferentes-farmaceuticas\/#breadcrumb","itemListElement":[{"@type":"ListItem","position":1,"name":"Portada","item":"https:\/\/www.sonoraenequipo.com.mx\/"},{"@type":"ListItem","position":2,"name":"Llama Salud Sonora a no combinar vacunas contra COVID-19 de diferentes farmac\u00e9uticas"}]},{"@type":"WebSite","@id":"https:\/\/www.sonoraenequipo.com.mx\/#website","url":"https:\/\/www.sonoraenequipo.com.mx\/","name":"Sonora en Equipo.","description":"Diario en l\u00ednea con Noticias desde Hermosillo, Sonora","publisher":{"@id":"https:\/\/www.sonoraenequipo.com.mx\/#organization"},"potentialAction":[{"@type":"SearchAction","target":{"@type":"EntryPoint","urlTemplate":"https:\/\/www.sonoraenequipo.com.mx\/?s={search_term_string}"},"query-input":{"@type":"PropertyValueSpecification","valueRequired":true,"valueName":"search_term_string"}}],"inLanguage":"es"},{"@type":"Organization","@id":"https:\/\/www.sonoraenequipo.com.mx\/#organization","name":"Sonoraenequipo.com.mx","url":"https:\/\/www.sonoraenequipo.com.mx\/","logo":{"@type":"ImageObject","inLanguage":"es","@id":"https:\/\/www.sonoraenequipo.com.mx\/#\/schema\/logo\/image\/","url":"https:\/\/www.sonoraenequipo.com.mx\/storage\/2019\/01\/sonoraenequipo_opt.png","contentUrl":"https:\/\/www.sonoraenequipo.com.mx\/storage\/2019\/01\/sonoraenequipo_opt.png","width":375,"height":125,"caption":"Sonoraenequipo.com.mx"},"image":{"@id":"https:\/\/www.sonoraenequipo.com.mx\/#\/schema\/logo\/image\/"},"sameAs":["https:\/\/www.facebook.com\/SonoraEE\/","https:\/\/x.com\/sonoraenequipo","https:\/\/www.youtube.com\/channel\/UC338nW-lPEYmJQs4ZABQ1SQ"]},{"@type":"Person","@id":"https:\/\/www.sonoraenequipo.com.mx\/#\/schema\/person\/50102df0fb23a8fa9e8effad8fa81386","name":"enequipo","image":{"@type":"ImageObject","inLanguage":"es","@id":"https:\/\/www.sonoraenequipo.com.mx\/#\/schema\/person\/image\/","url":"https:\/\/secure.gravatar.com\/avatar\/049821681b589dabc0bc20695993ccebb09f5b5d4d790cd9251b97faac7c652b?s=96&d=blank&r=g","contentUrl":"https:\/\/secure.gravatar.com\/avatar\/049821681b589dabc0bc20695993ccebb09f5b5d4d790cd9251b97faac7c652b?s=96&d=blank&r=g","caption":"enequipo"},"sameAs":["https:\/\/www.facebook.com\/SonoraEE"]}]}},"jetpack_featured_media_url":"https:\/\/www.sonoraenequipo.com.mx\/storage\/2021\/06\/vacunacion-de-50-59_opt.jpg","_links":{"self":[{"href":"https:\/\/www.sonoraenequipo.com.mx\/api\/wp\/v2\/posts\/117445","targetHints":{"allow":["GET"]}}],"collection":[{"href":"https:\/\/www.sonoraenequipo.com.mx\/api\/wp\/v2\/posts"}],"about":[{"href":"https:\/\/www.sonoraenequipo.com.mx\/api\/wp\/v2\/types\/post"}],"author":[{"embeddable":true,"href":"https:\/\/www.sonoraenequipo.com.mx\/api\/wp\/v2\/users\/1"}],"replies":[{"embeddable":true,"href":"https:\/\/www.sonoraenequipo.com.mx\/api\/wp\/v2\/comments?post=117445"}],"version-history":[{"count":3,"href":"https:\/\/www.sonoraenequipo.com.mx\/api\/wp\/v2\/posts\/117445\/revisions"}],"predecessor-version":[{"id":117550,"href":"https:\/\/www.sonoraenequipo.com.mx\/api\/wp\/v2\/posts\/117445\/revisions\/117550"}],"wp:featuredmedia":[{"embeddable":true,"href":"https:\/\/www.sonoraenequipo.com.mx\/api\/wp\/v2\/media\/115382"}],"wp:attachment":[{"href":"https:\/\/www.sonoraenequipo.com.mx\/api\/wp\/v2\/media?parent=117445"}],"wp:term":[{"taxonomy":"category","embeddable":true,"href":"https:\/\/www.sonoraenequipo.com.mx\/api\/wp\/v2\/categories?post=117445"},{"taxonomy":"post_tag","embeddable":true,"href":"https:\/\/www.sonoraenequipo.com.mx\/api\/wp\/v2\/tags?post=117445"}],"curies":[{"name":"wp","href":"https:\/\/api.w.org\/{rel}","templated":true}]}}