{"id":117456,"date":"2021-06-28T23:55:51","date_gmt":"2021-06-29T06:55:51","guid":{"rendered":"https:\/\/www.sonoraenequipo.com.mx\/?p=117456"},"modified":"2021-06-29T18:11:38","modified_gmt":"2021-06-30T01:11:38","slug":"en-colombia-ven-nueva-alianza-entre-grupos-armados","status":"publish","type":"post","link":"https:\/\/www.sonoraenequipo.com.mx\/en-colombia-ven-nueva-alianza-entre-grupos-armados\/","title":{"rendered":"En Colombia ven nueva alianza entre grupos armados"},"content":{"rendered":"<p>BOGOT\u00c1, COLOMBIA. \u2014 El ministro de Defensa de Colombia, Diego Molano, afirm\u00f3 este domingo que la guerrilla del ELN puede estar aliada con disidencias de las FARC y bandas criminales en la zona donde se cometi\u00f3 el atentado del pasado viernes contra el helic\u00f3ptero en el que viajaban el presidente Iv\u00e1n Duque, dos ministros y otros funcionarios.<\/p>\n<p>&nbsp;<\/p>\n<p> <\/p>\n<p>&nbsp;<\/p>\n<p>&nbsp;<\/p>\n<p><em>\u00abSe ha recibido informaci\u00f3n de una posible alianza criminal narcotraficante entre el frente urbano del ELN y la disidencias de las FARC Grupo Residual Organizado Frente 33 con organizaciones narcotraficantes y criminales que delinquen en el Norte de Santander y tienen presencia en Venezuela\u00bb<\/em>, dijo Molano a la prensa.<\/p>\n<p>&nbsp;<\/p>\n<p>El Gobierno colombiano no apunt\u00f3 directamente a que estos grupos est\u00e9n detr\u00e1s del atentado, pero asegur\u00f3 que cuentan con los <em>\u00abretratos hablados de quienes ser\u00edan los responsables del atentado cometido contra el presidente de la rep\u00fablica\u00bb.<\/em><\/p>\n<p>&nbsp;<\/p>\n<p>El viernes, seis disparos impactaron la aeronave presidencial cuando se aproximaba a C\u00facuta, capital de Norte de Santander y fronteriza con Venezuela, procedente de la localidad de Sardinata, en la regi\u00f3n del Catatumbo.<\/p>\n<p>&nbsp;<\/p>\n<p>Duque, Molano y el ministro de Interior, Daniel Palacios, as\u00ed como el gobernador de Norte de Santander, Silvano Serrano, y el alcalde de C\u00facuta, Jairo Y\u00e1\u00f1ez, que lo hab\u00edan acompa\u00f1ado a la visita a Sardinata, salieron ilesos del ataque al helic\u00f3ptero.<\/p>\n<p>&nbsp;<\/p>\n<p><em>\u00abEsta investigaci\u00f3n es un proceso priorizado con fiscales especializados en crimen organizado\u00bb,<\/em> asegur\u00f3 en la misma comparecencia el director general de la Polic\u00eda Nacional, general Jorge Luis Vargas, quien subray\u00f3 que 84 investigadores trabajan en este proceso y 140 equipos multidisciplinares.<\/p>\n<p>&nbsp;<\/p>\n<p>Las investigaciones realizadas hasta el momento, seg\u00fan adelant\u00f3 la Polic\u00eda, revelan que <em>\u00abhay coincidencia bal\u00edstica\u00bb<\/em> entre las vainillas encontradas y el fusil FAL de fabricaci\u00f3n belga y ensamblado en Venezuela, y el fusil AK-47 incautados ayer en el barrio La Conquista, a 1.2 kil\u00f3metros del aeropuerto de C\u00facuta y desde donde supuestamente se hicieron los disparos.<\/p>\n<p>&nbsp;<\/p>\n<p>La regi\u00f3n del Catatumbo, que abarca 10,089 kil\u00f3metros cuadrados, en su mayor\u00eda selv\u00e1ticos, forma frontera con Venezuela y est\u00e1 compuesta por once municipios donde operan la guerrilla del Ej\u00e9rcito de Liberaci\u00f3n Nacional (ELN), disidentes de las FARC, un reducto del Ej\u00e9rcito Popular de Liberaci\u00f3n (EPL) y bandas de paramilitares y narcotraficantes.<\/p>\n<p>&nbsp;<\/p>\n<p>La Fundaci\u00f3n Pares, especializada en conflicto y paz, se\u00f1ala que desde hace unos meses el ELN consigui\u00f3 el repliegue hacia Venezuela del grupo criminal Los Rastrojos, que controlaba el \u00e1rea urbana de C\u00facuta, lo que ha permitido la entrada de otros grupos armados y que se cometan dos atentados en apenas dos semanas.<\/p>\n<p>&nbsp;<\/p>\n<p>El pasado 15 de junio un carro bomba explot\u00f3 en la sede de la Brigada 30 del Ej\u00e9rcito en C\u00facuta, en la que hab\u00eda personal militar de Estados Unidos, y resultaron heridas 36 personas.<\/p>\n<p>&nbsp;<\/p>\n<p>La guerrilla del ELN, que ha cometido atentados similares contra bases militares colombianas, desminti\u00f3 en un comunicado difundido en varios de sus canales tener relaci\u00f3n con este atentado y a\u00fan no se ha pronunciado sobre el ataque contra el helic\u00f3ptero presidencial.<\/p>\n<p>&nbsp;<\/p>\n<p>&nbsp;<\/p>\n<p>(Publicada el 28\/06\/2021 \/EFE)<\/p>\n","protected":false},"excerpt":{"rendered":"<p>BOGOT\u00c1, COLOMBIA. \u2014 El ministro de Defensa de Colombia, Diego Molano, afirm\u00f3 este domingo que&#8230;<\/p>\n","protected":false},"author":1,"featured_media":117405,"comment_status":"open","ping_status":"open","sticky":false,"template":"","format":"standard","meta":{"_monsterinsights_skip_tracking":false,"_monsterinsights_sitenote_active":false,"_monsterinsights_sitenote_note":"","_monsterinsights_sitenote_category":0,"footnotes":""},"categories":[3],"tags":[],"class_list":["post"],"yoast_head":" \n<title>Sonora en Equipo. En Colombia ven nueva alianza entre grupos armados MUNDO<\/title>\n<meta name=\"description\" content=\"BOGOT\u00c1, COLOMBIA. \u2014 El ministro de Defensa de Colombia, Diego Molano, afirm\u00f3 este domingo que la guerrilla del ELN puede estar aliada con disidencias de En Sonora en Equipo publicamos toda la informaci\u00f3n de Sonora, M\u00e9xico y el Mundo de manera oportuna y busca que la libertad de expresi\u00f3n sea real. Visita nuestro medio informativo publicado desde Hermosillo, Sonora. %\" \/>\n<meta name=\"robots\" content=\"index, follow, max-snippet:-1, max-image-preview:large, max-video-preview:-1\" \/>\n<link rel=\"canonical\" href=\"https:\/\/www.sonoraenequipo.com.mx\/en-colombia-ven-nueva-alianza-entre-grupos-armados\/\" \/>\n<meta property=\"og:locale\" content=\"es_ES\" \/>\n<meta property=\"og:type\" content=\"article\" \/>\n<meta property=\"og:title\" content=\"Sonora en Equipo. En Colombia ven nueva alianza entre grupos armados MUNDO\" \/>\n<meta property=\"og:description\" content=\"BOGOT\u00c1, COLOMBIA. \u2014 El ministro de Defensa de Colombia, Diego Molano, afirm\u00f3 este domingo que la guerrilla del ELN puede estar aliada con disidencias de En Sonora en Equipo publicamos toda la informaci\u00f3n de Sonora, M\u00e9xico y el Mundo de manera oportuna y busca que la libertad de expresi\u00f3n sea real. Visita nuestro medio informativo publicado desde Hermosillo, Sonora. %\" \/>\n<meta property=\"og:url\" content=\"https:\/\/www.sonoraenequipo.com.mx\/en-colombia-ven-nueva-alianza-entre-grupos-armados\/\" \/>\n<meta property=\"og:site_name\" content=\"Sonora en Equipo.\" \/>\n<meta property=\"article:publisher\" content=\"https:\/\/www.facebook.com\/SonoraEE\/\" \/>\n<meta property=\"article:author\" content=\"https:\/\/www.facebook.com\/SonoraEE\" \/>\n<meta property=\"article:published_time\" content=\"2021-06-29T06:55:51+00:00\" \/>\n<meta property=\"article:modified_time\" content=\"2021-06-30T01:11:38+00:00\" \/>\n<meta property=\"og:image\" content=\"https:\/\/www.sonoraenequipo.com.mx\/storage\/2021\/06\/colombia_opt.jpg\" \/>\n\t<meta property=\"og:image:width\" content=\"700\" \/>\n\t<meta property=\"og:image:height\" content=\"400\" \/>\n\t<meta property=\"og:image:type\" content=\"image\/jpeg\" \/>\n<meta name=\"author\" content=\"enequipo\" \/>\n<meta name=\"twitter:card\" content=\"summary_large_image\" \/>\n<meta name=\"twitter:creator\" content=\"@sonoraenequipo\" \/>\n<meta name=\"twitter:site\" content=\"@sonoraenequipo\" \/>\n<meta name=\"twitter:label1\" content=\"Escrito por\" \/>\n\t<meta name=\"twitter:data1\" content=\"enequipo\" \/>\n\t<meta name=\"twitter:label2\" content=\"Tiempo de lectura\" \/>\n\t<meta name=\"twitter:data2\" content=\"3 minutos\" \/>\n<script type=\"application\/ld+json\" class=\"yoast-schema-graph\">{\"@context\":\"https:\/\/schema.org\",\"@graph\":[{\"@type\":\"Article\",\"@id\":\"https:\/\/www.sonoraenequipo.com.mx\/en-colombia-ven-nueva-alianza-entre-grupos-armados\/#article\",\"isPartOf\":{\"@id\":\"https:\/\/www.sonoraenequipo.com.mx\/en-colombia-ven-nueva-alianza-entre-grupos-armados\/\"},\"author\":{\"name\":\"enequipo\",\"@id\":\"https:\/\/www.sonoraenequipo.com.mx\/#\/schema\/person\/50102df0fb23a8fa9e8effad8fa81386\"},\"headline\":\"En Colombia ven nueva alianza entre grupos armados\",\"datePublished\":\"2021-06-29T06:55:51+00:00\",\"dateModified\":\"2021-06-30T01:11:38+00:00\",\"mainEntityOfPage\":{\"@id\":\"https:\/\/www.sonoraenequipo.com.mx\/en-colombia-ven-nueva-alianza-entre-grupos-armados\/\"},\"wordCount\":547,\"commentCount\":0,\"publisher\":{\"@id\":\"https:\/\/www.sonoraenequipo.com.mx\/#organization\"},\"image\":{\"@id\":\"https:\/\/www.sonoraenequipo.com.mx\/en-colombia-ven-nueva-alianza-entre-grupos-armados\/#primaryimage\"},\"thumbnailUrl\":\"https:\/\/www.sonoraenequipo.com.mx\/storage\/2021\/06\/colombia_opt.jpg\",\"articleSection\":[\"MUNDO\"],\"inLanguage\":\"es\",\"potentialAction\":[{\"@type\":\"CommentAction\",\"name\":\"Comment\",\"target\":[\"https:\/\/www.sonoraenequipo.com.mx\/en-colombia-ven-nueva-alianza-entre-grupos-armados\/#respond\"]}]},{\"@type\":\"WebPage\",\"@id\":\"https:\/\/www.sonoraenequipo.com.mx\/en-colombia-ven-nueva-alianza-entre-grupos-armados\/\",\"url\":\"https:\/\/www.sonoraenequipo.com.mx\/en-colombia-ven-nueva-alianza-entre-grupos-armados\/\",\"name\":\"Sonora en Equipo. En Colombia ven nueva alianza entre grupos armados MUNDO\",\"isPartOf\":{\"@id\":\"https:\/\/www.sonoraenequipo.com.mx\/#website\"},\"primaryImageOfPage\":{\"@id\":\"https:\/\/www.sonoraenequipo.com.mx\/en-colombia-ven-nueva-alianza-entre-grupos-armados\/#primaryimage\"},\"image\":{\"@id\":\"https:\/\/www.sonoraenequipo.com.mx\/en-colombia-ven-nueva-alianza-entre-grupos-armados\/#primaryimage\"},\"thumbnailUrl\":\"https:\/\/www.sonoraenequipo.com.mx\/storage\/2021\/06\/colombia_opt.jpg\",\"datePublished\":\"2021-06-29T06:55:51+00:00\",\"dateModified\":\"2021-06-30T01:11:38+00:00\",\"description\":\"BOGOT\u00c1, COLOMBIA. \u2014 El ministro de Defensa de Colombia, Diego Molano, afirm\u00f3 este domingo que la guerrilla del ELN puede estar aliada con disidencias de En Sonora en Equipo publicamos toda la informaci\u00f3n de Sonora, M\u00e9xico y el Mundo de manera oportuna y busca que la libertad de expresi\u00f3n sea real. Visita nuestro medio informativo publicado desde Hermosillo, Sonora. %\",\"breadcrumb\":{\"@id\":\"https:\/\/www.sonoraenequipo.com.mx\/en-colombia-ven-nueva-alianza-entre-grupos-armados\/#breadcrumb\"},\"inLanguage\":\"es\",\"potentialAction\":[{\"@type\":\"ReadAction\",\"target\":[\"https:\/\/www.sonoraenequipo.com.mx\/en-colombia-ven-nueva-alianza-entre-grupos-armados\/\"]}]},{\"@type\":\"ImageObject\",\"inLanguage\":\"es\",\"@id\":\"https:\/\/www.sonoraenequipo.com.mx\/en-colombia-ven-nueva-alianza-entre-grupos-armados\/#primaryimage\",\"url\":\"https:\/\/www.sonoraenequipo.com.mx\/storage\/2021\/06\/colombia_opt.jpg\",\"contentUrl\":\"https:\/\/www.sonoraenequipo.com.mx\/storage\/2021\/06\/colombia_opt.jpg\",\"width\":700,\"height\":400},{\"@type\":\"BreadcrumbList\",\"@id\":\"https:\/\/www.sonoraenequipo.com.mx\/en-colombia-ven-nueva-alianza-entre-grupos-armados\/#breadcrumb\",\"itemListElement\":[{\"@type\":\"ListItem\",\"position\":1,\"name\":\"Portada\",\"item\":\"https:\/\/www.sonoraenequipo.com.mx\/\"},{\"@type\":\"ListItem\",\"position\":2,\"name\":\"En Colombia ven nueva alianza entre grupos armados\"}]},{\"@type\":\"WebSite\",\"@id\":\"https:\/\/www.sonoraenequipo.com.mx\/#website\",\"url\":\"https:\/\/www.sonoraenequipo.com.mx\/\",\"name\":\"Sonora en Equipo.\",\"description\":\"Diario en l\u00ednea con Noticias desde Hermosillo, Sonora\",\"publisher\":{\"@id\":\"https:\/\/www.sonoraenequipo.com.mx\/#organization\"},\"potentialAction\":[{\"@type\":\"SearchAction\",\"target\":{\"@type\":\"EntryPoint\",\"urlTemplate\":\"https:\/\/www.sonoraenequipo.com.mx\/?s={search_term_string}\"},\"query-input\":{\"@type\":\"PropertyValueSpecification\",\"valueRequired\":true,\"valueName\":\"search_term_string\"}}],\"inLanguage\":\"es\"},{\"@type\":\"Organization\",\"@id\":\"https:\/\/www.sonoraenequipo.com.mx\/#organization\",\"name\":\"Sonoraenequipo.com.mx\",\"url\":\"https:\/\/www.sonoraenequipo.com.mx\/\",\"logo\":{\"@type\":\"ImageObject\",\"inLanguage\":\"es\",\"@id\":\"https:\/\/www.sonoraenequipo.com.mx\/#\/schema\/logo\/image\/\",\"url\":\"https:\/\/www.sonoraenequipo.com.mx\/storage\/2019\/01\/sonoraenequipo_opt.png\",\"contentUrl\":\"https:\/\/www.sonoraenequipo.com.mx\/storage\/2019\/01\/sonoraenequipo_opt.png\",\"width\":375,\"height\":125,\"caption\":\"Sonoraenequipo.com.mx\"},\"image\":{\"@id\":\"https:\/\/www.sonoraenequipo.com.mx\/#\/schema\/logo\/image\/\"},\"sameAs\":[\"https:\/\/www.facebook.com\/SonoraEE\/\",\"https:\/\/x.com\/sonoraenequipo\",\"https:\/\/www.youtube.com\/channel\/UC338nW-lPEYmJQs4ZABQ1SQ\"]},{\"@type\":\"Person\",\"@id\":\"https:\/\/www.sonoraenequipo.com.mx\/#\/schema\/person\/50102df0fb23a8fa9e8effad8fa81386\",\"name\":\"enequipo\",\"image\":{\"@type\":\"ImageObject\",\"inLanguage\":\"es\",\"@id\":\"https:\/\/www.sonoraenequipo.com.mx\/#\/schema\/person\/image\/\",\"url\":\"https:\/\/secure.gravatar.com\/avatar\/049821681b589dabc0bc20695993ccebb09f5b5d4d790cd9251b97faac7c652b?s=96&d=blank&r=g\",\"contentUrl\":\"https:\/\/secure.gravatar.com\/avatar\/049821681b589dabc0bc20695993ccebb09f5b5d4d790cd9251b97faac7c652b?s=96&d=blank&r=g\",\"caption\":\"enequipo\"},\"sameAs\":[\"https:\/\/www.facebook.com\/SonoraEE\"]}]}<\/script>\n ","yoast_head_json":{"title":"Sonora en Equipo. En Colombia ven nueva alianza entre grupos armados MUNDO","description":"BOGOT\u00c1, COLOMBIA. \u2014 El ministro de Defensa de Colombia, Diego Molano, afirm\u00f3 este domingo que la guerrilla del ELN puede estar aliada con disidencias de En Sonora en Equipo publicamos toda la informaci\u00f3n de Sonora, M\u00e9xico y el Mundo de manera oportuna y busca que la libertad de expresi\u00f3n sea real. Visita nuestro medio informativo publicado desde Hermosillo, Sonora. %","robots":{"index":"index","follow":"follow","max-snippet":"max-snippet:-1","max-image-preview":"max-image-preview:large","max-video-preview":"max-video-preview:-1"},"canonical":"https:\/\/www.sonoraenequipo.com.mx\/en-colombia-ven-nueva-alianza-entre-grupos-armados\/","og_locale":"es_ES","og_type":"article","og_title":"Sonora en Equipo. En Colombia ven nueva alianza entre grupos armados MUNDO","og_description":"BOGOT\u00c1, COLOMBIA. \u2014 El ministro de Defensa de Colombia, Diego Molano, afirm\u00f3 este domingo que la guerrilla del ELN puede estar aliada con disidencias de En Sonora en Equipo publicamos toda la informaci\u00f3n de Sonora, M\u00e9xico y el Mundo de manera oportuna y busca que la libertad de expresi\u00f3n sea real. Visita nuestro medio informativo publicado desde Hermosillo, Sonora. %","og_url":"https:\/\/www.sonoraenequipo.com.mx\/en-colombia-ven-nueva-alianza-entre-grupos-armados\/","og_site_name":"Sonora en Equipo.","article_publisher":"https:\/\/www.facebook.com\/SonoraEE\/","article_author":"https:\/\/www.facebook.com\/SonoraEE","article_published_time":"2021-06-29T06:55:51+00:00","article_modified_time":"2021-06-30T01:11:38+00:00","og_image":[{"width":700,"height":400,"url":"https:\/\/www.sonoraenequipo.com.mx\/storage\/2021\/06\/colombia_opt.jpg","type":"image\/jpeg"}],"author":"enequipo","twitter_card":"summary_large_image","twitter_creator":"@sonoraenequipo","twitter_site":"@sonoraenequipo","twitter_misc":{"Escrito por":"enequipo","Tiempo de lectura":"3 minutos"},"schema":{"@context":"https:\/\/schema.org","@graph":[{"@type":"Article","@id":"https:\/\/www.sonoraenequipo.com.mx\/en-colombia-ven-nueva-alianza-entre-grupos-armados\/#article","isPartOf":{"@id":"https:\/\/www.sonoraenequipo.com.mx\/en-colombia-ven-nueva-alianza-entre-grupos-armados\/"},"author":{"name":"enequipo","@id":"https:\/\/www.sonoraenequipo.com.mx\/#\/schema\/person\/50102df0fb23a8fa9e8effad8fa81386"},"headline":"En Colombia ven nueva alianza entre grupos armados","datePublished":"2021-06-29T06:55:51+00:00","dateModified":"2021-06-30T01:11:38+00:00","mainEntityOfPage":{"@id":"https:\/\/www.sonoraenequipo.com.mx\/en-colombia-ven-nueva-alianza-entre-grupos-armados\/"},"wordCount":547,"commentCount":0,"publisher":{"@id":"https:\/\/www.sonoraenequipo.com.mx\/#organization"},"image":{"@id":"https:\/\/www.sonoraenequipo.com.mx\/en-colombia-ven-nueva-alianza-entre-grupos-armados\/#primaryimage"},"thumbnailUrl":"https:\/\/www.sonoraenequipo.com.mx\/storage\/2021\/06\/colombia_opt.jpg","articleSection":["MUNDO"],"inLanguage":"es","potentialAction":[{"@type":"CommentAction","name":"Comment","target":["https:\/\/www.sonoraenequipo.com.mx\/en-colombia-ven-nueva-alianza-entre-grupos-armados\/#respond"]}]},{"@type":"WebPage","@id":"https:\/\/www.sonoraenequipo.com.mx\/en-colombia-ven-nueva-alianza-entre-grupos-armados\/","url":"https:\/\/www.sonoraenequipo.com.mx\/en-colombia-ven-nueva-alianza-entre-grupos-armados\/","name":"Sonora en Equipo. En Colombia ven nueva alianza entre grupos armados MUNDO","isPartOf":{"@id":"https:\/\/www.sonoraenequipo.com.mx\/#website"},"primaryImageOfPage":{"@id":"https:\/\/www.sonoraenequipo.com.mx\/en-colombia-ven-nueva-alianza-entre-grupos-armados\/#primaryimage"},"image":{"@id":"https:\/\/www.sonoraenequipo.com.mx\/en-colombia-ven-nueva-alianza-entre-grupos-armados\/#primaryimage"},"thumbnailUrl":"https:\/\/www.sonoraenequipo.com.mx\/storage\/2021\/06\/colombia_opt.jpg","datePublished":"2021-06-29T06:55:51+00:00","dateModified":"2021-06-30T01:11:38+00:00","description":"BOGOT\u00c1, COLOMBIA. \u2014 El ministro de Defensa de Colombia, Diego Molano, afirm\u00f3 este domingo que la guerrilla del ELN puede estar aliada con disidencias de En Sonora en Equipo publicamos toda la informaci\u00f3n de Sonora, M\u00e9xico y el Mundo de manera oportuna y busca que la libertad de expresi\u00f3n sea real. Visita nuestro medio informativo publicado desde Hermosillo, Sonora. %","breadcrumb":{"@id":"https:\/\/www.sonoraenequipo.com.mx\/en-colombia-ven-nueva-alianza-entre-grupos-armados\/#breadcrumb"},"inLanguage":"es","potentialAction":[{"@type":"ReadAction","target":["https:\/\/www.sonoraenequipo.com.mx\/en-colombia-ven-nueva-alianza-entre-grupos-armados\/"]}]},{"@type":"ImageObject","inLanguage":"es","@id":"https:\/\/www.sonoraenequipo.com.mx\/en-colombia-ven-nueva-alianza-entre-grupos-armados\/#primaryimage","url":"https:\/\/www.sonoraenequipo.com.mx\/storage\/2021\/06\/colombia_opt.jpg","contentUrl":"https:\/\/www.sonoraenequipo.com.mx\/storage\/2021\/06\/colombia_opt.jpg","width":700,"height":400},{"@type":"BreadcrumbList","@id":"https:\/\/www.sonoraenequipo.com.mx\/en-colombia-ven-nueva-alianza-entre-grupos-armados\/#breadcrumb","itemListElement":[{"@type":"ListItem","position":1,"name":"Portada","item":"https:\/\/www.sonoraenequipo.com.mx\/"},{"@type":"ListItem","position":2,"name":"En Colombia ven nueva alianza entre grupos armados"}]},{"@type":"WebSite","@id":"https:\/\/www.sonoraenequipo.com.mx\/#website","url":"https:\/\/www.sonoraenequipo.com.mx\/","name":"Sonora en Equipo.","description":"Diario en l\u00ednea con Noticias desde Hermosillo, Sonora","publisher":{"@id":"https:\/\/www.sonoraenequipo.com.mx\/#organization"},"potentialAction":[{"@type":"SearchAction","target":{"@type":"EntryPoint","urlTemplate":"https:\/\/www.sonoraenequipo.com.mx\/?s={search_term_string}"},"query-input":{"@type":"PropertyValueSpecification","valueRequired":true,"valueName":"search_term_string"}}],"inLanguage":"es"},{"@type":"Organization","@id":"https:\/\/www.sonoraenequipo.com.mx\/#organization","name":"Sonoraenequipo.com.mx","url":"https:\/\/www.sonoraenequipo.com.mx\/","logo":{"@type":"ImageObject","inLanguage":"es","@id":"https:\/\/www.sonoraenequipo.com.mx\/#\/schema\/logo\/image\/","url":"https:\/\/www.sonoraenequipo.com.mx\/storage\/2019\/01\/sonoraenequipo_opt.png","contentUrl":"https:\/\/www.sonoraenequipo.com.mx\/storage\/2019\/01\/sonoraenequipo_opt.png","width":375,"height":125,"caption":"Sonoraenequipo.com.mx"},"image":{"@id":"https:\/\/www.sonoraenequipo.com.mx\/#\/schema\/logo\/image\/"},"sameAs":["https:\/\/www.facebook.com\/SonoraEE\/","https:\/\/x.com\/sonoraenequipo","https:\/\/www.youtube.com\/channel\/UC338nW-lPEYmJQs4ZABQ1SQ"]},{"@type":"Person","@id":"https:\/\/www.sonoraenequipo.com.mx\/#\/schema\/person\/50102df0fb23a8fa9e8effad8fa81386","name":"enequipo","image":{"@type":"ImageObject","inLanguage":"es","@id":"https:\/\/www.sonoraenequipo.com.mx\/#\/schema\/person\/image\/","url":"https:\/\/secure.gravatar.com\/avatar\/049821681b589dabc0bc20695993ccebb09f5b5d4d790cd9251b97faac7c652b?s=96&d=blank&r=g","contentUrl":"https:\/\/secure.gravatar.com\/avatar\/049821681b589dabc0bc20695993ccebb09f5b5d4d790cd9251b97faac7c652b?s=96&d=blank&r=g","caption":"enequipo"},"sameAs":["https:\/\/www.facebook.com\/SonoraEE"]}]}},"jetpack_featured_media_url":"https:\/\/www.sonoraenequipo.com.mx\/storage\/2021\/06\/colombia_opt.jpg","_links":{"self":[{"href":"https:\/\/www.sonoraenequipo.com.mx\/api\/wp\/v2\/posts\/117456","targetHints":{"allow":["GET"]}}],"collection":[{"href":"https:\/\/www.sonoraenequipo.com.mx\/api\/wp\/v2\/posts"}],"about":[{"href":"https:\/\/www.sonoraenequipo.com.mx\/api\/wp\/v2\/types\/post"}],"author":[{"embeddable":true,"href":"https:\/\/www.sonoraenequipo.com.mx\/api\/wp\/v2\/users\/1"}],"replies":[{"embeddable":true,"href":"https:\/\/www.sonoraenequipo.com.mx\/api\/wp\/v2\/comments?post=117456"}],"version-history":[{"count":2,"href":"https:\/\/www.sonoraenequipo.com.mx\/api\/wp\/v2\/posts\/117456\/revisions"}],"predecessor-version":[{"id":117458,"href":"https:\/\/www.sonoraenequipo.com.mx\/api\/wp\/v2\/posts\/117456\/revisions\/117458"}],"wp:featuredmedia":[{"embeddable":true,"href":"https:\/\/www.sonoraenequipo.com.mx\/api\/wp\/v2\/media\/117405"}],"wp:attachment":[{"href":"https:\/\/www.sonoraenequipo.com.mx\/api\/wp\/v2\/media?parent=117456"}],"wp:term":[{"taxonomy":"category","embeddable":true,"href":"https:\/\/www.sonoraenequipo.com.mx\/api\/wp\/v2\/categories?post=117456"},{"taxonomy":"post_tag","embeddable":true,"href":"https:\/\/www.sonoraenequipo.com.mx\/api\/wp\/v2\/tags?post=117456"}],"curies":[{"name":"wp","href":"https:\/\/api.w.org\/{rel}","templated":true}]}}