{"id":117459,"date":"2021-06-29T16:25:01","date_gmt":"2021-06-29T23:25:01","guid":{"rendered":"https:\/\/www.sonoraenequipo.com.mx\/?p=117459"},"modified":"2021-06-30T09:11:29","modified_gmt":"2021-06-30T16:11:29","slug":"declaran-culpable-al-director-responsable-de-la-obra-del-colegio-enrique-rebsamen-que-colapso-en-sismo-de-2017","status":"publish","type":"post","link":"https:\/\/www.sonoraenequipo.com.mx\/declaran-culpable-al-director-responsable-de-la-obra-del-colegio-enrique-rebsamen-que-colapso-en-sismo-de-2017\/","title":{"rendered":"Declaran culpable al director responsable de la obra del Colegio Enrique R\u00e9bsamen, que colaps\u00f3 en sismo de 2017"},"content":{"rendered":"<p>CDMX. M\u00c9XICO. \u2014 El ingeniero Juan Mario Velarde, quien fungi\u00f3 como director responsable de obra en la construcci\u00f3n del Colegio Enrique R\u00e9bsamen, fue encontrado culpable de la muerte de 19 alumnos y siete trabajadores.<\/p>\n<p>&nbsp;<\/p>\n<p> <\/p>\n<p>&nbsp;<\/p>\n<p>&nbsp;<\/p>\n<p>El ingeniero otorg\u00f3 el aval para la obtenci\u00f3n de la constancia de seguridad estructural para el funcionamiento de la escuela.<\/p>\n<p>&nbsp;<\/p>\n<p>Un tribunal de enjuiciamiento encontr\u00f3 culpable a Juan Mario Velarde G\u00e1mez por la muerte de 26 personas ocurrida tras el colapso del Colegio R\u00e9bsamen en la Ciudad de M\u00e9xico, luego del sismo de septiembre del 2017.<\/p>\n<p>&nbsp;<\/p>\n<p>El fallo condenatorio por el delito de homicidio doloso, se emiti\u00f3 en una audiencia realizada este martes en una Sala de Oralidad del Reclusorio Oriente.<\/p>\n<p>&nbsp;<\/p>\n<p>Con esta resoluci\u00f3n judicial, suman dos las personas que son recluidas en un penal, tras la muerte de 19 ni\u00f1os y 7 adultos a causa del colapso de las instalaciones escolares ubicadas en la alcald\u00eda Tlalpan.<\/p>\n<p>&nbsp;<\/p>\n<p>Tres a\u00f1os despu\u00e9s de la tragedia, en Septiembre del 2020, M\u00f3nica Garc\u00eda Villegas, directora y due\u00f1a del colegio particular, fue condenada a 31 a\u00f1os de prisi\u00f3n por homicidio culposo y responsabilidad de obra, por la construcci\u00f3n ilegal de un piso en uno de los edificios que se vino abajo tras el sismo.<\/p>\n<p>&nbsp;<\/p>\n<p>En el caso de Juan Mario Velarde G\u00e1mez, Director Responsable de Obras, el juez de la causa fij\u00f3 los d\u00edas 1, 6 y 7 de julio para llevar a cabo las audiencias de individualizaci\u00f3n de sanciones, tras las cuales se conocer\u00e1 la pena de prisi\u00f3n que le ser\u00e1 impuesta.<\/p>\n<p>&nbsp;<\/p>\n<p>&nbsp;<\/p>\n<p>(Publicada el 29\/06\/2021\/ Con informaci\u00f3n de FOROTV)<\/p>\n","protected":false},"excerpt":{"rendered":"<p>CDMX. M\u00c9XICO. \u2014 El ingeniero Juan Mario Velarde, quien fungi\u00f3 como director responsable de obra&#8230;<\/p>\n","protected":false},"author":1,"featured_media":117463,"comment_status":"open","ping_status":"open","sticky":false,"template":"","format":"standard","meta":{"_monsterinsights_skip_tracking":false,"_monsterinsights_sitenote_active":false,"_monsterinsights_sitenote_note":"","_monsterinsights_sitenote_category":0,"footnotes":""},"categories":[5],"tags":[],"class_list":["post"],"yoast_head":" \n<title>Sonora en Equipo. Declaran culpable al director responsable de la obra del Colegio Enrique R\u00e9bsamen, que colaps\u00f3 en sismo de 2017 Rep\u00fablica<\/title>\n<meta name=\"description\" content=\"CDMX. M\u00c9XICO. \u2014 El ingeniero Juan Mario Velarde, quien fungi\u00f3 como director responsable de obra en la construcci\u00f3n del Colegio Enrique R\u00e9bsamen, fue En Sonora en Equipo publicamos toda la informaci\u00f3n de Sonora, M\u00e9xico y el Mundo de manera oportuna y busca que la libertad de expresi\u00f3n sea real. Visita nuestro medio informativo publicado desde Hermosillo, Sonora. %\" \/>\n<meta name=\"robots\" content=\"index, follow, max-snippet:-1, max-image-preview:large, max-video-preview:-1\" \/>\n<link rel=\"canonical\" href=\"https:\/\/www.sonoraenequipo.com.mx\/declaran-culpable-al-director-responsable-de-la-obra-del-colegio-enrique-rebsamen-que-colapso-en-sismo-de-2017\/\" \/>\n<meta property=\"og:locale\" content=\"es_ES\" \/>\n<meta property=\"og:type\" content=\"article\" \/>\n<meta property=\"og:title\" content=\"Sonora en Equipo. Declaran culpable al director responsable de la obra del Colegio Enrique R\u00e9bsamen, que colaps\u00f3 en sismo de 2017 Rep\u00fablica\" \/>\n<meta property=\"og:description\" content=\"CDMX. M\u00c9XICO. \u2014 El ingeniero Juan Mario Velarde, quien fungi\u00f3 como director responsable de obra en la construcci\u00f3n del Colegio Enrique R\u00e9bsamen, fue En Sonora en Equipo publicamos toda la informaci\u00f3n de Sonora, M\u00e9xico y el Mundo de manera oportuna y busca que la libertad de expresi\u00f3n sea real. Visita nuestro medio informativo publicado desde Hermosillo, Sonora. %\" \/>\n<meta property=\"og:url\" content=\"https:\/\/www.sonoraenequipo.com.mx\/declaran-culpable-al-director-responsable-de-la-obra-del-colegio-enrique-rebsamen-que-colapso-en-sismo-de-2017\/\" \/>\n<meta property=\"og:site_name\" content=\"Sonora en Equipo.\" \/>\n<meta property=\"article:publisher\" content=\"https:\/\/www.facebook.com\/SonoraEE\/\" \/>\n<meta property=\"article:author\" content=\"https:\/\/www.facebook.com\/SonoraEE\" \/>\n<meta property=\"article:published_time\" content=\"2021-06-29T23:25:01+00:00\" \/>\n<meta property=\"article:modified_time\" content=\"2021-06-30T16:11:29+00:00\" \/>\n<meta property=\"og:image\" content=\"https:\/\/www.sonoraenequipo.com.mx\/storage\/2021\/06\/Colegio-Rebsamen_opt.jpg\" \/>\n\t<meta property=\"og:image:width\" content=\"700\" \/>\n\t<meta property=\"og:image:height\" content=\"400\" \/>\n\t<meta property=\"og:image:type\" content=\"image\/jpeg\" \/>\n<meta name=\"author\" content=\"enequipo\" \/>\n<meta name=\"twitter:card\" content=\"summary_large_image\" \/>\n<meta name=\"twitter:creator\" content=\"@sonoraenequipo\" \/>\n<meta name=\"twitter:site\" content=\"@sonoraenequipo\" \/>\n<meta name=\"twitter:label1\" content=\"Escrito por\" \/>\n\t<meta name=\"twitter:data1\" content=\"enequipo\" \/>\n\t<meta name=\"twitter:label2\" content=\"Tiempo de lectura\" \/>\n\t<meta name=\"twitter:data2\" content=\"2 minutos\" \/>\n<script type=\"application\/ld+json\" class=\"yoast-schema-graph\">{\"@context\":\"https:\/\/schema.org\",\"@graph\":[{\"@type\":\"Article\",\"@id\":\"https:\/\/www.sonoraenequipo.com.mx\/declaran-culpable-al-director-responsable-de-la-obra-del-colegio-enrique-rebsamen-que-colapso-en-sismo-de-2017\/#article\",\"isPartOf\":{\"@id\":\"https:\/\/www.sonoraenequipo.com.mx\/declaran-culpable-al-director-responsable-de-la-obra-del-colegio-enrique-rebsamen-que-colapso-en-sismo-de-2017\/\"},\"author\":{\"name\":\"enequipo\",\"@id\":\"https:\/\/www.sonoraenequipo.com.mx\/#\/schema\/person\/50102df0fb23a8fa9e8effad8fa81386\"},\"headline\":\"Declaran culpable al director responsable de la obra del Colegio Enrique R\u00e9bsamen, que colaps\u00f3 en sismo de 2017\",\"datePublished\":\"2021-06-29T23:25:01+00:00\",\"dateModified\":\"2021-06-30T16:11:29+00:00\",\"mainEntityOfPage\":{\"@id\":\"https:\/\/www.sonoraenequipo.com.mx\/declaran-culpable-al-director-responsable-de-la-obra-del-colegio-enrique-rebsamen-que-colapso-en-sismo-de-2017\/\"},\"wordCount\":298,\"commentCount\":0,\"publisher\":{\"@id\":\"https:\/\/www.sonoraenequipo.com.mx\/#organization\"},\"image\":{\"@id\":\"https:\/\/www.sonoraenequipo.com.mx\/declaran-culpable-al-director-responsable-de-la-obra-del-colegio-enrique-rebsamen-que-colapso-en-sismo-de-2017\/#primaryimage\"},\"thumbnailUrl\":\"https:\/\/www.sonoraenequipo.com.mx\/storage\/2021\/06\/Colegio-Rebsamen_opt.jpg\",\"articleSection\":[\"Rep\u00fablica\"],\"inLanguage\":\"es\",\"potentialAction\":[{\"@type\":\"CommentAction\",\"name\":\"Comment\",\"target\":[\"https:\/\/www.sonoraenequipo.com.mx\/declaran-culpable-al-director-responsable-de-la-obra-del-colegio-enrique-rebsamen-que-colapso-en-sismo-de-2017\/#respond\"]}]},{\"@type\":\"WebPage\",\"@id\":\"https:\/\/www.sonoraenequipo.com.mx\/declaran-culpable-al-director-responsable-de-la-obra-del-colegio-enrique-rebsamen-que-colapso-en-sismo-de-2017\/\",\"url\":\"https:\/\/www.sonoraenequipo.com.mx\/declaran-culpable-al-director-responsable-de-la-obra-del-colegio-enrique-rebsamen-que-colapso-en-sismo-de-2017\/\",\"name\":\"Sonora en Equipo. Declaran culpable al director responsable de la obra del Colegio Enrique R\u00e9bsamen, que colaps\u00f3 en sismo de 2017 Rep\u00fablica\",\"isPartOf\":{\"@id\":\"https:\/\/www.sonoraenequipo.com.mx\/#website\"},\"primaryImageOfPage\":{\"@id\":\"https:\/\/www.sonoraenequipo.com.mx\/declaran-culpable-al-director-responsable-de-la-obra-del-colegio-enrique-rebsamen-que-colapso-en-sismo-de-2017\/#primaryimage\"},\"image\":{\"@id\":\"https:\/\/www.sonoraenequipo.com.mx\/declaran-culpable-al-director-responsable-de-la-obra-del-colegio-enrique-rebsamen-que-colapso-en-sismo-de-2017\/#primaryimage\"},\"thumbnailUrl\":\"https:\/\/www.sonoraenequipo.com.mx\/storage\/2021\/06\/Colegio-Rebsamen_opt.jpg\",\"datePublished\":\"2021-06-29T23:25:01+00:00\",\"dateModified\":\"2021-06-30T16:11:29+00:00\",\"description\":\"CDMX. M\u00c9XICO. \u2014 El ingeniero Juan Mario Velarde, quien fungi\u00f3 como director responsable de obra en la construcci\u00f3n del Colegio Enrique R\u00e9bsamen, fue En Sonora en Equipo publicamos toda la informaci\u00f3n de Sonora, M\u00e9xico y el Mundo de manera oportuna y busca que la libertad de expresi\u00f3n sea real. Visita nuestro medio informativo publicado desde Hermosillo, Sonora. %\",\"breadcrumb\":{\"@id\":\"https:\/\/www.sonoraenequipo.com.mx\/declaran-culpable-al-director-responsable-de-la-obra-del-colegio-enrique-rebsamen-que-colapso-en-sismo-de-2017\/#breadcrumb\"},\"inLanguage\":\"es\",\"potentialAction\":[{\"@type\":\"ReadAction\",\"target\":[\"https:\/\/www.sonoraenequipo.com.mx\/declaran-culpable-al-director-responsable-de-la-obra-del-colegio-enrique-rebsamen-que-colapso-en-sismo-de-2017\/\"]}]},{\"@type\":\"ImageObject\",\"inLanguage\":\"es\",\"@id\":\"https:\/\/www.sonoraenequipo.com.mx\/declaran-culpable-al-director-responsable-de-la-obra-del-colegio-enrique-rebsamen-que-colapso-en-sismo-de-2017\/#primaryimage\",\"url\":\"https:\/\/www.sonoraenequipo.com.mx\/storage\/2021\/06\/Colegio-Rebsamen_opt.jpg\",\"contentUrl\":\"https:\/\/www.sonoraenequipo.com.mx\/storage\/2021\/06\/Colegio-Rebsamen_opt.jpg\",\"width\":700,\"height\":400},{\"@type\":\"BreadcrumbList\",\"@id\":\"https:\/\/www.sonoraenequipo.com.mx\/declaran-culpable-al-director-responsable-de-la-obra-del-colegio-enrique-rebsamen-que-colapso-en-sismo-de-2017\/#breadcrumb\",\"itemListElement\":[{\"@type\":\"ListItem\",\"position\":1,\"name\":\"Portada\",\"item\":\"https:\/\/www.sonoraenequipo.com.mx\/\"},{\"@type\":\"ListItem\",\"position\":2,\"name\":\"Declaran culpable al director responsable de la obra del Colegio Enrique R\u00e9bsamen, que colaps\u00f3 en sismo de 2017\"}]},{\"@type\":\"WebSite\",\"@id\":\"https:\/\/www.sonoraenequipo.com.mx\/#website\",\"url\":\"https:\/\/www.sonoraenequipo.com.mx\/\",\"name\":\"Sonora en Equipo.\",\"description\":\"Diario en l\u00ednea con Noticias desde Hermosillo, Sonora\",\"publisher\":{\"@id\":\"https:\/\/www.sonoraenequipo.com.mx\/#organization\"},\"potentialAction\":[{\"@type\":\"SearchAction\",\"target\":{\"@type\":\"EntryPoint\",\"urlTemplate\":\"https:\/\/www.sonoraenequipo.com.mx\/?s={search_term_string}\"},\"query-input\":{\"@type\":\"PropertyValueSpecification\",\"valueRequired\":true,\"valueName\":\"search_term_string\"}}],\"inLanguage\":\"es\"},{\"@type\":\"Organization\",\"@id\":\"https:\/\/www.sonoraenequipo.com.mx\/#organization\",\"name\":\"Sonoraenequipo.com.mx\",\"url\":\"https:\/\/www.sonoraenequipo.com.mx\/\",\"logo\":{\"@type\":\"ImageObject\",\"inLanguage\":\"es\",\"@id\":\"https:\/\/www.sonoraenequipo.com.mx\/#\/schema\/logo\/image\/\",\"url\":\"https:\/\/www.sonoraenequipo.com.mx\/storage\/2019\/01\/sonoraenequipo_opt.png\",\"contentUrl\":\"https:\/\/www.sonoraenequipo.com.mx\/storage\/2019\/01\/sonoraenequipo_opt.png\",\"width\":375,\"height\":125,\"caption\":\"Sonoraenequipo.com.mx\"},\"image\":{\"@id\":\"https:\/\/www.sonoraenequipo.com.mx\/#\/schema\/logo\/image\/\"},\"sameAs\":[\"https:\/\/www.facebook.com\/SonoraEE\/\",\"https:\/\/x.com\/sonoraenequipo\",\"https:\/\/www.youtube.com\/channel\/UC338nW-lPEYmJQs4ZABQ1SQ\"]},{\"@type\":\"Person\",\"@id\":\"https:\/\/www.sonoraenequipo.com.mx\/#\/schema\/person\/50102df0fb23a8fa9e8effad8fa81386\",\"name\":\"enequipo\",\"image\":{\"@type\":\"ImageObject\",\"inLanguage\":\"es\",\"@id\":\"https:\/\/www.sonoraenequipo.com.mx\/#\/schema\/person\/image\/\",\"url\":\"https:\/\/secure.gravatar.com\/avatar\/049821681b589dabc0bc20695993ccebb09f5b5d4d790cd9251b97faac7c652b?s=96&d=blank&r=g\",\"contentUrl\":\"https:\/\/secure.gravatar.com\/avatar\/049821681b589dabc0bc20695993ccebb09f5b5d4d790cd9251b97faac7c652b?s=96&d=blank&r=g\",\"caption\":\"enequipo\"},\"sameAs\":[\"https:\/\/www.facebook.com\/SonoraEE\"]}]}<\/script>\n ","yoast_head_json":{"title":"Sonora en Equipo. Declaran culpable al director responsable de la obra del Colegio Enrique R\u00e9bsamen, que colaps\u00f3 en sismo de 2017 Rep\u00fablica","description":"CDMX. M\u00c9XICO. \u2014 El ingeniero Juan Mario Velarde, quien fungi\u00f3 como director responsable de obra en la construcci\u00f3n del Colegio Enrique R\u00e9bsamen, fue En Sonora en Equipo publicamos toda la informaci\u00f3n de Sonora, M\u00e9xico y el Mundo de manera oportuna y busca que la libertad de expresi\u00f3n sea real. Visita nuestro medio informativo publicado desde Hermosillo, Sonora. %","robots":{"index":"index","follow":"follow","max-snippet":"max-snippet:-1","max-image-preview":"max-image-preview:large","max-video-preview":"max-video-preview:-1"},"canonical":"https:\/\/www.sonoraenequipo.com.mx\/declaran-culpable-al-director-responsable-de-la-obra-del-colegio-enrique-rebsamen-que-colapso-en-sismo-de-2017\/","og_locale":"es_ES","og_type":"article","og_title":"Sonora en Equipo. Declaran culpable al director responsable de la obra del Colegio Enrique R\u00e9bsamen, que colaps\u00f3 en sismo de 2017 Rep\u00fablica","og_description":"CDMX. M\u00c9XICO. \u2014 El ingeniero Juan Mario Velarde, quien fungi\u00f3 como director responsable de obra en la construcci\u00f3n del Colegio Enrique R\u00e9bsamen, fue En Sonora en Equipo publicamos toda la informaci\u00f3n de Sonora, M\u00e9xico y el Mundo de manera oportuna y busca que la libertad de expresi\u00f3n sea real. Visita nuestro medio informativo publicado desde Hermosillo, Sonora. %","og_url":"https:\/\/www.sonoraenequipo.com.mx\/declaran-culpable-al-director-responsable-de-la-obra-del-colegio-enrique-rebsamen-que-colapso-en-sismo-de-2017\/","og_site_name":"Sonora en Equipo.","article_publisher":"https:\/\/www.facebook.com\/SonoraEE\/","article_author":"https:\/\/www.facebook.com\/SonoraEE","article_published_time":"2021-06-29T23:25:01+00:00","article_modified_time":"2021-06-30T16:11:29+00:00","og_image":[{"width":700,"height":400,"url":"https:\/\/www.sonoraenequipo.com.mx\/storage\/2021\/06\/Colegio-Rebsamen_opt.jpg","type":"image\/jpeg"}],"author":"enequipo","twitter_card":"summary_large_image","twitter_creator":"@sonoraenequipo","twitter_site":"@sonoraenequipo","twitter_misc":{"Escrito por":"enequipo","Tiempo de lectura":"2 minutos"},"schema":{"@context":"https:\/\/schema.org","@graph":[{"@type":"Article","@id":"https:\/\/www.sonoraenequipo.com.mx\/declaran-culpable-al-director-responsable-de-la-obra-del-colegio-enrique-rebsamen-que-colapso-en-sismo-de-2017\/#article","isPartOf":{"@id":"https:\/\/www.sonoraenequipo.com.mx\/declaran-culpable-al-director-responsable-de-la-obra-del-colegio-enrique-rebsamen-que-colapso-en-sismo-de-2017\/"},"author":{"name":"enequipo","@id":"https:\/\/www.sonoraenequipo.com.mx\/#\/schema\/person\/50102df0fb23a8fa9e8effad8fa81386"},"headline":"Declaran culpable al director responsable de la obra del Colegio Enrique R\u00e9bsamen, que colaps\u00f3 en sismo de 2017","datePublished":"2021-06-29T23:25:01+00:00","dateModified":"2021-06-30T16:11:29+00:00","mainEntityOfPage":{"@id":"https:\/\/www.sonoraenequipo.com.mx\/declaran-culpable-al-director-responsable-de-la-obra-del-colegio-enrique-rebsamen-que-colapso-en-sismo-de-2017\/"},"wordCount":298,"commentCount":0,"publisher":{"@id":"https:\/\/www.sonoraenequipo.com.mx\/#organization"},"image":{"@id":"https:\/\/www.sonoraenequipo.com.mx\/declaran-culpable-al-director-responsable-de-la-obra-del-colegio-enrique-rebsamen-que-colapso-en-sismo-de-2017\/#primaryimage"},"thumbnailUrl":"https:\/\/www.sonoraenequipo.com.mx\/storage\/2021\/06\/Colegio-Rebsamen_opt.jpg","articleSection":["Rep\u00fablica"],"inLanguage":"es","potentialAction":[{"@type":"CommentAction","name":"Comment","target":["https:\/\/www.sonoraenequipo.com.mx\/declaran-culpable-al-director-responsable-de-la-obra-del-colegio-enrique-rebsamen-que-colapso-en-sismo-de-2017\/#respond"]}]},{"@type":"WebPage","@id":"https:\/\/www.sonoraenequipo.com.mx\/declaran-culpable-al-director-responsable-de-la-obra-del-colegio-enrique-rebsamen-que-colapso-en-sismo-de-2017\/","url":"https:\/\/www.sonoraenequipo.com.mx\/declaran-culpable-al-director-responsable-de-la-obra-del-colegio-enrique-rebsamen-que-colapso-en-sismo-de-2017\/","name":"Sonora en Equipo. Declaran culpable al director responsable de la obra del Colegio Enrique R\u00e9bsamen, que colaps\u00f3 en sismo de 2017 Rep\u00fablica","isPartOf":{"@id":"https:\/\/www.sonoraenequipo.com.mx\/#website"},"primaryImageOfPage":{"@id":"https:\/\/www.sonoraenequipo.com.mx\/declaran-culpable-al-director-responsable-de-la-obra-del-colegio-enrique-rebsamen-que-colapso-en-sismo-de-2017\/#primaryimage"},"image":{"@id":"https:\/\/www.sonoraenequipo.com.mx\/declaran-culpable-al-director-responsable-de-la-obra-del-colegio-enrique-rebsamen-que-colapso-en-sismo-de-2017\/#primaryimage"},"thumbnailUrl":"https:\/\/www.sonoraenequipo.com.mx\/storage\/2021\/06\/Colegio-Rebsamen_opt.jpg","datePublished":"2021-06-29T23:25:01+00:00","dateModified":"2021-06-30T16:11:29+00:00","description":"CDMX. M\u00c9XICO. \u2014 El ingeniero Juan Mario Velarde, quien fungi\u00f3 como director responsable de obra en la construcci\u00f3n del Colegio Enrique R\u00e9bsamen, fue En Sonora en Equipo publicamos toda la informaci\u00f3n de Sonora, M\u00e9xico y el Mundo de manera oportuna y busca que la libertad de expresi\u00f3n sea real. Visita nuestro medio informativo publicado desde Hermosillo, Sonora. %","breadcrumb":{"@id":"https:\/\/www.sonoraenequipo.com.mx\/declaran-culpable-al-director-responsable-de-la-obra-del-colegio-enrique-rebsamen-que-colapso-en-sismo-de-2017\/#breadcrumb"},"inLanguage":"es","potentialAction":[{"@type":"ReadAction","target":["https:\/\/www.sonoraenequipo.com.mx\/declaran-culpable-al-director-responsable-de-la-obra-del-colegio-enrique-rebsamen-que-colapso-en-sismo-de-2017\/"]}]},{"@type":"ImageObject","inLanguage":"es","@id":"https:\/\/www.sonoraenequipo.com.mx\/declaran-culpable-al-director-responsable-de-la-obra-del-colegio-enrique-rebsamen-que-colapso-en-sismo-de-2017\/#primaryimage","url":"https:\/\/www.sonoraenequipo.com.mx\/storage\/2021\/06\/Colegio-Rebsamen_opt.jpg","contentUrl":"https:\/\/www.sonoraenequipo.com.mx\/storage\/2021\/06\/Colegio-Rebsamen_opt.jpg","width":700,"height":400},{"@type":"BreadcrumbList","@id":"https:\/\/www.sonoraenequipo.com.mx\/declaran-culpable-al-director-responsable-de-la-obra-del-colegio-enrique-rebsamen-que-colapso-en-sismo-de-2017\/#breadcrumb","itemListElement":[{"@type":"ListItem","position":1,"name":"Portada","item":"https:\/\/www.sonoraenequipo.com.mx\/"},{"@type":"ListItem","position":2,"name":"Declaran culpable al director responsable de la obra del Colegio Enrique R\u00e9bsamen, que colaps\u00f3 en sismo de 2017"}]},{"@type":"WebSite","@id":"https:\/\/www.sonoraenequipo.com.mx\/#website","url":"https:\/\/www.sonoraenequipo.com.mx\/","name":"Sonora en Equipo.","description":"Diario en l\u00ednea con Noticias desde Hermosillo, Sonora","publisher":{"@id":"https:\/\/www.sonoraenequipo.com.mx\/#organization"},"potentialAction":[{"@type":"SearchAction","target":{"@type":"EntryPoint","urlTemplate":"https:\/\/www.sonoraenequipo.com.mx\/?s={search_term_string}"},"query-input":{"@type":"PropertyValueSpecification","valueRequired":true,"valueName":"search_term_string"}}],"inLanguage":"es"},{"@type":"Organization","@id":"https:\/\/www.sonoraenequipo.com.mx\/#organization","name":"Sonoraenequipo.com.mx","url":"https:\/\/www.sonoraenequipo.com.mx\/","logo":{"@type":"ImageObject","inLanguage":"es","@id":"https:\/\/www.sonoraenequipo.com.mx\/#\/schema\/logo\/image\/","url":"https:\/\/www.sonoraenequipo.com.mx\/storage\/2019\/01\/sonoraenequipo_opt.png","contentUrl":"https:\/\/www.sonoraenequipo.com.mx\/storage\/2019\/01\/sonoraenequipo_opt.png","width":375,"height":125,"caption":"Sonoraenequipo.com.mx"},"image":{"@id":"https:\/\/www.sonoraenequipo.com.mx\/#\/schema\/logo\/image\/"},"sameAs":["https:\/\/www.facebook.com\/SonoraEE\/","https:\/\/x.com\/sonoraenequipo","https:\/\/www.youtube.com\/channel\/UC338nW-lPEYmJQs4ZABQ1SQ"]},{"@type":"Person","@id":"https:\/\/www.sonoraenequipo.com.mx\/#\/schema\/person\/50102df0fb23a8fa9e8effad8fa81386","name":"enequipo","image":{"@type":"ImageObject","inLanguage":"es","@id":"https:\/\/www.sonoraenequipo.com.mx\/#\/schema\/person\/image\/","url":"https:\/\/secure.gravatar.com\/avatar\/049821681b589dabc0bc20695993ccebb09f5b5d4d790cd9251b97faac7c652b?s=96&d=blank&r=g","contentUrl":"https:\/\/secure.gravatar.com\/avatar\/049821681b589dabc0bc20695993ccebb09f5b5d4d790cd9251b97faac7c652b?s=96&d=blank&r=g","caption":"enequipo"},"sameAs":["https:\/\/www.facebook.com\/SonoraEE"]}]}},"jetpack_featured_media_url":"https:\/\/www.sonoraenequipo.com.mx\/storage\/2021\/06\/Colegio-Rebsamen_opt.jpg","_links":{"self":[{"href":"https:\/\/www.sonoraenequipo.com.mx\/api\/wp\/v2\/posts\/117459","targetHints":{"allow":["GET"]}}],"collection":[{"href":"https:\/\/www.sonoraenequipo.com.mx\/api\/wp\/v2\/posts"}],"about":[{"href":"https:\/\/www.sonoraenequipo.com.mx\/api\/wp\/v2\/types\/post"}],"author":[{"embeddable":true,"href":"https:\/\/www.sonoraenequipo.com.mx\/api\/wp\/v2\/users\/1"}],"replies":[{"embeddable":true,"href":"https:\/\/www.sonoraenequipo.com.mx\/api\/wp\/v2\/comments?post=117459"}],"version-history":[{"count":3,"href":"https:\/\/www.sonoraenequipo.com.mx\/api\/wp\/v2\/posts\/117459\/revisions"}],"predecessor-version":[{"id":117496,"href":"https:\/\/www.sonoraenequipo.com.mx\/api\/wp\/v2\/posts\/117459\/revisions\/117496"}],"wp:featuredmedia":[{"embeddable":true,"href":"https:\/\/www.sonoraenequipo.com.mx\/api\/wp\/v2\/media\/117463"}],"wp:attachment":[{"href":"https:\/\/www.sonoraenequipo.com.mx\/api\/wp\/v2\/media?parent=117459"}],"wp:term":[{"taxonomy":"category","embeddable":true,"href":"https:\/\/www.sonoraenequipo.com.mx\/api\/wp\/v2\/categories?post=117459"},{"taxonomy":"post_tag","embeddable":true,"href":"https:\/\/www.sonoraenequipo.com.mx\/api\/wp\/v2\/tags?post=117459"}],"curies":[{"name":"wp","href":"https:\/\/api.w.org\/{rel}","templated":true}]}}