{"id":117472,"date":"2021-06-29T17:48:26","date_gmt":"2021-06-30T00:48:26","guid":{"rendered":"https:\/\/www.sonoraenequipo.com.mx\/?p=117472"},"modified":"2021-06-29T19:57:26","modified_gmt":"2021-06-30T02:57:26","slug":"cuba-prueba-vacuna-covid-19-soberana-02-en-menores-de-edad","status":"publish","type":"post","link":"https:\/\/www.sonoraenequipo.com.mx\/cuba-prueba-vacuna-covid-19-soberana-02-en-menores-de-edad\/","title":{"rendered":"Cuba prueba vacuna COVID-19 Soberana 02 en menores de edad"},"content":{"rendered":"<p>HABANA, CUBA. \u2014 Cuba comenz\u00f3 a probar una de sus vacunas, la Soberana 02, para prevenir el coronavirus en ni\u00f1os de entre tres a 18 a\u00f1os, dijo esta semana el Gobierno.<\/p>\n<p>&nbsp;<\/p>\n<p> <\/p>\n<p>&nbsp;<\/p>\n<p>La televisi\u00f3n estatal transmiti\u00f3 un video de ni\u00f1os que recibieron el lunes la primera de tres dosis, tras la vacunaci\u00f3n de adolescentes la semana pasada.<\/p>\n<p>&nbsp;<\/p>\n<p>Soberana 02 est\u00e1 a la espera de los resultados de la prueba de la etapa final de los ensayos cl\u00ednicos, luego de que el productor, el estatal Instituto Finlay, inform\u00f3 de una eficacia del 62% tras la aplicaci\u00f3n de dos de tres inyecciones, la \u00faltima un refuerzo llamado Soberana Plus.<\/p>\n<p>&nbsp;<\/p>\n<p><em>\u201cEmpezamos con los adolescentes a los que les fue bien y esto nos llev\u00f3 a hoy con los m\u00e1s j\u00f3venes porque los mayores demostraron seguridad\u201d<\/em>, dijo Meiby Rodr\u00edguez, directora de investigaci\u00f3n cl\u00ednica del Instituto Finlay, agregando que participaron un total de 350 menores.<\/p>\n<p>&nbsp;<\/p>\n<p>El pa\u00eds caribe\u00f1o tiene una segunda vacuna local llamada Abdala, que reporta una eficacia final del 92% y actualmente se est\u00e1 distribuyendo en todo el pa\u00eds, mientras espera la aprobaci\u00f3n final de emergencia de los reguladores locales.<\/p>\n<p>&nbsp;<\/p>\n<p>Cuba est\u00e1 luchando contra un aumento prolongado de casos de COVID-19 impulsados por las variantes Beta y ahora Delta con un r\u00e9cord de m\u00e1s de 3.000 casos el lunes, pese a que la mortalidad sigue siendo baja.<\/p>\n<p>&nbsp;<\/p>\n<p>Ha habido 188.023 casos desde que comenz\u00f3 la pandemia y 1.270 muertes, la gran mayor\u00eda este a\u00f1o.<\/p>\n<p>&nbsp;<\/p>\n<p>Los casos entre menores son cientos por d\u00eda, pero no se han reportado muertes, seg\u00fan fuentes oficiales.<\/p>\n<p>&nbsp;<\/p>\n<p>&nbsp;<\/p>\n<p>(Publicada el 29\/06\/2021 \/ Con informaci\u00f3n de Reuters)<\/p>\n","protected":false},"excerpt":{"rendered":"<p>HABANA, CUBA. \u2014 Cuba comenz\u00f3 a probar una de sus vacunas, la Soberana 02, para&#8230;<\/p>\n","protected":false},"author":1,"featured_media":117474,"comment_status":"open","ping_status":"open","sticky":false,"template":"","format":"standard","meta":{"_monsterinsights_skip_tracking":false,"_monsterinsights_sitenote_active":false,"_monsterinsights_sitenote_note":"","_monsterinsights_sitenote_category":0,"footnotes":""},"categories":[3],"tags":[],"class_list":["post"],"yoast_head":" \n<title>Sonora en Equipo. Cuba prueba vacuna COVID-19 Soberana 02 en menores de edad MUNDO<\/title>\n<meta name=\"description\" content=\"HABANA, CUBA. \u2014 Cuba comenz\u00f3 a probar una de sus vacunas, la Soberana 02, para prevenir el coronavirus en ni\u00f1os de entre tres a 18 a\u00f1os, dijo esta semana En Sonora en Equipo publicamos toda la informaci\u00f3n de Sonora, M\u00e9xico y el Mundo de manera oportuna y busca que la libertad de expresi\u00f3n sea real. Visita nuestro medio informativo publicado desde Hermosillo, Sonora. %\" \/>\n<meta name=\"robots\" content=\"index, follow, max-snippet:-1, max-image-preview:large, max-video-preview:-1\" \/>\n<link rel=\"canonical\" href=\"https:\/\/www.sonoraenequipo.com.mx\/cuba-prueba-vacuna-covid-19-soberana-02-en-menores-de-edad\/\" \/>\n<meta property=\"og:locale\" content=\"es_ES\" \/>\n<meta property=\"og:type\" content=\"article\" \/>\n<meta property=\"og:title\" content=\"Sonora en Equipo. Cuba prueba vacuna COVID-19 Soberana 02 en menores de edad MUNDO\" \/>\n<meta property=\"og:description\" content=\"HABANA, CUBA. \u2014 Cuba comenz\u00f3 a probar una de sus vacunas, la Soberana 02, para prevenir el coronavirus en ni\u00f1os de entre tres a 18 a\u00f1os, dijo esta semana En Sonora en Equipo publicamos toda la informaci\u00f3n de Sonora, M\u00e9xico y el Mundo de manera oportuna y busca que la libertad de expresi\u00f3n sea real. Visita nuestro medio informativo publicado desde Hermosillo, Sonora. %\" \/>\n<meta property=\"og:url\" content=\"https:\/\/www.sonoraenequipo.com.mx\/cuba-prueba-vacuna-covid-19-soberana-02-en-menores-de-edad\/\" \/>\n<meta property=\"og:site_name\" content=\"Sonora en Equipo.\" \/>\n<meta property=\"article:publisher\" content=\"https:\/\/www.facebook.com\/SonoraEE\/\" \/>\n<meta property=\"article:author\" content=\"https:\/\/www.facebook.com\/SonoraEE\" \/>\n<meta property=\"article:published_time\" content=\"2021-06-30T00:48:26+00:00\" \/>\n<meta property=\"article:modified_time\" content=\"2021-06-30T02:57:26+00:00\" \/>\n<meta property=\"og:image\" content=\"https:\/\/www.sonoraenequipo.com.mx\/storage\/2021\/06\/cuba-su-vacuna_opt.jpg\" \/>\n\t<meta property=\"og:image:width\" content=\"700\" \/>\n\t<meta property=\"og:image:height\" content=\"400\" \/>\n\t<meta property=\"og:image:type\" content=\"image\/jpeg\" \/>\n<meta name=\"author\" content=\"enequipo\" \/>\n<meta name=\"twitter:card\" content=\"summary_large_image\" \/>\n<meta name=\"twitter:creator\" content=\"@sonoraenequipo\" \/>\n<meta name=\"twitter:site\" content=\"@sonoraenequipo\" \/>\n<meta name=\"twitter:label1\" content=\"Escrito por\" \/>\n\t<meta name=\"twitter:data1\" content=\"enequipo\" \/>\n\t<meta name=\"twitter:label2\" content=\"Tiempo de lectura\" \/>\n\t<meta name=\"twitter:data2\" content=\"2 minutos\" \/>\n<script type=\"application\/ld+json\" class=\"yoast-schema-graph\">{\"@context\":\"https:\/\/schema.org\",\"@graph\":[{\"@type\":\"Article\",\"@id\":\"https:\/\/www.sonoraenequipo.com.mx\/cuba-prueba-vacuna-covid-19-soberana-02-en-menores-de-edad\/#article\",\"isPartOf\":{\"@id\":\"https:\/\/www.sonoraenequipo.com.mx\/cuba-prueba-vacuna-covid-19-soberana-02-en-menores-de-edad\/\"},\"author\":{\"name\":\"enequipo\",\"@id\":\"https:\/\/www.sonoraenequipo.com.mx\/#\/schema\/person\/50102df0fb23a8fa9e8effad8fa81386\"},\"headline\":\"Cuba prueba vacuna COVID-19 Soberana 02 en menores de edad\",\"datePublished\":\"2021-06-30T00:48:26+00:00\",\"dateModified\":\"2021-06-30T02:57:26+00:00\",\"mainEntityOfPage\":{\"@id\":\"https:\/\/www.sonoraenequipo.com.mx\/cuba-prueba-vacuna-covid-19-soberana-02-en-menores-de-edad\/\"},\"wordCount\":295,\"commentCount\":0,\"publisher\":{\"@id\":\"https:\/\/www.sonoraenequipo.com.mx\/#organization\"},\"image\":{\"@id\":\"https:\/\/www.sonoraenequipo.com.mx\/cuba-prueba-vacuna-covid-19-soberana-02-en-menores-de-edad\/#primaryimage\"},\"thumbnailUrl\":\"https:\/\/www.sonoraenequipo.com.mx\/storage\/2021\/06\/cuba-su-vacuna_opt.jpg\",\"articleSection\":[\"MUNDO\"],\"inLanguage\":\"es\",\"potentialAction\":[{\"@type\":\"CommentAction\",\"name\":\"Comment\",\"target\":[\"https:\/\/www.sonoraenequipo.com.mx\/cuba-prueba-vacuna-covid-19-soberana-02-en-menores-de-edad\/#respond\"]}]},{\"@type\":\"WebPage\",\"@id\":\"https:\/\/www.sonoraenequipo.com.mx\/cuba-prueba-vacuna-covid-19-soberana-02-en-menores-de-edad\/\",\"url\":\"https:\/\/www.sonoraenequipo.com.mx\/cuba-prueba-vacuna-covid-19-soberana-02-en-menores-de-edad\/\",\"name\":\"Sonora en Equipo. Cuba prueba vacuna COVID-19 Soberana 02 en menores de edad MUNDO\",\"isPartOf\":{\"@id\":\"https:\/\/www.sonoraenequipo.com.mx\/#website\"},\"primaryImageOfPage\":{\"@id\":\"https:\/\/www.sonoraenequipo.com.mx\/cuba-prueba-vacuna-covid-19-soberana-02-en-menores-de-edad\/#primaryimage\"},\"image\":{\"@id\":\"https:\/\/www.sonoraenequipo.com.mx\/cuba-prueba-vacuna-covid-19-soberana-02-en-menores-de-edad\/#primaryimage\"},\"thumbnailUrl\":\"https:\/\/www.sonoraenequipo.com.mx\/storage\/2021\/06\/cuba-su-vacuna_opt.jpg\",\"datePublished\":\"2021-06-30T00:48:26+00:00\",\"dateModified\":\"2021-06-30T02:57:26+00:00\",\"description\":\"HABANA, CUBA. \u2014 Cuba comenz\u00f3 a probar una de sus vacunas, la Soberana 02, para prevenir el coronavirus en ni\u00f1os de entre tres a 18 a\u00f1os, dijo esta semana En Sonora en Equipo publicamos toda la informaci\u00f3n de Sonora, M\u00e9xico y el Mundo de manera oportuna y busca que la libertad de expresi\u00f3n sea real. Visita nuestro medio informativo publicado desde Hermosillo, Sonora. %\",\"breadcrumb\":{\"@id\":\"https:\/\/www.sonoraenequipo.com.mx\/cuba-prueba-vacuna-covid-19-soberana-02-en-menores-de-edad\/#breadcrumb\"},\"inLanguage\":\"es\",\"potentialAction\":[{\"@type\":\"ReadAction\",\"target\":[\"https:\/\/www.sonoraenequipo.com.mx\/cuba-prueba-vacuna-covid-19-soberana-02-en-menores-de-edad\/\"]}]},{\"@type\":\"ImageObject\",\"inLanguage\":\"es\",\"@id\":\"https:\/\/www.sonoraenequipo.com.mx\/cuba-prueba-vacuna-covid-19-soberana-02-en-menores-de-edad\/#primaryimage\",\"url\":\"https:\/\/www.sonoraenequipo.com.mx\/storage\/2021\/06\/cuba-su-vacuna_opt.jpg\",\"contentUrl\":\"https:\/\/www.sonoraenequipo.com.mx\/storage\/2021\/06\/cuba-su-vacuna_opt.jpg\",\"width\":700,\"height\":400},{\"@type\":\"BreadcrumbList\",\"@id\":\"https:\/\/www.sonoraenequipo.com.mx\/cuba-prueba-vacuna-covid-19-soberana-02-en-menores-de-edad\/#breadcrumb\",\"itemListElement\":[{\"@type\":\"ListItem\",\"position\":1,\"name\":\"Portada\",\"item\":\"https:\/\/www.sonoraenequipo.com.mx\/\"},{\"@type\":\"ListItem\",\"position\":2,\"name\":\"Cuba prueba vacuna COVID-19 Soberana 02 en menores de edad\"}]},{\"@type\":\"WebSite\",\"@id\":\"https:\/\/www.sonoraenequipo.com.mx\/#website\",\"url\":\"https:\/\/www.sonoraenequipo.com.mx\/\",\"name\":\"Sonora en Equipo.\",\"description\":\"Diario en l\u00ednea con Noticias desde Hermosillo, Sonora\",\"publisher\":{\"@id\":\"https:\/\/www.sonoraenequipo.com.mx\/#organization\"},\"potentialAction\":[{\"@type\":\"SearchAction\",\"target\":{\"@type\":\"EntryPoint\",\"urlTemplate\":\"https:\/\/www.sonoraenequipo.com.mx\/?s={search_term_string}\"},\"query-input\":{\"@type\":\"PropertyValueSpecification\",\"valueRequired\":true,\"valueName\":\"search_term_string\"}}],\"inLanguage\":\"es\"},{\"@type\":\"Organization\",\"@id\":\"https:\/\/www.sonoraenequipo.com.mx\/#organization\",\"name\":\"Sonoraenequipo.com.mx\",\"url\":\"https:\/\/www.sonoraenequipo.com.mx\/\",\"logo\":{\"@type\":\"ImageObject\",\"inLanguage\":\"es\",\"@id\":\"https:\/\/www.sonoraenequipo.com.mx\/#\/schema\/logo\/image\/\",\"url\":\"https:\/\/www.sonoraenequipo.com.mx\/storage\/2019\/01\/sonoraenequipo_opt.png\",\"contentUrl\":\"https:\/\/www.sonoraenequipo.com.mx\/storage\/2019\/01\/sonoraenequipo_opt.png\",\"width\":375,\"height\":125,\"caption\":\"Sonoraenequipo.com.mx\"},\"image\":{\"@id\":\"https:\/\/www.sonoraenequipo.com.mx\/#\/schema\/logo\/image\/\"},\"sameAs\":[\"https:\/\/www.facebook.com\/SonoraEE\/\",\"https:\/\/x.com\/sonoraenequipo\",\"https:\/\/www.youtube.com\/channel\/UC338nW-lPEYmJQs4ZABQ1SQ\"]},{\"@type\":\"Person\",\"@id\":\"https:\/\/www.sonoraenequipo.com.mx\/#\/schema\/person\/50102df0fb23a8fa9e8effad8fa81386\",\"name\":\"enequipo\",\"image\":{\"@type\":\"ImageObject\",\"inLanguage\":\"es\",\"@id\":\"https:\/\/www.sonoraenequipo.com.mx\/#\/schema\/person\/image\/\",\"url\":\"https:\/\/secure.gravatar.com\/avatar\/049821681b589dabc0bc20695993ccebb09f5b5d4d790cd9251b97faac7c652b?s=96&d=blank&r=g\",\"contentUrl\":\"https:\/\/secure.gravatar.com\/avatar\/049821681b589dabc0bc20695993ccebb09f5b5d4d790cd9251b97faac7c652b?s=96&d=blank&r=g\",\"caption\":\"enequipo\"},\"sameAs\":[\"https:\/\/www.facebook.com\/SonoraEE\"]}]}<\/script>\n ","yoast_head_json":{"title":"Sonora en Equipo. Cuba prueba vacuna COVID-19 Soberana 02 en menores de edad MUNDO","description":"HABANA, CUBA. \u2014 Cuba comenz\u00f3 a probar una de sus vacunas, la Soberana 02, para prevenir el coronavirus en ni\u00f1os de entre tres a 18 a\u00f1os, dijo esta semana En Sonora en Equipo publicamos toda la informaci\u00f3n de Sonora, M\u00e9xico y el Mundo de manera oportuna y busca que la libertad de expresi\u00f3n sea real. Visita nuestro medio informativo publicado desde Hermosillo, Sonora. %","robots":{"index":"index","follow":"follow","max-snippet":"max-snippet:-1","max-image-preview":"max-image-preview:large","max-video-preview":"max-video-preview:-1"},"canonical":"https:\/\/www.sonoraenequipo.com.mx\/cuba-prueba-vacuna-covid-19-soberana-02-en-menores-de-edad\/","og_locale":"es_ES","og_type":"article","og_title":"Sonora en Equipo. Cuba prueba vacuna COVID-19 Soberana 02 en menores de edad MUNDO","og_description":"HABANA, CUBA. \u2014 Cuba comenz\u00f3 a probar una de sus vacunas, la Soberana 02, para prevenir el coronavirus en ni\u00f1os de entre tres a 18 a\u00f1os, dijo esta semana En Sonora en Equipo publicamos toda la informaci\u00f3n de Sonora, M\u00e9xico y el Mundo de manera oportuna y busca que la libertad de expresi\u00f3n sea real. Visita nuestro medio informativo publicado desde Hermosillo, Sonora. %","og_url":"https:\/\/www.sonoraenequipo.com.mx\/cuba-prueba-vacuna-covid-19-soberana-02-en-menores-de-edad\/","og_site_name":"Sonora en Equipo.","article_publisher":"https:\/\/www.facebook.com\/SonoraEE\/","article_author":"https:\/\/www.facebook.com\/SonoraEE","article_published_time":"2021-06-30T00:48:26+00:00","article_modified_time":"2021-06-30T02:57:26+00:00","og_image":[{"width":700,"height":400,"url":"https:\/\/www.sonoraenequipo.com.mx\/storage\/2021\/06\/cuba-su-vacuna_opt.jpg","type":"image\/jpeg"}],"author":"enequipo","twitter_card":"summary_large_image","twitter_creator":"@sonoraenequipo","twitter_site":"@sonoraenequipo","twitter_misc":{"Escrito por":"enequipo","Tiempo de lectura":"2 minutos"},"schema":{"@context":"https:\/\/schema.org","@graph":[{"@type":"Article","@id":"https:\/\/www.sonoraenequipo.com.mx\/cuba-prueba-vacuna-covid-19-soberana-02-en-menores-de-edad\/#article","isPartOf":{"@id":"https:\/\/www.sonoraenequipo.com.mx\/cuba-prueba-vacuna-covid-19-soberana-02-en-menores-de-edad\/"},"author":{"name":"enequipo","@id":"https:\/\/www.sonoraenequipo.com.mx\/#\/schema\/person\/50102df0fb23a8fa9e8effad8fa81386"},"headline":"Cuba prueba vacuna COVID-19 Soberana 02 en menores de edad","datePublished":"2021-06-30T00:48:26+00:00","dateModified":"2021-06-30T02:57:26+00:00","mainEntityOfPage":{"@id":"https:\/\/www.sonoraenequipo.com.mx\/cuba-prueba-vacuna-covid-19-soberana-02-en-menores-de-edad\/"},"wordCount":295,"commentCount":0,"publisher":{"@id":"https:\/\/www.sonoraenequipo.com.mx\/#organization"},"image":{"@id":"https:\/\/www.sonoraenequipo.com.mx\/cuba-prueba-vacuna-covid-19-soberana-02-en-menores-de-edad\/#primaryimage"},"thumbnailUrl":"https:\/\/www.sonoraenequipo.com.mx\/storage\/2021\/06\/cuba-su-vacuna_opt.jpg","articleSection":["MUNDO"],"inLanguage":"es","potentialAction":[{"@type":"CommentAction","name":"Comment","target":["https:\/\/www.sonoraenequipo.com.mx\/cuba-prueba-vacuna-covid-19-soberana-02-en-menores-de-edad\/#respond"]}]},{"@type":"WebPage","@id":"https:\/\/www.sonoraenequipo.com.mx\/cuba-prueba-vacuna-covid-19-soberana-02-en-menores-de-edad\/","url":"https:\/\/www.sonoraenequipo.com.mx\/cuba-prueba-vacuna-covid-19-soberana-02-en-menores-de-edad\/","name":"Sonora en Equipo. Cuba prueba vacuna COVID-19 Soberana 02 en menores de edad MUNDO","isPartOf":{"@id":"https:\/\/www.sonoraenequipo.com.mx\/#website"},"primaryImageOfPage":{"@id":"https:\/\/www.sonoraenequipo.com.mx\/cuba-prueba-vacuna-covid-19-soberana-02-en-menores-de-edad\/#primaryimage"},"image":{"@id":"https:\/\/www.sonoraenequipo.com.mx\/cuba-prueba-vacuna-covid-19-soberana-02-en-menores-de-edad\/#primaryimage"},"thumbnailUrl":"https:\/\/www.sonoraenequipo.com.mx\/storage\/2021\/06\/cuba-su-vacuna_opt.jpg","datePublished":"2021-06-30T00:48:26+00:00","dateModified":"2021-06-30T02:57:26+00:00","description":"HABANA, CUBA. \u2014 Cuba comenz\u00f3 a probar una de sus vacunas, la Soberana 02, para prevenir el coronavirus en ni\u00f1os de entre tres a 18 a\u00f1os, dijo esta semana En Sonora en Equipo publicamos toda la informaci\u00f3n de Sonora, M\u00e9xico y el Mundo de manera oportuna y busca que la libertad de expresi\u00f3n sea real. Visita nuestro medio informativo publicado desde Hermosillo, Sonora. %","breadcrumb":{"@id":"https:\/\/www.sonoraenequipo.com.mx\/cuba-prueba-vacuna-covid-19-soberana-02-en-menores-de-edad\/#breadcrumb"},"inLanguage":"es","potentialAction":[{"@type":"ReadAction","target":["https:\/\/www.sonoraenequipo.com.mx\/cuba-prueba-vacuna-covid-19-soberana-02-en-menores-de-edad\/"]}]},{"@type":"ImageObject","inLanguage":"es","@id":"https:\/\/www.sonoraenequipo.com.mx\/cuba-prueba-vacuna-covid-19-soberana-02-en-menores-de-edad\/#primaryimage","url":"https:\/\/www.sonoraenequipo.com.mx\/storage\/2021\/06\/cuba-su-vacuna_opt.jpg","contentUrl":"https:\/\/www.sonoraenequipo.com.mx\/storage\/2021\/06\/cuba-su-vacuna_opt.jpg","width":700,"height":400},{"@type":"BreadcrumbList","@id":"https:\/\/www.sonoraenequipo.com.mx\/cuba-prueba-vacuna-covid-19-soberana-02-en-menores-de-edad\/#breadcrumb","itemListElement":[{"@type":"ListItem","position":1,"name":"Portada","item":"https:\/\/www.sonoraenequipo.com.mx\/"},{"@type":"ListItem","position":2,"name":"Cuba prueba vacuna COVID-19 Soberana 02 en menores de edad"}]},{"@type":"WebSite","@id":"https:\/\/www.sonoraenequipo.com.mx\/#website","url":"https:\/\/www.sonoraenequipo.com.mx\/","name":"Sonora en Equipo.","description":"Diario en l\u00ednea con Noticias desde Hermosillo, Sonora","publisher":{"@id":"https:\/\/www.sonoraenequipo.com.mx\/#organization"},"potentialAction":[{"@type":"SearchAction","target":{"@type":"EntryPoint","urlTemplate":"https:\/\/www.sonoraenequipo.com.mx\/?s={search_term_string}"},"query-input":{"@type":"PropertyValueSpecification","valueRequired":true,"valueName":"search_term_string"}}],"inLanguage":"es"},{"@type":"Organization","@id":"https:\/\/www.sonoraenequipo.com.mx\/#organization","name":"Sonoraenequipo.com.mx","url":"https:\/\/www.sonoraenequipo.com.mx\/","logo":{"@type":"ImageObject","inLanguage":"es","@id":"https:\/\/www.sonoraenequipo.com.mx\/#\/schema\/logo\/image\/","url":"https:\/\/www.sonoraenequipo.com.mx\/storage\/2019\/01\/sonoraenequipo_opt.png","contentUrl":"https:\/\/www.sonoraenequipo.com.mx\/storage\/2019\/01\/sonoraenequipo_opt.png","width":375,"height":125,"caption":"Sonoraenequipo.com.mx"},"image":{"@id":"https:\/\/www.sonoraenequipo.com.mx\/#\/schema\/logo\/image\/"},"sameAs":["https:\/\/www.facebook.com\/SonoraEE\/","https:\/\/x.com\/sonoraenequipo","https:\/\/www.youtube.com\/channel\/UC338nW-lPEYmJQs4ZABQ1SQ"]},{"@type":"Person","@id":"https:\/\/www.sonoraenequipo.com.mx\/#\/schema\/person\/50102df0fb23a8fa9e8effad8fa81386","name":"enequipo","image":{"@type":"ImageObject","inLanguage":"es","@id":"https:\/\/www.sonoraenequipo.com.mx\/#\/schema\/person\/image\/","url":"https:\/\/secure.gravatar.com\/avatar\/049821681b589dabc0bc20695993ccebb09f5b5d4d790cd9251b97faac7c652b?s=96&d=blank&r=g","contentUrl":"https:\/\/secure.gravatar.com\/avatar\/049821681b589dabc0bc20695993ccebb09f5b5d4d790cd9251b97faac7c652b?s=96&d=blank&r=g","caption":"enequipo"},"sameAs":["https:\/\/www.facebook.com\/SonoraEE"]}]}},"jetpack_featured_media_url":"https:\/\/www.sonoraenequipo.com.mx\/storage\/2021\/06\/cuba-su-vacuna_opt.jpg","_links":{"self":[{"href":"https:\/\/www.sonoraenequipo.com.mx\/api\/wp\/v2\/posts\/117472","targetHints":{"allow":["GET"]}}],"collection":[{"href":"https:\/\/www.sonoraenequipo.com.mx\/api\/wp\/v2\/posts"}],"about":[{"href":"https:\/\/www.sonoraenequipo.com.mx\/api\/wp\/v2\/types\/post"}],"author":[{"embeddable":true,"href":"https:\/\/www.sonoraenequipo.com.mx\/api\/wp\/v2\/users\/1"}],"replies":[{"embeddable":true,"href":"https:\/\/www.sonoraenequipo.com.mx\/api\/wp\/v2\/comments?post=117472"}],"version-history":[{"count":1,"href":"https:\/\/www.sonoraenequipo.com.mx\/api\/wp\/v2\/posts\/117472\/revisions"}],"predecessor-version":[{"id":117477,"href":"https:\/\/www.sonoraenequipo.com.mx\/api\/wp\/v2\/posts\/117472\/revisions\/117477"}],"wp:featuredmedia":[{"embeddable":true,"href":"https:\/\/www.sonoraenequipo.com.mx\/api\/wp\/v2\/media\/117474"}],"wp:attachment":[{"href":"https:\/\/www.sonoraenequipo.com.mx\/api\/wp\/v2\/media?parent=117472"}],"wp:term":[{"taxonomy":"category","embeddable":true,"href":"https:\/\/www.sonoraenequipo.com.mx\/api\/wp\/v2\/categories?post=117472"},{"taxonomy":"post_tag","embeddable":true,"href":"https:\/\/www.sonoraenequipo.com.mx\/api\/wp\/v2\/tags?post=117472"}],"curies":[{"name":"wp","href":"https:\/\/api.w.org\/{rel}","templated":true}]}}