{"id":117482,"date":"2021-06-29T20:30:57","date_gmt":"2021-06-30T03:30:57","guid":{"rendered":"https:\/\/www.sonoraenequipo.com.mx\/?p=117482"},"modified":"2021-06-29T22:57:58","modified_gmt":"2021-06-30T05:57:58","slug":"piden-a-duenos-de-chocolates-alistarse-para-regularizar","status":"publish","type":"post","link":"https:\/\/www.sonoraenequipo.com.mx\/piden-a-duenos-de-chocolates-alistarse-para-regularizar\/","title":{"rendered":"Piden a due\u00f1os de \u2018chocolates\u2019 alistarse para regularizar"},"content":{"rendered":"<p>CIUDAD DE M\u00c9XICO. MX. \u2014 Un llamado a los propietarios de veh\u00edculos <em>\u201cchocolate\u201d<\/em> a tener documentaci\u00f3n vigente y en regla para contar con un padr\u00f3n actualizado en la entidad, hizo Gamaliel Ca\u00f1edo Maciel, tras el anuncio del presidente de la rep\u00fablica, Andr\u00e9s Manuel L\u00f3pez Obrador, de iniciar una regularizaci\u00f3n en el norte del pa\u00eds.<\/p>\n<p>&nbsp;<\/p>\n<p> <\/p>\n<p>El l\u00edder de la Organizaci\u00f3n para la Defensa del Patrimonio Familiar (Odepafa) indic\u00f3 que a trav\u00e9s de las diferentes organizaciones afiliadoras de los estados fronterizos se buscar\u00e1 que la legalizaci\u00f3n de autom\u00f3viles sea a bajo costo para proteger la econom\u00eda de las familias, y que parte del recurso se destine a los municipios.<\/p>\n<p>&nbsp;<\/p>\n<p><em>\u201cYa con el anuncio que hizo el presidente de la rep\u00fablica de legalizar los veh\u00edculos en Baja California estamos con la esperanza de que en todos los estados fronterizos se venga la legalizaci\u00f3n despu\u00e9s de muchas gestiones que hemos hecho algunas organizaciones en la Ciudad de M\u00e9xico ya tenemos una esperanza para que se legalicen todos los veh\u00edculos\u201d,<\/em> expres\u00f3.<\/p>\n<p>&nbsp;<\/p>\n<p>El pasado domingo 28 de junio en su gira por Tijuana el mandatario nacional L\u00f3pez Obrador anunci\u00f3 una regulaci\u00f3n de los llamados autos <em>\u201cchuecos\u201d,<\/em> para lo cual conformar\u00e1 un padr\u00f3n de veh\u00edculos y sus due\u00f1os con el objetivo de evitar que sean utilizados por grupos delincuenciales.<\/p>\n<p>&nbsp;<\/p>\n<p>&nbsp;<\/p>\n<p>Este anuncio lo hizo en la colonia S\u00e1nchez Taboada, una secci\u00f3n de Tijuana con altos \u00edndices delictivos.<\/p>\n<p>&nbsp;<\/p>\n<p>Seg\u00fan lo comunicado esto traer\u00e1 mayor seguridad a la poblaci\u00f3n, pues la mayor\u00eda de los delitos est\u00e1n relacionados con este tipo de autos y as\u00ed podr\u00e1n rastrearlos en caso de ser necesario.<\/p>\n<p>&nbsp;<\/p>\n<p>(Publicada el 29\/06\/2021)<\/p>\n","protected":false},"excerpt":{"rendered":"<p>CIUDAD DE M\u00c9XICO. MX. \u2014 Un llamado a los propietarios de veh\u00edculos \u201cchocolate\u201d a tener&#8230;<\/p>\n","protected":false},"author":1,"featured_media":117483,"comment_status":"open","ping_status":"open","sticky":false,"template":"","format":"standard","meta":{"_monsterinsights_skip_tracking":false,"_monsterinsights_sitenote_active":false,"_monsterinsights_sitenote_note":"","_monsterinsights_sitenote_category":0,"footnotes":""},"categories":[5],"tags":[],"class_list":["post"],"yoast_head":" \n<title>Sonora en Equipo. Piden a due\u00f1os de \u2018chocolates\u2019 alistarse para regularizar Rep\u00fablica<\/title>\n<meta name=\"description\" content=\"CIUDAD DE M\u00c9XICO. MX. \u2014 Un llamado a los propietarios de veh\u00edculos \u201cchocolate\u201d a tener documentaci\u00f3n vigente y en regla para contar con un padr\u00f3n En Sonora en Equipo publicamos toda la informaci\u00f3n de Sonora, M\u00e9xico y el Mundo de manera oportuna y busca que la libertad de expresi\u00f3n sea real. Visita nuestro medio informativo publicado desde Hermosillo, Sonora. %\" \/>\n<meta name=\"robots\" content=\"index, follow, max-snippet:-1, max-image-preview:large, max-video-preview:-1\" \/>\n<link rel=\"canonical\" href=\"https:\/\/www.sonoraenequipo.com.mx\/piden-a-duenos-de-chocolates-alistarse-para-regularizar\/\" \/>\n<meta property=\"og:locale\" content=\"es_ES\" \/>\n<meta property=\"og:type\" content=\"article\" \/>\n<meta property=\"og:title\" content=\"Sonora en Equipo. Piden a due\u00f1os de \u2018chocolates\u2019 alistarse para regularizar Rep\u00fablica\" \/>\n<meta property=\"og:description\" content=\"CIUDAD DE M\u00c9XICO. MX. \u2014 Un llamado a los propietarios de veh\u00edculos \u201cchocolate\u201d a tener documentaci\u00f3n vigente y en regla para contar con un padr\u00f3n En Sonora en Equipo publicamos toda la informaci\u00f3n de Sonora, M\u00e9xico y el Mundo de manera oportuna y busca que la libertad de expresi\u00f3n sea real. Visita nuestro medio informativo publicado desde Hermosillo, Sonora. %\" \/>\n<meta property=\"og:url\" content=\"https:\/\/www.sonoraenequipo.com.mx\/piden-a-duenos-de-chocolates-alistarse-para-regularizar\/\" \/>\n<meta property=\"og:site_name\" content=\"Sonora en Equipo.\" \/>\n<meta property=\"article:publisher\" content=\"https:\/\/www.facebook.com\/SonoraEE\/\" \/>\n<meta property=\"article:author\" content=\"https:\/\/www.facebook.com\/SonoraEE\" \/>\n<meta property=\"article:published_time\" content=\"2021-06-30T03:30:57+00:00\" \/>\n<meta property=\"article:modified_time\" content=\"2021-06-30T05:57:58+00:00\" \/>\n<meta property=\"og:image\" content=\"https:\/\/www.sonoraenequipo.com.mx\/storage\/2021\/06\/legalizacion-de-autos-choco_opt.jpg\" \/>\n\t<meta property=\"og:image:width\" content=\"700\" \/>\n\t<meta property=\"og:image:height\" content=\"400\" \/>\n\t<meta property=\"og:image:type\" content=\"image\/jpeg\" \/>\n<meta name=\"author\" content=\"enequipo\" \/>\n<meta name=\"twitter:card\" content=\"summary_large_image\" \/>\n<meta name=\"twitter:creator\" content=\"@sonoraenequipo\" \/>\n<meta name=\"twitter:site\" content=\"@sonoraenequipo\" \/>\n<meta name=\"twitter:label1\" content=\"Escrito por\" \/>\n\t<meta name=\"twitter:data1\" content=\"enequipo\" \/>\n\t<meta name=\"twitter:label2\" content=\"Tiempo de lectura\" \/>\n\t<meta name=\"twitter:data2\" content=\"2 minutos\" \/>\n<script type=\"application\/ld+json\" class=\"yoast-schema-graph\">{\"@context\":\"https:\/\/schema.org\",\"@graph\":[{\"@type\":\"Article\",\"@id\":\"https:\/\/www.sonoraenequipo.com.mx\/piden-a-duenos-de-chocolates-alistarse-para-regularizar\/#article\",\"isPartOf\":{\"@id\":\"https:\/\/www.sonoraenequipo.com.mx\/piden-a-duenos-de-chocolates-alistarse-para-regularizar\/\"},\"author\":{\"name\":\"enequipo\",\"@id\":\"https:\/\/www.sonoraenequipo.com.mx\/#\/schema\/person\/50102df0fb23a8fa9e8effad8fa81386\"},\"headline\":\"Piden a due\u00f1os de \u2018chocolates\u2019 alistarse para regularizar\",\"datePublished\":\"2021-06-30T03:30:57+00:00\",\"dateModified\":\"2021-06-30T05:57:58+00:00\",\"mainEntityOfPage\":{\"@id\":\"https:\/\/www.sonoraenequipo.com.mx\/piden-a-duenos-de-chocolates-alistarse-para-regularizar\/\"},\"wordCount\":311,\"commentCount\":0,\"publisher\":{\"@id\":\"https:\/\/www.sonoraenequipo.com.mx\/#organization\"},\"image\":{\"@id\":\"https:\/\/www.sonoraenequipo.com.mx\/piden-a-duenos-de-chocolates-alistarse-para-regularizar\/#primaryimage\"},\"thumbnailUrl\":\"https:\/\/www.sonoraenequipo.com.mx\/storage\/2021\/06\/legalizacion-de-autos-choco_opt.jpg\",\"articleSection\":[\"Rep\u00fablica\"],\"inLanguage\":\"es\",\"potentialAction\":[{\"@type\":\"CommentAction\",\"name\":\"Comment\",\"target\":[\"https:\/\/www.sonoraenequipo.com.mx\/piden-a-duenos-de-chocolates-alistarse-para-regularizar\/#respond\"]}]},{\"@type\":\"WebPage\",\"@id\":\"https:\/\/www.sonoraenequipo.com.mx\/piden-a-duenos-de-chocolates-alistarse-para-regularizar\/\",\"url\":\"https:\/\/www.sonoraenequipo.com.mx\/piden-a-duenos-de-chocolates-alistarse-para-regularizar\/\",\"name\":\"Sonora en Equipo. Piden a due\u00f1os de \u2018chocolates\u2019 alistarse para regularizar Rep\u00fablica\",\"isPartOf\":{\"@id\":\"https:\/\/www.sonoraenequipo.com.mx\/#website\"},\"primaryImageOfPage\":{\"@id\":\"https:\/\/www.sonoraenequipo.com.mx\/piden-a-duenos-de-chocolates-alistarse-para-regularizar\/#primaryimage\"},\"image\":{\"@id\":\"https:\/\/www.sonoraenequipo.com.mx\/piden-a-duenos-de-chocolates-alistarse-para-regularizar\/#primaryimage\"},\"thumbnailUrl\":\"https:\/\/www.sonoraenequipo.com.mx\/storage\/2021\/06\/legalizacion-de-autos-choco_opt.jpg\",\"datePublished\":\"2021-06-30T03:30:57+00:00\",\"dateModified\":\"2021-06-30T05:57:58+00:00\",\"description\":\"CIUDAD DE M\u00c9XICO. MX. \u2014 Un llamado a los propietarios de veh\u00edculos \u201cchocolate\u201d a tener documentaci\u00f3n vigente y en regla para contar con un padr\u00f3n En Sonora en Equipo publicamos toda la informaci\u00f3n de Sonora, M\u00e9xico y el Mundo de manera oportuna y busca que la libertad de expresi\u00f3n sea real. Visita nuestro medio informativo publicado desde Hermosillo, Sonora. %\",\"breadcrumb\":{\"@id\":\"https:\/\/www.sonoraenequipo.com.mx\/piden-a-duenos-de-chocolates-alistarse-para-regularizar\/#breadcrumb\"},\"inLanguage\":\"es\",\"potentialAction\":[{\"@type\":\"ReadAction\",\"target\":[\"https:\/\/www.sonoraenequipo.com.mx\/piden-a-duenos-de-chocolates-alistarse-para-regularizar\/\"]}]},{\"@type\":\"ImageObject\",\"inLanguage\":\"es\",\"@id\":\"https:\/\/www.sonoraenequipo.com.mx\/piden-a-duenos-de-chocolates-alistarse-para-regularizar\/#primaryimage\",\"url\":\"https:\/\/www.sonoraenequipo.com.mx\/storage\/2021\/06\/legalizacion-de-autos-choco_opt.jpg\",\"contentUrl\":\"https:\/\/www.sonoraenequipo.com.mx\/storage\/2021\/06\/legalizacion-de-autos-choco_opt.jpg\",\"width\":700,\"height\":400},{\"@type\":\"BreadcrumbList\",\"@id\":\"https:\/\/www.sonoraenequipo.com.mx\/piden-a-duenos-de-chocolates-alistarse-para-regularizar\/#breadcrumb\",\"itemListElement\":[{\"@type\":\"ListItem\",\"position\":1,\"name\":\"Portada\",\"item\":\"https:\/\/www.sonoraenequipo.com.mx\/\"},{\"@type\":\"ListItem\",\"position\":2,\"name\":\"Piden a due\u00f1os de \u2018chocolates\u2019 alistarse para regularizar\"}]},{\"@type\":\"WebSite\",\"@id\":\"https:\/\/www.sonoraenequipo.com.mx\/#website\",\"url\":\"https:\/\/www.sonoraenequipo.com.mx\/\",\"name\":\"Sonora en Equipo.\",\"description\":\"Diario en l\u00ednea con Noticias desde Hermosillo, Sonora\",\"publisher\":{\"@id\":\"https:\/\/www.sonoraenequipo.com.mx\/#organization\"},\"potentialAction\":[{\"@type\":\"SearchAction\",\"target\":{\"@type\":\"EntryPoint\",\"urlTemplate\":\"https:\/\/www.sonoraenequipo.com.mx\/?s={search_term_string}\"},\"query-input\":{\"@type\":\"PropertyValueSpecification\",\"valueRequired\":true,\"valueName\":\"search_term_string\"}}],\"inLanguage\":\"es\"},{\"@type\":\"Organization\",\"@id\":\"https:\/\/www.sonoraenequipo.com.mx\/#organization\",\"name\":\"Sonoraenequipo.com.mx\",\"url\":\"https:\/\/www.sonoraenequipo.com.mx\/\",\"logo\":{\"@type\":\"ImageObject\",\"inLanguage\":\"es\",\"@id\":\"https:\/\/www.sonoraenequipo.com.mx\/#\/schema\/logo\/image\/\",\"url\":\"https:\/\/www.sonoraenequipo.com.mx\/storage\/2019\/01\/sonoraenequipo_opt.png\",\"contentUrl\":\"https:\/\/www.sonoraenequipo.com.mx\/storage\/2019\/01\/sonoraenequipo_opt.png\",\"width\":375,\"height\":125,\"caption\":\"Sonoraenequipo.com.mx\"},\"image\":{\"@id\":\"https:\/\/www.sonoraenequipo.com.mx\/#\/schema\/logo\/image\/\"},\"sameAs\":[\"https:\/\/www.facebook.com\/SonoraEE\/\",\"https:\/\/x.com\/sonoraenequipo\",\"https:\/\/www.youtube.com\/channel\/UC338nW-lPEYmJQs4ZABQ1SQ\"]},{\"@type\":\"Person\",\"@id\":\"https:\/\/www.sonoraenequipo.com.mx\/#\/schema\/person\/50102df0fb23a8fa9e8effad8fa81386\",\"name\":\"enequipo\",\"image\":{\"@type\":\"ImageObject\",\"inLanguage\":\"es\",\"@id\":\"https:\/\/www.sonoraenequipo.com.mx\/#\/schema\/person\/image\/\",\"url\":\"https:\/\/secure.gravatar.com\/avatar\/049821681b589dabc0bc20695993ccebb09f5b5d4d790cd9251b97faac7c652b?s=96&d=blank&r=g\",\"contentUrl\":\"https:\/\/secure.gravatar.com\/avatar\/049821681b589dabc0bc20695993ccebb09f5b5d4d790cd9251b97faac7c652b?s=96&d=blank&r=g\",\"caption\":\"enequipo\"},\"sameAs\":[\"https:\/\/www.facebook.com\/SonoraEE\"]}]}<\/script>\n ","yoast_head_json":{"title":"Sonora en Equipo. Piden a due\u00f1os de \u2018chocolates\u2019 alistarse para regularizar Rep\u00fablica","description":"CIUDAD DE M\u00c9XICO. MX. \u2014 Un llamado a los propietarios de veh\u00edculos \u201cchocolate\u201d a tener documentaci\u00f3n vigente y en regla para contar con un padr\u00f3n En Sonora en Equipo publicamos toda la informaci\u00f3n de Sonora, M\u00e9xico y el Mundo de manera oportuna y busca que la libertad de expresi\u00f3n sea real. Visita nuestro medio informativo publicado desde Hermosillo, Sonora. %","robots":{"index":"index","follow":"follow","max-snippet":"max-snippet:-1","max-image-preview":"max-image-preview:large","max-video-preview":"max-video-preview:-1"},"canonical":"https:\/\/www.sonoraenequipo.com.mx\/piden-a-duenos-de-chocolates-alistarse-para-regularizar\/","og_locale":"es_ES","og_type":"article","og_title":"Sonora en Equipo. Piden a due\u00f1os de \u2018chocolates\u2019 alistarse para regularizar Rep\u00fablica","og_description":"CIUDAD DE M\u00c9XICO. MX. \u2014 Un llamado a los propietarios de veh\u00edculos \u201cchocolate\u201d a tener documentaci\u00f3n vigente y en regla para contar con un padr\u00f3n En Sonora en Equipo publicamos toda la informaci\u00f3n de Sonora, M\u00e9xico y el Mundo de manera oportuna y busca que la libertad de expresi\u00f3n sea real. Visita nuestro medio informativo publicado desde Hermosillo, Sonora. %","og_url":"https:\/\/www.sonoraenequipo.com.mx\/piden-a-duenos-de-chocolates-alistarse-para-regularizar\/","og_site_name":"Sonora en Equipo.","article_publisher":"https:\/\/www.facebook.com\/SonoraEE\/","article_author":"https:\/\/www.facebook.com\/SonoraEE","article_published_time":"2021-06-30T03:30:57+00:00","article_modified_time":"2021-06-30T05:57:58+00:00","og_image":[{"width":700,"height":400,"url":"https:\/\/www.sonoraenequipo.com.mx\/storage\/2021\/06\/legalizacion-de-autos-choco_opt.jpg","type":"image\/jpeg"}],"author":"enequipo","twitter_card":"summary_large_image","twitter_creator":"@sonoraenequipo","twitter_site":"@sonoraenequipo","twitter_misc":{"Escrito por":"enequipo","Tiempo de lectura":"2 minutos"},"schema":{"@context":"https:\/\/schema.org","@graph":[{"@type":"Article","@id":"https:\/\/www.sonoraenequipo.com.mx\/piden-a-duenos-de-chocolates-alistarse-para-regularizar\/#article","isPartOf":{"@id":"https:\/\/www.sonoraenequipo.com.mx\/piden-a-duenos-de-chocolates-alistarse-para-regularizar\/"},"author":{"name":"enequipo","@id":"https:\/\/www.sonoraenequipo.com.mx\/#\/schema\/person\/50102df0fb23a8fa9e8effad8fa81386"},"headline":"Piden a due\u00f1os de \u2018chocolates\u2019 alistarse para regularizar","datePublished":"2021-06-30T03:30:57+00:00","dateModified":"2021-06-30T05:57:58+00:00","mainEntityOfPage":{"@id":"https:\/\/www.sonoraenequipo.com.mx\/piden-a-duenos-de-chocolates-alistarse-para-regularizar\/"},"wordCount":311,"commentCount":0,"publisher":{"@id":"https:\/\/www.sonoraenequipo.com.mx\/#organization"},"image":{"@id":"https:\/\/www.sonoraenequipo.com.mx\/piden-a-duenos-de-chocolates-alistarse-para-regularizar\/#primaryimage"},"thumbnailUrl":"https:\/\/www.sonoraenequipo.com.mx\/storage\/2021\/06\/legalizacion-de-autos-choco_opt.jpg","articleSection":["Rep\u00fablica"],"inLanguage":"es","potentialAction":[{"@type":"CommentAction","name":"Comment","target":["https:\/\/www.sonoraenequipo.com.mx\/piden-a-duenos-de-chocolates-alistarse-para-regularizar\/#respond"]}]},{"@type":"WebPage","@id":"https:\/\/www.sonoraenequipo.com.mx\/piden-a-duenos-de-chocolates-alistarse-para-regularizar\/","url":"https:\/\/www.sonoraenequipo.com.mx\/piden-a-duenos-de-chocolates-alistarse-para-regularizar\/","name":"Sonora en Equipo. Piden a due\u00f1os de \u2018chocolates\u2019 alistarse para regularizar Rep\u00fablica","isPartOf":{"@id":"https:\/\/www.sonoraenequipo.com.mx\/#website"},"primaryImageOfPage":{"@id":"https:\/\/www.sonoraenequipo.com.mx\/piden-a-duenos-de-chocolates-alistarse-para-regularizar\/#primaryimage"},"image":{"@id":"https:\/\/www.sonoraenequipo.com.mx\/piden-a-duenos-de-chocolates-alistarse-para-regularizar\/#primaryimage"},"thumbnailUrl":"https:\/\/www.sonoraenequipo.com.mx\/storage\/2021\/06\/legalizacion-de-autos-choco_opt.jpg","datePublished":"2021-06-30T03:30:57+00:00","dateModified":"2021-06-30T05:57:58+00:00","description":"CIUDAD DE M\u00c9XICO. MX. \u2014 Un llamado a los propietarios de veh\u00edculos \u201cchocolate\u201d a tener documentaci\u00f3n vigente y en regla para contar con un padr\u00f3n En Sonora en Equipo publicamos toda la informaci\u00f3n de Sonora, M\u00e9xico y el Mundo de manera oportuna y busca que la libertad de expresi\u00f3n sea real. Visita nuestro medio informativo publicado desde Hermosillo, Sonora. %","breadcrumb":{"@id":"https:\/\/www.sonoraenequipo.com.mx\/piden-a-duenos-de-chocolates-alistarse-para-regularizar\/#breadcrumb"},"inLanguage":"es","potentialAction":[{"@type":"ReadAction","target":["https:\/\/www.sonoraenequipo.com.mx\/piden-a-duenos-de-chocolates-alistarse-para-regularizar\/"]}]},{"@type":"ImageObject","inLanguage":"es","@id":"https:\/\/www.sonoraenequipo.com.mx\/piden-a-duenos-de-chocolates-alistarse-para-regularizar\/#primaryimage","url":"https:\/\/www.sonoraenequipo.com.mx\/storage\/2021\/06\/legalizacion-de-autos-choco_opt.jpg","contentUrl":"https:\/\/www.sonoraenequipo.com.mx\/storage\/2021\/06\/legalizacion-de-autos-choco_opt.jpg","width":700,"height":400},{"@type":"BreadcrumbList","@id":"https:\/\/www.sonoraenequipo.com.mx\/piden-a-duenos-de-chocolates-alistarse-para-regularizar\/#breadcrumb","itemListElement":[{"@type":"ListItem","position":1,"name":"Portada","item":"https:\/\/www.sonoraenequipo.com.mx\/"},{"@type":"ListItem","position":2,"name":"Piden a due\u00f1os de \u2018chocolates\u2019 alistarse para regularizar"}]},{"@type":"WebSite","@id":"https:\/\/www.sonoraenequipo.com.mx\/#website","url":"https:\/\/www.sonoraenequipo.com.mx\/","name":"Sonora en Equipo.","description":"Diario en l\u00ednea con Noticias desde Hermosillo, Sonora","publisher":{"@id":"https:\/\/www.sonoraenequipo.com.mx\/#organization"},"potentialAction":[{"@type":"SearchAction","target":{"@type":"EntryPoint","urlTemplate":"https:\/\/www.sonoraenequipo.com.mx\/?s={search_term_string}"},"query-input":{"@type":"PropertyValueSpecification","valueRequired":true,"valueName":"search_term_string"}}],"inLanguage":"es"},{"@type":"Organization","@id":"https:\/\/www.sonoraenequipo.com.mx\/#organization","name":"Sonoraenequipo.com.mx","url":"https:\/\/www.sonoraenequipo.com.mx\/","logo":{"@type":"ImageObject","inLanguage":"es","@id":"https:\/\/www.sonoraenequipo.com.mx\/#\/schema\/logo\/image\/","url":"https:\/\/www.sonoraenequipo.com.mx\/storage\/2019\/01\/sonoraenequipo_opt.png","contentUrl":"https:\/\/www.sonoraenequipo.com.mx\/storage\/2019\/01\/sonoraenequipo_opt.png","width":375,"height":125,"caption":"Sonoraenequipo.com.mx"},"image":{"@id":"https:\/\/www.sonoraenequipo.com.mx\/#\/schema\/logo\/image\/"},"sameAs":["https:\/\/www.facebook.com\/SonoraEE\/","https:\/\/x.com\/sonoraenequipo","https:\/\/www.youtube.com\/channel\/UC338nW-lPEYmJQs4ZABQ1SQ"]},{"@type":"Person","@id":"https:\/\/www.sonoraenequipo.com.mx\/#\/schema\/person\/50102df0fb23a8fa9e8effad8fa81386","name":"enequipo","image":{"@type":"ImageObject","inLanguage":"es","@id":"https:\/\/www.sonoraenequipo.com.mx\/#\/schema\/person\/image\/","url":"https:\/\/secure.gravatar.com\/avatar\/049821681b589dabc0bc20695993ccebb09f5b5d4d790cd9251b97faac7c652b?s=96&d=blank&r=g","contentUrl":"https:\/\/secure.gravatar.com\/avatar\/049821681b589dabc0bc20695993ccebb09f5b5d4d790cd9251b97faac7c652b?s=96&d=blank&r=g","caption":"enequipo"},"sameAs":["https:\/\/www.facebook.com\/SonoraEE"]}]}},"jetpack_featured_media_url":"https:\/\/www.sonoraenequipo.com.mx\/storage\/2021\/06\/legalizacion-de-autos-choco_opt.jpg","_links":{"self":[{"href":"https:\/\/www.sonoraenequipo.com.mx\/api\/wp\/v2\/posts\/117482","targetHints":{"allow":["GET"]}}],"collection":[{"href":"https:\/\/www.sonoraenequipo.com.mx\/api\/wp\/v2\/posts"}],"about":[{"href":"https:\/\/www.sonoraenequipo.com.mx\/api\/wp\/v2\/types\/post"}],"author":[{"embeddable":true,"href":"https:\/\/www.sonoraenequipo.com.mx\/api\/wp\/v2\/users\/1"}],"replies":[{"embeddable":true,"href":"https:\/\/www.sonoraenequipo.com.mx\/api\/wp\/v2\/comments?post=117482"}],"version-history":[{"count":1,"href":"https:\/\/www.sonoraenequipo.com.mx\/api\/wp\/v2\/posts\/117482\/revisions"}],"predecessor-version":[{"id":117484,"href":"https:\/\/www.sonoraenequipo.com.mx\/api\/wp\/v2\/posts\/117482\/revisions\/117484"}],"wp:featuredmedia":[{"embeddable":true,"href":"https:\/\/www.sonoraenequipo.com.mx\/api\/wp\/v2\/media\/117483"}],"wp:attachment":[{"href":"https:\/\/www.sonoraenequipo.com.mx\/api\/wp\/v2\/media?parent=117482"}],"wp:term":[{"taxonomy":"category","embeddable":true,"href":"https:\/\/www.sonoraenequipo.com.mx\/api\/wp\/v2\/categories?post=117482"},{"taxonomy":"post_tag","embeddable":true,"href":"https:\/\/www.sonoraenequipo.com.mx\/api\/wp\/v2\/tags?post=117482"}],"curies":[{"name":"wp","href":"https:\/\/api.w.org\/{rel}","templated":true}]}}