{"id":117485,"date":"2021-06-29T18:28:11","date_gmt":"2021-06-30T01:28:11","guid":{"rendered":"https:\/\/www.sonoraenequipo.com.mx\/?p=117485"},"modified":"2021-06-29T23:08:48","modified_gmt":"2021-06-30T06:08:48","slug":"nogales-invierten-cerca-de-10-mdp-en-remodelacion-del-palacio-municipal","status":"publish","type":"post","link":"https:\/\/www.sonoraenequipo.com.mx\/nogales-invierten-cerca-de-10-mdp-en-remodelacion-del-palacio-municipal\/","title":{"rendered":"NOGALES. Invierten cerca de 10 mdp en remodelaci\u00f3n del Palacio Municipal"},"content":{"rendered":"<p>NOGALES, SONORA. MX. \u2014 Para el pr\u00f3ximo mes de agosto y como parte del programa de Obra P\u00fablica Municial 2021 quedar\u00e1 terminada la remodelaci\u00f3n del Palacio Municipal de esta ciudad, donde se han invertido alrededor de diez millones de pesos.<\/p>\n<p>&nbsp;<\/p>\n<p> <\/p>\n<p>&nbsp;<\/p>\n<p>El secretario de Desarrollo Urbano del gobierno de la ciudad Israel Victoria Lona, indic\u00f3 tratarse de un proyecto de identidad de los nogalenses presentando un avance superior al 80 por ciento.<\/p>\n<p>&nbsp;<\/p>\n<p><em>\u201cSe est\u00e1 haciendo un rescate de identidad, rescatando nuestro pasado para mirar hacia el futuro\u201d,<\/em> explic\u00f3, <em>\u201ccon una obra emblem\u00e1tica para habilitar un edificio c\u00f3modo, funcional y ahora con las nuevas medidas contra el covid-19, con acciones que tienen que ver con la ventilaci\u00f3n y atenci\u00f3n adecuada\u201d.<\/em><\/p>\n<p>&nbsp;<\/p>\n<p>&nbsp;<\/p>\n<p>Las \u00e1reas de Cabildo ya est\u00e1n terminadas y est\u00e1n por equiparse, se\u00f1al\u00f3, adem\u00e1s de los espacios de Oficial\u00eda Mayor, Presidencia Municipal y la parte de Atenci\u00f3n Ciudadana.<\/p>\n<p>&nbsp;<\/p>\n<p>Actualmente est\u00e1n trabajando en la remodelaci\u00f3n de la fachada principal del edificio municipal, destac\u00f3, buscando rescatar la esencia de la construcci\u00f3n de la sede de los poderes del ayuntamiento.<\/p>\n<p>&nbsp;<\/p>\n<p><em>\u201cEsta es la parte m\u00e1s visible y por ello, se est\u00e1 cuidando mucho\u201d,<\/em> manifest\u00f3, <em>\u201cel que sea una obra de calidad y principalmente, emblem\u00e1tica a este rescate de la identidad\u201d.<\/em><\/p>\n<p>&nbsp;<\/p>\n<p>En una primera parte se invirtieron poco m\u00e1s de cinco millones de pesos, agreg\u00f3, por lo que actualmente se han aplicado cerca de diez millones de pesos en su remodelaci\u00f3n.<\/p>\n<p>&nbsp;<\/p>\n<p>(Publicada el 29\/06\/2021)<\/p>\n","protected":false},"excerpt":{"rendered":"<p>NOGALES, SONORA. MX. \u2014 Para el pr\u00f3ximo mes de agosto y como parte del programa&#8230;<\/p>\n","protected":false},"author":1,"featured_media":117486,"comment_status":"open","ping_status":"open","sticky":false,"template":"","format":"standard","meta":{"_monsterinsights_skip_tracking":false,"_monsterinsights_sitenote_active":false,"_monsterinsights_sitenote_note":"","_monsterinsights_sitenote_category":0,"footnotes":""},"categories":[4],"tags":[],"class_list":["post"],"yoast_head":" \n<title>Sonora en Equipo. NOGALES. Invierten cerca de 10 mdp en remodelaci\u00f3n del Palacio Municipal Municipios<\/title>\n<meta name=\"description\" content=\"NOGALES, SONORA. MX. \u2014 Para el pr\u00f3ximo mes de agosto y como parte del programa de Obra P\u00fablica Municial 2021 quedar\u00e1 terminada la remodelaci\u00f3n del Palacio En Sonora en Equipo publicamos toda la informaci\u00f3n de Sonora, M\u00e9xico y el Mundo de manera oportuna y busca que la libertad de expresi\u00f3n sea real. Visita nuestro medio informativo publicado desde Hermosillo, Sonora. %\" \/>\n<meta name=\"robots\" content=\"index, follow, max-snippet:-1, max-image-preview:large, max-video-preview:-1\" \/>\n<link rel=\"canonical\" href=\"https:\/\/www.sonoraenequipo.com.mx\/nogales-invierten-cerca-de-10-mdp-en-remodelacion-del-palacio-municipal\/\" \/>\n<meta property=\"og:locale\" content=\"es_ES\" \/>\n<meta property=\"og:type\" content=\"article\" \/>\n<meta property=\"og:title\" content=\"Sonora en Equipo. NOGALES. Invierten cerca de 10 mdp en remodelaci\u00f3n del Palacio Municipal Municipios\" \/>\n<meta property=\"og:description\" content=\"NOGALES, SONORA. MX. \u2014 Para el pr\u00f3ximo mes de agosto y como parte del programa de Obra P\u00fablica Municial 2021 quedar\u00e1 terminada la remodelaci\u00f3n del Palacio En Sonora en Equipo publicamos toda la informaci\u00f3n de Sonora, M\u00e9xico y el Mundo de manera oportuna y busca que la libertad de expresi\u00f3n sea real. Visita nuestro medio informativo publicado desde Hermosillo, Sonora. %\" \/>\n<meta property=\"og:url\" content=\"https:\/\/www.sonoraenequipo.com.mx\/nogales-invierten-cerca-de-10-mdp-en-remodelacion-del-palacio-municipal\/\" \/>\n<meta property=\"og:site_name\" content=\"Sonora en Equipo.\" \/>\n<meta property=\"article:publisher\" content=\"https:\/\/www.facebook.com\/SonoraEE\/\" \/>\n<meta property=\"article:author\" content=\"https:\/\/www.facebook.com\/SonoraEE\" \/>\n<meta property=\"article:published_time\" content=\"2021-06-30T01:28:11+00:00\" \/>\n<meta property=\"article:modified_time\" content=\"2021-06-30T06:08:48+00:00\" \/>\n<meta property=\"og:image\" content=\"https:\/\/www.sonoraenequipo.com.mx\/storage\/2021\/06\/israel-victoria-lona_opt.jpg\" \/>\n\t<meta property=\"og:image:width\" content=\"700\" \/>\n\t<meta property=\"og:image:height\" content=\"400\" \/>\n\t<meta property=\"og:image:type\" content=\"image\/jpeg\" \/>\n<meta name=\"author\" content=\"enequipo\" \/>\n<meta name=\"twitter:card\" content=\"summary_large_image\" \/>\n<meta name=\"twitter:creator\" content=\"@sonoraenequipo\" \/>\n<meta name=\"twitter:site\" content=\"@sonoraenequipo\" \/>\n<meta name=\"twitter:label1\" content=\"Escrito por\" \/>\n\t<meta name=\"twitter:data1\" content=\"enequipo\" \/>\n\t<meta name=\"twitter:label2\" content=\"Tiempo de lectura\" \/>\n\t<meta name=\"twitter:data2\" content=\"2 minutos\" \/>\n<script type=\"application\/ld+json\" class=\"yoast-schema-graph\">{\"@context\":\"https:\/\/schema.org\",\"@graph\":[{\"@type\":\"Article\",\"@id\":\"https:\/\/www.sonoraenequipo.com.mx\/nogales-invierten-cerca-de-10-mdp-en-remodelacion-del-palacio-municipal\/#article\",\"isPartOf\":{\"@id\":\"https:\/\/www.sonoraenequipo.com.mx\/nogales-invierten-cerca-de-10-mdp-en-remodelacion-del-palacio-municipal\/\"},\"author\":{\"name\":\"enequipo\",\"@id\":\"https:\/\/www.sonoraenequipo.com.mx\/#\/schema\/person\/50102df0fb23a8fa9e8effad8fa81386\"},\"headline\":\"NOGALES. Invierten cerca de 10 mdp en remodelaci\u00f3n del Palacio Municipal\",\"datePublished\":\"2021-06-30T01:28:11+00:00\",\"dateModified\":\"2021-06-30T06:08:48+00:00\",\"mainEntityOfPage\":{\"@id\":\"https:\/\/www.sonoraenequipo.com.mx\/nogales-invierten-cerca-de-10-mdp-en-remodelacion-del-palacio-municipal\/\"},\"wordCount\":273,\"commentCount\":0,\"publisher\":{\"@id\":\"https:\/\/www.sonoraenequipo.com.mx\/#organization\"},\"image\":{\"@id\":\"https:\/\/www.sonoraenequipo.com.mx\/nogales-invierten-cerca-de-10-mdp-en-remodelacion-del-palacio-municipal\/#primaryimage\"},\"thumbnailUrl\":\"https:\/\/www.sonoraenequipo.com.mx\/storage\/2021\/06\/israel-victoria-lona_opt.jpg\",\"articleSection\":[\"Municipios\"],\"inLanguage\":\"es\",\"potentialAction\":[{\"@type\":\"CommentAction\",\"name\":\"Comment\",\"target\":[\"https:\/\/www.sonoraenequipo.com.mx\/nogales-invierten-cerca-de-10-mdp-en-remodelacion-del-palacio-municipal\/#respond\"]}]},{\"@type\":\"WebPage\",\"@id\":\"https:\/\/www.sonoraenequipo.com.mx\/nogales-invierten-cerca-de-10-mdp-en-remodelacion-del-palacio-municipal\/\",\"url\":\"https:\/\/www.sonoraenequipo.com.mx\/nogales-invierten-cerca-de-10-mdp-en-remodelacion-del-palacio-municipal\/\",\"name\":\"Sonora en Equipo. NOGALES. Invierten cerca de 10 mdp en remodelaci\u00f3n del Palacio Municipal Municipios\",\"isPartOf\":{\"@id\":\"https:\/\/www.sonoraenequipo.com.mx\/#website\"},\"primaryImageOfPage\":{\"@id\":\"https:\/\/www.sonoraenequipo.com.mx\/nogales-invierten-cerca-de-10-mdp-en-remodelacion-del-palacio-municipal\/#primaryimage\"},\"image\":{\"@id\":\"https:\/\/www.sonoraenequipo.com.mx\/nogales-invierten-cerca-de-10-mdp-en-remodelacion-del-palacio-municipal\/#primaryimage\"},\"thumbnailUrl\":\"https:\/\/www.sonoraenequipo.com.mx\/storage\/2021\/06\/israel-victoria-lona_opt.jpg\",\"datePublished\":\"2021-06-30T01:28:11+00:00\",\"dateModified\":\"2021-06-30T06:08:48+00:00\",\"description\":\"NOGALES, SONORA. MX. \u2014 Para el pr\u00f3ximo mes de agosto y como parte del programa de Obra P\u00fablica Municial 2021 quedar\u00e1 terminada la remodelaci\u00f3n del Palacio En Sonora en Equipo publicamos toda la informaci\u00f3n de Sonora, M\u00e9xico y el Mundo de manera oportuna y busca que la libertad de expresi\u00f3n sea real. Visita nuestro medio informativo publicado desde Hermosillo, Sonora. %\",\"breadcrumb\":{\"@id\":\"https:\/\/www.sonoraenequipo.com.mx\/nogales-invierten-cerca-de-10-mdp-en-remodelacion-del-palacio-municipal\/#breadcrumb\"},\"inLanguage\":\"es\",\"potentialAction\":[{\"@type\":\"ReadAction\",\"target\":[\"https:\/\/www.sonoraenequipo.com.mx\/nogales-invierten-cerca-de-10-mdp-en-remodelacion-del-palacio-municipal\/\"]}]},{\"@type\":\"ImageObject\",\"inLanguage\":\"es\",\"@id\":\"https:\/\/www.sonoraenequipo.com.mx\/nogales-invierten-cerca-de-10-mdp-en-remodelacion-del-palacio-municipal\/#primaryimage\",\"url\":\"https:\/\/www.sonoraenequipo.com.mx\/storage\/2021\/06\/israel-victoria-lona_opt.jpg\",\"contentUrl\":\"https:\/\/www.sonoraenequipo.com.mx\/storage\/2021\/06\/israel-victoria-lona_opt.jpg\",\"width\":700,\"height\":400},{\"@type\":\"BreadcrumbList\",\"@id\":\"https:\/\/www.sonoraenequipo.com.mx\/nogales-invierten-cerca-de-10-mdp-en-remodelacion-del-palacio-municipal\/#breadcrumb\",\"itemListElement\":[{\"@type\":\"ListItem\",\"position\":1,\"name\":\"Portada\",\"item\":\"https:\/\/www.sonoraenequipo.com.mx\/\"},{\"@type\":\"ListItem\",\"position\":2,\"name\":\"NOGALES. Invierten cerca de 10 mdp en remodelaci\u00f3n del Palacio Municipal\"}]},{\"@type\":\"WebSite\",\"@id\":\"https:\/\/www.sonoraenequipo.com.mx\/#website\",\"url\":\"https:\/\/www.sonoraenequipo.com.mx\/\",\"name\":\"Sonora en Equipo.\",\"description\":\"Diario en l\u00ednea con Noticias desde Hermosillo, Sonora\",\"publisher\":{\"@id\":\"https:\/\/www.sonoraenequipo.com.mx\/#organization\"},\"potentialAction\":[{\"@type\":\"SearchAction\",\"target\":{\"@type\":\"EntryPoint\",\"urlTemplate\":\"https:\/\/www.sonoraenequipo.com.mx\/?s={search_term_string}\"},\"query-input\":{\"@type\":\"PropertyValueSpecification\",\"valueRequired\":true,\"valueName\":\"search_term_string\"}}],\"inLanguage\":\"es\"},{\"@type\":\"Organization\",\"@id\":\"https:\/\/www.sonoraenequipo.com.mx\/#organization\",\"name\":\"Sonoraenequipo.com.mx\",\"url\":\"https:\/\/www.sonoraenequipo.com.mx\/\",\"logo\":{\"@type\":\"ImageObject\",\"inLanguage\":\"es\",\"@id\":\"https:\/\/www.sonoraenequipo.com.mx\/#\/schema\/logo\/image\/\",\"url\":\"https:\/\/www.sonoraenequipo.com.mx\/storage\/2019\/01\/sonoraenequipo_opt.png\",\"contentUrl\":\"https:\/\/www.sonoraenequipo.com.mx\/storage\/2019\/01\/sonoraenequipo_opt.png\",\"width\":375,\"height\":125,\"caption\":\"Sonoraenequipo.com.mx\"},\"image\":{\"@id\":\"https:\/\/www.sonoraenequipo.com.mx\/#\/schema\/logo\/image\/\"},\"sameAs\":[\"https:\/\/www.facebook.com\/SonoraEE\/\",\"https:\/\/x.com\/sonoraenequipo\",\"https:\/\/www.youtube.com\/channel\/UC338nW-lPEYmJQs4ZABQ1SQ\"]},{\"@type\":\"Person\",\"@id\":\"https:\/\/www.sonoraenequipo.com.mx\/#\/schema\/person\/50102df0fb23a8fa9e8effad8fa81386\",\"name\":\"enequipo\",\"image\":{\"@type\":\"ImageObject\",\"inLanguage\":\"es\",\"@id\":\"https:\/\/www.sonoraenequipo.com.mx\/#\/schema\/person\/image\/\",\"url\":\"https:\/\/secure.gravatar.com\/avatar\/049821681b589dabc0bc20695993ccebb09f5b5d4d790cd9251b97faac7c652b?s=96&d=blank&r=g\",\"contentUrl\":\"https:\/\/secure.gravatar.com\/avatar\/049821681b589dabc0bc20695993ccebb09f5b5d4d790cd9251b97faac7c652b?s=96&d=blank&r=g\",\"caption\":\"enequipo\"},\"sameAs\":[\"https:\/\/www.facebook.com\/SonoraEE\"]}]}<\/script>\n ","yoast_head_json":{"title":"Sonora en Equipo. NOGALES. Invierten cerca de 10 mdp en remodelaci\u00f3n del Palacio Municipal Municipios","description":"NOGALES, SONORA. MX. \u2014 Para el pr\u00f3ximo mes de agosto y como parte del programa de Obra P\u00fablica Municial 2021 quedar\u00e1 terminada la remodelaci\u00f3n del Palacio En Sonora en Equipo publicamos toda la informaci\u00f3n de Sonora, M\u00e9xico y el Mundo de manera oportuna y busca que la libertad de expresi\u00f3n sea real. Visita nuestro medio informativo publicado desde Hermosillo, Sonora. %","robots":{"index":"index","follow":"follow","max-snippet":"max-snippet:-1","max-image-preview":"max-image-preview:large","max-video-preview":"max-video-preview:-1"},"canonical":"https:\/\/www.sonoraenequipo.com.mx\/nogales-invierten-cerca-de-10-mdp-en-remodelacion-del-palacio-municipal\/","og_locale":"es_ES","og_type":"article","og_title":"Sonora en Equipo. NOGALES. Invierten cerca de 10 mdp en remodelaci\u00f3n del Palacio Municipal Municipios","og_description":"NOGALES, SONORA. MX. \u2014 Para el pr\u00f3ximo mes de agosto y como parte del programa de Obra P\u00fablica Municial 2021 quedar\u00e1 terminada la remodelaci\u00f3n del Palacio En Sonora en Equipo publicamos toda la informaci\u00f3n de Sonora, M\u00e9xico y el Mundo de manera oportuna y busca que la libertad de expresi\u00f3n sea real. Visita nuestro medio informativo publicado desde Hermosillo, Sonora. %","og_url":"https:\/\/www.sonoraenequipo.com.mx\/nogales-invierten-cerca-de-10-mdp-en-remodelacion-del-palacio-municipal\/","og_site_name":"Sonora en Equipo.","article_publisher":"https:\/\/www.facebook.com\/SonoraEE\/","article_author":"https:\/\/www.facebook.com\/SonoraEE","article_published_time":"2021-06-30T01:28:11+00:00","article_modified_time":"2021-06-30T06:08:48+00:00","og_image":[{"width":700,"height":400,"url":"https:\/\/www.sonoraenequipo.com.mx\/storage\/2021\/06\/israel-victoria-lona_opt.jpg","type":"image\/jpeg"}],"author":"enequipo","twitter_card":"summary_large_image","twitter_creator":"@sonoraenequipo","twitter_site":"@sonoraenequipo","twitter_misc":{"Escrito por":"enequipo","Tiempo de lectura":"2 minutos"},"schema":{"@context":"https:\/\/schema.org","@graph":[{"@type":"Article","@id":"https:\/\/www.sonoraenequipo.com.mx\/nogales-invierten-cerca-de-10-mdp-en-remodelacion-del-palacio-municipal\/#article","isPartOf":{"@id":"https:\/\/www.sonoraenequipo.com.mx\/nogales-invierten-cerca-de-10-mdp-en-remodelacion-del-palacio-municipal\/"},"author":{"name":"enequipo","@id":"https:\/\/www.sonoraenequipo.com.mx\/#\/schema\/person\/50102df0fb23a8fa9e8effad8fa81386"},"headline":"NOGALES. Invierten cerca de 10 mdp en remodelaci\u00f3n del Palacio Municipal","datePublished":"2021-06-30T01:28:11+00:00","dateModified":"2021-06-30T06:08:48+00:00","mainEntityOfPage":{"@id":"https:\/\/www.sonoraenequipo.com.mx\/nogales-invierten-cerca-de-10-mdp-en-remodelacion-del-palacio-municipal\/"},"wordCount":273,"commentCount":0,"publisher":{"@id":"https:\/\/www.sonoraenequipo.com.mx\/#organization"},"image":{"@id":"https:\/\/www.sonoraenequipo.com.mx\/nogales-invierten-cerca-de-10-mdp-en-remodelacion-del-palacio-municipal\/#primaryimage"},"thumbnailUrl":"https:\/\/www.sonoraenequipo.com.mx\/storage\/2021\/06\/israel-victoria-lona_opt.jpg","articleSection":["Municipios"],"inLanguage":"es","potentialAction":[{"@type":"CommentAction","name":"Comment","target":["https:\/\/www.sonoraenequipo.com.mx\/nogales-invierten-cerca-de-10-mdp-en-remodelacion-del-palacio-municipal\/#respond"]}]},{"@type":"WebPage","@id":"https:\/\/www.sonoraenequipo.com.mx\/nogales-invierten-cerca-de-10-mdp-en-remodelacion-del-palacio-municipal\/","url":"https:\/\/www.sonoraenequipo.com.mx\/nogales-invierten-cerca-de-10-mdp-en-remodelacion-del-palacio-municipal\/","name":"Sonora en Equipo. NOGALES. Invierten cerca de 10 mdp en remodelaci\u00f3n del Palacio Municipal Municipios","isPartOf":{"@id":"https:\/\/www.sonoraenequipo.com.mx\/#website"},"primaryImageOfPage":{"@id":"https:\/\/www.sonoraenequipo.com.mx\/nogales-invierten-cerca-de-10-mdp-en-remodelacion-del-palacio-municipal\/#primaryimage"},"image":{"@id":"https:\/\/www.sonoraenequipo.com.mx\/nogales-invierten-cerca-de-10-mdp-en-remodelacion-del-palacio-municipal\/#primaryimage"},"thumbnailUrl":"https:\/\/www.sonoraenequipo.com.mx\/storage\/2021\/06\/israel-victoria-lona_opt.jpg","datePublished":"2021-06-30T01:28:11+00:00","dateModified":"2021-06-30T06:08:48+00:00","description":"NOGALES, SONORA. MX. \u2014 Para el pr\u00f3ximo mes de agosto y como parte del programa de Obra P\u00fablica Municial 2021 quedar\u00e1 terminada la remodelaci\u00f3n del Palacio En Sonora en Equipo publicamos toda la informaci\u00f3n de Sonora, M\u00e9xico y el Mundo de manera oportuna y busca que la libertad de expresi\u00f3n sea real. Visita nuestro medio informativo publicado desde Hermosillo, Sonora. %","breadcrumb":{"@id":"https:\/\/www.sonoraenequipo.com.mx\/nogales-invierten-cerca-de-10-mdp-en-remodelacion-del-palacio-municipal\/#breadcrumb"},"inLanguage":"es","potentialAction":[{"@type":"ReadAction","target":["https:\/\/www.sonoraenequipo.com.mx\/nogales-invierten-cerca-de-10-mdp-en-remodelacion-del-palacio-municipal\/"]}]},{"@type":"ImageObject","inLanguage":"es","@id":"https:\/\/www.sonoraenequipo.com.mx\/nogales-invierten-cerca-de-10-mdp-en-remodelacion-del-palacio-municipal\/#primaryimage","url":"https:\/\/www.sonoraenequipo.com.mx\/storage\/2021\/06\/israel-victoria-lona_opt.jpg","contentUrl":"https:\/\/www.sonoraenequipo.com.mx\/storage\/2021\/06\/israel-victoria-lona_opt.jpg","width":700,"height":400},{"@type":"BreadcrumbList","@id":"https:\/\/www.sonoraenequipo.com.mx\/nogales-invierten-cerca-de-10-mdp-en-remodelacion-del-palacio-municipal\/#breadcrumb","itemListElement":[{"@type":"ListItem","position":1,"name":"Portada","item":"https:\/\/www.sonoraenequipo.com.mx\/"},{"@type":"ListItem","position":2,"name":"NOGALES. Invierten cerca de 10 mdp en remodelaci\u00f3n del Palacio Municipal"}]},{"@type":"WebSite","@id":"https:\/\/www.sonoraenequipo.com.mx\/#website","url":"https:\/\/www.sonoraenequipo.com.mx\/","name":"Sonora en Equipo.","description":"Diario en l\u00ednea con Noticias desde Hermosillo, Sonora","publisher":{"@id":"https:\/\/www.sonoraenequipo.com.mx\/#organization"},"potentialAction":[{"@type":"SearchAction","target":{"@type":"EntryPoint","urlTemplate":"https:\/\/www.sonoraenequipo.com.mx\/?s={search_term_string}"},"query-input":{"@type":"PropertyValueSpecification","valueRequired":true,"valueName":"search_term_string"}}],"inLanguage":"es"},{"@type":"Organization","@id":"https:\/\/www.sonoraenequipo.com.mx\/#organization","name":"Sonoraenequipo.com.mx","url":"https:\/\/www.sonoraenequipo.com.mx\/","logo":{"@type":"ImageObject","inLanguage":"es","@id":"https:\/\/www.sonoraenequipo.com.mx\/#\/schema\/logo\/image\/","url":"https:\/\/www.sonoraenequipo.com.mx\/storage\/2019\/01\/sonoraenequipo_opt.png","contentUrl":"https:\/\/www.sonoraenequipo.com.mx\/storage\/2019\/01\/sonoraenequipo_opt.png","width":375,"height":125,"caption":"Sonoraenequipo.com.mx"},"image":{"@id":"https:\/\/www.sonoraenequipo.com.mx\/#\/schema\/logo\/image\/"},"sameAs":["https:\/\/www.facebook.com\/SonoraEE\/","https:\/\/x.com\/sonoraenequipo","https:\/\/www.youtube.com\/channel\/UC338nW-lPEYmJQs4ZABQ1SQ"]},{"@type":"Person","@id":"https:\/\/www.sonoraenequipo.com.mx\/#\/schema\/person\/50102df0fb23a8fa9e8effad8fa81386","name":"enequipo","image":{"@type":"ImageObject","inLanguage":"es","@id":"https:\/\/www.sonoraenequipo.com.mx\/#\/schema\/person\/image\/","url":"https:\/\/secure.gravatar.com\/avatar\/049821681b589dabc0bc20695993ccebb09f5b5d4d790cd9251b97faac7c652b?s=96&d=blank&r=g","contentUrl":"https:\/\/secure.gravatar.com\/avatar\/049821681b589dabc0bc20695993ccebb09f5b5d4d790cd9251b97faac7c652b?s=96&d=blank&r=g","caption":"enequipo"},"sameAs":["https:\/\/www.facebook.com\/SonoraEE"]}]}},"jetpack_featured_media_url":"https:\/\/www.sonoraenequipo.com.mx\/storage\/2021\/06\/israel-victoria-lona_opt.jpg","_links":{"self":[{"href":"https:\/\/www.sonoraenequipo.com.mx\/api\/wp\/v2\/posts\/117485","targetHints":{"allow":["GET"]}}],"collection":[{"href":"https:\/\/www.sonoraenequipo.com.mx\/api\/wp\/v2\/posts"}],"about":[{"href":"https:\/\/www.sonoraenequipo.com.mx\/api\/wp\/v2\/types\/post"}],"author":[{"embeddable":true,"href":"https:\/\/www.sonoraenequipo.com.mx\/api\/wp\/v2\/users\/1"}],"replies":[{"embeddable":true,"href":"https:\/\/www.sonoraenequipo.com.mx\/api\/wp\/v2\/comments?post=117485"}],"version-history":[{"count":1,"href":"https:\/\/www.sonoraenequipo.com.mx\/api\/wp\/v2\/posts\/117485\/revisions"}],"predecessor-version":[{"id":117487,"href":"https:\/\/www.sonoraenequipo.com.mx\/api\/wp\/v2\/posts\/117485\/revisions\/117487"}],"wp:featuredmedia":[{"embeddable":true,"href":"https:\/\/www.sonoraenequipo.com.mx\/api\/wp\/v2\/media\/117486"}],"wp:attachment":[{"href":"https:\/\/www.sonoraenequipo.com.mx\/api\/wp\/v2\/media?parent=117485"}],"wp:term":[{"taxonomy":"category","embeddable":true,"href":"https:\/\/www.sonoraenequipo.com.mx\/api\/wp\/v2\/categories?post=117485"},{"taxonomy":"post_tag","embeddable":true,"href":"https:\/\/www.sonoraenequipo.com.mx\/api\/wp\/v2\/tags?post=117485"}],"curies":[{"name":"wp","href":"https:\/\/api.w.org\/{rel}","templated":true}]}}