{"id":117512,"date":"2021-06-30T10:30:20","date_gmt":"2021-06-30T17:30:20","guid":{"rendered":"https:\/\/www.sonoraenequipo.com.mx\/?p=117512"},"modified":"2021-06-30T12:57:55","modified_gmt":"2021-06-30T19:57:55","slug":"pandemia-puede-volverse-endemica-si-se-retrasa-acceso-a-vacunas-anticovid-ebrard","status":"publish","type":"post","link":"https:\/\/www.sonoraenequipo.com.mx\/pandemia-puede-volverse-endemica-si-se-retrasa-acceso-a-vacunas-anticovid-ebrard\/","title":{"rendered":"Pandemia puede volverse end\u00e9mica si se retrasa acceso a vacunas anticovid: Ebrard"},"content":{"rendered":"<p>CIUDAD DE M\u00c9XICO. MX. \u2014 Durante su participaci\u00f3n en la Reuni\u00f3n de Cancilleres del G20 celebrada en Italia, el secretario de Relaciones Exteriores, Marcelo Ebrard, expuso ante los dem\u00e1s pa\u00edses la preocupaci\u00f3n de que, si sigue retrasando el acceso a las vacunas contra covid-19, la pandemia se puede volver end\u00e9mica.<\/p>\n<p>&nbsp;<\/p>\n<p> <\/p>\n<p>&nbsp;<\/p>\n<p><em>\u201cEn s\u00edntesis, la preocupaci\u00f3n principal ahorita est\u00e1 en dos focos: uno es el que tiene que ver con la gran inequidad que hay en materia de vacunas, eso significa que, si no se corrige muy pronto, probablemente lo que vamos a enfrentar es una pandemia que va a convertirse casi en end\u00e9mica\u201d<\/em>, confirm\u00f3 en conferencia de prensa tras su participaci\u00f3n en el foro multilateral.<\/p>\n<p>&nbsp;<\/p>\n<p>&nbsp;<\/p>\n<p>En ese sentido, insisti\u00f3 que, seg\u00fan los c\u00e1lculos proyectados al respecto, si se sigue retrasando el acceso a las vacunas anticovid, especialmente para los pa\u00edses de \u00c1frica, \u201c<em>vamos a tener una situaci\u00f3n dif\u00edcil por m\u00e1s de los dos pr\u00f3ximos a\u00f1os (\u2026) Hicimos una revisi\u00f3n y su n\u00famero de vacunados -poblaci\u00f3n en \u00c1frica vacunada- y no llega al 2 por ciento a esta fecha\u201d.<\/em><\/p>\n<p>&nbsp;<\/p>\n<p>&nbsp;<\/p>\n<p>Acept\u00f3 que tambi\u00e9n en Latinoam\u00e9rica y el Caribe, donde M\u00e9xico ha tomado el liderazgo para hacer llegar insumos y vacunas para combatir la pandemia a m\u00e1s de una decena de pa\u00edses, atraviesa una situaci\u00f3n complicada, similar a la que se vive en \u00c1frica.<\/p>\n<p>&nbsp;<\/p>\n<p>&nbsp;<\/p>\n<p><em>\u201cDesde luego que en el Caribe y en Am\u00e9rica Latina tambi\u00e9n \u2013como se los dije ayer en la reuni\u00f3n- tenemos una situaci\u00f3n muy dif\u00edcil, pero la situaci\u00f3n africana es grav\u00edsima, por lo que acabo de referir, menos del 2 por ciento de vacunados\u201d,<\/em> explic\u00f3 ante medios mexicanos en una videoconferencia desde Matera, Italia.<\/p>\n<p>&nbsp;<\/p>\n<p>&nbsp;<\/p>\n<p>Revel\u00f3 que entre los acuerdos logrados durante la Reuni\u00f3n de Cancilleres del G20 est\u00e1 el hacer un esfuerzo extraordinario para reducir el tiempo que, todav\u00eda, va a transcurrir para tener acceso a las vacunas en todo el mundo <em>\u201cy, por el otro lado, para implementar las nuevas medidas que acabo de referir, sean esas u otras parecidas, para permitir la recuperaci\u00f3n econ\u00f3mica mundial\u201d.<\/em><\/p>\n<p>&nbsp;<\/p>\n<p>Detall\u00f3 que otra idea importante, planteada en las reuniones multilaterales, es la que tiene que ver con los Derechos Especiales de Giro del Fondo Monetario Internacional para el acceso a un cr\u00e9dito para superar la crisis econ\u00f3mica derivada de la situaci\u00f3n actual.<\/p>\n<p>&nbsp;<\/p>\n<p><em>\u201cSobre todo a los pa\u00edses que no tienen capacidad de endeudamiento o que tienen ya una situaci\u00f3n, digamos, de poco espacio para tener un financiamiento adicional\u201d,<\/em> explic\u00f3.<\/p>\n<p>&nbsp;<\/p>\n<p>Esto tiene como objetivo, comparti\u00f3 Ebrard, tratar de enfrentar <em>\u201cotra desigualdad muy grande, que es qui\u00e9n s\u00ed se puede endeudar y qui\u00e9n no se puede endeudar. Entonces, como sabemos, los pa\u00edses desarrollados, los pa\u00edses m\u00e1s ricos, tienen una capacidad de endeudamiento que rebasa su Producto Interno Bruto anual. En cambio, los pa\u00edses en v\u00edas de desarrollo, y a\u00fan los pa\u00edses de renta media, no tienen esa posibilidad\u201d.<\/em><\/p>\n<p>&nbsp;<\/p>\n<p>Inform\u00f3 que de manera separada sostuvo reuniones con los cancilleres de Canad\u00e1, Reino Unido, Italia e India. \u201c<em>Pudimos tener conversaciones con varios pa\u00edses con los que tenemos agendas bilaterales relevantes o que no hab\u00edamos podido reunirnos por la situaci\u00f3n de la pandemia\u201d.<\/em><\/p>\n<p>&nbsp;<\/p>\n<p>Sobre su encuentro con el ministro de Asuntos Exteriores y Cooperaci\u00f3n Internacional de Italia, Luigi Di Maio, anfitri\u00f3n de la reuni\u00f3n como presidente del G20 en 2021, la canciller\u00eda revel\u00f3 que ambos expresaron su satisfacci\u00f3n por la realizaci\u00f3n de la VI Reuni\u00f3n de la Comisi\u00f3n Binacional M\u00e9xico-Italia, que tendr\u00e1 lugar en nuestro pa\u00eds el pr\u00f3ximo a\u00f1o. Ebrard tambi\u00e9n destac\u00f3 las enormes oportunidades que existen para la inversi\u00f3n italiana en M\u00e9xico, se inform\u00f3.<\/p>\n<p>&nbsp;<\/p>\n<p>Durante el encuentro con el ministro de Canad\u00e1, Marc Garneau, ambos funcionarios dialogaron sobre los temas m\u00e1s relevantes en la agenda bilateral, como su compromiso con la pol\u00edtica exterior feminista, el estado actual del comercio y las inversiones en Am\u00e9rica del Norte, la cooperaci\u00f3n para una migraci\u00f3n ordenada, segura y regular, y otros asuntos del hemisferio occidental, as\u00ed como la importancia de la cooperaci\u00f3n bilateral y multilateral para superar las crisis ocasionadas por la pandemia del covid-19.<\/p>\n<p>&nbsp;<\/p>\n<p>Con su hom\u00f3logo indio, Subrahmanyam Jaishankar, Ebrard acord\u00f3 avanzar acuerdos entre las agencias de sanidad de ambos pa\u00edses, lo que permitir\u00eda importar y producir en M\u00e9xico vacunas y medicamentos.<\/p>\n<p>&nbsp;<\/p>\n<p>Respecto al di\u00e1logo con su contraparte del Reino Unido, Dominic Raab, el titular de Relaciones Exteriores resalt\u00f3 la nueva relaci\u00f3n econ\u00f3mica y comercial pos-Brexit, las coincidencias respecto a la participaci\u00f3n de ambos pa\u00edses en el CPTPP y la econom\u00eda de la regi\u00f3n del Pac\u00edfico, as\u00ed como la pr\u00f3xima participaci\u00f3n de M\u00e9xico en la COP26.<\/p>\n<p>&nbsp;<\/p>\n<p><a class=\"twitter-timeline\" data-width=\"640\" data-height=\"960\" data-dnt=\"true\" href=\"https:\/\/twitter.com\/SRE_mx?ref_src=twsrc%5Etfw\">Tweets by SRE_mx<\/a><script async src=\"https:\/\/platform.twitter.com\/widgets.js\" charset=\"utf-8\"><\/script><\/p>\n<p>&nbsp;<\/p>\n<p>(Publicada el 29\/06\/2021)<\/p>\n","protected":false},"excerpt":{"rendered":"<p>CIUDAD DE M\u00c9XICO. MX. \u2014 Durante su participaci\u00f3n en la Reuni\u00f3n de Cancilleres del G20&#8230;<\/p>\n","protected":false},"author":1,"featured_media":117511,"comment_status":"open","ping_status":"open","sticky":false,"template":"","format":"standard","meta":{"_monsterinsights_skip_tracking":false,"_monsterinsights_sitenote_active":false,"_monsterinsights_sitenote_note":"","_monsterinsights_sitenote_category":0,"footnotes":""},"categories":[5],"tags":[],"class_list":["post"],"yoast_head":" \n<title>Sonora en Equipo. Pandemia puede volverse end\u00e9mica si se retrasa acceso a vacunas anticovid: Ebrard Rep\u00fablica<\/title>\n<meta name=\"description\" content=\"CIUDAD DE M\u00c9XICO. MX. \u2014 Durante su participaci\u00f3n en la Reuni\u00f3n de Cancilleres del G20 celebrada en Italia, el secretario de Relaciones Exteriores, Marcelo En Sonora en Equipo publicamos toda la informaci\u00f3n de Sonora, M\u00e9xico y el Mundo de manera oportuna y busca que la libertad de expresi\u00f3n sea real. Visita nuestro medio informativo publicado desde Hermosillo, Sonora. %\" \/>\n<meta name=\"robots\" content=\"index, follow, max-snippet:-1, max-image-preview:large, max-video-preview:-1\" \/>\n<link rel=\"canonical\" href=\"https:\/\/www.sonoraenequipo.com.mx\/pandemia-puede-volverse-endemica-si-se-retrasa-acceso-a-vacunas-anticovid-ebrard\/\" \/>\n<meta property=\"og:locale\" content=\"es_ES\" \/>\n<meta property=\"og:type\" content=\"article\" \/>\n<meta property=\"og:title\" content=\"Sonora en Equipo. Pandemia puede volverse end\u00e9mica si se retrasa acceso a vacunas anticovid: Ebrard Rep\u00fablica\" \/>\n<meta property=\"og:description\" content=\"CIUDAD DE M\u00c9XICO. MX. \u2014 Durante su participaci\u00f3n en la Reuni\u00f3n de Cancilleres del G20 celebrada en Italia, el secretario de Relaciones Exteriores, Marcelo En Sonora en Equipo publicamos toda la informaci\u00f3n de Sonora, M\u00e9xico y el Mundo de manera oportuna y busca que la libertad de expresi\u00f3n sea real. Visita nuestro medio informativo publicado desde Hermosillo, Sonora. %\" \/>\n<meta property=\"og:url\" content=\"https:\/\/www.sonoraenequipo.com.mx\/pandemia-puede-volverse-endemica-si-se-retrasa-acceso-a-vacunas-anticovid-ebrard\/\" \/>\n<meta property=\"og:site_name\" content=\"Sonora en Equipo.\" \/>\n<meta property=\"article:publisher\" content=\"https:\/\/www.facebook.com\/SonoraEE\/\" \/>\n<meta property=\"article:author\" content=\"https:\/\/www.facebook.com\/SonoraEE\" \/>\n<meta property=\"article:published_time\" content=\"2021-06-30T17:30:20+00:00\" \/>\n<meta property=\"article:modified_time\" content=\"2021-06-30T19:57:55+00:00\" \/>\n<meta property=\"og:image\" content=\"https:\/\/www.sonoraenequipo.com.mx\/storage\/2021\/06\/marcelo-ebrard_opt-1.jpg\" \/>\n\t<meta property=\"og:image:width\" content=\"700\" \/>\n\t<meta property=\"og:image:height\" content=\"400\" \/>\n\t<meta property=\"og:image:type\" content=\"image\/jpeg\" \/>\n<meta name=\"author\" content=\"enequipo\" \/>\n<meta name=\"twitter:card\" content=\"summary_large_image\" \/>\n<meta name=\"twitter:creator\" content=\"@sonoraenequipo\" \/>\n<meta name=\"twitter:site\" content=\"@sonoraenequipo\" \/>\n<meta name=\"twitter:label1\" content=\"Escrito por\" \/>\n\t<meta name=\"twitter:data1\" content=\"enequipo\" \/>\n\t<meta name=\"twitter:label2\" content=\"Tiempo de lectura\" \/>\n\t<meta name=\"twitter:data2\" content=\"4 minutos\" \/>\n<script type=\"application\/ld+json\" class=\"yoast-schema-graph\">{\"@context\":\"https:\/\/schema.org\",\"@graph\":[{\"@type\":\"Article\",\"@id\":\"https:\/\/www.sonoraenequipo.com.mx\/pandemia-puede-volverse-endemica-si-se-retrasa-acceso-a-vacunas-anticovid-ebrard\/#article\",\"isPartOf\":{\"@id\":\"https:\/\/www.sonoraenequipo.com.mx\/pandemia-puede-volverse-endemica-si-se-retrasa-acceso-a-vacunas-anticovid-ebrard\/\"},\"author\":{\"name\":\"enequipo\",\"@id\":\"https:\/\/www.sonoraenequipo.com.mx\/#\/schema\/person\/50102df0fb23a8fa9e8effad8fa81386\"},\"headline\":\"Pandemia puede volverse end\u00e9mica si se retrasa acceso a vacunas anticovid: Ebrard\",\"datePublished\":\"2021-06-30T17:30:20+00:00\",\"dateModified\":\"2021-06-30T19:57:55+00:00\",\"mainEntityOfPage\":{\"@id\":\"https:\/\/www.sonoraenequipo.com.mx\/pandemia-puede-volverse-endemica-si-se-retrasa-acceso-a-vacunas-anticovid-ebrard\/\"},\"wordCount\":873,\"commentCount\":0,\"publisher\":{\"@id\":\"https:\/\/www.sonoraenequipo.com.mx\/#organization\"},\"image\":{\"@id\":\"https:\/\/www.sonoraenequipo.com.mx\/pandemia-puede-volverse-endemica-si-se-retrasa-acceso-a-vacunas-anticovid-ebrard\/#primaryimage\"},\"thumbnailUrl\":\"https:\/\/www.sonoraenequipo.com.mx\/storage\/2021\/06\/marcelo-ebrard_opt-1.jpg\",\"articleSection\":[\"Rep\u00fablica\"],\"inLanguage\":\"es\",\"potentialAction\":[{\"@type\":\"CommentAction\",\"name\":\"Comment\",\"target\":[\"https:\/\/www.sonoraenequipo.com.mx\/pandemia-puede-volverse-endemica-si-se-retrasa-acceso-a-vacunas-anticovid-ebrard\/#respond\"]}]},{\"@type\":\"WebPage\",\"@id\":\"https:\/\/www.sonoraenequipo.com.mx\/pandemia-puede-volverse-endemica-si-se-retrasa-acceso-a-vacunas-anticovid-ebrard\/\",\"url\":\"https:\/\/www.sonoraenequipo.com.mx\/pandemia-puede-volverse-endemica-si-se-retrasa-acceso-a-vacunas-anticovid-ebrard\/\",\"name\":\"Sonora en Equipo. Pandemia puede volverse end\u00e9mica si se retrasa acceso a vacunas anticovid: Ebrard Rep\u00fablica\",\"isPartOf\":{\"@id\":\"https:\/\/www.sonoraenequipo.com.mx\/#website\"},\"primaryImageOfPage\":{\"@id\":\"https:\/\/www.sonoraenequipo.com.mx\/pandemia-puede-volverse-endemica-si-se-retrasa-acceso-a-vacunas-anticovid-ebrard\/#primaryimage\"},\"image\":{\"@id\":\"https:\/\/www.sonoraenequipo.com.mx\/pandemia-puede-volverse-endemica-si-se-retrasa-acceso-a-vacunas-anticovid-ebrard\/#primaryimage\"},\"thumbnailUrl\":\"https:\/\/www.sonoraenequipo.com.mx\/storage\/2021\/06\/marcelo-ebrard_opt-1.jpg\",\"datePublished\":\"2021-06-30T17:30:20+00:00\",\"dateModified\":\"2021-06-30T19:57:55+00:00\",\"description\":\"CIUDAD DE M\u00c9XICO. MX. \u2014 Durante su participaci\u00f3n en la Reuni\u00f3n de Cancilleres del G20 celebrada en Italia, el secretario de Relaciones Exteriores, Marcelo En Sonora en Equipo publicamos toda la informaci\u00f3n de Sonora, M\u00e9xico y el Mundo de manera oportuna y busca que la libertad de expresi\u00f3n sea real. Visita nuestro medio informativo publicado desde Hermosillo, Sonora. %\",\"breadcrumb\":{\"@id\":\"https:\/\/www.sonoraenequipo.com.mx\/pandemia-puede-volverse-endemica-si-se-retrasa-acceso-a-vacunas-anticovid-ebrard\/#breadcrumb\"},\"inLanguage\":\"es\",\"potentialAction\":[{\"@type\":\"ReadAction\",\"target\":[\"https:\/\/www.sonoraenequipo.com.mx\/pandemia-puede-volverse-endemica-si-se-retrasa-acceso-a-vacunas-anticovid-ebrard\/\"]}]},{\"@type\":\"ImageObject\",\"inLanguage\":\"es\",\"@id\":\"https:\/\/www.sonoraenequipo.com.mx\/pandemia-puede-volverse-endemica-si-se-retrasa-acceso-a-vacunas-anticovid-ebrard\/#primaryimage\",\"url\":\"https:\/\/www.sonoraenequipo.com.mx\/storage\/2021\/06\/marcelo-ebrard_opt-1.jpg\",\"contentUrl\":\"https:\/\/www.sonoraenequipo.com.mx\/storage\/2021\/06\/marcelo-ebrard_opt-1.jpg\",\"width\":700,\"height\":400},{\"@type\":\"BreadcrumbList\",\"@id\":\"https:\/\/www.sonoraenequipo.com.mx\/pandemia-puede-volverse-endemica-si-se-retrasa-acceso-a-vacunas-anticovid-ebrard\/#breadcrumb\",\"itemListElement\":[{\"@type\":\"ListItem\",\"position\":1,\"name\":\"Portada\",\"item\":\"https:\/\/www.sonoraenequipo.com.mx\/\"},{\"@type\":\"ListItem\",\"position\":2,\"name\":\"Pandemia puede volverse end\u00e9mica si se retrasa acceso a vacunas anticovid: Ebrard\"}]},{\"@type\":\"WebSite\",\"@id\":\"https:\/\/www.sonoraenequipo.com.mx\/#website\",\"url\":\"https:\/\/www.sonoraenequipo.com.mx\/\",\"name\":\"Sonora en Equipo.\",\"description\":\"Diario en l\u00ednea con Noticias desde Hermosillo, Sonora\",\"publisher\":{\"@id\":\"https:\/\/www.sonoraenequipo.com.mx\/#organization\"},\"potentialAction\":[{\"@type\":\"SearchAction\",\"target\":{\"@type\":\"EntryPoint\",\"urlTemplate\":\"https:\/\/www.sonoraenequipo.com.mx\/?s={search_term_string}\"},\"query-input\":{\"@type\":\"PropertyValueSpecification\",\"valueRequired\":true,\"valueName\":\"search_term_string\"}}],\"inLanguage\":\"es\"},{\"@type\":\"Organization\",\"@id\":\"https:\/\/www.sonoraenequipo.com.mx\/#organization\",\"name\":\"Sonoraenequipo.com.mx\",\"url\":\"https:\/\/www.sonoraenequipo.com.mx\/\",\"logo\":{\"@type\":\"ImageObject\",\"inLanguage\":\"es\",\"@id\":\"https:\/\/www.sonoraenequipo.com.mx\/#\/schema\/logo\/image\/\",\"url\":\"https:\/\/www.sonoraenequipo.com.mx\/storage\/2019\/01\/sonoraenequipo_opt.png\",\"contentUrl\":\"https:\/\/www.sonoraenequipo.com.mx\/storage\/2019\/01\/sonoraenequipo_opt.png\",\"width\":375,\"height\":125,\"caption\":\"Sonoraenequipo.com.mx\"},\"image\":{\"@id\":\"https:\/\/www.sonoraenequipo.com.mx\/#\/schema\/logo\/image\/\"},\"sameAs\":[\"https:\/\/www.facebook.com\/SonoraEE\/\",\"https:\/\/x.com\/sonoraenequipo\",\"https:\/\/www.youtube.com\/channel\/UC338nW-lPEYmJQs4ZABQ1SQ\"]},{\"@type\":\"Person\",\"@id\":\"https:\/\/www.sonoraenequipo.com.mx\/#\/schema\/person\/50102df0fb23a8fa9e8effad8fa81386\",\"name\":\"enequipo\",\"image\":{\"@type\":\"ImageObject\",\"inLanguage\":\"es\",\"@id\":\"https:\/\/www.sonoraenequipo.com.mx\/#\/schema\/person\/image\/\",\"url\":\"https:\/\/secure.gravatar.com\/avatar\/049821681b589dabc0bc20695993ccebb09f5b5d4d790cd9251b97faac7c652b?s=96&d=blank&r=g\",\"contentUrl\":\"https:\/\/secure.gravatar.com\/avatar\/049821681b589dabc0bc20695993ccebb09f5b5d4d790cd9251b97faac7c652b?s=96&d=blank&r=g\",\"caption\":\"enequipo\"},\"sameAs\":[\"https:\/\/www.facebook.com\/SonoraEE\"]}]}<\/script>\n ","yoast_head_json":{"title":"Sonora en Equipo. Pandemia puede volverse end\u00e9mica si se retrasa acceso a vacunas anticovid: Ebrard Rep\u00fablica","description":"CIUDAD DE M\u00c9XICO. MX. \u2014 Durante su participaci\u00f3n en la Reuni\u00f3n de Cancilleres del G20 celebrada en Italia, el secretario de Relaciones Exteriores, Marcelo En Sonora en Equipo publicamos toda la informaci\u00f3n de Sonora, M\u00e9xico y el Mundo de manera oportuna y busca que la libertad de expresi\u00f3n sea real. Visita nuestro medio informativo publicado desde Hermosillo, Sonora. %","robots":{"index":"index","follow":"follow","max-snippet":"max-snippet:-1","max-image-preview":"max-image-preview:large","max-video-preview":"max-video-preview:-1"},"canonical":"https:\/\/www.sonoraenequipo.com.mx\/pandemia-puede-volverse-endemica-si-se-retrasa-acceso-a-vacunas-anticovid-ebrard\/","og_locale":"es_ES","og_type":"article","og_title":"Sonora en Equipo. Pandemia puede volverse end\u00e9mica si se retrasa acceso a vacunas anticovid: Ebrard Rep\u00fablica","og_description":"CIUDAD DE M\u00c9XICO. MX. \u2014 Durante su participaci\u00f3n en la Reuni\u00f3n de Cancilleres del G20 celebrada en Italia, el secretario de Relaciones Exteriores, Marcelo En Sonora en Equipo publicamos toda la informaci\u00f3n de Sonora, M\u00e9xico y el Mundo de manera oportuna y busca que la libertad de expresi\u00f3n sea real. Visita nuestro medio informativo publicado desde Hermosillo, Sonora. %","og_url":"https:\/\/www.sonoraenequipo.com.mx\/pandemia-puede-volverse-endemica-si-se-retrasa-acceso-a-vacunas-anticovid-ebrard\/","og_site_name":"Sonora en Equipo.","article_publisher":"https:\/\/www.facebook.com\/SonoraEE\/","article_author":"https:\/\/www.facebook.com\/SonoraEE","article_published_time":"2021-06-30T17:30:20+00:00","article_modified_time":"2021-06-30T19:57:55+00:00","og_image":[{"width":700,"height":400,"url":"https:\/\/www.sonoraenequipo.com.mx\/storage\/2021\/06\/marcelo-ebrard_opt-1.jpg","type":"image\/jpeg"}],"author":"enequipo","twitter_card":"summary_large_image","twitter_creator":"@sonoraenequipo","twitter_site":"@sonoraenequipo","twitter_misc":{"Escrito por":"enequipo","Tiempo de lectura":"4 minutos"},"schema":{"@context":"https:\/\/schema.org","@graph":[{"@type":"Article","@id":"https:\/\/www.sonoraenequipo.com.mx\/pandemia-puede-volverse-endemica-si-se-retrasa-acceso-a-vacunas-anticovid-ebrard\/#article","isPartOf":{"@id":"https:\/\/www.sonoraenequipo.com.mx\/pandemia-puede-volverse-endemica-si-se-retrasa-acceso-a-vacunas-anticovid-ebrard\/"},"author":{"name":"enequipo","@id":"https:\/\/www.sonoraenequipo.com.mx\/#\/schema\/person\/50102df0fb23a8fa9e8effad8fa81386"},"headline":"Pandemia puede volverse end\u00e9mica si se retrasa acceso a vacunas anticovid: Ebrard","datePublished":"2021-06-30T17:30:20+00:00","dateModified":"2021-06-30T19:57:55+00:00","mainEntityOfPage":{"@id":"https:\/\/www.sonoraenequipo.com.mx\/pandemia-puede-volverse-endemica-si-se-retrasa-acceso-a-vacunas-anticovid-ebrard\/"},"wordCount":873,"commentCount":0,"publisher":{"@id":"https:\/\/www.sonoraenequipo.com.mx\/#organization"},"image":{"@id":"https:\/\/www.sonoraenequipo.com.mx\/pandemia-puede-volverse-endemica-si-se-retrasa-acceso-a-vacunas-anticovid-ebrard\/#primaryimage"},"thumbnailUrl":"https:\/\/www.sonoraenequipo.com.mx\/storage\/2021\/06\/marcelo-ebrard_opt-1.jpg","articleSection":["Rep\u00fablica"],"inLanguage":"es","potentialAction":[{"@type":"CommentAction","name":"Comment","target":["https:\/\/www.sonoraenequipo.com.mx\/pandemia-puede-volverse-endemica-si-se-retrasa-acceso-a-vacunas-anticovid-ebrard\/#respond"]}]},{"@type":"WebPage","@id":"https:\/\/www.sonoraenequipo.com.mx\/pandemia-puede-volverse-endemica-si-se-retrasa-acceso-a-vacunas-anticovid-ebrard\/","url":"https:\/\/www.sonoraenequipo.com.mx\/pandemia-puede-volverse-endemica-si-se-retrasa-acceso-a-vacunas-anticovid-ebrard\/","name":"Sonora en Equipo. Pandemia puede volverse end\u00e9mica si se retrasa acceso a vacunas anticovid: Ebrard Rep\u00fablica","isPartOf":{"@id":"https:\/\/www.sonoraenequipo.com.mx\/#website"},"primaryImageOfPage":{"@id":"https:\/\/www.sonoraenequipo.com.mx\/pandemia-puede-volverse-endemica-si-se-retrasa-acceso-a-vacunas-anticovid-ebrard\/#primaryimage"},"image":{"@id":"https:\/\/www.sonoraenequipo.com.mx\/pandemia-puede-volverse-endemica-si-se-retrasa-acceso-a-vacunas-anticovid-ebrard\/#primaryimage"},"thumbnailUrl":"https:\/\/www.sonoraenequipo.com.mx\/storage\/2021\/06\/marcelo-ebrard_opt-1.jpg","datePublished":"2021-06-30T17:30:20+00:00","dateModified":"2021-06-30T19:57:55+00:00","description":"CIUDAD DE M\u00c9XICO. MX. \u2014 Durante su participaci\u00f3n en la Reuni\u00f3n de Cancilleres del G20 celebrada en Italia, el secretario de Relaciones Exteriores, Marcelo En Sonora en Equipo publicamos toda la informaci\u00f3n de Sonora, M\u00e9xico y el Mundo de manera oportuna y busca que la libertad de expresi\u00f3n sea real. Visita nuestro medio informativo publicado desde Hermosillo, Sonora. %","breadcrumb":{"@id":"https:\/\/www.sonoraenequipo.com.mx\/pandemia-puede-volverse-endemica-si-se-retrasa-acceso-a-vacunas-anticovid-ebrard\/#breadcrumb"},"inLanguage":"es","potentialAction":[{"@type":"ReadAction","target":["https:\/\/www.sonoraenequipo.com.mx\/pandemia-puede-volverse-endemica-si-se-retrasa-acceso-a-vacunas-anticovid-ebrard\/"]}]},{"@type":"ImageObject","inLanguage":"es","@id":"https:\/\/www.sonoraenequipo.com.mx\/pandemia-puede-volverse-endemica-si-se-retrasa-acceso-a-vacunas-anticovid-ebrard\/#primaryimage","url":"https:\/\/www.sonoraenequipo.com.mx\/storage\/2021\/06\/marcelo-ebrard_opt-1.jpg","contentUrl":"https:\/\/www.sonoraenequipo.com.mx\/storage\/2021\/06\/marcelo-ebrard_opt-1.jpg","width":700,"height":400},{"@type":"BreadcrumbList","@id":"https:\/\/www.sonoraenequipo.com.mx\/pandemia-puede-volverse-endemica-si-se-retrasa-acceso-a-vacunas-anticovid-ebrard\/#breadcrumb","itemListElement":[{"@type":"ListItem","position":1,"name":"Portada","item":"https:\/\/www.sonoraenequipo.com.mx\/"},{"@type":"ListItem","position":2,"name":"Pandemia puede volverse end\u00e9mica si se retrasa acceso a vacunas anticovid: Ebrard"}]},{"@type":"WebSite","@id":"https:\/\/www.sonoraenequipo.com.mx\/#website","url":"https:\/\/www.sonoraenequipo.com.mx\/","name":"Sonora en Equipo.","description":"Diario en l\u00ednea con Noticias desde Hermosillo, Sonora","publisher":{"@id":"https:\/\/www.sonoraenequipo.com.mx\/#organization"},"potentialAction":[{"@type":"SearchAction","target":{"@type":"EntryPoint","urlTemplate":"https:\/\/www.sonoraenequipo.com.mx\/?s={search_term_string}"},"query-input":{"@type":"PropertyValueSpecification","valueRequired":true,"valueName":"search_term_string"}}],"inLanguage":"es"},{"@type":"Organization","@id":"https:\/\/www.sonoraenequipo.com.mx\/#organization","name":"Sonoraenequipo.com.mx","url":"https:\/\/www.sonoraenequipo.com.mx\/","logo":{"@type":"ImageObject","inLanguage":"es","@id":"https:\/\/www.sonoraenequipo.com.mx\/#\/schema\/logo\/image\/","url":"https:\/\/www.sonoraenequipo.com.mx\/storage\/2019\/01\/sonoraenequipo_opt.png","contentUrl":"https:\/\/www.sonoraenequipo.com.mx\/storage\/2019\/01\/sonoraenequipo_opt.png","width":375,"height":125,"caption":"Sonoraenequipo.com.mx"},"image":{"@id":"https:\/\/www.sonoraenequipo.com.mx\/#\/schema\/logo\/image\/"},"sameAs":["https:\/\/www.facebook.com\/SonoraEE\/","https:\/\/x.com\/sonoraenequipo","https:\/\/www.youtube.com\/channel\/UC338nW-lPEYmJQs4ZABQ1SQ"]},{"@type":"Person","@id":"https:\/\/www.sonoraenequipo.com.mx\/#\/schema\/person\/50102df0fb23a8fa9e8effad8fa81386","name":"enequipo","image":{"@type":"ImageObject","inLanguage":"es","@id":"https:\/\/www.sonoraenequipo.com.mx\/#\/schema\/person\/image\/","url":"https:\/\/secure.gravatar.com\/avatar\/049821681b589dabc0bc20695993ccebb09f5b5d4d790cd9251b97faac7c652b?s=96&d=blank&r=g","contentUrl":"https:\/\/secure.gravatar.com\/avatar\/049821681b589dabc0bc20695993ccebb09f5b5d4d790cd9251b97faac7c652b?s=96&d=blank&r=g","caption":"enequipo"},"sameAs":["https:\/\/www.facebook.com\/SonoraEE"]}]}},"jetpack_featured_media_url":"https:\/\/www.sonoraenequipo.com.mx\/storage\/2021\/06\/marcelo-ebrard_opt-1.jpg","_links":{"self":[{"href":"https:\/\/www.sonoraenequipo.com.mx\/api\/wp\/v2\/posts\/117512","targetHints":{"allow":["GET"]}}],"collection":[{"href":"https:\/\/www.sonoraenequipo.com.mx\/api\/wp\/v2\/posts"}],"about":[{"href":"https:\/\/www.sonoraenequipo.com.mx\/api\/wp\/v2\/types\/post"}],"author":[{"embeddable":true,"href":"https:\/\/www.sonoraenequipo.com.mx\/api\/wp\/v2\/users\/1"}],"replies":[{"embeddable":true,"href":"https:\/\/www.sonoraenequipo.com.mx\/api\/wp\/v2\/comments?post=117512"}],"version-history":[{"count":1,"href":"https:\/\/www.sonoraenequipo.com.mx\/api\/wp\/v2\/posts\/117512\/revisions"}],"predecessor-version":[{"id":117513,"href":"https:\/\/www.sonoraenequipo.com.mx\/api\/wp\/v2\/posts\/117512\/revisions\/117513"}],"wp:featuredmedia":[{"embeddable":true,"href":"https:\/\/www.sonoraenequipo.com.mx\/api\/wp\/v2\/media\/117511"}],"wp:attachment":[{"href":"https:\/\/www.sonoraenequipo.com.mx\/api\/wp\/v2\/media?parent=117512"}],"wp:term":[{"taxonomy":"category","embeddable":true,"href":"https:\/\/www.sonoraenequipo.com.mx\/api\/wp\/v2\/categories?post=117512"},{"taxonomy":"post_tag","embeddable":true,"href":"https:\/\/www.sonoraenequipo.com.mx\/api\/wp\/v2\/tags?post=117512"}],"curies":[{"name":"wp","href":"https:\/\/api.w.org\/{rel}","templated":true}]}}