{"id":117518,"date":"2021-06-30T08:28:58","date_gmt":"2021-06-30T15:28:58","guid":{"rendered":"https:\/\/www.sonoraenequipo.com.mx\/?p=117518"},"modified":"2021-06-30T14:15:10","modified_gmt":"2021-06-30T21:15:10","slug":"guardia-nacional-en-vias-de-consolidacion-amlo","status":"publish","type":"post","link":"https:\/\/www.sonoraenequipo.com.mx\/guardia-nacional-en-vias-de-consolidacion-amlo\/","title":{"rendered":"Guardia Nacional, en v\u00edas de consolidaci\u00f3n: AMLO"},"content":{"rendered":"<p>CIUDAD DE M\u00c9XICO. MX. \u2014 En su segundo aniversario, la Guardia Nacional se est\u00e1 consolidando, asegur\u00f3 al presidente Andr\u00e9s Manuel L\u00f3pez Obrador. En la Conferencia Ma\u00f1anera, celebr\u00f3 que a dos a\u00f1os de vida de esta instituci\u00f3n ya tiene una importante aceptaci\u00f3n por la ciudadan\u00eda.<\/p>\n<p>&nbsp;<\/p>\n<p> <\/p>\n<p>&nbsp;<\/p>\n<p>El presidente inform\u00f3 que la Guardia Nacional cuenta actualmente con 100 mil elementos y tiene un estado de fuerza cinco veces mayor a lo que tuvo en su momento la Polic\u00eda Federal.<\/p>\n<p>&nbsp;<\/p>\n<p>&nbsp;<\/p>\n<p>A unos momentos de la conmemoraci\u00f3n de estos dos a\u00f1os de la Guardia Nacional en Campo Marte, aplaudi\u00f3 que en las encuestas ya ocupa el tercer lugar y que tiene un 70 por ciento de aceptaci\u00f3n en la gente.<em> \u00abVamos a seguir consolidando esta instituci\u00f3n\u201d<\/em>, dijo.<\/p>\n<p>&nbsp;<\/p>\n<p>&nbsp;<\/p>\n<p>Adem\u00e1s, sostuvo que, a diferencia de la Polic\u00eda Federal, la Guardia Nacional tiene elementos que cuentan con una formaci\u00f3n de calidad y tienen cuarteles dignos. <em>\u00abYa se cuenta con 100 mil elementos a la Guardia Nacional, en su mejor momento la Polic\u00eda Federal lleg\u00f3 a tener 40 mil elementos, pero la mitad eran administrativos, 20 mil elementos eran operativos, de modo que la Guardia Nacional en dos a\u00f1os ha crecido cinco veces de lo que se ten\u00eda\u201d<\/em>, reiter\u00f3.<\/p>\n<p>&nbsp;<\/p>\n<p>Agreg\u00f3 que todos estos elementos han sido formados, capacitados, disciplinados y conducidos de la mano tanto la Secretar\u00eda de Marina y de Defensa Nacional.<\/p>\n<p>&nbsp;<\/p>\n<p>Se han construido hasta ahora 165 cuarteles, de 266 cuarteles de la Guardia Nacional. <em>\u00abEso nunca se hab\u00eda logrado, la Polic\u00eda Federal no ten\u00eda esas instalaciones, ya sabemos c\u00f3mo los mandaban operativos, acampaban, en hoteles, situaciones inc\u00f3modas, no dignas de quienes se dedican a proteger al pueblo\u201d,<\/em> agreg\u00f3.<\/p>\n<p>&nbsp;<\/p>\n<p>A las 10:00 de la ma\u00f1ana, el presidente encabezar\u00e1 la conmemoraci\u00f3n del segundo aniversario de la Guardia Nacional, en el Campo Militar Marte.<\/p>\n<p>&nbsp;<\/p>\n<p>(Publicada el 30\/06\/2021)<\/p>\n","protected":false},"excerpt":{"rendered":"<p>CIUDAD DE M\u00c9XICO. MX. \u2014 En su segundo aniversario, la Guardia Nacional se est\u00e1 consolidando,&#8230;<\/p>\n","protected":false},"author":1,"featured_media":117519,"comment_status":"open","ping_status":"open","sticky":false,"template":"","format":"standard","meta":{"_monsterinsights_skip_tracking":false,"_monsterinsights_sitenote_active":false,"_monsterinsights_sitenote_note":"","_monsterinsights_sitenote_category":0,"footnotes":""},"categories":[5],"tags":[],"class_list":["post"],"yoast_head":" \n<title>Sonora en Equipo. Guardia Nacional, en v\u00edas de consolidaci\u00f3n: AMLO Rep\u00fablica<\/title>\n<meta name=\"description\" content=\"CIUDAD DE M\u00c9XICO. MX. \u2014 En su segundo aniversario, la Guardia Nacional se est\u00e1 consolidando, asegur\u00f3 al presidente Andr\u00e9s Manuel L\u00f3pez Obrador. En la En Sonora en Equipo publicamos toda la informaci\u00f3n de Sonora, M\u00e9xico y el Mundo de manera oportuna y busca que la libertad de expresi\u00f3n sea real. Visita nuestro medio informativo publicado desde Hermosillo, Sonora. %\" \/>\n<meta name=\"robots\" content=\"index, follow, max-snippet:-1, max-image-preview:large, max-video-preview:-1\" \/>\n<link rel=\"canonical\" href=\"https:\/\/www.sonoraenequipo.com.mx\/guardia-nacional-en-vias-de-consolidacion-amlo\/\" \/>\n<meta property=\"og:locale\" content=\"es_ES\" \/>\n<meta property=\"og:type\" content=\"article\" \/>\n<meta property=\"og:title\" content=\"Sonora en Equipo. Guardia Nacional, en v\u00edas de consolidaci\u00f3n: AMLO Rep\u00fablica\" \/>\n<meta property=\"og:description\" content=\"CIUDAD DE M\u00c9XICO. MX. \u2014 En su segundo aniversario, la Guardia Nacional se est\u00e1 consolidando, asegur\u00f3 al presidente Andr\u00e9s Manuel L\u00f3pez Obrador. En la En Sonora en Equipo publicamos toda la informaci\u00f3n de Sonora, M\u00e9xico y el Mundo de manera oportuna y busca que la libertad de expresi\u00f3n sea real. Visita nuestro medio informativo publicado desde Hermosillo, Sonora. %\" \/>\n<meta property=\"og:url\" content=\"https:\/\/www.sonoraenequipo.com.mx\/guardia-nacional-en-vias-de-consolidacion-amlo\/\" \/>\n<meta property=\"og:site_name\" content=\"Sonora en Equipo.\" \/>\n<meta property=\"article:publisher\" content=\"https:\/\/www.facebook.com\/SonoraEE\/\" \/>\n<meta property=\"article:author\" content=\"https:\/\/www.facebook.com\/SonoraEE\" \/>\n<meta property=\"article:published_time\" content=\"2021-06-30T15:28:58+00:00\" \/>\n<meta property=\"article:modified_time\" content=\"2021-06-30T21:15:10+00:00\" \/>\n<meta property=\"og:image\" content=\"https:\/\/www.sonoraenequipo.com.mx\/storage\/2021\/06\/Guardia-Nacional-en-Rosarito_opt.jpg\" \/>\n\t<meta property=\"og:image:width\" content=\"700\" \/>\n\t<meta property=\"og:image:height\" content=\"400\" \/>\n\t<meta property=\"og:image:type\" content=\"image\/jpeg\" \/>\n<meta name=\"author\" content=\"enequipo\" \/>\n<meta name=\"twitter:card\" content=\"summary_large_image\" \/>\n<meta name=\"twitter:creator\" content=\"@sonoraenequipo\" \/>\n<meta name=\"twitter:site\" content=\"@sonoraenequipo\" \/>\n<meta name=\"twitter:label1\" content=\"Escrito por\" \/>\n\t<meta name=\"twitter:data1\" content=\"enequipo\" \/>\n\t<meta name=\"twitter:label2\" content=\"Tiempo de lectura\" \/>\n\t<meta name=\"twitter:data2\" content=\"2 minutos\" \/>\n<script type=\"application\/ld+json\" class=\"yoast-schema-graph\">{\"@context\":\"https:\/\/schema.org\",\"@graph\":[{\"@type\":\"Article\",\"@id\":\"https:\/\/www.sonoraenequipo.com.mx\/guardia-nacional-en-vias-de-consolidacion-amlo\/#article\",\"isPartOf\":{\"@id\":\"https:\/\/www.sonoraenequipo.com.mx\/guardia-nacional-en-vias-de-consolidacion-amlo\/\"},\"author\":{\"name\":\"enequipo\",\"@id\":\"https:\/\/www.sonoraenequipo.com.mx\/#\/schema\/person\/50102df0fb23a8fa9e8effad8fa81386\"},\"headline\":\"Guardia Nacional, en v\u00edas de consolidaci\u00f3n: AMLO\",\"datePublished\":\"2021-06-30T15:28:58+00:00\",\"dateModified\":\"2021-06-30T21:15:10+00:00\",\"mainEntityOfPage\":{\"@id\":\"https:\/\/www.sonoraenequipo.com.mx\/guardia-nacional-en-vias-de-consolidacion-amlo\/\"},\"wordCount\":334,\"commentCount\":0,\"publisher\":{\"@id\":\"https:\/\/www.sonoraenequipo.com.mx\/#organization\"},\"image\":{\"@id\":\"https:\/\/www.sonoraenequipo.com.mx\/guardia-nacional-en-vias-de-consolidacion-amlo\/#primaryimage\"},\"thumbnailUrl\":\"https:\/\/www.sonoraenequipo.com.mx\/storage\/2021\/06\/Guardia-Nacional-en-Rosarito_opt.jpg\",\"articleSection\":[\"Rep\u00fablica\"],\"inLanguage\":\"es\",\"potentialAction\":[{\"@type\":\"CommentAction\",\"name\":\"Comment\",\"target\":[\"https:\/\/www.sonoraenequipo.com.mx\/guardia-nacional-en-vias-de-consolidacion-amlo\/#respond\"]}]},{\"@type\":\"WebPage\",\"@id\":\"https:\/\/www.sonoraenequipo.com.mx\/guardia-nacional-en-vias-de-consolidacion-amlo\/\",\"url\":\"https:\/\/www.sonoraenequipo.com.mx\/guardia-nacional-en-vias-de-consolidacion-amlo\/\",\"name\":\"Sonora en Equipo. Guardia Nacional, en v\u00edas de consolidaci\u00f3n: AMLO Rep\u00fablica\",\"isPartOf\":{\"@id\":\"https:\/\/www.sonoraenequipo.com.mx\/#website\"},\"primaryImageOfPage\":{\"@id\":\"https:\/\/www.sonoraenequipo.com.mx\/guardia-nacional-en-vias-de-consolidacion-amlo\/#primaryimage\"},\"image\":{\"@id\":\"https:\/\/www.sonoraenequipo.com.mx\/guardia-nacional-en-vias-de-consolidacion-amlo\/#primaryimage\"},\"thumbnailUrl\":\"https:\/\/www.sonoraenequipo.com.mx\/storage\/2021\/06\/Guardia-Nacional-en-Rosarito_opt.jpg\",\"datePublished\":\"2021-06-30T15:28:58+00:00\",\"dateModified\":\"2021-06-30T21:15:10+00:00\",\"description\":\"CIUDAD DE M\u00c9XICO. MX. \u2014 En su segundo aniversario, la Guardia Nacional se est\u00e1 consolidando, asegur\u00f3 al presidente Andr\u00e9s Manuel L\u00f3pez Obrador. En la En Sonora en Equipo publicamos toda la informaci\u00f3n de Sonora, M\u00e9xico y el Mundo de manera oportuna y busca que la libertad de expresi\u00f3n sea real. Visita nuestro medio informativo publicado desde Hermosillo, Sonora. %\",\"breadcrumb\":{\"@id\":\"https:\/\/www.sonoraenequipo.com.mx\/guardia-nacional-en-vias-de-consolidacion-amlo\/#breadcrumb\"},\"inLanguage\":\"es\",\"potentialAction\":[{\"@type\":\"ReadAction\",\"target\":[\"https:\/\/www.sonoraenequipo.com.mx\/guardia-nacional-en-vias-de-consolidacion-amlo\/\"]}]},{\"@type\":\"ImageObject\",\"inLanguage\":\"es\",\"@id\":\"https:\/\/www.sonoraenequipo.com.mx\/guardia-nacional-en-vias-de-consolidacion-amlo\/#primaryimage\",\"url\":\"https:\/\/www.sonoraenequipo.com.mx\/storage\/2021\/06\/Guardia-Nacional-en-Rosarito_opt.jpg\",\"contentUrl\":\"https:\/\/www.sonoraenequipo.com.mx\/storage\/2021\/06\/Guardia-Nacional-en-Rosarito_opt.jpg\",\"width\":700,\"height\":400},{\"@type\":\"BreadcrumbList\",\"@id\":\"https:\/\/www.sonoraenequipo.com.mx\/guardia-nacional-en-vias-de-consolidacion-amlo\/#breadcrumb\",\"itemListElement\":[{\"@type\":\"ListItem\",\"position\":1,\"name\":\"Portada\",\"item\":\"https:\/\/www.sonoraenequipo.com.mx\/\"},{\"@type\":\"ListItem\",\"position\":2,\"name\":\"Guardia Nacional, en v\u00edas de consolidaci\u00f3n: AMLO\"}]},{\"@type\":\"WebSite\",\"@id\":\"https:\/\/www.sonoraenequipo.com.mx\/#website\",\"url\":\"https:\/\/www.sonoraenequipo.com.mx\/\",\"name\":\"Sonora en Equipo.\",\"description\":\"Diario en l\u00ednea con Noticias desde Hermosillo, Sonora\",\"publisher\":{\"@id\":\"https:\/\/www.sonoraenequipo.com.mx\/#organization\"},\"potentialAction\":[{\"@type\":\"SearchAction\",\"target\":{\"@type\":\"EntryPoint\",\"urlTemplate\":\"https:\/\/www.sonoraenequipo.com.mx\/?s={search_term_string}\"},\"query-input\":{\"@type\":\"PropertyValueSpecification\",\"valueRequired\":true,\"valueName\":\"search_term_string\"}}],\"inLanguage\":\"es\"},{\"@type\":\"Organization\",\"@id\":\"https:\/\/www.sonoraenequipo.com.mx\/#organization\",\"name\":\"Sonoraenequipo.com.mx\",\"url\":\"https:\/\/www.sonoraenequipo.com.mx\/\",\"logo\":{\"@type\":\"ImageObject\",\"inLanguage\":\"es\",\"@id\":\"https:\/\/www.sonoraenequipo.com.mx\/#\/schema\/logo\/image\/\",\"url\":\"https:\/\/www.sonoraenequipo.com.mx\/storage\/2019\/01\/sonoraenequipo_opt.png\",\"contentUrl\":\"https:\/\/www.sonoraenequipo.com.mx\/storage\/2019\/01\/sonoraenequipo_opt.png\",\"width\":375,\"height\":125,\"caption\":\"Sonoraenequipo.com.mx\"},\"image\":{\"@id\":\"https:\/\/www.sonoraenequipo.com.mx\/#\/schema\/logo\/image\/\"},\"sameAs\":[\"https:\/\/www.facebook.com\/SonoraEE\/\",\"https:\/\/x.com\/sonoraenequipo\",\"https:\/\/www.youtube.com\/channel\/UC338nW-lPEYmJQs4ZABQ1SQ\"]},{\"@type\":\"Person\",\"@id\":\"https:\/\/www.sonoraenequipo.com.mx\/#\/schema\/person\/50102df0fb23a8fa9e8effad8fa81386\",\"name\":\"enequipo\",\"image\":{\"@type\":\"ImageObject\",\"inLanguage\":\"es\",\"@id\":\"https:\/\/www.sonoraenequipo.com.mx\/#\/schema\/person\/image\/\",\"url\":\"https:\/\/secure.gravatar.com\/avatar\/049821681b589dabc0bc20695993ccebb09f5b5d4d790cd9251b97faac7c652b?s=96&d=blank&r=g\",\"contentUrl\":\"https:\/\/secure.gravatar.com\/avatar\/049821681b589dabc0bc20695993ccebb09f5b5d4d790cd9251b97faac7c652b?s=96&d=blank&r=g\",\"caption\":\"enequipo\"},\"sameAs\":[\"https:\/\/www.facebook.com\/SonoraEE\"]}]}<\/script>\n ","yoast_head_json":{"title":"Sonora en Equipo. Guardia Nacional, en v\u00edas de consolidaci\u00f3n: AMLO Rep\u00fablica","description":"CIUDAD DE M\u00c9XICO. MX. \u2014 En su segundo aniversario, la Guardia Nacional se est\u00e1 consolidando, asegur\u00f3 al presidente Andr\u00e9s Manuel L\u00f3pez Obrador. En la En Sonora en Equipo publicamos toda la informaci\u00f3n de Sonora, M\u00e9xico y el Mundo de manera oportuna y busca que la libertad de expresi\u00f3n sea real. Visita nuestro medio informativo publicado desde Hermosillo, Sonora. %","robots":{"index":"index","follow":"follow","max-snippet":"max-snippet:-1","max-image-preview":"max-image-preview:large","max-video-preview":"max-video-preview:-1"},"canonical":"https:\/\/www.sonoraenequipo.com.mx\/guardia-nacional-en-vias-de-consolidacion-amlo\/","og_locale":"es_ES","og_type":"article","og_title":"Sonora en Equipo. Guardia Nacional, en v\u00edas de consolidaci\u00f3n: AMLO Rep\u00fablica","og_description":"CIUDAD DE M\u00c9XICO. MX. \u2014 En su segundo aniversario, la Guardia Nacional se est\u00e1 consolidando, asegur\u00f3 al presidente Andr\u00e9s Manuel L\u00f3pez Obrador. En la En Sonora en Equipo publicamos toda la informaci\u00f3n de Sonora, M\u00e9xico y el Mundo de manera oportuna y busca que la libertad de expresi\u00f3n sea real. Visita nuestro medio informativo publicado desde Hermosillo, Sonora. %","og_url":"https:\/\/www.sonoraenequipo.com.mx\/guardia-nacional-en-vias-de-consolidacion-amlo\/","og_site_name":"Sonora en Equipo.","article_publisher":"https:\/\/www.facebook.com\/SonoraEE\/","article_author":"https:\/\/www.facebook.com\/SonoraEE","article_published_time":"2021-06-30T15:28:58+00:00","article_modified_time":"2021-06-30T21:15:10+00:00","og_image":[{"width":700,"height":400,"url":"https:\/\/www.sonoraenequipo.com.mx\/storage\/2021\/06\/Guardia-Nacional-en-Rosarito_opt.jpg","type":"image\/jpeg"}],"author":"enequipo","twitter_card":"summary_large_image","twitter_creator":"@sonoraenequipo","twitter_site":"@sonoraenequipo","twitter_misc":{"Escrito por":"enequipo","Tiempo de lectura":"2 minutos"},"schema":{"@context":"https:\/\/schema.org","@graph":[{"@type":"Article","@id":"https:\/\/www.sonoraenequipo.com.mx\/guardia-nacional-en-vias-de-consolidacion-amlo\/#article","isPartOf":{"@id":"https:\/\/www.sonoraenequipo.com.mx\/guardia-nacional-en-vias-de-consolidacion-amlo\/"},"author":{"name":"enequipo","@id":"https:\/\/www.sonoraenequipo.com.mx\/#\/schema\/person\/50102df0fb23a8fa9e8effad8fa81386"},"headline":"Guardia Nacional, en v\u00edas de consolidaci\u00f3n: AMLO","datePublished":"2021-06-30T15:28:58+00:00","dateModified":"2021-06-30T21:15:10+00:00","mainEntityOfPage":{"@id":"https:\/\/www.sonoraenequipo.com.mx\/guardia-nacional-en-vias-de-consolidacion-amlo\/"},"wordCount":334,"commentCount":0,"publisher":{"@id":"https:\/\/www.sonoraenequipo.com.mx\/#organization"},"image":{"@id":"https:\/\/www.sonoraenequipo.com.mx\/guardia-nacional-en-vias-de-consolidacion-amlo\/#primaryimage"},"thumbnailUrl":"https:\/\/www.sonoraenequipo.com.mx\/storage\/2021\/06\/Guardia-Nacional-en-Rosarito_opt.jpg","articleSection":["Rep\u00fablica"],"inLanguage":"es","potentialAction":[{"@type":"CommentAction","name":"Comment","target":["https:\/\/www.sonoraenequipo.com.mx\/guardia-nacional-en-vias-de-consolidacion-amlo\/#respond"]}]},{"@type":"WebPage","@id":"https:\/\/www.sonoraenequipo.com.mx\/guardia-nacional-en-vias-de-consolidacion-amlo\/","url":"https:\/\/www.sonoraenequipo.com.mx\/guardia-nacional-en-vias-de-consolidacion-amlo\/","name":"Sonora en Equipo. Guardia Nacional, en v\u00edas de consolidaci\u00f3n: AMLO Rep\u00fablica","isPartOf":{"@id":"https:\/\/www.sonoraenequipo.com.mx\/#website"},"primaryImageOfPage":{"@id":"https:\/\/www.sonoraenequipo.com.mx\/guardia-nacional-en-vias-de-consolidacion-amlo\/#primaryimage"},"image":{"@id":"https:\/\/www.sonoraenequipo.com.mx\/guardia-nacional-en-vias-de-consolidacion-amlo\/#primaryimage"},"thumbnailUrl":"https:\/\/www.sonoraenequipo.com.mx\/storage\/2021\/06\/Guardia-Nacional-en-Rosarito_opt.jpg","datePublished":"2021-06-30T15:28:58+00:00","dateModified":"2021-06-30T21:15:10+00:00","description":"CIUDAD DE M\u00c9XICO. MX. \u2014 En su segundo aniversario, la Guardia Nacional se est\u00e1 consolidando, asegur\u00f3 al presidente Andr\u00e9s Manuel L\u00f3pez Obrador. En la En Sonora en Equipo publicamos toda la informaci\u00f3n de Sonora, M\u00e9xico y el Mundo de manera oportuna y busca que la libertad de expresi\u00f3n sea real. Visita nuestro medio informativo publicado desde Hermosillo, Sonora. %","breadcrumb":{"@id":"https:\/\/www.sonoraenequipo.com.mx\/guardia-nacional-en-vias-de-consolidacion-amlo\/#breadcrumb"},"inLanguage":"es","potentialAction":[{"@type":"ReadAction","target":["https:\/\/www.sonoraenequipo.com.mx\/guardia-nacional-en-vias-de-consolidacion-amlo\/"]}]},{"@type":"ImageObject","inLanguage":"es","@id":"https:\/\/www.sonoraenequipo.com.mx\/guardia-nacional-en-vias-de-consolidacion-amlo\/#primaryimage","url":"https:\/\/www.sonoraenequipo.com.mx\/storage\/2021\/06\/Guardia-Nacional-en-Rosarito_opt.jpg","contentUrl":"https:\/\/www.sonoraenequipo.com.mx\/storage\/2021\/06\/Guardia-Nacional-en-Rosarito_opt.jpg","width":700,"height":400},{"@type":"BreadcrumbList","@id":"https:\/\/www.sonoraenequipo.com.mx\/guardia-nacional-en-vias-de-consolidacion-amlo\/#breadcrumb","itemListElement":[{"@type":"ListItem","position":1,"name":"Portada","item":"https:\/\/www.sonoraenequipo.com.mx\/"},{"@type":"ListItem","position":2,"name":"Guardia Nacional, en v\u00edas de consolidaci\u00f3n: AMLO"}]},{"@type":"WebSite","@id":"https:\/\/www.sonoraenequipo.com.mx\/#website","url":"https:\/\/www.sonoraenequipo.com.mx\/","name":"Sonora en Equipo.","description":"Diario en l\u00ednea con Noticias desde Hermosillo, Sonora","publisher":{"@id":"https:\/\/www.sonoraenequipo.com.mx\/#organization"},"potentialAction":[{"@type":"SearchAction","target":{"@type":"EntryPoint","urlTemplate":"https:\/\/www.sonoraenequipo.com.mx\/?s={search_term_string}"},"query-input":{"@type":"PropertyValueSpecification","valueRequired":true,"valueName":"search_term_string"}}],"inLanguage":"es"},{"@type":"Organization","@id":"https:\/\/www.sonoraenequipo.com.mx\/#organization","name":"Sonoraenequipo.com.mx","url":"https:\/\/www.sonoraenequipo.com.mx\/","logo":{"@type":"ImageObject","inLanguage":"es","@id":"https:\/\/www.sonoraenequipo.com.mx\/#\/schema\/logo\/image\/","url":"https:\/\/www.sonoraenequipo.com.mx\/storage\/2019\/01\/sonoraenequipo_opt.png","contentUrl":"https:\/\/www.sonoraenequipo.com.mx\/storage\/2019\/01\/sonoraenequipo_opt.png","width":375,"height":125,"caption":"Sonoraenequipo.com.mx"},"image":{"@id":"https:\/\/www.sonoraenequipo.com.mx\/#\/schema\/logo\/image\/"},"sameAs":["https:\/\/www.facebook.com\/SonoraEE\/","https:\/\/x.com\/sonoraenequipo","https:\/\/www.youtube.com\/channel\/UC338nW-lPEYmJQs4ZABQ1SQ"]},{"@type":"Person","@id":"https:\/\/www.sonoraenequipo.com.mx\/#\/schema\/person\/50102df0fb23a8fa9e8effad8fa81386","name":"enequipo","image":{"@type":"ImageObject","inLanguage":"es","@id":"https:\/\/www.sonoraenequipo.com.mx\/#\/schema\/person\/image\/","url":"https:\/\/secure.gravatar.com\/avatar\/049821681b589dabc0bc20695993ccebb09f5b5d4d790cd9251b97faac7c652b?s=96&d=blank&r=g","contentUrl":"https:\/\/secure.gravatar.com\/avatar\/049821681b589dabc0bc20695993ccebb09f5b5d4d790cd9251b97faac7c652b?s=96&d=blank&r=g","caption":"enequipo"},"sameAs":["https:\/\/www.facebook.com\/SonoraEE"]}]}},"jetpack_featured_media_url":"https:\/\/www.sonoraenequipo.com.mx\/storage\/2021\/06\/Guardia-Nacional-en-Rosarito_opt.jpg","_links":{"self":[{"href":"https:\/\/www.sonoraenequipo.com.mx\/api\/wp\/v2\/posts\/117518","targetHints":{"allow":["GET"]}}],"collection":[{"href":"https:\/\/www.sonoraenequipo.com.mx\/api\/wp\/v2\/posts"}],"about":[{"href":"https:\/\/www.sonoraenequipo.com.mx\/api\/wp\/v2\/types\/post"}],"author":[{"embeddable":true,"href":"https:\/\/www.sonoraenequipo.com.mx\/api\/wp\/v2\/users\/1"}],"replies":[{"embeddable":true,"href":"https:\/\/www.sonoraenequipo.com.mx\/api\/wp\/v2\/comments?post=117518"}],"version-history":[{"count":1,"href":"https:\/\/www.sonoraenequipo.com.mx\/api\/wp\/v2\/posts\/117518\/revisions"}],"predecessor-version":[{"id":117520,"href":"https:\/\/www.sonoraenequipo.com.mx\/api\/wp\/v2\/posts\/117518\/revisions\/117520"}],"wp:featuredmedia":[{"embeddable":true,"href":"https:\/\/www.sonoraenequipo.com.mx\/api\/wp\/v2\/media\/117519"}],"wp:attachment":[{"href":"https:\/\/www.sonoraenequipo.com.mx\/api\/wp\/v2\/media?parent=117518"}],"wp:term":[{"taxonomy":"category","embeddable":true,"href":"https:\/\/www.sonoraenequipo.com.mx\/api\/wp\/v2\/categories?post=117518"},{"taxonomy":"post_tag","embeddable":true,"href":"https:\/\/www.sonoraenequipo.com.mx\/api\/wp\/v2\/tags?post=117518"}],"curies":[{"name":"wp","href":"https:\/\/api.w.org\/{rel}","templated":true}]}}