{"id":117521,"date":"2021-06-30T09:15:22","date_gmt":"2021-06-30T16:15:22","guid":{"rendered":"https:\/\/www.sonoraenequipo.com.mx\/?p=117521"},"modified":"2021-06-30T17:54:37","modified_gmt":"2021-07-01T00:54:37","slug":"el-presidente-lopez-obrador-presento-la-seccion-quien-es-quien-en-las-mentiras-de-la-semana","status":"publish","type":"post","link":"https:\/\/www.sonoraenequipo.com.mx\/el-presidente-lopez-obrador-presento-la-seccion-quien-es-quien-en-las-mentiras-de-la-semana\/","title":{"rendered":"El presidente L\u00f3pez Obrador present\u00f3 la secci\u00f3n \u00bfQui\u00e9n es qui\u00e9n en las mentiras de la semana?"},"content":{"rendered":"<p>CIUDAD DE M\u00c9XICO.MX. \u2014 Durante la Conferencia Ma\u00f1anera de Palacio Nacional, el presidente L\u00f3pez Obrador inaugur\u00f3 la secci\u00f3n \u00bfQui\u00e9n es qui\u00e9n en las mentiras de la semana? dedicada a desmentir la informaci\u00f3n incorrecta que surja en los medios de comunicaci\u00f3n masiva y en las redes sociales.<\/p>\n<p>&nbsp;<\/p>\n<p> <\/p>\n<p>&nbsp;<\/p>\n<p>La encargada de presentar los datos fue Ana Elizabeth Garc\u00eda Vilchis. Ah\u00ed explic\u00f3 que ser\u00e1 una herramienta para evitar que los ciudadanos sean manipulados y puedan tomar decisiones conscientes en lo que se refiere a la pol\u00edtica.<\/p>\n<p>&nbsp;<\/p>\n<p>La secci\u00f3n consider\u00f3 las noticias que se hicieron m\u00e1s virales y las m\u00e1s graves en cuanto a su contenido falso o enga\u00f1oso. El primer caso fue el que acusaba al gobierno de la Rep\u00fablica de espiar a periodistas y reporteros. Tambi\u00e9n hicieron menci\u00f3n de la nota que asegura que M\u00e9xico contrat\u00f3 35 millones de vacunas contra Covid-19, con una empresa fantasma.<\/p>\n<p>&nbsp;<\/p>\n<p>La tercera habl\u00f3 sobre una nota en la que se dice que El exceso de basura radioactiva acecha a la central nuclear de Laguna Verde. Tambi\u00e9n hicieron referencia a una noticia en Twitter que habla de la supuesta relaci\u00f3n de AMLO con un sicario.<\/p>\n<p>&nbsp;<\/p>\n<p>(Publicada el 30\/06\/2021)<\/p>\n","protected":false},"excerpt":{"rendered":"<p>CIUDAD DE M\u00c9XICO.MX. \u2014 Durante la Conferencia Ma\u00f1anera de Palacio Nacional, el presidente L\u00f3pez Obrador&#8230;<\/p>\n","protected":false},"author":1,"featured_media":117522,"comment_status":"open","ping_status":"open","sticky":false,"template":"","format":"standard","meta":{"_monsterinsights_skip_tracking":false,"_monsterinsights_sitenote_active":false,"_monsterinsights_sitenote_note":"","_monsterinsights_sitenote_category":0,"footnotes":""},"categories":[5],"tags":[],"class_list":["post"],"yoast_head":" \n<title>Sonora en Equipo. El presidente L\u00f3pez Obrador present\u00f3 la secci\u00f3n \u00bfQui\u00e9n es qui\u00e9n en las mentiras de la semana? Rep\u00fablica<\/title>\n<meta name=\"description\" content=\"CIUDAD DE M\u00c9XICO.MX. \u2014 Durante la Conferencia Ma\u00f1anera de Palacio Nacional, el presidente L\u00f3pez Obrador inaugur\u00f3 la secci\u00f3n \u00bfQui\u00e9n es qui\u00e9n en las En Sonora en Equipo publicamos toda la informaci\u00f3n de Sonora, M\u00e9xico y el Mundo de manera oportuna y busca que la libertad de expresi\u00f3n sea real. Visita nuestro medio informativo publicado desde Hermosillo, Sonora. %\" \/>\n<meta name=\"robots\" content=\"index, follow, max-snippet:-1, max-image-preview:large, max-video-preview:-1\" \/>\n<link rel=\"canonical\" href=\"https:\/\/www.sonoraenequipo.com.mx\/el-presidente-lopez-obrador-presento-la-seccion-quien-es-quien-en-las-mentiras-de-la-semana\/\" \/>\n<meta property=\"og:locale\" content=\"es_ES\" \/>\n<meta property=\"og:type\" content=\"article\" \/>\n<meta property=\"og:title\" content=\"Sonora en Equipo. El presidente L\u00f3pez Obrador present\u00f3 la secci\u00f3n \u00bfQui\u00e9n es qui\u00e9n en las mentiras de la semana? Rep\u00fablica\" \/>\n<meta property=\"og:description\" content=\"CIUDAD DE M\u00c9XICO.MX. \u2014 Durante la Conferencia Ma\u00f1anera de Palacio Nacional, el presidente L\u00f3pez Obrador inaugur\u00f3 la secci\u00f3n \u00bfQui\u00e9n es qui\u00e9n en las En Sonora en Equipo publicamos toda la informaci\u00f3n de Sonora, M\u00e9xico y el Mundo de manera oportuna y busca que la libertad de expresi\u00f3n sea real. Visita nuestro medio informativo publicado desde Hermosillo, Sonora. %\" \/>\n<meta property=\"og:url\" content=\"https:\/\/www.sonoraenequipo.com.mx\/el-presidente-lopez-obrador-presento-la-seccion-quien-es-quien-en-las-mentiras-de-la-semana\/\" \/>\n<meta property=\"og:site_name\" content=\"Sonora en Equipo.\" \/>\n<meta property=\"article:publisher\" content=\"https:\/\/www.facebook.com\/SonoraEE\/\" \/>\n<meta property=\"article:author\" content=\"https:\/\/www.facebook.com\/SonoraEE\" \/>\n<meta property=\"article:published_time\" content=\"2021-06-30T16:15:22+00:00\" \/>\n<meta property=\"article:modified_time\" content=\"2021-07-01T00:54:37+00:00\" \/>\n<meta property=\"og:image\" content=\"https:\/\/www.sonoraenequipo.com.mx\/storage\/2021\/06\/noticias-falsas-seran-desmentidas_opt.jpg\" \/>\n\t<meta property=\"og:image:width\" content=\"700\" \/>\n\t<meta property=\"og:image:height\" content=\"400\" \/>\n\t<meta property=\"og:image:type\" content=\"image\/jpeg\" \/>\n<meta name=\"author\" content=\"enequipo\" \/>\n<meta name=\"twitter:card\" content=\"summary_large_image\" \/>\n<meta name=\"twitter:creator\" content=\"@sonoraenequipo\" \/>\n<meta name=\"twitter:site\" content=\"@sonoraenequipo\" \/>\n<meta name=\"twitter:label1\" content=\"Escrito por\" \/>\n\t<meta name=\"twitter:data1\" content=\"enequipo\" \/>\n\t<meta name=\"twitter:label2\" content=\"Tiempo de lectura\" \/>\n\t<meta name=\"twitter:data2\" content=\"1 minuto\" \/>\n<script type=\"application\/ld+json\" class=\"yoast-schema-graph\">{\"@context\":\"https:\/\/schema.org\",\"@graph\":[{\"@type\":\"Article\",\"@id\":\"https:\/\/www.sonoraenequipo.com.mx\/el-presidente-lopez-obrador-presento-la-seccion-quien-es-quien-en-las-mentiras-de-la-semana\/#article\",\"isPartOf\":{\"@id\":\"https:\/\/www.sonoraenequipo.com.mx\/el-presidente-lopez-obrador-presento-la-seccion-quien-es-quien-en-las-mentiras-de-la-semana\/\"},\"author\":{\"name\":\"enequipo\",\"@id\":\"https:\/\/www.sonoraenequipo.com.mx\/#\/schema\/person\/50102df0fb23a8fa9e8effad8fa81386\"},\"headline\":\"El presidente L\u00f3pez Obrador present\u00f3 la secci\u00f3n \u00bfQui\u00e9n es qui\u00e9n en las mentiras de la semana?\",\"datePublished\":\"2021-06-30T16:15:22+00:00\",\"dateModified\":\"2021-07-01T00:54:37+00:00\",\"mainEntityOfPage\":{\"@id\":\"https:\/\/www.sonoraenequipo.com.mx\/el-presidente-lopez-obrador-presento-la-seccion-quien-es-quien-en-las-mentiras-de-la-semana\/\"},\"wordCount\":234,\"commentCount\":0,\"publisher\":{\"@id\":\"https:\/\/www.sonoraenequipo.com.mx\/#organization\"},\"image\":{\"@id\":\"https:\/\/www.sonoraenequipo.com.mx\/el-presidente-lopez-obrador-presento-la-seccion-quien-es-quien-en-las-mentiras-de-la-semana\/#primaryimage\"},\"thumbnailUrl\":\"https:\/\/www.sonoraenequipo.com.mx\/storage\/2021\/06\/noticias-falsas-seran-desmentidas_opt.jpg\",\"articleSection\":[\"Rep\u00fablica\"],\"inLanguage\":\"es\",\"potentialAction\":[{\"@type\":\"CommentAction\",\"name\":\"Comment\",\"target\":[\"https:\/\/www.sonoraenequipo.com.mx\/el-presidente-lopez-obrador-presento-la-seccion-quien-es-quien-en-las-mentiras-de-la-semana\/#respond\"]}]},{\"@type\":\"WebPage\",\"@id\":\"https:\/\/www.sonoraenequipo.com.mx\/el-presidente-lopez-obrador-presento-la-seccion-quien-es-quien-en-las-mentiras-de-la-semana\/\",\"url\":\"https:\/\/www.sonoraenequipo.com.mx\/el-presidente-lopez-obrador-presento-la-seccion-quien-es-quien-en-las-mentiras-de-la-semana\/\",\"name\":\"Sonora en Equipo. El presidente L\u00f3pez Obrador present\u00f3 la secci\u00f3n \u00bfQui\u00e9n es qui\u00e9n en las mentiras de la semana? Rep\u00fablica\",\"isPartOf\":{\"@id\":\"https:\/\/www.sonoraenequipo.com.mx\/#website\"},\"primaryImageOfPage\":{\"@id\":\"https:\/\/www.sonoraenequipo.com.mx\/el-presidente-lopez-obrador-presento-la-seccion-quien-es-quien-en-las-mentiras-de-la-semana\/#primaryimage\"},\"image\":{\"@id\":\"https:\/\/www.sonoraenequipo.com.mx\/el-presidente-lopez-obrador-presento-la-seccion-quien-es-quien-en-las-mentiras-de-la-semana\/#primaryimage\"},\"thumbnailUrl\":\"https:\/\/www.sonoraenequipo.com.mx\/storage\/2021\/06\/noticias-falsas-seran-desmentidas_opt.jpg\",\"datePublished\":\"2021-06-30T16:15:22+00:00\",\"dateModified\":\"2021-07-01T00:54:37+00:00\",\"description\":\"CIUDAD DE M\u00c9XICO.MX. \u2014 Durante la Conferencia Ma\u00f1anera de Palacio Nacional, el presidente L\u00f3pez Obrador inaugur\u00f3 la secci\u00f3n \u00bfQui\u00e9n es qui\u00e9n en las En Sonora en Equipo publicamos toda la informaci\u00f3n de Sonora, M\u00e9xico y el Mundo de manera oportuna y busca que la libertad de expresi\u00f3n sea real. Visita nuestro medio informativo publicado desde Hermosillo, Sonora. %\",\"breadcrumb\":{\"@id\":\"https:\/\/www.sonoraenequipo.com.mx\/el-presidente-lopez-obrador-presento-la-seccion-quien-es-quien-en-las-mentiras-de-la-semana\/#breadcrumb\"},\"inLanguage\":\"es\",\"potentialAction\":[{\"@type\":\"ReadAction\",\"target\":[\"https:\/\/www.sonoraenequipo.com.mx\/el-presidente-lopez-obrador-presento-la-seccion-quien-es-quien-en-las-mentiras-de-la-semana\/\"]}]},{\"@type\":\"ImageObject\",\"inLanguage\":\"es\",\"@id\":\"https:\/\/www.sonoraenequipo.com.mx\/el-presidente-lopez-obrador-presento-la-seccion-quien-es-quien-en-las-mentiras-de-la-semana\/#primaryimage\",\"url\":\"https:\/\/www.sonoraenequipo.com.mx\/storage\/2021\/06\/noticias-falsas-seran-desmentidas_opt.jpg\",\"contentUrl\":\"https:\/\/www.sonoraenequipo.com.mx\/storage\/2021\/06\/noticias-falsas-seran-desmentidas_opt.jpg\",\"width\":700,\"height\":400},{\"@type\":\"BreadcrumbList\",\"@id\":\"https:\/\/www.sonoraenequipo.com.mx\/el-presidente-lopez-obrador-presento-la-seccion-quien-es-quien-en-las-mentiras-de-la-semana\/#breadcrumb\",\"itemListElement\":[{\"@type\":\"ListItem\",\"position\":1,\"name\":\"Portada\",\"item\":\"https:\/\/www.sonoraenequipo.com.mx\/\"},{\"@type\":\"ListItem\",\"position\":2,\"name\":\"El presidente L\u00f3pez Obrador present\u00f3 la secci\u00f3n \u00bfQui\u00e9n es qui\u00e9n en las mentiras de la semana?\"}]},{\"@type\":\"WebSite\",\"@id\":\"https:\/\/www.sonoraenequipo.com.mx\/#website\",\"url\":\"https:\/\/www.sonoraenequipo.com.mx\/\",\"name\":\"Sonora en Equipo.\",\"description\":\"Diario en l\u00ednea con Noticias desde Hermosillo, Sonora\",\"publisher\":{\"@id\":\"https:\/\/www.sonoraenequipo.com.mx\/#organization\"},\"potentialAction\":[{\"@type\":\"SearchAction\",\"target\":{\"@type\":\"EntryPoint\",\"urlTemplate\":\"https:\/\/www.sonoraenequipo.com.mx\/?s={search_term_string}\"},\"query-input\":{\"@type\":\"PropertyValueSpecification\",\"valueRequired\":true,\"valueName\":\"search_term_string\"}}],\"inLanguage\":\"es\"},{\"@type\":\"Organization\",\"@id\":\"https:\/\/www.sonoraenequipo.com.mx\/#organization\",\"name\":\"Sonoraenequipo.com.mx\",\"url\":\"https:\/\/www.sonoraenequipo.com.mx\/\",\"logo\":{\"@type\":\"ImageObject\",\"inLanguage\":\"es\",\"@id\":\"https:\/\/www.sonoraenequipo.com.mx\/#\/schema\/logo\/image\/\",\"url\":\"https:\/\/www.sonoraenequipo.com.mx\/storage\/2019\/01\/sonoraenequipo_opt.png\",\"contentUrl\":\"https:\/\/www.sonoraenequipo.com.mx\/storage\/2019\/01\/sonoraenequipo_opt.png\",\"width\":375,\"height\":125,\"caption\":\"Sonoraenequipo.com.mx\"},\"image\":{\"@id\":\"https:\/\/www.sonoraenequipo.com.mx\/#\/schema\/logo\/image\/\"},\"sameAs\":[\"https:\/\/www.facebook.com\/SonoraEE\/\",\"https:\/\/x.com\/sonoraenequipo\",\"https:\/\/www.youtube.com\/channel\/UC338nW-lPEYmJQs4ZABQ1SQ\"]},{\"@type\":\"Person\",\"@id\":\"https:\/\/www.sonoraenequipo.com.mx\/#\/schema\/person\/50102df0fb23a8fa9e8effad8fa81386\",\"name\":\"enequipo\",\"image\":{\"@type\":\"ImageObject\",\"inLanguage\":\"es\",\"@id\":\"https:\/\/www.sonoraenequipo.com.mx\/#\/schema\/person\/image\/\",\"url\":\"https:\/\/secure.gravatar.com\/avatar\/049821681b589dabc0bc20695993ccebb09f5b5d4d790cd9251b97faac7c652b?s=96&d=blank&r=g\",\"contentUrl\":\"https:\/\/secure.gravatar.com\/avatar\/049821681b589dabc0bc20695993ccebb09f5b5d4d790cd9251b97faac7c652b?s=96&d=blank&r=g\",\"caption\":\"enequipo\"},\"sameAs\":[\"https:\/\/www.facebook.com\/SonoraEE\"]}]}<\/script>\n ","yoast_head_json":{"title":"Sonora en Equipo. El presidente L\u00f3pez Obrador present\u00f3 la secci\u00f3n \u00bfQui\u00e9n es qui\u00e9n en las mentiras de la semana? Rep\u00fablica","description":"CIUDAD DE M\u00c9XICO.MX. \u2014 Durante la Conferencia Ma\u00f1anera de Palacio Nacional, el presidente L\u00f3pez Obrador inaugur\u00f3 la secci\u00f3n \u00bfQui\u00e9n es qui\u00e9n en las En Sonora en Equipo publicamos toda la informaci\u00f3n de Sonora, M\u00e9xico y el Mundo de manera oportuna y busca que la libertad de expresi\u00f3n sea real. Visita nuestro medio informativo publicado desde Hermosillo, Sonora. %","robots":{"index":"index","follow":"follow","max-snippet":"max-snippet:-1","max-image-preview":"max-image-preview:large","max-video-preview":"max-video-preview:-1"},"canonical":"https:\/\/www.sonoraenequipo.com.mx\/el-presidente-lopez-obrador-presento-la-seccion-quien-es-quien-en-las-mentiras-de-la-semana\/","og_locale":"es_ES","og_type":"article","og_title":"Sonora en Equipo. El presidente L\u00f3pez Obrador present\u00f3 la secci\u00f3n \u00bfQui\u00e9n es qui\u00e9n en las mentiras de la semana? Rep\u00fablica","og_description":"CIUDAD DE M\u00c9XICO.MX. \u2014 Durante la Conferencia Ma\u00f1anera de Palacio Nacional, el presidente L\u00f3pez Obrador inaugur\u00f3 la secci\u00f3n \u00bfQui\u00e9n es qui\u00e9n en las En Sonora en Equipo publicamos toda la informaci\u00f3n de Sonora, M\u00e9xico y el Mundo de manera oportuna y busca que la libertad de expresi\u00f3n sea real. Visita nuestro medio informativo publicado desde Hermosillo, Sonora. %","og_url":"https:\/\/www.sonoraenequipo.com.mx\/el-presidente-lopez-obrador-presento-la-seccion-quien-es-quien-en-las-mentiras-de-la-semana\/","og_site_name":"Sonora en Equipo.","article_publisher":"https:\/\/www.facebook.com\/SonoraEE\/","article_author":"https:\/\/www.facebook.com\/SonoraEE","article_published_time":"2021-06-30T16:15:22+00:00","article_modified_time":"2021-07-01T00:54:37+00:00","og_image":[{"width":700,"height":400,"url":"https:\/\/www.sonoraenequipo.com.mx\/storage\/2021\/06\/noticias-falsas-seran-desmentidas_opt.jpg","type":"image\/jpeg"}],"author":"enequipo","twitter_card":"summary_large_image","twitter_creator":"@sonoraenequipo","twitter_site":"@sonoraenequipo","twitter_misc":{"Escrito por":"enequipo","Tiempo de lectura":"1 minuto"},"schema":{"@context":"https:\/\/schema.org","@graph":[{"@type":"Article","@id":"https:\/\/www.sonoraenequipo.com.mx\/el-presidente-lopez-obrador-presento-la-seccion-quien-es-quien-en-las-mentiras-de-la-semana\/#article","isPartOf":{"@id":"https:\/\/www.sonoraenequipo.com.mx\/el-presidente-lopez-obrador-presento-la-seccion-quien-es-quien-en-las-mentiras-de-la-semana\/"},"author":{"name":"enequipo","@id":"https:\/\/www.sonoraenequipo.com.mx\/#\/schema\/person\/50102df0fb23a8fa9e8effad8fa81386"},"headline":"El presidente L\u00f3pez Obrador present\u00f3 la secci\u00f3n \u00bfQui\u00e9n es qui\u00e9n en las mentiras de la semana?","datePublished":"2021-06-30T16:15:22+00:00","dateModified":"2021-07-01T00:54:37+00:00","mainEntityOfPage":{"@id":"https:\/\/www.sonoraenequipo.com.mx\/el-presidente-lopez-obrador-presento-la-seccion-quien-es-quien-en-las-mentiras-de-la-semana\/"},"wordCount":234,"commentCount":0,"publisher":{"@id":"https:\/\/www.sonoraenequipo.com.mx\/#organization"},"image":{"@id":"https:\/\/www.sonoraenequipo.com.mx\/el-presidente-lopez-obrador-presento-la-seccion-quien-es-quien-en-las-mentiras-de-la-semana\/#primaryimage"},"thumbnailUrl":"https:\/\/www.sonoraenequipo.com.mx\/storage\/2021\/06\/noticias-falsas-seran-desmentidas_opt.jpg","articleSection":["Rep\u00fablica"],"inLanguage":"es","potentialAction":[{"@type":"CommentAction","name":"Comment","target":["https:\/\/www.sonoraenequipo.com.mx\/el-presidente-lopez-obrador-presento-la-seccion-quien-es-quien-en-las-mentiras-de-la-semana\/#respond"]}]},{"@type":"WebPage","@id":"https:\/\/www.sonoraenequipo.com.mx\/el-presidente-lopez-obrador-presento-la-seccion-quien-es-quien-en-las-mentiras-de-la-semana\/","url":"https:\/\/www.sonoraenequipo.com.mx\/el-presidente-lopez-obrador-presento-la-seccion-quien-es-quien-en-las-mentiras-de-la-semana\/","name":"Sonora en Equipo. El presidente L\u00f3pez Obrador present\u00f3 la secci\u00f3n \u00bfQui\u00e9n es qui\u00e9n en las mentiras de la semana? Rep\u00fablica","isPartOf":{"@id":"https:\/\/www.sonoraenequipo.com.mx\/#website"},"primaryImageOfPage":{"@id":"https:\/\/www.sonoraenequipo.com.mx\/el-presidente-lopez-obrador-presento-la-seccion-quien-es-quien-en-las-mentiras-de-la-semana\/#primaryimage"},"image":{"@id":"https:\/\/www.sonoraenequipo.com.mx\/el-presidente-lopez-obrador-presento-la-seccion-quien-es-quien-en-las-mentiras-de-la-semana\/#primaryimage"},"thumbnailUrl":"https:\/\/www.sonoraenequipo.com.mx\/storage\/2021\/06\/noticias-falsas-seran-desmentidas_opt.jpg","datePublished":"2021-06-30T16:15:22+00:00","dateModified":"2021-07-01T00:54:37+00:00","description":"CIUDAD DE M\u00c9XICO.MX. \u2014 Durante la Conferencia Ma\u00f1anera de Palacio Nacional, el presidente L\u00f3pez Obrador inaugur\u00f3 la secci\u00f3n \u00bfQui\u00e9n es qui\u00e9n en las En Sonora en Equipo publicamos toda la informaci\u00f3n de Sonora, M\u00e9xico y el Mundo de manera oportuna y busca que la libertad de expresi\u00f3n sea real. Visita nuestro medio informativo publicado desde Hermosillo, Sonora. %","breadcrumb":{"@id":"https:\/\/www.sonoraenequipo.com.mx\/el-presidente-lopez-obrador-presento-la-seccion-quien-es-quien-en-las-mentiras-de-la-semana\/#breadcrumb"},"inLanguage":"es","potentialAction":[{"@type":"ReadAction","target":["https:\/\/www.sonoraenequipo.com.mx\/el-presidente-lopez-obrador-presento-la-seccion-quien-es-quien-en-las-mentiras-de-la-semana\/"]}]},{"@type":"ImageObject","inLanguage":"es","@id":"https:\/\/www.sonoraenequipo.com.mx\/el-presidente-lopez-obrador-presento-la-seccion-quien-es-quien-en-las-mentiras-de-la-semana\/#primaryimage","url":"https:\/\/www.sonoraenequipo.com.mx\/storage\/2021\/06\/noticias-falsas-seran-desmentidas_opt.jpg","contentUrl":"https:\/\/www.sonoraenequipo.com.mx\/storage\/2021\/06\/noticias-falsas-seran-desmentidas_opt.jpg","width":700,"height":400},{"@type":"BreadcrumbList","@id":"https:\/\/www.sonoraenequipo.com.mx\/el-presidente-lopez-obrador-presento-la-seccion-quien-es-quien-en-las-mentiras-de-la-semana\/#breadcrumb","itemListElement":[{"@type":"ListItem","position":1,"name":"Portada","item":"https:\/\/www.sonoraenequipo.com.mx\/"},{"@type":"ListItem","position":2,"name":"El presidente L\u00f3pez Obrador present\u00f3 la secci\u00f3n \u00bfQui\u00e9n es qui\u00e9n en las mentiras de la semana?"}]},{"@type":"WebSite","@id":"https:\/\/www.sonoraenequipo.com.mx\/#website","url":"https:\/\/www.sonoraenequipo.com.mx\/","name":"Sonora en Equipo.","description":"Diario en l\u00ednea con Noticias desde Hermosillo, Sonora","publisher":{"@id":"https:\/\/www.sonoraenequipo.com.mx\/#organization"},"potentialAction":[{"@type":"SearchAction","target":{"@type":"EntryPoint","urlTemplate":"https:\/\/www.sonoraenequipo.com.mx\/?s={search_term_string}"},"query-input":{"@type":"PropertyValueSpecification","valueRequired":true,"valueName":"search_term_string"}}],"inLanguage":"es"},{"@type":"Organization","@id":"https:\/\/www.sonoraenequipo.com.mx\/#organization","name":"Sonoraenequipo.com.mx","url":"https:\/\/www.sonoraenequipo.com.mx\/","logo":{"@type":"ImageObject","inLanguage":"es","@id":"https:\/\/www.sonoraenequipo.com.mx\/#\/schema\/logo\/image\/","url":"https:\/\/www.sonoraenequipo.com.mx\/storage\/2019\/01\/sonoraenequipo_opt.png","contentUrl":"https:\/\/www.sonoraenequipo.com.mx\/storage\/2019\/01\/sonoraenequipo_opt.png","width":375,"height":125,"caption":"Sonoraenequipo.com.mx"},"image":{"@id":"https:\/\/www.sonoraenequipo.com.mx\/#\/schema\/logo\/image\/"},"sameAs":["https:\/\/www.facebook.com\/SonoraEE\/","https:\/\/x.com\/sonoraenequipo","https:\/\/www.youtube.com\/channel\/UC338nW-lPEYmJQs4ZABQ1SQ"]},{"@type":"Person","@id":"https:\/\/www.sonoraenequipo.com.mx\/#\/schema\/person\/50102df0fb23a8fa9e8effad8fa81386","name":"enequipo","image":{"@type":"ImageObject","inLanguage":"es","@id":"https:\/\/www.sonoraenequipo.com.mx\/#\/schema\/person\/image\/","url":"https:\/\/secure.gravatar.com\/avatar\/049821681b589dabc0bc20695993ccebb09f5b5d4d790cd9251b97faac7c652b?s=96&d=blank&r=g","contentUrl":"https:\/\/secure.gravatar.com\/avatar\/049821681b589dabc0bc20695993ccebb09f5b5d4d790cd9251b97faac7c652b?s=96&d=blank&r=g","caption":"enequipo"},"sameAs":["https:\/\/www.facebook.com\/SonoraEE"]}]}},"jetpack_featured_media_url":"https:\/\/www.sonoraenequipo.com.mx\/storage\/2021\/06\/noticias-falsas-seran-desmentidas_opt.jpg","_links":{"self":[{"href":"https:\/\/www.sonoraenequipo.com.mx\/api\/wp\/v2\/posts\/117521","targetHints":{"allow":["GET"]}}],"collection":[{"href":"https:\/\/www.sonoraenequipo.com.mx\/api\/wp\/v2\/posts"}],"about":[{"href":"https:\/\/www.sonoraenequipo.com.mx\/api\/wp\/v2\/types\/post"}],"author":[{"embeddable":true,"href":"https:\/\/www.sonoraenequipo.com.mx\/api\/wp\/v2\/users\/1"}],"replies":[{"embeddable":true,"href":"https:\/\/www.sonoraenequipo.com.mx\/api\/wp\/v2\/comments?post=117521"}],"version-history":[{"count":1,"href":"https:\/\/www.sonoraenequipo.com.mx\/api\/wp\/v2\/posts\/117521\/revisions"}],"predecessor-version":[{"id":117524,"href":"https:\/\/www.sonoraenequipo.com.mx\/api\/wp\/v2\/posts\/117521\/revisions\/117524"}],"wp:featuredmedia":[{"embeddable":true,"href":"https:\/\/www.sonoraenequipo.com.mx\/api\/wp\/v2\/media\/117522"}],"wp:attachment":[{"href":"https:\/\/www.sonoraenequipo.com.mx\/api\/wp\/v2\/media?parent=117521"}],"wp:term":[{"taxonomy":"category","embeddable":true,"href":"https:\/\/www.sonoraenequipo.com.mx\/api\/wp\/v2\/categories?post=117521"},{"taxonomy":"post_tag","embeddable":true,"href":"https:\/\/www.sonoraenequipo.com.mx\/api\/wp\/v2\/tags?post=117521"}],"curies":[{"name":"wp","href":"https:\/\/api.w.org\/{rel}","templated":true}]}}