{"id":117527,"date":"2021-06-30T12:14:03","date_gmt":"2021-06-30T19:14:03","guid":{"rendered":"https:\/\/www.sonoraenequipo.com.mx\/?p=117527"},"modified":"2021-06-30T18:17:07","modified_gmt":"2021-07-01T01:17:07","slug":"enrique-se-degrada-a-depresion-tropical-muy-cerca-de-baja-california-sur","status":"publish","type":"post","link":"https:\/\/www.sonoraenequipo.com.mx\/enrique-se-degrada-a-depresion-tropical-muy-cerca-de-baja-california-sur\/","title":{"rendered":"\u00abEnrique\u00bb se degrada a depresi\u00f3n tropical muy cerca de Baja California Sur"},"content":{"rendered":"<p>CIUDAD DE M\u00c9XICO. MX. \u2014 A las 10:00 hora local (15:00 GMT) el cicl\u00f3n se situaba 55 kil\u00f3metros al noreste de La Paz, estado de Baja California Sur, y a 145 kil\u00f3metros al suroeste de Topolobampo, Sinaloa.<\/p>\n<p>&nbsp;<\/p>\n<p> <\/p>\n<p>&nbsp;<\/p>\n<p>Se desplaza hacia el noroeste a 11 kil\u00f3metros por hora (km\/h) y registra vientos sostenidos de 55 km\/h y rachas de 75 km\/h.<\/p>\n<p>&nbsp;<\/p>\n<p>El Servicio Meteorol\u00f3gico Nacional estim\u00f3 que el fen\u00f3meno ocasionar\u00e1 lluvias puntuales muy fuertes en Baja California Sur, Sonora, Sinaloa, Chihuahua y Durango, as\u00ed como chubascos en Baja California.<\/p>\n<p>&nbsp;<\/p>\n<p>&nbsp;<\/p>\n<p>Indic\u00f3 que <em>&#8216;Enrique&#8217;<\/em> registra vientos con rachas de 60 a 70 km\/h en el Golfo de California, Baja California Sur y costa de Sonora, rachas de 50 a 60 km\/h en Baja California y Sinaloa,<em> \u00abas\u00ed como oleaje de 1 a 3 metros de altura en costas de Baja California Sur y Sonora\u00bb,<\/em> indic\u00f3 el organismo.<\/p>\n<p>&nbsp;<\/p>\n<p>&nbsp;<\/p>\n<p>Insisti\u00f3 en su llamado a la poblaci\u00f3n de estas regiones a extremar precauciones y atender las recomendaciones de las autoridades de Protecci\u00f3n Civil.<\/p>\n<p>&nbsp;<\/p>\n<p>&nbsp;<\/p>\n<p>De acuerdo con el pron\u00f3stico, &#8216;Enrique&#8217; tocar\u00e1 tierra en la tarde-noche de este mi\u00e9rcoles en el norte del estado de Baja California Sur ya como depresi\u00f3n tropical.<\/p>\n<p>&nbsp;<\/p>\n<p>&nbsp;<\/p>\n<p>&#8216;Enrique&#8217; lleg\u00f3 a ser, en d\u00edas pasados, un hurac\u00e1n categor\u00eda 1 en la escala Saffir-Simpson, y aunque ocasion\u00f3 fuertes lluvias no dej\u00f3 graves da\u00f1os ni v\u00edctimas mortales en el occidente de M\u00e9xico.<\/p>\n<p>&nbsp;<\/p>\n<p>&nbsp;<\/p>\n<p>La temporada de lluvias y ciclones tropicales 2021 comenz\u00f3 oficialmente el pasado 15 de mayo y se estima que finalice en noviembre.<\/p>\n<p>&nbsp;<\/p>\n<p>&nbsp;<\/p>\n<p>Por el momento, se han formado en el Pac\u00edfico los ciclones &#8216;Andr\u00e9s&#8217;, &#8216;Blanca&#8217;, &#8216;Carlos&#8217;, &#8216;Dolores&#8217; y &#8216;Enrique&#8217; .<\/p>\n<p>&nbsp;<\/p>\n<p>&nbsp;<\/p>\n<p>Dolores toc\u00f3 tierra el pasado 19 de junio e impact\u00f3 especialmente en los estados de Colima y Michoac\u00e1n y dej\u00f3 tres muertos por tormentas el\u00e9ctricas.<\/p>\n<p>&nbsp;<\/p>\n<p>&#8216;Enrique&#8217; se degrada a depresi\u00f3n tropical muy cerca de Baja California Sur<\/p>\n<p>&nbsp;<\/p>\n<p>El Servicio Meteorol\u00f3gico Nacional estim\u00f3 que el fen\u00f3meno ocasionar\u00e1 lluvias puntuales muy fuertes en Baja California Sur, Sonora, Sinaloa, Chihuahua y Durango, as\u00ed como chubascos en Baja California.<\/p>\n<p>&nbsp;<\/p>\n<p>(Publicada el 30\/06\/2021 \/ Con informaci\u00f3n de EFE)<\/p>\n","protected":false},"excerpt":{"rendered":"<p>CIUDAD DE M\u00c9XICO. MX. \u2014 A las 10:00 hora local (15:00 GMT) el cicl\u00f3n se&#8230;<\/p>\n","protected":false},"author":1,"featured_media":117528,"comment_status":"open","ping_status":"open","sticky":false,"template":"","format":"standard","meta":{"_monsterinsights_skip_tracking":false,"_monsterinsights_sitenote_active":false,"_monsterinsights_sitenote_note":"","_monsterinsights_sitenote_category":0,"footnotes":""},"categories":[5],"tags":[5865,5861,1812,5866],"class_list":["post"],"yoast_head":" \n<title>Sonora en Equipo. &quot;Enrique&quot; se degrada a depresi\u00f3n tropical muy cerca de Baja California Sur Rep\u00fablica<\/title>\n<meta name=\"description\" content=\"CIUDAD DE M\u00c9XICO. MX. \u2014 A las 10:00 hora local (15:00 GMT) el cicl\u00f3n se situaba 55 kil\u00f3metros al noreste de La Paz, estado de Baja California Sur, y a 145 En Sonora en Equipo publicamos toda la informaci\u00f3n de Sonora, M\u00e9xico y el Mundo de manera oportuna y busca que la libertad de expresi\u00f3n sea real. Visita nuestro medio informativo publicado desde Hermosillo, Sonora. %\" \/>\n<meta name=\"robots\" content=\"index, follow, max-snippet:-1, max-image-preview:large, max-video-preview:-1\" \/>\n<link rel=\"canonical\" href=\"https:\/\/www.sonoraenequipo.com.mx\/enrique-se-degrada-a-depresion-tropical-muy-cerca-de-baja-california-sur\/\" \/>\n<meta property=\"og:locale\" content=\"es_ES\" \/>\n<meta property=\"og:type\" content=\"article\" \/>\n<meta property=\"og:title\" content=\"Sonora en Equipo. &quot;Enrique&quot; se degrada a depresi\u00f3n tropical muy cerca de Baja California Sur Rep\u00fablica\" \/>\n<meta property=\"og:description\" content=\"CIUDAD DE M\u00c9XICO. MX. \u2014 A las 10:00 hora local (15:00 GMT) el cicl\u00f3n se situaba 55 kil\u00f3metros al noreste de La Paz, estado de Baja California Sur, y a 145 En Sonora en Equipo publicamos toda la informaci\u00f3n de Sonora, M\u00e9xico y el Mundo de manera oportuna y busca que la libertad de expresi\u00f3n sea real. Visita nuestro medio informativo publicado desde Hermosillo, Sonora. %\" \/>\n<meta property=\"og:url\" content=\"https:\/\/www.sonoraenequipo.com.mx\/enrique-se-degrada-a-depresion-tropical-muy-cerca-de-baja-california-sur\/\" \/>\n<meta property=\"og:site_name\" content=\"Sonora en Equipo.\" \/>\n<meta property=\"article:publisher\" content=\"https:\/\/www.facebook.com\/SonoraEE\/\" \/>\n<meta property=\"article:author\" content=\"https:\/\/www.facebook.com\/SonoraEE\" \/>\n<meta property=\"article:published_time\" content=\"2021-06-30T19:14:03+00:00\" \/>\n<meta property=\"article:modified_time\" content=\"2021-07-01T01:17:07+00:00\" \/>\n<meta property=\"og:image\" content=\"https:\/\/www.sonoraenequipo.com.mx\/storage\/2021\/06\/enrique-degradado-antes-de-tocar-tierra_opt.jpg\" \/>\n\t<meta property=\"og:image:width\" content=\"700\" \/>\n\t<meta property=\"og:image:height\" content=\"400\" \/>\n\t<meta property=\"og:image:type\" content=\"image\/jpeg\" \/>\n<meta name=\"author\" content=\"enequipo\" \/>\n<meta name=\"twitter:card\" content=\"summary_large_image\" \/>\n<meta name=\"twitter:creator\" content=\"@sonoraenequipo\" \/>\n<meta name=\"twitter:site\" content=\"@sonoraenequipo\" \/>\n<meta name=\"twitter:label1\" content=\"Escrito por\" \/>\n\t<meta name=\"twitter:data1\" content=\"enequipo\" \/>\n\t<meta name=\"twitter:label2\" content=\"Tiempo de lectura\" \/>\n\t<meta name=\"twitter:data2\" content=\"2 minutos\" \/>\n<script type=\"application\/ld+json\" class=\"yoast-schema-graph\">{\"@context\":\"https:\/\/schema.org\",\"@graph\":[{\"@type\":\"Article\",\"@id\":\"https:\/\/www.sonoraenequipo.com.mx\/enrique-se-degrada-a-depresion-tropical-muy-cerca-de-baja-california-sur\/#article\",\"isPartOf\":{\"@id\":\"https:\/\/www.sonoraenequipo.com.mx\/enrique-se-degrada-a-depresion-tropical-muy-cerca-de-baja-california-sur\/\"},\"author\":{\"name\":\"enequipo\",\"@id\":\"https:\/\/www.sonoraenequipo.com.mx\/#\/schema\/person\/50102df0fb23a8fa9e8effad8fa81386\"},\"headline\":\"\u00abEnrique\u00bb se degrada a depresi\u00f3n tropical muy cerca de Baja California Sur\",\"datePublished\":\"2021-06-30T19:14:03+00:00\",\"dateModified\":\"2021-07-01T01:17:07+00:00\",\"mainEntityOfPage\":{\"@id\":\"https:\/\/www.sonoraenequipo.com.mx\/enrique-se-degrada-a-depresion-tropical-muy-cerca-de-baja-california-sur\/\"},\"wordCount\":382,\"commentCount\":0,\"publisher\":{\"@id\":\"https:\/\/www.sonoraenequipo.com.mx\/#organization\"},\"image\":{\"@id\":\"https:\/\/www.sonoraenequipo.com.mx\/enrique-se-degrada-a-depresion-tropical-muy-cerca-de-baja-california-sur\/#primaryimage\"},\"thumbnailUrl\":\"https:\/\/www.sonoraenequipo.com.mx\/storage\/2021\/06\/enrique-degradado-antes-de-tocar-tierra_opt.jpg\",\"keywords\":[\"Enrique\",\"HURACAN ENRIQUE\",\"Nacional\",\"tormenta Enrique\"],\"articleSection\":[\"Rep\u00fablica\"],\"inLanguage\":\"es\",\"potentialAction\":[{\"@type\":\"CommentAction\",\"name\":\"Comment\",\"target\":[\"https:\/\/www.sonoraenequipo.com.mx\/enrique-se-degrada-a-depresion-tropical-muy-cerca-de-baja-california-sur\/#respond\"]}]},{\"@type\":\"WebPage\",\"@id\":\"https:\/\/www.sonoraenequipo.com.mx\/enrique-se-degrada-a-depresion-tropical-muy-cerca-de-baja-california-sur\/\",\"url\":\"https:\/\/www.sonoraenequipo.com.mx\/enrique-se-degrada-a-depresion-tropical-muy-cerca-de-baja-california-sur\/\",\"name\":\"Sonora en Equipo. \\\"Enrique\\\" se degrada a depresi\u00f3n tropical muy cerca de Baja California Sur Rep\u00fablica\",\"isPartOf\":{\"@id\":\"https:\/\/www.sonoraenequipo.com.mx\/#website\"},\"primaryImageOfPage\":{\"@id\":\"https:\/\/www.sonoraenequipo.com.mx\/enrique-se-degrada-a-depresion-tropical-muy-cerca-de-baja-california-sur\/#primaryimage\"},\"image\":{\"@id\":\"https:\/\/www.sonoraenequipo.com.mx\/enrique-se-degrada-a-depresion-tropical-muy-cerca-de-baja-california-sur\/#primaryimage\"},\"thumbnailUrl\":\"https:\/\/www.sonoraenequipo.com.mx\/storage\/2021\/06\/enrique-degradado-antes-de-tocar-tierra_opt.jpg\",\"datePublished\":\"2021-06-30T19:14:03+00:00\",\"dateModified\":\"2021-07-01T01:17:07+00:00\",\"description\":\"CIUDAD DE M\u00c9XICO. MX. \u2014 A las 10:00 hora local (15:00 GMT) el cicl\u00f3n se situaba 55 kil\u00f3metros al noreste de La Paz, estado de Baja California Sur, y a 145 En Sonora en Equipo publicamos toda la informaci\u00f3n de Sonora, M\u00e9xico y el Mundo de manera oportuna y busca que la libertad de expresi\u00f3n sea real. Visita nuestro medio informativo publicado desde Hermosillo, Sonora. %\",\"breadcrumb\":{\"@id\":\"https:\/\/www.sonoraenequipo.com.mx\/enrique-se-degrada-a-depresion-tropical-muy-cerca-de-baja-california-sur\/#breadcrumb\"},\"inLanguage\":\"es\",\"potentialAction\":[{\"@type\":\"ReadAction\",\"target\":[\"https:\/\/www.sonoraenequipo.com.mx\/enrique-se-degrada-a-depresion-tropical-muy-cerca-de-baja-california-sur\/\"]}]},{\"@type\":\"ImageObject\",\"inLanguage\":\"es\",\"@id\":\"https:\/\/www.sonoraenequipo.com.mx\/enrique-se-degrada-a-depresion-tropical-muy-cerca-de-baja-california-sur\/#primaryimage\",\"url\":\"https:\/\/www.sonoraenequipo.com.mx\/storage\/2021\/06\/enrique-degradado-antes-de-tocar-tierra_opt.jpg\",\"contentUrl\":\"https:\/\/www.sonoraenequipo.com.mx\/storage\/2021\/06\/enrique-degradado-antes-de-tocar-tierra_opt.jpg\",\"width\":700,\"height\":400},{\"@type\":\"BreadcrumbList\",\"@id\":\"https:\/\/www.sonoraenequipo.com.mx\/enrique-se-degrada-a-depresion-tropical-muy-cerca-de-baja-california-sur\/#breadcrumb\",\"itemListElement\":[{\"@type\":\"ListItem\",\"position\":1,\"name\":\"Portada\",\"item\":\"https:\/\/www.sonoraenequipo.com.mx\/\"},{\"@type\":\"ListItem\",\"position\":2,\"name\":\"\u00abEnrique\u00bb se degrada a depresi\u00f3n tropical muy cerca de Baja California Sur\"}]},{\"@type\":\"WebSite\",\"@id\":\"https:\/\/www.sonoraenequipo.com.mx\/#website\",\"url\":\"https:\/\/www.sonoraenequipo.com.mx\/\",\"name\":\"Sonora en Equipo.\",\"description\":\"Diario en l\u00ednea con Noticias desde Hermosillo, Sonora\",\"publisher\":{\"@id\":\"https:\/\/www.sonoraenequipo.com.mx\/#organization\"},\"potentialAction\":[{\"@type\":\"SearchAction\",\"target\":{\"@type\":\"EntryPoint\",\"urlTemplate\":\"https:\/\/www.sonoraenequipo.com.mx\/?s={search_term_string}\"},\"query-input\":{\"@type\":\"PropertyValueSpecification\",\"valueRequired\":true,\"valueName\":\"search_term_string\"}}],\"inLanguage\":\"es\"},{\"@type\":\"Organization\",\"@id\":\"https:\/\/www.sonoraenequipo.com.mx\/#organization\",\"name\":\"Sonoraenequipo.com.mx\",\"url\":\"https:\/\/www.sonoraenequipo.com.mx\/\",\"logo\":{\"@type\":\"ImageObject\",\"inLanguage\":\"es\",\"@id\":\"https:\/\/www.sonoraenequipo.com.mx\/#\/schema\/logo\/image\/\",\"url\":\"https:\/\/www.sonoraenequipo.com.mx\/storage\/2019\/01\/sonoraenequipo_opt.png\",\"contentUrl\":\"https:\/\/www.sonoraenequipo.com.mx\/storage\/2019\/01\/sonoraenequipo_opt.png\",\"width\":375,\"height\":125,\"caption\":\"Sonoraenequipo.com.mx\"},\"image\":{\"@id\":\"https:\/\/www.sonoraenequipo.com.mx\/#\/schema\/logo\/image\/\"},\"sameAs\":[\"https:\/\/www.facebook.com\/SonoraEE\/\",\"https:\/\/x.com\/sonoraenequipo\",\"https:\/\/www.youtube.com\/channel\/UC338nW-lPEYmJQs4ZABQ1SQ\"]},{\"@type\":\"Person\",\"@id\":\"https:\/\/www.sonoraenequipo.com.mx\/#\/schema\/person\/50102df0fb23a8fa9e8effad8fa81386\",\"name\":\"enequipo\",\"image\":{\"@type\":\"ImageObject\",\"inLanguage\":\"es\",\"@id\":\"https:\/\/www.sonoraenequipo.com.mx\/#\/schema\/person\/image\/\",\"url\":\"https:\/\/secure.gravatar.com\/avatar\/049821681b589dabc0bc20695993ccebb09f5b5d4d790cd9251b97faac7c652b?s=96&d=blank&r=g\",\"contentUrl\":\"https:\/\/secure.gravatar.com\/avatar\/049821681b589dabc0bc20695993ccebb09f5b5d4d790cd9251b97faac7c652b?s=96&d=blank&r=g\",\"caption\":\"enequipo\"},\"sameAs\":[\"https:\/\/www.facebook.com\/SonoraEE\"]}]}<\/script>\n ","yoast_head_json":{"title":"Sonora en Equipo. \"Enrique\" se degrada a depresi\u00f3n tropical muy cerca de Baja California Sur Rep\u00fablica","description":"CIUDAD DE M\u00c9XICO. MX. \u2014 A las 10:00 hora local (15:00 GMT) el cicl\u00f3n se situaba 55 kil\u00f3metros al noreste de La Paz, estado de Baja California Sur, y a 145 En Sonora en Equipo publicamos toda la informaci\u00f3n de Sonora, M\u00e9xico y el Mundo de manera oportuna y busca que la libertad de expresi\u00f3n sea real. Visita nuestro medio informativo publicado desde Hermosillo, Sonora. %","robots":{"index":"index","follow":"follow","max-snippet":"max-snippet:-1","max-image-preview":"max-image-preview:large","max-video-preview":"max-video-preview:-1"},"canonical":"https:\/\/www.sonoraenequipo.com.mx\/enrique-se-degrada-a-depresion-tropical-muy-cerca-de-baja-california-sur\/","og_locale":"es_ES","og_type":"article","og_title":"Sonora en Equipo. \"Enrique\" se degrada a depresi\u00f3n tropical muy cerca de Baja California Sur Rep\u00fablica","og_description":"CIUDAD DE M\u00c9XICO. MX. \u2014 A las 10:00 hora local (15:00 GMT) el cicl\u00f3n se situaba 55 kil\u00f3metros al noreste de La Paz, estado de Baja California Sur, y a 145 En Sonora en Equipo publicamos toda la informaci\u00f3n de Sonora, M\u00e9xico y el Mundo de manera oportuna y busca que la libertad de expresi\u00f3n sea real. Visita nuestro medio informativo publicado desde Hermosillo, Sonora. %","og_url":"https:\/\/www.sonoraenequipo.com.mx\/enrique-se-degrada-a-depresion-tropical-muy-cerca-de-baja-california-sur\/","og_site_name":"Sonora en Equipo.","article_publisher":"https:\/\/www.facebook.com\/SonoraEE\/","article_author":"https:\/\/www.facebook.com\/SonoraEE","article_published_time":"2021-06-30T19:14:03+00:00","article_modified_time":"2021-07-01T01:17:07+00:00","og_image":[{"width":700,"height":400,"url":"https:\/\/www.sonoraenequipo.com.mx\/storage\/2021\/06\/enrique-degradado-antes-de-tocar-tierra_opt.jpg","type":"image\/jpeg"}],"author":"enequipo","twitter_card":"summary_large_image","twitter_creator":"@sonoraenequipo","twitter_site":"@sonoraenequipo","twitter_misc":{"Escrito por":"enequipo","Tiempo de lectura":"2 minutos"},"schema":{"@context":"https:\/\/schema.org","@graph":[{"@type":"Article","@id":"https:\/\/www.sonoraenequipo.com.mx\/enrique-se-degrada-a-depresion-tropical-muy-cerca-de-baja-california-sur\/#article","isPartOf":{"@id":"https:\/\/www.sonoraenequipo.com.mx\/enrique-se-degrada-a-depresion-tropical-muy-cerca-de-baja-california-sur\/"},"author":{"name":"enequipo","@id":"https:\/\/www.sonoraenequipo.com.mx\/#\/schema\/person\/50102df0fb23a8fa9e8effad8fa81386"},"headline":"\u00abEnrique\u00bb se degrada a depresi\u00f3n tropical muy cerca de Baja California Sur","datePublished":"2021-06-30T19:14:03+00:00","dateModified":"2021-07-01T01:17:07+00:00","mainEntityOfPage":{"@id":"https:\/\/www.sonoraenequipo.com.mx\/enrique-se-degrada-a-depresion-tropical-muy-cerca-de-baja-california-sur\/"},"wordCount":382,"commentCount":0,"publisher":{"@id":"https:\/\/www.sonoraenequipo.com.mx\/#organization"},"image":{"@id":"https:\/\/www.sonoraenequipo.com.mx\/enrique-se-degrada-a-depresion-tropical-muy-cerca-de-baja-california-sur\/#primaryimage"},"thumbnailUrl":"https:\/\/www.sonoraenequipo.com.mx\/storage\/2021\/06\/enrique-degradado-antes-de-tocar-tierra_opt.jpg","keywords":["Enrique","HURACAN ENRIQUE","Nacional","tormenta Enrique"],"articleSection":["Rep\u00fablica"],"inLanguage":"es","potentialAction":[{"@type":"CommentAction","name":"Comment","target":["https:\/\/www.sonoraenequipo.com.mx\/enrique-se-degrada-a-depresion-tropical-muy-cerca-de-baja-california-sur\/#respond"]}]},{"@type":"WebPage","@id":"https:\/\/www.sonoraenequipo.com.mx\/enrique-se-degrada-a-depresion-tropical-muy-cerca-de-baja-california-sur\/","url":"https:\/\/www.sonoraenequipo.com.mx\/enrique-se-degrada-a-depresion-tropical-muy-cerca-de-baja-california-sur\/","name":"Sonora en Equipo. \"Enrique\" se degrada a depresi\u00f3n tropical muy cerca de Baja California Sur Rep\u00fablica","isPartOf":{"@id":"https:\/\/www.sonoraenequipo.com.mx\/#website"},"primaryImageOfPage":{"@id":"https:\/\/www.sonoraenequipo.com.mx\/enrique-se-degrada-a-depresion-tropical-muy-cerca-de-baja-california-sur\/#primaryimage"},"image":{"@id":"https:\/\/www.sonoraenequipo.com.mx\/enrique-se-degrada-a-depresion-tropical-muy-cerca-de-baja-california-sur\/#primaryimage"},"thumbnailUrl":"https:\/\/www.sonoraenequipo.com.mx\/storage\/2021\/06\/enrique-degradado-antes-de-tocar-tierra_opt.jpg","datePublished":"2021-06-30T19:14:03+00:00","dateModified":"2021-07-01T01:17:07+00:00","description":"CIUDAD DE M\u00c9XICO. MX. \u2014 A las 10:00 hora local (15:00 GMT) el cicl\u00f3n se situaba 55 kil\u00f3metros al noreste de La Paz, estado de Baja California Sur, y a 145 En Sonora en Equipo publicamos toda la informaci\u00f3n de Sonora, M\u00e9xico y el Mundo de manera oportuna y busca que la libertad de expresi\u00f3n sea real. Visita nuestro medio informativo publicado desde Hermosillo, Sonora. %","breadcrumb":{"@id":"https:\/\/www.sonoraenequipo.com.mx\/enrique-se-degrada-a-depresion-tropical-muy-cerca-de-baja-california-sur\/#breadcrumb"},"inLanguage":"es","potentialAction":[{"@type":"ReadAction","target":["https:\/\/www.sonoraenequipo.com.mx\/enrique-se-degrada-a-depresion-tropical-muy-cerca-de-baja-california-sur\/"]}]},{"@type":"ImageObject","inLanguage":"es","@id":"https:\/\/www.sonoraenequipo.com.mx\/enrique-se-degrada-a-depresion-tropical-muy-cerca-de-baja-california-sur\/#primaryimage","url":"https:\/\/www.sonoraenequipo.com.mx\/storage\/2021\/06\/enrique-degradado-antes-de-tocar-tierra_opt.jpg","contentUrl":"https:\/\/www.sonoraenequipo.com.mx\/storage\/2021\/06\/enrique-degradado-antes-de-tocar-tierra_opt.jpg","width":700,"height":400},{"@type":"BreadcrumbList","@id":"https:\/\/www.sonoraenequipo.com.mx\/enrique-se-degrada-a-depresion-tropical-muy-cerca-de-baja-california-sur\/#breadcrumb","itemListElement":[{"@type":"ListItem","position":1,"name":"Portada","item":"https:\/\/www.sonoraenequipo.com.mx\/"},{"@type":"ListItem","position":2,"name":"\u00abEnrique\u00bb se degrada a depresi\u00f3n tropical muy cerca de Baja California Sur"}]},{"@type":"WebSite","@id":"https:\/\/www.sonoraenequipo.com.mx\/#website","url":"https:\/\/www.sonoraenequipo.com.mx\/","name":"Sonora en Equipo.","description":"Diario en l\u00ednea con Noticias desde Hermosillo, Sonora","publisher":{"@id":"https:\/\/www.sonoraenequipo.com.mx\/#organization"},"potentialAction":[{"@type":"SearchAction","target":{"@type":"EntryPoint","urlTemplate":"https:\/\/www.sonoraenequipo.com.mx\/?s={search_term_string}"},"query-input":{"@type":"PropertyValueSpecification","valueRequired":true,"valueName":"search_term_string"}}],"inLanguage":"es"},{"@type":"Organization","@id":"https:\/\/www.sonoraenequipo.com.mx\/#organization","name":"Sonoraenequipo.com.mx","url":"https:\/\/www.sonoraenequipo.com.mx\/","logo":{"@type":"ImageObject","inLanguage":"es","@id":"https:\/\/www.sonoraenequipo.com.mx\/#\/schema\/logo\/image\/","url":"https:\/\/www.sonoraenequipo.com.mx\/storage\/2019\/01\/sonoraenequipo_opt.png","contentUrl":"https:\/\/www.sonoraenequipo.com.mx\/storage\/2019\/01\/sonoraenequipo_opt.png","width":375,"height":125,"caption":"Sonoraenequipo.com.mx"},"image":{"@id":"https:\/\/www.sonoraenequipo.com.mx\/#\/schema\/logo\/image\/"},"sameAs":["https:\/\/www.facebook.com\/SonoraEE\/","https:\/\/x.com\/sonoraenequipo","https:\/\/www.youtube.com\/channel\/UC338nW-lPEYmJQs4ZABQ1SQ"]},{"@type":"Person","@id":"https:\/\/www.sonoraenequipo.com.mx\/#\/schema\/person\/50102df0fb23a8fa9e8effad8fa81386","name":"enequipo","image":{"@type":"ImageObject","inLanguage":"es","@id":"https:\/\/www.sonoraenequipo.com.mx\/#\/schema\/person\/image\/","url":"https:\/\/secure.gravatar.com\/avatar\/049821681b589dabc0bc20695993ccebb09f5b5d4d790cd9251b97faac7c652b?s=96&d=blank&r=g","contentUrl":"https:\/\/secure.gravatar.com\/avatar\/049821681b589dabc0bc20695993ccebb09f5b5d4d790cd9251b97faac7c652b?s=96&d=blank&r=g","caption":"enequipo"},"sameAs":["https:\/\/www.facebook.com\/SonoraEE"]}]}},"jetpack_featured_media_url":"https:\/\/www.sonoraenequipo.com.mx\/storage\/2021\/06\/enrique-degradado-antes-de-tocar-tierra_opt.jpg","_links":{"self":[{"href":"https:\/\/www.sonoraenequipo.com.mx\/api\/wp\/v2\/posts\/117527","targetHints":{"allow":["GET"]}}],"collection":[{"href":"https:\/\/www.sonoraenequipo.com.mx\/api\/wp\/v2\/posts"}],"about":[{"href":"https:\/\/www.sonoraenequipo.com.mx\/api\/wp\/v2\/types\/post"}],"author":[{"embeddable":true,"href":"https:\/\/www.sonoraenequipo.com.mx\/api\/wp\/v2\/users\/1"}],"replies":[{"embeddable":true,"href":"https:\/\/www.sonoraenequipo.com.mx\/api\/wp\/v2\/comments?post=117527"}],"version-history":[{"count":1,"href":"https:\/\/www.sonoraenequipo.com.mx\/api\/wp\/v2\/posts\/117527\/revisions"}],"predecessor-version":[{"id":117529,"href":"https:\/\/www.sonoraenequipo.com.mx\/api\/wp\/v2\/posts\/117527\/revisions\/117529"}],"wp:featuredmedia":[{"embeddable":true,"href":"https:\/\/www.sonoraenequipo.com.mx\/api\/wp\/v2\/media\/117528"}],"wp:attachment":[{"href":"https:\/\/www.sonoraenequipo.com.mx\/api\/wp\/v2\/media?parent=117527"}],"wp:term":[{"taxonomy":"category","embeddable":true,"href":"https:\/\/www.sonoraenequipo.com.mx\/api\/wp\/v2\/categories?post=117527"},{"taxonomy":"post_tag","embeddable":true,"href":"https:\/\/www.sonoraenequipo.com.mx\/api\/wp\/v2\/tags?post=117527"}],"curies":[{"name":"wp","href":"https:\/\/api.w.org\/{rel}","templated":true}]}}