{"id":117533,"date":"2021-06-30T20:22:22","date_gmt":"2021-07-01T03:22:22","guid":{"rendered":"https:\/\/www.sonoraenequipo.com.mx\/?p=117533"},"modified":"2021-07-01T11:01:30","modified_gmt":"2021-07-01T18:01:30","slug":"gobernador-de-nuevo-leon-y-alcaldes-metropolitanos-viajan-a-jalisco","status":"publish","type":"post","link":"https:\/\/www.sonoraenequipo.com.mx\/gobernador-de-nuevo-leon-y-alcaldes-metropolitanos-viajan-a-jalisco\/","title":{"rendered":"Gobernador de Nuevo Le\u00f3n y alcaldes metropolitanos viajan a Jalisco"},"content":{"rendered":"<p>MONTERREY, NUEVO LE\u00d3N. MX. \u2014 Los siete alcaldes metropolitanos de Monterrey electos ya se encuentran listos junto al gobernador electo Samuel Garc\u00eda con quien se dirigen a Jalisco.<\/p>\n<p>&nbsp;<\/p>\n<p> <\/p>\n<p>&nbsp;<\/p>\n<p>En una fotograf\u00eda que comparti\u00f3 Garc\u00eda en sus redes sociales, indic\u00f3 que est\u00e1n listos para llegar a Guadalajara en donde tomar\u00e1n una capacitaci\u00f3n en estrategias jur\u00eddicas, institucionales y de pol\u00edtica p\u00fablica.<\/p>\n<p>&nbsp;<\/p>\n<p><em>\u00abEn equipo vamos por un nuevo Nuevo Le\u00f3n, sale el primer vuelo a conocer la experiencia de Guadalajara, Jalisco. M\u00e1s tarde llegan los dem\u00e1s alcaldes \u00a1Juntos vamos coordinaci\u00f3n metropolitana!\u00bb<\/em><\/p>\n<p>&nbsp;<\/p>\n<p>En la fotograf\u00eda est\u00e1n <em>Cristina D\u00edaz, C\u00e9sar Garza, Cosme Leal, David de la Pe\u00f1a, Francisco Trevi\u00f1o Cant\u00fa, Ra\u00fal Cant\u00fa y Carlos Guevara.<\/em><\/p>\n<p>&nbsp;<\/p>\n<p>(Publicada el 30\/06\/2021)<\/p>\n","protected":false},"excerpt":{"rendered":"<p>MONTERREY, NUEVO LE\u00d3N. MX. \u2014 Los siete alcaldes metropolitanos de Monterrey electos ya se encuentran&#8230;<\/p>\n","protected":false},"author":1,"featured_media":117535,"comment_status":"open","ping_status":"open","sticky":false,"template":"","format":"standard","meta":{"_monsterinsights_skip_tracking":false,"_monsterinsights_sitenote_active":false,"_monsterinsights_sitenote_note":"","_monsterinsights_sitenote_category":0,"footnotes":""},"categories":[5],"tags":[],"class_list":["post"],"yoast_head":" \n<title>Sonora en Equipo. Gobernador de Nuevo Le\u00f3n y alcaldes metropolitanos viajan a Jalisco Rep\u00fablica<\/title>\n<meta name=\"description\" content=\"MONTERREY, NUEVO LE\u00d3N. MX. \u2014 Los siete alcaldes metropolitanos de Monterrey electos ya se encuentran listos junto al gobernador electo Samuel Garc\u00eda con En Sonora en Equipo publicamos toda la informaci\u00f3n de Sonora, M\u00e9xico y el Mundo de manera oportuna y busca que la libertad de expresi\u00f3n sea real. Visita nuestro medio informativo publicado desde Hermosillo, Sonora. %\" \/>\n<meta name=\"robots\" content=\"index, follow, max-snippet:-1, max-image-preview:large, max-video-preview:-1\" \/>\n<link rel=\"canonical\" href=\"https:\/\/www.sonoraenequipo.com.mx\/gobernador-de-nuevo-leon-y-alcaldes-metropolitanos-viajan-a-jalisco\/\" \/>\n<meta property=\"og:locale\" content=\"es_ES\" \/>\n<meta property=\"og:type\" content=\"article\" \/>\n<meta property=\"og:title\" content=\"Sonora en Equipo. Gobernador de Nuevo Le\u00f3n y alcaldes metropolitanos viajan a Jalisco Rep\u00fablica\" \/>\n<meta property=\"og:description\" content=\"MONTERREY, NUEVO LE\u00d3N. MX. \u2014 Los siete alcaldes metropolitanos de Monterrey electos ya se encuentran listos junto al gobernador electo Samuel Garc\u00eda con En Sonora en Equipo publicamos toda la informaci\u00f3n de Sonora, M\u00e9xico y el Mundo de manera oportuna y busca que la libertad de expresi\u00f3n sea real. Visita nuestro medio informativo publicado desde Hermosillo, Sonora. %\" \/>\n<meta property=\"og:url\" content=\"https:\/\/www.sonoraenequipo.com.mx\/gobernador-de-nuevo-leon-y-alcaldes-metropolitanos-viajan-a-jalisco\/\" \/>\n<meta property=\"og:site_name\" content=\"Sonora en Equipo.\" \/>\n<meta property=\"article:publisher\" content=\"https:\/\/www.facebook.com\/SonoraEE\/\" \/>\n<meta property=\"article:author\" content=\"https:\/\/www.facebook.com\/SonoraEE\" \/>\n<meta property=\"article:published_time\" content=\"2021-07-01T03:22:22+00:00\" \/>\n<meta property=\"article:modified_time\" content=\"2021-07-01T18:01:30+00:00\" \/>\n<meta property=\"og:image\" content=\"https:\/\/www.sonoraenequipo.com.mx\/storage\/2021\/06\/Samuel-Garcia-alcaldes-metropolitanos_opt.jpg\" \/>\n\t<meta property=\"og:image:width\" content=\"700\" \/>\n\t<meta property=\"og:image:height\" content=\"400\" \/>\n\t<meta property=\"og:image:type\" content=\"image\/jpeg\" \/>\n<meta name=\"author\" content=\"enequipo\" \/>\n<meta name=\"twitter:card\" content=\"summary_large_image\" \/>\n<meta name=\"twitter:creator\" content=\"@sonoraenequipo\" \/>\n<meta name=\"twitter:site\" content=\"@sonoraenequipo\" \/>\n<meta name=\"twitter:label1\" content=\"Escrito por\" \/>\n\t<meta name=\"twitter:data1\" content=\"enequipo\" \/>\n\t<meta name=\"twitter:label2\" content=\"Tiempo de lectura\" \/>\n\t<meta name=\"twitter:data2\" content=\"1 minuto\" \/>\n<script type=\"application\/ld+json\" class=\"yoast-schema-graph\">{\"@context\":\"https:\/\/schema.org\",\"@graph\":[{\"@type\":\"Article\",\"@id\":\"https:\/\/www.sonoraenequipo.com.mx\/gobernador-de-nuevo-leon-y-alcaldes-metropolitanos-viajan-a-jalisco\/#article\",\"isPartOf\":{\"@id\":\"https:\/\/www.sonoraenequipo.com.mx\/gobernador-de-nuevo-leon-y-alcaldes-metropolitanos-viajan-a-jalisco\/\"},\"author\":{\"name\":\"enequipo\",\"@id\":\"https:\/\/www.sonoraenequipo.com.mx\/#\/schema\/person\/50102df0fb23a8fa9e8effad8fa81386\"},\"headline\":\"Gobernador de Nuevo Le\u00f3n y alcaldes metropolitanos viajan a Jalisco\",\"datePublished\":\"2021-07-01T03:22:22+00:00\",\"dateModified\":\"2021-07-01T18:01:30+00:00\",\"mainEntityOfPage\":{\"@id\":\"https:\/\/www.sonoraenequipo.com.mx\/gobernador-de-nuevo-leon-y-alcaldes-metropolitanos-viajan-a-jalisco\/\"},\"wordCount\":148,\"commentCount\":0,\"publisher\":{\"@id\":\"https:\/\/www.sonoraenequipo.com.mx\/#organization\"},\"image\":{\"@id\":\"https:\/\/www.sonoraenequipo.com.mx\/gobernador-de-nuevo-leon-y-alcaldes-metropolitanos-viajan-a-jalisco\/#primaryimage\"},\"thumbnailUrl\":\"https:\/\/www.sonoraenequipo.com.mx\/storage\/2021\/06\/Samuel-Garcia-alcaldes-metropolitanos_opt.jpg\",\"articleSection\":[\"Rep\u00fablica\"],\"inLanguage\":\"es\",\"potentialAction\":[{\"@type\":\"CommentAction\",\"name\":\"Comment\",\"target\":[\"https:\/\/www.sonoraenequipo.com.mx\/gobernador-de-nuevo-leon-y-alcaldes-metropolitanos-viajan-a-jalisco\/#respond\"]}]},{\"@type\":\"WebPage\",\"@id\":\"https:\/\/www.sonoraenequipo.com.mx\/gobernador-de-nuevo-leon-y-alcaldes-metropolitanos-viajan-a-jalisco\/\",\"url\":\"https:\/\/www.sonoraenequipo.com.mx\/gobernador-de-nuevo-leon-y-alcaldes-metropolitanos-viajan-a-jalisco\/\",\"name\":\"Sonora en Equipo. Gobernador de Nuevo Le\u00f3n y alcaldes metropolitanos viajan a Jalisco Rep\u00fablica\",\"isPartOf\":{\"@id\":\"https:\/\/www.sonoraenequipo.com.mx\/#website\"},\"primaryImageOfPage\":{\"@id\":\"https:\/\/www.sonoraenequipo.com.mx\/gobernador-de-nuevo-leon-y-alcaldes-metropolitanos-viajan-a-jalisco\/#primaryimage\"},\"image\":{\"@id\":\"https:\/\/www.sonoraenequipo.com.mx\/gobernador-de-nuevo-leon-y-alcaldes-metropolitanos-viajan-a-jalisco\/#primaryimage\"},\"thumbnailUrl\":\"https:\/\/www.sonoraenequipo.com.mx\/storage\/2021\/06\/Samuel-Garcia-alcaldes-metropolitanos_opt.jpg\",\"datePublished\":\"2021-07-01T03:22:22+00:00\",\"dateModified\":\"2021-07-01T18:01:30+00:00\",\"description\":\"MONTERREY, NUEVO LE\u00d3N. MX. \u2014 Los siete alcaldes metropolitanos de Monterrey electos ya se encuentran listos junto al gobernador electo Samuel Garc\u00eda con En Sonora en Equipo publicamos toda la informaci\u00f3n de Sonora, M\u00e9xico y el Mundo de manera oportuna y busca que la libertad de expresi\u00f3n sea real. Visita nuestro medio informativo publicado desde Hermosillo, Sonora. %\",\"breadcrumb\":{\"@id\":\"https:\/\/www.sonoraenequipo.com.mx\/gobernador-de-nuevo-leon-y-alcaldes-metropolitanos-viajan-a-jalisco\/#breadcrumb\"},\"inLanguage\":\"es\",\"potentialAction\":[{\"@type\":\"ReadAction\",\"target\":[\"https:\/\/www.sonoraenequipo.com.mx\/gobernador-de-nuevo-leon-y-alcaldes-metropolitanos-viajan-a-jalisco\/\"]}]},{\"@type\":\"ImageObject\",\"inLanguage\":\"es\",\"@id\":\"https:\/\/www.sonoraenequipo.com.mx\/gobernador-de-nuevo-leon-y-alcaldes-metropolitanos-viajan-a-jalisco\/#primaryimage\",\"url\":\"https:\/\/www.sonoraenequipo.com.mx\/storage\/2021\/06\/Samuel-Garcia-alcaldes-metropolitanos_opt.jpg\",\"contentUrl\":\"https:\/\/www.sonoraenequipo.com.mx\/storage\/2021\/06\/Samuel-Garcia-alcaldes-metropolitanos_opt.jpg\",\"width\":700,\"height\":400},{\"@type\":\"BreadcrumbList\",\"@id\":\"https:\/\/www.sonoraenequipo.com.mx\/gobernador-de-nuevo-leon-y-alcaldes-metropolitanos-viajan-a-jalisco\/#breadcrumb\",\"itemListElement\":[{\"@type\":\"ListItem\",\"position\":1,\"name\":\"Portada\",\"item\":\"https:\/\/www.sonoraenequipo.com.mx\/\"},{\"@type\":\"ListItem\",\"position\":2,\"name\":\"Gobernador de Nuevo Le\u00f3n y alcaldes metropolitanos viajan a Jalisco\"}]},{\"@type\":\"WebSite\",\"@id\":\"https:\/\/www.sonoraenequipo.com.mx\/#website\",\"url\":\"https:\/\/www.sonoraenequipo.com.mx\/\",\"name\":\"Sonora en Equipo.\",\"description\":\"Diario en l\u00ednea con Noticias desde Hermosillo, Sonora\",\"publisher\":{\"@id\":\"https:\/\/www.sonoraenequipo.com.mx\/#organization\"},\"potentialAction\":[{\"@type\":\"SearchAction\",\"target\":{\"@type\":\"EntryPoint\",\"urlTemplate\":\"https:\/\/www.sonoraenequipo.com.mx\/?s={search_term_string}\"},\"query-input\":{\"@type\":\"PropertyValueSpecification\",\"valueRequired\":true,\"valueName\":\"search_term_string\"}}],\"inLanguage\":\"es\"},{\"@type\":\"Organization\",\"@id\":\"https:\/\/www.sonoraenequipo.com.mx\/#organization\",\"name\":\"Sonoraenequipo.com.mx\",\"url\":\"https:\/\/www.sonoraenequipo.com.mx\/\",\"logo\":{\"@type\":\"ImageObject\",\"inLanguage\":\"es\",\"@id\":\"https:\/\/www.sonoraenequipo.com.mx\/#\/schema\/logo\/image\/\",\"url\":\"https:\/\/www.sonoraenequipo.com.mx\/storage\/2019\/01\/sonoraenequipo_opt.png\",\"contentUrl\":\"https:\/\/www.sonoraenequipo.com.mx\/storage\/2019\/01\/sonoraenequipo_opt.png\",\"width\":375,\"height\":125,\"caption\":\"Sonoraenequipo.com.mx\"},\"image\":{\"@id\":\"https:\/\/www.sonoraenequipo.com.mx\/#\/schema\/logo\/image\/\"},\"sameAs\":[\"https:\/\/www.facebook.com\/SonoraEE\/\",\"https:\/\/x.com\/sonoraenequipo\",\"https:\/\/www.youtube.com\/channel\/UC338nW-lPEYmJQs4ZABQ1SQ\"]},{\"@type\":\"Person\",\"@id\":\"https:\/\/www.sonoraenequipo.com.mx\/#\/schema\/person\/50102df0fb23a8fa9e8effad8fa81386\",\"name\":\"enequipo\",\"image\":{\"@type\":\"ImageObject\",\"inLanguage\":\"es\",\"@id\":\"https:\/\/www.sonoraenequipo.com.mx\/#\/schema\/person\/image\/\",\"url\":\"https:\/\/secure.gravatar.com\/avatar\/049821681b589dabc0bc20695993ccebb09f5b5d4d790cd9251b97faac7c652b?s=96&d=blank&r=g\",\"contentUrl\":\"https:\/\/secure.gravatar.com\/avatar\/049821681b589dabc0bc20695993ccebb09f5b5d4d790cd9251b97faac7c652b?s=96&d=blank&r=g\",\"caption\":\"enequipo\"},\"sameAs\":[\"https:\/\/www.facebook.com\/SonoraEE\"]}]}<\/script>\n ","yoast_head_json":{"title":"Sonora en Equipo. Gobernador de Nuevo Le\u00f3n y alcaldes metropolitanos viajan a Jalisco Rep\u00fablica","description":"MONTERREY, NUEVO LE\u00d3N. MX. \u2014 Los siete alcaldes metropolitanos de Monterrey electos ya se encuentran listos junto al gobernador electo Samuel Garc\u00eda con En Sonora en Equipo publicamos toda la informaci\u00f3n de Sonora, M\u00e9xico y el Mundo de manera oportuna y busca que la libertad de expresi\u00f3n sea real. Visita nuestro medio informativo publicado desde Hermosillo, Sonora. %","robots":{"index":"index","follow":"follow","max-snippet":"max-snippet:-1","max-image-preview":"max-image-preview:large","max-video-preview":"max-video-preview:-1"},"canonical":"https:\/\/www.sonoraenequipo.com.mx\/gobernador-de-nuevo-leon-y-alcaldes-metropolitanos-viajan-a-jalisco\/","og_locale":"es_ES","og_type":"article","og_title":"Sonora en Equipo. Gobernador de Nuevo Le\u00f3n y alcaldes metropolitanos viajan a Jalisco Rep\u00fablica","og_description":"MONTERREY, NUEVO LE\u00d3N. MX. \u2014 Los siete alcaldes metropolitanos de Monterrey electos ya se encuentran listos junto al gobernador electo Samuel Garc\u00eda con En Sonora en Equipo publicamos toda la informaci\u00f3n de Sonora, M\u00e9xico y el Mundo de manera oportuna y busca que la libertad de expresi\u00f3n sea real. Visita nuestro medio informativo publicado desde Hermosillo, Sonora. %","og_url":"https:\/\/www.sonoraenequipo.com.mx\/gobernador-de-nuevo-leon-y-alcaldes-metropolitanos-viajan-a-jalisco\/","og_site_name":"Sonora en Equipo.","article_publisher":"https:\/\/www.facebook.com\/SonoraEE\/","article_author":"https:\/\/www.facebook.com\/SonoraEE","article_published_time":"2021-07-01T03:22:22+00:00","article_modified_time":"2021-07-01T18:01:30+00:00","og_image":[{"width":700,"height":400,"url":"https:\/\/www.sonoraenequipo.com.mx\/storage\/2021\/06\/Samuel-Garcia-alcaldes-metropolitanos_opt.jpg","type":"image\/jpeg"}],"author":"enequipo","twitter_card":"summary_large_image","twitter_creator":"@sonoraenequipo","twitter_site":"@sonoraenequipo","twitter_misc":{"Escrito por":"enequipo","Tiempo de lectura":"1 minuto"},"schema":{"@context":"https:\/\/schema.org","@graph":[{"@type":"Article","@id":"https:\/\/www.sonoraenequipo.com.mx\/gobernador-de-nuevo-leon-y-alcaldes-metropolitanos-viajan-a-jalisco\/#article","isPartOf":{"@id":"https:\/\/www.sonoraenequipo.com.mx\/gobernador-de-nuevo-leon-y-alcaldes-metropolitanos-viajan-a-jalisco\/"},"author":{"name":"enequipo","@id":"https:\/\/www.sonoraenequipo.com.mx\/#\/schema\/person\/50102df0fb23a8fa9e8effad8fa81386"},"headline":"Gobernador de Nuevo Le\u00f3n y alcaldes metropolitanos viajan a Jalisco","datePublished":"2021-07-01T03:22:22+00:00","dateModified":"2021-07-01T18:01:30+00:00","mainEntityOfPage":{"@id":"https:\/\/www.sonoraenequipo.com.mx\/gobernador-de-nuevo-leon-y-alcaldes-metropolitanos-viajan-a-jalisco\/"},"wordCount":148,"commentCount":0,"publisher":{"@id":"https:\/\/www.sonoraenequipo.com.mx\/#organization"},"image":{"@id":"https:\/\/www.sonoraenequipo.com.mx\/gobernador-de-nuevo-leon-y-alcaldes-metropolitanos-viajan-a-jalisco\/#primaryimage"},"thumbnailUrl":"https:\/\/www.sonoraenequipo.com.mx\/storage\/2021\/06\/Samuel-Garcia-alcaldes-metropolitanos_opt.jpg","articleSection":["Rep\u00fablica"],"inLanguage":"es","potentialAction":[{"@type":"CommentAction","name":"Comment","target":["https:\/\/www.sonoraenequipo.com.mx\/gobernador-de-nuevo-leon-y-alcaldes-metropolitanos-viajan-a-jalisco\/#respond"]}]},{"@type":"WebPage","@id":"https:\/\/www.sonoraenequipo.com.mx\/gobernador-de-nuevo-leon-y-alcaldes-metropolitanos-viajan-a-jalisco\/","url":"https:\/\/www.sonoraenequipo.com.mx\/gobernador-de-nuevo-leon-y-alcaldes-metropolitanos-viajan-a-jalisco\/","name":"Sonora en Equipo. Gobernador de Nuevo Le\u00f3n y alcaldes metropolitanos viajan a Jalisco Rep\u00fablica","isPartOf":{"@id":"https:\/\/www.sonoraenequipo.com.mx\/#website"},"primaryImageOfPage":{"@id":"https:\/\/www.sonoraenequipo.com.mx\/gobernador-de-nuevo-leon-y-alcaldes-metropolitanos-viajan-a-jalisco\/#primaryimage"},"image":{"@id":"https:\/\/www.sonoraenequipo.com.mx\/gobernador-de-nuevo-leon-y-alcaldes-metropolitanos-viajan-a-jalisco\/#primaryimage"},"thumbnailUrl":"https:\/\/www.sonoraenequipo.com.mx\/storage\/2021\/06\/Samuel-Garcia-alcaldes-metropolitanos_opt.jpg","datePublished":"2021-07-01T03:22:22+00:00","dateModified":"2021-07-01T18:01:30+00:00","description":"MONTERREY, NUEVO LE\u00d3N. MX. \u2014 Los siete alcaldes metropolitanos de Monterrey electos ya se encuentran listos junto al gobernador electo Samuel Garc\u00eda con En Sonora en Equipo publicamos toda la informaci\u00f3n de Sonora, M\u00e9xico y el Mundo de manera oportuna y busca que la libertad de expresi\u00f3n sea real. Visita nuestro medio informativo publicado desde Hermosillo, Sonora. %","breadcrumb":{"@id":"https:\/\/www.sonoraenequipo.com.mx\/gobernador-de-nuevo-leon-y-alcaldes-metropolitanos-viajan-a-jalisco\/#breadcrumb"},"inLanguage":"es","potentialAction":[{"@type":"ReadAction","target":["https:\/\/www.sonoraenequipo.com.mx\/gobernador-de-nuevo-leon-y-alcaldes-metropolitanos-viajan-a-jalisco\/"]}]},{"@type":"ImageObject","inLanguage":"es","@id":"https:\/\/www.sonoraenequipo.com.mx\/gobernador-de-nuevo-leon-y-alcaldes-metropolitanos-viajan-a-jalisco\/#primaryimage","url":"https:\/\/www.sonoraenequipo.com.mx\/storage\/2021\/06\/Samuel-Garcia-alcaldes-metropolitanos_opt.jpg","contentUrl":"https:\/\/www.sonoraenequipo.com.mx\/storage\/2021\/06\/Samuel-Garcia-alcaldes-metropolitanos_opt.jpg","width":700,"height":400},{"@type":"BreadcrumbList","@id":"https:\/\/www.sonoraenequipo.com.mx\/gobernador-de-nuevo-leon-y-alcaldes-metropolitanos-viajan-a-jalisco\/#breadcrumb","itemListElement":[{"@type":"ListItem","position":1,"name":"Portada","item":"https:\/\/www.sonoraenequipo.com.mx\/"},{"@type":"ListItem","position":2,"name":"Gobernador de Nuevo Le\u00f3n y alcaldes metropolitanos viajan a Jalisco"}]},{"@type":"WebSite","@id":"https:\/\/www.sonoraenequipo.com.mx\/#website","url":"https:\/\/www.sonoraenequipo.com.mx\/","name":"Sonora en Equipo.","description":"Diario en l\u00ednea con Noticias desde Hermosillo, Sonora","publisher":{"@id":"https:\/\/www.sonoraenequipo.com.mx\/#organization"},"potentialAction":[{"@type":"SearchAction","target":{"@type":"EntryPoint","urlTemplate":"https:\/\/www.sonoraenequipo.com.mx\/?s={search_term_string}"},"query-input":{"@type":"PropertyValueSpecification","valueRequired":true,"valueName":"search_term_string"}}],"inLanguage":"es"},{"@type":"Organization","@id":"https:\/\/www.sonoraenequipo.com.mx\/#organization","name":"Sonoraenequipo.com.mx","url":"https:\/\/www.sonoraenequipo.com.mx\/","logo":{"@type":"ImageObject","inLanguage":"es","@id":"https:\/\/www.sonoraenequipo.com.mx\/#\/schema\/logo\/image\/","url":"https:\/\/www.sonoraenequipo.com.mx\/storage\/2019\/01\/sonoraenequipo_opt.png","contentUrl":"https:\/\/www.sonoraenequipo.com.mx\/storage\/2019\/01\/sonoraenequipo_opt.png","width":375,"height":125,"caption":"Sonoraenequipo.com.mx"},"image":{"@id":"https:\/\/www.sonoraenequipo.com.mx\/#\/schema\/logo\/image\/"},"sameAs":["https:\/\/www.facebook.com\/SonoraEE\/","https:\/\/x.com\/sonoraenequipo","https:\/\/www.youtube.com\/channel\/UC338nW-lPEYmJQs4ZABQ1SQ"]},{"@type":"Person","@id":"https:\/\/www.sonoraenequipo.com.mx\/#\/schema\/person\/50102df0fb23a8fa9e8effad8fa81386","name":"enequipo","image":{"@type":"ImageObject","inLanguage":"es","@id":"https:\/\/www.sonoraenequipo.com.mx\/#\/schema\/person\/image\/","url":"https:\/\/secure.gravatar.com\/avatar\/049821681b589dabc0bc20695993ccebb09f5b5d4d790cd9251b97faac7c652b?s=96&d=blank&r=g","contentUrl":"https:\/\/secure.gravatar.com\/avatar\/049821681b589dabc0bc20695993ccebb09f5b5d4d790cd9251b97faac7c652b?s=96&d=blank&r=g","caption":"enequipo"},"sameAs":["https:\/\/www.facebook.com\/SonoraEE"]}]}},"jetpack_featured_media_url":"https:\/\/www.sonoraenequipo.com.mx\/storage\/2021\/06\/Samuel-Garcia-alcaldes-metropolitanos_opt.jpg","_links":{"self":[{"href":"https:\/\/www.sonoraenequipo.com.mx\/api\/wp\/v2\/posts\/117533","targetHints":{"allow":["GET"]}}],"collection":[{"href":"https:\/\/www.sonoraenequipo.com.mx\/api\/wp\/v2\/posts"}],"about":[{"href":"https:\/\/www.sonoraenequipo.com.mx\/api\/wp\/v2\/types\/post"}],"author":[{"embeddable":true,"href":"https:\/\/www.sonoraenequipo.com.mx\/api\/wp\/v2\/users\/1"}],"replies":[{"embeddable":true,"href":"https:\/\/www.sonoraenequipo.com.mx\/api\/wp\/v2\/comments?post=117533"}],"version-history":[{"count":3,"href":"https:\/\/www.sonoraenequipo.com.mx\/api\/wp\/v2\/posts\/117533\/revisions"}],"predecessor-version":[{"id":117544,"href":"https:\/\/www.sonoraenequipo.com.mx\/api\/wp\/v2\/posts\/117533\/revisions\/117544"}],"wp:featuredmedia":[{"embeddable":true,"href":"https:\/\/www.sonoraenequipo.com.mx\/api\/wp\/v2\/media\/117535"}],"wp:attachment":[{"href":"https:\/\/www.sonoraenequipo.com.mx\/api\/wp\/v2\/media?parent=117533"}],"wp:term":[{"taxonomy":"category","embeddable":true,"href":"https:\/\/www.sonoraenequipo.com.mx\/api\/wp\/v2\/categories?post=117533"},{"taxonomy":"post_tag","embeddable":true,"href":"https:\/\/www.sonoraenequipo.com.mx\/api\/wp\/v2\/tags?post=117533"}],"curies":[{"name":"wp","href":"https:\/\/api.w.org\/{rel}","templated":true}]}}