{"id":117557,"date":"2021-06-30T22:50:28","date_gmt":"2021-07-01T05:50:28","guid":{"rendered":"https:\/\/www.sonoraenequipo.com.mx\/?p=117557"},"modified":"2021-07-01T12:19:33","modified_gmt":"2021-07-01T19:19:33","slug":"la-variante-delta-del-covid-19-ya-se-encuentra-en-tres-entidades-del-pais","status":"publish","type":"post","link":"https:\/\/www.sonoraenequipo.com.mx\/la-variante-delta-del-covid-19-ya-se-encuentra-en-tres-entidades-del-pais\/","title":{"rendered":"La variante Delta del covid-19 ya se encuentra en tres entidades del pa\u00eds"},"content":{"rendered":"<p>WASHINGTON, ESTADOS UNIDOS. \u2014 En conferencia de prensa, Jairo M\u00e9ndez Rico, asesor de enfermedades virales emergentes de la Organizaci\u00f3n Panamericana de la Salud (OPS), indic\u00f3 que, junto a la mutaci\u00f3n denominada Delta, otras 14 variantes se han registrado en el pa\u00eds desde que comenz\u00f3 la pandemia en 2020.<\/p>\n<p>&nbsp;<\/p>\n<p> <\/p>\n<p>&nbsp;<\/p>\n<p>Detall\u00f3 que esta, una de las que m\u00e1s preocupaci\u00f3n genera a nivel internacional, se ha identificado, hasta ahora, en Baja California, Quintana Roo y la Ciudad de M\u00e9xico.<\/p>\n<p>&nbsp;<\/p>\n<p>Pese a que la OPS menciona s\u00f3lo estas tres entidades, la Secretar\u00eda de Salud de Veracruz confirm\u00f3 hace unos d\u00edas siete casos de la cepa.<\/p>\n<p>&nbsp;<\/p>\n<p>El asesor de la OPS consider\u00f3 que M\u00e9xico tiene uno de los mejores sistemas para detectar de manera muy temprana incrementos inusuales de casos de la Covid-19 o enfermedades que pudieran generar un impacto para la salud p\u00fablica.<\/p>\n<p>&nbsp;<\/p>\n<p>Detall\u00f3 que la transmisi\u00f3n de la variante Delta est\u00e1 ligada principalmente a viajeros, mientras que su dispersi\u00f3n a nivel comunitaria sigue siendo limitada en toda la regi\u00f3n de Latinoam\u00e9rica.<\/p>\n<p>&nbsp;<\/p>\n<p>(Publicada el 30\/06\/2021)<\/p>\n","protected":false},"excerpt":{"rendered":"<p>WASHINGTON, ESTADOS UNIDOS. \u2014 En conferencia de prensa, Jairo M\u00e9ndez Rico, asesor de enfermedades virales&#8230;<\/p>\n","protected":false},"author":1,"featured_media":112474,"comment_status":"open","ping_status":"open","sticky":false,"template":"","format":"standard","meta":{"_monsterinsights_skip_tracking":false,"_monsterinsights_sitenote_active":false,"_monsterinsights_sitenote_note":"","_monsterinsights_sitenote_category":0,"footnotes":""},"categories":[5],"tags":[],"class_list":["post"],"yoast_head":" \n<title>Sonora en Equipo. La variante Delta del covid-19 ya se encuentra en tres entidades del pa\u00eds Rep\u00fablica<\/title>\n<meta name=\"description\" content=\"WASHINGTON, ESTADOS UNIDOS. \u2014 En conferencia de prensa, Jairo M\u00e9ndez Rico, asesor de enfermedades virales emergentes de la Organizaci\u00f3n Panamericana de la En Sonora en Equipo publicamos toda la informaci\u00f3n de Sonora, M\u00e9xico y el Mundo de manera oportuna y busca que la libertad de expresi\u00f3n sea real. Visita nuestro medio informativo publicado desde Hermosillo, Sonora. %\" \/>\n<meta name=\"robots\" content=\"index, follow, max-snippet:-1, max-image-preview:large, max-video-preview:-1\" \/>\n<link rel=\"canonical\" href=\"https:\/\/www.sonoraenequipo.com.mx\/la-variante-delta-del-covid-19-ya-se-encuentra-en-tres-entidades-del-pais\/\" \/>\n<meta property=\"og:locale\" content=\"es_ES\" \/>\n<meta property=\"og:type\" content=\"article\" \/>\n<meta property=\"og:title\" content=\"Sonora en Equipo. La variante Delta del covid-19 ya se encuentra en tres entidades del pa\u00eds Rep\u00fablica\" \/>\n<meta property=\"og:description\" content=\"WASHINGTON, ESTADOS UNIDOS. \u2014 En conferencia de prensa, Jairo M\u00e9ndez Rico, asesor de enfermedades virales emergentes de la Organizaci\u00f3n Panamericana de la En Sonora en Equipo publicamos toda la informaci\u00f3n de Sonora, M\u00e9xico y el Mundo de manera oportuna y busca que la libertad de expresi\u00f3n sea real. Visita nuestro medio informativo publicado desde Hermosillo, Sonora. %\" \/>\n<meta property=\"og:url\" content=\"https:\/\/www.sonoraenequipo.com.mx\/la-variante-delta-del-covid-19-ya-se-encuentra-en-tres-entidades-del-pais\/\" \/>\n<meta property=\"og:site_name\" content=\"Sonora en Equipo.\" \/>\n<meta property=\"article:publisher\" content=\"https:\/\/www.facebook.com\/SonoraEE\/\" \/>\n<meta property=\"article:author\" content=\"https:\/\/www.facebook.com\/SonoraEE\" \/>\n<meta property=\"article:published_time\" content=\"2021-07-01T05:50:28+00:00\" \/>\n<meta property=\"article:modified_time\" content=\"2021-07-01T19:19:33+00:00\" \/>\n<meta property=\"og:image\" content=\"https:\/\/www.sonoraenequipo.com.mx\/storage\/2021\/04\/casos-de-covid_opt.jpg\" \/>\n\t<meta property=\"og:image:width\" content=\"800\" \/>\n\t<meta property=\"og:image:height\" content=\"450\" \/>\n\t<meta property=\"og:image:type\" content=\"image\/jpeg\" \/>\n<meta name=\"author\" content=\"enequipo\" \/>\n<meta name=\"twitter:card\" content=\"summary_large_image\" \/>\n<meta name=\"twitter:creator\" content=\"@sonoraenequipo\" \/>\n<meta name=\"twitter:site\" content=\"@sonoraenequipo\" \/>\n<meta name=\"twitter:label1\" content=\"Escrito por\" \/>\n\t<meta name=\"twitter:data1\" content=\"enequipo\" \/>\n\t<meta name=\"twitter:label2\" content=\"Tiempo de lectura\" \/>\n\t<meta name=\"twitter:data2\" content=\"1 minuto\" \/>\n<script type=\"application\/ld+json\" class=\"yoast-schema-graph\">{\"@context\":\"https:\/\/schema.org\",\"@graph\":[{\"@type\":\"Article\",\"@id\":\"https:\/\/www.sonoraenequipo.com.mx\/la-variante-delta-del-covid-19-ya-se-encuentra-en-tres-entidades-del-pais\/#article\",\"isPartOf\":{\"@id\":\"https:\/\/www.sonoraenequipo.com.mx\/la-variante-delta-del-covid-19-ya-se-encuentra-en-tres-entidades-del-pais\/\"},\"author\":{\"name\":\"enequipo\",\"@id\":\"https:\/\/www.sonoraenequipo.com.mx\/#\/schema\/person\/50102df0fb23a8fa9e8effad8fa81386\"},\"headline\":\"La variante Delta del covid-19 ya se encuentra en tres entidades del pa\u00eds\",\"datePublished\":\"2021-07-01T05:50:28+00:00\",\"dateModified\":\"2021-07-01T19:19:33+00:00\",\"mainEntityOfPage\":{\"@id\":\"https:\/\/www.sonoraenequipo.com.mx\/la-variante-delta-del-covid-19-ya-se-encuentra-en-tres-entidades-del-pais\/\"},\"wordCount\":203,\"commentCount\":0,\"publisher\":{\"@id\":\"https:\/\/www.sonoraenequipo.com.mx\/#organization\"},\"image\":{\"@id\":\"https:\/\/www.sonoraenequipo.com.mx\/la-variante-delta-del-covid-19-ya-se-encuentra-en-tres-entidades-del-pais\/#primaryimage\"},\"thumbnailUrl\":\"https:\/\/www.sonoraenequipo.com.mx\/storage\/2021\/04\/casos-de-covid_opt.jpg\",\"articleSection\":[\"Rep\u00fablica\"],\"inLanguage\":\"es\",\"potentialAction\":[{\"@type\":\"CommentAction\",\"name\":\"Comment\",\"target\":[\"https:\/\/www.sonoraenequipo.com.mx\/la-variante-delta-del-covid-19-ya-se-encuentra-en-tres-entidades-del-pais\/#respond\"]}]},{\"@type\":\"WebPage\",\"@id\":\"https:\/\/www.sonoraenequipo.com.mx\/la-variante-delta-del-covid-19-ya-se-encuentra-en-tres-entidades-del-pais\/\",\"url\":\"https:\/\/www.sonoraenequipo.com.mx\/la-variante-delta-del-covid-19-ya-se-encuentra-en-tres-entidades-del-pais\/\",\"name\":\"Sonora en Equipo. La variante Delta del covid-19 ya se encuentra en tres entidades del pa\u00eds Rep\u00fablica\",\"isPartOf\":{\"@id\":\"https:\/\/www.sonoraenequipo.com.mx\/#website\"},\"primaryImageOfPage\":{\"@id\":\"https:\/\/www.sonoraenequipo.com.mx\/la-variante-delta-del-covid-19-ya-se-encuentra-en-tres-entidades-del-pais\/#primaryimage\"},\"image\":{\"@id\":\"https:\/\/www.sonoraenequipo.com.mx\/la-variante-delta-del-covid-19-ya-se-encuentra-en-tres-entidades-del-pais\/#primaryimage\"},\"thumbnailUrl\":\"https:\/\/www.sonoraenequipo.com.mx\/storage\/2021\/04\/casos-de-covid_opt.jpg\",\"datePublished\":\"2021-07-01T05:50:28+00:00\",\"dateModified\":\"2021-07-01T19:19:33+00:00\",\"description\":\"WASHINGTON, ESTADOS UNIDOS. \u2014 En conferencia de prensa, Jairo M\u00e9ndez Rico, asesor de enfermedades virales emergentes de la Organizaci\u00f3n Panamericana de la En Sonora en Equipo publicamos toda la informaci\u00f3n de Sonora, M\u00e9xico y el Mundo de manera oportuna y busca que la libertad de expresi\u00f3n sea real. Visita nuestro medio informativo publicado desde Hermosillo, Sonora. %\",\"breadcrumb\":{\"@id\":\"https:\/\/www.sonoraenequipo.com.mx\/la-variante-delta-del-covid-19-ya-se-encuentra-en-tres-entidades-del-pais\/#breadcrumb\"},\"inLanguage\":\"es\",\"potentialAction\":[{\"@type\":\"ReadAction\",\"target\":[\"https:\/\/www.sonoraenequipo.com.mx\/la-variante-delta-del-covid-19-ya-se-encuentra-en-tres-entidades-del-pais\/\"]}]},{\"@type\":\"ImageObject\",\"inLanguage\":\"es\",\"@id\":\"https:\/\/www.sonoraenequipo.com.mx\/la-variante-delta-del-covid-19-ya-se-encuentra-en-tres-entidades-del-pais\/#primaryimage\",\"url\":\"https:\/\/www.sonoraenequipo.com.mx\/storage\/2021\/04\/casos-de-covid_opt.jpg\",\"contentUrl\":\"https:\/\/www.sonoraenequipo.com.mx\/storage\/2021\/04\/casos-de-covid_opt.jpg\",\"width\":800,\"height\":450},{\"@type\":\"BreadcrumbList\",\"@id\":\"https:\/\/www.sonoraenequipo.com.mx\/la-variante-delta-del-covid-19-ya-se-encuentra-en-tres-entidades-del-pais\/#breadcrumb\",\"itemListElement\":[{\"@type\":\"ListItem\",\"position\":1,\"name\":\"Portada\",\"item\":\"https:\/\/www.sonoraenequipo.com.mx\/\"},{\"@type\":\"ListItem\",\"position\":2,\"name\":\"La variante Delta del covid-19 ya se encuentra en tres entidades del pa\u00eds\"}]},{\"@type\":\"WebSite\",\"@id\":\"https:\/\/www.sonoraenequipo.com.mx\/#website\",\"url\":\"https:\/\/www.sonoraenequipo.com.mx\/\",\"name\":\"Sonora en Equipo.\",\"description\":\"Diario en l\u00ednea con Noticias desde Hermosillo, Sonora\",\"publisher\":{\"@id\":\"https:\/\/www.sonoraenequipo.com.mx\/#organization\"},\"potentialAction\":[{\"@type\":\"SearchAction\",\"target\":{\"@type\":\"EntryPoint\",\"urlTemplate\":\"https:\/\/www.sonoraenequipo.com.mx\/?s={search_term_string}\"},\"query-input\":{\"@type\":\"PropertyValueSpecification\",\"valueRequired\":true,\"valueName\":\"search_term_string\"}}],\"inLanguage\":\"es\"},{\"@type\":\"Organization\",\"@id\":\"https:\/\/www.sonoraenequipo.com.mx\/#organization\",\"name\":\"Sonoraenequipo.com.mx\",\"url\":\"https:\/\/www.sonoraenequipo.com.mx\/\",\"logo\":{\"@type\":\"ImageObject\",\"inLanguage\":\"es\",\"@id\":\"https:\/\/www.sonoraenequipo.com.mx\/#\/schema\/logo\/image\/\",\"url\":\"https:\/\/www.sonoraenequipo.com.mx\/storage\/2019\/01\/sonoraenequipo_opt.png\",\"contentUrl\":\"https:\/\/www.sonoraenequipo.com.mx\/storage\/2019\/01\/sonoraenequipo_opt.png\",\"width\":375,\"height\":125,\"caption\":\"Sonoraenequipo.com.mx\"},\"image\":{\"@id\":\"https:\/\/www.sonoraenequipo.com.mx\/#\/schema\/logo\/image\/\"},\"sameAs\":[\"https:\/\/www.facebook.com\/SonoraEE\/\",\"https:\/\/x.com\/sonoraenequipo\",\"https:\/\/www.youtube.com\/channel\/UC338nW-lPEYmJQs4ZABQ1SQ\"]},{\"@type\":\"Person\",\"@id\":\"https:\/\/www.sonoraenequipo.com.mx\/#\/schema\/person\/50102df0fb23a8fa9e8effad8fa81386\",\"name\":\"enequipo\",\"image\":{\"@type\":\"ImageObject\",\"inLanguage\":\"es\",\"@id\":\"https:\/\/www.sonoraenequipo.com.mx\/#\/schema\/person\/image\/\",\"url\":\"https:\/\/secure.gravatar.com\/avatar\/049821681b589dabc0bc20695993ccebb09f5b5d4d790cd9251b97faac7c652b?s=96&d=blank&r=g\",\"contentUrl\":\"https:\/\/secure.gravatar.com\/avatar\/049821681b589dabc0bc20695993ccebb09f5b5d4d790cd9251b97faac7c652b?s=96&d=blank&r=g\",\"caption\":\"enequipo\"},\"sameAs\":[\"https:\/\/www.facebook.com\/SonoraEE\"]}]}<\/script>\n ","yoast_head_json":{"title":"Sonora en Equipo. La variante Delta del covid-19 ya se encuentra en tres entidades del pa\u00eds Rep\u00fablica","description":"WASHINGTON, ESTADOS UNIDOS. \u2014 En conferencia de prensa, Jairo M\u00e9ndez Rico, asesor de enfermedades virales emergentes de la Organizaci\u00f3n Panamericana de la En Sonora en Equipo publicamos toda la informaci\u00f3n de Sonora, M\u00e9xico y el Mundo de manera oportuna y busca que la libertad de expresi\u00f3n sea real. Visita nuestro medio informativo publicado desde Hermosillo, Sonora. %","robots":{"index":"index","follow":"follow","max-snippet":"max-snippet:-1","max-image-preview":"max-image-preview:large","max-video-preview":"max-video-preview:-1"},"canonical":"https:\/\/www.sonoraenequipo.com.mx\/la-variante-delta-del-covid-19-ya-se-encuentra-en-tres-entidades-del-pais\/","og_locale":"es_ES","og_type":"article","og_title":"Sonora en Equipo. La variante Delta del covid-19 ya se encuentra en tres entidades del pa\u00eds Rep\u00fablica","og_description":"WASHINGTON, ESTADOS UNIDOS. \u2014 En conferencia de prensa, Jairo M\u00e9ndez Rico, asesor de enfermedades virales emergentes de la Organizaci\u00f3n Panamericana de la En Sonora en Equipo publicamos toda la informaci\u00f3n de Sonora, M\u00e9xico y el Mundo de manera oportuna y busca que la libertad de expresi\u00f3n sea real. Visita nuestro medio informativo publicado desde Hermosillo, Sonora. %","og_url":"https:\/\/www.sonoraenequipo.com.mx\/la-variante-delta-del-covid-19-ya-se-encuentra-en-tres-entidades-del-pais\/","og_site_name":"Sonora en Equipo.","article_publisher":"https:\/\/www.facebook.com\/SonoraEE\/","article_author":"https:\/\/www.facebook.com\/SonoraEE","article_published_time":"2021-07-01T05:50:28+00:00","article_modified_time":"2021-07-01T19:19:33+00:00","og_image":[{"width":800,"height":450,"url":"https:\/\/www.sonoraenequipo.com.mx\/storage\/2021\/04\/casos-de-covid_opt.jpg","type":"image\/jpeg"}],"author":"enequipo","twitter_card":"summary_large_image","twitter_creator":"@sonoraenequipo","twitter_site":"@sonoraenequipo","twitter_misc":{"Escrito por":"enequipo","Tiempo de lectura":"1 minuto"},"schema":{"@context":"https:\/\/schema.org","@graph":[{"@type":"Article","@id":"https:\/\/www.sonoraenequipo.com.mx\/la-variante-delta-del-covid-19-ya-se-encuentra-en-tres-entidades-del-pais\/#article","isPartOf":{"@id":"https:\/\/www.sonoraenequipo.com.mx\/la-variante-delta-del-covid-19-ya-se-encuentra-en-tres-entidades-del-pais\/"},"author":{"name":"enequipo","@id":"https:\/\/www.sonoraenequipo.com.mx\/#\/schema\/person\/50102df0fb23a8fa9e8effad8fa81386"},"headline":"La variante Delta del covid-19 ya se encuentra en tres entidades del pa\u00eds","datePublished":"2021-07-01T05:50:28+00:00","dateModified":"2021-07-01T19:19:33+00:00","mainEntityOfPage":{"@id":"https:\/\/www.sonoraenequipo.com.mx\/la-variante-delta-del-covid-19-ya-se-encuentra-en-tres-entidades-del-pais\/"},"wordCount":203,"commentCount":0,"publisher":{"@id":"https:\/\/www.sonoraenequipo.com.mx\/#organization"},"image":{"@id":"https:\/\/www.sonoraenequipo.com.mx\/la-variante-delta-del-covid-19-ya-se-encuentra-en-tres-entidades-del-pais\/#primaryimage"},"thumbnailUrl":"https:\/\/www.sonoraenequipo.com.mx\/storage\/2021\/04\/casos-de-covid_opt.jpg","articleSection":["Rep\u00fablica"],"inLanguage":"es","potentialAction":[{"@type":"CommentAction","name":"Comment","target":["https:\/\/www.sonoraenequipo.com.mx\/la-variante-delta-del-covid-19-ya-se-encuentra-en-tres-entidades-del-pais\/#respond"]}]},{"@type":"WebPage","@id":"https:\/\/www.sonoraenequipo.com.mx\/la-variante-delta-del-covid-19-ya-se-encuentra-en-tres-entidades-del-pais\/","url":"https:\/\/www.sonoraenequipo.com.mx\/la-variante-delta-del-covid-19-ya-se-encuentra-en-tres-entidades-del-pais\/","name":"Sonora en Equipo. La variante Delta del covid-19 ya se encuentra en tres entidades del pa\u00eds Rep\u00fablica","isPartOf":{"@id":"https:\/\/www.sonoraenequipo.com.mx\/#website"},"primaryImageOfPage":{"@id":"https:\/\/www.sonoraenequipo.com.mx\/la-variante-delta-del-covid-19-ya-se-encuentra-en-tres-entidades-del-pais\/#primaryimage"},"image":{"@id":"https:\/\/www.sonoraenequipo.com.mx\/la-variante-delta-del-covid-19-ya-se-encuentra-en-tres-entidades-del-pais\/#primaryimage"},"thumbnailUrl":"https:\/\/www.sonoraenequipo.com.mx\/storage\/2021\/04\/casos-de-covid_opt.jpg","datePublished":"2021-07-01T05:50:28+00:00","dateModified":"2021-07-01T19:19:33+00:00","description":"WASHINGTON, ESTADOS UNIDOS. \u2014 En conferencia de prensa, Jairo M\u00e9ndez Rico, asesor de enfermedades virales emergentes de la Organizaci\u00f3n Panamericana de la En Sonora en Equipo publicamos toda la informaci\u00f3n de Sonora, M\u00e9xico y el Mundo de manera oportuna y busca que la libertad de expresi\u00f3n sea real. Visita nuestro medio informativo publicado desde Hermosillo, Sonora. %","breadcrumb":{"@id":"https:\/\/www.sonoraenequipo.com.mx\/la-variante-delta-del-covid-19-ya-se-encuentra-en-tres-entidades-del-pais\/#breadcrumb"},"inLanguage":"es","potentialAction":[{"@type":"ReadAction","target":["https:\/\/www.sonoraenequipo.com.mx\/la-variante-delta-del-covid-19-ya-se-encuentra-en-tres-entidades-del-pais\/"]}]},{"@type":"ImageObject","inLanguage":"es","@id":"https:\/\/www.sonoraenequipo.com.mx\/la-variante-delta-del-covid-19-ya-se-encuentra-en-tres-entidades-del-pais\/#primaryimage","url":"https:\/\/www.sonoraenequipo.com.mx\/storage\/2021\/04\/casos-de-covid_opt.jpg","contentUrl":"https:\/\/www.sonoraenequipo.com.mx\/storage\/2021\/04\/casos-de-covid_opt.jpg","width":800,"height":450},{"@type":"BreadcrumbList","@id":"https:\/\/www.sonoraenequipo.com.mx\/la-variante-delta-del-covid-19-ya-se-encuentra-en-tres-entidades-del-pais\/#breadcrumb","itemListElement":[{"@type":"ListItem","position":1,"name":"Portada","item":"https:\/\/www.sonoraenequipo.com.mx\/"},{"@type":"ListItem","position":2,"name":"La variante Delta del covid-19 ya se encuentra en tres entidades del pa\u00eds"}]},{"@type":"WebSite","@id":"https:\/\/www.sonoraenequipo.com.mx\/#website","url":"https:\/\/www.sonoraenequipo.com.mx\/","name":"Sonora en Equipo.","description":"Diario en l\u00ednea con Noticias desde Hermosillo, Sonora","publisher":{"@id":"https:\/\/www.sonoraenequipo.com.mx\/#organization"},"potentialAction":[{"@type":"SearchAction","target":{"@type":"EntryPoint","urlTemplate":"https:\/\/www.sonoraenequipo.com.mx\/?s={search_term_string}"},"query-input":{"@type":"PropertyValueSpecification","valueRequired":true,"valueName":"search_term_string"}}],"inLanguage":"es"},{"@type":"Organization","@id":"https:\/\/www.sonoraenequipo.com.mx\/#organization","name":"Sonoraenequipo.com.mx","url":"https:\/\/www.sonoraenequipo.com.mx\/","logo":{"@type":"ImageObject","inLanguage":"es","@id":"https:\/\/www.sonoraenequipo.com.mx\/#\/schema\/logo\/image\/","url":"https:\/\/www.sonoraenequipo.com.mx\/storage\/2019\/01\/sonoraenequipo_opt.png","contentUrl":"https:\/\/www.sonoraenequipo.com.mx\/storage\/2019\/01\/sonoraenequipo_opt.png","width":375,"height":125,"caption":"Sonoraenequipo.com.mx"},"image":{"@id":"https:\/\/www.sonoraenequipo.com.mx\/#\/schema\/logo\/image\/"},"sameAs":["https:\/\/www.facebook.com\/SonoraEE\/","https:\/\/x.com\/sonoraenequipo","https:\/\/www.youtube.com\/channel\/UC338nW-lPEYmJQs4ZABQ1SQ"]},{"@type":"Person","@id":"https:\/\/www.sonoraenequipo.com.mx\/#\/schema\/person\/50102df0fb23a8fa9e8effad8fa81386","name":"enequipo","image":{"@type":"ImageObject","inLanguage":"es","@id":"https:\/\/www.sonoraenequipo.com.mx\/#\/schema\/person\/image\/","url":"https:\/\/secure.gravatar.com\/avatar\/049821681b589dabc0bc20695993ccebb09f5b5d4d790cd9251b97faac7c652b?s=96&d=blank&r=g","contentUrl":"https:\/\/secure.gravatar.com\/avatar\/049821681b589dabc0bc20695993ccebb09f5b5d4d790cd9251b97faac7c652b?s=96&d=blank&r=g","caption":"enequipo"},"sameAs":["https:\/\/www.facebook.com\/SonoraEE"]}]}},"jetpack_featured_media_url":"https:\/\/www.sonoraenequipo.com.mx\/storage\/2021\/04\/casos-de-covid_opt.jpg","_links":{"self":[{"href":"https:\/\/www.sonoraenequipo.com.mx\/api\/wp\/v2\/posts\/117557","targetHints":{"allow":["GET"]}}],"collection":[{"href":"https:\/\/www.sonoraenequipo.com.mx\/api\/wp\/v2\/posts"}],"about":[{"href":"https:\/\/www.sonoraenequipo.com.mx\/api\/wp\/v2\/types\/post"}],"author":[{"embeddable":true,"href":"https:\/\/www.sonoraenequipo.com.mx\/api\/wp\/v2\/users\/1"}],"replies":[{"embeddable":true,"href":"https:\/\/www.sonoraenequipo.com.mx\/api\/wp\/v2\/comments?post=117557"}],"version-history":[{"count":1,"href":"https:\/\/www.sonoraenequipo.com.mx\/api\/wp\/v2\/posts\/117557\/revisions"}],"predecessor-version":[{"id":117558,"href":"https:\/\/www.sonoraenequipo.com.mx\/api\/wp\/v2\/posts\/117557\/revisions\/117558"}],"wp:featuredmedia":[{"embeddable":true,"href":"https:\/\/www.sonoraenequipo.com.mx\/api\/wp\/v2\/media\/112474"}],"wp:attachment":[{"href":"https:\/\/www.sonoraenequipo.com.mx\/api\/wp\/v2\/media?parent=117557"}],"wp:term":[{"taxonomy":"category","embeddable":true,"href":"https:\/\/www.sonoraenequipo.com.mx\/api\/wp\/v2\/categories?post=117557"},{"taxonomy":"post_tag","embeddable":true,"href":"https:\/\/www.sonoraenequipo.com.mx\/api\/wp\/v2\/tags?post=117557"}],"curies":[{"name":"wp","href":"https:\/\/api.w.org\/{rel}","templated":true}]}}