{"id":117565,"date":"2021-06-30T23:55:09","date_gmt":"2021-07-01T06:55:09","guid":{"rendered":"https:\/\/www.sonoraenequipo.com.mx\/?p=117565"},"modified":"2021-07-01T13:43:45","modified_gmt":"2021-07-01T20:43:45","slug":"excandidata-de-va-por-mexico-encabeza-protestas-por-supuesto-desabasto-de-medicamentos-contra-el-cancer","status":"publish","type":"post","link":"https:\/\/www.sonoraenequipo.com.mx\/excandidata-de-va-por-mexico-encabeza-protestas-por-supuesto-desabasto-de-medicamentos-contra-el-cancer\/","title":{"rendered":"Excandidata de \u201cVa por M\u00e9xico\u201d encabeza protestas por supuesto desabasto de medicamentos contra el c\u00e1ncer"},"content":{"rendered":"<p>CIUDAD DE M\u00c9XICO.MX. \u2014 Lo que se supon\u00eda era una manifestaci\u00f3n de los padres con peque\u00f1os con c\u00e1ncer que denuncian una supuesta falta de medicamentos oncol\u00f3gicos, se convirti\u00f3 en una protesta pol\u00edtica para exigir la renuncia del Subsecretario de Prevenci\u00f3n y Promoci\u00f3n de la Salud, Hugo L\u00f3pez-Gatell.<\/p>\n<p>&nbsp;<\/p>\n<p> <\/p>\n<p>&nbsp;<\/p>\n<p>Pues, una de las l\u00edderes de los padres que protestaron por la supuesta falta de medicamentos, es la ex candidata de la alianza \u201cVa por M\u00e9xico\u201d (PRI, PAN y PRD) a una diputaci\u00f3n por el Distrito 29 en la Delegaci\u00f3n de Iztapalapa, Rosa Nelly de la Vega.<\/p>\n<p>&nbsp;<\/p>\n<p>A trav\u00e9s de su cuenta de Facebook subi\u00f3 im\u00e1genes en donde evidencia su participaci\u00f3n en el cierre de algunos accesos al Aeropuerto Internacional de la Ciudad de M\u00e9xico, y por lo que se aprecia en las im\u00e1genes difundidas, aparece como vocera del grupo de padres de familia inconformes.<\/p>\n<p>&nbsp;<\/p>\n<p>Lo que llama la atenci\u00f3n es que ella no es ni familiar de un menor con c\u00e1ncer, ni tampoco est\u00e1 enferma, sin embargo se coloc\u00f3 al frente del grupo de padres y ofrecer declaraciones a los medios de comunicaci\u00f3n que se encontraron en el lugar.<\/p>\n<p>&nbsp;<\/p>\n<p><a class=\"twitter-timeline\" data-width=\"640\" data-height=\"960\" data-dnt=\"true\" href=\"https:\/\/twitter.com\/SinLinea_Mx?ref_src=twsrc%5Etfw\">Tweets by SinLinea_Mx<\/a><script async src=\"https:\/\/platform.twitter.com\/widgets.js\" charset=\"utf-8\"><\/script><\/p>\n<p>Pero la participaci\u00f3n de una panista al frente de las protestas de los padres contra el c\u00e1ncer, no es cosa nueva.<\/p>\n<p>Tambi\u00e9n se ha se\u00f1alado que otro l\u00edder de los padres que denuncian la falta de medicamentos oncol\u00f3gicos, Israel Rivas Bastida, milita en el PAN desde 2006, y que incluso fue representante suplente del PAN en el distrito 05 en Chiapas en 2009.<\/p>\n<p>&nbsp;<\/p>\n<p>A pesar de que aseguran que las protestas de los padres con ni\u00f1os con c\u00e1ncer no es una campa\u00f1a medi\u00e1tica contra el gobierno de L\u00f3pez Obrador, entonces, \u00bfpor qu\u00e9 cierran el Aeropuerto de la Ciudad de M\u00e9xico por un desabasto que no existe?<\/p>\n<p>&nbsp;<\/p>\n<p>En entrevista los asistentes al bloqueo, ni siquiera eran afectados, es m\u00e1s hubo una que se manifest\u00f3 porque a su hijo nunca le faltaron los medicamentos para la leucemia. \u00bfDe qu\u00e9 se trata?<\/p>\n<p>&nbsp;<\/p>\n<p>Finalmente, las autoridades de salud demostraron a los inconformes que los f\u00e1rmacos oncol\u00f3gicos que supuestamente no hay, ya fueron entregado a los almacenes estatales. Mientras los medios alentaban las protestas.<\/p>\n<p>&nbsp;<\/p>\n<p>&nbsp;<\/p>\n<p>(Publicada el 30\/06\/2021)<\/p>\n","protected":false},"excerpt":{"rendered":"<p>CIUDAD DE M\u00c9XICO.MX. \u2014 Lo que se supon\u00eda era una manifestaci\u00f3n de los padres con&#8230;<\/p>\n","protected":false},"author":1,"featured_media":117566,"comment_status":"open","ping_status":"open","sticky":false,"template":"","format":"standard","meta":{"_monsterinsights_skip_tracking":false,"_monsterinsights_sitenote_active":false,"_monsterinsights_sitenote_note":"","_monsterinsights_sitenote_category":0,"footnotes":""},"categories":[1],"tags":[],"class_list":["post"],"yoast_head":" \n<title>Sonora en Equipo. Excandidata de \u201cVa por M\u00e9xico\u201d encabeza protestas por supuesto desabasto de medicamentos contra el c\u00e1ncer<\/title>\n<meta name=\"description\" content=\"CIUDAD DE M\u00c9XICO.MX. \u2014 Lo que se supon\u00eda era una manifestaci\u00f3n de los padres con peque\u00f1os con c\u00e1ncer que denuncian una supuesta falta de medicamentos En Sonora en Equipo publicamos toda la informaci\u00f3n de Sonora, M\u00e9xico y el Mundo de manera oportuna y busca que la libertad de expresi\u00f3n sea real. Visita nuestro medio informativo publicado desde Hermosillo, Sonora. %\" \/>\n<meta name=\"robots\" content=\"index, follow, max-snippet:-1, max-image-preview:large, max-video-preview:-1\" \/>\n<link rel=\"canonical\" href=\"https:\/\/www.sonoraenequipo.com.mx\/excandidata-de-va-por-mexico-encabeza-protestas-por-supuesto-desabasto-de-medicamentos-contra-el-cancer\/\" \/>\n<meta property=\"og:locale\" content=\"es_ES\" \/>\n<meta property=\"og:type\" content=\"article\" \/>\n<meta property=\"og:title\" content=\"Sonora en Equipo. Excandidata de \u201cVa por M\u00e9xico\u201d encabeza protestas por supuesto desabasto de medicamentos contra el c\u00e1ncer\" \/>\n<meta property=\"og:description\" content=\"CIUDAD DE M\u00c9XICO.MX. \u2014 Lo que se supon\u00eda era una manifestaci\u00f3n de los padres con peque\u00f1os con c\u00e1ncer que denuncian una supuesta falta de medicamentos En Sonora en Equipo publicamos toda la informaci\u00f3n de Sonora, M\u00e9xico y el Mundo de manera oportuna y busca que la libertad de expresi\u00f3n sea real. Visita nuestro medio informativo publicado desde Hermosillo, Sonora. %\" \/>\n<meta property=\"og:url\" content=\"https:\/\/www.sonoraenequipo.com.mx\/excandidata-de-va-por-mexico-encabeza-protestas-por-supuesto-desabasto-de-medicamentos-contra-el-cancer\/\" \/>\n<meta property=\"og:site_name\" content=\"Sonora en Equipo.\" \/>\n<meta property=\"article:publisher\" content=\"https:\/\/www.facebook.com\/SonoraEE\/\" \/>\n<meta property=\"article:author\" content=\"https:\/\/www.facebook.com\/SonoraEE\" \/>\n<meta property=\"article:published_time\" content=\"2021-07-01T06:55:09+00:00\" \/>\n<meta property=\"article:modified_time\" content=\"2021-07-01T20:43:45+00:00\" \/>\n<meta property=\"og:image\" content=\"https:\/\/www.sonoraenequipo.com.mx\/storage\/2021\/07\/cinismo_opt.jpg\" \/>\n\t<meta property=\"og:image:width\" content=\"700\" \/>\n\t<meta property=\"og:image:height\" content=\"400\" \/>\n\t<meta property=\"og:image:type\" content=\"image\/jpeg\" \/>\n<meta name=\"author\" content=\"enequipo\" \/>\n<meta name=\"twitter:card\" content=\"summary_large_image\" \/>\n<meta name=\"twitter:creator\" content=\"@sonoraenequipo\" \/>\n<meta name=\"twitter:site\" content=\"@sonoraenequipo\" \/>\n<meta name=\"twitter:label1\" content=\"Escrito por\" \/>\n\t<meta name=\"twitter:data1\" content=\"enequipo\" \/>\n\t<meta name=\"twitter:label2\" content=\"Tiempo de lectura\" \/>\n\t<meta name=\"twitter:data2\" content=\"2 minutos\" \/>\n<script type=\"application\/ld+json\" class=\"yoast-schema-graph\">{\"@context\":\"https:\/\/schema.org\",\"@graph\":[{\"@type\":\"Article\",\"@id\":\"https:\/\/www.sonoraenequipo.com.mx\/excandidata-de-va-por-mexico-encabeza-protestas-por-supuesto-desabasto-de-medicamentos-contra-el-cancer\/#article\",\"isPartOf\":{\"@id\":\"https:\/\/www.sonoraenequipo.com.mx\/excandidata-de-va-por-mexico-encabeza-protestas-por-supuesto-desabasto-de-medicamentos-contra-el-cancer\/\"},\"author\":{\"name\":\"enequipo\",\"@id\":\"https:\/\/www.sonoraenequipo.com.mx\/#\/schema\/person\/50102df0fb23a8fa9e8effad8fa81386\"},\"headline\":\"Excandidata de \u201cVa por M\u00e9xico\u201d encabeza protestas por supuesto desabasto de medicamentos contra el c\u00e1ncer\",\"datePublished\":\"2021-07-01T06:55:09+00:00\",\"dateModified\":\"2021-07-01T20:43:45+00:00\",\"mainEntityOfPage\":{\"@id\":\"https:\/\/www.sonoraenequipo.com.mx\/excandidata-de-va-por-mexico-encabeza-protestas-por-supuesto-desabasto-de-medicamentos-contra-el-cancer\/\"},\"wordCount\":423,\"commentCount\":0,\"publisher\":{\"@id\":\"https:\/\/www.sonoraenequipo.com.mx\/#organization\"},\"image\":{\"@id\":\"https:\/\/www.sonoraenequipo.com.mx\/excandidata-de-va-por-mexico-encabeza-protestas-por-supuesto-desabasto-de-medicamentos-contra-el-cancer\/#primaryimage\"},\"thumbnailUrl\":\"https:\/\/www.sonoraenequipo.com.mx\/storage\/2021\/07\/cinismo_opt.jpg\",\"articleSection\":[\"Sin categorizar\"],\"inLanguage\":\"es\",\"potentialAction\":[{\"@type\":\"CommentAction\",\"name\":\"Comment\",\"target\":[\"https:\/\/www.sonoraenequipo.com.mx\/excandidata-de-va-por-mexico-encabeza-protestas-por-supuesto-desabasto-de-medicamentos-contra-el-cancer\/#respond\"]}]},{\"@type\":\"WebPage\",\"@id\":\"https:\/\/www.sonoraenequipo.com.mx\/excandidata-de-va-por-mexico-encabeza-protestas-por-supuesto-desabasto-de-medicamentos-contra-el-cancer\/\",\"url\":\"https:\/\/www.sonoraenequipo.com.mx\/excandidata-de-va-por-mexico-encabeza-protestas-por-supuesto-desabasto-de-medicamentos-contra-el-cancer\/\",\"name\":\"Sonora en Equipo. Excandidata de \u201cVa por M\u00e9xico\u201d encabeza protestas por supuesto desabasto de medicamentos contra el c\u00e1ncer\",\"isPartOf\":{\"@id\":\"https:\/\/www.sonoraenequipo.com.mx\/#website\"},\"primaryImageOfPage\":{\"@id\":\"https:\/\/www.sonoraenequipo.com.mx\/excandidata-de-va-por-mexico-encabeza-protestas-por-supuesto-desabasto-de-medicamentos-contra-el-cancer\/#primaryimage\"},\"image\":{\"@id\":\"https:\/\/www.sonoraenequipo.com.mx\/excandidata-de-va-por-mexico-encabeza-protestas-por-supuesto-desabasto-de-medicamentos-contra-el-cancer\/#primaryimage\"},\"thumbnailUrl\":\"https:\/\/www.sonoraenequipo.com.mx\/storage\/2021\/07\/cinismo_opt.jpg\",\"datePublished\":\"2021-07-01T06:55:09+00:00\",\"dateModified\":\"2021-07-01T20:43:45+00:00\",\"description\":\"CIUDAD DE M\u00c9XICO.MX. \u2014 Lo que se supon\u00eda era una manifestaci\u00f3n de los padres con peque\u00f1os con c\u00e1ncer que denuncian una supuesta falta de medicamentos En Sonora en Equipo publicamos toda la informaci\u00f3n de Sonora, M\u00e9xico y el Mundo de manera oportuna y busca que la libertad de expresi\u00f3n sea real. Visita nuestro medio informativo publicado desde Hermosillo, Sonora. %\",\"breadcrumb\":{\"@id\":\"https:\/\/www.sonoraenequipo.com.mx\/excandidata-de-va-por-mexico-encabeza-protestas-por-supuesto-desabasto-de-medicamentos-contra-el-cancer\/#breadcrumb\"},\"inLanguage\":\"es\",\"potentialAction\":[{\"@type\":\"ReadAction\",\"target\":[\"https:\/\/www.sonoraenequipo.com.mx\/excandidata-de-va-por-mexico-encabeza-protestas-por-supuesto-desabasto-de-medicamentos-contra-el-cancer\/\"]}]},{\"@type\":\"ImageObject\",\"inLanguage\":\"es\",\"@id\":\"https:\/\/www.sonoraenequipo.com.mx\/excandidata-de-va-por-mexico-encabeza-protestas-por-supuesto-desabasto-de-medicamentos-contra-el-cancer\/#primaryimage\",\"url\":\"https:\/\/www.sonoraenequipo.com.mx\/storage\/2021\/07\/cinismo_opt.jpg\",\"contentUrl\":\"https:\/\/www.sonoraenequipo.com.mx\/storage\/2021\/07\/cinismo_opt.jpg\",\"width\":700,\"height\":400},{\"@type\":\"BreadcrumbList\",\"@id\":\"https:\/\/www.sonoraenequipo.com.mx\/excandidata-de-va-por-mexico-encabeza-protestas-por-supuesto-desabasto-de-medicamentos-contra-el-cancer\/#breadcrumb\",\"itemListElement\":[{\"@type\":\"ListItem\",\"position\":1,\"name\":\"Portada\",\"item\":\"https:\/\/www.sonoraenequipo.com.mx\/\"},{\"@type\":\"ListItem\",\"position\":2,\"name\":\"Excandidata de \u201cVa por M\u00e9xico\u201d encabeza protestas por supuesto desabasto de medicamentos contra el c\u00e1ncer\"}]},{\"@type\":\"WebSite\",\"@id\":\"https:\/\/www.sonoraenequipo.com.mx\/#website\",\"url\":\"https:\/\/www.sonoraenequipo.com.mx\/\",\"name\":\"Sonora en Equipo.\",\"description\":\"Diario en l\u00ednea con Noticias desde Hermosillo, Sonora\",\"publisher\":{\"@id\":\"https:\/\/www.sonoraenequipo.com.mx\/#organization\"},\"potentialAction\":[{\"@type\":\"SearchAction\",\"target\":{\"@type\":\"EntryPoint\",\"urlTemplate\":\"https:\/\/www.sonoraenequipo.com.mx\/?s={search_term_string}\"},\"query-input\":{\"@type\":\"PropertyValueSpecification\",\"valueRequired\":true,\"valueName\":\"search_term_string\"}}],\"inLanguage\":\"es\"},{\"@type\":\"Organization\",\"@id\":\"https:\/\/www.sonoraenequipo.com.mx\/#organization\",\"name\":\"Sonoraenequipo.com.mx\",\"url\":\"https:\/\/www.sonoraenequipo.com.mx\/\",\"logo\":{\"@type\":\"ImageObject\",\"inLanguage\":\"es\",\"@id\":\"https:\/\/www.sonoraenequipo.com.mx\/#\/schema\/logo\/image\/\",\"url\":\"https:\/\/www.sonoraenequipo.com.mx\/storage\/2019\/01\/sonoraenequipo_opt.png\",\"contentUrl\":\"https:\/\/www.sonoraenequipo.com.mx\/storage\/2019\/01\/sonoraenequipo_opt.png\",\"width\":375,\"height\":125,\"caption\":\"Sonoraenequipo.com.mx\"},\"image\":{\"@id\":\"https:\/\/www.sonoraenequipo.com.mx\/#\/schema\/logo\/image\/\"},\"sameAs\":[\"https:\/\/www.facebook.com\/SonoraEE\/\",\"https:\/\/x.com\/sonoraenequipo\",\"https:\/\/www.youtube.com\/channel\/UC338nW-lPEYmJQs4ZABQ1SQ\"]},{\"@type\":\"Person\",\"@id\":\"https:\/\/www.sonoraenequipo.com.mx\/#\/schema\/person\/50102df0fb23a8fa9e8effad8fa81386\",\"name\":\"enequipo\",\"image\":{\"@type\":\"ImageObject\",\"inLanguage\":\"es\",\"@id\":\"https:\/\/www.sonoraenequipo.com.mx\/#\/schema\/person\/image\/\",\"url\":\"https:\/\/secure.gravatar.com\/avatar\/049821681b589dabc0bc20695993ccebb09f5b5d4d790cd9251b97faac7c652b?s=96&d=blank&r=g\",\"contentUrl\":\"https:\/\/secure.gravatar.com\/avatar\/049821681b589dabc0bc20695993ccebb09f5b5d4d790cd9251b97faac7c652b?s=96&d=blank&r=g\",\"caption\":\"enequipo\"},\"sameAs\":[\"https:\/\/www.facebook.com\/SonoraEE\"]}]}<\/script>\n ","yoast_head_json":{"title":"Sonora en Equipo. Excandidata de \u201cVa por M\u00e9xico\u201d encabeza protestas por supuesto desabasto de medicamentos contra el c\u00e1ncer","description":"CIUDAD DE M\u00c9XICO.MX. \u2014 Lo que se supon\u00eda era una manifestaci\u00f3n de los padres con peque\u00f1os con c\u00e1ncer que denuncian una supuesta falta de medicamentos En Sonora en Equipo publicamos toda la informaci\u00f3n de Sonora, M\u00e9xico y el Mundo de manera oportuna y busca que la libertad de expresi\u00f3n sea real. Visita nuestro medio informativo publicado desde Hermosillo, Sonora. %","robots":{"index":"index","follow":"follow","max-snippet":"max-snippet:-1","max-image-preview":"max-image-preview:large","max-video-preview":"max-video-preview:-1"},"canonical":"https:\/\/www.sonoraenequipo.com.mx\/excandidata-de-va-por-mexico-encabeza-protestas-por-supuesto-desabasto-de-medicamentos-contra-el-cancer\/","og_locale":"es_ES","og_type":"article","og_title":"Sonora en Equipo. Excandidata de \u201cVa por M\u00e9xico\u201d encabeza protestas por supuesto desabasto de medicamentos contra el c\u00e1ncer","og_description":"CIUDAD DE M\u00c9XICO.MX. \u2014 Lo que se supon\u00eda era una manifestaci\u00f3n de los padres con peque\u00f1os con c\u00e1ncer que denuncian una supuesta falta de medicamentos En Sonora en Equipo publicamos toda la informaci\u00f3n de Sonora, M\u00e9xico y el Mundo de manera oportuna y busca que la libertad de expresi\u00f3n sea real. Visita nuestro medio informativo publicado desde Hermosillo, Sonora. %","og_url":"https:\/\/www.sonoraenequipo.com.mx\/excandidata-de-va-por-mexico-encabeza-protestas-por-supuesto-desabasto-de-medicamentos-contra-el-cancer\/","og_site_name":"Sonora en Equipo.","article_publisher":"https:\/\/www.facebook.com\/SonoraEE\/","article_author":"https:\/\/www.facebook.com\/SonoraEE","article_published_time":"2021-07-01T06:55:09+00:00","article_modified_time":"2021-07-01T20:43:45+00:00","og_image":[{"width":700,"height":400,"url":"https:\/\/www.sonoraenequipo.com.mx\/storage\/2021\/07\/cinismo_opt.jpg","type":"image\/jpeg"}],"author":"enequipo","twitter_card":"summary_large_image","twitter_creator":"@sonoraenequipo","twitter_site":"@sonoraenequipo","twitter_misc":{"Escrito por":"enequipo","Tiempo de lectura":"2 minutos"},"schema":{"@context":"https:\/\/schema.org","@graph":[{"@type":"Article","@id":"https:\/\/www.sonoraenequipo.com.mx\/excandidata-de-va-por-mexico-encabeza-protestas-por-supuesto-desabasto-de-medicamentos-contra-el-cancer\/#article","isPartOf":{"@id":"https:\/\/www.sonoraenequipo.com.mx\/excandidata-de-va-por-mexico-encabeza-protestas-por-supuesto-desabasto-de-medicamentos-contra-el-cancer\/"},"author":{"name":"enequipo","@id":"https:\/\/www.sonoraenequipo.com.mx\/#\/schema\/person\/50102df0fb23a8fa9e8effad8fa81386"},"headline":"Excandidata de \u201cVa por M\u00e9xico\u201d encabeza protestas por supuesto desabasto de medicamentos contra el c\u00e1ncer","datePublished":"2021-07-01T06:55:09+00:00","dateModified":"2021-07-01T20:43:45+00:00","mainEntityOfPage":{"@id":"https:\/\/www.sonoraenequipo.com.mx\/excandidata-de-va-por-mexico-encabeza-protestas-por-supuesto-desabasto-de-medicamentos-contra-el-cancer\/"},"wordCount":423,"commentCount":0,"publisher":{"@id":"https:\/\/www.sonoraenequipo.com.mx\/#organization"},"image":{"@id":"https:\/\/www.sonoraenequipo.com.mx\/excandidata-de-va-por-mexico-encabeza-protestas-por-supuesto-desabasto-de-medicamentos-contra-el-cancer\/#primaryimage"},"thumbnailUrl":"https:\/\/www.sonoraenequipo.com.mx\/storage\/2021\/07\/cinismo_opt.jpg","articleSection":["Sin categorizar"],"inLanguage":"es","potentialAction":[{"@type":"CommentAction","name":"Comment","target":["https:\/\/www.sonoraenequipo.com.mx\/excandidata-de-va-por-mexico-encabeza-protestas-por-supuesto-desabasto-de-medicamentos-contra-el-cancer\/#respond"]}]},{"@type":"WebPage","@id":"https:\/\/www.sonoraenequipo.com.mx\/excandidata-de-va-por-mexico-encabeza-protestas-por-supuesto-desabasto-de-medicamentos-contra-el-cancer\/","url":"https:\/\/www.sonoraenequipo.com.mx\/excandidata-de-va-por-mexico-encabeza-protestas-por-supuesto-desabasto-de-medicamentos-contra-el-cancer\/","name":"Sonora en Equipo. Excandidata de \u201cVa por M\u00e9xico\u201d encabeza protestas por supuesto desabasto de medicamentos contra el c\u00e1ncer","isPartOf":{"@id":"https:\/\/www.sonoraenequipo.com.mx\/#website"},"primaryImageOfPage":{"@id":"https:\/\/www.sonoraenequipo.com.mx\/excandidata-de-va-por-mexico-encabeza-protestas-por-supuesto-desabasto-de-medicamentos-contra-el-cancer\/#primaryimage"},"image":{"@id":"https:\/\/www.sonoraenequipo.com.mx\/excandidata-de-va-por-mexico-encabeza-protestas-por-supuesto-desabasto-de-medicamentos-contra-el-cancer\/#primaryimage"},"thumbnailUrl":"https:\/\/www.sonoraenequipo.com.mx\/storage\/2021\/07\/cinismo_opt.jpg","datePublished":"2021-07-01T06:55:09+00:00","dateModified":"2021-07-01T20:43:45+00:00","description":"CIUDAD DE M\u00c9XICO.MX. \u2014 Lo que se supon\u00eda era una manifestaci\u00f3n de los padres con peque\u00f1os con c\u00e1ncer que denuncian una supuesta falta de medicamentos En Sonora en Equipo publicamos toda la informaci\u00f3n de Sonora, M\u00e9xico y el Mundo de manera oportuna y busca que la libertad de expresi\u00f3n sea real. Visita nuestro medio informativo publicado desde Hermosillo, Sonora. %","breadcrumb":{"@id":"https:\/\/www.sonoraenequipo.com.mx\/excandidata-de-va-por-mexico-encabeza-protestas-por-supuesto-desabasto-de-medicamentos-contra-el-cancer\/#breadcrumb"},"inLanguage":"es","potentialAction":[{"@type":"ReadAction","target":["https:\/\/www.sonoraenequipo.com.mx\/excandidata-de-va-por-mexico-encabeza-protestas-por-supuesto-desabasto-de-medicamentos-contra-el-cancer\/"]}]},{"@type":"ImageObject","inLanguage":"es","@id":"https:\/\/www.sonoraenequipo.com.mx\/excandidata-de-va-por-mexico-encabeza-protestas-por-supuesto-desabasto-de-medicamentos-contra-el-cancer\/#primaryimage","url":"https:\/\/www.sonoraenequipo.com.mx\/storage\/2021\/07\/cinismo_opt.jpg","contentUrl":"https:\/\/www.sonoraenequipo.com.mx\/storage\/2021\/07\/cinismo_opt.jpg","width":700,"height":400},{"@type":"BreadcrumbList","@id":"https:\/\/www.sonoraenequipo.com.mx\/excandidata-de-va-por-mexico-encabeza-protestas-por-supuesto-desabasto-de-medicamentos-contra-el-cancer\/#breadcrumb","itemListElement":[{"@type":"ListItem","position":1,"name":"Portada","item":"https:\/\/www.sonoraenequipo.com.mx\/"},{"@type":"ListItem","position":2,"name":"Excandidata de \u201cVa por M\u00e9xico\u201d encabeza protestas por supuesto desabasto de medicamentos contra el c\u00e1ncer"}]},{"@type":"WebSite","@id":"https:\/\/www.sonoraenequipo.com.mx\/#website","url":"https:\/\/www.sonoraenequipo.com.mx\/","name":"Sonora en Equipo.","description":"Diario en l\u00ednea con Noticias desde Hermosillo, Sonora","publisher":{"@id":"https:\/\/www.sonoraenequipo.com.mx\/#organization"},"potentialAction":[{"@type":"SearchAction","target":{"@type":"EntryPoint","urlTemplate":"https:\/\/www.sonoraenequipo.com.mx\/?s={search_term_string}"},"query-input":{"@type":"PropertyValueSpecification","valueRequired":true,"valueName":"search_term_string"}}],"inLanguage":"es"},{"@type":"Organization","@id":"https:\/\/www.sonoraenequipo.com.mx\/#organization","name":"Sonoraenequipo.com.mx","url":"https:\/\/www.sonoraenequipo.com.mx\/","logo":{"@type":"ImageObject","inLanguage":"es","@id":"https:\/\/www.sonoraenequipo.com.mx\/#\/schema\/logo\/image\/","url":"https:\/\/www.sonoraenequipo.com.mx\/storage\/2019\/01\/sonoraenequipo_opt.png","contentUrl":"https:\/\/www.sonoraenequipo.com.mx\/storage\/2019\/01\/sonoraenequipo_opt.png","width":375,"height":125,"caption":"Sonoraenequipo.com.mx"},"image":{"@id":"https:\/\/www.sonoraenequipo.com.mx\/#\/schema\/logo\/image\/"},"sameAs":["https:\/\/www.facebook.com\/SonoraEE\/","https:\/\/x.com\/sonoraenequipo","https:\/\/www.youtube.com\/channel\/UC338nW-lPEYmJQs4ZABQ1SQ"]},{"@type":"Person","@id":"https:\/\/www.sonoraenequipo.com.mx\/#\/schema\/person\/50102df0fb23a8fa9e8effad8fa81386","name":"enequipo","image":{"@type":"ImageObject","inLanguage":"es","@id":"https:\/\/www.sonoraenequipo.com.mx\/#\/schema\/person\/image\/","url":"https:\/\/secure.gravatar.com\/avatar\/049821681b589dabc0bc20695993ccebb09f5b5d4d790cd9251b97faac7c652b?s=96&d=blank&r=g","contentUrl":"https:\/\/secure.gravatar.com\/avatar\/049821681b589dabc0bc20695993ccebb09f5b5d4d790cd9251b97faac7c652b?s=96&d=blank&r=g","caption":"enequipo"},"sameAs":["https:\/\/www.facebook.com\/SonoraEE"]}]}},"jetpack_featured_media_url":"https:\/\/www.sonoraenequipo.com.mx\/storage\/2021\/07\/cinismo_opt.jpg","_links":{"self":[{"href":"https:\/\/www.sonoraenequipo.com.mx\/api\/wp\/v2\/posts\/117565","targetHints":{"allow":["GET"]}}],"collection":[{"href":"https:\/\/www.sonoraenequipo.com.mx\/api\/wp\/v2\/posts"}],"about":[{"href":"https:\/\/www.sonoraenequipo.com.mx\/api\/wp\/v2\/types\/post"}],"author":[{"embeddable":true,"href":"https:\/\/www.sonoraenequipo.com.mx\/api\/wp\/v2\/users\/1"}],"replies":[{"embeddable":true,"href":"https:\/\/www.sonoraenequipo.com.mx\/api\/wp\/v2\/comments?post=117565"}],"version-history":[{"count":1,"href":"https:\/\/www.sonoraenequipo.com.mx\/api\/wp\/v2\/posts\/117565\/revisions"}],"predecessor-version":[{"id":117567,"href":"https:\/\/www.sonoraenequipo.com.mx\/api\/wp\/v2\/posts\/117565\/revisions\/117567"}],"wp:featuredmedia":[{"embeddable":true,"href":"https:\/\/www.sonoraenequipo.com.mx\/api\/wp\/v2\/media\/117566"}],"wp:attachment":[{"href":"https:\/\/www.sonoraenequipo.com.mx\/api\/wp\/v2\/media?parent=117565"}],"wp:term":[{"taxonomy":"category","embeddable":true,"href":"https:\/\/www.sonoraenequipo.com.mx\/api\/wp\/v2\/categories?post=117565"},{"taxonomy":"post_tag","embeddable":true,"href":"https:\/\/www.sonoraenequipo.com.mx\/api\/wp\/v2\/tags?post=117565"}],"curies":[{"name":"wp","href":"https:\/\/api.w.org\/{rel}","templated":true}]}}