{"id":117572,"date":"2021-07-01T12:28:39","date_gmt":"2021-07-01T19:28:39","guid":{"rendered":"https:\/\/www.sonoraenequipo.com.mx\/?p=117572"},"modified":"2021-07-01T14:58:50","modified_gmt":"2021-07-01T21:58:50","slug":"un-87-4-de-ciudadanos-esta-de-acuerdo-con-el-cambio-segun-encuesta-amlo","status":"publish","type":"post","link":"https:\/\/www.sonoraenequipo.com.mx\/un-87-4-de-ciudadanos-esta-de-acuerdo-con-el-cambio-segun-encuesta-amlo\/","title":{"rendered":"Un 87.4% de ciudadanos est\u00e1 de acuerdo con el cambio, seg\u00fan encuesta: AMLO"},"content":{"rendered":"<p>CIUDAD DE M\u00c9XICO. MX. \u2014 En su informe de gobierno y a tres a\u00f1os del triunfo electoral, el presidente Andr\u00e9s Manuel L\u00f3pez Obrador asegur\u00f3 que su gobierno est\u00e1 bien calificado y, si hoy fuera la consulta de revocaci\u00f3n, 72.4 por ciento de los ciudadanos estar\u00eda a favor de que continuara su mandato hasta 2024.<\/p>\n<p>&nbsp;<\/p>\n<p> <\/p>\n<p>&nbsp;<\/p>\n<p>Dijo adem\u00e1s, que una encuesta realizada v\u00eda telef\u00f3nica, mostr\u00f3 que un 87.4 por ciento est\u00e1 de acuerdo con el cambio en su administraci\u00f3n; y la calificaci\u00f3n que le dan los ciudadanos es 6.7 por ciento, en promedio, acorde con una encuesta telef\u00f3nica levantada por su equipo hace tres d\u00edas.<\/p>\n<p>&nbsp;<\/p>\n<p>Se\u00f1al\u00f3 que considera que no ha defraudado la esperanza de quienes votaron por \u00e9l.<\/p>\n<p>&nbsp;<\/p>\n<p><em>\u201cA\u00fan recuerdo cuando el 1 de diciembre de 2018, en el camino a la C\u00e1mara de Diputados para tomar posesi\u00f3n de la Presidencia de la Rep\u00fablica, se nos acerc\u00f3 al autom\u00f3vil un joven en bicicleta y me grit\u00f3: \u2018\u00a1No nos vayas a fallar!\u2019.<\/em><\/p>\n<p>}<br \/>\n<em>\u201cCreo, pasado el tiempo, no haber defraudado la esperanza de ese joven ni de quienes votaron por mi hace tres a\u00f1os. Posiblemente haya quienes imaginaron que ser\u00eda de otra forma o que ha llegado a la conclusi\u00f3n, en ejercicio de su libertad, y de su criterio, que no comparten mis ideas y no les gusta mi estilo de gobierno, mi estilo de gobernar.<\/em><\/p>\n<p>&nbsp;<\/p>\n<p><em>\u201cPero nadie, en honor a la verdad podr\u00eda decir que no he cumplido con mi compromiso de desterrar la corrupci\u00f3n y destinar mi imaginaci\u00f3n, experiencia y trabajo en beneficio del pueblo y de la naci\u00f3n\u201d,<\/em> dijo.<\/p>\n<p>&nbsp;<\/p>\n<p>&nbsp;<\/p>\n<p><em>\u201cLos logros est\u00e1n a la vista\u201d,<\/em> subray\u00f3 frente a integrantes del gabinete legal y ampliado reunidos en Palacio Nacional.<\/p>\n<p>&nbsp;<\/p>\n<p>&nbsp;<\/p>\n<p>El Presidente L\u00f3pez Obrador dijo en su informe, que a pesar de la pandemia y del sufrimiento que acarre\u00f3, la gente no ha perdido la fe en un mejor porvenir; existen libertades plenas y poco a poco vamos pacificando al pa\u00eds sin violar derechos humanos y sin reprimir al pueblo.<\/p>\n<p>&nbsp;<\/p>\n<p>Me alegra, dijo, que as\u00ed lo entiendan la mayor\u00eda de los mexicanos.<\/p>\n<p>&nbsp;<\/p>\n<p>&nbsp;<\/p>\n<p>(Publicada el 01\/07\/2021)<\/p>\n","protected":false},"excerpt":{"rendered":"<p>CIUDAD DE M\u00c9XICO. MX. \u2014 En su informe de gobierno y a tres a\u00f1os del&#8230;<\/p>\n","protected":false},"author":1,"featured_media":117573,"comment_status":"open","ping_status":"open","sticky":false,"template":"","format":"standard","meta":{"_monsterinsights_skip_tracking":false,"_monsterinsights_sitenote_active":false,"_monsterinsights_sitenote_note":"","_monsterinsights_sitenote_category":0,"footnotes":""},"categories":[5],"tags":[],"class_list":["post"],"yoast_head":" \n<title>Sonora en Equipo. Un 87.4% de ciudadanos est\u00e1 de acuerdo con el cambio, seg\u00fan encuesta: AMLO Rep\u00fablica<\/title>\n<meta name=\"description\" content=\"CIUDAD DE M\u00c9XICO. MX. \u2014 En su informe de gobierno y a tres a\u00f1os del triunfo electoral, el presidente Andr\u00e9s Manuel L\u00f3pez Obrador asegur\u00f3 que su gobierno En Sonora en Equipo publicamos toda la informaci\u00f3n de Sonora, M\u00e9xico y el Mundo de manera oportuna y busca que la libertad de expresi\u00f3n sea real. Visita nuestro medio informativo publicado desde Hermosillo, Sonora. %\" \/>\n<meta name=\"robots\" content=\"index, follow, max-snippet:-1, max-image-preview:large, max-video-preview:-1\" \/>\n<link rel=\"canonical\" href=\"https:\/\/www.sonoraenequipo.com.mx\/un-87-4-de-ciudadanos-esta-de-acuerdo-con-el-cambio-segun-encuesta-amlo\/\" \/>\n<meta property=\"og:locale\" content=\"es_ES\" \/>\n<meta property=\"og:type\" content=\"article\" \/>\n<meta property=\"og:title\" content=\"Sonora en Equipo. Un 87.4% de ciudadanos est\u00e1 de acuerdo con el cambio, seg\u00fan encuesta: AMLO Rep\u00fablica\" \/>\n<meta property=\"og:description\" content=\"CIUDAD DE M\u00c9XICO. MX. \u2014 En su informe de gobierno y a tres a\u00f1os del triunfo electoral, el presidente Andr\u00e9s Manuel L\u00f3pez Obrador asegur\u00f3 que su gobierno En Sonora en Equipo publicamos toda la informaci\u00f3n de Sonora, M\u00e9xico y el Mundo de manera oportuna y busca que la libertad de expresi\u00f3n sea real. Visita nuestro medio informativo publicado desde Hermosillo, Sonora. %\" \/>\n<meta property=\"og:url\" content=\"https:\/\/www.sonoraenequipo.com.mx\/un-87-4-de-ciudadanos-esta-de-acuerdo-con-el-cambio-segun-encuesta-amlo\/\" \/>\n<meta property=\"og:site_name\" content=\"Sonora en Equipo.\" \/>\n<meta property=\"article:publisher\" content=\"https:\/\/www.facebook.com\/SonoraEE\/\" \/>\n<meta property=\"article:author\" content=\"https:\/\/www.facebook.com\/SonoraEE\" \/>\n<meta property=\"article:published_time\" content=\"2021-07-01T19:28:39+00:00\" \/>\n<meta property=\"article:modified_time\" content=\"2021-07-01T21:58:50+00:00\" \/>\n<meta property=\"og:image\" content=\"https:\/\/www.sonoraenequipo.com.mx\/storage\/2021\/07\/01JUL21-Presidente-AMLO_opt.jpg\" \/>\n\t<meta property=\"og:image:width\" content=\"700\" \/>\n\t<meta property=\"og:image:height\" content=\"400\" \/>\n\t<meta property=\"og:image:type\" content=\"image\/jpeg\" \/>\n<meta name=\"author\" content=\"enequipo\" \/>\n<meta name=\"twitter:card\" content=\"summary_large_image\" \/>\n<meta name=\"twitter:creator\" content=\"@sonoraenequipo\" \/>\n<meta name=\"twitter:site\" content=\"@sonoraenequipo\" \/>\n<meta name=\"twitter:label1\" content=\"Escrito por\" \/>\n\t<meta name=\"twitter:data1\" content=\"enequipo\" \/>\n\t<meta name=\"twitter:label2\" content=\"Tiempo de lectura\" \/>\n\t<meta name=\"twitter:data2\" content=\"2 minutos\" \/>\n<script type=\"application\/ld+json\" class=\"yoast-schema-graph\">{\"@context\":\"https:\/\/schema.org\",\"@graph\":[{\"@type\":\"Article\",\"@id\":\"https:\/\/www.sonoraenequipo.com.mx\/un-87-4-de-ciudadanos-esta-de-acuerdo-con-el-cambio-segun-encuesta-amlo\/#article\",\"isPartOf\":{\"@id\":\"https:\/\/www.sonoraenequipo.com.mx\/un-87-4-de-ciudadanos-esta-de-acuerdo-con-el-cambio-segun-encuesta-amlo\/\"},\"author\":{\"name\":\"enequipo\",\"@id\":\"https:\/\/www.sonoraenequipo.com.mx\/#\/schema\/person\/50102df0fb23a8fa9e8effad8fa81386\"},\"headline\":\"Un 87.4% de ciudadanos est\u00e1 de acuerdo con el cambio, seg\u00fan encuesta: AMLO\",\"datePublished\":\"2021-07-01T19:28:39+00:00\",\"dateModified\":\"2021-07-01T21:58:50+00:00\",\"mainEntityOfPage\":{\"@id\":\"https:\/\/www.sonoraenequipo.com.mx\/un-87-4-de-ciudadanos-esta-de-acuerdo-con-el-cambio-segun-encuesta-amlo\/\"},\"wordCount\":390,\"commentCount\":0,\"publisher\":{\"@id\":\"https:\/\/www.sonoraenequipo.com.mx\/#organization\"},\"image\":{\"@id\":\"https:\/\/www.sonoraenequipo.com.mx\/un-87-4-de-ciudadanos-esta-de-acuerdo-con-el-cambio-segun-encuesta-amlo\/#primaryimage\"},\"thumbnailUrl\":\"https:\/\/www.sonoraenequipo.com.mx\/storage\/2021\/07\/01JUL21-Presidente-AMLO_opt.jpg\",\"articleSection\":[\"Rep\u00fablica\"],\"inLanguage\":\"es\",\"potentialAction\":[{\"@type\":\"CommentAction\",\"name\":\"Comment\",\"target\":[\"https:\/\/www.sonoraenequipo.com.mx\/un-87-4-de-ciudadanos-esta-de-acuerdo-con-el-cambio-segun-encuesta-amlo\/#respond\"]}]},{\"@type\":\"WebPage\",\"@id\":\"https:\/\/www.sonoraenequipo.com.mx\/un-87-4-de-ciudadanos-esta-de-acuerdo-con-el-cambio-segun-encuesta-amlo\/\",\"url\":\"https:\/\/www.sonoraenequipo.com.mx\/un-87-4-de-ciudadanos-esta-de-acuerdo-con-el-cambio-segun-encuesta-amlo\/\",\"name\":\"Sonora en Equipo. Un 87.4% de ciudadanos est\u00e1 de acuerdo con el cambio, seg\u00fan encuesta: AMLO Rep\u00fablica\",\"isPartOf\":{\"@id\":\"https:\/\/www.sonoraenequipo.com.mx\/#website\"},\"primaryImageOfPage\":{\"@id\":\"https:\/\/www.sonoraenequipo.com.mx\/un-87-4-de-ciudadanos-esta-de-acuerdo-con-el-cambio-segun-encuesta-amlo\/#primaryimage\"},\"image\":{\"@id\":\"https:\/\/www.sonoraenequipo.com.mx\/un-87-4-de-ciudadanos-esta-de-acuerdo-con-el-cambio-segun-encuesta-amlo\/#primaryimage\"},\"thumbnailUrl\":\"https:\/\/www.sonoraenequipo.com.mx\/storage\/2021\/07\/01JUL21-Presidente-AMLO_opt.jpg\",\"datePublished\":\"2021-07-01T19:28:39+00:00\",\"dateModified\":\"2021-07-01T21:58:50+00:00\",\"description\":\"CIUDAD DE M\u00c9XICO. MX. \u2014 En su informe de gobierno y a tres a\u00f1os del triunfo electoral, el presidente Andr\u00e9s Manuel L\u00f3pez Obrador asegur\u00f3 que su gobierno En Sonora en Equipo publicamos toda la informaci\u00f3n de Sonora, M\u00e9xico y el Mundo de manera oportuna y busca que la libertad de expresi\u00f3n sea real. Visita nuestro medio informativo publicado desde Hermosillo, Sonora. %\",\"breadcrumb\":{\"@id\":\"https:\/\/www.sonoraenequipo.com.mx\/un-87-4-de-ciudadanos-esta-de-acuerdo-con-el-cambio-segun-encuesta-amlo\/#breadcrumb\"},\"inLanguage\":\"es\",\"potentialAction\":[{\"@type\":\"ReadAction\",\"target\":[\"https:\/\/www.sonoraenequipo.com.mx\/un-87-4-de-ciudadanos-esta-de-acuerdo-con-el-cambio-segun-encuesta-amlo\/\"]}]},{\"@type\":\"ImageObject\",\"inLanguage\":\"es\",\"@id\":\"https:\/\/www.sonoraenequipo.com.mx\/un-87-4-de-ciudadanos-esta-de-acuerdo-con-el-cambio-segun-encuesta-amlo\/#primaryimage\",\"url\":\"https:\/\/www.sonoraenequipo.com.mx\/storage\/2021\/07\/01JUL21-Presidente-AMLO_opt.jpg\",\"contentUrl\":\"https:\/\/www.sonoraenequipo.com.mx\/storage\/2021\/07\/01JUL21-Presidente-AMLO_opt.jpg\",\"width\":700,\"height\":400},{\"@type\":\"BreadcrumbList\",\"@id\":\"https:\/\/www.sonoraenequipo.com.mx\/un-87-4-de-ciudadanos-esta-de-acuerdo-con-el-cambio-segun-encuesta-amlo\/#breadcrumb\",\"itemListElement\":[{\"@type\":\"ListItem\",\"position\":1,\"name\":\"Portada\",\"item\":\"https:\/\/www.sonoraenequipo.com.mx\/\"},{\"@type\":\"ListItem\",\"position\":2,\"name\":\"Un 87.4% de ciudadanos est\u00e1 de acuerdo con el cambio, seg\u00fan encuesta: AMLO\"}]},{\"@type\":\"WebSite\",\"@id\":\"https:\/\/www.sonoraenequipo.com.mx\/#website\",\"url\":\"https:\/\/www.sonoraenequipo.com.mx\/\",\"name\":\"Sonora en Equipo.\",\"description\":\"Diario en l\u00ednea con Noticias desde Hermosillo, Sonora\",\"publisher\":{\"@id\":\"https:\/\/www.sonoraenequipo.com.mx\/#organization\"},\"potentialAction\":[{\"@type\":\"SearchAction\",\"target\":{\"@type\":\"EntryPoint\",\"urlTemplate\":\"https:\/\/www.sonoraenequipo.com.mx\/?s={search_term_string}\"},\"query-input\":{\"@type\":\"PropertyValueSpecification\",\"valueRequired\":true,\"valueName\":\"search_term_string\"}}],\"inLanguage\":\"es\"},{\"@type\":\"Organization\",\"@id\":\"https:\/\/www.sonoraenequipo.com.mx\/#organization\",\"name\":\"Sonoraenequipo.com.mx\",\"url\":\"https:\/\/www.sonoraenequipo.com.mx\/\",\"logo\":{\"@type\":\"ImageObject\",\"inLanguage\":\"es\",\"@id\":\"https:\/\/www.sonoraenequipo.com.mx\/#\/schema\/logo\/image\/\",\"url\":\"https:\/\/www.sonoraenequipo.com.mx\/storage\/2019\/01\/sonoraenequipo_opt.png\",\"contentUrl\":\"https:\/\/www.sonoraenequipo.com.mx\/storage\/2019\/01\/sonoraenequipo_opt.png\",\"width\":375,\"height\":125,\"caption\":\"Sonoraenequipo.com.mx\"},\"image\":{\"@id\":\"https:\/\/www.sonoraenequipo.com.mx\/#\/schema\/logo\/image\/\"},\"sameAs\":[\"https:\/\/www.facebook.com\/SonoraEE\/\",\"https:\/\/x.com\/sonoraenequipo\",\"https:\/\/www.youtube.com\/channel\/UC338nW-lPEYmJQs4ZABQ1SQ\"]},{\"@type\":\"Person\",\"@id\":\"https:\/\/www.sonoraenequipo.com.mx\/#\/schema\/person\/50102df0fb23a8fa9e8effad8fa81386\",\"name\":\"enequipo\",\"image\":{\"@type\":\"ImageObject\",\"inLanguage\":\"es\",\"@id\":\"https:\/\/www.sonoraenequipo.com.mx\/#\/schema\/person\/image\/\",\"url\":\"https:\/\/secure.gravatar.com\/avatar\/049821681b589dabc0bc20695993ccebb09f5b5d4d790cd9251b97faac7c652b?s=96&d=blank&r=g\",\"contentUrl\":\"https:\/\/secure.gravatar.com\/avatar\/049821681b589dabc0bc20695993ccebb09f5b5d4d790cd9251b97faac7c652b?s=96&d=blank&r=g\",\"caption\":\"enequipo\"},\"sameAs\":[\"https:\/\/www.facebook.com\/SonoraEE\"]}]}<\/script>\n ","yoast_head_json":{"title":"Sonora en Equipo. Un 87.4% de ciudadanos est\u00e1 de acuerdo con el cambio, seg\u00fan encuesta: AMLO Rep\u00fablica","description":"CIUDAD DE M\u00c9XICO. MX. \u2014 En su informe de gobierno y a tres a\u00f1os del triunfo electoral, el presidente Andr\u00e9s Manuel L\u00f3pez Obrador asegur\u00f3 que su gobierno En Sonora en Equipo publicamos toda la informaci\u00f3n de Sonora, M\u00e9xico y el Mundo de manera oportuna y busca que la libertad de expresi\u00f3n sea real. Visita nuestro medio informativo publicado desde Hermosillo, Sonora. %","robots":{"index":"index","follow":"follow","max-snippet":"max-snippet:-1","max-image-preview":"max-image-preview:large","max-video-preview":"max-video-preview:-1"},"canonical":"https:\/\/www.sonoraenequipo.com.mx\/un-87-4-de-ciudadanos-esta-de-acuerdo-con-el-cambio-segun-encuesta-amlo\/","og_locale":"es_ES","og_type":"article","og_title":"Sonora en Equipo. Un 87.4% de ciudadanos est\u00e1 de acuerdo con el cambio, seg\u00fan encuesta: AMLO Rep\u00fablica","og_description":"CIUDAD DE M\u00c9XICO. MX. \u2014 En su informe de gobierno y a tres a\u00f1os del triunfo electoral, el presidente Andr\u00e9s Manuel L\u00f3pez Obrador asegur\u00f3 que su gobierno En Sonora en Equipo publicamos toda la informaci\u00f3n de Sonora, M\u00e9xico y el Mundo de manera oportuna y busca que la libertad de expresi\u00f3n sea real. Visita nuestro medio informativo publicado desde Hermosillo, Sonora. %","og_url":"https:\/\/www.sonoraenequipo.com.mx\/un-87-4-de-ciudadanos-esta-de-acuerdo-con-el-cambio-segun-encuesta-amlo\/","og_site_name":"Sonora en Equipo.","article_publisher":"https:\/\/www.facebook.com\/SonoraEE\/","article_author":"https:\/\/www.facebook.com\/SonoraEE","article_published_time":"2021-07-01T19:28:39+00:00","article_modified_time":"2021-07-01T21:58:50+00:00","og_image":[{"width":700,"height":400,"url":"https:\/\/www.sonoraenequipo.com.mx\/storage\/2021\/07\/01JUL21-Presidente-AMLO_opt.jpg","type":"image\/jpeg"}],"author":"enequipo","twitter_card":"summary_large_image","twitter_creator":"@sonoraenequipo","twitter_site":"@sonoraenequipo","twitter_misc":{"Escrito por":"enequipo","Tiempo de lectura":"2 minutos"},"schema":{"@context":"https:\/\/schema.org","@graph":[{"@type":"Article","@id":"https:\/\/www.sonoraenequipo.com.mx\/un-87-4-de-ciudadanos-esta-de-acuerdo-con-el-cambio-segun-encuesta-amlo\/#article","isPartOf":{"@id":"https:\/\/www.sonoraenequipo.com.mx\/un-87-4-de-ciudadanos-esta-de-acuerdo-con-el-cambio-segun-encuesta-amlo\/"},"author":{"name":"enequipo","@id":"https:\/\/www.sonoraenequipo.com.mx\/#\/schema\/person\/50102df0fb23a8fa9e8effad8fa81386"},"headline":"Un 87.4% de ciudadanos est\u00e1 de acuerdo con el cambio, seg\u00fan encuesta: AMLO","datePublished":"2021-07-01T19:28:39+00:00","dateModified":"2021-07-01T21:58:50+00:00","mainEntityOfPage":{"@id":"https:\/\/www.sonoraenequipo.com.mx\/un-87-4-de-ciudadanos-esta-de-acuerdo-con-el-cambio-segun-encuesta-amlo\/"},"wordCount":390,"commentCount":0,"publisher":{"@id":"https:\/\/www.sonoraenequipo.com.mx\/#organization"},"image":{"@id":"https:\/\/www.sonoraenequipo.com.mx\/un-87-4-de-ciudadanos-esta-de-acuerdo-con-el-cambio-segun-encuesta-amlo\/#primaryimage"},"thumbnailUrl":"https:\/\/www.sonoraenequipo.com.mx\/storage\/2021\/07\/01JUL21-Presidente-AMLO_opt.jpg","articleSection":["Rep\u00fablica"],"inLanguage":"es","potentialAction":[{"@type":"CommentAction","name":"Comment","target":["https:\/\/www.sonoraenequipo.com.mx\/un-87-4-de-ciudadanos-esta-de-acuerdo-con-el-cambio-segun-encuesta-amlo\/#respond"]}]},{"@type":"WebPage","@id":"https:\/\/www.sonoraenequipo.com.mx\/un-87-4-de-ciudadanos-esta-de-acuerdo-con-el-cambio-segun-encuesta-amlo\/","url":"https:\/\/www.sonoraenequipo.com.mx\/un-87-4-de-ciudadanos-esta-de-acuerdo-con-el-cambio-segun-encuesta-amlo\/","name":"Sonora en Equipo. Un 87.4% de ciudadanos est\u00e1 de acuerdo con el cambio, seg\u00fan encuesta: AMLO Rep\u00fablica","isPartOf":{"@id":"https:\/\/www.sonoraenequipo.com.mx\/#website"},"primaryImageOfPage":{"@id":"https:\/\/www.sonoraenequipo.com.mx\/un-87-4-de-ciudadanos-esta-de-acuerdo-con-el-cambio-segun-encuesta-amlo\/#primaryimage"},"image":{"@id":"https:\/\/www.sonoraenequipo.com.mx\/un-87-4-de-ciudadanos-esta-de-acuerdo-con-el-cambio-segun-encuesta-amlo\/#primaryimage"},"thumbnailUrl":"https:\/\/www.sonoraenequipo.com.mx\/storage\/2021\/07\/01JUL21-Presidente-AMLO_opt.jpg","datePublished":"2021-07-01T19:28:39+00:00","dateModified":"2021-07-01T21:58:50+00:00","description":"CIUDAD DE M\u00c9XICO. MX. \u2014 En su informe de gobierno y a tres a\u00f1os del triunfo electoral, el presidente Andr\u00e9s Manuel L\u00f3pez Obrador asegur\u00f3 que su gobierno En Sonora en Equipo publicamos toda la informaci\u00f3n de Sonora, M\u00e9xico y el Mundo de manera oportuna y busca que la libertad de expresi\u00f3n sea real. Visita nuestro medio informativo publicado desde Hermosillo, Sonora. %","breadcrumb":{"@id":"https:\/\/www.sonoraenequipo.com.mx\/un-87-4-de-ciudadanos-esta-de-acuerdo-con-el-cambio-segun-encuesta-amlo\/#breadcrumb"},"inLanguage":"es","potentialAction":[{"@type":"ReadAction","target":["https:\/\/www.sonoraenequipo.com.mx\/un-87-4-de-ciudadanos-esta-de-acuerdo-con-el-cambio-segun-encuesta-amlo\/"]}]},{"@type":"ImageObject","inLanguage":"es","@id":"https:\/\/www.sonoraenequipo.com.mx\/un-87-4-de-ciudadanos-esta-de-acuerdo-con-el-cambio-segun-encuesta-amlo\/#primaryimage","url":"https:\/\/www.sonoraenequipo.com.mx\/storage\/2021\/07\/01JUL21-Presidente-AMLO_opt.jpg","contentUrl":"https:\/\/www.sonoraenequipo.com.mx\/storage\/2021\/07\/01JUL21-Presidente-AMLO_opt.jpg","width":700,"height":400},{"@type":"BreadcrumbList","@id":"https:\/\/www.sonoraenequipo.com.mx\/un-87-4-de-ciudadanos-esta-de-acuerdo-con-el-cambio-segun-encuesta-amlo\/#breadcrumb","itemListElement":[{"@type":"ListItem","position":1,"name":"Portada","item":"https:\/\/www.sonoraenequipo.com.mx\/"},{"@type":"ListItem","position":2,"name":"Un 87.4% de ciudadanos est\u00e1 de acuerdo con el cambio, seg\u00fan encuesta: AMLO"}]},{"@type":"WebSite","@id":"https:\/\/www.sonoraenequipo.com.mx\/#website","url":"https:\/\/www.sonoraenequipo.com.mx\/","name":"Sonora en Equipo.","description":"Diario en l\u00ednea con Noticias desde Hermosillo, Sonora","publisher":{"@id":"https:\/\/www.sonoraenequipo.com.mx\/#organization"},"potentialAction":[{"@type":"SearchAction","target":{"@type":"EntryPoint","urlTemplate":"https:\/\/www.sonoraenequipo.com.mx\/?s={search_term_string}"},"query-input":{"@type":"PropertyValueSpecification","valueRequired":true,"valueName":"search_term_string"}}],"inLanguage":"es"},{"@type":"Organization","@id":"https:\/\/www.sonoraenequipo.com.mx\/#organization","name":"Sonoraenequipo.com.mx","url":"https:\/\/www.sonoraenequipo.com.mx\/","logo":{"@type":"ImageObject","inLanguage":"es","@id":"https:\/\/www.sonoraenequipo.com.mx\/#\/schema\/logo\/image\/","url":"https:\/\/www.sonoraenequipo.com.mx\/storage\/2019\/01\/sonoraenequipo_opt.png","contentUrl":"https:\/\/www.sonoraenequipo.com.mx\/storage\/2019\/01\/sonoraenequipo_opt.png","width":375,"height":125,"caption":"Sonoraenequipo.com.mx"},"image":{"@id":"https:\/\/www.sonoraenequipo.com.mx\/#\/schema\/logo\/image\/"},"sameAs":["https:\/\/www.facebook.com\/SonoraEE\/","https:\/\/x.com\/sonoraenequipo","https:\/\/www.youtube.com\/channel\/UC338nW-lPEYmJQs4ZABQ1SQ"]},{"@type":"Person","@id":"https:\/\/www.sonoraenequipo.com.mx\/#\/schema\/person\/50102df0fb23a8fa9e8effad8fa81386","name":"enequipo","image":{"@type":"ImageObject","inLanguage":"es","@id":"https:\/\/www.sonoraenequipo.com.mx\/#\/schema\/person\/image\/","url":"https:\/\/secure.gravatar.com\/avatar\/049821681b589dabc0bc20695993ccebb09f5b5d4d790cd9251b97faac7c652b?s=96&d=blank&r=g","contentUrl":"https:\/\/secure.gravatar.com\/avatar\/049821681b589dabc0bc20695993ccebb09f5b5d4d790cd9251b97faac7c652b?s=96&d=blank&r=g","caption":"enequipo"},"sameAs":["https:\/\/www.facebook.com\/SonoraEE"]}]}},"jetpack_featured_media_url":"https:\/\/www.sonoraenequipo.com.mx\/storage\/2021\/07\/01JUL21-Presidente-AMLO_opt.jpg","_links":{"self":[{"href":"https:\/\/www.sonoraenequipo.com.mx\/api\/wp\/v2\/posts\/117572","targetHints":{"allow":["GET"]}}],"collection":[{"href":"https:\/\/www.sonoraenequipo.com.mx\/api\/wp\/v2\/posts"}],"about":[{"href":"https:\/\/www.sonoraenequipo.com.mx\/api\/wp\/v2\/types\/post"}],"author":[{"embeddable":true,"href":"https:\/\/www.sonoraenequipo.com.mx\/api\/wp\/v2\/users\/1"}],"replies":[{"embeddable":true,"href":"https:\/\/www.sonoraenequipo.com.mx\/api\/wp\/v2\/comments?post=117572"}],"version-history":[{"count":1,"href":"https:\/\/www.sonoraenequipo.com.mx\/api\/wp\/v2\/posts\/117572\/revisions"}],"predecessor-version":[{"id":117574,"href":"https:\/\/www.sonoraenequipo.com.mx\/api\/wp\/v2\/posts\/117572\/revisions\/117574"}],"wp:featuredmedia":[{"embeddable":true,"href":"https:\/\/www.sonoraenequipo.com.mx\/api\/wp\/v2\/media\/117573"}],"wp:attachment":[{"href":"https:\/\/www.sonoraenequipo.com.mx\/api\/wp\/v2\/media?parent=117572"}],"wp:term":[{"taxonomy":"category","embeddable":true,"href":"https:\/\/www.sonoraenequipo.com.mx\/api\/wp\/v2\/categories?post=117572"},{"taxonomy":"post_tag","embeddable":true,"href":"https:\/\/www.sonoraenequipo.com.mx\/api\/wp\/v2\/tags?post=117572"}],"curies":[{"name":"wp","href":"https:\/\/api.w.org\/{rel}","templated":true}]}}