{"id":117576,"date":"2021-07-01T20:25:59","date_gmt":"2021-07-02T03:25:59","guid":{"rendered":"https:\/\/www.sonoraenequipo.com.mx\/?p=117576"},"modified":"2021-07-01T21:05:40","modified_gmt":"2021-07-02T04:05:40","slug":"la-pandemia-reduce-la-clase-media-en-latinoamerica-banco-mundial","status":"publish","type":"post","link":"https:\/\/www.sonoraenequipo.com.mx\/la-pandemia-reduce-la-clase-media-en-latinoamerica-banco-mundial\/","title":{"rendered":"La pandemia reduce la clase media en Latinoam\u00e9rica: Banco Mundial"},"content":{"rendered":"<p>WASHINGTON, ESTADOS UNIDOS. \u2014 Por la pandemia de coronavirus, la clase media se achic\u00f3 en la mayor\u00eda de los pa\u00edses de Latinoam\u00e9rica y El Caribe y millones de personas quedaron vulnerables o en la pobreza, revirti\u00e9ndose as\u00ed d\u00e9cadas de avances sociales en la regi\u00f3n, dijo el jueves el Banco Mundial.<\/p>\n<p>&nbsp;<\/p>\n<p> <\/p>\n<p>&nbsp;<\/p>\n<p>&nbsp;<\/p>\n<p>Unos 4.7 millones de latinoamericanos dejaron de pertenecer a la clase media y descendieron de clase social en 2020, pero el impacto ser\u00eda a\u00fan m\u00e1s fuerte, con un total de 20 millones de personas perdiendo su lugar en la clase media, si Brasil no hubiese implementado un amplio programa temporal de protecci\u00f3n social que benefici\u00f3 a millones en la naci\u00f3n sudamericana, de acuerdo con el informe \u201cEl lento ascenso y la s\u00fabita ca\u00edda de la clase media en Am\u00e9rica Latina y el Caribe\u201d, del Banco Mundial.<\/p>\n<p>&nbsp;<\/p>\n<h3>La situaci\u00f3n es similar con la pobreza.<\/h3>\n<p>&nbsp;<\/p>\n<p>En toda la regi\u00f3n se espera que la pobreza disminuya marginalmente del 22% de 2019 a 21.8% en 2020, lo que representa 400,000 pobres menos. Si Brasil no hubiese implementado sus medidas de mitigaci\u00f3n, unos 28 millones de personas se hubieran sumado a la pobreza en 2020, seg\u00fan el reporte presentado en una conferencia virtual.<\/p>\n<p>&nbsp;<\/p>\n<p>&nbsp;<\/p>\n<p><em>\u201cEl retroceso de conquistas sociales que tanto costaron corre el riesgo de volverse permanente a menos que se lleven a cabo reformas en\u00e9rgicas\u201d,<\/em> expres\u00f3 Carlos Felipe Jaramillo, vicepresidente del BM para Am\u00e9rica Latina y el Caribe. <em>\u201cLas ayudas de emergencia mediante transferencias de efectivo que ayudaron a mitigar el impacto de la pandemia no ser\u00e1n sostenibles por mucho tiempo\u201d<\/em>, dijo tras advertir que los gobiernos deben avanzar con pol\u00edticas de recuperaci\u00f3n firme que alienten un crecimiento m\u00e1s sostenible e inclusivo.<\/p>\n<p>&nbsp;<\/p>\n<p>&nbsp;<\/p>\n<p>La pandemia convirti\u00f3 a la regi\u00f3n en uno de los epicentros mundiales y Am\u00e9rica Latina y El Caribe reportaron m\u00e1s de 30 millones de casos de coronavirus y m\u00e1s de 960,000 muertes hasta mayo de 2021, de acuerdo con la Universidad Johns Hopkins. Entre los pa\u00edses m\u00e1s afectados aparecen Brasil, Colombia y Argentina.<\/p>\n<p>&nbsp;<\/p>\n<p>&nbsp;<\/p>\n<p>El impacto econ\u00f3mico ha sido tambi\u00e9n devastador en toda la regi\u00f3n, ya que gran parte de los pa\u00edses entraron a la pandemia con un bajo potencial de crecimiento despu\u00e9s de a\u00f1os de estancamiento. La econom\u00eda regional se contrajo a sus niveles hist\u00f3ricos m\u00e1s bajos en 2020, con un retroceso del 7%, de acuerdo con la informaci\u00f3n del Fondo Monetario Internacional.<\/p>\n<p>&nbsp;<\/p>\n<p>&nbsp;<\/p>\n<p>Para este a\u00f1o el crecimiento del Producto Bruto Interno regional podr\u00eda ser de 5.2%, seg\u00fan estimaciones del Banco Mundial.<\/p>\n<p>&nbsp;<\/p>\n<p>&nbsp;<\/p>\n<p>El organismo alert\u00f3 en el informe que <em>\u201ces probable que la crisis de 2020 revierta en poco tiempo muchos de los logros sociales que tardaron d\u00e9cadas en materializarse\u201d.<\/em><\/p>\n<p>&nbsp;<\/p>\n<p>&nbsp;<\/p>\n<p>En las \u00faltimas dos d\u00e9cadas, por ejemplo, disminuy\u00f3 casi la mitad la cantidad de personas en la pobreza, que pasaron a aumentar la clase media. Tambi\u00e9n se redujo la desigualdad de ingresos.<\/p>\n<p>&nbsp;<\/p>\n<p>&nbsp;<\/p>\n<p>En 2019 cerca del 38% de la poblaci\u00f3n de Latinoam\u00e9rica, unos 230 millones de personas, pertenec\u00edan a la clase media, pero el BM estima que ese grupo se contrajo hasta el 37.3% en 2020, es decir unos 4.7 millones de personas menos.<\/p>\n<p>&nbsp;<\/p>\n<p>&nbsp;<\/p>\n<p>El programa de transferencias implementado por Brasil benefici\u00f3 a unos 67 millones de personas y sac\u00f3 a millones de la pobreza.<\/p>\n<p>&nbsp;<\/p>\n<p>El Banco Mundial se\u00f1al\u00f3, no obstante, que aunque los programas de protecci\u00f3n social ayudaron a contener el impacto negativo en el corto plazo, la pobreza podr\u00eda volver a crecer en 2021 si no hay una recuperaci\u00f3n acelerada e inclusiva.<\/p>\n<p>&nbsp;<\/p>\n<p>Otro de los efectos de la pandemia se\u00f1alados por el banco es la persistente desigualdad en la regi\u00f3n.<\/p>\n<p>&nbsp;<\/p>\n<p><em>\u201cAquellos que estaban peor desde un principio probablemente sean los m\u00e1s afectados, y esto exacerbar\u00e1 la desigualdad en el ingreso en una regi\u00f3n de por s\u00ed muy desigual\u201d, d<\/em>ijo Ximena Del Carpio, gerente de Pr\u00e1ctiva de Pobreza y Equidad del BM.<\/p>\n<p>&nbsp;<\/p>\n<p>&nbsp;<\/p>\n<p>(Publicada el 01\/07\/2021\/ Con informaci\u00f3n de TELEMETRO\/AP)<\/p>\n","protected":false},"excerpt":{"rendered":"<p>WASHINGTON, ESTADOS UNIDOS. \u2014 Por la pandemia de coronavirus, la clase media se achic\u00f3 en&#8230;<\/p>\n","protected":false},"author":1,"featured_media":117584,"comment_status":"open","ping_status":"open","sticky":false,"template":"","format":"standard","meta":{"_monsterinsights_skip_tracking":false,"_monsterinsights_sitenote_active":false,"_monsterinsights_sitenote_note":"","_monsterinsights_sitenote_category":0,"footnotes":""},"categories":[3],"tags":[],"class_list":["post"],"yoast_head":" \n<title>Sonora en Equipo. La pandemia reduce la clase media en Latinoam\u00e9rica: Banco Mundial MUNDO<\/title>\n<meta name=\"description\" content=\"WASHINGTON, ESTADOS UNIDOS. \u2014 Por la pandemia de coronavirus, la clase media se achic\u00f3 en la mayor\u00eda de los pa\u00edses de Latinoam\u00e9rica y El Caribe y millones En Sonora en Equipo publicamos toda la informaci\u00f3n de Sonora, M\u00e9xico y el Mundo de manera oportuna y busca que la libertad de expresi\u00f3n sea real. Visita nuestro medio informativo publicado desde Hermosillo, Sonora. %\" \/>\n<meta name=\"robots\" content=\"index, follow, max-snippet:-1, max-image-preview:large, max-video-preview:-1\" \/>\n<link rel=\"canonical\" href=\"https:\/\/www.sonoraenequipo.com.mx\/la-pandemia-reduce-la-clase-media-en-latinoamerica-banco-mundial\/\" \/>\n<meta property=\"og:locale\" content=\"es_ES\" \/>\n<meta property=\"og:type\" content=\"article\" \/>\n<meta property=\"og:title\" content=\"Sonora en Equipo. La pandemia reduce la clase media en Latinoam\u00e9rica: Banco Mundial MUNDO\" \/>\n<meta property=\"og:description\" content=\"WASHINGTON, ESTADOS UNIDOS. \u2014 Por la pandemia de coronavirus, la clase media se achic\u00f3 en la mayor\u00eda de los pa\u00edses de Latinoam\u00e9rica y El Caribe y millones En Sonora en Equipo publicamos toda la informaci\u00f3n de Sonora, M\u00e9xico y el Mundo de manera oportuna y busca que la libertad de expresi\u00f3n sea real. Visita nuestro medio informativo publicado desde Hermosillo, Sonora. %\" \/>\n<meta property=\"og:url\" content=\"https:\/\/www.sonoraenequipo.com.mx\/la-pandemia-reduce-la-clase-media-en-latinoamerica-banco-mundial\/\" \/>\n<meta property=\"og:site_name\" content=\"Sonora en Equipo.\" \/>\n<meta property=\"article:publisher\" content=\"https:\/\/www.facebook.com\/SonoraEE\/\" \/>\n<meta property=\"article:author\" content=\"https:\/\/www.facebook.com\/SonoraEE\" \/>\n<meta property=\"article:published_time\" content=\"2021-07-02T03:25:59+00:00\" \/>\n<meta property=\"article:modified_time\" content=\"2021-07-02T04:05:40+00:00\" \/>\n<meta property=\"og:image\" content=\"https:\/\/www.sonoraenequipo.com.mx\/storage\/2021\/07\/clase-media-baja-de-nivel_opt.jpg\" \/>\n\t<meta property=\"og:image:width\" content=\"700\" \/>\n\t<meta property=\"og:image:height\" content=\"400\" \/>\n\t<meta property=\"og:image:type\" content=\"image\/jpeg\" \/>\n<meta name=\"author\" content=\"enequipo\" \/>\n<meta name=\"twitter:card\" content=\"summary_large_image\" \/>\n<meta name=\"twitter:creator\" content=\"@sonoraenequipo\" \/>\n<meta name=\"twitter:site\" content=\"@sonoraenequipo\" \/>\n<meta name=\"twitter:label1\" content=\"Escrito por\" \/>\n\t<meta name=\"twitter:data1\" content=\"enequipo\" \/>\n\t<meta name=\"twitter:label2\" content=\"Tiempo de lectura\" \/>\n\t<meta name=\"twitter:data2\" content=\"3 minutos\" \/>\n<script type=\"application\/ld+json\" class=\"yoast-schema-graph\">{\"@context\":\"https:\/\/schema.org\",\"@graph\":[{\"@type\":\"Article\",\"@id\":\"https:\/\/www.sonoraenequipo.com.mx\/la-pandemia-reduce-la-clase-media-en-latinoamerica-banco-mundial\/#article\",\"isPartOf\":{\"@id\":\"https:\/\/www.sonoraenequipo.com.mx\/la-pandemia-reduce-la-clase-media-en-latinoamerica-banco-mundial\/\"},\"author\":{\"name\":\"enequipo\",\"@id\":\"https:\/\/www.sonoraenequipo.com.mx\/#\/schema\/person\/50102df0fb23a8fa9e8effad8fa81386\"},\"headline\":\"La pandemia reduce la clase media en Latinoam\u00e9rica: Banco Mundial\",\"datePublished\":\"2021-07-02T03:25:59+00:00\",\"dateModified\":\"2021-07-02T04:05:40+00:00\",\"mainEntityOfPage\":{\"@id\":\"https:\/\/www.sonoraenequipo.com.mx\/la-pandemia-reduce-la-clase-media-en-latinoamerica-banco-mundial\/\"},\"wordCount\":708,\"commentCount\":0,\"publisher\":{\"@id\":\"https:\/\/www.sonoraenequipo.com.mx\/#organization\"},\"image\":{\"@id\":\"https:\/\/www.sonoraenequipo.com.mx\/la-pandemia-reduce-la-clase-media-en-latinoamerica-banco-mundial\/#primaryimage\"},\"thumbnailUrl\":\"https:\/\/www.sonoraenequipo.com.mx\/storage\/2021\/07\/clase-media-baja-de-nivel_opt.jpg\",\"articleSection\":[\"MUNDO\"],\"inLanguage\":\"es\",\"potentialAction\":[{\"@type\":\"CommentAction\",\"name\":\"Comment\",\"target\":[\"https:\/\/www.sonoraenequipo.com.mx\/la-pandemia-reduce-la-clase-media-en-latinoamerica-banco-mundial\/#respond\"]}]},{\"@type\":\"WebPage\",\"@id\":\"https:\/\/www.sonoraenequipo.com.mx\/la-pandemia-reduce-la-clase-media-en-latinoamerica-banco-mundial\/\",\"url\":\"https:\/\/www.sonoraenequipo.com.mx\/la-pandemia-reduce-la-clase-media-en-latinoamerica-banco-mundial\/\",\"name\":\"Sonora en Equipo. La pandemia reduce la clase media en Latinoam\u00e9rica: Banco Mundial MUNDO\",\"isPartOf\":{\"@id\":\"https:\/\/www.sonoraenequipo.com.mx\/#website\"},\"primaryImageOfPage\":{\"@id\":\"https:\/\/www.sonoraenequipo.com.mx\/la-pandemia-reduce-la-clase-media-en-latinoamerica-banco-mundial\/#primaryimage\"},\"image\":{\"@id\":\"https:\/\/www.sonoraenequipo.com.mx\/la-pandemia-reduce-la-clase-media-en-latinoamerica-banco-mundial\/#primaryimage\"},\"thumbnailUrl\":\"https:\/\/www.sonoraenequipo.com.mx\/storage\/2021\/07\/clase-media-baja-de-nivel_opt.jpg\",\"datePublished\":\"2021-07-02T03:25:59+00:00\",\"dateModified\":\"2021-07-02T04:05:40+00:00\",\"description\":\"WASHINGTON, ESTADOS UNIDOS. \u2014 Por la pandemia de coronavirus, la clase media se achic\u00f3 en la mayor\u00eda de los pa\u00edses de Latinoam\u00e9rica y El Caribe y millones En Sonora en Equipo publicamos toda la informaci\u00f3n de Sonora, M\u00e9xico y el Mundo de manera oportuna y busca que la libertad de expresi\u00f3n sea real. Visita nuestro medio informativo publicado desde Hermosillo, Sonora. %\",\"breadcrumb\":{\"@id\":\"https:\/\/www.sonoraenequipo.com.mx\/la-pandemia-reduce-la-clase-media-en-latinoamerica-banco-mundial\/#breadcrumb\"},\"inLanguage\":\"es\",\"potentialAction\":[{\"@type\":\"ReadAction\",\"target\":[\"https:\/\/www.sonoraenequipo.com.mx\/la-pandemia-reduce-la-clase-media-en-latinoamerica-banco-mundial\/\"]}]},{\"@type\":\"ImageObject\",\"inLanguage\":\"es\",\"@id\":\"https:\/\/www.sonoraenequipo.com.mx\/la-pandemia-reduce-la-clase-media-en-latinoamerica-banco-mundial\/#primaryimage\",\"url\":\"https:\/\/www.sonoraenequipo.com.mx\/storage\/2021\/07\/clase-media-baja-de-nivel_opt.jpg\",\"contentUrl\":\"https:\/\/www.sonoraenequipo.com.mx\/storage\/2021\/07\/clase-media-baja-de-nivel_opt.jpg\",\"width\":700,\"height\":400},{\"@type\":\"BreadcrumbList\",\"@id\":\"https:\/\/www.sonoraenequipo.com.mx\/la-pandemia-reduce-la-clase-media-en-latinoamerica-banco-mundial\/#breadcrumb\",\"itemListElement\":[{\"@type\":\"ListItem\",\"position\":1,\"name\":\"Portada\",\"item\":\"https:\/\/www.sonoraenequipo.com.mx\/\"},{\"@type\":\"ListItem\",\"position\":2,\"name\":\"La pandemia reduce la clase media en Latinoam\u00e9rica: Banco Mundial\"}]},{\"@type\":\"WebSite\",\"@id\":\"https:\/\/www.sonoraenequipo.com.mx\/#website\",\"url\":\"https:\/\/www.sonoraenequipo.com.mx\/\",\"name\":\"Sonora en Equipo.\",\"description\":\"Diario en l\u00ednea con Noticias desde Hermosillo, Sonora\",\"publisher\":{\"@id\":\"https:\/\/www.sonoraenequipo.com.mx\/#organization\"},\"potentialAction\":[{\"@type\":\"SearchAction\",\"target\":{\"@type\":\"EntryPoint\",\"urlTemplate\":\"https:\/\/www.sonoraenequipo.com.mx\/?s={search_term_string}\"},\"query-input\":{\"@type\":\"PropertyValueSpecification\",\"valueRequired\":true,\"valueName\":\"search_term_string\"}}],\"inLanguage\":\"es\"},{\"@type\":\"Organization\",\"@id\":\"https:\/\/www.sonoraenequipo.com.mx\/#organization\",\"name\":\"Sonoraenequipo.com.mx\",\"url\":\"https:\/\/www.sonoraenequipo.com.mx\/\",\"logo\":{\"@type\":\"ImageObject\",\"inLanguage\":\"es\",\"@id\":\"https:\/\/www.sonoraenequipo.com.mx\/#\/schema\/logo\/image\/\",\"url\":\"https:\/\/www.sonoraenequipo.com.mx\/storage\/2019\/01\/sonoraenequipo_opt.png\",\"contentUrl\":\"https:\/\/www.sonoraenequipo.com.mx\/storage\/2019\/01\/sonoraenequipo_opt.png\",\"width\":375,\"height\":125,\"caption\":\"Sonoraenequipo.com.mx\"},\"image\":{\"@id\":\"https:\/\/www.sonoraenequipo.com.mx\/#\/schema\/logo\/image\/\"},\"sameAs\":[\"https:\/\/www.facebook.com\/SonoraEE\/\",\"https:\/\/x.com\/sonoraenequipo\",\"https:\/\/www.youtube.com\/channel\/UC338nW-lPEYmJQs4ZABQ1SQ\"]},{\"@type\":\"Person\",\"@id\":\"https:\/\/www.sonoraenequipo.com.mx\/#\/schema\/person\/50102df0fb23a8fa9e8effad8fa81386\",\"name\":\"enequipo\",\"image\":{\"@type\":\"ImageObject\",\"inLanguage\":\"es\",\"@id\":\"https:\/\/www.sonoraenequipo.com.mx\/#\/schema\/person\/image\/\",\"url\":\"https:\/\/secure.gravatar.com\/avatar\/049821681b589dabc0bc20695993ccebb09f5b5d4d790cd9251b97faac7c652b?s=96&d=blank&r=g\",\"contentUrl\":\"https:\/\/secure.gravatar.com\/avatar\/049821681b589dabc0bc20695993ccebb09f5b5d4d790cd9251b97faac7c652b?s=96&d=blank&r=g\",\"caption\":\"enequipo\"},\"sameAs\":[\"https:\/\/www.facebook.com\/SonoraEE\"]}]}<\/script>\n ","yoast_head_json":{"title":"Sonora en Equipo. La pandemia reduce la clase media en Latinoam\u00e9rica: Banco Mundial MUNDO","description":"WASHINGTON, ESTADOS UNIDOS. \u2014 Por la pandemia de coronavirus, la clase media se achic\u00f3 en la mayor\u00eda de los pa\u00edses de Latinoam\u00e9rica y El Caribe y millones En Sonora en Equipo publicamos toda la informaci\u00f3n de Sonora, M\u00e9xico y el Mundo de manera oportuna y busca que la libertad de expresi\u00f3n sea real. Visita nuestro medio informativo publicado desde Hermosillo, Sonora. %","robots":{"index":"index","follow":"follow","max-snippet":"max-snippet:-1","max-image-preview":"max-image-preview:large","max-video-preview":"max-video-preview:-1"},"canonical":"https:\/\/www.sonoraenequipo.com.mx\/la-pandemia-reduce-la-clase-media-en-latinoamerica-banco-mundial\/","og_locale":"es_ES","og_type":"article","og_title":"Sonora en Equipo. La pandemia reduce la clase media en Latinoam\u00e9rica: Banco Mundial MUNDO","og_description":"WASHINGTON, ESTADOS UNIDOS. \u2014 Por la pandemia de coronavirus, la clase media se achic\u00f3 en la mayor\u00eda de los pa\u00edses de Latinoam\u00e9rica y El Caribe y millones En Sonora en Equipo publicamos toda la informaci\u00f3n de Sonora, M\u00e9xico y el Mundo de manera oportuna y busca que la libertad de expresi\u00f3n sea real. Visita nuestro medio informativo publicado desde Hermosillo, Sonora. %","og_url":"https:\/\/www.sonoraenequipo.com.mx\/la-pandemia-reduce-la-clase-media-en-latinoamerica-banco-mundial\/","og_site_name":"Sonora en Equipo.","article_publisher":"https:\/\/www.facebook.com\/SonoraEE\/","article_author":"https:\/\/www.facebook.com\/SonoraEE","article_published_time":"2021-07-02T03:25:59+00:00","article_modified_time":"2021-07-02T04:05:40+00:00","og_image":[{"width":700,"height":400,"url":"https:\/\/www.sonoraenequipo.com.mx\/storage\/2021\/07\/clase-media-baja-de-nivel_opt.jpg","type":"image\/jpeg"}],"author":"enequipo","twitter_card":"summary_large_image","twitter_creator":"@sonoraenequipo","twitter_site":"@sonoraenequipo","twitter_misc":{"Escrito por":"enequipo","Tiempo de lectura":"3 minutos"},"schema":{"@context":"https:\/\/schema.org","@graph":[{"@type":"Article","@id":"https:\/\/www.sonoraenequipo.com.mx\/la-pandemia-reduce-la-clase-media-en-latinoamerica-banco-mundial\/#article","isPartOf":{"@id":"https:\/\/www.sonoraenequipo.com.mx\/la-pandemia-reduce-la-clase-media-en-latinoamerica-banco-mundial\/"},"author":{"name":"enequipo","@id":"https:\/\/www.sonoraenequipo.com.mx\/#\/schema\/person\/50102df0fb23a8fa9e8effad8fa81386"},"headline":"La pandemia reduce la clase media en Latinoam\u00e9rica: Banco Mundial","datePublished":"2021-07-02T03:25:59+00:00","dateModified":"2021-07-02T04:05:40+00:00","mainEntityOfPage":{"@id":"https:\/\/www.sonoraenequipo.com.mx\/la-pandemia-reduce-la-clase-media-en-latinoamerica-banco-mundial\/"},"wordCount":708,"commentCount":0,"publisher":{"@id":"https:\/\/www.sonoraenequipo.com.mx\/#organization"},"image":{"@id":"https:\/\/www.sonoraenequipo.com.mx\/la-pandemia-reduce-la-clase-media-en-latinoamerica-banco-mundial\/#primaryimage"},"thumbnailUrl":"https:\/\/www.sonoraenequipo.com.mx\/storage\/2021\/07\/clase-media-baja-de-nivel_opt.jpg","articleSection":["MUNDO"],"inLanguage":"es","potentialAction":[{"@type":"CommentAction","name":"Comment","target":["https:\/\/www.sonoraenequipo.com.mx\/la-pandemia-reduce-la-clase-media-en-latinoamerica-banco-mundial\/#respond"]}]},{"@type":"WebPage","@id":"https:\/\/www.sonoraenequipo.com.mx\/la-pandemia-reduce-la-clase-media-en-latinoamerica-banco-mundial\/","url":"https:\/\/www.sonoraenequipo.com.mx\/la-pandemia-reduce-la-clase-media-en-latinoamerica-banco-mundial\/","name":"Sonora en Equipo. La pandemia reduce la clase media en Latinoam\u00e9rica: Banco Mundial MUNDO","isPartOf":{"@id":"https:\/\/www.sonoraenequipo.com.mx\/#website"},"primaryImageOfPage":{"@id":"https:\/\/www.sonoraenequipo.com.mx\/la-pandemia-reduce-la-clase-media-en-latinoamerica-banco-mundial\/#primaryimage"},"image":{"@id":"https:\/\/www.sonoraenequipo.com.mx\/la-pandemia-reduce-la-clase-media-en-latinoamerica-banco-mundial\/#primaryimage"},"thumbnailUrl":"https:\/\/www.sonoraenequipo.com.mx\/storage\/2021\/07\/clase-media-baja-de-nivel_opt.jpg","datePublished":"2021-07-02T03:25:59+00:00","dateModified":"2021-07-02T04:05:40+00:00","description":"WASHINGTON, ESTADOS UNIDOS. \u2014 Por la pandemia de coronavirus, la clase media se achic\u00f3 en la mayor\u00eda de los pa\u00edses de Latinoam\u00e9rica y El Caribe y millones En Sonora en Equipo publicamos toda la informaci\u00f3n de Sonora, M\u00e9xico y el Mundo de manera oportuna y busca que la libertad de expresi\u00f3n sea real. Visita nuestro medio informativo publicado desde Hermosillo, Sonora. %","breadcrumb":{"@id":"https:\/\/www.sonoraenequipo.com.mx\/la-pandemia-reduce-la-clase-media-en-latinoamerica-banco-mundial\/#breadcrumb"},"inLanguage":"es","potentialAction":[{"@type":"ReadAction","target":["https:\/\/www.sonoraenequipo.com.mx\/la-pandemia-reduce-la-clase-media-en-latinoamerica-banco-mundial\/"]}]},{"@type":"ImageObject","inLanguage":"es","@id":"https:\/\/www.sonoraenequipo.com.mx\/la-pandemia-reduce-la-clase-media-en-latinoamerica-banco-mundial\/#primaryimage","url":"https:\/\/www.sonoraenequipo.com.mx\/storage\/2021\/07\/clase-media-baja-de-nivel_opt.jpg","contentUrl":"https:\/\/www.sonoraenequipo.com.mx\/storage\/2021\/07\/clase-media-baja-de-nivel_opt.jpg","width":700,"height":400},{"@type":"BreadcrumbList","@id":"https:\/\/www.sonoraenequipo.com.mx\/la-pandemia-reduce-la-clase-media-en-latinoamerica-banco-mundial\/#breadcrumb","itemListElement":[{"@type":"ListItem","position":1,"name":"Portada","item":"https:\/\/www.sonoraenequipo.com.mx\/"},{"@type":"ListItem","position":2,"name":"La pandemia reduce la clase media en Latinoam\u00e9rica: Banco Mundial"}]},{"@type":"WebSite","@id":"https:\/\/www.sonoraenequipo.com.mx\/#website","url":"https:\/\/www.sonoraenequipo.com.mx\/","name":"Sonora en Equipo.","description":"Diario en l\u00ednea con Noticias desde Hermosillo, Sonora","publisher":{"@id":"https:\/\/www.sonoraenequipo.com.mx\/#organization"},"potentialAction":[{"@type":"SearchAction","target":{"@type":"EntryPoint","urlTemplate":"https:\/\/www.sonoraenequipo.com.mx\/?s={search_term_string}"},"query-input":{"@type":"PropertyValueSpecification","valueRequired":true,"valueName":"search_term_string"}}],"inLanguage":"es"},{"@type":"Organization","@id":"https:\/\/www.sonoraenequipo.com.mx\/#organization","name":"Sonoraenequipo.com.mx","url":"https:\/\/www.sonoraenequipo.com.mx\/","logo":{"@type":"ImageObject","inLanguage":"es","@id":"https:\/\/www.sonoraenequipo.com.mx\/#\/schema\/logo\/image\/","url":"https:\/\/www.sonoraenequipo.com.mx\/storage\/2019\/01\/sonoraenequipo_opt.png","contentUrl":"https:\/\/www.sonoraenequipo.com.mx\/storage\/2019\/01\/sonoraenequipo_opt.png","width":375,"height":125,"caption":"Sonoraenequipo.com.mx"},"image":{"@id":"https:\/\/www.sonoraenequipo.com.mx\/#\/schema\/logo\/image\/"},"sameAs":["https:\/\/www.facebook.com\/SonoraEE\/","https:\/\/x.com\/sonoraenequipo","https:\/\/www.youtube.com\/channel\/UC338nW-lPEYmJQs4ZABQ1SQ"]},{"@type":"Person","@id":"https:\/\/www.sonoraenequipo.com.mx\/#\/schema\/person\/50102df0fb23a8fa9e8effad8fa81386","name":"enequipo","image":{"@type":"ImageObject","inLanguage":"es","@id":"https:\/\/www.sonoraenequipo.com.mx\/#\/schema\/person\/image\/","url":"https:\/\/secure.gravatar.com\/avatar\/049821681b589dabc0bc20695993ccebb09f5b5d4d790cd9251b97faac7c652b?s=96&d=blank&r=g","contentUrl":"https:\/\/secure.gravatar.com\/avatar\/049821681b589dabc0bc20695993ccebb09f5b5d4d790cd9251b97faac7c652b?s=96&d=blank&r=g","caption":"enequipo"},"sameAs":["https:\/\/www.facebook.com\/SonoraEE"]}]}},"jetpack_featured_media_url":"https:\/\/www.sonoraenequipo.com.mx\/storage\/2021\/07\/clase-media-baja-de-nivel_opt.jpg","_links":{"self":[{"href":"https:\/\/www.sonoraenequipo.com.mx\/api\/wp\/v2\/posts\/117576","targetHints":{"allow":["GET"]}}],"collection":[{"href":"https:\/\/www.sonoraenequipo.com.mx\/api\/wp\/v2\/posts"}],"about":[{"href":"https:\/\/www.sonoraenequipo.com.mx\/api\/wp\/v2\/types\/post"}],"author":[{"embeddable":true,"href":"https:\/\/www.sonoraenequipo.com.mx\/api\/wp\/v2\/users\/1"}],"replies":[{"embeddable":true,"href":"https:\/\/www.sonoraenequipo.com.mx\/api\/wp\/v2\/comments?post=117576"}],"version-history":[{"count":1,"href":"https:\/\/www.sonoraenequipo.com.mx\/api\/wp\/v2\/posts\/117576\/revisions"}],"predecessor-version":[{"id":117585,"href":"https:\/\/www.sonoraenequipo.com.mx\/api\/wp\/v2\/posts\/117576\/revisions\/117585"}],"wp:featuredmedia":[{"embeddable":true,"href":"https:\/\/www.sonoraenequipo.com.mx\/api\/wp\/v2\/media\/117584"}],"wp:attachment":[{"href":"https:\/\/www.sonoraenequipo.com.mx\/api\/wp\/v2\/media?parent=117576"}],"wp:term":[{"taxonomy":"category","embeddable":true,"href":"https:\/\/www.sonoraenequipo.com.mx\/api\/wp\/v2\/categories?post=117576"},{"taxonomy":"post_tag","embeddable":true,"href":"https:\/\/www.sonoraenequipo.com.mx\/api\/wp\/v2\/tags?post=117576"}],"curies":[{"name":"wp","href":"https:\/\/api.w.org\/{rel}","templated":true}]}}