{"id":117591,"date":"2021-07-01T16:48:03","date_gmt":"2021-07-01T23:48:03","guid":{"rendered":"https:\/\/www.sonoraenequipo.com.mx\/?p=117591"},"modified":"2021-07-01T21:47:11","modified_gmt":"2021-07-02T04:47:11","slug":"historico-acuerdo-sobre-fiscalidad-mundial-de-multinacionales-en-la-ocde","status":"publish","type":"post","link":"https:\/\/www.sonoraenequipo.com.mx\/historico-acuerdo-sobre-fiscalidad-mundial-de-multinacionales-en-la-ocde\/","title":{"rendered":"Hist\u00f3rico acuerdo sobre fiscalidad mundial de multinacionales en la OCDE"},"content":{"rendered":"<p>PAR\u00cdS, FRANCIA. \u2014 Un total de 130 pa\u00edses llegaron el jueves a un hist\u00f3rico acuerdo de reforma fiscal para las multinacionales que incluye un impuesto m\u00ednimo sobre los beneficios de al menos el 15%.<\/p>\n<p>&nbsp;<\/p>\n<p> <\/p>\n<p>&nbsp;<\/p>\n<p><em>\u00abTras a\u00f1os de trabajo y negociaciones intensas, este paquete de medidas hist\u00f3ricas garantizar\u00e1 que las grandes empresas multinacionales paguen su parte justa de impuestos en todo el mundo\u00bb,<\/em> declar\u00f3 Mathias Cormann, el secretario general de la Organizaci\u00f3n para la Cooperaci\u00f3n y el Desarrollo Econ\u00f3micos (OCDE), citado en un comunicado.<\/p>\n<p>&nbsp;<\/p>\n<p>&nbsp;<\/p>\n<p>Un peque\u00f1o grupo de pa\u00edses, entre los que se encuentran Irlanda y Hungr\u00eda, muy reacios a la propuesta, en particular sobre una tasa m\u00ednima del 15%, no firmaron la declaraci\u00f3n concluida el jueves, seg\u00fan la lista facilitada por la organizaci\u00f3n.<\/p>\n<p>&nbsp;<\/p>\n<p>Sin embargo, el gobierno irland\u00e9s, a trav\u00e9s de su ministro de Finanzas, Paschal Donohoe, dijo que<em>\u00abapoya globalmente\u00bb el acuerdo y afirm\u00f3 que su \u00abobjetivo es encontrar una salida que Irlanda pueda seguir apoyando\u00bb.<\/em><\/p>\n<p>&nbsp;<\/p>\n<p>China, cuya posici\u00f3n era muy esperada, y los pa\u00edses generalmente considerados como para\u00edsos fiscales s\u00ed se sumaron al acuerdo.<\/p>\n<p>&nbsp;<\/p>\n<h3>Todos los pa\u00edses firmantes representan el 90% del PIB mundial.<\/h3>\n<p>&nbsp;<\/p>\n<p><em>\u00abLas multinacionales ya no podr\u00e1n enfrentar a un pa\u00eds contra otro en un esfuerzo por reducir los impuestos y proteger sus beneficios a expensas de los ingresos p\u00fablicos\u00bb,<\/em> reaccion\u00f3 el presidente estadounidense Joe Biden en un comunicado.<\/p>\n<p>&nbsp;<\/p>\n<p>Estas empresas <em>\u00abya no podr\u00e1n evitar el pago de su parte justa ocultando los beneficios generados en Estados Unidos, o en cualquier otro pa\u00eds, en jurisdicciones de menor imposici\u00f3n\u00bb,<\/em> a\u00f1adi\u00f3.<\/p>\n<p>&nbsp;<\/p>\n<p>La secretaria del Tesoro de Estados Unidos, Janet Yellen, celebr\u00f3 un <em>\u00abd\u00eda hist\u00f3rico para la diplomacia econ\u00f3mica\u00bb.<\/em><\/p>\n<p>&nbsp;<\/p>\n<p>El ministro de Finanzas alem\u00e1n, Olaf Scholz, lo calific\u00f3 de <em>\u00abpaso colosal hacia una mayor justicia fiscal\u00bb<\/em> y su hom\u00f3logo franc\u00e9s, Bruno Le Maire, habl\u00f3 del <em>\u00abacuerdo fiscal internacional m\u00e1s importante alcanzado en un siglo\u00bb.<\/em><\/p>\n<p>&nbsp;<\/p>\n<p>Aunque el acuerdo ejerce presi\u00f3n sobre el modelo de los para\u00edsos fiscales m\u00e1s agresivos, deber\u00eda beneficiar principalmente a los pa\u00edses ricos, seg\u00fan la oeneg\u00e9 Oxfam.<\/p>\n<p>&nbsp;<\/p>\n<p><em>\u00abLos pa\u00edses ricos est\u00e1n obligando a los pa\u00edses en desarrollo a elegir entre un acuerdo desventajoso o ning\u00fan acuerdo\u00bb<\/em>, dijo la organizaci\u00f3n en un comunicado, denunciando una <em>\u00abnueva forma de colonialismo econ\u00f3mico\u00bb.<\/em><\/p>\n<p>&nbsp;<\/p>\n<p>La declaraci\u00f3n conjunta, que se basa en el acuerdo alcanzado en el G7 a principios de junio, prev\u00e9 tambi\u00e9n un reparto \u00abm\u00e1s justo\u00bb de los beneficios entre los pa\u00edses donde las empresas tienen su sede y aquellos en los que realmente desarrollan sus actividades, incluso sin presencia f\u00edsica. Esta parte est\u00e1 dirigida en particular a los gigantes digitales.<\/p>\n<p>&nbsp;<\/p>\n<p>Sin embargo, las industrias extractivas, como la miner\u00eda, y los servicios financieros regulados quedar\u00e1n excluidos de esta medida, pero no del impuesto m\u00ednimo, dice el texto.<\/p>\n<p>&nbsp;<\/p>\n<p>La federaci\u00f3n comercial de industrias digitales (CCIA), que incluye a Amazon y Facebook, dijo que estaba \u00abdeseando participar en los detalles del plan de aplicaci\u00f3n e insta a los pa\u00edses a eliminar los impuestos existentes sobre los servicios digitales y a abandonar\u00bb otros proyectos similares que se est\u00e1n estudiando, seg\u00fan su presidente Matt Schruers.<\/p>\n<p>&nbsp;<\/p>\n<p>&nbsp;<\/p>\n<p>El plan propuesto ser\u00e1 <em>\u00abde gran ayuda para los Estados\u00bb<\/em> que han gastado mucho durante la pandemia y necesitan financiar la recuperaci\u00f3n, dijo la OCDE en su declaraci\u00f3n.<\/p>\n<p>&nbsp;<\/p>\n<p>&nbsp;<\/p>\n<p><em>\u00abEste paquete de medidas no acaba con la competencia fiscal, ni lo pretende, sino que busca limitarla seg\u00fan las normas acordadas multilateralmente\u00bb<\/em>, insisti\u00f3 Cormann.<\/p>\n<p>&nbsp;<\/p>\n<p>&nbsp;<\/p>\n<p>Los participantes en las negociaciones se dieron plazo hasta octubre para \u00ab<em>finalizar los trabajos t\u00e9cnicos\u00bb<\/em> y preparar <em>\u00abun plan para su aplicaci\u00f3n efectiva en 2023\u00bb.<\/em><\/p>\n<p>&nbsp;<\/p>\n<p>Hasta entonces, los pa\u00edses que no se hayan adherido al acuerdo pueden hacerlo.<\/p>\n<p>&nbsp;<\/p>\n<p>Se espera que los ministros de Econom\u00eda del G20, que se reunir\u00e1n la pr\u00f3xima semana en Venecia, aprueben el avance t\u00e9cnico y pol\u00edtico alcanzado el jueves.<\/p>\n<p>&nbsp;<\/p>\n<p>Un primer acuerdo en el G7 a principios de junio en Londres hab\u00eda dado un nuevo impulso a la negociaci\u00f3n, que se hab\u00eda estancado durante la presidencia de Donald Trump y que se reactiv\u00f3 con la llegada de Joe Biden a la Casa Blanca.<\/p>\n<p>&nbsp;<\/p>\n<p>La crisis sanitaria, que ha hecho que los Estados gasten masivamente para hacer frente a la pandemia y apoyar sus econom\u00edas, tambi\u00e9n reforz\u00f3 la voluntad pol\u00edtica de alcanzar un acuerdo para aumentar ingresos fiscales.<\/p>\n<p>&nbsp;<\/p>\n<p>Seg\u00fan la OCDE, con una tasa de al menos 15%, el impuesto m\u00ednimo mundial generar\u00eda unos 150.000 millones de d\u00f3lares de ingresos fiscales adicionales al a\u00f1o en todo el mundo.<\/p>\n<p>&nbsp;<\/p>\n<p>&nbsp;<\/p>\n<p>(Publicada el 01\/07\/2021 \/ Redaccion y AFP)<\/p>\n","protected":false},"excerpt":{"rendered":"<p>PAR\u00cdS, FRANCIA. \u2014 Un total de 130 pa\u00edses llegaron el jueves a un hist\u00f3rico acuerdo&#8230;<\/p>\n","protected":false},"author":1,"featured_media":117592,"comment_status":"open","ping_status":"open","sticky":false,"template":"","format":"standard","meta":{"_monsterinsights_skip_tracking":false,"_monsterinsights_sitenote_active":false,"_monsterinsights_sitenote_note":"","_monsterinsights_sitenote_category":0,"footnotes":""},"categories":[3],"tags":[],"class_list":["post"],"yoast_head":" \n<title>Sonora en Equipo. Hist\u00f3rico acuerdo sobre fiscalidad mundial de multinacionales en la OCDE MUNDO<\/title>\n<meta name=\"description\" content=\"PAR\u00cdS, FRANCIA. \u2014 Un total de 130 pa\u00edses llegaron el jueves a un hist\u00f3rico acuerdo de reforma fiscal para las multinacionales que incluye un impuesto En Sonora en Equipo publicamos toda la informaci\u00f3n de Sonora, M\u00e9xico y el Mundo de manera oportuna y busca que la libertad de expresi\u00f3n sea real. Visita nuestro medio informativo publicado desde Hermosillo, Sonora. %\" \/>\n<meta name=\"robots\" content=\"index, follow, max-snippet:-1, max-image-preview:large, max-video-preview:-1\" \/>\n<link rel=\"canonical\" href=\"https:\/\/www.sonoraenequipo.com.mx\/historico-acuerdo-sobre-fiscalidad-mundial-de-multinacionales-en-la-ocde\/\" \/>\n<meta property=\"og:locale\" content=\"es_ES\" \/>\n<meta property=\"og:type\" content=\"article\" \/>\n<meta property=\"og:title\" content=\"Sonora en Equipo. Hist\u00f3rico acuerdo sobre fiscalidad mundial de multinacionales en la OCDE MUNDO\" \/>\n<meta property=\"og:description\" content=\"PAR\u00cdS, FRANCIA. \u2014 Un total de 130 pa\u00edses llegaron el jueves a un hist\u00f3rico acuerdo de reforma fiscal para las multinacionales que incluye un impuesto En Sonora en Equipo publicamos toda la informaci\u00f3n de Sonora, M\u00e9xico y el Mundo de manera oportuna y busca que la libertad de expresi\u00f3n sea real. Visita nuestro medio informativo publicado desde Hermosillo, Sonora. %\" \/>\n<meta property=\"og:url\" content=\"https:\/\/www.sonoraenequipo.com.mx\/historico-acuerdo-sobre-fiscalidad-mundial-de-multinacionales-en-la-ocde\/\" \/>\n<meta property=\"og:site_name\" content=\"Sonora en Equipo.\" \/>\n<meta property=\"article:publisher\" content=\"https:\/\/www.facebook.com\/SonoraEE\/\" \/>\n<meta property=\"article:author\" content=\"https:\/\/www.facebook.com\/SonoraEE\" \/>\n<meta property=\"article:published_time\" content=\"2021-07-01T23:48:03+00:00\" \/>\n<meta property=\"article:modified_time\" content=\"2021-07-02T04:47:11+00:00\" \/>\n<meta property=\"og:image\" content=\"https:\/\/www.sonoraenequipo.com.mx\/storage\/2021\/07\/historico-acuerdo_opt.jpg\" \/>\n\t<meta property=\"og:image:width\" content=\"700\" \/>\n\t<meta property=\"og:image:height\" content=\"400\" \/>\n\t<meta property=\"og:image:type\" content=\"image\/jpeg\" \/>\n<meta name=\"author\" content=\"enequipo\" \/>\n<meta name=\"twitter:card\" content=\"summary_large_image\" \/>\n<meta name=\"twitter:creator\" content=\"@sonoraenequipo\" \/>\n<meta name=\"twitter:site\" content=\"@sonoraenequipo\" \/>\n<meta name=\"twitter:label1\" content=\"Escrito por\" \/>\n\t<meta name=\"twitter:data1\" content=\"enequipo\" \/>\n\t<meta name=\"twitter:label2\" content=\"Tiempo de lectura\" \/>\n\t<meta name=\"twitter:data2\" content=\"4 minutos\" \/>\n<script type=\"application\/ld+json\" class=\"yoast-schema-graph\">{\"@context\":\"https:\/\/schema.org\",\"@graph\":[{\"@type\":\"Article\",\"@id\":\"https:\/\/www.sonoraenequipo.com.mx\/historico-acuerdo-sobre-fiscalidad-mundial-de-multinacionales-en-la-ocde\/#article\",\"isPartOf\":{\"@id\":\"https:\/\/www.sonoraenequipo.com.mx\/historico-acuerdo-sobre-fiscalidad-mundial-de-multinacionales-en-la-ocde\/\"},\"author\":{\"name\":\"enequipo\",\"@id\":\"https:\/\/www.sonoraenequipo.com.mx\/#\/schema\/person\/50102df0fb23a8fa9e8effad8fa81386\"},\"headline\":\"Hist\u00f3rico acuerdo sobre fiscalidad mundial de multinacionales en la OCDE\",\"datePublished\":\"2021-07-01T23:48:03+00:00\",\"dateModified\":\"2021-07-02T04:47:11+00:00\",\"mainEntityOfPage\":{\"@id\":\"https:\/\/www.sonoraenequipo.com.mx\/historico-acuerdo-sobre-fiscalidad-mundial-de-multinacionales-en-la-ocde\/\"},\"wordCount\":844,\"commentCount\":0,\"publisher\":{\"@id\":\"https:\/\/www.sonoraenequipo.com.mx\/#organization\"},\"image\":{\"@id\":\"https:\/\/www.sonoraenequipo.com.mx\/historico-acuerdo-sobre-fiscalidad-mundial-de-multinacionales-en-la-ocde\/#primaryimage\"},\"thumbnailUrl\":\"https:\/\/www.sonoraenequipo.com.mx\/storage\/2021\/07\/historico-acuerdo_opt.jpg\",\"articleSection\":[\"MUNDO\"],\"inLanguage\":\"es\",\"potentialAction\":[{\"@type\":\"CommentAction\",\"name\":\"Comment\",\"target\":[\"https:\/\/www.sonoraenequipo.com.mx\/historico-acuerdo-sobre-fiscalidad-mundial-de-multinacionales-en-la-ocde\/#respond\"]}]},{\"@type\":\"WebPage\",\"@id\":\"https:\/\/www.sonoraenequipo.com.mx\/historico-acuerdo-sobre-fiscalidad-mundial-de-multinacionales-en-la-ocde\/\",\"url\":\"https:\/\/www.sonoraenequipo.com.mx\/historico-acuerdo-sobre-fiscalidad-mundial-de-multinacionales-en-la-ocde\/\",\"name\":\"Sonora en Equipo. Hist\u00f3rico acuerdo sobre fiscalidad mundial de multinacionales en la OCDE MUNDO\",\"isPartOf\":{\"@id\":\"https:\/\/www.sonoraenequipo.com.mx\/#website\"},\"primaryImageOfPage\":{\"@id\":\"https:\/\/www.sonoraenequipo.com.mx\/historico-acuerdo-sobre-fiscalidad-mundial-de-multinacionales-en-la-ocde\/#primaryimage\"},\"image\":{\"@id\":\"https:\/\/www.sonoraenequipo.com.mx\/historico-acuerdo-sobre-fiscalidad-mundial-de-multinacionales-en-la-ocde\/#primaryimage\"},\"thumbnailUrl\":\"https:\/\/www.sonoraenequipo.com.mx\/storage\/2021\/07\/historico-acuerdo_opt.jpg\",\"datePublished\":\"2021-07-01T23:48:03+00:00\",\"dateModified\":\"2021-07-02T04:47:11+00:00\",\"description\":\"PAR\u00cdS, FRANCIA. \u2014 Un total de 130 pa\u00edses llegaron el jueves a un hist\u00f3rico acuerdo de reforma fiscal para las multinacionales que incluye un impuesto En Sonora en Equipo publicamos toda la informaci\u00f3n de Sonora, M\u00e9xico y el Mundo de manera oportuna y busca que la libertad de expresi\u00f3n sea real. Visita nuestro medio informativo publicado desde Hermosillo, Sonora. %\",\"breadcrumb\":{\"@id\":\"https:\/\/www.sonoraenequipo.com.mx\/historico-acuerdo-sobre-fiscalidad-mundial-de-multinacionales-en-la-ocde\/#breadcrumb\"},\"inLanguage\":\"es\",\"potentialAction\":[{\"@type\":\"ReadAction\",\"target\":[\"https:\/\/www.sonoraenequipo.com.mx\/historico-acuerdo-sobre-fiscalidad-mundial-de-multinacionales-en-la-ocde\/\"]}]},{\"@type\":\"ImageObject\",\"inLanguage\":\"es\",\"@id\":\"https:\/\/www.sonoraenequipo.com.mx\/historico-acuerdo-sobre-fiscalidad-mundial-de-multinacionales-en-la-ocde\/#primaryimage\",\"url\":\"https:\/\/www.sonoraenequipo.com.mx\/storage\/2021\/07\/historico-acuerdo_opt.jpg\",\"contentUrl\":\"https:\/\/www.sonoraenequipo.com.mx\/storage\/2021\/07\/historico-acuerdo_opt.jpg\",\"width\":700,\"height\":400},{\"@type\":\"BreadcrumbList\",\"@id\":\"https:\/\/www.sonoraenequipo.com.mx\/historico-acuerdo-sobre-fiscalidad-mundial-de-multinacionales-en-la-ocde\/#breadcrumb\",\"itemListElement\":[{\"@type\":\"ListItem\",\"position\":1,\"name\":\"Portada\",\"item\":\"https:\/\/www.sonoraenequipo.com.mx\/\"},{\"@type\":\"ListItem\",\"position\":2,\"name\":\"Hist\u00f3rico acuerdo sobre fiscalidad mundial de multinacionales en la OCDE\"}]},{\"@type\":\"WebSite\",\"@id\":\"https:\/\/www.sonoraenequipo.com.mx\/#website\",\"url\":\"https:\/\/www.sonoraenequipo.com.mx\/\",\"name\":\"Sonora en Equipo.\",\"description\":\"Diario en l\u00ednea con Noticias desde Hermosillo, Sonora\",\"publisher\":{\"@id\":\"https:\/\/www.sonoraenequipo.com.mx\/#organization\"},\"potentialAction\":[{\"@type\":\"SearchAction\",\"target\":{\"@type\":\"EntryPoint\",\"urlTemplate\":\"https:\/\/www.sonoraenequipo.com.mx\/?s={search_term_string}\"},\"query-input\":{\"@type\":\"PropertyValueSpecification\",\"valueRequired\":true,\"valueName\":\"search_term_string\"}}],\"inLanguage\":\"es\"},{\"@type\":\"Organization\",\"@id\":\"https:\/\/www.sonoraenequipo.com.mx\/#organization\",\"name\":\"Sonoraenequipo.com.mx\",\"url\":\"https:\/\/www.sonoraenequipo.com.mx\/\",\"logo\":{\"@type\":\"ImageObject\",\"inLanguage\":\"es\",\"@id\":\"https:\/\/www.sonoraenequipo.com.mx\/#\/schema\/logo\/image\/\",\"url\":\"https:\/\/www.sonoraenequipo.com.mx\/storage\/2019\/01\/sonoraenequipo_opt.png\",\"contentUrl\":\"https:\/\/www.sonoraenequipo.com.mx\/storage\/2019\/01\/sonoraenequipo_opt.png\",\"width\":375,\"height\":125,\"caption\":\"Sonoraenequipo.com.mx\"},\"image\":{\"@id\":\"https:\/\/www.sonoraenequipo.com.mx\/#\/schema\/logo\/image\/\"},\"sameAs\":[\"https:\/\/www.facebook.com\/SonoraEE\/\",\"https:\/\/x.com\/sonoraenequipo\",\"https:\/\/www.youtube.com\/channel\/UC338nW-lPEYmJQs4ZABQ1SQ\"]},{\"@type\":\"Person\",\"@id\":\"https:\/\/www.sonoraenequipo.com.mx\/#\/schema\/person\/50102df0fb23a8fa9e8effad8fa81386\",\"name\":\"enequipo\",\"image\":{\"@type\":\"ImageObject\",\"inLanguage\":\"es\",\"@id\":\"https:\/\/www.sonoraenequipo.com.mx\/#\/schema\/person\/image\/\",\"url\":\"https:\/\/secure.gravatar.com\/avatar\/049821681b589dabc0bc20695993ccebb09f5b5d4d790cd9251b97faac7c652b?s=96&d=blank&r=g\",\"contentUrl\":\"https:\/\/secure.gravatar.com\/avatar\/049821681b589dabc0bc20695993ccebb09f5b5d4d790cd9251b97faac7c652b?s=96&d=blank&r=g\",\"caption\":\"enequipo\"},\"sameAs\":[\"https:\/\/www.facebook.com\/SonoraEE\"]}]}<\/script>\n ","yoast_head_json":{"title":"Sonora en Equipo. Hist\u00f3rico acuerdo sobre fiscalidad mundial de multinacionales en la OCDE MUNDO","description":"PAR\u00cdS, FRANCIA. \u2014 Un total de 130 pa\u00edses llegaron el jueves a un hist\u00f3rico acuerdo de reforma fiscal para las multinacionales que incluye un impuesto En Sonora en Equipo publicamos toda la informaci\u00f3n de Sonora, M\u00e9xico y el Mundo de manera oportuna y busca que la libertad de expresi\u00f3n sea real. Visita nuestro medio informativo publicado desde Hermosillo, Sonora. %","robots":{"index":"index","follow":"follow","max-snippet":"max-snippet:-1","max-image-preview":"max-image-preview:large","max-video-preview":"max-video-preview:-1"},"canonical":"https:\/\/www.sonoraenequipo.com.mx\/historico-acuerdo-sobre-fiscalidad-mundial-de-multinacionales-en-la-ocde\/","og_locale":"es_ES","og_type":"article","og_title":"Sonora en Equipo. Hist\u00f3rico acuerdo sobre fiscalidad mundial de multinacionales en la OCDE MUNDO","og_description":"PAR\u00cdS, FRANCIA. \u2014 Un total de 130 pa\u00edses llegaron el jueves a un hist\u00f3rico acuerdo de reforma fiscal para las multinacionales que incluye un impuesto En Sonora en Equipo publicamos toda la informaci\u00f3n de Sonora, M\u00e9xico y el Mundo de manera oportuna y busca que la libertad de expresi\u00f3n sea real. Visita nuestro medio informativo publicado desde Hermosillo, Sonora. %","og_url":"https:\/\/www.sonoraenequipo.com.mx\/historico-acuerdo-sobre-fiscalidad-mundial-de-multinacionales-en-la-ocde\/","og_site_name":"Sonora en Equipo.","article_publisher":"https:\/\/www.facebook.com\/SonoraEE\/","article_author":"https:\/\/www.facebook.com\/SonoraEE","article_published_time":"2021-07-01T23:48:03+00:00","article_modified_time":"2021-07-02T04:47:11+00:00","og_image":[{"width":700,"height":400,"url":"https:\/\/www.sonoraenequipo.com.mx\/storage\/2021\/07\/historico-acuerdo_opt.jpg","type":"image\/jpeg"}],"author":"enequipo","twitter_card":"summary_large_image","twitter_creator":"@sonoraenequipo","twitter_site":"@sonoraenequipo","twitter_misc":{"Escrito por":"enequipo","Tiempo de lectura":"4 minutos"},"schema":{"@context":"https:\/\/schema.org","@graph":[{"@type":"Article","@id":"https:\/\/www.sonoraenequipo.com.mx\/historico-acuerdo-sobre-fiscalidad-mundial-de-multinacionales-en-la-ocde\/#article","isPartOf":{"@id":"https:\/\/www.sonoraenequipo.com.mx\/historico-acuerdo-sobre-fiscalidad-mundial-de-multinacionales-en-la-ocde\/"},"author":{"name":"enequipo","@id":"https:\/\/www.sonoraenequipo.com.mx\/#\/schema\/person\/50102df0fb23a8fa9e8effad8fa81386"},"headline":"Hist\u00f3rico acuerdo sobre fiscalidad mundial de multinacionales en la OCDE","datePublished":"2021-07-01T23:48:03+00:00","dateModified":"2021-07-02T04:47:11+00:00","mainEntityOfPage":{"@id":"https:\/\/www.sonoraenequipo.com.mx\/historico-acuerdo-sobre-fiscalidad-mundial-de-multinacionales-en-la-ocde\/"},"wordCount":844,"commentCount":0,"publisher":{"@id":"https:\/\/www.sonoraenequipo.com.mx\/#organization"},"image":{"@id":"https:\/\/www.sonoraenequipo.com.mx\/historico-acuerdo-sobre-fiscalidad-mundial-de-multinacionales-en-la-ocde\/#primaryimage"},"thumbnailUrl":"https:\/\/www.sonoraenequipo.com.mx\/storage\/2021\/07\/historico-acuerdo_opt.jpg","articleSection":["MUNDO"],"inLanguage":"es","potentialAction":[{"@type":"CommentAction","name":"Comment","target":["https:\/\/www.sonoraenequipo.com.mx\/historico-acuerdo-sobre-fiscalidad-mundial-de-multinacionales-en-la-ocde\/#respond"]}]},{"@type":"WebPage","@id":"https:\/\/www.sonoraenequipo.com.mx\/historico-acuerdo-sobre-fiscalidad-mundial-de-multinacionales-en-la-ocde\/","url":"https:\/\/www.sonoraenequipo.com.mx\/historico-acuerdo-sobre-fiscalidad-mundial-de-multinacionales-en-la-ocde\/","name":"Sonora en Equipo. Hist\u00f3rico acuerdo sobre fiscalidad mundial de multinacionales en la OCDE MUNDO","isPartOf":{"@id":"https:\/\/www.sonoraenequipo.com.mx\/#website"},"primaryImageOfPage":{"@id":"https:\/\/www.sonoraenequipo.com.mx\/historico-acuerdo-sobre-fiscalidad-mundial-de-multinacionales-en-la-ocde\/#primaryimage"},"image":{"@id":"https:\/\/www.sonoraenequipo.com.mx\/historico-acuerdo-sobre-fiscalidad-mundial-de-multinacionales-en-la-ocde\/#primaryimage"},"thumbnailUrl":"https:\/\/www.sonoraenequipo.com.mx\/storage\/2021\/07\/historico-acuerdo_opt.jpg","datePublished":"2021-07-01T23:48:03+00:00","dateModified":"2021-07-02T04:47:11+00:00","description":"PAR\u00cdS, FRANCIA. \u2014 Un total de 130 pa\u00edses llegaron el jueves a un hist\u00f3rico acuerdo de reforma fiscal para las multinacionales que incluye un impuesto En Sonora en Equipo publicamos toda la informaci\u00f3n de Sonora, M\u00e9xico y el Mundo de manera oportuna y busca que la libertad de expresi\u00f3n sea real. Visita nuestro medio informativo publicado desde Hermosillo, Sonora. %","breadcrumb":{"@id":"https:\/\/www.sonoraenequipo.com.mx\/historico-acuerdo-sobre-fiscalidad-mundial-de-multinacionales-en-la-ocde\/#breadcrumb"},"inLanguage":"es","potentialAction":[{"@type":"ReadAction","target":["https:\/\/www.sonoraenequipo.com.mx\/historico-acuerdo-sobre-fiscalidad-mundial-de-multinacionales-en-la-ocde\/"]}]},{"@type":"ImageObject","inLanguage":"es","@id":"https:\/\/www.sonoraenequipo.com.mx\/historico-acuerdo-sobre-fiscalidad-mundial-de-multinacionales-en-la-ocde\/#primaryimage","url":"https:\/\/www.sonoraenequipo.com.mx\/storage\/2021\/07\/historico-acuerdo_opt.jpg","contentUrl":"https:\/\/www.sonoraenequipo.com.mx\/storage\/2021\/07\/historico-acuerdo_opt.jpg","width":700,"height":400},{"@type":"BreadcrumbList","@id":"https:\/\/www.sonoraenequipo.com.mx\/historico-acuerdo-sobre-fiscalidad-mundial-de-multinacionales-en-la-ocde\/#breadcrumb","itemListElement":[{"@type":"ListItem","position":1,"name":"Portada","item":"https:\/\/www.sonoraenequipo.com.mx\/"},{"@type":"ListItem","position":2,"name":"Hist\u00f3rico acuerdo sobre fiscalidad mundial de multinacionales en la OCDE"}]},{"@type":"WebSite","@id":"https:\/\/www.sonoraenequipo.com.mx\/#website","url":"https:\/\/www.sonoraenequipo.com.mx\/","name":"Sonora en Equipo.","description":"Diario en l\u00ednea con Noticias desde Hermosillo, Sonora","publisher":{"@id":"https:\/\/www.sonoraenequipo.com.mx\/#organization"},"potentialAction":[{"@type":"SearchAction","target":{"@type":"EntryPoint","urlTemplate":"https:\/\/www.sonoraenequipo.com.mx\/?s={search_term_string}"},"query-input":{"@type":"PropertyValueSpecification","valueRequired":true,"valueName":"search_term_string"}}],"inLanguage":"es"},{"@type":"Organization","@id":"https:\/\/www.sonoraenequipo.com.mx\/#organization","name":"Sonoraenequipo.com.mx","url":"https:\/\/www.sonoraenequipo.com.mx\/","logo":{"@type":"ImageObject","inLanguage":"es","@id":"https:\/\/www.sonoraenequipo.com.mx\/#\/schema\/logo\/image\/","url":"https:\/\/www.sonoraenequipo.com.mx\/storage\/2019\/01\/sonoraenequipo_opt.png","contentUrl":"https:\/\/www.sonoraenequipo.com.mx\/storage\/2019\/01\/sonoraenequipo_opt.png","width":375,"height":125,"caption":"Sonoraenequipo.com.mx"},"image":{"@id":"https:\/\/www.sonoraenequipo.com.mx\/#\/schema\/logo\/image\/"},"sameAs":["https:\/\/www.facebook.com\/SonoraEE\/","https:\/\/x.com\/sonoraenequipo","https:\/\/www.youtube.com\/channel\/UC338nW-lPEYmJQs4ZABQ1SQ"]},{"@type":"Person","@id":"https:\/\/www.sonoraenequipo.com.mx\/#\/schema\/person\/50102df0fb23a8fa9e8effad8fa81386","name":"enequipo","image":{"@type":"ImageObject","inLanguage":"es","@id":"https:\/\/www.sonoraenequipo.com.mx\/#\/schema\/person\/image\/","url":"https:\/\/secure.gravatar.com\/avatar\/049821681b589dabc0bc20695993ccebb09f5b5d4d790cd9251b97faac7c652b?s=96&d=blank&r=g","contentUrl":"https:\/\/secure.gravatar.com\/avatar\/049821681b589dabc0bc20695993ccebb09f5b5d4d790cd9251b97faac7c652b?s=96&d=blank&r=g","caption":"enequipo"},"sameAs":["https:\/\/www.facebook.com\/SonoraEE"]}]}},"jetpack_featured_media_url":"https:\/\/www.sonoraenequipo.com.mx\/storage\/2021\/07\/historico-acuerdo_opt.jpg","_links":{"self":[{"href":"https:\/\/www.sonoraenequipo.com.mx\/api\/wp\/v2\/posts\/117591","targetHints":{"allow":["GET"]}}],"collection":[{"href":"https:\/\/www.sonoraenequipo.com.mx\/api\/wp\/v2\/posts"}],"about":[{"href":"https:\/\/www.sonoraenequipo.com.mx\/api\/wp\/v2\/types\/post"}],"author":[{"embeddable":true,"href":"https:\/\/www.sonoraenequipo.com.mx\/api\/wp\/v2\/users\/1"}],"replies":[{"embeddable":true,"href":"https:\/\/www.sonoraenequipo.com.mx\/api\/wp\/v2\/comments?post=117591"}],"version-history":[{"count":2,"href":"https:\/\/www.sonoraenequipo.com.mx\/api\/wp\/v2\/posts\/117591\/revisions"}],"predecessor-version":[{"id":117594,"href":"https:\/\/www.sonoraenequipo.com.mx\/api\/wp\/v2\/posts\/117591\/revisions\/117594"}],"wp:featuredmedia":[{"embeddable":true,"href":"https:\/\/www.sonoraenequipo.com.mx\/api\/wp\/v2\/media\/117592"}],"wp:attachment":[{"href":"https:\/\/www.sonoraenequipo.com.mx\/api\/wp\/v2\/media?parent=117591"}],"wp:term":[{"taxonomy":"category","embeddable":true,"href":"https:\/\/www.sonoraenequipo.com.mx\/api\/wp\/v2\/categories?post=117591"},{"taxonomy":"post_tag","embeddable":true,"href":"https:\/\/www.sonoraenequipo.com.mx\/api\/wp\/v2\/tags?post=117591"}],"curies":[{"name":"wp","href":"https:\/\/api.w.org\/{rel}","templated":true}]}}