{"id":117595,"date":"2021-07-01T14:00:29","date_gmt":"2021-07-01T21:00:29","guid":{"rendered":"https:\/\/www.sonoraenequipo.com.mx\/?p=117595"},"modified":"2021-07-01T21:55:37","modified_gmt":"2021-07-02T04:55:37","slug":"filipinas-en-alerta-tras-erupcion-del-volcan-taal","status":"publish","type":"post","link":"https:\/\/www.sonoraenequipo.com.mx\/filipinas-en-alerta-tras-erupcion-del-volcan-taal\/","title":{"rendered":"Filipinas, en alerta tras erupci\u00f3n del volc\u00e1n Taal"},"content":{"rendered":"<p>MANILA, FILIPINAS. \u2014 La agencia sismol\u00f3gica de Filipinas inst\u00f3 este jueves (01.07.2021) a la evacuaci\u00f3n de miles de personas en las cercan\u00edas de un volc\u00e1n al sur de Manila, despu\u00e9s de que entrara en erupci\u00f3n.<\/p>\n<p>&nbsp;<\/p>\n<p> <\/p>\n<p>&nbsp;<\/p>\n<p>El volc\u00e1n Taal, ubicado en medio de un pintoresco lago, lleva d\u00edas expulsando di\u00f3xido de azufre, creando una espesa neblina sobre la capital y varias provincias de los alrededores, lo que comport\u00f3 advertencias sanitarias por parte de las autoridades.<\/p>\n<p>&nbsp;<\/p>\n<p>La \u00faltima erupci\u00f3n se remonta a enero de 2020. En aquel entonces, el volc\u00e1n expuls\u00f3 cenizas que alcanzaron los 15 km de altura y la lava que arroj\u00f3 asol\u00f3 una gran multitud de viviendas, obligando a m\u00e1s de 135.000 personas a trasladarse a refugios.<\/p>\n<p>&nbsp;<\/p>\n<p>El volc\u00e1n Taal volvi\u00f3 a la vida el jueves por la tarde, con \u00abun fugaz y oscuro penacho freatomagm\u00e1tico\u00bb que ascendi\u00f3 hasta casi un kil\u00f3metro, indic\u00f3 el Instituto de Vulcanolog\u00eda y Sismolog\u00eda de Filipinas en un comunicado.<\/p>\n<p>&nbsp;<\/p>\n<p>Luego le siguieron \u00abcuatro breves estallidos freatomagm\u00e1ticos\u00bb que produjeron penachos de 200 metros de altura sobre el lago principal del cr\u00e1ter, indic\u00f3 el instituto en una actualizaci\u00f3n posterior.<\/p>\n<p>&nbsp;<\/p>\n<p>La agencia advirti\u00f3 de posibles <em>\u00aberupciones sucesivas\u00bb<\/em> y aument\u00f3 el nivel de alerta de dos a tres, recomendando la evacuaci\u00f3n de la isla y de las localidades de Agoncillo y Laurel, situadas en una \u00e1rea de<em> \u00abalto riesgo\u00bb.<\/em><\/p>\n<p>&nbsp;<\/p>\n<p>&nbsp;<\/p>\n<p>\u00abIncrementamos la alerta porque algo est\u00e1 ocurriendo y esto podr\u00eda conducir a una actividad mayor\u00bb, declar\u00f3 el director de la agencia, Renato Solidum, a la AFP.<\/p>\n<p>&nbsp;<\/p>\n<p>Mariton Bornas, que dirige al secci\u00f3n de la agencia dedicada al monitoreo de volcanes, afirm\u00f3 que \u00abno esperan que suceda lo mismo\u00bb que en la erupci\u00f3n del a\u00f1o pasado.<\/p>\n<p>&nbsp;<\/p>\n<p>Un portavoz de la agencia nacional de gesti\u00f3n de cat\u00e1strofes afirm\u00f3 que sus agentes locales convocaron una reuni\u00f3n de emergencia con funcionarios del gobierno y los servicios de emergencias. Seg\u00fan \u00e9l, unas 15.000 personas viven en las zonas m\u00e1s vulnerables.<\/p>\n<p>&nbsp;<\/p>\n<p>El responsable de cat\u00e1strofes de Agoncillo, Junfrance De Villa, dijo a la AFP que se estaban haciendo preparativos en caso de evacuaci\u00f3n de la comunidad junto al lago.<\/p>\n<p>&nbsp;<\/p>\n<p><em>\u00abAlgunos ya se han refugiado con familiares\u00bb,<\/em> dijo De Villa.<\/p>\n<p>&nbsp;<\/p>\n<p>La Cruz Roja Filipina tuite\u00f3 a \u00faltima hora del jueves que sus voluntarios llevaron a algunos residentes de una zona de Laurel hasta una escuela primaria que se est\u00e1 utilizando como refugio.<\/p>\n<p>&nbsp;<\/p>\n<p>El volc\u00e1n Taal es uno de los volcanes m\u00e1s activos en el pa\u00eds, regularmente golpeado por erupciones y terremotos, al estar situado en el Cintur\u00f3n de Fuego del Pac\u00edfico, una zona de intensa actividad s\u00edsmica.<\/p>\n<p>&nbsp;<\/p>\n<p>El acceso a la isla donde se encuentra el volc\u00e1n Taal, donde en el pasado viv\u00edan miles de personas, est\u00e1 prohibido desde el a\u00f1o pasado.<\/p>\n<p>&nbsp;<\/p>\n<p>&nbsp;<\/p>\n<p>(Publicada el 01\/07\/2021 \/ AFP)<\/p>\n","protected":false},"excerpt":{"rendered":"<p>MANILA, FILIPINAS. \u2014 La agencia sismol\u00f3gica de Filipinas inst\u00f3 este jueves (01.07.2021) a la evacuaci\u00f3n&#8230;<\/p>\n","protected":false},"author":1,"featured_media":117596,"comment_status":"open","ping_status":"open","sticky":false,"template":"","format":"standard","meta":{"_monsterinsights_skip_tracking":false,"_monsterinsights_sitenote_active":false,"_monsterinsights_sitenote_note":"","_monsterinsights_sitenote_category":0,"footnotes":""},"categories":[3],"tags":[],"class_list":["post"],"yoast_head":" \n<title>Sonora en Equipo. Filipinas, en alerta tras erupci\u00f3n del volc\u00e1n Taal MUNDO<\/title>\n<meta name=\"description\" content=\"MANILA, FILIPINAS. \u2014 La agencia sismol\u00f3gica de Filipinas inst\u00f3 este jueves (01.07.2021) a la evacuaci\u00f3n de miles de personas en las cercan\u00edas de un volc\u00e1n En Sonora en Equipo publicamos toda la informaci\u00f3n de Sonora, M\u00e9xico y el Mundo de manera oportuna y busca que la libertad de expresi\u00f3n sea real. Visita nuestro medio informativo publicado desde Hermosillo, Sonora. %\" \/>\n<meta name=\"robots\" content=\"index, follow, max-snippet:-1, max-image-preview:large, max-video-preview:-1\" \/>\n<link rel=\"canonical\" href=\"https:\/\/www.sonoraenequipo.com.mx\/filipinas-en-alerta-tras-erupcion-del-volcan-taal\/\" \/>\n<meta property=\"og:locale\" content=\"es_ES\" \/>\n<meta property=\"og:type\" content=\"article\" \/>\n<meta property=\"og:title\" content=\"Sonora en Equipo. Filipinas, en alerta tras erupci\u00f3n del volc\u00e1n Taal MUNDO\" \/>\n<meta property=\"og:description\" content=\"MANILA, FILIPINAS. \u2014 La agencia sismol\u00f3gica de Filipinas inst\u00f3 este jueves (01.07.2021) a la evacuaci\u00f3n de miles de personas en las cercan\u00edas de un volc\u00e1n En Sonora en Equipo publicamos toda la informaci\u00f3n de Sonora, M\u00e9xico y el Mundo de manera oportuna y busca que la libertad de expresi\u00f3n sea real. Visita nuestro medio informativo publicado desde Hermosillo, Sonora. %\" \/>\n<meta property=\"og:url\" content=\"https:\/\/www.sonoraenequipo.com.mx\/filipinas-en-alerta-tras-erupcion-del-volcan-taal\/\" \/>\n<meta property=\"og:site_name\" content=\"Sonora en Equipo.\" \/>\n<meta property=\"article:publisher\" content=\"https:\/\/www.facebook.com\/SonoraEE\/\" \/>\n<meta property=\"article:author\" content=\"https:\/\/www.facebook.com\/SonoraEE\" \/>\n<meta property=\"article:published_time\" content=\"2021-07-01T21:00:29+00:00\" \/>\n<meta property=\"article:modified_time\" content=\"2021-07-02T04:55:37+00:00\" \/>\n<meta property=\"og:image\" content=\"https:\/\/www.sonoraenequipo.com.mx\/storage\/2021\/07\/volcan-filipino_opt.jpg\" \/>\n\t<meta property=\"og:image:width\" content=\"700\" \/>\n\t<meta property=\"og:image:height\" content=\"400\" \/>\n\t<meta property=\"og:image:type\" content=\"image\/jpeg\" \/>\n<meta name=\"author\" content=\"enequipo\" \/>\n<meta name=\"twitter:card\" content=\"summary_large_image\" \/>\n<meta name=\"twitter:creator\" content=\"@sonoraenequipo\" \/>\n<meta name=\"twitter:site\" content=\"@sonoraenequipo\" \/>\n<meta name=\"twitter:label1\" content=\"Escrito por\" \/>\n\t<meta name=\"twitter:data1\" content=\"enequipo\" \/>\n\t<meta name=\"twitter:label2\" content=\"Tiempo de lectura\" \/>\n\t<meta name=\"twitter:data2\" content=\"2 minutos\" \/>\n<script type=\"application\/ld+json\" class=\"yoast-schema-graph\">{\"@context\":\"https:\/\/schema.org\",\"@graph\":[{\"@type\":\"Article\",\"@id\":\"https:\/\/www.sonoraenequipo.com.mx\/filipinas-en-alerta-tras-erupcion-del-volcan-taal\/#article\",\"isPartOf\":{\"@id\":\"https:\/\/www.sonoraenequipo.com.mx\/filipinas-en-alerta-tras-erupcion-del-volcan-taal\/\"},\"author\":{\"name\":\"enequipo\",\"@id\":\"https:\/\/www.sonoraenequipo.com.mx\/#\/schema\/person\/50102df0fb23a8fa9e8effad8fa81386\"},\"headline\":\"Filipinas, en alerta tras erupci\u00f3n del volc\u00e1n Taal\",\"datePublished\":\"2021-07-01T21:00:29+00:00\",\"dateModified\":\"2021-07-02T04:55:37+00:00\",\"mainEntityOfPage\":{\"@id\":\"https:\/\/www.sonoraenequipo.com.mx\/filipinas-en-alerta-tras-erupcion-del-volcan-taal\/\"},\"wordCount\":510,\"commentCount\":0,\"publisher\":{\"@id\":\"https:\/\/www.sonoraenequipo.com.mx\/#organization\"},\"image\":{\"@id\":\"https:\/\/www.sonoraenequipo.com.mx\/filipinas-en-alerta-tras-erupcion-del-volcan-taal\/#primaryimage\"},\"thumbnailUrl\":\"https:\/\/www.sonoraenequipo.com.mx\/storage\/2021\/07\/volcan-filipino_opt.jpg\",\"articleSection\":[\"MUNDO\"],\"inLanguage\":\"es\",\"potentialAction\":[{\"@type\":\"CommentAction\",\"name\":\"Comment\",\"target\":[\"https:\/\/www.sonoraenequipo.com.mx\/filipinas-en-alerta-tras-erupcion-del-volcan-taal\/#respond\"]}]},{\"@type\":\"WebPage\",\"@id\":\"https:\/\/www.sonoraenequipo.com.mx\/filipinas-en-alerta-tras-erupcion-del-volcan-taal\/\",\"url\":\"https:\/\/www.sonoraenequipo.com.mx\/filipinas-en-alerta-tras-erupcion-del-volcan-taal\/\",\"name\":\"Sonora en Equipo. Filipinas, en alerta tras erupci\u00f3n del volc\u00e1n Taal MUNDO\",\"isPartOf\":{\"@id\":\"https:\/\/www.sonoraenequipo.com.mx\/#website\"},\"primaryImageOfPage\":{\"@id\":\"https:\/\/www.sonoraenequipo.com.mx\/filipinas-en-alerta-tras-erupcion-del-volcan-taal\/#primaryimage\"},\"image\":{\"@id\":\"https:\/\/www.sonoraenequipo.com.mx\/filipinas-en-alerta-tras-erupcion-del-volcan-taal\/#primaryimage\"},\"thumbnailUrl\":\"https:\/\/www.sonoraenequipo.com.mx\/storage\/2021\/07\/volcan-filipino_opt.jpg\",\"datePublished\":\"2021-07-01T21:00:29+00:00\",\"dateModified\":\"2021-07-02T04:55:37+00:00\",\"description\":\"MANILA, FILIPINAS. \u2014 La agencia sismol\u00f3gica de Filipinas inst\u00f3 este jueves (01.07.2021) a la evacuaci\u00f3n de miles de personas en las cercan\u00edas de un volc\u00e1n En Sonora en Equipo publicamos toda la informaci\u00f3n de Sonora, M\u00e9xico y el Mundo de manera oportuna y busca que la libertad de expresi\u00f3n sea real. Visita nuestro medio informativo publicado desde Hermosillo, Sonora. %\",\"breadcrumb\":{\"@id\":\"https:\/\/www.sonoraenequipo.com.mx\/filipinas-en-alerta-tras-erupcion-del-volcan-taal\/#breadcrumb\"},\"inLanguage\":\"es\",\"potentialAction\":[{\"@type\":\"ReadAction\",\"target\":[\"https:\/\/www.sonoraenequipo.com.mx\/filipinas-en-alerta-tras-erupcion-del-volcan-taal\/\"]}]},{\"@type\":\"ImageObject\",\"inLanguage\":\"es\",\"@id\":\"https:\/\/www.sonoraenequipo.com.mx\/filipinas-en-alerta-tras-erupcion-del-volcan-taal\/#primaryimage\",\"url\":\"https:\/\/www.sonoraenequipo.com.mx\/storage\/2021\/07\/volcan-filipino_opt.jpg\",\"contentUrl\":\"https:\/\/www.sonoraenequipo.com.mx\/storage\/2021\/07\/volcan-filipino_opt.jpg\",\"width\":700,\"height\":400},{\"@type\":\"BreadcrumbList\",\"@id\":\"https:\/\/www.sonoraenequipo.com.mx\/filipinas-en-alerta-tras-erupcion-del-volcan-taal\/#breadcrumb\",\"itemListElement\":[{\"@type\":\"ListItem\",\"position\":1,\"name\":\"Portada\",\"item\":\"https:\/\/www.sonoraenequipo.com.mx\/\"},{\"@type\":\"ListItem\",\"position\":2,\"name\":\"Filipinas, en alerta tras erupci\u00f3n del volc\u00e1n Taal\"}]},{\"@type\":\"WebSite\",\"@id\":\"https:\/\/www.sonoraenequipo.com.mx\/#website\",\"url\":\"https:\/\/www.sonoraenequipo.com.mx\/\",\"name\":\"Sonora en Equipo.\",\"description\":\"Diario en l\u00ednea con Noticias desde Hermosillo, Sonora\",\"publisher\":{\"@id\":\"https:\/\/www.sonoraenequipo.com.mx\/#organization\"},\"potentialAction\":[{\"@type\":\"SearchAction\",\"target\":{\"@type\":\"EntryPoint\",\"urlTemplate\":\"https:\/\/www.sonoraenequipo.com.mx\/?s={search_term_string}\"},\"query-input\":{\"@type\":\"PropertyValueSpecification\",\"valueRequired\":true,\"valueName\":\"search_term_string\"}}],\"inLanguage\":\"es\"},{\"@type\":\"Organization\",\"@id\":\"https:\/\/www.sonoraenequipo.com.mx\/#organization\",\"name\":\"Sonoraenequipo.com.mx\",\"url\":\"https:\/\/www.sonoraenequipo.com.mx\/\",\"logo\":{\"@type\":\"ImageObject\",\"inLanguage\":\"es\",\"@id\":\"https:\/\/www.sonoraenequipo.com.mx\/#\/schema\/logo\/image\/\",\"url\":\"https:\/\/www.sonoraenequipo.com.mx\/storage\/2019\/01\/sonoraenequipo_opt.png\",\"contentUrl\":\"https:\/\/www.sonoraenequipo.com.mx\/storage\/2019\/01\/sonoraenequipo_opt.png\",\"width\":375,\"height\":125,\"caption\":\"Sonoraenequipo.com.mx\"},\"image\":{\"@id\":\"https:\/\/www.sonoraenequipo.com.mx\/#\/schema\/logo\/image\/\"},\"sameAs\":[\"https:\/\/www.facebook.com\/SonoraEE\/\",\"https:\/\/x.com\/sonoraenequipo\",\"https:\/\/www.youtube.com\/channel\/UC338nW-lPEYmJQs4ZABQ1SQ\"]},{\"@type\":\"Person\",\"@id\":\"https:\/\/www.sonoraenequipo.com.mx\/#\/schema\/person\/50102df0fb23a8fa9e8effad8fa81386\",\"name\":\"enequipo\",\"image\":{\"@type\":\"ImageObject\",\"inLanguage\":\"es\",\"@id\":\"https:\/\/www.sonoraenequipo.com.mx\/#\/schema\/person\/image\/\",\"url\":\"https:\/\/secure.gravatar.com\/avatar\/049821681b589dabc0bc20695993ccebb09f5b5d4d790cd9251b97faac7c652b?s=96&d=blank&r=g\",\"contentUrl\":\"https:\/\/secure.gravatar.com\/avatar\/049821681b589dabc0bc20695993ccebb09f5b5d4d790cd9251b97faac7c652b?s=96&d=blank&r=g\",\"caption\":\"enequipo\"},\"sameAs\":[\"https:\/\/www.facebook.com\/SonoraEE\"]}]}<\/script>\n ","yoast_head_json":{"title":"Sonora en Equipo. Filipinas, en alerta tras erupci\u00f3n del volc\u00e1n Taal MUNDO","description":"MANILA, FILIPINAS. \u2014 La agencia sismol\u00f3gica de Filipinas inst\u00f3 este jueves (01.07.2021) a la evacuaci\u00f3n de miles de personas en las cercan\u00edas de un volc\u00e1n En Sonora en Equipo publicamos toda la informaci\u00f3n de Sonora, M\u00e9xico y el Mundo de manera oportuna y busca que la libertad de expresi\u00f3n sea real. Visita nuestro medio informativo publicado desde Hermosillo, Sonora. %","robots":{"index":"index","follow":"follow","max-snippet":"max-snippet:-1","max-image-preview":"max-image-preview:large","max-video-preview":"max-video-preview:-1"},"canonical":"https:\/\/www.sonoraenequipo.com.mx\/filipinas-en-alerta-tras-erupcion-del-volcan-taal\/","og_locale":"es_ES","og_type":"article","og_title":"Sonora en Equipo. Filipinas, en alerta tras erupci\u00f3n del volc\u00e1n Taal MUNDO","og_description":"MANILA, FILIPINAS. \u2014 La agencia sismol\u00f3gica de Filipinas inst\u00f3 este jueves (01.07.2021) a la evacuaci\u00f3n de miles de personas en las cercan\u00edas de un volc\u00e1n En Sonora en Equipo publicamos toda la informaci\u00f3n de Sonora, M\u00e9xico y el Mundo de manera oportuna y busca que la libertad de expresi\u00f3n sea real. Visita nuestro medio informativo publicado desde Hermosillo, Sonora. %","og_url":"https:\/\/www.sonoraenequipo.com.mx\/filipinas-en-alerta-tras-erupcion-del-volcan-taal\/","og_site_name":"Sonora en Equipo.","article_publisher":"https:\/\/www.facebook.com\/SonoraEE\/","article_author":"https:\/\/www.facebook.com\/SonoraEE","article_published_time":"2021-07-01T21:00:29+00:00","article_modified_time":"2021-07-02T04:55:37+00:00","og_image":[{"width":700,"height":400,"url":"https:\/\/www.sonoraenequipo.com.mx\/storage\/2021\/07\/volcan-filipino_opt.jpg","type":"image\/jpeg"}],"author":"enequipo","twitter_card":"summary_large_image","twitter_creator":"@sonoraenequipo","twitter_site":"@sonoraenequipo","twitter_misc":{"Escrito por":"enequipo","Tiempo de lectura":"2 minutos"},"schema":{"@context":"https:\/\/schema.org","@graph":[{"@type":"Article","@id":"https:\/\/www.sonoraenequipo.com.mx\/filipinas-en-alerta-tras-erupcion-del-volcan-taal\/#article","isPartOf":{"@id":"https:\/\/www.sonoraenequipo.com.mx\/filipinas-en-alerta-tras-erupcion-del-volcan-taal\/"},"author":{"name":"enequipo","@id":"https:\/\/www.sonoraenequipo.com.mx\/#\/schema\/person\/50102df0fb23a8fa9e8effad8fa81386"},"headline":"Filipinas, en alerta tras erupci\u00f3n del volc\u00e1n Taal","datePublished":"2021-07-01T21:00:29+00:00","dateModified":"2021-07-02T04:55:37+00:00","mainEntityOfPage":{"@id":"https:\/\/www.sonoraenequipo.com.mx\/filipinas-en-alerta-tras-erupcion-del-volcan-taal\/"},"wordCount":510,"commentCount":0,"publisher":{"@id":"https:\/\/www.sonoraenequipo.com.mx\/#organization"},"image":{"@id":"https:\/\/www.sonoraenequipo.com.mx\/filipinas-en-alerta-tras-erupcion-del-volcan-taal\/#primaryimage"},"thumbnailUrl":"https:\/\/www.sonoraenequipo.com.mx\/storage\/2021\/07\/volcan-filipino_opt.jpg","articleSection":["MUNDO"],"inLanguage":"es","potentialAction":[{"@type":"CommentAction","name":"Comment","target":["https:\/\/www.sonoraenequipo.com.mx\/filipinas-en-alerta-tras-erupcion-del-volcan-taal\/#respond"]}]},{"@type":"WebPage","@id":"https:\/\/www.sonoraenequipo.com.mx\/filipinas-en-alerta-tras-erupcion-del-volcan-taal\/","url":"https:\/\/www.sonoraenequipo.com.mx\/filipinas-en-alerta-tras-erupcion-del-volcan-taal\/","name":"Sonora en Equipo. Filipinas, en alerta tras erupci\u00f3n del volc\u00e1n Taal MUNDO","isPartOf":{"@id":"https:\/\/www.sonoraenequipo.com.mx\/#website"},"primaryImageOfPage":{"@id":"https:\/\/www.sonoraenequipo.com.mx\/filipinas-en-alerta-tras-erupcion-del-volcan-taal\/#primaryimage"},"image":{"@id":"https:\/\/www.sonoraenequipo.com.mx\/filipinas-en-alerta-tras-erupcion-del-volcan-taal\/#primaryimage"},"thumbnailUrl":"https:\/\/www.sonoraenequipo.com.mx\/storage\/2021\/07\/volcan-filipino_opt.jpg","datePublished":"2021-07-01T21:00:29+00:00","dateModified":"2021-07-02T04:55:37+00:00","description":"MANILA, FILIPINAS. \u2014 La agencia sismol\u00f3gica de Filipinas inst\u00f3 este jueves (01.07.2021) a la evacuaci\u00f3n de miles de personas en las cercan\u00edas de un volc\u00e1n En Sonora en Equipo publicamos toda la informaci\u00f3n de Sonora, M\u00e9xico y el Mundo de manera oportuna y busca que la libertad de expresi\u00f3n sea real. Visita nuestro medio informativo publicado desde Hermosillo, Sonora. %","breadcrumb":{"@id":"https:\/\/www.sonoraenequipo.com.mx\/filipinas-en-alerta-tras-erupcion-del-volcan-taal\/#breadcrumb"},"inLanguage":"es","potentialAction":[{"@type":"ReadAction","target":["https:\/\/www.sonoraenequipo.com.mx\/filipinas-en-alerta-tras-erupcion-del-volcan-taal\/"]}]},{"@type":"ImageObject","inLanguage":"es","@id":"https:\/\/www.sonoraenequipo.com.mx\/filipinas-en-alerta-tras-erupcion-del-volcan-taal\/#primaryimage","url":"https:\/\/www.sonoraenequipo.com.mx\/storage\/2021\/07\/volcan-filipino_opt.jpg","contentUrl":"https:\/\/www.sonoraenequipo.com.mx\/storage\/2021\/07\/volcan-filipino_opt.jpg","width":700,"height":400},{"@type":"BreadcrumbList","@id":"https:\/\/www.sonoraenequipo.com.mx\/filipinas-en-alerta-tras-erupcion-del-volcan-taal\/#breadcrumb","itemListElement":[{"@type":"ListItem","position":1,"name":"Portada","item":"https:\/\/www.sonoraenequipo.com.mx\/"},{"@type":"ListItem","position":2,"name":"Filipinas, en alerta tras erupci\u00f3n del volc\u00e1n Taal"}]},{"@type":"WebSite","@id":"https:\/\/www.sonoraenequipo.com.mx\/#website","url":"https:\/\/www.sonoraenequipo.com.mx\/","name":"Sonora en Equipo.","description":"Diario en l\u00ednea con Noticias desde Hermosillo, Sonora","publisher":{"@id":"https:\/\/www.sonoraenequipo.com.mx\/#organization"},"potentialAction":[{"@type":"SearchAction","target":{"@type":"EntryPoint","urlTemplate":"https:\/\/www.sonoraenequipo.com.mx\/?s={search_term_string}"},"query-input":{"@type":"PropertyValueSpecification","valueRequired":true,"valueName":"search_term_string"}}],"inLanguage":"es"},{"@type":"Organization","@id":"https:\/\/www.sonoraenequipo.com.mx\/#organization","name":"Sonoraenequipo.com.mx","url":"https:\/\/www.sonoraenequipo.com.mx\/","logo":{"@type":"ImageObject","inLanguage":"es","@id":"https:\/\/www.sonoraenequipo.com.mx\/#\/schema\/logo\/image\/","url":"https:\/\/www.sonoraenequipo.com.mx\/storage\/2019\/01\/sonoraenequipo_opt.png","contentUrl":"https:\/\/www.sonoraenequipo.com.mx\/storage\/2019\/01\/sonoraenequipo_opt.png","width":375,"height":125,"caption":"Sonoraenequipo.com.mx"},"image":{"@id":"https:\/\/www.sonoraenequipo.com.mx\/#\/schema\/logo\/image\/"},"sameAs":["https:\/\/www.facebook.com\/SonoraEE\/","https:\/\/x.com\/sonoraenequipo","https:\/\/www.youtube.com\/channel\/UC338nW-lPEYmJQs4ZABQ1SQ"]},{"@type":"Person","@id":"https:\/\/www.sonoraenequipo.com.mx\/#\/schema\/person\/50102df0fb23a8fa9e8effad8fa81386","name":"enequipo","image":{"@type":"ImageObject","inLanguage":"es","@id":"https:\/\/www.sonoraenequipo.com.mx\/#\/schema\/person\/image\/","url":"https:\/\/secure.gravatar.com\/avatar\/049821681b589dabc0bc20695993ccebb09f5b5d4d790cd9251b97faac7c652b?s=96&d=blank&r=g","contentUrl":"https:\/\/secure.gravatar.com\/avatar\/049821681b589dabc0bc20695993ccebb09f5b5d4d790cd9251b97faac7c652b?s=96&d=blank&r=g","caption":"enequipo"},"sameAs":["https:\/\/www.facebook.com\/SonoraEE"]}]}},"jetpack_featured_media_url":"https:\/\/www.sonoraenequipo.com.mx\/storage\/2021\/07\/volcan-filipino_opt.jpg","_links":{"self":[{"href":"https:\/\/www.sonoraenequipo.com.mx\/api\/wp\/v2\/posts\/117595","targetHints":{"allow":["GET"]}}],"collection":[{"href":"https:\/\/www.sonoraenequipo.com.mx\/api\/wp\/v2\/posts"}],"about":[{"href":"https:\/\/www.sonoraenequipo.com.mx\/api\/wp\/v2\/types\/post"}],"author":[{"embeddable":true,"href":"https:\/\/www.sonoraenequipo.com.mx\/api\/wp\/v2\/users\/1"}],"replies":[{"embeddable":true,"href":"https:\/\/www.sonoraenequipo.com.mx\/api\/wp\/v2\/comments?post=117595"}],"version-history":[{"count":3,"href":"https:\/\/www.sonoraenequipo.com.mx\/api\/wp\/v2\/posts\/117595\/revisions"}],"predecessor-version":[{"id":117599,"href":"https:\/\/www.sonoraenequipo.com.mx\/api\/wp\/v2\/posts\/117595\/revisions\/117599"}],"wp:featuredmedia":[{"embeddable":true,"href":"https:\/\/www.sonoraenequipo.com.mx\/api\/wp\/v2\/media\/117596"}],"wp:attachment":[{"href":"https:\/\/www.sonoraenequipo.com.mx\/api\/wp\/v2\/media?parent=117595"}],"wp:term":[{"taxonomy":"category","embeddable":true,"href":"https:\/\/www.sonoraenequipo.com.mx\/api\/wp\/v2\/categories?post=117595"},{"taxonomy":"post_tag","embeddable":true,"href":"https:\/\/www.sonoraenequipo.com.mx\/api\/wp\/v2\/tags?post=117595"}],"curies":[{"name":"wp","href":"https:\/\/api.w.org\/{rel}","templated":true}]}}