{"id":117608,"date":"2021-07-01T10:40:15","date_gmt":"2021-07-01T17:40:15","guid":{"rendered":"https:\/\/www.sonoraenequipo.com.mx\/?p=117608"},"modified":"2021-07-01T22:18:34","modified_gmt":"2021-07-02T05:18:34","slug":"jeff-bezos-invita-a-pionera-aeroespacial-a-acompanarlo-al-espacio","status":"publish","type":"post","link":"https:\/\/www.sonoraenequipo.com.mx\/jeff-bezos-invita-a-pionera-aeroespacial-a-acompanarlo-al-espacio\/","title":{"rendered":"Jeff Bezos invita a pionera aeroespacial a acompa\u00f1arlo al espacio"},"content":{"rendered":"<p>CABO CA\u00d1AVERAL. ESTADOS UNIDOS. \u2014 Jeff Bezos, el due\u00f1o de Blue Origin, ha escogido a una de las primeras mujeres del sector aeroespacial \u2014una piloto de 82 a\u00f1os a la que le negaron las alas de astronauta por motivos de g\u00e9nero\u2014 a acompa\u00f1arlo al espacio en las pr\u00f3ximas semanas.<\/p>\n<p>&nbsp;<\/p>\n<p> <\/p>\n<p>&nbsp;<\/p>\n<p>La empresa anunci\u00f3 el jueves que Wally Funk ser\u00e1 una <em>\u201cinvitada de honor\u201d<\/em> el 20 de julio cuando despegue la nave que lleva una c\u00e1psula para un salto de 10 minutos. Estar\u00e1n a bordo Bezos, su hermano y el ganador de una subasta, los primeros en volar en un cohete New Shepard.<\/p>\n<p>&nbsp;<\/p>\n<p>Funk es una de las llamadas 13 mujeres Mercury que entrenaron como astronautas en los a\u00f1os 60 pero nunca fueron al espacio \u2014ni siquiera fueron parte del cuerpo de astronautas\u2014 porque eran mujeres. En esa \u00e9poca, todos los astronautas de la NASA eran pilotos militares hombres.<\/p>\n<p>&nbsp;<\/p>\n<p>A sus 82 a\u00f1os, Funk ser\u00e1 la persona mayor que vuela al espacio, superando a John Glenn, que ten\u00eda 77 a\u00f1os cuando vol\u00f3 en un transbordador Discovery en 1998.<\/p>\n<p>&nbsp;<\/p>\n<p><em>\u201cNadie ha esperado tanto\u201d<\/em>, dijo Jeff Bezos en Instagram. <em>\u201cLleg\u00f3 la hora. Bienvenida a la tripulaci\u00f3n, Wally. Nos encanta tenerte con nosotros el 20 de julio como invitada de honor\u201d.<\/em><\/p>\n<p>&nbsp;<\/p>\n<p>Funk, piloto e instructora de vuelo, fue la primera inspectora mujer de la Administraci\u00f3n Federal de Aviaci\u00f3n y la primera investigadora de seguridad a\u00e9rea de la Junta Nacional de Seguridad del Transporte.<\/p>\n<p>&nbsp;<\/p>\n<p>&nbsp;<\/p>\n<p>(Publicada el 01\/07\/2021)<\/p>\n","protected":false},"excerpt":{"rendered":"<p>CABO CA\u00d1AVERAL. ESTADOS UNIDOS. \u2014 Jeff Bezos, el due\u00f1o de Blue Origin, ha escogido a&#8230;<\/p>\n","protected":false},"author":1,"featured_media":117606,"comment_status":"open","ping_status":"open","sticky":false,"template":"","format":"standard","meta":{"_monsterinsights_skip_tracking":false,"_monsterinsights_sitenote_active":false,"_monsterinsights_sitenote_note":"","_monsterinsights_sitenote_category":0,"footnotes":""},"categories":[3],"tags":[],"class_list":["post"],"yoast_head":" \n<title>Sonora en Equipo. Jeff Bezos invita a pionera aeroespacial a acompa\u00f1arlo al espacio MUNDO<\/title>\n<meta name=\"description\" content=\"CABO CA\u00d1AVERAL. ESTADOS UNIDOS. \u2014 Jeff Bezos, el due\u00f1o de Blue Origin, ha escogido a una de las primeras mujeres del sector aeroespacial \u2014una piloto de 82 En Sonora en Equipo publicamos toda la informaci\u00f3n de Sonora, M\u00e9xico y el Mundo de manera oportuna y busca que la libertad de expresi\u00f3n sea real. Visita nuestro medio informativo publicado desde Hermosillo, Sonora. %\" \/>\n<meta name=\"robots\" content=\"index, follow, max-snippet:-1, max-image-preview:large, max-video-preview:-1\" \/>\n<link rel=\"canonical\" href=\"https:\/\/www.sonoraenequipo.com.mx\/jeff-bezos-invita-a-pionera-aeroespacial-a-acompanarlo-al-espacio\/\" \/>\n<meta property=\"og:locale\" content=\"es_ES\" \/>\n<meta property=\"og:type\" content=\"article\" \/>\n<meta property=\"og:title\" content=\"Sonora en Equipo. Jeff Bezos invita a pionera aeroespacial a acompa\u00f1arlo al espacio MUNDO\" \/>\n<meta property=\"og:description\" content=\"CABO CA\u00d1AVERAL. ESTADOS UNIDOS. \u2014 Jeff Bezos, el due\u00f1o de Blue Origin, ha escogido a una de las primeras mujeres del sector aeroespacial \u2014una piloto de 82 En Sonora en Equipo publicamos toda la informaci\u00f3n de Sonora, M\u00e9xico y el Mundo de manera oportuna y busca que la libertad de expresi\u00f3n sea real. Visita nuestro medio informativo publicado desde Hermosillo, Sonora. %\" \/>\n<meta property=\"og:url\" content=\"https:\/\/www.sonoraenequipo.com.mx\/jeff-bezos-invita-a-pionera-aeroespacial-a-acompanarlo-al-espacio\/\" \/>\n<meta property=\"og:site_name\" content=\"Sonora en Equipo.\" \/>\n<meta property=\"article:publisher\" content=\"https:\/\/www.facebook.com\/SonoraEE\/\" \/>\n<meta property=\"article:author\" content=\"https:\/\/www.facebook.com\/SonoraEE\" \/>\n<meta property=\"article:published_time\" content=\"2021-07-01T17:40:15+00:00\" \/>\n<meta property=\"article:modified_time\" content=\"2021-07-02T05:18:34+00:00\" \/>\n<meta property=\"og:image\" content=\"https:\/\/www.sonoraenequipo.com.mx\/storage\/2021\/07\/viaje-al-esapcio_opt.jpg\" \/>\n\t<meta property=\"og:image:width\" content=\"700\" \/>\n\t<meta property=\"og:image:height\" content=\"400\" \/>\n\t<meta property=\"og:image:type\" content=\"image\/jpeg\" \/>\n<meta name=\"author\" content=\"enequipo\" \/>\n<meta name=\"twitter:card\" content=\"summary_large_image\" \/>\n<meta name=\"twitter:creator\" content=\"@sonoraenequipo\" \/>\n<meta name=\"twitter:site\" content=\"@sonoraenequipo\" \/>\n<meta name=\"twitter:label1\" content=\"Escrito por\" \/>\n\t<meta name=\"twitter:data1\" content=\"enequipo\" \/>\n\t<meta name=\"twitter:label2\" content=\"Tiempo de lectura\" \/>\n\t<meta name=\"twitter:data2\" content=\"2 minutos\" \/>\n<script type=\"application\/ld+json\" class=\"yoast-schema-graph\">{\"@context\":\"https:\/\/schema.org\",\"@graph\":[{\"@type\":\"Article\",\"@id\":\"https:\/\/www.sonoraenequipo.com.mx\/jeff-bezos-invita-a-pionera-aeroespacial-a-acompanarlo-al-espacio\/#article\",\"isPartOf\":{\"@id\":\"https:\/\/www.sonoraenequipo.com.mx\/jeff-bezos-invita-a-pionera-aeroespacial-a-acompanarlo-al-espacio\/\"},\"author\":{\"name\":\"enequipo\",\"@id\":\"https:\/\/www.sonoraenequipo.com.mx\/#\/schema\/person\/50102df0fb23a8fa9e8effad8fa81386\"},\"headline\":\"Jeff Bezos invita a pionera aeroespacial a acompa\u00f1arlo al espacio\",\"datePublished\":\"2021-07-01T17:40:15+00:00\",\"dateModified\":\"2021-07-02T05:18:34+00:00\",\"mainEntityOfPage\":{\"@id\":\"https:\/\/www.sonoraenequipo.com.mx\/jeff-bezos-invita-a-pionera-aeroespacial-a-acompanarlo-al-espacio\/\"},\"wordCount\":265,\"commentCount\":0,\"publisher\":{\"@id\":\"https:\/\/www.sonoraenequipo.com.mx\/#organization\"},\"image\":{\"@id\":\"https:\/\/www.sonoraenequipo.com.mx\/jeff-bezos-invita-a-pionera-aeroespacial-a-acompanarlo-al-espacio\/#primaryimage\"},\"thumbnailUrl\":\"https:\/\/www.sonoraenequipo.com.mx\/storage\/2021\/07\/viaje-al-esapcio_opt.jpg\",\"articleSection\":[\"MUNDO\"],\"inLanguage\":\"es\",\"potentialAction\":[{\"@type\":\"CommentAction\",\"name\":\"Comment\",\"target\":[\"https:\/\/www.sonoraenequipo.com.mx\/jeff-bezos-invita-a-pionera-aeroespacial-a-acompanarlo-al-espacio\/#respond\"]}]},{\"@type\":\"WebPage\",\"@id\":\"https:\/\/www.sonoraenequipo.com.mx\/jeff-bezos-invita-a-pionera-aeroespacial-a-acompanarlo-al-espacio\/\",\"url\":\"https:\/\/www.sonoraenequipo.com.mx\/jeff-bezos-invita-a-pionera-aeroespacial-a-acompanarlo-al-espacio\/\",\"name\":\"Sonora en Equipo. Jeff Bezos invita a pionera aeroespacial a acompa\u00f1arlo al espacio MUNDO\",\"isPartOf\":{\"@id\":\"https:\/\/www.sonoraenequipo.com.mx\/#website\"},\"primaryImageOfPage\":{\"@id\":\"https:\/\/www.sonoraenequipo.com.mx\/jeff-bezos-invita-a-pionera-aeroespacial-a-acompanarlo-al-espacio\/#primaryimage\"},\"image\":{\"@id\":\"https:\/\/www.sonoraenequipo.com.mx\/jeff-bezos-invita-a-pionera-aeroespacial-a-acompanarlo-al-espacio\/#primaryimage\"},\"thumbnailUrl\":\"https:\/\/www.sonoraenequipo.com.mx\/storage\/2021\/07\/viaje-al-esapcio_opt.jpg\",\"datePublished\":\"2021-07-01T17:40:15+00:00\",\"dateModified\":\"2021-07-02T05:18:34+00:00\",\"description\":\"CABO CA\u00d1AVERAL. ESTADOS UNIDOS. \u2014 Jeff Bezos, el due\u00f1o de Blue Origin, ha escogido a una de las primeras mujeres del sector aeroespacial \u2014una piloto de 82 En Sonora en Equipo publicamos toda la informaci\u00f3n de Sonora, M\u00e9xico y el Mundo de manera oportuna y busca que la libertad de expresi\u00f3n sea real. Visita nuestro medio informativo publicado desde Hermosillo, Sonora. %\",\"breadcrumb\":{\"@id\":\"https:\/\/www.sonoraenequipo.com.mx\/jeff-bezos-invita-a-pionera-aeroespacial-a-acompanarlo-al-espacio\/#breadcrumb\"},\"inLanguage\":\"es\",\"potentialAction\":[{\"@type\":\"ReadAction\",\"target\":[\"https:\/\/www.sonoraenequipo.com.mx\/jeff-bezos-invita-a-pionera-aeroespacial-a-acompanarlo-al-espacio\/\"]}]},{\"@type\":\"ImageObject\",\"inLanguage\":\"es\",\"@id\":\"https:\/\/www.sonoraenequipo.com.mx\/jeff-bezos-invita-a-pionera-aeroespacial-a-acompanarlo-al-espacio\/#primaryimage\",\"url\":\"https:\/\/www.sonoraenequipo.com.mx\/storage\/2021\/07\/viaje-al-esapcio_opt.jpg\",\"contentUrl\":\"https:\/\/www.sonoraenequipo.com.mx\/storage\/2021\/07\/viaje-al-esapcio_opt.jpg\",\"width\":700,\"height\":400},{\"@type\":\"BreadcrumbList\",\"@id\":\"https:\/\/www.sonoraenequipo.com.mx\/jeff-bezos-invita-a-pionera-aeroespacial-a-acompanarlo-al-espacio\/#breadcrumb\",\"itemListElement\":[{\"@type\":\"ListItem\",\"position\":1,\"name\":\"Portada\",\"item\":\"https:\/\/www.sonoraenequipo.com.mx\/\"},{\"@type\":\"ListItem\",\"position\":2,\"name\":\"Jeff Bezos invita a pionera aeroespacial a acompa\u00f1arlo al espacio\"}]},{\"@type\":\"WebSite\",\"@id\":\"https:\/\/www.sonoraenequipo.com.mx\/#website\",\"url\":\"https:\/\/www.sonoraenequipo.com.mx\/\",\"name\":\"Sonora en Equipo.\",\"description\":\"Diario en l\u00ednea con Noticias desde Hermosillo, Sonora\",\"publisher\":{\"@id\":\"https:\/\/www.sonoraenequipo.com.mx\/#organization\"},\"potentialAction\":[{\"@type\":\"SearchAction\",\"target\":{\"@type\":\"EntryPoint\",\"urlTemplate\":\"https:\/\/www.sonoraenequipo.com.mx\/?s={search_term_string}\"},\"query-input\":{\"@type\":\"PropertyValueSpecification\",\"valueRequired\":true,\"valueName\":\"search_term_string\"}}],\"inLanguage\":\"es\"},{\"@type\":\"Organization\",\"@id\":\"https:\/\/www.sonoraenequipo.com.mx\/#organization\",\"name\":\"Sonoraenequipo.com.mx\",\"url\":\"https:\/\/www.sonoraenequipo.com.mx\/\",\"logo\":{\"@type\":\"ImageObject\",\"inLanguage\":\"es\",\"@id\":\"https:\/\/www.sonoraenequipo.com.mx\/#\/schema\/logo\/image\/\",\"url\":\"https:\/\/www.sonoraenequipo.com.mx\/storage\/2019\/01\/sonoraenequipo_opt.png\",\"contentUrl\":\"https:\/\/www.sonoraenequipo.com.mx\/storage\/2019\/01\/sonoraenequipo_opt.png\",\"width\":375,\"height\":125,\"caption\":\"Sonoraenequipo.com.mx\"},\"image\":{\"@id\":\"https:\/\/www.sonoraenequipo.com.mx\/#\/schema\/logo\/image\/\"},\"sameAs\":[\"https:\/\/www.facebook.com\/SonoraEE\/\",\"https:\/\/x.com\/sonoraenequipo\",\"https:\/\/www.youtube.com\/channel\/UC338nW-lPEYmJQs4ZABQ1SQ\"]},{\"@type\":\"Person\",\"@id\":\"https:\/\/www.sonoraenequipo.com.mx\/#\/schema\/person\/50102df0fb23a8fa9e8effad8fa81386\",\"name\":\"enequipo\",\"image\":{\"@type\":\"ImageObject\",\"inLanguage\":\"es\",\"@id\":\"https:\/\/www.sonoraenequipo.com.mx\/#\/schema\/person\/image\/\",\"url\":\"https:\/\/secure.gravatar.com\/avatar\/049821681b589dabc0bc20695993ccebb09f5b5d4d790cd9251b97faac7c652b?s=96&d=blank&r=g\",\"contentUrl\":\"https:\/\/secure.gravatar.com\/avatar\/049821681b589dabc0bc20695993ccebb09f5b5d4d790cd9251b97faac7c652b?s=96&d=blank&r=g\",\"caption\":\"enequipo\"},\"sameAs\":[\"https:\/\/www.facebook.com\/SonoraEE\"]}]}<\/script>\n ","yoast_head_json":{"title":"Sonora en Equipo. Jeff Bezos invita a pionera aeroespacial a acompa\u00f1arlo al espacio MUNDO","description":"CABO CA\u00d1AVERAL. ESTADOS UNIDOS. \u2014 Jeff Bezos, el due\u00f1o de Blue Origin, ha escogido a una de las primeras mujeres del sector aeroespacial \u2014una piloto de 82 En Sonora en Equipo publicamos toda la informaci\u00f3n de Sonora, M\u00e9xico y el Mundo de manera oportuna y busca que la libertad de expresi\u00f3n sea real. Visita nuestro medio informativo publicado desde Hermosillo, Sonora. %","robots":{"index":"index","follow":"follow","max-snippet":"max-snippet:-1","max-image-preview":"max-image-preview:large","max-video-preview":"max-video-preview:-1"},"canonical":"https:\/\/www.sonoraenequipo.com.mx\/jeff-bezos-invita-a-pionera-aeroespacial-a-acompanarlo-al-espacio\/","og_locale":"es_ES","og_type":"article","og_title":"Sonora en Equipo. Jeff Bezos invita a pionera aeroespacial a acompa\u00f1arlo al espacio MUNDO","og_description":"CABO CA\u00d1AVERAL. ESTADOS UNIDOS. \u2014 Jeff Bezos, el due\u00f1o de Blue Origin, ha escogido a una de las primeras mujeres del sector aeroespacial \u2014una piloto de 82 En Sonora en Equipo publicamos toda la informaci\u00f3n de Sonora, M\u00e9xico y el Mundo de manera oportuna y busca que la libertad de expresi\u00f3n sea real. Visita nuestro medio informativo publicado desde Hermosillo, Sonora. %","og_url":"https:\/\/www.sonoraenequipo.com.mx\/jeff-bezos-invita-a-pionera-aeroespacial-a-acompanarlo-al-espacio\/","og_site_name":"Sonora en Equipo.","article_publisher":"https:\/\/www.facebook.com\/SonoraEE\/","article_author":"https:\/\/www.facebook.com\/SonoraEE","article_published_time":"2021-07-01T17:40:15+00:00","article_modified_time":"2021-07-02T05:18:34+00:00","og_image":[{"width":700,"height":400,"url":"https:\/\/www.sonoraenequipo.com.mx\/storage\/2021\/07\/viaje-al-esapcio_opt.jpg","type":"image\/jpeg"}],"author":"enequipo","twitter_card":"summary_large_image","twitter_creator":"@sonoraenequipo","twitter_site":"@sonoraenequipo","twitter_misc":{"Escrito por":"enequipo","Tiempo de lectura":"2 minutos"},"schema":{"@context":"https:\/\/schema.org","@graph":[{"@type":"Article","@id":"https:\/\/www.sonoraenequipo.com.mx\/jeff-bezos-invita-a-pionera-aeroespacial-a-acompanarlo-al-espacio\/#article","isPartOf":{"@id":"https:\/\/www.sonoraenequipo.com.mx\/jeff-bezos-invita-a-pionera-aeroespacial-a-acompanarlo-al-espacio\/"},"author":{"name":"enequipo","@id":"https:\/\/www.sonoraenequipo.com.mx\/#\/schema\/person\/50102df0fb23a8fa9e8effad8fa81386"},"headline":"Jeff Bezos invita a pionera aeroespacial a acompa\u00f1arlo al espacio","datePublished":"2021-07-01T17:40:15+00:00","dateModified":"2021-07-02T05:18:34+00:00","mainEntityOfPage":{"@id":"https:\/\/www.sonoraenequipo.com.mx\/jeff-bezos-invita-a-pionera-aeroespacial-a-acompanarlo-al-espacio\/"},"wordCount":265,"commentCount":0,"publisher":{"@id":"https:\/\/www.sonoraenequipo.com.mx\/#organization"},"image":{"@id":"https:\/\/www.sonoraenequipo.com.mx\/jeff-bezos-invita-a-pionera-aeroespacial-a-acompanarlo-al-espacio\/#primaryimage"},"thumbnailUrl":"https:\/\/www.sonoraenequipo.com.mx\/storage\/2021\/07\/viaje-al-esapcio_opt.jpg","articleSection":["MUNDO"],"inLanguage":"es","potentialAction":[{"@type":"CommentAction","name":"Comment","target":["https:\/\/www.sonoraenequipo.com.mx\/jeff-bezos-invita-a-pionera-aeroespacial-a-acompanarlo-al-espacio\/#respond"]}]},{"@type":"WebPage","@id":"https:\/\/www.sonoraenequipo.com.mx\/jeff-bezos-invita-a-pionera-aeroespacial-a-acompanarlo-al-espacio\/","url":"https:\/\/www.sonoraenequipo.com.mx\/jeff-bezos-invita-a-pionera-aeroespacial-a-acompanarlo-al-espacio\/","name":"Sonora en Equipo. Jeff Bezos invita a pionera aeroespacial a acompa\u00f1arlo al espacio MUNDO","isPartOf":{"@id":"https:\/\/www.sonoraenequipo.com.mx\/#website"},"primaryImageOfPage":{"@id":"https:\/\/www.sonoraenequipo.com.mx\/jeff-bezos-invita-a-pionera-aeroespacial-a-acompanarlo-al-espacio\/#primaryimage"},"image":{"@id":"https:\/\/www.sonoraenequipo.com.mx\/jeff-bezos-invita-a-pionera-aeroespacial-a-acompanarlo-al-espacio\/#primaryimage"},"thumbnailUrl":"https:\/\/www.sonoraenequipo.com.mx\/storage\/2021\/07\/viaje-al-esapcio_opt.jpg","datePublished":"2021-07-01T17:40:15+00:00","dateModified":"2021-07-02T05:18:34+00:00","description":"CABO CA\u00d1AVERAL. ESTADOS UNIDOS. \u2014 Jeff Bezos, el due\u00f1o de Blue Origin, ha escogido a una de las primeras mujeres del sector aeroespacial \u2014una piloto de 82 En Sonora en Equipo publicamos toda la informaci\u00f3n de Sonora, M\u00e9xico y el Mundo de manera oportuna y busca que la libertad de expresi\u00f3n sea real. Visita nuestro medio informativo publicado desde Hermosillo, Sonora. %","breadcrumb":{"@id":"https:\/\/www.sonoraenequipo.com.mx\/jeff-bezos-invita-a-pionera-aeroespacial-a-acompanarlo-al-espacio\/#breadcrumb"},"inLanguage":"es","potentialAction":[{"@type":"ReadAction","target":["https:\/\/www.sonoraenequipo.com.mx\/jeff-bezos-invita-a-pionera-aeroespacial-a-acompanarlo-al-espacio\/"]}]},{"@type":"ImageObject","inLanguage":"es","@id":"https:\/\/www.sonoraenequipo.com.mx\/jeff-bezos-invita-a-pionera-aeroespacial-a-acompanarlo-al-espacio\/#primaryimage","url":"https:\/\/www.sonoraenequipo.com.mx\/storage\/2021\/07\/viaje-al-esapcio_opt.jpg","contentUrl":"https:\/\/www.sonoraenequipo.com.mx\/storage\/2021\/07\/viaje-al-esapcio_opt.jpg","width":700,"height":400},{"@type":"BreadcrumbList","@id":"https:\/\/www.sonoraenequipo.com.mx\/jeff-bezos-invita-a-pionera-aeroespacial-a-acompanarlo-al-espacio\/#breadcrumb","itemListElement":[{"@type":"ListItem","position":1,"name":"Portada","item":"https:\/\/www.sonoraenequipo.com.mx\/"},{"@type":"ListItem","position":2,"name":"Jeff Bezos invita a pionera aeroespacial a acompa\u00f1arlo al espacio"}]},{"@type":"WebSite","@id":"https:\/\/www.sonoraenequipo.com.mx\/#website","url":"https:\/\/www.sonoraenequipo.com.mx\/","name":"Sonora en Equipo.","description":"Diario en l\u00ednea con Noticias desde Hermosillo, Sonora","publisher":{"@id":"https:\/\/www.sonoraenequipo.com.mx\/#organization"},"potentialAction":[{"@type":"SearchAction","target":{"@type":"EntryPoint","urlTemplate":"https:\/\/www.sonoraenequipo.com.mx\/?s={search_term_string}"},"query-input":{"@type":"PropertyValueSpecification","valueRequired":true,"valueName":"search_term_string"}}],"inLanguage":"es"},{"@type":"Organization","@id":"https:\/\/www.sonoraenequipo.com.mx\/#organization","name":"Sonoraenequipo.com.mx","url":"https:\/\/www.sonoraenequipo.com.mx\/","logo":{"@type":"ImageObject","inLanguage":"es","@id":"https:\/\/www.sonoraenequipo.com.mx\/#\/schema\/logo\/image\/","url":"https:\/\/www.sonoraenequipo.com.mx\/storage\/2019\/01\/sonoraenequipo_opt.png","contentUrl":"https:\/\/www.sonoraenequipo.com.mx\/storage\/2019\/01\/sonoraenequipo_opt.png","width":375,"height":125,"caption":"Sonoraenequipo.com.mx"},"image":{"@id":"https:\/\/www.sonoraenequipo.com.mx\/#\/schema\/logo\/image\/"},"sameAs":["https:\/\/www.facebook.com\/SonoraEE\/","https:\/\/x.com\/sonoraenequipo","https:\/\/www.youtube.com\/channel\/UC338nW-lPEYmJQs4ZABQ1SQ"]},{"@type":"Person","@id":"https:\/\/www.sonoraenequipo.com.mx\/#\/schema\/person\/50102df0fb23a8fa9e8effad8fa81386","name":"enequipo","image":{"@type":"ImageObject","inLanguage":"es","@id":"https:\/\/www.sonoraenequipo.com.mx\/#\/schema\/person\/image\/","url":"https:\/\/secure.gravatar.com\/avatar\/049821681b589dabc0bc20695993ccebb09f5b5d4d790cd9251b97faac7c652b?s=96&d=blank&r=g","contentUrl":"https:\/\/secure.gravatar.com\/avatar\/049821681b589dabc0bc20695993ccebb09f5b5d4d790cd9251b97faac7c652b?s=96&d=blank&r=g","caption":"enequipo"},"sameAs":["https:\/\/www.facebook.com\/SonoraEE"]}]}},"jetpack_featured_media_url":"https:\/\/www.sonoraenequipo.com.mx\/storage\/2021\/07\/viaje-al-esapcio_opt.jpg","_links":{"self":[{"href":"https:\/\/www.sonoraenequipo.com.mx\/api\/wp\/v2\/posts\/117608","targetHints":{"allow":["GET"]}}],"collection":[{"href":"https:\/\/www.sonoraenequipo.com.mx\/api\/wp\/v2\/posts"}],"about":[{"href":"https:\/\/www.sonoraenequipo.com.mx\/api\/wp\/v2\/types\/post"}],"author":[{"embeddable":true,"href":"https:\/\/www.sonoraenequipo.com.mx\/api\/wp\/v2\/users\/1"}],"replies":[{"embeddable":true,"href":"https:\/\/www.sonoraenequipo.com.mx\/api\/wp\/v2\/comments?post=117608"}],"version-history":[{"count":1,"href":"https:\/\/www.sonoraenequipo.com.mx\/api\/wp\/v2\/posts\/117608\/revisions"}],"predecessor-version":[{"id":117609,"href":"https:\/\/www.sonoraenequipo.com.mx\/api\/wp\/v2\/posts\/117608\/revisions\/117609"}],"wp:featuredmedia":[{"embeddable":true,"href":"https:\/\/www.sonoraenequipo.com.mx\/api\/wp\/v2\/media\/117606"}],"wp:attachment":[{"href":"https:\/\/www.sonoraenequipo.com.mx\/api\/wp\/v2\/media?parent=117608"}],"wp:term":[{"taxonomy":"category","embeddable":true,"href":"https:\/\/www.sonoraenequipo.com.mx\/api\/wp\/v2\/categories?post=117608"},{"taxonomy":"post_tag","embeddable":true,"href":"https:\/\/www.sonoraenequipo.com.mx\/api\/wp\/v2\/tags?post=117608"}],"curies":[{"name":"wp","href":"https:\/\/api.w.org\/{rel}","templated":true}]}}