{"id":117610,"date":"2021-07-01T07:27:10","date_gmt":"2021-07-01T14:27:10","guid":{"rendered":"https:\/\/www.sonoraenequipo.com.mx\/?p=117610"},"modified":"2021-07-01T22:23:33","modified_gmt":"2021-07-02T05:23:33","slug":"la-nasa-nombra-a-dos-mujeres-al-frente-de-los-centros-johnson-y-kennedy","status":"publish","type":"post","link":"https:\/\/www.sonoraenequipo.com.mx\/la-nasa-nombra-a-dos-mujeres-al-frente-de-los-centros-johnson-y-kennedy\/","title":{"rendered":"La NASA nombra a dos mujeres al frente de los centros Johnson y Kennedy"},"content":{"rendered":"<p>MIAMI, FLORIDA. ESTADOS UNIDOS. \u2014 El administrador de la NASA, Bill Nelson, nombr\u00f3 a Vanessa Wyche directora del Centro Espacial Johnson, ubicado en Houston (Texas), y puso a Janet Petro al frente del Centro Espacial Kennedy, en Florida, inform\u00f3 este mi\u00e9rcoles la agencia aeroespacial estadounidense.<\/p>\n<p>&nbsp;<\/p>\n<p> <\/p>\n<p>&nbsp;<\/p>\n<p>Wyche ejerc\u00eda desde mayo pasado el cargo de directora interina del centro Johnson, tras la salida por razones de salud de Mark Geyer, y presenta una carrera de m\u00e1s de tres d\u00e9cadas en la NASA, donde ha ejercido varios cargos directivos.<\/p>\n<p>&nbsp;<\/p>\n<p>De igual forma, Petro tambi\u00e9n ejerc\u00eda desde el mes de mayo el cargo de directora en funciones del centro Kennedy, luego de que Robert Cabana fichara para trabajar con Nelson en las oficinas centrales de la NASA en Washington.<\/p>\n<p>&nbsp;<\/p>\n<p><em>\u00abTanto Vanessa como Janet son l\u00edderes excepcionales que ayudar\u00e1n a impulsar a la NASA hacia adelante a medida que nos adentramos m\u00e1s que nunca en el cosmos\u00bb<\/em>, se\u00f1al\u00f3 Nelson en un comunicado de la agencia.<\/p>\n<p>&nbsp;<\/p>\n<p>&nbsp;<\/p>\n<p>Con ambas al frente de los mencionados centros espaciales, \u00abla NASA se embarcar\u00e1 en una nueva era de exploraci\u00f3n espacial, comenzando con (la misi\u00f3n) Artemis que lance a la Luna a finales de este a\u00f1o\u00bb, agreg\u00f3 el administrador de la agencia aeroespacial.<\/p>\n<p>&nbsp;<\/p>\n<p>&nbsp;<\/p>\n<p>Wyche, que en 2018 hab\u00eda sido nombrada directora adjunta del Centro Johnson, expres\u00f3 su gratitud de estar al frente de un centro de m\u00e1s de 10.000 empleados que \u00abtrabajan cada d\u00eda para mejorar el conocimiento cient\u00edfico y tecnol\u00f3gico a trav\u00e9s de la exploraci\u00f3n espacial en beneficio de toda la humanidad\u00bb.<\/p>\n<p>&nbsp;<\/p>\n<p>&nbsp;<\/p>\n<p><em>\u00ab(El centro) Johnson es un l\u00edder mundial en la exploraci\u00f3n espacial humana y est\u00e1 desempe\u00f1ando un papel clave en los pr\u00f3ximos pasos gigantes de la excelencia estadounidense en el espacio\u00bb,<\/em> agreg\u00f3 la directiva en un comunicado de la NASA.<\/p>\n<p>&nbsp;<\/p>\n<p>&nbsp;<\/p>\n<p>Wyche dirigir\u00e1 un centro que es fundamental para las misiones de vuelos espaciales tripulados de la NASA y sede del llamado cuerpo de astronautas de la naci\u00f3n, as\u00ed como misiones de operaciones de la Estaci\u00f3n Espacial Internacional (EEI) y el programa de vuelos tripulados en c\u00e1psulas parcialmente reutilizables Orion, entre otros.<\/p>\n<p>&nbsp;<\/p>\n<p>&nbsp;<\/p>\n<p>Por su parte, Petro, que de acuerdo a algunos medios es la primera directiva del centro Kennedy, se mostr\u00f3 honrada de dirigir el centro de lanzamiento de la NASA ubicado en Cabo Ca\u00f1averal, desde donde parten, entre otras, las misiones comerciales tripuladas a la Estaci\u00f3n Espacial Internacional (EEI).<\/p>\n<p>&nbsp;<\/p>\n<p><em>\u00abHabiendo crecido en la Costa Espacial floridana y siendo la segunda generaci\u00f3n de mi familia en trabajar en el Centro Espacial Kennedy, es realmente emocionante ayudar a hacer crecer el puerto espacial multiusos mientras nos preparamos para Artemis\u00bb,<\/em> manifest\u00f3 Petro.<\/p>\n<p>&nbsp;<\/p>\n<p>La flamante directora del centro Kennedy se desempe\u00f1aba desde 2007 como subdirectora del mismo y, seg\u00fan la NASA, \u00abfue fundamental en la transici\u00f3n de Kennedy a un puerto espacial multiusos, trayendo una variedad de nuevos socios comerciales y gubernamentales\u00bb.<\/p>\n<p>&nbsp;<\/p>\n<p>&nbsp;<\/p>\n<p>(Publicada el 01\/07\/2021\/Con informaci\u00f3n de Agencias y EFE)<\/p>\n","protected":false},"excerpt":{"rendered":"<p>MIAMI, FLORIDA. ESTADOS UNIDOS. \u2014 El administrador de la NASA, Bill Nelson, nombr\u00f3 a Vanessa&#8230;<\/p>\n","protected":false},"author":1,"featured_media":117611,"comment_status":"open","ping_status":"open","sticky":false,"template":"","format":"standard","meta":{"_monsterinsights_skip_tracking":false,"_monsterinsights_sitenote_active":false,"_monsterinsights_sitenote_note":"","_monsterinsights_sitenote_category":0,"footnotes":""},"categories":[3],"tags":[],"class_list":["post"],"yoast_head":" \n<title>Sonora en Equipo. La NASA nombra a dos mujeres al frente de los centros Johnson y Kennedy MUNDO<\/title>\n<meta name=\"description\" content=\"MIAMI, FLORIDA. ESTADOS UNIDOS. \u2014 El administrador de la NASA, Bill Nelson, nombr\u00f3 a Vanessa Wyche directora del Centro Espacial Johnson, ubicado en En Sonora en Equipo publicamos toda la informaci\u00f3n de Sonora, M\u00e9xico y el Mundo de manera oportuna y busca que la libertad de expresi\u00f3n sea real. Visita nuestro medio informativo publicado desde Hermosillo, Sonora. %\" \/>\n<meta name=\"robots\" content=\"index, follow, max-snippet:-1, max-image-preview:large, max-video-preview:-1\" \/>\n<link rel=\"canonical\" href=\"https:\/\/www.sonoraenequipo.com.mx\/la-nasa-nombra-a-dos-mujeres-al-frente-de-los-centros-johnson-y-kennedy\/\" \/>\n<meta property=\"og:locale\" content=\"es_ES\" \/>\n<meta property=\"og:type\" content=\"article\" \/>\n<meta property=\"og:title\" content=\"Sonora en Equipo. La NASA nombra a dos mujeres al frente de los centros Johnson y Kennedy MUNDO\" \/>\n<meta property=\"og:description\" content=\"MIAMI, FLORIDA. ESTADOS UNIDOS. \u2014 El administrador de la NASA, Bill Nelson, nombr\u00f3 a Vanessa Wyche directora del Centro Espacial Johnson, ubicado en En Sonora en Equipo publicamos toda la informaci\u00f3n de Sonora, M\u00e9xico y el Mundo de manera oportuna y busca que la libertad de expresi\u00f3n sea real. Visita nuestro medio informativo publicado desde Hermosillo, Sonora. %\" \/>\n<meta property=\"og:url\" content=\"https:\/\/www.sonoraenequipo.com.mx\/la-nasa-nombra-a-dos-mujeres-al-frente-de-los-centros-johnson-y-kennedy\/\" \/>\n<meta property=\"og:site_name\" content=\"Sonora en Equipo.\" \/>\n<meta property=\"article:publisher\" content=\"https:\/\/www.facebook.com\/SonoraEE\/\" \/>\n<meta property=\"article:author\" content=\"https:\/\/www.facebook.com\/SonoraEE\" \/>\n<meta property=\"article:published_time\" content=\"2021-07-01T14:27:10+00:00\" \/>\n<meta property=\"article:modified_time\" content=\"2021-07-02T05:23:33+00:00\" \/>\n<meta property=\"og:image\" content=\"https:\/\/www.sonoraenequipo.com.mx\/storage\/2021\/07\/Nombramientos-Nasa_opt.jpg\" \/>\n\t<meta property=\"og:image:width\" content=\"700\" \/>\n\t<meta property=\"og:image:height\" content=\"400\" \/>\n\t<meta property=\"og:image:type\" content=\"image\/jpeg\" \/>\n<meta name=\"author\" content=\"enequipo\" \/>\n<meta name=\"twitter:card\" content=\"summary_large_image\" \/>\n<meta name=\"twitter:creator\" content=\"@sonoraenequipo\" \/>\n<meta name=\"twitter:site\" content=\"@sonoraenequipo\" \/>\n<meta name=\"twitter:label1\" content=\"Escrito por\" \/>\n\t<meta name=\"twitter:data1\" content=\"enequipo\" \/>\n\t<meta name=\"twitter:label2\" content=\"Tiempo de lectura\" \/>\n\t<meta name=\"twitter:data2\" content=\"3 minutos\" \/>\n<script type=\"application\/ld+json\" class=\"yoast-schema-graph\">{\"@context\":\"https:\/\/schema.org\",\"@graph\":[{\"@type\":\"Article\",\"@id\":\"https:\/\/www.sonoraenequipo.com.mx\/la-nasa-nombra-a-dos-mujeres-al-frente-de-los-centros-johnson-y-kennedy\/#article\",\"isPartOf\":{\"@id\":\"https:\/\/www.sonoraenequipo.com.mx\/la-nasa-nombra-a-dos-mujeres-al-frente-de-los-centros-johnson-y-kennedy\/\"},\"author\":{\"name\":\"enequipo\",\"@id\":\"https:\/\/www.sonoraenequipo.com.mx\/#\/schema\/person\/50102df0fb23a8fa9e8effad8fa81386\"},\"headline\":\"La NASA nombra a dos mujeres al frente de los centros Johnson y Kennedy\",\"datePublished\":\"2021-07-01T14:27:10+00:00\",\"dateModified\":\"2021-07-02T05:23:33+00:00\",\"mainEntityOfPage\":{\"@id\":\"https:\/\/www.sonoraenequipo.com.mx\/la-nasa-nombra-a-dos-mujeres-al-frente-de-los-centros-johnson-y-kennedy\/\"},\"wordCount\":539,\"commentCount\":0,\"publisher\":{\"@id\":\"https:\/\/www.sonoraenequipo.com.mx\/#organization\"},\"image\":{\"@id\":\"https:\/\/www.sonoraenequipo.com.mx\/la-nasa-nombra-a-dos-mujeres-al-frente-de-los-centros-johnson-y-kennedy\/#primaryimage\"},\"thumbnailUrl\":\"https:\/\/www.sonoraenequipo.com.mx\/storage\/2021\/07\/Nombramientos-Nasa_opt.jpg\",\"articleSection\":[\"MUNDO\"],\"inLanguage\":\"es\",\"potentialAction\":[{\"@type\":\"CommentAction\",\"name\":\"Comment\",\"target\":[\"https:\/\/www.sonoraenequipo.com.mx\/la-nasa-nombra-a-dos-mujeres-al-frente-de-los-centros-johnson-y-kennedy\/#respond\"]}]},{\"@type\":\"WebPage\",\"@id\":\"https:\/\/www.sonoraenequipo.com.mx\/la-nasa-nombra-a-dos-mujeres-al-frente-de-los-centros-johnson-y-kennedy\/\",\"url\":\"https:\/\/www.sonoraenequipo.com.mx\/la-nasa-nombra-a-dos-mujeres-al-frente-de-los-centros-johnson-y-kennedy\/\",\"name\":\"Sonora en Equipo. La NASA nombra a dos mujeres al frente de los centros Johnson y Kennedy MUNDO\",\"isPartOf\":{\"@id\":\"https:\/\/www.sonoraenequipo.com.mx\/#website\"},\"primaryImageOfPage\":{\"@id\":\"https:\/\/www.sonoraenequipo.com.mx\/la-nasa-nombra-a-dos-mujeres-al-frente-de-los-centros-johnson-y-kennedy\/#primaryimage\"},\"image\":{\"@id\":\"https:\/\/www.sonoraenequipo.com.mx\/la-nasa-nombra-a-dos-mujeres-al-frente-de-los-centros-johnson-y-kennedy\/#primaryimage\"},\"thumbnailUrl\":\"https:\/\/www.sonoraenequipo.com.mx\/storage\/2021\/07\/Nombramientos-Nasa_opt.jpg\",\"datePublished\":\"2021-07-01T14:27:10+00:00\",\"dateModified\":\"2021-07-02T05:23:33+00:00\",\"description\":\"MIAMI, FLORIDA. ESTADOS UNIDOS. \u2014 El administrador de la NASA, Bill Nelson, nombr\u00f3 a Vanessa Wyche directora del Centro Espacial Johnson, ubicado en En Sonora en Equipo publicamos toda la informaci\u00f3n de Sonora, M\u00e9xico y el Mundo de manera oportuna y busca que la libertad de expresi\u00f3n sea real. Visita nuestro medio informativo publicado desde Hermosillo, Sonora. %\",\"breadcrumb\":{\"@id\":\"https:\/\/www.sonoraenequipo.com.mx\/la-nasa-nombra-a-dos-mujeres-al-frente-de-los-centros-johnson-y-kennedy\/#breadcrumb\"},\"inLanguage\":\"es\",\"potentialAction\":[{\"@type\":\"ReadAction\",\"target\":[\"https:\/\/www.sonoraenequipo.com.mx\/la-nasa-nombra-a-dos-mujeres-al-frente-de-los-centros-johnson-y-kennedy\/\"]}]},{\"@type\":\"ImageObject\",\"inLanguage\":\"es\",\"@id\":\"https:\/\/www.sonoraenequipo.com.mx\/la-nasa-nombra-a-dos-mujeres-al-frente-de-los-centros-johnson-y-kennedy\/#primaryimage\",\"url\":\"https:\/\/www.sonoraenequipo.com.mx\/storage\/2021\/07\/Nombramientos-Nasa_opt.jpg\",\"contentUrl\":\"https:\/\/www.sonoraenequipo.com.mx\/storage\/2021\/07\/Nombramientos-Nasa_opt.jpg\",\"width\":700,\"height\":400},{\"@type\":\"BreadcrumbList\",\"@id\":\"https:\/\/www.sonoraenequipo.com.mx\/la-nasa-nombra-a-dos-mujeres-al-frente-de-los-centros-johnson-y-kennedy\/#breadcrumb\",\"itemListElement\":[{\"@type\":\"ListItem\",\"position\":1,\"name\":\"Portada\",\"item\":\"https:\/\/www.sonoraenequipo.com.mx\/\"},{\"@type\":\"ListItem\",\"position\":2,\"name\":\"La NASA nombra a dos mujeres al frente de los centros Johnson y Kennedy\"}]},{\"@type\":\"WebSite\",\"@id\":\"https:\/\/www.sonoraenequipo.com.mx\/#website\",\"url\":\"https:\/\/www.sonoraenequipo.com.mx\/\",\"name\":\"Sonora en Equipo.\",\"description\":\"Diario en l\u00ednea con Noticias desde Hermosillo, Sonora\",\"publisher\":{\"@id\":\"https:\/\/www.sonoraenequipo.com.mx\/#organization\"},\"potentialAction\":[{\"@type\":\"SearchAction\",\"target\":{\"@type\":\"EntryPoint\",\"urlTemplate\":\"https:\/\/www.sonoraenequipo.com.mx\/?s={search_term_string}\"},\"query-input\":{\"@type\":\"PropertyValueSpecification\",\"valueRequired\":true,\"valueName\":\"search_term_string\"}}],\"inLanguage\":\"es\"},{\"@type\":\"Organization\",\"@id\":\"https:\/\/www.sonoraenequipo.com.mx\/#organization\",\"name\":\"Sonoraenequipo.com.mx\",\"url\":\"https:\/\/www.sonoraenequipo.com.mx\/\",\"logo\":{\"@type\":\"ImageObject\",\"inLanguage\":\"es\",\"@id\":\"https:\/\/www.sonoraenequipo.com.mx\/#\/schema\/logo\/image\/\",\"url\":\"https:\/\/www.sonoraenequipo.com.mx\/storage\/2019\/01\/sonoraenequipo_opt.png\",\"contentUrl\":\"https:\/\/www.sonoraenequipo.com.mx\/storage\/2019\/01\/sonoraenequipo_opt.png\",\"width\":375,\"height\":125,\"caption\":\"Sonoraenequipo.com.mx\"},\"image\":{\"@id\":\"https:\/\/www.sonoraenequipo.com.mx\/#\/schema\/logo\/image\/\"},\"sameAs\":[\"https:\/\/www.facebook.com\/SonoraEE\/\",\"https:\/\/x.com\/sonoraenequipo\",\"https:\/\/www.youtube.com\/channel\/UC338nW-lPEYmJQs4ZABQ1SQ\"]},{\"@type\":\"Person\",\"@id\":\"https:\/\/www.sonoraenequipo.com.mx\/#\/schema\/person\/50102df0fb23a8fa9e8effad8fa81386\",\"name\":\"enequipo\",\"image\":{\"@type\":\"ImageObject\",\"inLanguage\":\"es\",\"@id\":\"https:\/\/www.sonoraenequipo.com.mx\/#\/schema\/person\/image\/\",\"url\":\"https:\/\/secure.gravatar.com\/avatar\/049821681b589dabc0bc20695993ccebb09f5b5d4d790cd9251b97faac7c652b?s=96&d=blank&r=g\",\"contentUrl\":\"https:\/\/secure.gravatar.com\/avatar\/049821681b589dabc0bc20695993ccebb09f5b5d4d790cd9251b97faac7c652b?s=96&d=blank&r=g\",\"caption\":\"enequipo\"},\"sameAs\":[\"https:\/\/www.facebook.com\/SonoraEE\"]}]}<\/script>\n ","yoast_head_json":{"title":"Sonora en Equipo. La NASA nombra a dos mujeres al frente de los centros Johnson y Kennedy MUNDO","description":"MIAMI, FLORIDA. ESTADOS UNIDOS. \u2014 El administrador de la NASA, Bill Nelson, nombr\u00f3 a Vanessa Wyche directora del Centro Espacial Johnson, ubicado en En Sonora en Equipo publicamos toda la informaci\u00f3n de Sonora, M\u00e9xico y el Mundo de manera oportuna y busca que la libertad de expresi\u00f3n sea real. Visita nuestro medio informativo publicado desde Hermosillo, Sonora. %","robots":{"index":"index","follow":"follow","max-snippet":"max-snippet:-1","max-image-preview":"max-image-preview:large","max-video-preview":"max-video-preview:-1"},"canonical":"https:\/\/www.sonoraenequipo.com.mx\/la-nasa-nombra-a-dos-mujeres-al-frente-de-los-centros-johnson-y-kennedy\/","og_locale":"es_ES","og_type":"article","og_title":"Sonora en Equipo. La NASA nombra a dos mujeres al frente de los centros Johnson y Kennedy MUNDO","og_description":"MIAMI, FLORIDA. ESTADOS UNIDOS. \u2014 El administrador de la NASA, Bill Nelson, nombr\u00f3 a Vanessa Wyche directora del Centro Espacial Johnson, ubicado en En Sonora en Equipo publicamos toda la informaci\u00f3n de Sonora, M\u00e9xico y el Mundo de manera oportuna y busca que la libertad de expresi\u00f3n sea real. Visita nuestro medio informativo publicado desde Hermosillo, Sonora. %","og_url":"https:\/\/www.sonoraenequipo.com.mx\/la-nasa-nombra-a-dos-mujeres-al-frente-de-los-centros-johnson-y-kennedy\/","og_site_name":"Sonora en Equipo.","article_publisher":"https:\/\/www.facebook.com\/SonoraEE\/","article_author":"https:\/\/www.facebook.com\/SonoraEE","article_published_time":"2021-07-01T14:27:10+00:00","article_modified_time":"2021-07-02T05:23:33+00:00","og_image":[{"width":700,"height":400,"url":"https:\/\/www.sonoraenequipo.com.mx\/storage\/2021\/07\/Nombramientos-Nasa_opt.jpg","type":"image\/jpeg"}],"author":"enequipo","twitter_card":"summary_large_image","twitter_creator":"@sonoraenequipo","twitter_site":"@sonoraenequipo","twitter_misc":{"Escrito por":"enequipo","Tiempo de lectura":"3 minutos"},"schema":{"@context":"https:\/\/schema.org","@graph":[{"@type":"Article","@id":"https:\/\/www.sonoraenequipo.com.mx\/la-nasa-nombra-a-dos-mujeres-al-frente-de-los-centros-johnson-y-kennedy\/#article","isPartOf":{"@id":"https:\/\/www.sonoraenequipo.com.mx\/la-nasa-nombra-a-dos-mujeres-al-frente-de-los-centros-johnson-y-kennedy\/"},"author":{"name":"enequipo","@id":"https:\/\/www.sonoraenequipo.com.mx\/#\/schema\/person\/50102df0fb23a8fa9e8effad8fa81386"},"headline":"La NASA nombra a dos mujeres al frente de los centros Johnson y Kennedy","datePublished":"2021-07-01T14:27:10+00:00","dateModified":"2021-07-02T05:23:33+00:00","mainEntityOfPage":{"@id":"https:\/\/www.sonoraenequipo.com.mx\/la-nasa-nombra-a-dos-mujeres-al-frente-de-los-centros-johnson-y-kennedy\/"},"wordCount":539,"commentCount":0,"publisher":{"@id":"https:\/\/www.sonoraenequipo.com.mx\/#organization"},"image":{"@id":"https:\/\/www.sonoraenequipo.com.mx\/la-nasa-nombra-a-dos-mujeres-al-frente-de-los-centros-johnson-y-kennedy\/#primaryimage"},"thumbnailUrl":"https:\/\/www.sonoraenequipo.com.mx\/storage\/2021\/07\/Nombramientos-Nasa_opt.jpg","articleSection":["MUNDO"],"inLanguage":"es","potentialAction":[{"@type":"CommentAction","name":"Comment","target":["https:\/\/www.sonoraenequipo.com.mx\/la-nasa-nombra-a-dos-mujeres-al-frente-de-los-centros-johnson-y-kennedy\/#respond"]}]},{"@type":"WebPage","@id":"https:\/\/www.sonoraenequipo.com.mx\/la-nasa-nombra-a-dos-mujeres-al-frente-de-los-centros-johnson-y-kennedy\/","url":"https:\/\/www.sonoraenequipo.com.mx\/la-nasa-nombra-a-dos-mujeres-al-frente-de-los-centros-johnson-y-kennedy\/","name":"Sonora en Equipo. La NASA nombra a dos mujeres al frente de los centros Johnson y Kennedy MUNDO","isPartOf":{"@id":"https:\/\/www.sonoraenequipo.com.mx\/#website"},"primaryImageOfPage":{"@id":"https:\/\/www.sonoraenequipo.com.mx\/la-nasa-nombra-a-dos-mujeres-al-frente-de-los-centros-johnson-y-kennedy\/#primaryimage"},"image":{"@id":"https:\/\/www.sonoraenequipo.com.mx\/la-nasa-nombra-a-dos-mujeres-al-frente-de-los-centros-johnson-y-kennedy\/#primaryimage"},"thumbnailUrl":"https:\/\/www.sonoraenequipo.com.mx\/storage\/2021\/07\/Nombramientos-Nasa_opt.jpg","datePublished":"2021-07-01T14:27:10+00:00","dateModified":"2021-07-02T05:23:33+00:00","description":"MIAMI, FLORIDA. ESTADOS UNIDOS. \u2014 El administrador de la NASA, Bill Nelson, nombr\u00f3 a Vanessa Wyche directora del Centro Espacial Johnson, ubicado en En Sonora en Equipo publicamos toda la informaci\u00f3n de Sonora, M\u00e9xico y el Mundo de manera oportuna y busca que la libertad de expresi\u00f3n sea real. Visita nuestro medio informativo publicado desde Hermosillo, Sonora. %","breadcrumb":{"@id":"https:\/\/www.sonoraenequipo.com.mx\/la-nasa-nombra-a-dos-mujeres-al-frente-de-los-centros-johnson-y-kennedy\/#breadcrumb"},"inLanguage":"es","potentialAction":[{"@type":"ReadAction","target":["https:\/\/www.sonoraenequipo.com.mx\/la-nasa-nombra-a-dos-mujeres-al-frente-de-los-centros-johnson-y-kennedy\/"]}]},{"@type":"ImageObject","inLanguage":"es","@id":"https:\/\/www.sonoraenequipo.com.mx\/la-nasa-nombra-a-dos-mujeres-al-frente-de-los-centros-johnson-y-kennedy\/#primaryimage","url":"https:\/\/www.sonoraenequipo.com.mx\/storage\/2021\/07\/Nombramientos-Nasa_opt.jpg","contentUrl":"https:\/\/www.sonoraenequipo.com.mx\/storage\/2021\/07\/Nombramientos-Nasa_opt.jpg","width":700,"height":400},{"@type":"BreadcrumbList","@id":"https:\/\/www.sonoraenequipo.com.mx\/la-nasa-nombra-a-dos-mujeres-al-frente-de-los-centros-johnson-y-kennedy\/#breadcrumb","itemListElement":[{"@type":"ListItem","position":1,"name":"Portada","item":"https:\/\/www.sonoraenequipo.com.mx\/"},{"@type":"ListItem","position":2,"name":"La NASA nombra a dos mujeres al frente de los centros Johnson y Kennedy"}]},{"@type":"WebSite","@id":"https:\/\/www.sonoraenequipo.com.mx\/#website","url":"https:\/\/www.sonoraenequipo.com.mx\/","name":"Sonora en Equipo.","description":"Diario en l\u00ednea con Noticias desde Hermosillo, Sonora","publisher":{"@id":"https:\/\/www.sonoraenequipo.com.mx\/#organization"},"potentialAction":[{"@type":"SearchAction","target":{"@type":"EntryPoint","urlTemplate":"https:\/\/www.sonoraenequipo.com.mx\/?s={search_term_string}"},"query-input":{"@type":"PropertyValueSpecification","valueRequired":true,"valueName":"search_term_string"}}],"inLanguage":"es"},{"@type":"Organization","@id":"https:\/\/www.sonoraenequipo.com.mx\/#organization","name":"Sonoraenequipo.com.mx","url":"https:\/\/www.sonoraenequipo.com.mx\/","logo":{"@type":"ImageObject","inLanguage":"es","@id":"https:\/\/www.sonoraenequipo.com.mx\/#\/schema\/logo\/image\/","url":"https:\/\/www.sonoraenequipo.com.mx\/storage\/2019\/01\/sonoraenequipo_opt.png","contentUrl":"https:\/\/www.sonoraenequipo.com.mx\/storage\/2019\/01\/sonoraenequipo_opt.png","width":375,"height":125,"caption":"Sonoraenequipo.com.mx"},"image":{"@id":"https:\/\/www.sonoraenequipo.com.mx\/#\/schema\/logo\/image\/"},"sameAs":["https:\/\/www.facebook.com\/SonoraEE\/","https:\/\/x.com\/sonoraenequipo","https:\/\/www.youtube.com\/channel\/UC338nW-lPEYmJQs4ZABQ1SQ"]},{"@type":"Person","@id":"https:\/\/www.sonoraenequipo.com.mx\/#\/schema\/person\/50102df0fb23a8fa9e8effad8fa81386","name":"enequipo","image":{"@type":"ImageObject","inLanguage":"es","@id":"https:\/\/www.sonoraenequipo.com.mx\/#\/schema\/person\/image\/","url":"https:\/\/secure.gravatar.com\/avatar\/049821681b589dabc0bc20695993ccebb09f5b5d4d790cd9251b97faac7c652b?s=96&d=blank&r=g","contentUrl":"https:\/\/secure.gravatar.com\/avatar\/049821681b589dabc0bc20695993ccebb09f5b5d4d790cd9251b97faac7c652b?s=96&d=blank&r=g","caption":"enequipo"},"sameAs":["https:\/\/www.facebook.com\/SonoraEE"]}]}},"jetpack_featured_media_url":"https:\/\/www.sonoraenequipo.com.mx\/storage\/2021\/07\/Nombramientos-Nasa_opt.jpg","_links":{"self":[{"href":"https:\/\/www.sonoraenequipo.com.mx\/api\/wp\/v2\/posts\/117610","targetHints":{"allow":["GET"]}}],"collection":[{"href":"https:\/\/www.sonoraenequipo.com.mx\/api\/wp\/v2\/posts"}],"about":[{"href":"https:\/\/www.sonoraenequipo.com.mx\/api\/wp\/v2\/types\/post"}],"author":[{"embeddable":true,"href":"https:\/\/www.sonoraenequipo.com.mx\/api\/wp\/v2\/users\/1"}],"replies":[{"embeddable":true,"href":"https:\/\/www.sonoraenequipo.com.mx\/api\/wp\/v2\/comments?post=117610"}],"version-history":[{"count":1,"href":"https:\/\/www.sonoraenequipo.com.mx\/api\/wp\/v2\/posts\/117610\/revisions"}],"predecessor-version":[{"id":117612,"href":"https:\/\/www.sonoraenequipo.com.mx\/api\/wp\/v2\/posts\/117610\/revisions\/117612"}],"wp:featuredmedia":[{"embeddable":true,"href":"https:\/\/www.sonoraenequipo.com.mx\/api\/wp\/v2\/media\/117611"}],"wp:attachment":[{"href":"https:\/\/www.sonoraenequipo.com.mx\/api\/wp\/v2\/media?parent=117610"}],"wp:term":[{"taxonomy":"category","embeddable":true,"href":"https:\/\/www.sonoraenequipo.com.mx\/api\/wp\/v2\/categories?post=117610"},{"taxonomy":"post_tag","embeddable":true,"href":"https:\/\/www.sonoraenequipo.com.mx\/api\/wp\/v2\/tags?post=117610"}],"curies":[{"name":"wp","href":"https:\/\/api.w.org\/{rel}","templated":true}]}}