{"id":117613,"date":"2021-07-01T22:30:54","date_gmt":"2021-07-02T05:30:54","guid":{"rendered":"https:\/\/www.sonoraenequipo.com.mx\/?p=117613"},"modified":"2021-07-01T22:30:54","modified_gmt":"2021-07-02T05:30:54","slug":"alfonso-durazo-logra-acuerdos-con-titulares-de-banobras-y-fgr","status":"publish","type":"post","link":"https:\/\/www.sonoraenequipo.com.mx\/alfonso-durazo-logra-acuerdos-con-titulares-de-banobras-y-fgr\/","title":{"rendered":"Alfonso Durazo logra acuerdos con titulares de Banobras y FGR."},"content":{"rendered":"<p>CIUDAD DE M\u00c9XICO.MX. \u2014\u00a0 El gobernador electo, Alfonso Durazo Monta\u00f1o, llev\u00f3 a cabo una nueva gira de trabajo por la capital de la Rep\u00fablica en la que se reuni\u00f3 con funcionarios federales con el fin de obtener compromisos para beneficio de las y los sonorenses.<\/p>\n<p>&nbsp;<\/p>\n<p> <\/p>\n<p>&nbsp;<\/p>\n<p>El pr\u00f3ximo mandatario estatal inform\u00f3 que sostuvo un encuentro con Jorge Mendoza S\u00e1nchez, director general de Banobras, a quien le expuso los proyectos de infraestructura que se buscan detonar en el estado, entre ellos, el programa de carreteras que busca dinamizar el comercio de exportaci\u00f3n y el turismo.<\/p>\n<p>&nbsp;<\/p>\n<p><img loading=\"lazy\" decoding=\"async\" class=\"size-medium  x-right\" src=\"https:\/\/www.sonoraenequipo.com.mx\/storage\/2021\/07\/fiscalia_opt-639x365.jpg\" alt=\"\" width=\"639\" height=\"365\" \/>Durazo Monta\u00f1o tambi\u00e9n se reuni\u00f3 con el fiscal general, Alejandro Gertz Manero, con quien convers\u00f3 acerca de un plan piloto para el redise\u00f1o de una delegaci\u00f3n de la Fiscal\u00eda General de la Rep\u00fablica (FGR) que servir\u00e1 de modelo para otras entidades.<\/p>\n<p>&nbsp;<\/p>\n<p>A trav\u00e9s de sus redes sociales felicit\u00f3 al presidente Andr\u00e9s Manuel L\u00f3pez Obrador por el tercer aniversario de su victoria en las elecciones presidenciales, a quien le reiter\u00f3 su apoyo sin regateos para consolidar el proyecto de la Cuarta Transformaci\u00f3n en el pa\u00eds.<\/p>\n<p>&nbsp;<\/p>\n<p>&nbsp;<\/p>\n<p>(Publicada el 01\/07\/2021)<\/p>\n","protected":false},"excerpt":{"rendered":"<p>CIUDAD DE M\u00c9XICO.MX. \u2014\u00a0 El gobernador electo, Alfonso Durazo Monta\u00f1o, llev\u00f3 a cabo una nueva&#8230;<\/p>\n","protected":false},"author":1,"featured_media":117615,"comment_status":"open","ping_status":"open","sticky":false,"template":"","format":"standard","meta":{"_monsterinsights_skip_tracking":false,"_monsterinsights_sitenote_active":false,"_monsterinsights_sitenote_note":"","_monsterinsights_sitenote_category":0,"footnotes":""},"categories":[5],"tags":[],"class_list":["post"],"yoast_head":" \n<title>Sonora en Equipo. Alfonso Durazo logra acuerdos con titulares de Banobras y FGR. Rep\u00fablica<\/title>\n<meta name=\"description\" content=\"CIUDAD DE M\u00c9XICO.MX. \u2014\u00a0 El gobernador electo, Alfonso Durazo Monta\u00f1o, llev\u00f3 a cabo una nueva gira de trabajo por la capital de la Rep\u00fablica en la que se En Sonora en Equipo publicamos toda la informaci\u00f3n de Sonora, M\u00e9xico y el Mundo de manera oportuna y busca que la libertad de expresi\u00f3n sea real. Visita nuestro medio informativo publicado desde Hermosillo, Sonora. %\" \/>\n<meta name=\"robots\" content=\"index, follow, max-snippet:-1, max-image-preview:large, max-video-preview:-1\" \/>\n<link rel=\"canonical\" href=\"https:\/\/www.sonoraenequipo.com.mx\/alfonso-durazo-logra-acuerdos-con-titulares-de-banobras-y-fgr\/\" \/>\n<meta property=\"og:locale\" content=\"es_ES\" \/>\n<meta property=\"og:type\" content=\"article\" \/>\n<meta property=\"og:title\" content=\"Sonora en Equipo. Alfonso Durazo logra acuerdos con titulares de Banobras y FGR. Rep\u00fablica\" \/>\n<meta property=\"og:description\" content=\"CIUDAD DE M\u00c9XICO.MX. \u2014\u00a0 El gobernador electo, Alfonso Durazo Monta\u00f1o, llev\u00f3 a cabo una nueva gira de trabajo por la capital de la Rep\u00fablica en la que se En Sonora en Equipo publicamos toda la informaci\u00f3n de Sonora, M\u00e9xico y el Mundo de manera oportuna y busca que la libertad de expresi\u00f3n sea real. Visita nuestro medio informativo publicado desde Hermosillo, Sonora. %\" \/>\n<meta property=\"og:url\" content=\"https:\/\/www.sonoraenequipo.com.mx\/alfonso-durazo-logra-acuerdos-con-titulares-de-banobras-y-fgr\/\" \/>\n<meta property=\"og:site_name\" content=\"Sonora en Equipo.\" \/>\n<meta property=\"article:publisher\" content=\"https:\/\/www.facebook.com\/SonoraEE\/\" \/>\n<meta property=\"article:author\" content=\"https:\/\/www.facebook.com\/SonoraEE\" \/>\n<meta property=\"article:published_time\" content=\"2021-07-02T05:30:54+00:00\" \/>\n<meta property=\"og:image\" content=\"https:\/\/www.sonoraenequipo.com.mx\/storage\/2021\/07\/Banobras2_opt.jpg\" \/>\n\t<meta property=\"og:image:width\" content=\"700\" \/>\n\t<meta property=\"og:image:height\" content=\"400\" \/>\n\t<meta property=\"og:image:type\" content=\"image\/jpeg\" \/>\n<meta name=\"author\" content=\"enequipo\" \/>\n<meta name=\"twitter:card\" content=\"summary_large_image\" \/>\n<meta name=\"twitter:creator\" content=\"@sonoraenequipo\" \/>\n<meta name=\"twitter:site\" content=\"@sonoraenequipo\" \/>\n<meta name=\"twitter:label1\" content=\"Escrito por\" \/>\n\t<meta name=\"twitter:data1\" content=\"enequipo\" \/>\n\t<meta name=\"twitter:label2\" content=\"Tiempo de lectura\" \/>\n\t<meta name=\"twitter:data2\" content=\"1 minuto\" \/>\n<script type=\"application\/ld+json\" class=\"yoast-schema-graph\">{\"@context\":\"https:\/\/schema.org\",\"@graph\":[{\"@type\":\"Article\",\"@id\":\"https:\/\/www.sonoraenequipo.com.mx\/alfonso-durazo-logra-acuerdos-con-titulares-de-banobras-y-fgr\/#article\",\"isPartOf\":{\"@id\":\"https:\/\/www.sonoraenequipo.com.mx\/alfonso-durazo-logra-acuerdos-con-titulares-de-banobras-y-fgr\/\"},\"author\":{\"name\":\"enequipo\",\"@id\":\"https:\/\/www.sonoraenequipo.com.mx\/#\/schema\/person\/50102df0fb23a8fa9e8effad8fa81386\"},\"headline\":\"Alfonso Durazo logra acuerdos con titulares de Banobras y FGR.\",\"datePublished\":\"2021-07-02T05:30:54+00:00\",\"mainEntityOfPage\":{\"@id\":\"https:\/\/www.sonoraenequipo.com.mx\/alfonso-durazo-logra-acuerdos-con-titulares-de-banobras-y-fgr\/\"},\"wordCount\":212,\"commentCount\":0,\"publisher\":{\"@id\":\"https:\/\/www.sonoraenequipo.com.mx\/#organization\"},\"image\":{\"@id\":\"https:\/\/www.sonoraenequipo.com.mx\/alfonso-durazo-logra-acuerdos-con-titulares-de-banobras-y-fgr\/#primaryimage\"},\"thumbnailUrl\":\"https:\/\/www.sonoraenequipo.com.mx\/storage\/2021\/07\/Banobras2_opt.jpg\",\"articleSection\":[\"Rep\u00fablica\"],\"inLanguage\":\"es\",\"potentialAction\":[{\"@type\":\"CommentAction\",\"name\":\"Comment\",\"target\":[\"https:\/\/www.sonoraenequipo.com.mx\/alfonso-durazo-logra-acuerdos-con-titulares-de-banobras-y-fgr\/#respond\"]}]},{\"@type\":\"WebPage\",\"@id\":\"https:\/\/www.sonoraenequipo.com.mx\/alfonso-durazo-logra-acuerdos-con-titulares-de-banobras-y-fgr\/\",\"url\":\"https:\/\/www.sonoraenequipo.com.mx\/alfonso-durazo-logra-acuerdos-con-titulares-de-banobras-y-fgr\/\",\"name\":\"Sonora en Equipo. Alfonso Durazo logra acuerdos con titulares de Banobras y FGR. Rep\u00fablica\",\"isPartOf\":{\"@id\":\"https:\/\/www.sonoraenequipo.com.mx\/#website\"},\"primaryImageOfPage\":{\"@id\":\"https:\/\/www.sonoraenequipo.com.mx\/alfonso-durazo-logra-acuerdos-con-titulares-de-banobras-y-fgr\/#primaryimage\"},\"image\":{\"@id\":\"https:\/\/www.sonoraenequipo.com.mx\/alfonso-durazo-logra-acuerdos-con-titulares-de-banobras-y-fgr\/#primaryimage\"},\"thumbnailUrl\":\"https:\/\/www.sonoraenequipo.com.mx\/storage\/2021\/07\/Banobras2_opt.jpg\",\"datePublished\":\"2021-07-02T05:30:54+00:00\",\"description\":\"CIUDAD DE M\u00c9XICO.MX. \u2014\u00a0 El gobernador electo, Alfonso Durazo Monta\u00f1o, llev\u00f3 a cabo una nueva gira de trabajo por la capital de la Rep\u00fablica en la que se En Sonora en Equipo publicamos toda la informaci\u00f3n de Sonora, M\u00e9xico y el Mundo de manera oportuna y busca que la libertad de expresi\u00f3n sea real. Visita nuestro medio informativo publicado desde Hermosillo, Sonora. %\",\"breadcrumb\":{\"@id\":\"https:\/\/www.sonoraenequipo.com.mx\/alfonso-durazo-logra-acuerdos-con-titulares-de-banobras-y-fgr\/#breadcrumb\"},\"inLanguage\":\"es\",\"potentialAction\":[{\"@type\":\"ReadAction\",\"target\":[\"https:\/\/www.sonoraenequipo.com.mx\/alfonso-durazo-logra-acuerdos-con-titulares-de-banobras-y-fgr\/\"]}]},{\"@type\":\"ImageObject\",\"inLanguage\":\"es\",\"@id\":\"https:\/\/www.sonoraenequipo.com.mx\/alfonso-durazo-logra-acuerdos-con-titulares-de-banobras-y-fgr\/#primaryimage\",\"url\":\"https:\/\/www.sonoraenequipo.com.mx\/storage\/2021\/07\/Banobras2_opt.jpg\",\"contentUrl\":\"https:\/\/www.sonoraenequipo.com.mx\/storage\/2021\/07\/Banobras2_opt.jpg\",\"width\":700,\"height\":400},{\"@type\":\"BreadcrumbList\",\"@id\":\"https:\/\/www.sonoraenequipo.com.mx\/alfonso-durazo-logra-acuerdos-con-titulares-de-banobras-y-fgr\/#breadcrumb\",\"itemListElement\":[{\"@type\":\"ListItem\",\"position\":1,\"name\":\"Portada\",\"item\":\"https:\/\/www.sonoraenequipo.com.mx\/\"},{\"@type\":\"ListItem\",\"position\":2,\"name\":\"Alfonso Durazo logra acuerdos con titulares de Banobras y FGR.\"}]},{\"@type\":\"WebSite\",\"@id\":\"https:\/\/www.sonoraenequipo.com.mx\/#website\",\"url\":\"https:\/\/www.sonoraenequipo.com.mx\/\",\"name\":\"Sonora en Equipo.\",\"description\":\"Diario en l\u00ednea con Noticias desde Hermosillo, Sonora\",\"publisher\":{\"@id\":\"https:\/\/www.sonoraenequipo.com.mx\/#organization\"},\"potentialAction\":[{\"@type\":\"SearchAction\",\"target\":{\"@type\":\"EntryPoint\",\"urlTemplate\":\"https:\/\/www.sonoraenequipo.com.mx\/?s={search_term_string}\"},\"query-input\":{\"@type\":\"PropertyValueSpecification\",\"valueRequired\":true,\"valueName\":\"search_term_string\"}}],\"inLanguage\":\"es\"},{\"@type\":\"Organization\",\"@id\":\"https:\/\/www.sonoraenequipo.com.mx\/#organization\",\"name\":\"Sonoraenequipo.com.mx\",\"url\":\"https:\/\/www.sonoraenequipo.com.mx\/\",\"logo\":{\"@type\":\"ImageObject\",\"inLanguage\":\"es\",\"@id\":\"https:\/\/www.sonoraenequipo.com.mx\/#\/schema\/logo\/image\/\",\"url\":\"https:\/\/www.sonoraenequipo.com.mx\/storage\/2019\/01\/sonoraenequipo_opt.png\",\"contentUrl\":\"https:\/\/www.sonoraenequipo.com.mx\/storage\/2019\/01\/sonoraenequipo_opt.png\",\"width\":375,\"height\":125,\"caption\":\"Sonoraenequipo.com.mx\"},\"image\":{\"@id\":\"https:\/\/www.sonoraenequipo.com.mx\/#\/schema\/logo\/image\/\"},\"sameAs\":[\"https:\/\/www.facebook.com\/SonoraEE\/\",\"https:\/\/x.com\/sonoraenequipo\",\"https:\/\/www.youtube.com\/channel\/UC338nW-lPEYmJQs4ZABQ1SQ\"]},{\"@type\":\"Person\",\"@id\":\"https:\/\/www.sonoraenequipo.com.mx\/#\/schema\/person\/50102df0fb23a8fa9e8effad8fa81386\",\"name\":\"enequipo\",\"image\":{\"@type\":\"ImageObject\",\"inLanguage\":\"es\",\"@id\":\"https:\/\/www.sonoraenequipo.com.mx\/#\/schema\/person\/image\/\",\"url\":\"https:\/\/secure.gravatar.com\/avatar\/049821681b589dabc0bc20695993ccebb09f5b5d4d790cd9251b97faac7c652b?s=96&d=blank&r=g\",\"contentUrl\":\"https:\/\/secure.gravatar.com\/avatar\/049821681b589dabc0bc20695993ccebb09f5b5d4d790cd9251b97faac7c652b?s=96&d=blank&r=g\",\"caption\":\"enequipo\"},\"sameAs\":[\"https:\/\/www.facebook.com\/SonoraEE\"]}]}<\/script>\n ","yoast_head_json":{"title":"Sonora en Equipo. Alfonso Durazo logra acuerdos con titulares de Banobras y FGR. Rep\u00fablica","description":"CIUDAD DE M\u00c9XICO.MX. \u2014\u00a0 El gobernador electo, Alfonso Durazo Monta\u00f1o, llev\u00f3 a cabo una nueva gira de trabajo por la capital de la Rep\u00fablica en la que se En Sonora en Equipo publicamos toda la informaci\u00f3n de Sonora, M\u00e9xico y el Mundo de manera oportuna y busca que la libertad de expresi\u00f3n sea real. Visita nuestro medio informativo publicado desde Hermosillo, Sonora. %","robots":{"index":"index","follow":"follow","max-snippet":"max-snippet:-1","max-image-preview":"max-image-preview:large","max-video-preview":"max-video-preview:-1"},"canonical":"https:\/\/www.sonoraenequipo.com.mx\/alfonso-durazo-logra-acuerdos-con-titulares-de-banobras-y-fgr\/","og_locale":"es_ES","og_type":"article","og_title":"Sonora en Equipo. Alfonso Durazo logra acuerdos con titulares de Banobras y FGR. Rep\u00fablica","og_description":"CIUDAD DE M\u00c9XICO.MX. \u2014\u00a0 El gobernador electo, Alfonso Durazo Monta\u00f1o, llev\u00f3 a cabo una nueva gira de trabajo por la capital de la Rep\u00fablica en la que se En Sonora en Equipo publicamos toda la informaci\u00f3n de Sonora, M\u00e9xico y el Mundo de manera oportuna y busca que la libertad de expresi\u00f3n sea real. Visita nuestro medio informativo publicado desde Hermosillo, Sonora. %","og_url":"https:\/\/www.sonoraenequipo.com.mx\/alfonso-durazo-logra-acuerdos-con-titulares-de-banobras-y-fgr\/","og_site_name":"Sonora en Equipo.","article_publisher":"https:\/\/www.facebook.com\/SonoraEE\/","article_author":"https:\/\/www.facebook.com\/SonoraEE","article_published_time":"2021-07-02T05:30:54+00:00","og_image":[{"width":700,"height":400,"url":"https:\/\/www.sonoraenequipo.com.mx\/storage\/2021\/07\/Banobras2_opt.jpg","type":"image\/jpeg"}],"author":"enequipo","twitter_card":"summary_large_image","twitter_creator":"@sonoraenequipo","twitter_site":"@sonoraenequipo","twitter_misc":{"Escrito por":"enequipo","Tiempo de lectura":"1 minuto"},"schema":{"@context":"https:\/\/schema.org","@graph":[{"@type":"Article","@id":"https:\/\/www.sonoraenequipo.com.mx\/alfonso-durazo-logra-acuerdos-con-titulares-de-banobras-y-fgr\/#article","isPartOf":{"@id":"https:\/\/www.sonoraenequipo.com.mx\/alfonso-durazo-logra-acuerdos-con-titulares-de-banobras-y-fgr\/"},"author":{"name":"enequipo","@id":"https:\/\/www.sonoraenequipo.com.mx\/#\/schema\/person\/50102df0fb23a8fa9e8effad8fa81386"},"headline":"Alfonso Durazo logra acuerdos con titulares de Banobras y FGR.","datePublished":"2021-07-02T05:30:54+00:00","mainEntityOfPage":{"@id":"https:\/\/www.sonoraenequipo.com.mx\/alfonso-durazo-logra-acuerdos-con-titulares-de-banobras-y-fgr\/"},"wordCount":212,"commentCount":0,"publisher":{"@id":"https:\/\/www.sonoraenequipo.com.mx\/#organization"},"image":{"@id":"https:\/\/www.sonoraenequipo.com.mx\/alfonso-durazo-logra-acuerdos-con-titulares-de-banobras-y-fgr\/#primaryimage"},"thumbnailUrl":"https:\/\/www.sonoraenequipo.com.mx\/storage\/2021\/07\/Banobras2_opt.jpg","articleSection":["Rep\u00fablica"],"inLanguage":"es","potentialAction":[{"@type":"CommentAction","name":"Comment","target":["https:\/\/www.sonoraenequipo.com.mx\/alfonso-durazo-logra-acuerdos-con-titulares-de-banobras-y-fgr\/#respond"]}]},{"@type":"WebPage","@id":"https:\/\/www.sonoraenequipo.com.mx\/alfonso-durazo-logra-acuerdos-con-titulares-de-banobras-y-fgr\/","url":"https:\/\/www.sonoraenequipo.com.mx\/alfonso-durazo-logra-acuerdos-con-titulares-de-banobras-y-fgr\/","name":"Sonora en Equipo. Alfonso Durazo logra acuerdos con titulares de Banobras y FGR. Rep\u00fablica","isPartOf":{"@id":"https:\/\/www.sonoraenequipo.com.mx\/#website"},"primaryImageOfPage":{"@id":"https:\/\/www.sonoraenequipo.com.mx\/alfonso-durazo-logra-acuerdos-con-titulares-de-banobras-y-fgr\/#primaryimage"},"image":{"@id":"https:\/\/www.sonoraenequipo.com.mx\/alfonso-durazo-logra-acuerdos-con-titulares-de-banobras-y-fgr\/#primaryimage"},"thumbnailUrl":"https:\/\/www.sonoraenequipo.com.mx\/storage\/2021\/07\/Banobras2_opt.jpg","datePublished":"2021-07-02T05:30:54+00:00","description":"CIUDAD DE M\u00c9XICO.MX. \u2014\u00a0 El gobernador electo, Alfonso Durazo Monta\u00f1o, llev\u00f3 a cabo una nueva gira de trabajo por la capital de la Rep\u00fablica en la que se En Sonora en Equipo publicamos toda la informaci\u00f3n de Sonora, M\u00e9xico y el Mundo de manera oportuna y busca que la libertad de expresi\u00f3n sea real. Visita nuestro medio informativo publicado desde Hermosillo, Sonora. %","breadcrumb":{"@id":"https:\/\/www.sonoraenequipo.com.mx\/alfonso-durazo-logra-acuerdos-con-titulares-de-banobras-y-fgr\/#breadcrumb"},"inLanguage":"es","potentialAction":[{"@type":"ReadAction","target":["https:\/\/www.sonoraenequipo.com.mx\/alfonso-durazo-logra-acuerdos-con-titulares-de-banobras-y-fgr\/"]}]},{"@type":"ImageObject","inLanguage":"es","@id":"https:\/\/www.sonoraenequipo.com.mx\/alfonso-durazo-logra-acuerdos-con-titulares-de-banobras-y-fgr\/#primaryimage","url":"https:\/\/www.sonoraenequipo.com.mx\/storage\/2021\/07\/Banobras2_opt.jpg","contentUrl":"https:\/\/www.sonoraenequipo.com.mx\/storage\/2021\/07\/Banobras2_opt.jpg","width":700,"height":400},{"@type":"BreadcrumbList","@id":"https:\/\/www.sonoraenequipo.com.mx\/alfonso-durazo-logra-acuerdos-con-titulares-de-banobras-y-fgr\/#breadcrumb","itemListElement":[{"@type":"ListItem","position":1,"name":"Portada","item":"https:\/\/www.sonoraenequipo.com.mx\/"},{"@type":"ListItem","position":2,"name":"Alfonso Durazo logra acuerdos con titulares de Banobras y FGR."}]},{"@type":"WebSite","@id":"https:\/\/www.sonoraenequipo.com.mx\/#website","url":"https:\/\/www.sonoraenequipo.com.mx\/","name":"Sonora en Equipo.","description":"Diario en l\u00ednea con Noticias desde Hermosillo, Sonora","publisher":{"@id":"https:\/\/www.sonoraenequipo.com.mx\/#organization"},"potentialAction":[{"@type":"SearchAction","target":{"@type":"EntryPoint","urlTemplate":"https:\/\/www.sonoraenequipo.com.mx\/?s={search_term_string}"},"query-input":{"@type":"PropertyValueSpecification","valueRequired":true,"valueName":"search_term_string"}}],"inLanguage":"es"},{"@type":"Organization","@id":"https:\/\/www.sonoraenequipo.com.mx\/#organization","name":"Sonoraenequipo.com.mx","url":"https:\/\/www.sonoraenequipo.com.mx\/","logo":{"@type":"ImageObject","inLanguage":"es","@id":"https:\/\/www.sonoraenequipo.com.mx\/#\/schema\/logo\/image\/","url":"https:\/\/www.sonoraenequipo.com.mx\/storage\/2019\/01\/sonoraenequipo_opt.png","contentUrl":"https:\/\/www.sonoraenequipo.com.mx\/storage\/2019\/01\/sonoraenequipo_opt.png","width":375,"height":125,"caption":"Sonoraenequipo.com.mx"},"image":{"@id":"https:\/\/www.sonoraenequipo.com.mx\/#\/schema\/logo\/image\/"},"sameAs":["https:\/\/www.facebook.com\/SonoraEE\/","https:\/\/x.com\/sonoraenequipo","https:\/\/www.youtube.com\/channel\/UC338nW-lPEYmJQs4ZABQ1SQ"]},{"@type":"Person","@id":"https:\/\/www.sonoraenequipo.com.mx\/#\/schema\/person\/50102df0fb23a8fa9e8effad8fa81386","name":"enequipo","image":{"@type":"ImageObject","inLanguage":"es","@id":"https:\/\/www.sonoraenequipo.com.mx\/#\/schema\/person\/image\/","url":"https:\/\/secure.gravatar.com\/avatar\/049821681b589dabc0bc20695993ccebb09f5b5d4d790cd9251b97faac7c652b?s=96&d=blank&r=g","contentUrl":"https:\/\/secure.gravatar.com\/avatar\/049821681b589dabc0bc20695993ccebb09f5b5d4d790cd9251b97faac7c652b?s=96&d=blank&r=g","caption":"enequipo"},"sameAs":["https:\/\/www.facebook.com\/SonoraEE"]}]}},"jetpack_featured_media_url":"https:\/\/www.sonoraenequipo.com.mx\/storage\/2021\/07\/Banobras2_opt.jpg","_links":{"self":[{"href":"https:\/\/www.sonoraenequipo.com.mx\/api\/wp\/v2\/posts\/117613","targetHints":{"allow":["GET"]}}],"collection":[{"href":"https:\/\/www.sonoraenequipo.com.mx\/api\/wp\/v2\/posts"}],"about":[{"href":"https:\/\/www.sonoraenequipo.com.mx\/api\/wp\/v2\/types\/post"}],"author":[{"embeddable":true,"href":"https:\/\/www.sonoraenequipo.com.mx\/api\/wp\/v2\/users\/1"}],"replies":[{"embeddable":true,"href":"https:\/\/www.sonoraenequipo.com.mx\/api\/wp\/v2\/comments?post=117613"}],"version-history":[{"count":1,"href":"https:\/\/www.sonoraenequipo.com.mx\/api\/wp\/v2\/posts\/117613\/revisions"}],"predecessor-version":[{"id":117616,"href":"https:\/\/www.sonoraenequipo.com.mx\/api\/wp\/v2\/posts\/117613\/revisions\/117616"}],"wp:featuredmedia":[{"embeddable":true,"href":"https:\/\/www.sonoraenequipo.com.mx\/api\/wp\/v2\/media\/117615"}],"wp:attachment":[{"href":"https:\/\/www.sonoraenequipo.com.mx\/api\/wp\/v2\/media?parent=117613"}],"wp:term":[{"taxonomy":"category","embeddable":true,"href":"https:\/\/www.sonoraenequipo.com.mx\/api\/wp\/v2\/categories?post=117613"},{"taxonomy":"post_tag","embeddable":true,"href":"https:\/\/www.sonoraenequipo.com.mx\/api\/wp\/v2\/tags?post=117613"}],"curies":[{"name":"wp","href":"https:\/\/api.w.org\/{rel}","templated":true}]}}