{"id":117621,"date":"2021-07-02T08:42:52","date_gmt":"2021-07-02T15:42:52","guid":{"rendered":"https:\/\/www.sonoraenequipo.com.mx\/?p=117621"},"modified":"2021-07-02T11:08:55","modified_gmt":"2021-07-02T18:08:55","slug":"acude-a-vacunarte-contra-covid-19-todas-las-vacunas-protegen-enrique-clausen","status":"publish","type":"post","link":"https:\/\/www.sonoraenequipo.com.mx\/acude-a-vacunarte-contra-covid-19-todas-las-vacunas-protegen-enrique-clausen\/","title":{"rendered":"Acude a vacunarte contra COVID-19, todas las vacunas protegen: Enrique Clausen."},"content":{"rendered":"<p>HERMOSILLO, SONORA.MX. \u2014 Hace un a\u00f1o poco se sab\u00eda de las vacunas contra el COVID-19, gracias al trabajo incansable de cient\u00edficos en el mundo, hoy se cuenta con distintos biol\u00f3gicos para darle la batalla a este virus silencioso que tanto da\u00f1o ha hecho, expres\u00f3 Enrique Clausen Iberri, tras confirmarse 5 defunciones m\u00e1s y 238 nuevos casos.<\/p>\n<p>&nbsp;<\/p>\n<p> <\/p>\n<p>&nbsp;<\/p>\n<p>El secretario de Salud invit\u00f3 a las y los sonorenses a que, cuando sea tu turno de vacunaci\u00f3n, acudan con confianza a vacunarse, pues todas las vacunas protegen.<\/p>\n<p>&nbsp;<\/p>\n<p><em>\u201cLa vacuna contra COVID-19 no evitar\u00e1 en un 100% que te enfermes, sin embargo, ayudar\u00e1 a que no desarrolles s\u00edntomas graves, evitar\u00e1 que llegues grave al hospital y evitar\u00e1 muchos fallecimientos; as\u00ed que te lo repito, puedes confiar plenamente en la vacuna, y recuerda, debes seguir cuid\u00e1ndote, usar correctamente el cubrebocas, lavar tus manos frecuentemente, y sobre todo, sigue practicando el distanciamiento social\u201d<\/em>, asegur\u00f3.<\/p>\n<p>&nbsp;<\/p>\n<p>&nbsp;<\/p>\n<p>En cuanto a los datos estad\u00edsticos de hoy, 70 mil 665 personas se han recuperado en Sonora; 17 pacientes Covid fueron dados de alta; se confirman cinco decesos en tres hombres y dos mujeres residentes de Benito Ju\u00e1rez, Cajeme, Guaymas, Nogales y Huatabampo uno cada uno; 4 derechohabientes del IMSS y uno de la Secretar\u00eda de Salud, acumul\u00e1ndose 6 mil 507 defunciones.<\/p>\n<p>&nbsp;<\/p>\n<p>&nbsp;<\/p>\n<p>Se suman adem\u00e1s 238 nuevos casos por Covis, en 127 mujeres y 111 hombres, acumul\u00e1ndose 79 mil 320 casos en total desde el inicio de la pandemia; los nuevos contagios son en residentes de Hermosillo 81; Caborca 38; Cajeme 28; Navojoa 26; Nogales 11; Guaymas 10; Puerto Pe\u00f1asco nueve; Huatabampo ocho; \u00c1lamos siete; Santa Ana cinco; Magdalena tres; San Luis R\u00edo Colorado, Carb\u00f3 y Gral. Plutarco El\u00edas Calles dos cada uno; Altar, Etchojoa, Benito Ju\u00e1rez, Aconchi, Moctezuma y Agua Prieta uno cada uno.<\/p>\n<p>&nbsp;<\/p>\n<p>&nbsp;<\/p>\n<p>Se confirmaron 10 casos pedi\u00e1tricos en seis ni\u00f1os y cuatro ni\u00f1as, acumul\u00e1ndose mil 578 casos en total; y dos casos en mujeres embarazadas, acumul\u00e1ndose 547 casos en total. De los 238 casos confirmados de este jueves, tres fueron en trabajadores de la salud de diversas instituciones.<\/p>\n<p>&nbsp;<\/p>\n<p>&nbsp;<\/p>\n<p>Al momento, se han realizado 144 mil 416 pruebas; 79 mil 320 casos se han confirmado y 65 mil 96 descartados; 9 mil 279 personas presentan cuadro leve (mil 960 activos y 7 mil 319 seguimiento terminado); 63 mil 346 pacientes curados; 188 hospitalizados (28 estables, 112 graves, 48 cr\u00edticos)<\/p>\n<p>&nbsp;<\/p>\n<p>&nbsp;<\/p>\n<h3>Casos COVID-19 en Sonora 79,320 casos confirmados y 6,507 defunciones<\/h3>\n<p>&nbsp;<\/p>\n<p><strong>Defunciones registradas 2 de julio de 2021: 5<\/strong><\/p>\n<p>Huatabampo: 1<\/p>\n<p>Benito Ju\u00e1rez: 1<\/p>\n<p>Cajeme: 1<\/p>\n<p>Guaymas: 1<\/p>\n<p>Nogales: 1<\/p>\n<p>Mujeres: 2\/ Hombres: 3<\/p>\n<p>Instituci\u00f3n M\u00e9dica<\/p>\n<p>IMSS: 4<\/p>\n<p>Secretar\u00eda de Salud: 1<\/p>\n<p><strong>Casos confirmados 2 de julio de 2021: 238<\/strong><\/p>\n<p>Hermosillo: 81<\/p>\n<p>Caborca: 38<\/p>\n<p>Cajeme: 28<\/p>\n<p>Navojoa: 26<\/p>\n<p>Nogales: 11<\/p>\n<p>Guaymas: 10<\/p>\n<p>Puerto Pe\u00f1asco: 9<\/p>\n<p>Huatabampo: 8<\/p>\n<p>\u00c1lamos: 7<\/p>\n<p>Santa Ana: 5<\/p>\n<p>Magdalena: 3<\/p>\n<p>San Luis R\u00edo Colorado: 2<\/p>\n<p>Carb\u00f3: 2<\/p>\n<p>Gral. Plutarco El\u00edas Calles: 2<\/p>\n<p>Altar: 1<\/p>\n<p>Etchojoa: 1<\/p>\n<p>Benito Ju\u00e1rez: 1<\/p>\n<p>Aconchi: 1<\/p>\n<p>Moctezuma: 1<\/p>\n<p>Agua Prieta: 1<\/p>\n<p>Mujeres: 127\/ Hombres: 111<\/p>\n<p>Instituci\u00f3n M\u00e9dica<\/p>\n<p>Secretar\u00eda de Salud: 136<\/p>\n<p>IMSS: 96<\/p>\n<p>Isssteson: 4<\/p>\n<p>Issste: 2<\/p>\n<p>Acumulados<\/p>\n<p>Defunciones: 6,507<\/p>\n<p>Hermosillo: 2,134<\/p>\n<p>Cajeme: 1,123<\/p>\n<p>San Luis R\u00edo Colorado: 523<\/p>\n<p>Nogales: 517<\/p>\n<p>Guaymas: 386<\/p>\n<p>Navojoa: 295<\/p>\n<p>Agua Prieta: 226<\/p>\n<p>Caborca: 183<\/p>\n<p>Huatabampo: 157<\/p>\n<p>Empalme: 119<\/p>\n<p>Cananea: 119<\/p>\n<p>Etchojoa: 98<\/p>\n<p>Magdalena: 77<\/p>\n<p>Puerto Pe\u00f1asco: 77<\/p>\n<p>Nacozari de Garc\u00eda: 56<\/p>\n<p>Benito Ju\u00e1rez: 51<\/p>\n<p>Santa Ana: 45<\/p>\n<p>B\u00e1cum: 44<\/p>\n<p>San Ignacio R\u00edo Muerto: 24<\/p>\n<p>\u00cdmuris: 22<\/p>\n<p>Gral. Plutarco El\u00edas Calles: 22<\/p>\n<p>\u00c1lamos: 21<\/p>\n<p>Pitiquito: 20<\/p>\n<p>Fronteras: 17<\/p>\n<p>Cumpas: 16<\/p>\n<p>Naco: 11<\/p>\n<p>Moctezuma: 10<\/p>\n<p>Ures: 9<\/p>\n<p>Rosario: 9<\/p>\n<p>Sahuaripa: 8<\/p>\n<p>Villa Hidalgo: 7<\/p>\n<p>Bavi\u00e1cora: 7<\/p>\n<p>Bacoachi: 7<\/p>\n<p>Altar: 7<\/p>\n<p>Benjam\u00edn Hill: 6<\/p>\n<p>San Miguel de Horcasitas: 5<\/p>\n<p>Aconchi: 5<\/p>\n<p>S\u00e1ric: 4<\/p>\n<p>Ray\u00f3n: 3<\/p>\n<p>Carb\u00f3: 3<\/p>\n<p>Quiriego: 3<\/p>\n<p>Bacerac: 3<\/p>\n<p>Arizpe: 3<\/p>\n<p>Ban\u00e1michi: 3<\/p>\n<p>Bavispe: 2<\/p>\n<p>N\u00e1cori Chico: 2<\/p>\n<p>San Pedro de la Cueva: 2<\/p>\n<p>Arivechi: 2<\/p>\n<p>Cucurpe: 2<\/p>\n<p>Hu\u00e9pac: 2<\/p>\n<p>Tepache: 2<\/p>\n<p>Y\u00e9cora: 2<\/p>\n<p>Opodepe: 1<\/p>\n<p>San Felipe de Jes\u00fas: 1<\/p>\n<p>Granados: 1<\/p>\n<p>Oquitoa: 1<\/p>\n<p>Santa Cruz: 1<\/p>\n<p>Mazat\u00e1n: 1<\/p>\n<p>Mujeres: 2,783\/Hombres: 3,724<\/p>\n<p>Instituci\u00f3n M\u00e9dica<\/p>\n<p>IMSS: 4,101<\/p>\n<p>Secretar\u00eda de Salud: 1,834<\/p>\n<p>Isssteson: 423<\/p>\n<p>Issste: 140<\/p>\n<p>Sedena: 5<\/p>\n<p>Semar: 4<\/p>\n<p>&nbsp;<\/p>\n<p><strong>Total de casos confirmados: 79,320<\/strong><\/p>\n<p>Hermosillo: 36,582 municipio con mayor incidencia con un 46% del total.<\/p>\n<p>Cajeme: 11,183 que representan el 14% del total.<\/p>\n<p>Nogales: 4,903 que representan el 6% del total<\/p>\n<p>Guaymas: 3,705 que representan el 5% del total<\/p>\n<p>Navojoa: 3,700<\/p>\n<p>Caborca: 3,691<\/p>\n<p>San Luis R\u00edo Colorado: 3,280<\/p>\n<p>Cananea: 1,948<\/p>\n<p>Huatabampo: 1,586<\/p>\n<p>Empalme: 1,388<\/p>\n<p>Agua Prieta: 1,317<\/p>\n<p>Etchojoa: 730<\/p>\n<p>Magdalena: 648<\/p>\n<p>Puerto Pe\u00f1asco: 615<\/p>\n<p>Santa Ana: 421<\/p>\n<p>Nacozari de Garc\u00eda: 352<\/p>\n<p>\u00c1lamos: 353<\/p>\n<p>Pitiquito: 296<\/p>\n<p>B\u00e1cum: 294<\/p>\n<p>Benito Ju\u00e1rez: 280<\/p>\n<p>Gral. Plutarco El\u00edas Calles: 236<\/p>\n<p>San Ignacio R\u00edo Muerto: 193<\/p>\n<p>Sahuaripa: 155<\/p>\n<p>Bavi\u00e1cora: 133<\/p>\n<p>Altar: 122<\/p>\n<p>\u00cdmuris: 119<\/p>\n<p>Ures: 95<\/p>\n<p>Moctezuma: 88<\/p>\n<p>Cumpas: 77<\/p>\n<p>Rosario: 75<\/p>\n<p>N\u00e1cori Chico: 65<\/p>\n<p>Y\u00e9cora: 57<\/p>\n<p>Bacoachi: 51<\/p>\n<p>Benjam\u00edn Hill: 47<\/p>\n<p>Fronteras: 45<\/p>\n<p>Granados: 43<\/p>\n<p>Naco: 43<\/p>\n<p>Aconchi: 35<\/p>\n<p>Arizpe: 32<\/p>\n<p>Carb\u00f3: 29<\/p>\n<p>S\u00e1ric: 28<\/p>\n<p>Arivechi: 23<\/p>\n<p>San Miguel de Horcasitas: 20<\/p>\n<p>Villa Hidalgo: 16<\/p>\n<p>Quiriego: 15<\/p>\n<p>Trincheras: 14<\/p>\n<p>Ban\u00e1michi: 14<\/p>\n<p>San Pedro de la Cueva: 14<\/p>\n<p>Cucurpe: 13<\/p>\n<p>Bacanora: 13<\/p>\n<p>Ray\u00f3n: 12<\/p>\n<p>Hu\u00e1sabas: 12<\/p>\n<p>Tepache: 11<\/p>\n<p>\u00c1til: 10<\/p>\n<p>Bacerac: 8<\/p>\n<p>Huachinera: 7<\/p>\n<p>Bavispe: 7<\/p>\n<p>Tubutama: 7<\/p>\n<p>Villa Pesqueira: 7<\/p>\n<p>\u00d3navas: 6<\/p>\n<p>San Javier: 6<\/p>\n<p>Divisaderos: 6<\/p>\n<p>Oquitoa: 6<\/p>\n<p>Bacad\u00e9huachi: 5<\/p>\n<p>San Felipe de Jes\u00fas: 5<\/p>\n<p>Hu\u00e9pac: 5<\/p>\n<p>Mazat\u00e1n: 5<\/p>\n<p>Santa Cruz: 4<\/p>\n<p>Opodepe: 4<\/p>\n<p>La Colorada: 2<\/p>\n<p>Soyopa: 2<\/p>\n<p>Suaqui Grande: 1<\/p>\n<p>Mujeres: 42,675\/Hombres: 36,645<\/p>\n<p><strong>Instituci\u00f3n M\u00e9dica<\/strong><\/p>\n<p><strong>Secretar\u00eda de Salud: 53,903<\/strong><\/p>\n<p><strong>IMSS: 17,700<\/strong><\/p>\n<p><strong>Isssteson: 6,321<\/strong><\/p>\n<p><strong>Issste: 1,157<\/strong><\/p>\n<p><strong>Sedena: 224<\/strong><\/p>\n<p><strong>Semar: 15<\/strong><\/p>\n<p><strong>Casos estudiados: 144,416<\/strong><\/p>\n<p><strong>Confirmados: 79,320<\/strong><\/p>\n<p><strong>Descartados: 65,096<\/strong><\/p>\n<p><strong>Cuadro leve: 9,279<\/strong><\/p>\n<p><strong>Pacientes activos: 1,960<\/strong><\/p>\n<p><strong>Pacientes en seguimiento terminado: 7,319<\/strong><\/p>\n<p><strong>Curados: 63,346<\/strong><\/p>\n<p><strong>Hospitalizados: 188<\/strong><\/p>\n<p><strong>Estables: 28<\/strong><\/p>\n<p><strong>Graves: 112<\/strong><\/p>\n<p><strong>Pacientes graves con ventilaci\u00f3n mec\u00e1nica invasiva: 48<\/strong><\/p>\n<p>&nbsp;<\/p>\n<p>(Publicada el 02\/07\/2021)<\/p>\n","protected":false},"excerpt":{"rendered":"<p>HERMOSILLO, SONORA.MX. \u2014 Hace un a\u00f1o poco se sab\u00eda de las vacunas contra el COVID-19,&#8230;<\/p>\n","protected":false},"author":1,"featured_media":117622,"comment_status":"open","ping_status":"open","sticky":false,"template":"","format":"standard","meta":{"_monsterinsights_skip_tracking":false,"_monsterinsights_sitenote_active":false,"_monsterinsights_sitenote_note":"","_monsterinsights_sitenote_category":0,"footnotes":""},"categories":[22],"tags":[],"class_list":["post"],"yoast_head":" \n<title>Sonora en Equipo. Acude a vacunarte contra COVID-19, todas las vacunas protegen: Enrique Clausen. Sonora<\/title>\n<meta name=\"description\" content=\"HERMOSILLO, SONORA.MX. \u2014 Hace un a\u00f1o poco se sab\u00eda de las vacunas contra el COVID-19, gracias al trabajo incansable de cient\u00edficos en el mundo, hoy se En Sonora en Equipo publicamos toda la informaci\u00f3n de Sonora, M\u00e9xico y el Mundo de manera oportuna y busca que la libertad de expresi\u00f3n sea real. Visita nuestro medio informativo publicado desde Hermosillo, Sonora. %\" \/>\n<meta name=\"robots\" content=\"index, follow, max-snippet:-1, max-image-preview:large, max-video-preview:-1\" \/>\n<link rel=\"canonical\" href=\"https:\/\/www.sonoraenequipo.com.mx\/acude-a-vacunarte-contra-covid-19-todas-las-vacunas-protegen-enrique-clausen\/\" \/>\n<meta property=\"og:locale\" content=\"es_ES\" \/>\n<meta property=\"og:type\" content=\"article\" \/>\n<meta property=\"og:title\" content=\"Sonora en Equipo. Acude a vacunarte contra COVID-19, todas las vacunas protegen: Enrique Clausen. Sonora\" \/>\n<meta property=\"og:description\" content=\"HERMOSILLO, SONORA.MX. \u2014 Hace un a\u00f1o poco se sab\u00eda de las vacunas contra el COVID-19, gracias al trabajo incansable de cient\u00edficos en el mundo, hoy se En Sonora en Equipo publicamos toda la informaci\u00f3n de Sonora, M\u00e9xico y el Mundo de manera oportuna y busca que la libertad de expresi\u00f3n sea real. Visita nuestro medio informativo publicado desde Hermosillo, Sonora. %\" \/>\n<meta property=\"og:url\" content=\"https:\/\/www.sonoraenequipo.com.mx\/acude-a-vacunarte-contra-covid-19-todas-las-vacunas-protegen-enrique-clausen\/\" \/>\n<meta property=\"og:site_name\" content=\"Sonora en Equipo.\" \/>\n<meta property=\"article:publisher\" content=\"https:\/\/www.facebook.com\/SonoraEE\/\" \/>\n<meta property=\"article:author\" content=\"https:\/\/www.facebook.com\/SonoraEE\" \/>\n<meta property=\"article:published_time\" content=\"2021-07-02T15:42:52+00:00\" \/>\n<meta property=\"article:modified_time\" content=\"2021-07-02T18:08:55+00:00\" \/>\n<meta property=\"og:image\" content=\"https:\/\/www.sonoraenequipo.com.mx\/storage\/2021\/07\/salva-vidas_opt.jpg\" \/>\n\t<meta property=\"og:image:width\" content=\"700\" \/>\n\t<meta property=\"og:image:height\" content=\"400\" \/>\n\t<meta property=\"og:image:type\" content=\"image\/jpeg\" \/>\n<meta name=\"author\" content=\"enequipo\" \/>\n<meta name=\"twitter:card\" content=\"summary_large_image\" \/>\n<meta name=\"twitter:creator\" content=\"@sonoraenequipo\" \/>\n<meta name=\"twitter:site\" content=\"@sonoraenequipo\" \/>\n<meta name=\"twitter:label1\" content=\"Escrito por\" \/>\n\t<meta name=\"twitter:data1\" content=\"enequipo\" \/>\n\t<meta name=\"twitter:label2\" content=\"Tiempo de lectura\" \/>\n\t<meta name=\"twitter:data2\" content=\"5 minutos\" \/>\n<script type=\"application\/ld+json\" class=\"yoast-schema-graph\">{\"@context\":\"https:\/\/schema.org\",\"@graph\":[{\"@type\":\"Article\",\"@id\":\"https:\/\/www.sonoraenequipo.com.mx\/acude-a-vacunarte-contra-covid-19-todas-las-vacunas-protegen-enrique-clausen\/#article\",\"isPartOf\":{\"@id\":\"https:\/\/www.sonoraenequipo.com.mx\/acude-a-vacunarte-contra-covid-19-todas-las-vacunas-protegen-enrique-clausen\/\"},\"author\":{\"name\":\"enequipo\",\"@id\":\"https:\/\/www.sonoraenequipo.com.mx\/#\/schema\/person\/50102df0fb23a8fa9e8effad8fa81386\"},\"headline\":\"Acude a vacunarte contra COVID-19, todas las vacunas protegen: Enrique Clausen.\",\"datePublished\":\"2021-07-02T15:42:52+00:00\",\"dateModified\":\"2021-07-02T18:08:55+00:00\",\"mainEntityOfPage\":{\"@id\":\"https:\/\/www.sonoraenequipo.com.mx\/acude-a-vacunarte-contra-covid-19-todas-las-vacunas-protegen-enrique-clausen\/\"},\"wordCount\":796,\"commentCount\":0,\"publisher\":{\"@id\":\"https:\/\/www.sonoraenequipo.com.mx\/#organization\"},\"image\":{\"@id\":\"https:\/\/www.sonoraenequipo.com.mx\/acude-a-vacunarte-contra-covid-19-todas-las-vacunas-protegen-enrique-clausen\/#primaryimage\"},\"thumbnailUrl\":\"https:\/\/www.sonoraenequipo.com.mx\/storage\/2021\/07\/salva-vidas_opt.jpg\",\"articleSection\":[\"Sonora\"],\"inLanguage\":\"es\",\"potentialAction\":[{\"@type\":\"CommentAction\",\"name\":\"Comment\",\"target\":[\"https:\/\/www.sonoraenequipo.com.mx\/acude-a-vacunarte-contra-covid-19-todas-las-vacunas-protegen-enrique-clausen\/#respond\"]}]},{\"@type\":\"WebPage\",\"@id\":\"https:\/\/www.sonoraenequipo.com.mx\/acude-a-vacunarte-contra-covid-19-todas-las-vacunas-protegen-enrique-clausen\/\",\"url\":\"https:\/\/www.sonoraenequipo.com.mx\/acude-a-vacunarte-contra-covid-19-todas-las-vacunas-protegen-enrique-clausen\/\",\"name\":\"Sonora en Equipo. Acude a vacunarte contra COVID-19, todas las vacunas protegen: Enrique Clausen. Sonora\",\"isPartOf\":{\"@id\":\"https:\/\/www.sonoraenequipo.com.mx\/#website\"},\"primaryImageOfPage\":{\"@id\":\"https:\/\/www.sonoraenequipo.com.mx\/acude-a-vacunarte-contra-covid-19-todas-las-vacunas-protegen-enrique-clausen\/#primaryimage\"},\"image\":{\"@id\":\"https:\/\/www.sonoraenequipo.com.mx\/acude-a-vacunarte-contra-covid-19-todas-las-vacunas-protegen-enrique-clausen\/#primaryimage\"},\"thumbnailUrl\":\"https:\/\/www.sonoraenequipo.com.mx\/storage\/2021\/07\/salva-vidas_opt.jpg\",\"datePublished\":\"2021-07-02T15:42:52+00:00\",\"dateModified\":\"2021-07-02T18:08:55+00:00\",\"description\":\"HERMOSILLO, SONORA.MX. \u2014 Hace un a\u00f1o poco se sab\u00eda de las vacunas contra el COVID-19, gracias al trabajo incansable de cient\u00edficos en el mundo, hoy se En Sonora en Equipo publicamos toda la informaci\u00f3n de Sonora, M\u00e9xico y el Mundo de manera oportuna y busca que la libertad de expresi\u00f3n sea real. Visita nuestro medio informativo publicado desde Hermosillo, Sonora. %\",\"breadcrumb\":{\"@id\":\"https:\/\/www.sonoraenequipo.com.mx\/acude-a-vacunarte-contra-covid-19-todas-las-vacunas-protegen-enrique-clausen\/#breadcrumb\"},\"inLanguage\":\"es\",\"potentialAction\":[{\"@type\":\"ReadAction\",\"target\":[\"https:\/\/www.sonoraenequipo.com.mx\/acude-a-vacunarte-contra-covid-19-todas-las-vacunas-protegen-enrique-clausen\/\"]}]},{\"@type\":\"ImageObject\",\"inLanguage\":\"es\",\"@id\":\"https:\/\/www.sonoraenequipo.com.mx\/acude-a-vacunarte-contra-covid-19-todas-las-vacunas-protegen-enrique-clausen\/#primaryimage\",\"url\":\"https:\/\/www.sonoraenequipo.com.mx\/storage\/2021\/07\/salva-vidas_opt.jpg\",\"contentUrl\":\"https:\/\/www.sonoraenequipo.com.mx\/storage\/2021\/07\/salva-vidas_opt.jpg\",\"width\":700,\"height\":400},{\"@type\":\"BreadcrumbList\",\"@id\":\"https:\/\/www.sonoraenequipo.com.mx\/acude-a-vacunarte-contra-covid-19-todas-las-vacunas-protegen-enrique-clausen\/#breadcrumb\",\"itemListElement\":[{\"@type\":\"ListItem\",\"position\":1,\"name\":\"Portada\",\"item\":\"https:\/\/www.sonoraenequipo.com.mx\/\"},{\"@type\":\"ListItem\",\"position\":2,\"name\":\"Acude a vacunarte contra COVID-19, todas las vacunas protegen: Enrique Clausen.\"}]},{\"@type\":\"WebSite\",\"@id\":\"https:\/\/www.sonoraenequipo.com.mx\/#website\",\"url\":\"https:\/\/www.sonoraenequipo.com.mx\/\",\"name\":\"Sonora en Equipo.\",\"description\":\"Diario en l\u00ednea con Noticias desde Hermosillo, Sonora\",\"publisher\":{\"@id\":\"https:\/\/www.sonoraenequipo.com.mx\/#organization\"},\"potentialAction\":[{\"@type\":\"SearchAction\",\"target\":{\"@type\":\"EntryPoint\",\"urlTemplate\":\"https:\/\/www.sonoraenequipo.com.mx\/?s={search_term_string}\"},\"query-input\":{\"@type\":\"PropertyValueSpecification\",\"valueRequired\":true,\"valueName\":\"search_term_string\"}}],\"inLanguage\":\"es\"},{\"@type\":\"Organization\",\"@id\":\"https:\/\/www.sonoraenequipo.com.mx\/#organization\",\"name\":\"Sonoraenequipo.com.mx\",\"url\":\"https:\/\/www.sonoraenequipo.com.mx\/\",\"logo\":{\"@type\":\"ImageObject\",\"inLanguage\":\"es\",\"@id\":\"https:\/\/www.sonoraenequipo.com.mx\/#\/schema\/logo\/image\/\",\"url\":\"https:\/\/www.sonoraenequipo.com.mx\/storage\/2019\/01\/sonoraenequipo_opt.png\",\"contentUrl\":\"https:\/\/www.sonoraenequipo.com.mx\/storage\/2019\/01\/sonoraenequipo_opt.png\",\"width\":375,\"height\":125,\"caption\":\"Sonoraenequipo.com.mx\"},\"image\":{\"@id\":\"https:\/\/www.sonoraenequipo.com.mx\/#\/schema\/logo\/image\/\"},\"sameAs\":[\"https:\/\/www.facebook.com\/SonoraEE\/\",\"https:\/\/x.com\/sonoraenequipo\",\"https:\/\/www.youtube.com\/channel\/UC338nW-lPEYmJQs4ZABQ1SQ\"]},{\"@type\":\"Person\",\"@id\":\"https:\/\/www.sonoraenequipo.com.mx\/#\/schema\/person\/50102df0fb23a8fa9e8effad8fa81386\",\"name\":\"enequipo\",\"image\":{\"@type\":\"ImageObject\",\"inLanguage\":\"es\",\"@id\":\"https:\/\/www.sonoraenequipo.com.mx\/#\/schema\/person\/image\/\",\"url\":\"https:\/\/secure.gravatar.com\/avatar\/049821681b589dabc0bc20695993ccebb09f5b5d4d790cd9251b97faac7c652b?s=96&d=blank&r=g\",\"contentUrl\":\"https:\/\/secure.gravatar.com\/avatar\/049821681b589dabc0bc20695993ccebb09f5b5d4d790cd9251b97faac7c652b?s=96&d=blank&r=g\",\"caption\":\"enequipo\"},\"sameAs\":[\"https:\/\/www.facebook.com\/SonoraEE\"]}]}<\/script>\n ","yoast_head_json":{"title":"Sonora en Equipo. Acude a vacunarte contra COVID-19, todas las vacunas protegen: Enrique Clausen. Sonora","description":"HERMOSILLO, SONORA.MX. \u2014 Hace un a\u00f1o poco se sab\u00eda de las vacunas contra el COVID-19, gracias al trabajo incansable de cient\u00edficos en el mundo, hoy se En Sonora en Equipo publicamos toda la informaci\u00f3n de Sonora, M\u00e9xico y el Mundo de manera oportuna y busca que la libertad de expresi\u00f3n sea real. Visita nuestro medio informativo publicado desde Hermosillo, Sonora. %","robots":{"index":"index","follow":"follow","max-snippet":"max-snippet:-1","max-image-preview":"max-image-preview:large","max-video-preview":"max-video-preview:-1"},"canonical":"https:\/\/www.sonoraenequipo.com.mx\/acude-a-vacunarte-contra-covid-19-todas-las-vacunas-protegen-enrique-clausen\/","og_locale":"es_ES","og_type":"article","og_title":"Sonora en Equipo. Acude a vacunarte contra COVID-19, todas las vacunas protegen: Enrique Clausen. Sonora","og_description":"HERMOSILLO, SONORA.MX. \u2014 Hace un a\u00f1o poco se sab\u00eda de las vacunas contra el COVID-19, gracias al trabajo incansable de cient\u00edficos en el mundo, hoy se En Sonora en Equipo publicamos toda la informaci\u00f3n de Sonora, M\u00e9xico y el Mundo de manera oportuna y busca que la libertad de expresi\u00f3n sea real. Visita nuestro medio informativo publicado desde Hermosillo, Sonora. %","og_url":"https:\/\/www.sonoraenequipo.com.mx\/acude-a-vacunarte-contra-covid-19-todas-las-vacunas-protegen-enrique-clausen\/","og_site_name":"Sonora en Equipo.","article_publisher":"https:\/\/www.facebook.com\/SonoraEE\/","article_author":"https:\/\/www.facebook.com\/SonoraEE","article_published_time":"2021-07-02T15:42:52+00:00","article_modified_time":"2021-07-02T18:08:55+00:00","og_image":[{"width":700,"height":400,"url":"https:\/\/www.sonoraenequipo.com.mx\/storage\/2021\/07\/salva-vidas_opt.jpg","type":"image\/jpeg"}],"author":"enequipo","twitter_card":"summary_large_image","twitter_creator":"@sonoraenequipo","twitter_site":"@sonoraenequipo","twitter_misc":{"Escrito por":"enequipo","Tiempo de lectura":"5 minutos"},"schema":{"@context":"https:\/\/schema.org","@graph":[{"@type":"Article","@id":"https:\/\/www.sonoraenequipo.com.mx\/acude-a-vacunarte-contra-covid-19-todas-las-vacunas-protegen-enrique-clausen\/#article","isPartOf":{"@id":"https:\/\/www.sonoraenequipo.com.mx\/acude-a-vacunarte-contra-covid-19-todas-las-vacunas-protegen-enrique-clausen\/"},"author":{"name":"enequipo","@id":"https:\/\/www.sonoraenequipo.com.mx\/#\/schema\/person\/50102df0fb23a8fa9e8effad8fa81386"},"headline":"Acude a vacunarte contra COVID-19, todas las vacunas protegen: Enrique Clausen.","datePublished":"2021-07-02T15:42:52+00:00","dateModified":"2021-07-02T18:08:55+00:00","mainEntityOfPage":{"@id":"https:\/\/www.sonoraenequipo.com.mx\/acude-a-vacunarte-contra-covid-19-todas-las-vacunas-protegen-enrique-clausen\/"},"wordCount":796,"commentCount":0,"publisher":{"@id":"https:\/\/www.sonoraenequipo.com.mx\/#organization"},"image":{"@id":"https:\/\/www.sonoraenequipo.com.mx\/acude-a-vacunarte-contra-covid-19-todas-las-vacunas-protegen-enrique-clausen\/#primaryimage"},"thumbnailUrl":"https:\/\/www.sonoraenequipo.com.mx\/storage\/2021\/07\/salva-vidas_opt.jpg","articleSection":["Sonora"],"inLanguage":"es","potentialAction":[{"@type":"CommentAction","name":"Comment","target":["https:\/\/www.sonoraenequipo.com.mx\/acude-a-vacunarte-contra-covid-19-todas-las-vacunas-protegen-enrique-clausen\/#respond"]}]},{"@type":"WebPage","@id":"https:\/\/www.sonoraenequipo.com.mx\/acude-a-vacunarte-contra-covid-19-todas-las-vacunas-protegen-enrique-clausen\/","url":"https:\/\/www.sonoraenequipo.com.mx\/acude-a-vacunarte-contra-covid-19-todas-las-vacunas-protegen-enrique-clausen\/","name":"Sonora en Equipo. Acude a vacunarte contra COVID-19, todas las vacunas protegen: Enrique Clausen. Sonora","isPartOf":{"@id":"https:\/\/www.sonoraenequipo.com.mx\/#website"},"primaryImageOfPage":{"@id":"https:\/\/www.sonoraenequipo.com.mx\/acude-a-vacunarte-contra-covid-19-todas-las-vacunas-protegen-enrique-clausen\/#primaryimage"},"image":{"@id":"https:\/\/www.sonoraenequipo.com.mx\/acude-a-vacunarte-contra-covid-19-todas-las-vacunas-protegen-enrique-clausen\/#primaryimage"},"thumbnailUrl":"https:\/\/www.sonoraenequipo.com.mx\/storage\/2021\/07\/salva-vidas_opt.jpg","datePublished":"2021-07-02T15:42:52+00:00","dateModified":"2021-07-02T18:08:55+00:00","description":"HERMOSILLO, SONORA.MX. \u2014 Hace un a\u00f1o poco se sab\u00eda de las vacunas contra el COVID-19, gracias al trabajo incansable de cient\u00edficos en el mundo, hoy se En Sonora en Equipo publicamos toda la informaci\u00f3n de Sonora, M\u00e9xico y el Mundo de manera oportuna y busca que la libertad de expresi\u00f3n sea real. Visita nuestro medio informativo publicado desde Hermosillo, Sonora. %","breadcrumb":{"@id":"https:\/\/www.sonoraenequipo.com.mx\/acude-a-vacunarte-contra-covid-19-todas-las-vacunas-protegen-enrique-clausen\/#breadcrumb"},"inLanguage":"es","potentialAction":[{"@type":"ReadAction","target":["https:\/\/www.sonoraenequipo.com.mx\/acude-a-vacunarte-contra-covid-19-todas-las-vacunas-protegen-enrique-clausen\/"]}]},{"@type":"ImageObject","inLanguage":"es","@id":"https:\/\/www.sonoraenequipo.com.mx\/acude-a-vacunarte-contra-covid-19-todas-las-vacunas-protegen-enrique-clausen\/#primaryimage","url":"https:\/\/www.sonoraenequipo.com.mx\/storage\/2021\/07\/salva-vidas_opt.jpg","contentUrl":"https:\/\/www.sonoraenequipo.com.mx\/storage\/2021\/07\/salva-vidas_opt.jpg","width":700,"height":400},{"@type":"BreadcrumbList","@id":"https:\/\/www.sonoraenequipo.com.mx\/acude-a-vacunarte-contra-covid-19-todas-las-vacunas-protegen-enrique-clausen\/#breadcrumb","itemListElement":[{"@type":"ListItem","position":1,"name":"Portada","item":"https:\/\/www.sonoraenequipo.com.mx\/"},{"@type":"ListItem","position":2,"name":"Acude a vacunarte contra COVID-19, todas las vacunas protegen: Enrique Clausen."}]},{"@type":"WebSite","@id":"https:\/\/www.sonoraenequipo.com.mx\/#website","url":"https:\/\/www.sonoraenequipo.com.mx\/","name":"Sonora en Equipo.","description":"Diario en l\u00ednea con Noticias desde Hermosillo, Sonora","publisher":{"@id":"https:\/\/www.sonoraenequipo.com.mx\/#organization"},"potentialAction":[{"@type":"SearchAction","target":{"@type":"EntryPoint","urlTemplate":"https:\/\/www.sonoraenequipo.com.mx\/?s={search_term_string}"},"query-input":{"@type":"PropertyValueSpecification","valueRequired":true,"valueName":"search_term_string"}}],"inLanguage":"es"},{"@type":"Organization","@id":"https:\/\/www.sonoraenequipo.com.mx\/#organization","name":"Sonoraenequipo.com.mx","url":"https:\/\/www.sonoraenequipo.com.mx\/","logo":{"@type":"ImageObject","inLanguage":"es","@id":"https:\/\/www.sonoraenequipo.com.mx\/#\/schema\/logo\/image\/","url":"https:\/\/www.sonoraenequipo.com.mx\/storage\/2019\/01\/sonoraenequipo_opt.png","contentUrl":"https:\/\/www.sonoraenequipo.com.mx\/storage\/2019\/01\/sonoraenequipo_opt.png","width":375,"height":125,"caption":"Sonoraenequipo.com.mx"},"image":{"@id":"https:\/\/www.sonoraenequipo.com.mx\/#\/schema\/logo\/image\/"},"sameAs":["https:\/\/www.facebook.com\/SonoraEE\/","https:\/\/x.com\/sonoraenequipo","https:\/\/www.youtube.com\/channel\/UC338nW-lPEYmJQs4ZABQ1SQ"]},{"@type":"Person","@id":"https:\/\/www.sonoraenequipo.com.mx\/#\/schema\/person\/50102df0fb23a8fa9e8effad8fa81386","name":"enequipo","image":{"@type":"ImageObject","inLanguage":"es","@id":"https:\/\/www.sonoraenequipo.com.mx\/#\/schema\/person\/image\/","url":"https:\/\/secure.gravatar.com\/avatar\/049821681b589dabc0bc20695993ccebb09f5b5d4d790cd9251b97faac7c652b?s=96&d=blank&r=g","contentUrl":"https:\/\/secure.gravatar.com\/avatar\/049821681b589dabc0bc20695993ccebb09f5b5d4d790cd9251b97faac7c652b?s=96&d=blank&r=g","caption":"enequipo"},"sameAs":["https:\/\/www.facebook.com\/SonoraEE"]}]}},"jetpack_featured_media_url":"https:\/\/www.sonoraenequipo.com.mx\/storage\/2021\/07\/salva-vidas_opt.jpg","_links":{"self":[{"href":"https:\/\/www.sonoraenequipo.com.mx\/api\/wp\/v2\/posts\/117621","targetHints":{"allow":["GET"]}}],"collection":[{"href":"https:\/\/www.sonoraenequipo.com.mx\/api\/wp\/v2\/posts"}],"about":[{"href":"https:\/\/www.sonoraenequipo.com.mx\/api\/wp\/v2\/types\/post"}],"author":[{"embeddable":true,"href":"https:\/\/www.sonoraenequipo.com.mx\/api\/wp\/v2\/users\/1"}],"replies":[{"embeddable":true,"href":"https:\/\/www.sonoraenequipo.com.mx\/api\/wp\/v2\/comments?post=117621"}],"version-history":[{"count":3,"href":"https:\/\/www.sonoraenequipo.com.mx\/api\/wp\/v2\/posts\/117621\/revisions"}],"predecessor-version":[{"id":117625,"href":"https:\/\/www.sonoraenequipo.com.mx\/api\/wp\/v2\/posts\/117621\/revisions\/117625"}],"wp:featuredmedia":[{"embeddable":true,"href":"https:\/\/www.sonoraenequipo.com.mx\/api\/wp\/v2\/media\/117622"}],"wp:attachment":[{"href":"https:\/\/www.sonoraenequipo.com.mx\/api\/wp\/v2\/media?parent=117621"}],"wp:term":[{"taxonomy":"category","embeddable":true,"href":"https:\/\/www.sonoraenequipo.com.mx\/api\/wp\/v2\/categories?post=117621"},{"taxonomy":"post_tag","embeddable":true,"href":"https:\/\/www.sonoraenequipo.com.mx\/api\/wp\/v2\/tags?post=117621"}],"curies":[{"name":"wp","href":"https:\/\/api.w.org\/{rel}","templated":true}]}}