{"id":117635,"date":"2021-07-02T13:38:04","date_gmt":"2021-07-02T20:38:04","guid":{"rendered":"https:\/\/www.sonoraenequipo.com.mx\/?p=117635"},"modified":"2021-07-02T13:38:04","modified_gmt":"2021-07-02T20:38:04","slug":"resulta-sonora-con-cero-monto-observado-de-recursos-federales-en-cuenta-publica-2020-de-acuerdo-con-la-asf","status":"publish","type":"post","link":"https:\/\/www.sonoraenequipo.com.mx\/resulta-sonora-con-cero-monto-observado-de-recursos-federales-en-cuenta-publica-2020-de-acuerdo-con-la-asf\/","title":{"rendered":"Resulta Sonora con cero monto observado de recursos federales en Cuenta P\u00fablica 2020 de acuerdo con la ASF"},"content":{"rendered":"<p>HERMOSILLO, SONORA,MX.\u2500\u2500 Una vez m\u00e1s, Sonora y la administraci\u00f3n de la gobernadora Claudia Pavlovich Arellano result\u00f3 con cero monto observado en el manejo de recursos de gasto federalizado correspondiente al primer informe de la cuenta p\u00fablica 2020.<\/p>\n<p>&nbsp;<\/p>\n<p>Ello se dio a conocer luego de que la Auditor\u00eda Superior de la Federaci\u00f3n (ASF) present\u00f3 ante la C\u00e1mara de Diputados la primera entrega de informes individuales de la auditor\u00eda efectuada a la Cuenta P\u00fablica 2020, seg\u00fan inform\u00f3 ayer Miguel \u00c1ngel Murillo Aispuro.<\/p>\n<p>&nbsp;<\/p>\n<p>El secretario de la Contralor\u00eda General detall\u00f3 que dentro de los informes se incluyen los resultados de la revisi\u00f3n a la aplicaci\u00f3n del gasto federalizado que es el que es transferido a los Estados para su ejercicio, y en ellos, Sonora result\u00f3 con cero monto por aclarar del total de recurso auditado de 2 mil 879 millones.<\/p>\n<p>&nbsp;<\/p>\n<p>Es importante establecer, dijo, que se revis\u00f3 el 100 por ciento del universo seleccionado y Sonora ha quedado una vez m\u00e1s con cero monto observado y se mantiene en el primer lugar, esta vez, junto con otros estados que tambi\u00e9n resultaron con cero monto observado.<\/p>\n<p>&nbsp;<\/p>\n<p>Esta revisi\u00f3n incluy\u00f3 el recurso destinado para infraestructura educativa con el programa Escuelas al Cien y la distribuci\u00f3n que hace el Estado de los recursos federales a los municipios, tales como el Fondo de Aportaciones para el Fortalecimiento de los Municipios (FORTAMUN) y el Fondo de Aportaciones para la Infraestructura Social Municipal (FISM).<\/p>\n<p>&nbsp;<\/p>\n<p>Murillo Aispuro record\u00f3 que Sonora ha ocupado el primer lugar a nivel nacional en las cuentas p\u00fablicas de 2017 y 2018 en los que tambi\u00e9n resultaron con cero monto por aclarar y 2019 donde en dos de los tres informes tambi\u00e9n se coloc\u00f3 entre los mejor calificados sin monto de recursos por aclarar.<\/p>\n<p>Fecha de Publicaci\u00f3n\u00a0 martes \/ 29\u00a0 \/ junio \/ 2021<\/p>\n","protected":false},"excerpt":{"rendered":"<p>HERMOSILLO, SONORA,MX.\u2500\u2500 Una vez m\u00e1s, Sonora y la administraci\u00f3n de la gobernadora Claudia Pavlovich Arellano&#8230;<\/p>\n","protected":false},"author":1,"featured_media":107473,"comment_status":"open","ping_status":"open","sticky":false,"template":"","format":"standard","meta":{"_monsterinsights_skip_tracking":false,"_monsterinsights_sitenote_active":false,"_monsterinsights_sitenote_note":"","_monsterinsights_sitenote_category":0,"footnotes":""},"categories":[22],"tags":[3840,5871,15],"class_list":["post"],"yoast_head":" \n<title>Sonora en Equipo. Resulta Sonora con cero monto observado de recursos federales en Cuenta P\u00fablica 2020 de acuerdo con la ASF Sonora<\/title>\n<meta name=\"description\" content=\"HERMOSILLO, SONORA,MX.\u2500\u2500 Una vez m\u00e1s, Sonora y la administraci\u00f3n de la gobernadora Claudia Pavlovich Arellano result\u00f3 con cero monto observado en el En Sonora en Equipo publicamos toda la informaci\u00f3n de Sonora, M\u00e9xico y el Mundo de manera oportuna y busca que la libertad de expresi\u00f3n sea real. Visita nuestro medio informativo publicado desde Hermosillo, Sonora. %\" \/>\n<meta name=\"robots\" content=\"index, follow, max-snippet:-1, max-image-preview:large, max-video-preview:-1\" \/>\n<link rel=\"canonical\" href=\"https:\/\/www.sonoraenequipo.com.mx\/resulta-sonora-con-cero-monto-observado-de-recursos-federales-en-cuenta-publica-2020-de-acuerdo-con-la-asf\/\" \/>\n<meta property=\"og:locale\" content=\"es_ES\" \/>\n<meta property=\"og:type\" content=\"article\" \/>\n<meta property=\"og:title\" content=\"Sonora en Equipo. Resulta Sonora con cero monto observado de recursos federales en Cuenta P\u00fablica 2020 de acuerdo con la ASF Sonora\" \/>\n<meta property=\"og:description\" content=\"HERMOSILLO, SONORA,MX.\u2500\u2500 Una vez m\u00e1s, Sonora y la administraci\u00f3n de la gobernadora Claudia Pavlovich Arellano result\u00f3 con cero monto observado en el En Sonora en Equipo publicamos toda la informaci\u00f3n de Sonora, M\u00e9xico y el Mundo de manera oportuna y busca que la libertad de expresi\u00f3n sea real. Visita nuestro medio informativo publicado desde Hermosillo, Sonora. %\" \/>\n<meta property=\"og:url\" content=\"https:\/\/www.sonoraenequipo.com.mx\/resulta-sonora-con-cero-monto-observado-de-recursos-federales-en-cuenta-publica-2020-de-acuerdo-con-la-asf\/\" \/>\n<meta property=\"og:site_name\" content=\"Sonora en Equipo.\" \/>\n<meta property=\"article:publisher\" content=\"https:\/\/www.facebook.com\/SonoraEE\/\" \/>\n<meta property=\"article:author\" content=\"https:\/\/www.facebook.com\/SonoraEE\" \/>\n<meta property=\"article:published_time\" content=\"2021-07-02T20:38:04+00:00\" \/>\n<meta property=\"og:image\" content=\"https:\/\/www.sonoraenequipo.com.mx\/storage\/2021\/02\/murillo-aispuro.jpg\" \/>\n\t<meta property=\"og:image:width\" content=\"500\" \/>\n\t<meta property=\"og:image:height\" content=\"300\" \/>\n\t<meta property=\"og:image:type\" content=\"image\/jpeg\" \/>\n<meta name=\"author\" content=\"enequipo\" \/>\n<meta name=\"twitter:card\" content=\"summary_large_image\" \/>\n<meta name=\"twitter:creator\" content=\"@sonoraenequipo\" \/>\n<meta name=\"twitter:site\" content=\"@sonoraenequipo\" \/>\n<meta name=\"twitter:label1\" content=\"Escrito por\" \/>\n\t<meta name=\"twitter:data1\" content=\"enequipo\" \/>\n\t<meta name=\"twitter:label2\" content=\"Tiempo de lectura\" \/>\n\t<meta name=\"twitter:data2\" content=\"2 minutos\" \/>\n<script type=\"application\/ld+json\" class=\"yoast-schema-graph\">{\"@context\":\"https:\/\/schema.org\",\"@graph\":[{\"@type\":\"Article\",\"@id\":\"https:\/\/www.sonoraenequipo.com.mx\/resulta-sonora-con-cero-monto-observado-de-recursos-federales-en-cuenta-publica-2020-de-acuerdo-con-la-asf\/#article\",\"isPartOf\":{\"@id\":\"https:\/\/www.sonoraenequipo.com.mx\/resulta-sonora-con-cero-monto-observado-de-recursos-federales-en-cuenta-publica-2020-de-acuerdo-con-la-asf\/\"},\"author\":{\"name\":\"enequipo\",\"@id\":\"https:\/\/www.sonoraenequipo.com.mx\/#\/schema\/person\/50102df0fb23a8fa9e8effad8fa81386\"},\"headline\":\"Resulta Sonora con cero monto observado de recursos federales en Cuenta P\u00fablica 2020 de acuerdo con la ASF\",\"datePublished\":\"2021-07-02T20:38:04+00:00\",\"mainEntityOfPage\":{\"@id\":\"https:\/\/www.sonoraenequipo.com.mx\/resulta-sonora-con-cero-monto-observado-de-recursos-federales-en-cuenta-publica-2020-de-acuerdo-con-la-asf\/\"},\"wordCount\":329,\"commentCount\":0,\"publisher\":{\"@id\":\"https:\/\/www.sonoraenequipo.com.mx\/#organization\"},\"image\":{\"@id\":\"https:\/\/www.sonoraenequipo.com.mx\/resulta-sonora-con-cero-monto-observado-de-recursos-federales-en-cuenta-publica-2020-de-acuerdo-con-la-asf\/#primaryimage\"},\"thumbnailUrl\":\"https:\/\/www.sonoraenequipo.com.mx\/storage\/2021\/02\/murillo-aispuro.jpg\",\"keywords\":[\"2020\",\"cuenta\",\"Sonora\"],\"articleSection\":[\"Sonora\"],\"inLanguage\":\"es\",\"potentialAction\":[{\"@type\":\"CommentAction\",\"name\":\"Comment\",\"target\":[\"https:\/\/www.sonoraenequipo.com.mx\/resulta-sonora-con-cero-monto-observado-de-recursos-federales-en-cuenta-publica-2020-de-acuerdo-con-la-asf\/#respond\"]}]},{\"@type\":\"WebPage\",\"@id\":\"https:\/\/www.sonoraenequipo.com.mx\/resulta-sonora-con-cero-monto-observado-de-recursos-federales-en-cuenta-publica-2020-de-acuerdo-con-la-asf\/\",\"url\":\"https:\/\/www.sonoraenequipo.com.mx\/resulta-sonora-con-cero-monto-observado-de-recursos-federales-en-cuenta-publica-2020-de-acuerdo-con-la-asf\/\",\"name\":\"Sonora en Equipo. Resulta Sonora con cero monto observado de recursos federales en Cuenta P\u00fablica 2020 de acuerdo con la ASF Sonora\",\"isPartOf\":{\"@id\":\"https:\/\/www.sonoraenequipo.com.mx\/#website\"},\"primaryImageOfPage\":{\"@id\":\"https:\/\/www.sonoraenequipo.com.mx\/resulta-sonora-con-cero-monto-observado-de-recursos-federales-en-cuenta-publica-2020-de-acuerdo-con-la-asf\/#primaryimage\"},\"image\":{\"@id\":\"https:\/\/www.sonoraenequipo.com.mx\/resulta-sonora-con-cero-monto-observado-de-recursos-federales-en-cuenta-publica-2020-de-acuerdo-con-la-asf\/#primaryimage\"},\"thumbnailUrl\":\"https:\/\/www.sonoraenequipo.com.mx\/storage\/2021\/02\/murillo-aispuro.jpg\",\"datePublished\":\"2021-07-02T20:38:04+00:00\",\"description\":\"HERMOSILLO, SONORA,MX.\u2500\u2500 Una vez m\u00e1s, Sonora y la administraci\u00f3n de la gobernadora Claudia Pavlovich Arellano result\u00f3 con cero monto observado en el En Sonora en Equipo publicamos toda la informaci\u00f3n de Sonora, M\u00e9xico y el Mundo de manera oportuna y busca que la libertad de expresi\u00f3n sea real. Visita nuestro medio informativo publicado desde Hermosillo, Sonora. %\",\"breadcrumb\":{\"@id\":\"https:\/\/www.sonoraenequipo.com.mx\/resulta-sonora-con-cero-monto-observado-de-recursos-federales-en-cuenta-publica-2020-de-acuerdo-con-la-asf\/#breadcrumb\"},\"inLanguage\":\"es\",\"potentialAction\":[{\"@type\":\"ReadAction\",\"target\":[\"https:\/\/www.sonoraenequipo.com.mx\/resulta-sonora-con-cero-monto-observado-de-recursos-federales-en-cuenta-publica-2020-de-acuerdo-con-la-asf\/\"]}]},{\"@type\":\"ImageObject\",\"inLanguage\":\"es\",\"@id\":\"https:\/\/www.sonoraenequipo.com.mx\/resulta-sonora-con-cero-monto-observado-de-recursos-federales-en-cuenta-publica-2020-de-acuerdo-con-la-asf\/#primaryimage\",\"url\":\"https:\/\/www.sonoraenequipo.com.mx\/storage\/2021\/02\/murillo-aispuro.jpg\",\"contentUrl\":\"https:\/\/www.sonoraenequipo.com.mx\/storage\/2021\/02\/murillo-aispuro.jpg\",\"width\":500,\"height\":300},{\"@type\":\"BreadcrumbList\",\"@id\":\"https:\/\/www.sonoraenequipo.com.mx\/resulta-sonora-con-cero-monto-observado-de-recursos-federales-en-cuenta-publica-2020-de-acuerdo-con-la-asf\/#breadcrumb\",\"itemListElement\":[{\"@type\":\"ListItem\",\"position\":1,\"name\":\"Portada\",\"item\":\"https:\/\/www.sonoraenequipo.com.mx\/\"},{\"@type\":\"ListItem\",\"position\":2,\"name\":\"Resulta Sonora con cero monto observado de recursos federales en Cuenta P\u00fablica 2020 de acuerdo con la ASF\"}]},{\"@type\":\"WebSite\",\"@id\":\"https:\/\/www.sonoraenequipo.com.mx\/#website\",\"url\":\"https:\/\/www.sonoraenequipo.com.mx\/\",\"name\":\"Sonora en Equipo.\",\"description\":\"Diario en l\u00ednea con Noticias desde Hermosillo, Sonora\",\"publisher\":{\"@id\":\"https:\/\/www.sonoraenequipo.com.mx\/#organization\"},\"potentialAction\":[{\"@type\":\"SearchAction\",\"target\":{\"@type\":\"EntryPoint\",\"urlTemplate\":\"https:\/\/www.sonoraenequipo.com.mx\/?s={search_term_string}\"},\"query-input\":{\"@type\":\"PropertyValueSpecification\",\"valueRequired\":true,\"valueName\":\"search_term_string\"}}],\"inLanguage\":\"es\"},{\"@type\":\"Organization\",\"@id\":\"https:\/\/www.sonoraenequipo.com.mx\/#organization\",\"name\":\"Sonoraenequipo.com.mx\",\"url\":\"https:\/\/www.sonoraenequipo.com.mx\/\",\"logo\":{\"@type\":\"ImageObject\",\"inLanguage\":\"es\",\"@id\":\"https:\/\/www.sonoraenequipo.com.mx\/#\/schema\/logo\/image\/\",\"url\":\"https:\/\/www.sonoraenequipo.com.mx\/storage\/2019\/01\/sonoraenequipo_opt.png\",\"contentUrl\":\"https:\/\/www.sonoraenequipo.com.mx\/storage\/2019\/01\/sonoraenequipo_opt.png\",\"width\":375,\"height\":125,\"caption\":\"Sonoraenequipo.com.mx\"},\"image\":{\"@id\":\"https:\/\/www.sonoraenequipo.com.mx\/#\/schema\/logo\/image\/\"},\"sameAs\":[\"https:\/\/www.facebook.com\/SonoraEE\/\",\"https:\/\/x.com\/sonoraenequipo\",\"https:\/\/www.youtube.com\/channel\/UC338nW-lPEYmJQs4ZABQ1SQ\"]},{\"@type\":\"Person\",\"@id\":\"https:\/\/www.sonoraenequipo.com.mx\/#\/schema\/person\/50102df0fb23a8fa9e8effad8fa81386\",\"name\":\"enequipo\",\"image\":{\"@type\":\"ImageObject\",\"inLanguage\":\"es\",\"@id\":\"https:\/\/www.sonoraenequipo.com.mx\/#\/schema\/person\/image\/\",\"url\":\"https:\/\/secure.gravatar.com\/avatar\/049821681b589dabc0bc20695993ccebb09f5b5d4d790cd9251b97faac7c652b?s=96&d=blank&r=g\",\"contentUrl\":\"https:\/\/secure.gravatar.com\/avatar\/049821681b589dabc0bc20695993ccebb09f5b5d4d790cd9251b97faac7c652b?s=96&d=blank&r=g\",\"caption\":\"enequipo\"},\"sameAs\":[\"https:\/\/www.facebook.com\/SonoraEE\"]}]}<\/script>\n ","yoast_head_json":{"title":"Sonora en Equipo. Resulta Sonora con cero monto observado de recursos federales en Cuenta P\u00fablica 2020 de acuerdo con la ASF Sonora","description":"HERMOSILLO, SONORA,MX.\u2500\u2500 Una vez m\u00e1s, Sonora y la administraci\u00f3n de la gobernadora Claudia Pavlovich Arellano result\u00f3 con cero monto observado en el En Sonora en Equipo publicamos toda la informaci\u00f3n de Sonora, M\u00e9xico y el Mundo de manera oportuna y busca que la libertad de expresi\u00f3n sea real. Visita nuestro medio informativo publicado desde Hermosillo, Sonora. %","robots":{"index":"index","follow":"follow","max-snippet":"max-snippet:-1","max-image-preview":"max-image-preview:large","max-video-preview":"max-video-preview:-1"},"canonical":"https:\/\/www.sonoraenequipo.com.mx\/resulta-sonora-con-cero-monto-observado-de-recursos-federales-en-cuenta-publica-2020-de-acuerdo-con-la-asf\/","og_locale":"es_ES","og_type":"article","og_title":"Sonora en Equipo. Resulta Sonora con cero monto observado de recursos federales en Cuenta P\u00fablica 2020 de acuerdo con la ASF Sonora","og_description":"HERMOSILLO, SONORA,MX.\u2500\u2500 Una vez m\u00e1s, Sonora y la administraci\u00f3n de la gobernadora Claudia Pavlovich Arellano result\u00f3 con cero monto observado en el En Sonora en Equipo publicamos toda la informaci\u00f3n de Sonora, M\u00e9xico y el Mundo de manera oportuna y busca que la libertad de expresi\u00f3n sea real. Visita nuestro medio informativo publicado desde Hermosillo, Sonora. %","og_url":"https:\/\/www.sonoraenequipo.com.mx\/resulta-sonora-con-cero-monto-observado-de-recursos-federales-en-cuenta-publica-2020-de-acuerdo-con-la-asf\/","og_site_name":"Sonora en Equipo.","article_publisher":"https:\/\/www.facebook.com\/SonoraEE\/","article_author":"https:\/\/www.facebook.com\/SonoraEE","article_published_time":"2021-07-02T20:38:04+00:00","og_image":[{"width":500,"height":300,"url":"https:\/\/www.sonoraenequipo.com.mx\/storage\/2021\/02\/murillo-aispuro.jpg","type":"image\/jpeg"}],"author":"enequipo","twitter_card":"summary_large_image","twitter_creator":"@sonoraenequipo","twitter_site":"@sonoraenequipo","twitter_misc":{"Escrito por":"enequipo","Tiempo de lectura":"2 minutos"},"schema":{"@context":"https:\/\/schema.org","@graph":[{"@type":"Article","@id":"https:\/\/www.sonoraenequipo.com.mx\/resulta-sonora-con-cero-monto-observado-de-recursos-federales-en-cuenta-publica-2020-de-acuerdo-con-la-asf\/#article","isPartOf":{"@id":"https:\/\/www.sonoraenequipo.com.mx\/resulta-sonora-con-cero-monto-observado-de-recursos-federales-en-cuenta-publica-2020-de-acuerdo-con-la-asf\/"},"author":{"name":"enequipo","@id":"https:\/\/www.sonoraenequipo.com.mx\/#\/schema\/person\/50102df0fb23a8fa9e8effad8fa81386"},"headline":"Resulta Sonora con cero monto observado de recursos federales en Cuenta P\u00fablica 2020 de acuerdo con la ASF","datePublished":"2021-07-02T20:38:04+00:00","mainEntityOfPage":{"@id":"https:\/\/www.sonoraenequipo.com.mx\/resulta-sonora-con-cero-monto-observado-de-recursos-federales-en-cuenta-publica-2020-de-acuerdo-con-la-asf\/"},"wordCount":329,"commentCount":0,"publisher":{"@id":"https:\/\/www.sonoraenequipo.com.mx\/#organization"},"image":{"@id":"https:\/\/www.sonoraenequipo.com.mx\/resulta-sonora-con-cero-monto-observado-de-recursos-federales-en-cuenta-publica-2020-de-acuerdo-con-la-asf\/#primaryimage"},"thumbnailUrl":"https:\/\/www.sonoraenequipo.com.mx\/storage\/2021\/02\/murillo-aispuro.jpg","keywords":["2020","cuenta","Sonora"],"articleSection":["Sonora"],"inLanguage":"es","potentialAction":[{"@type":"CommentAction","name":"Comment","target":["https:\/\/www.sonoraenequipo.com.mx\/resulta-sonora-con-cero-monto-observado-de-recursos-federales-en-cuenta-publica-2020-de-acuerdo-con-la-asf\/#respond"]}]},{"@type":"WebPage","@id":"https:\/\/www.sonoraenequipo.com.mx\/resulta-sonora-con-cero-monto-observado-de-recursos-federales-en-cuenta-publica-2020-de-acuerdo-con-la-asf\/","url":"https:\/\/www.sonoraenequipo.com.mx\/resulta-sonora-con-cero-monto-observado-de-recursos-federales-en-cuenta-publica-2020-de-acuerdo-con-la-asf\/","name":"Sonora en Equipo. Resulta Sonora con cero monto observado de recursos federales en Cuenta P\u00fablica 2020 de acuerdo con la ASF Sonora","isPartOf":{"@id":"https:\/\/www.sonoraenequipo.com.mx\/#website"},"primaryImageOfPage":{"@id":"https:\/\/www.sonoraenequipo.com.mx\/resulta-sonora-con-cero-monto-observado-de-recursos-federales-en-cuenta-publica-2020-de-acuerdo-con-la-asf\/#primaryimage"},"image":{"@id":"https:\/\/www.sonoraenequipo.com.mx\/resulta-sonora-con-cero-monto-observado-de-recursos-federales-en-cuenta-publica-2020-de-acuerdo-con-la-asf\/#primaryimage"},"thumbnailUrl":"https:\/\/www.sonoraenequipo.com.mx\/storage\/2021\/02\/murillo-aispuro.jpg","datePublished":"2021-07-02T20:38:04+00:00","description":"HERMOSILLO, SONORA,MX.\u2500\u2500 Una vez m\u00e1s, Sonora y la administraci\u00f3n de la gobernadora Claudia Pavlovich Arellano result\u00f3 con cero monto observado en el En Sonora en Equipo publicamos toda la informaci\u00f3n de Sonora, M\u00e9xico y el Mundo de manera oportuna y busca que la libertad de expresi\u00f3n sea real. Visita nuestro medio informativo publicado desde Hermosillo, Sonora. %","breadcrumb":{"@id":"https:\/\/www.sonoraenequipo.com.mx\/resulta-sonora-con-cero-monto-observado-de-recursos-federales-en-cuenta-publica-2020-de-acuerdo-con-la-asf\/#breadcrumb"},"inLanguage":"es","potentialAction":[{"@type":"ReadAction","target":["https:\/\/www.sonoraenequipo.com.mx\/resulta-sonora-con-cero-monto-observado-de-recursos-federales-en-cuenta-publica-2020-de-acuerdo-con-la-asf\/"]}]},{"@type":"ImageObject","inLanguage":"es","@id":"https:\/\/www.sonoraenequipo.com.mx\/resulta-sonora-con-cero-monto-observado-de-recursos-federales-en-cuenta-publica-2020-de-acuerdo-con-la-asf\/#primaryimage","url":"https:\/\/www.sonoraenequipo.com.mx\/storage\/2021\/02\/murillo-aispuro.jpg","contentUrl":"https:\/\/www.sonoraenequipo.com.mx\/storage\/2021\/02\/murillo-aispuro.jpg","width":500,"height":300},{"@type":"BreadcrumbList","@id":"https:\/\/www.sonoraenequipo.com.mx\/resulta-sonora-con-cero-monto-observado-de-recursos-federales-en-cuenta-publica-2020-de-acuerdo-con-la-asf\/#breadcrumb","itemListElement":[{"@type":"ListItem","position":1,"name":"Portada","item":"https:\/\/www.sonoraenequipo.com.mx\/"},{"@type":"ListItem","position":2,"name":"Resulta Sonora con cero monto observado de recursos federales en Cuenta P\u00fablica 2020 de acuerdo con la ASF"}]},{"@type":"WebSite","@id":"https:\/\/www.sonoraenequipo.com.mx\/#website","url":"https:\/\/www.sonoraenequipo.com.mx\/","name":"Sonora en Equipo.","description":"Diario en l\u00ednea con Noticias desde Hermosillo, Sonora","publisher":{"@id":"https:\/\/www.sonoraenequipo.com.mx\/#organization"},"potentialAction":[{"@type":"SearchAction","target":{"@type":"EntryPoint","urlTemplate":"https:\/\/www.sonoraenequipo.com.mx\/?s={search_term_string}"},"query-input":{"@type":"PropertyValueSpecification","valueRequired":true,"valueName":"search_term_string"}}],"inLanguage":"es"},{"@type":"Organization","@id":"https:\/\/www.sonoraenequipo.com.mx\/#organization","name":"Sonoraenequipo.com.mx","url":"https:\/\/www.sonoraenequipo.com.mx\/","logo":{"@type":"ImageObject","inLanguage":"es","@id":"https:\/\/www.sonoraenequipo.com.mx\/#\/schema\/logo\/image\/","url":"https:\/\/www.sonoraenequipo.com.mx\/storage\/2019\/01\/sonoraenequipo_opt.png","contentUrl":"https:\/\/www.sonoraenequipo.com.mx\/storage\/2019\/01\/sonoraenequipo_opt.png","width":375,"height":125,"caption":"Sonoraenequipo.com.mx"},"image":{"@id":"https:\/\/www.sonoraenequipo.com.mx\/#\/schema\/logo\/image\/"},"sameAs":["https:\/\/www.facebook.com\/SonoraEE\/","https:\/\/x.com\/sonoraenequipo","https:\/\/www.youtube.com\/channel\/UC338nW-lPEYmJQs4ZABQ1SQ"]},{"@type":"Person","@id":"https:\/\/www.sonoraenequipo.com.mx\/#\/schema\/person\/50102df0fb23a8fa9e8effad8fa81386","name":"enequipo","image":{"@type":"ImageObject","inLanguage":"es","@id":"https:\/\/www.sonoraenequipo.com.mx\/#\/schema\/person\/image\/","url":"https:\/\/secure.gravatar.com\/avatar\/049821681b589dabc0bc20695993ccebb09f5b5d4d790cd9251b97faac7c652b?s=96&d=blank&r=g","contentUrl":"https:\/\/secure.gravatar.com\/avatar\/049821681b589dabc0bc20695993ccebb09f5b5d4d790cd9251b97faac7c652b?s=96&d=blank&r=g","caption":"enequipo"},"sameAs":["https:\/\/www.facebook.com\/SonoraEE"]}]}},"jetpack_featured_media_url":"https:\/\/www.sonoraenequipo.com.mx\/storage\/2021\/02\/murillo-aispuro.jpg","_links":{"self":[{"href":"https:\/\/www.sonoraenequipo.com.mx\/api\/wp\/v2\/posts\/117635","targetHints":{"allow":["GET"]}}],"collection":[{"href":"https:\/\/www.sonoraenequipo.com.mx\/api\/wp\/v2\/posts"}],"about":[{"href":"https:\/\/www.sonoraenequipo.com.mx\/api\/wp\/v2\/types\/post"}],"author":[{"embeddable":true,"href":"https:\/\/www.sonoraenequipo.com.mx\/api\/wp\/v2\/users\/1"}],"replies":[{"embeddable":true,"href":"https:\/\/www.sonoraenequipo.com.mx\/api\/wp\/v2\/comments?post=117635"}],"version-history":[{"count":1,"href":"https:\/\/www.sonoraenequipo.com.mx\/api\/wp\/v2\/posts\/117635\/revisions"}],"predecessor-version":[{"id":117636,"href":"https:\/\/www.sonoraenequipo.com.mx\/api\/wp\/v2\/posts\/117635\/revisions\/117636"}],"wp:featuredmedia":[{"embeddable":true,"href":"https:\/\/www.sonoraenequipo.com.mx\/api\/wp\/v2\/media\/107473"}],"wp:attachment":[{"href":"https:\/\/www.sonoraenequipo.com.mx\/api\/wp\/v2\/media?parent=117635"}],"wp:term":[{"taxonomy":"category","embeddable":true,"href":"https:\/\/www.sonoraenequipo.com.mx\/api\/wp\/v2\/categories?post=117635"},{"taxonomy":"post_tag","embeddable":true,"href":"https:\/\/www.sonoraenequipo.com.mx\/api\/wp\/v2\/tags?post=117635"}],"curies":[{"name":"wp","href":"https:\/\/api.w.org\/{rel}","templated":true}]}}