{"id":117644,"date":"2021-07-02T11:35:47","date_gmt":"2021-07-02T18:35:47","guid":{"rendered":"https:\/\/www.sonoraenequipo.com.mx\/?p=117644"},"modified":"2021-07-02T18:12:34","modified_gmt":"2021-07-03T01:12:34","slug":"cdmx-mantiene-semaforo-amarillo-durante-las-proximas-dos-semanas","status":"publish","type":"post","link":"https:\/\/www.sonoraenequipo.com.mx\/cdmx-mantiene-semaforo-amarillo-durante-las-proximas-dos-semanas\/","title":{"rendered":"CDMX mantiene sem\u00e1foro amarillo durante las pr\u00f3ximas dos semanas"},"content":{"rendered":"<p>CDMX. M\u00c9XICO. \u2014 La Ciudad de M\u00e9xico (CDMX) se mantiene en el amarillo del sem\u00e1foro epidemiol\u00f3gico por tercera semana consecutiva, as\u00ed lo inform\u00f3 este viernes la Jefa de Gobierno de la Ciudad de M\u00e9xico, Claudia Sheinbaum, durante su conferencia virtual.<\/p>\n<p>&nbsp;<\/p>\n<p> <\/p>\n<p>Esto significa que durante las pr\u00f3ximas dos semanas la capital del pa\u00eds permanecer\u00e1 en este color del Sem\u00e1foro de Riesgo Covid-19. La Secretar\u00eda de Salud de la CDMX indic\u00f3 que a partir de la pr\u00f3xima semana ser\u00e1 indispensable llevar el expediente de vacunaci\u00f3n impreso para recibir la vacuna.<\/p>\n<p>&nbsp;<\/p>\n<p>Oliva L\u00f3pez Arellano, Secretaria de Salud de la CDMX, inform\u00f3 que hasta ahora se han aplicado 3 millones 757 52 dosis aplicadas a la poblaci\u00f3n mayor de 18 a\u00f1os; con esquema completo 2 millones 229 mil 130. Un total de 5 millones 702 mil 817 dosis totales. Para el 9 de julio tendremos al 64% de la poblaci\u00f3n mayor de 18 a\u00f1os por lo menos con una dosis y al 38% con esquema completo,\u00b7 declar\u00f3 la funcionaria.<\/p>\n<h3>\nSe vacunar\u00e1 a un mill\u00f3n de personas en la CDMX la siguiente semana<\/h3>\n<p>&nbsp;<\/p>\n<p>Los funcionarios capitalinos se\u00f1alaron que el objetivo es vacunar la pr\u00f3xima semana a m\u00e1s de un mill\u00f3n de personas. Claudia Sheinbaum asegur\u00f3 que \u00ab<em>no habr\u00e1 cierre de actividades y el objetivo es acelerar el proceso de vacunaci\u00f3n, queremos que se sigan abriendo distintas actividades al mismo tiempo que se va vacunando la poblaci\u00f3n.\u00bb<\/em><\/p>\n<p><a class=\"twitter-timeline\" data-width=\"640\" data-height=\"960\" data-dnt=\"true\" href=\"https:\/\/twitter.com\/Claudiashein?ref_src=twsrc%5Etfw\">Tweets by Claudiashein<\/a><script async src=\"https:\/\/platform.twitter.com\/widgets.js\" charset=\"utf-8\"><\/script><\/p>\n<p>&nbsp;<\/p>\n<p>(Publicada el 02\/07\/2021 \/Con informaci\u00f3n de PROCESO)<\/p>\n","protected":false},"excerpt":{"rendered":"<p>CDMX. M\u00c9XICO. \u2014 La Ciudad de M\u00e9xico (CDMX) se mantiene en el amarillo del sem\u00e1foro&#8230;<\/p>\n","protected":false},"author":1,"featured_media":117645,"comment_status":"open","ping_status":"open","sticky":false,"template":"","format":"standard","meta":{"_monsterinsights_skip_tracking":false,"_monsterinsights_sitenote_active":false,"_monsterinsights_sitenote_note":"","_monsterinsights_sitenote_category":0,"footnotes":""},"categories":[5],"tags":[],"class_list":["post"],"yoast_head":" \n<title>Sonora en Equipo. CDMX mantiene sem\u00e1foro amarillo durante las pr\u00f3ximas dos semanas Rep\u00fablica<\/title>\n<meta name=\"description\" content=\"CDMX. M\u00c9XICO. \u2014 La Ciudad de M\u00e9xico (CDMX) se mantiene en el amarillo del sem\u00e1foro epidemiol\u00f3gico por tercera semana consecutiva, as\u00ed lo inform\u00f3 este En Sonora en Equipo publicamos toda la informaci\u00f3n de Sonora, M\u00e9xico y el Mundo de manera oportuna y busca que la libertad de expresi\u00f3n sea real. Visita nuestro medio informativo publicado desde Hermosillo, Sonora. %\" \/>\n<meta name=\"robots\" content=\"index, follow, max-snippet:-1, max-image-preview:large, max-video-preview:-1\" \/>\n<link rel=\"canonical\" href=\"https:\/\/www.sonoraenequipo.com.mx\/cdmx-mantiene-semaforo-amarillo-durante-las-proximas-dos-semanas\/\" \/>\n<meta property=\"og:locale\" content=\"es_ES\" \/>\n<meta property=\"og:type\" content=\"article\" \/>\n<meta property=\"og:title\" content=\"Sonora en Equipo. CDMX mantiene sem\u00e1foro amarillo durante las pr\u00f3ximas dos semanas Rep\u00fablica\" \/>\n<meta property=\"og:description\" content=\"CDMX. M\u00c9XICO. \u2014 La Ciudad de M\u00e9xico (CDMX) se mantiene en el amarillo del sem\u00e1foro epidemiol\u00f3gico por tercera semana consecutiva, as\u00ed lo inform\u00f3 este En Sonora en Equipo publicamos toda la informaci\u00f3n de Sonora, M\u00e9xico y el Mundo de manera oportuna y busca que la libertad de expresi\u00f3n sea real. Visita nuestro medio informativo publicado desde Hermosillo, Sonora. %\" \/>\n<meta property=\"og:url\" content=\"https:\/\/www.sonoraenequipo.com.mx\/cdmx-mantiene-semaforo-amarillo-durante-las-proximas-dos-semanas\/\" \/>\n<meta property=\"og:site_name\" content=\"Sonora en Equipo.\" \/>\n<meta property=\"article:publisher\" content=\"https:\/\/www.facebook.com\/SonoraEE\/\" \/>\n<meta property=\"article:author\" content=\"https:\/\/www.facebook.com\/SonoraEE\" \/>\n<meta property=\"article:published_time\" content=\"2021-07-02T18:35:47+00:00\" \/>\n<meta property=\"article:modified_time\" content=\"2021-07-03T01:12:34+00:00\" \/>\n<meta property=\"og:image\" content=\"https:\/\/www.sonoraenequipo.com.mx\/storage\/2021\/07\/cubrebocas_opt.jpg\" \/>\n\t<meta property=\"og:image:width\" content=\"700\" \/>\n\t<meta property=\"og:image:height\" content=\"400\" \/>\n\t<meta property=\"og:image:type\" content=\"image\/jpeg\" \/>\n<meta name=\"author\" content=\"enequipo\" \/>\n<meta name=\"twitter:card\" content=\"summary_large_image\" \/>\n<meta name=\"twitter:creator\" content=\"@sonoraenequipo\" \/>\n<meta name=\"twitter:site\" content=\"@sonoraenequipo\" \/>\n<meta name=\"twitter:label1\" content=\"Escrito por\" \/>\n\t<meta name=\"twitter:data1\" content=\"enequipo\" \/>\n\t<meta name=\"twitter:label2\" content=\"Tiempo de lectura\" \/>\n\t<meta name=\"twitter:data2\" content=\"2 minutos\" \/>\n<script type=\"application\/ld+json\" class=\"yoast-schema-graph\">{\"@context\":\"https:\/\/schema.org\",\"@graph\":[{\"@type\":\"Article\",\"@id\":\"https:\/\/www.sonoraenequipo.com.mx\/cdmx-mantiene-semaforo-amarillo-durante-las-proximas-dos-semanas\/#article\",\"isPartOf\":{\"@id\":\"https:\/\/www.sonoraenequipo.com.mx\/cdmx-mantiene-semaforo-amarillo-durante-las-proximas-dos-semanas\/\"},\"author\":{\"name\":\"enequipo\",\"@id\":\"https:\/\/www.sonoraenequipo.com.mx\/#\/schema\/person\/50102df0fb23a8fa9e8effad8fa81386\"},\"headline\":\"CDMX mantiene sem\u00e1foro amarillo durante las pr\u00f3ximas dos semanas\",\"datePublished\":\"2021-07-02T18:35:47+00:00\",\"dateModified\":\"2021-07-03T01:12:34+00:00\",\"mainEntityOfPage\":{\"@id\":\"https:\/\/www.sonoraenequipo.com.mx\/cdmx-mantiene-semaforo-amarillo-durante-las-proximas-dos-semanas\/\"},\"wordCount\":265,\"commentCount\":0,\"publisher\":{\"@id\":\"https:\/\/www.sonoraenequipo.com.mx\/#organization\"},\"image\":{\"@id\":\"https:\/\/www.sonoraenequipo.com.mx\/cdmx-mantiene-semaforo-amarillo-durante-las-proximas-dos-semanas\/#primaryimage\"},\"thumbnailUrl\":\"https:\/\/www.sonoraenequipo.com.mx\/storage\/2021\/07\/cubrebocas_opt.jpg\",\"articleSection\":[\"Rep\u00fablica\"],\"inLanguage\":\"es\",\"potentialAction\":[{\"@type\":\"CommentAction\",\"name\":\"Comment\",\"target\":[\"https:\/\/www.sonoraenequipo.com.mx\/cdmx-mantiene-semaforo-amarillo-durante-las-proximas-dos-semanas\/#respond\"]}]},{\"@type\":\"WebPage\",\"@id\":\"https:\/\/www.sonoraenequipo.com.mx\/cdmx-mantiene-semaforo-amarillo-durante-las-proximas-dos-semanas\/\",\"url\":\"https:\/\/www.sonoraenequipo.com.mx\/cdmx-mantiene-semaforo-amarillo-durante-las-proximas-dos-semanas\/\",\"name\":\"Sonora en Equipo. CDMX mantiene sem\u00e1foro amarillo durante las pr\u00f3ximas dos semanas Rep\u00fablica\",\"isPartOf\":{\"@id\":\"https:\/\/www.sonoraenequipo.com.mx\/#website\"},\"primaryImageOfPage\":{\"@id\":\"https:\/\/www.sonoraenequipo.com.mx\/cdmx-mantiene-semaforo-amarillo-durante-las-proximas-dos-semanas\/#primaryimage\"},\"image\":{\"@id\":\"https:\/\/www.sonoraenequipo.com.mx\/cdmx-mantiene-semaforo-amarillo-durante-las-proximas-dos-semanas\/#primaryimage\"},\"thumbnailUrl\":\"https:\/\/www.sonoraenequipo.com.mx\/storage\/2021\/07\/cubrebocas_opt.jpg\",\"datePublished\":\"2021-07-02T18:35:47+00:00\",\"dateModified\":\"2021-07-03T01:12:34+00:00\",\"description\":\"CDMX. M\u00c9XICO. \u2014 La Ciudad de M\u00e9xico (CDMX) se mantiene en el amarillo del sem\u00e1foro epidemiol\u00f3gico por tercera semana consecutiva, as\u00ed lo inform\u00f3 este En Sonora en Equipo publicamos toda la informaci\u00f3n de Sonora, M\u00e9xico y el Mundo de manera oportuna y busca que la libertad de expresi\u00f3n sea real. Visita nuestro medio informativo publicado desde Hermosillo, Sonora. %\",\"breadcrumb\":{\"@id\":\"https:\/\/www.sonoraenequipo.com.mx\/cdmx-mantiene-semaforo-amarillo-durante-las-proximas-dos-semanas\/#breadcrumb\"},\"inLanguage\":\"es\",\"potentialAction\":[{\"@type\":\"ReadAction\",\"target\":[\"https:\/\/www.sonoraenequipo.com.mx\/cdmx-mantiene-semaforo-amarillo-durante-las-proximas-dos-semanas\/\"]}]},{\"@type\":\"ImageObject\",\"inLanguage\":\"es\",\"@id\":\"https:\/\/www.sonoraenequipo.com.mx\/cdmx-mantiene-semaforo-amarillo-durante-las-proximas-dos-semanas\/#primaryimage\",\"url\":\"https:\/\/www.sonoraenequipo.com.mx\/storage\/2021\/07\/cubrebocas_opt.jpg\",\"contentUrl\":\"https:\/\/www.sonoraenequipo.com.mx\/storage\/2021\/07\/cubrebocas_opt.jpg\",\"width\":700,\"height\":400},{\"@type\":\"BreadcrumbList\",\"@id\":\"https:\/\/www.sonoraenequipo.com.mx\/cdmx-mantiene-semaforo-amarillo-durante-las-proximas-dos-semanas\/#breadcrumb\",\"itemListElement\":[{\"@type\":\"ListItem\",\"position\":1,\"name\":\"Portada\",\"item\":\"https:\/\/www.sonoraenequipo.com.mx\/\"},{\"@type\":\"ListItem\",\"position\":2,\"name\":\"CDMX mantiene sem\u00e1foro amarillo durante las pr\u00f3ximas dos semanas\"}]},{\"@type\":\"WebSite\",\"@id\":\"https:\/\/www.sonoraenequipo.com.mx\/#website\",\"url\":\"https:\/\/www.sonoraenequipo.com.mx\/\",\"name\":\"Sonora en Equipo.\",\"description\":\"Diario en l\u00ednea con Noticias desde Hermosillo, Sonora\",\"publisher\":{\"@id\":\"https:\/\/www.sonoraenequipo.com.mx\/#organization\"},\"potentialAction\":[{\"@type\":\"SearchAction\",\"target\":{\"@type\":\"EntryPoint\",\"urlTemplate\":\"https:\/\/www.sonoraenequipo.com.mx\/?s={search_term_string}\"},\"query-input\":{\"@type\":\"PropertyValueSpecification\",\"valueRequired\":true,\"valueName\":\"search_term_string\"}}],\"inLanguage\":\"es\"},{\"@type\":\"Organization\",\"@id\":\"https:\/\/www.sonoraenequipo.com.mx\/#organization\",\"name\":\"Sonoraenequipo.com.mx\",\"url\":\"https:\/\/www.sonoraenequipo.com.mx\/\",\"logo\":{\"@type\":\"ImageObject\",\"inLanguage\":\"es\",\"@id\":\"https:\/\/www.sonoraenequipo.com.mx\/#\/schema\/logo\/image\/\",\"url\":\"https:\/\/www.sonoraenequipo.com.mx\/storage\/2019\/01\/sonoraenequipo_opt.png\",\"contentUrl\":\"https:\/\/www.sonoraenequipo.com.mx\/storage\/2019\/01\/sonoraenequipo_opt.png\",\"width\":375,\"height\":125,\"caption\":\"Sonoraenequipo.com.mx\"},\"image\":{\"@id\":\"https:\/\/www.sonoraenequipo.com.mx\/#\/schema\/logo\/image\/\"},\"sameAs\":[\"https:\/\/www.facebook.com\/SonoraEE\/\",\"https:\/\/x.com\/sonoraenequipo\",\"https:\/\/www.youtube.com\/channel\/UC338nW-lPEYmJQs4ZABQ1SQ\"]},{\"@type\":\"Person\",\"@id\":\"https:\/\/www.sonoraenequipo.com.mx\/#\/schema\/person\/50102df0fb23a8fa9e8effad8fa81386\",\"name\":\"enequipo\",\"image\":{\"@type\":\"ImageObject\",\"inLanguage\":\"es\",\"@id\":\"https:\/\/www.sonoraenequipo.com.mx\/#\/schema\/person\/image\/\",\"url\":\"https:\/\/secure.gravatar.com\/avatar\/049821681b589dabc0bc20695993ccebb09f5b5d4d790cd9251b97faac7c652b?s=96&d=blank&r=g\",\"contentUrl\":\"https:\/\/secure.gravatar.com\/avatar\/049821681b589dabc0bc20695993ccebb09f5b5d4d790cd9251b97faac7c652b?s=96&d=blank&r=g\",\"caption\":\"enequipo\"},\"sameAs\":[\"https:\/\/www.facebook.com\/SonoraEE\"]}]}<\/script>\n ","yoast_head_json":{"title":"Sonora en Equipo. CDMX mantiene sem\u00e1foro amarillo durante las pr\u00f3ximas dos semanas Rep\u00fablica","description":"CDMX. M\u00c9XICO. \u2014 La Ciudad de M\u00e9xico (CDMX) se mantiene en el amarillo del sem\u00e1foro epidemiol\u00f3gico por tercera semana consecutiva, as\u00ed lo inform\u00f3 este En Sonora en Equipo publicamos toda la informaci\u00f3n de Sonora, M\u00e9xico y el Mundo de manera oportuna y busca que la libertad de expresi\u00f3n sea real. Visita nuestro medio informativo publicado desde Hermosillo, Sonora. %","robots":{"index":"index","follow":"follow","max-snippet":"max-snippet:-1","max-image-preview":"max-image-preview:large","max-video-preview":"max-video-preview:-1"},"canonical":"https:\/\/www.sonoraenequipo.com.mx\/cdmx-mantiene-semaforo-amarillo-durante-las-proximas-dos-semanas\/","og_locale":"es_ES","og_type":"article","og_title":"Sonora en Equipo. CDMX mantiene sem\u00e1foro amarillo durante las pr\u00f3ximas dos semanas Rep\u00fablica","og_description":"CDMX. M\u00c9XICO. \u2014 La Ciudad de M\u00e9xico (CDMX) se mantiene en el amarillo del sem\u00e1foro epidemiol\u00f3gico por tercera semana consecutiva, as\u00ed lo inform\u00f3 este En Sonora en Equipo publicamos toda la informaci\u00f3n de Sonora, M\u00e9xico y el Mundo de manera oportuna y busca que la libertad de expresi\u00f3n sea real. Visita nuestro medio informativo publicado desde Hermosillo, Sonora. %","og_url":"https:\/\/www.sonoraenequipo.com.mx\/cdmx-mantiene-semaforo-amarillo-durante-las-proximas-dos-semanas\/","og_site_name":"Sonora en Equipo.","article_publisher":"https:\/\/www.facebook.com\/SonoraEE\/","article_author":"https:\/\/www.facebook.com\/SonoraEE","article_published_time":"2021-07-02T18:35:47+00:00","article_modified_time":"2021-07-03T01:12:34+00:00","og_image":[{"width":700,"height":400,"url":"https:\/\/www.sonoraenequipo.com.mx\/storage\/2021\/07\/cubrebocas_opt.jpg","type":"image\/jpeg"}],"author":"enequipo","twitter_card":"summary_large_image","twitter_creator":"@sonoraenequipo","twitter_site":"@sonoraenequipo","twitter_misc":{"Escrito por":"enequipo","Tiempo de lectura":"2 minutos"},"schema":{"@context":"https:\/\/schema.org","@graph":[{"@type":"Article","@id":"https:\/\/www.sonoraenequipo.com.mx\/cdmx-mantiene-semaforo-amarillo-durante-las-proximas-dos-semanas\/#article","isPartOf":{"@id":"https:\/\/www.sonoraenequipo.com.mx\/cdmx-mantiene-semaforo-amarillo-durante-las-proximas-dos-semanas\/"},"author":{"name":"enequipo","@id":"https:\/\/www.sonoraenequipo.com.mx\/#\/schema\/person\/50102df0fb23a8fa9e8effad8fa81386"},"headline":"CDMX mantiene sem\u00e1foro amarillo durante las pr\u00f3ximas dos semanas","datePublished":"2021-07-02T18:35:47+00:00","dateModified":"2021-07-03T01:12:34+00:00","mainEntityOfPage":{"@id":"https:\/\/www.sonoraenequipo.com.mx\/cdmx-mantiene-semaforo-amarillo-durante-las-proximas-dos-semanas\/"},"wordCount":265,"commentCount":0,"publisher":{"@id":"https:\/\/www.sonoraenequipo.com.mx\/#organization"},"image":{"@id":"https:\/\/www.sonoraenequipo.com.mx\/cdmx-mantiene-semaforo-amarillo-durante-las-proximas-dos-semanas\/#primaryimage"},"thumbnailUrl":"https:\/\/www.sonoraenequipo.com.mx\/storage\/2021\/07\/cubrebocas_opt.jpg","articleSection":["Rep\u00fablica"],"inLanguage":"es","potentialAction":[{"@type":"CommentAction","name":"Comment","target":["https:\/\/www.sonoraenequipo.com.mx\/cdmx-mantiene-semaforo-amarillo-durante-las-proximas-dos-semanas\/#respond"]}]},{"@type":"WebPage","@id":"https:\/\/www.sonoraenequipo.com.mx\/cdmx-mantiene-semaforo-amarillo-durante-las-proximas-dos-semanas\/","url":"https:\/\/www.sonoraenequipo.com.mx\/cdmx-mantiene-semaforo-amarillo-durante-las-proximas-dos-semanas\/","name":"Sonora en Equipo. CDMX mantiene sem\u00e1foro amarillo durante las pr\u00f3ximas dos semanas Rep\u00fablica","isPartOf":{"@id":"https:\/\/www.sonoraenequipo.com.mx\/#website"},"primaryImageOfPage":{"@id":"https:\/\/www.sonoraenequipo.com.mx\/cdmx-mantiene-semaforo-amarillo-durante-las-proximas-dos-semanas\/#primaryimage"},"image":{"@id":"https:\/\/www.sonoraenequipo.com.mx\/cdmx-mantiene-semaforo-amarillo-durante-las-proximas-dos-semanas\/#primaryimage"},"thumbnailUrl":"https:\/\/www.sonoraenequipo.com.mx\/storage\/2021\/07\/cubrebocas_opt.jpg","datePublished":"2021-07-02T18:35:47+00:00","dateModified":"2021-07-03T01:12:34+00:00","description":"CDMX. M\u00c9XICO. \u2014 La Ciudad de M\u00e9xico (CDMX) se mantiene en el amarillo del sem\u00e1foro epidemiol\u00f3gico por tercera semana consecutiva, as\u00ed lo inform\u00f3 este En Sonora en Equipo publicamos toda la informaci\u00f3n de Sonora, M\u00e9xico y el Mundo de manera oportuna y busca que la libertad de expresi\u00f3n sea real. Visita nuestro medio informativo publicado desde Hermosillo, Sonora. %","breadcrumb":{"@id":"https:\/\/www.sonoraenequipo.com.mx\/cdmx-mantiene-semaforo-amarillo-durante-las-proximas-dos-semanas\/#breadcrumb"},"inLanguage":"es","potentialAction":[{"@type":"ReadAction","target":["https:\/\/www.sonoraenequipo.com.mx\/cdmx-mantiene-semaforo-amarillo-durante-las-proximas-dos-semanas\/"]}]},{"@type":"ImageObject","inLanguage":"es","@id":"https:\/\/www.sonoraenequipo.com.mx\/cdmx-mantiene-semaforo-amarillo-durante-las-proximas-dos-semanas\/#primaryimage","url":"https:\/\/www.sonoraenequipo.com.mx\/storage\/2021\/07\/cubrebocas_opt.jpg","contentUrl":"https:\/\/www.sonoraenequipo.com.mx\/storage\/2021\/07\/cubrebocas_opt.jpg","width":700,"height":400},{"@type":"BreadcrumbList","@id":"https:\/\/www.sonoraenequipo.com.mx\/cdmx-mantiene-semaforo-amarillo-durante-las-proximas-dos-semanas\/#breadcrumb","itemListElement":[{"@type":"ListItem","position":1,"name":"Portada","item":"https:\/\/www.sonoraenequipo.com.mx\/"},{"@type":"ListItem","position":2,"name":"CDMX mantiene sem\u00e1foro amarillo durante las pr\u00f3ximas dos semanas"}]},{"@type":"WebSite","@id":"https:\/\/www.sonoraenequipo.com.mx\/#website","url":"https:\/\/www.sonoraenequipo.com.mx\/","name":"Sonora en Equipo.","description":"Diario en l\u00ednea con Noticias desde Hermosillo, Sonora","publisher":{"@id":"https:\/\/www.sonoraenequipo.com.mx\/#organization"},"potentialAction":[{"@type":"SearchAction","target":{"@type":"EntryPoint","urlTemplate":"https:\/\/www.sonoraenequipo.com.mx\/?s={search_term_string}"},"query-input":{"@type":"PropertyValueSpecification","valueRequired":true,"valueName":"search_term_string"}}],"inLanguage":"es"},{"@type":"Organization","@id":"https:\/\/www.sonoraenequipo.com.mx\/#organization","name":"Sonoraenequipo.com.mx","url":"https:\/\/www.sonoraenequipo.com.mx\/","logo":{"@type":"ImageObject","inLanguage":"es","@id":"https:\/\/www.sonoraenequipo.com.mx\/#\/schema\/logo\/image\/","url":"https:\/\/www.sonoraenequipo.com.mx\/storage\/2019\/01\/sonoraenequipo_opt.png","contentUrl":"https:\/\/www.sonoraenequipo.com.mx\/storage\/2019\/01\/sonoraenequipo_opt.png","width":375,"height":125,"caption":"Sonoraenequipo.com.mx"},"image":{"@id":"https:\/\/www.sonoraenequipo.com.mx\/#\/schema\/logo\/image\/"},"sameAs":["https:\/\/www.facebook.com\/SonoraEE\/","https:\/\/x.com\/sonoraenequipo","https:\/\/www.youtube.com\/channel\/UC338nW-lPEYmJQs4ZABQ1SQ"]},{"@type":"Person","@id":"https:\/\/www.sonoraenequipo.com.mx\/#\/schema\/person\/50102df0fb23a8fa9e8effad8fa81386","name":"enequipo","image":{"@type":"ImageObject","inLanguage":"es","@id":"https:\/\/www.sonoraenequipo.com.mx\/#\/schema\/person\/image\/","url":"https:\/\/secure.gravatar.com\/avatar\/049821681b589dabc0bc20695993ccebb09f5b5d4d790cd9251b97faac7c652b?s=96&d=blank&r=g","contentUrl":"https:\/\/secure.gravatar.com\/avatar\/049821681b589dabc0bc20695993ccebb09f5b5d4d790cd9251b97faac7c652b?s=96&d=blank&r=g","caption":"enequipo"},"sameAs":["https:\/\/www.facebook.com\/SonoraEE"]}]}},"jetpack_featured_media_url":"https:\/\/www.sonoraenequipo.com.mx\/storage\/2021\/07\/cubrebocas_opt.jpg","_links":{"self":[{"href":"https:\/\/www.sonoraenequipo.com.mx\/api\/wp\/v2\/posts\/117644","targetHints":{"allow":["GET"]}}],"collection":[{"href":"https:\/\/www.sonoraenequipo.com.mx\/api\/wp\/v2\/posts"}],"about":[{"href":"https:\/\/www.sonoraenequipo.com.mx\/api\/wp\/v2\/types\/post"}],"author":[{"embeddable":true,"href":"https:\/\/www.sonoraenequipo.com.mx\/api\/wp\/v2\/users\/1"}],"replies":[{"embeddable":true,"href":"https:\/\/www.sonoraenequipo.com.mx\/api\/wp\/v2\/comments?post=117644"}],"version-history":[{"count":1,"href":"https:\/\/www.sonoraenequipo.com.mx\/api\/wp\/v2\/posts\/117644\/revisions"}],"predecessor-version":[{"id":117647,"href":"https:\/\/www.sonoraenequipo.com.mx\/api\/wp\/v2\/posts\/117644\/revisions\/117647"}],"wp:featuredmedia":[{"embeddable":true,"href":"https:\/\/www.sonoraenequipo.com.mx\/api\/wp\/v2\/media\/117645"}],"wp:attachment":[{"href":"https:\/\/www.sonoraenequipo.com.mx\/api\/wp\/v2\/media?parent=117644"}],"wp:term":[{"taxonomy":"category","embeddable":true,"href":"https:\/\/www.sonoraenequipo.com.mx\/api\/wp\/v2\/categories?post=117644"},{"taxonomy":"post_tag","embeddable":true,"href":"https:\/\/www.sonoraenequipo.com.mx\/api\/wp\/v2\/tags?post=117644"}],"curies":[{"name":"wp","href":"https:\/\/api.w.org\/{rel}","templated":true}]}}