{"id":117651,"date":"2021-07-02T15:00:46","date_gmt":"2021-07-02T22:00:46","guid":{"rendered":"https:\/\/www.sonoraenequipo.com.mx\/?p=117651"},"modified":"2021-07-02T21:18:17","modified_gmt":"2021-07-03T04:18:17","slug":"dos-choferes-de-transporte-publico-fueron-arrestados-por-no-usar-cubrebocas-en-sinaloa","status":"publish","type":"post","link":"https:\/\/www.sonoraenequipo.com.mx\/dos-choferes-de-transporte-publico-fueron-arrestados-por-no-usar-cubrebocas-en-sinaloa\/","title":{"rendered":"Dos choferes de transporte p\u00fablico fueron arrestados por no usar cubrebocas en Sinaloa"},"content":{"rendered":"<p>CULIAC\u00c1N, SINALOA. MX. \u2014 Por no usar cubrebocas, dos choferes del transporte p\u00fablico urbano fueron arrestados y llevados a Barandilla por elementos de la Secretar\u00eda de Seguridad P\u00fablica y Tr\u00e1nsito Municipal de Culiac\u00e1n y sus unidades fueron remitidas al corral\u00f3n.<\/p>\n<p>&nbsp;<\/p>\n<p> <\/p>\n<p>&nbsp;<\/p>\n<p>Esta semana, el alcalde de Culiac\u00e1n, Jes\u00fas Estrada Ferreiro puso en marcha un Programa de Movilidad, que consiste en vigilar el cumplimiento de las medidas sanitarias al interior de los camiones urbanos, para disminuir el \u00edndice de contagios por Covid-19.<\/p>\n<p>&nbsp;<\/p>\n<p>Como resultado de los operativos que se llevan a cabo en el transporte p\u00fablico, el director de la Unidad de Vialidad y Tr\u00e1nsito del municipio, P\u00e1nfilo Antonio D\u00edaz Ju\u00e1rez inform\u00f3 que, esta ma\u00f1ana se arrest\u00f3 a dos operadores de camiones urbanos, quienes fueron turnados a Barandilla, cuya sanci\u00f3n ser\u00e1 impuesta por el juez.<\/p>\n<p>Los choferes operaban unidades de las rutas Vegas y Circuito Sur, y al ser interceptados por elementos de la corporaci\u00f3n, observaron que no portaban los cubrebocas, que es obligatorio, por lo que fueron llevados a Barandilla, donde el juez determinar\u00e1 la multa econ\u00f3mica o sanci\u00f3n con horas de arresto.<\/p>\n<p>&nbsp;<\/p>\n<h3>Los camiones fueron puestos a disposici\u00f3n de las autoridades<\/h3>\n<p>&nbsp;<\/p>\n<p>En el caso de los camiones, estos fueron llevados a los patios de la Unidad de Vialidad y Tr\u00e1nsito, hasta que los due\u00f1os acrediten la propiedad de los veh\u00edculos para poder liberarlos.<\/p>\n<p>&nbsp;<\/p>\n<p>El funcionario record\u00f3 que, estas medidas fueron acosadas entre las autoridades municipales, y los concesionarios y permisionarios del transporte p\u00fablico de la ciudad, como una estrategia para proteger la salud de los pasajeros y de los choferes, quienes corren gran riesgo por pasar muchas horas arriba del cami\u00f3n.<\/p>\n<p>&nbsp;<\/p>\n<p>Los conductores deben portar el cubrebocas arriba de cami\u00f3n de manera reglamentaria, y quienes no lo usen, ser\u00e1n sancionados en base al art\u00edculo 59, fracci\u00f3n VII del Bando de Polic\u00eda de Culiac\u00e1n.<\/p>\n<p>&nbsp;<\/p>\n<p>P\u00e1nfilo D\u00edaz reiter\u00f3 que, lo que buscan es reducir los \u00edndices del Covid-19, y el conductor debe poner el ejemplo al usuario, al portar el cubreboca, ya que de otra manera no puede evitar que el usuario suba a la unidad sin \u00e9l.<\/p>\n<p>&nbsp;<\/p>\n<p>El director de Tr\u00e1nsito aclar\u00f3 que, la idea no es detener a las personas, pero se debe trabajar para bajar los \u00edndices de contagio, y para ello se redoblar\u00e1n esfuerzos.<\/p>\n<p>&nbsp;<\/p>\n<p>&nbsp;<\/p>\n<p>(Publicada el 02\/07\/2021)<\/p>\n","protected":false},"excerpt":{"rendered":"<p>CULIAC\u00c1N, SINALOA. MX. \u2014 Por no usar cubrebocas, dos choferes del transporte p\u00fablico urbano fueron&#8230;<\/p>\n","protected":false},"author":1,"featured_media":117646,"comment_status":"open","ping_status":"open","sticky":false,"template":"","format":"standard","meta":{"_monsterinsights_skip_tracking":false,"_monsterinsights_sitenote_active":false,"_monsterinsights_sitenote_note":"","_monsterinsights_sitenote_category":0,"footnotes":""},"categories":[3],"tags":[],"class_list":["post"],"yoast_head":" \n<title>Sonora en Equipo. Dos choferes de transporte p\u00fablico fueron arrestados por no usar cubrebocas en Sinaloa MUNDO<\/title>\n<meta name=\"description\" content=\"CULIAC\u00c1N, SINALOA. MX. \u2014 Por no usar cubrebocas, dos choferes del transporte p\u00fablico urbano fueron arrestados y llevados a Barandilla por elementos de la En Sonora en Equipo publicamos toda la informaci\u00f3n de Sonora, M\u00e9xico y el Mundo de manera oportuna y busca que la libertad de expresi\u00f3n sea real. Visita nuestro medio informativo publicado desde Hermosillo, Sonora. %\" \/>\n<meta name=\"robots\" content=\"index, follow, max-snippet:-1, max-image-preview:large, max-video-preview:-1\" \/>\n<link rel=\"canonical\" href=\"https:\/\/www.sonoraenequipo.com.mx\/dos-choferes-de-transporte-publico-fueron-arrestados-por-no-usar-cubrebocas-en-sinaloa\/\" \/>\n<meta property=\"og:locale\" content=\"es_ES\" \/>\n<meta property=\"og:type\" content=\"article\" \/>\n<meta property=\"og:title\" content=\"Sonora en Equipo. Dos choferes de transporte p\u00fablico fueron arrestados por no usar cubrebocas en Sinaloa MUNDO\" \/>\n<meta property=\"og:description\" content=\"CULIAC\u00c1N, SINALOA. MX. \u2014 Por no usar cubrebocas, dos choferes del transporte p\u00fablico urbano fueron arrestados y llevados a Barandilla por elementos de la En Sonora en Equipo publicamos toda la informaci\u00f3n de Sonora, M\u00e9xico y el Mundo de manera oportuna y busca que la libertad de expresi\u00f3n sea real. Visita nuestro medio informativo publicado desde Hermosillo, Sonora. %\" \/>\n<meta property=\"og:url\" content=\"https:\/\/www.sonoraenequipo.com.mx\/dos-choferes-de-transporte-publico-fueron-arrestados-por-no-usar-cubrebocas-en-sinaloa\/\" \/>\n<meta property=\"og:site_name\" content=\"Sonora en Equipo.\" \/>\n<meta property=\"article:publisher\" content=\"https:\/\/www.facebook.com\/SonoraEE\/\" \/>\n<meta property=\"article:author\" content=\"https:\/\/www.facebook.com\/SonoraEE\" \/>\n<meta property=\"article:published_time\" content=\"2021-07-02T22:00:46+00:00\" \/>\n<meta property=\"article:modified_time\" content=\"2021-07-03T04:18:17+00:00\" \/>\n<meta property=\"og:image\" content=\"https:\/\/www.sonoraenequipo.com.mx\/storage\/2021\/07\/camiones-en-sinaloa_opt.jpg\" \/>\n\t<meta property=\"og:image:width\" content=\"700\" \/>\n\t<meta property=\"og:image:height\" content=\"400\" \/>\n\t<meta property=\"og:image:type\" content=\"image\/jpeg\" \/>\n<meta name=\"author\" content=\"enequipo\" \/>\n<meta name=\"twitter:card\" content=\"summary_large_image\" \/>\n<meta name=\"twitter:creator\" content=\"@sonoraenequipo\" \/>\n<meta name=\"twitter:site\" content=\"@sonoraenequipo\" \/>\n<meta name=\"twitter:label1\" content=\"Escrito por\" \/>\n\t<meta name=\"twitter:data1\" content=\"enequipo\" \/>\n\t<meta name=\"twitter:label2\" content=\"Tiempo de lectura\" \/>\n\t<meta name=\"twitter:data2\" content=\"2 minutos\" \/>\n<script type=\"application\/ld+json\" class=\"yoast-schema-graph\">{\"@context\":\"https:\/\/schema.org\",\"@graph\":[{\"@type\":\"Article\",\"@id\":\"https:\/\/www.sonoraenequipo.com.mx\/dos-choferes-de-transporte-publico-fueron-arrestados-por-no-usar-cubrebocas-en-sinaloa\/#article\",\"isPartOf\":{\"@id\":\"https:\/\/www.sonoraenequipo.com.mx\/dos-choferes-de-transporte-publico-fueron-arrestados-por-no-usar-cubrebocas-en-sinaloa\/\"},\"author\":{\"name\":\"enequipo\",\"@id\":\"https:\/\/www.sonoraenequipo.com.mx\/#\/schema\/person\/50102df0fb23a8fa9e8effad8fa81386\"},\"headline\":\"Dos choferes de transporte p\u00fablico fueron arrestados por no usar cubrebocas en Sinaloa\",\"datePublished\":\"2021-07-02T22:00:46+00:00\",\"dateModified\":\"2021-07-03T04:18:17+00:00\",\"mainEntityOfPage\":{\"@id\":\"https:\/\/www.sonoraenequipo.com.mx\/dos-choferes-de-transporte-publico-fueron-arrestados-por-no-usar-cubrebocas-en-sinaloa\/\"},\"wordCount\":436,\"commentCount\":0,\"publisher\":{\"@id\":\"https:\/\/www.sonoraenequipo.com.mx\/#organization\"},\"image\":{\"@id\":\"https:\/\/www.sonoraenequipo.com.mx\/dos-choferes-de-transporte-publico-fueron-arrestados-por-no-usar-cubrebocas-en-sinaloa\/#primaryimage\"},\"thumbnailUrl\":\"https:\/\/www.sonoraenequipo.com.mx\/storage\/2021\/07\/camiones-en-sinaloa_opt.jpg\",\"articleSection\":[\"MUNDO\"],\"inLanguage\":\"es\",\"potentialAction\":[{\"@type\":\"CommentAction\",\"name\":\"Comment\",\"target\":[\"https:\/\/www.sonoraenequipo.com.mx\/dos-choferes-de-transporte-publico-fueron-arrestados-por-no-usar-cubrebocas-en-sinaloa\/#respond\"]}]},{\"@type\":\"WebPage\",\"@id\":\"https:\/\/www.sonoraenequipo.com.mx\/dos-choferes-de-transporte-publico-fueron-arrestados-por-no-usar-cubrebocas-en-sinaloa\/\",\"url\":\"https:\/\/www.sonoraenequipo.com.mx\/dos-choferes-de-transporte-publico-fueron-arrestados-por-no-usar-cubrebocas-en-sinaloa\/\",\"name\":\"Sonora en Equipo. Dos choferes de transporte p\u00fablico fueron arrestados por no usar cubrebocas en Sinaloa MUNDO\",\"isPartOf\":{\"@id\":\"https:\/\/www.sonoraenequipo.com.mx\/#website\"},\"primaryImageOfPage\":{\"@id\":\"https:\/\/www.sonoraenequipo.com.mx\/dos-choferes-de-transporte-publico-fueron-arrestados-por-no-usar-cubrebocas-en-sinaloa\/#primaryimage\"},\"image\":{\"@id\":\"https:\/\/www.sonoraenequipo.com.mx\/dos-choferes-de-transporte-publico-fueron-arrestados-por-no-usar-cubrebocas-en-sinaloa\/#primaryimage\"},\"thumbnailUrl\":\"https:\/\/www.sonoraenequipo.com.mx\/storage\/2021\/07\/camiones-en-sinaloa_opt.jpg\",\"datePublished\":\"2021-07-02T22:00:46+00:00\",\"dateModified\":\"2021-07-03T04:18:17+00:00\",\"description\":\"CULIAC\u00c1N, SINALOA. MX. \u2014 Por no usar cubrebocas, dos choferes del transporte p\u00fablico urbano fueron arrestados y llevados a Barandilla por elementos de la En Sonora en Equipo publicamos toda la informaci\u00f3n de Sonora, M\u00e9xico y el Mundo de manera oportuna y busca que la libertad de expresi\u00f3n sea real. Visita nuestro medio informativo publicado desde Hermosillo, Sonora. %\",\"breadcrumb\":{\"@id\":\"https:\/\/www.sonoraenequipo.com.mx\/dos-choferes-de-transporte-publico-fueron-arrestados-por-no-usar-cubrebocas-en-sinaloa\/#breadcrumb\"},\"inLanguage\":\"es\",\"potentialAction\":[{\"@type\":\"ReadAction\",\"target\":[\"https:\/\/www.sonoraenequipo.com.mx\/dos-choferes-de-transporte-publico-fueron-arrestados-por-no-usar-cubrebocas-en-sinaloa\/\"]}]},{\"@type\":\"ImageObject\",\"inLanguage\":\"es\",\"@id\":\"https:\/\/www.sonoraenequipo.com.mx\/dos-choferes-de-transporte-publico-fueron-arrestados-por-no-usar-cubrebocas-en-sinaloa\/#primaryimage\",\"url\":\"https:\/\/www.sonoraenequipo.com.mx\/storage\/2021\/07\/camiones-en-sinaloa_opt.jpg\",\"contentUrl\":\"https:\/\/www.sonoraenequipo.com.mx\/storage\/2021\/07\/camiones-en-sinaloa_opt.jpg\",\"width\":700,\"height\":400},{\"@type\":\"BreadcrumbList\",\"@id\":\"https:\/\/www.sonoraenequipo.com.mx\/dos-choferes-de-transporte-publico-fueron-arrestados-por-no-usar-cubrebocas-en-sinaloa\/#breadcrumb\",\"itemListElement\":[{\"@type\":\"ListItem\",\"position\":1,\"name\":\"Portada\",\"item\":\"https:\/\/www.sonoraenequipo.com.mx\/\"},{\"@type\":\"ListItem\",\"position\":2,\"name\":\"Dos choferes de transporte p\u00fablico fueron arrestados por no usar cubrebocas en Sinaloa\"}]},{\"@type\":\"WebSite\",\"@id\":\"https:\/\/www.sonoraenequipo.com.mx\/#website\",\"url\":\"https:\/\/www.sonoraenequipo.com.mx\/\",\"name\":\"Sonora en Equipo.\",\"description\":\"Diario en l\u00ednea con Noticias desde Hermosillo, Sonora\",\"publisher\":{\"@id\":\"https:\/\/www.sonoraenequipo.com.mx\/#organization\"},\"potentialAction\":[{\"@type\":\"SearchAction\",\"target\":{\"@type\":\"EntryPoint\",\"urlTemplate\":\"https:\/\/www.sonoraenequipo.com.mx\/?s={search_term_string}\"},\"query-input\":{\"@type\":\"PropertyValueSpecification\",\"valueRequired\":true,\"valueName\":\"search_term_string\"}}],\"inLanguage\":\"es\"},{\"@type\":\"Organization\",\"@id\":\"https:\/\/www.sonoraenequipo.com.mx\/#organization\",\"name\":\"Sonoraenequipo.com.mx\",\"url\":\"https:\/\/www.sonoraenequipo.com.mx\/\",\"logo\":{\"@type\":\"ImageObject\",\"inLanguage\":\"es\",\"@id\":\"https:\/\/www.sonoraenequipo.com.mx\/#\/schema\/logo\/image\/\",\"url\":\"https:\/\/www.sonoraenequipo.com.mx\/storage\/2019\/01\/sonoraenequipo_opt.png\",\"contentUrl\":\"https:\/\/www.sonoraenequipo.com.mx\/storage\/2019\/01\/sonoraenequipo_opt.png\",\"width\":375,\"height\":125,\"caption\":\"Sonoraenequipo.com.mx\"},\"image\":{\"@id\":\"https:\/\/www.sonoraenequipo.com.mx\/#\/schema\/logo\/image\/\"},\"sameAs\":[\"https:\/\/www.facebook.com\/SonoraEE\/\",\"https:\/\/x.com\/sonoraenequipo\",\"https:\/\/www.youtube.com\/channel\/UC338nW-lPEYmJQs4ZABQ1SQ\"]},{\"@type\":\"Person\",\"@id\":\"https:\/\/www.sonoraenequipo.com.mx\/#\/schema\/person\/50102df0fb23a8fa9e8effad8fa81386\",\"name\":\"enequipo\",\"image\":{\"@type\":\"ImageObject\",\"inLanguage\":\"es\",\"@id\":\"https:\/\/www.sonoraenequipo.com.mx\/#\/schema\/person\/image\/\",\"url\":\"https:\/\/secure.gravatar.com\/avatar\/049821681b589dabc0bc20695993ccebb09f5b5d4d790cd9251b97faac7c652b?s=96&d=blank&r=g\",\"contentUrl\":\"https:\/\/secure.gravatar.com\/avatar\/049821681b589dabc0bc20695993ccebb09f5b5d4d790cd9251b97faac7c652b?s=96&d=blank&r=g\",\"caption\":\"enequipo\"},\"sameAs\":[\"https:\/\/www.facebook.com\/SonoraEE\"]}]}<\/script>\n ","yoast_head_json":{"title":"Sonora en Equipo. Dos choferes de transporte p\u00fablico fueron arrestados por no usar cubrebocas en Sinaloa MUNDO","description":"CULIAC\u00c1N, SINALOA. MX. \u2014 Por no usar cubrebocas, dos choferes del transporte p\u00fablico urbano fueron arrestados y llevados a Barandilla por elementos de la En Sonora en Equipo publicamos toda la informaci\u00f3n de Sonora, M\u00e9xico y el Mundo de manera oportuna y busca que la libertad de expresi\u00f3n sea real. Visita nuestro medio informativo publicado desde Hermosillo, Sonora. %","robots":{"index":"index","follow":"follow","max-snippet":"max-snippet:-1","max-image-preview":"max-image-preview:large","max-video-preview":"max-video-preview:-1"},"canonical":"https:\/\/www.sonoraenequipo.com.mx\/dos-choferes-de-transporte-publico-fueron-arrestados-por-no-usar-cubrebocas-en-sinaloa\/","og_locale":"es_ES","og_type":"article","og_title":"Sonora en Equipo. Dos choferes de transporte p\u00fablico fueron arrestados por no usar cubrebocas en Sinaloa MUNDO","og_description":"CULIAC\u00c1N, SINALOA. MX. \u2014 Por no usar cubrebocas, dos choferes del transporte p\u00fablico urbano fueron arrestados y llevados a Barandilla por elementos de la En Sonora en Equipo publicamos toda la informaci\u00f3n de Sonora, M\u00e9xico y el Mundo de manera oportuna y busca que la libertad de expresi\u00f3n sea real. Visita nuestro medio informativo publicado desde Hermosillo, Sonora. %","og_url":"https:\/\/www.sonoraenequipo.com.mx\/dos-choferes-de-transporte-publico-fueron-arrestados-por-no-usar-cubrebocas-en-sinaloa\/","og_site_name":"Sonora en Equipo.","article_publisher":"https:\/\/www.facebook.com\/SonoraEE\/","article_author":"https:\/\/www.facebook.com\/SonoraEE","article_published_time":"2021-07-02T22:00:46+00:00","article_modified_time":"2021-07-03T04:18:17+00:00","og_image":[{"width":700,"height":400,"url":"https:\/\/www.sonoraenequipo.com.mx\/storage\/2021\/07\/camiones-en-sinaloa_opt.jpg","type":"image\/jpeg"}],"author":"enequipo","twitter_card":"summary_large_image","twitter_creator":"@sonoraenequipo","twitter_site":"@sonoraenequipo","twitter_misc":{"Escrito por":"enequipo","Tiempo de lectura":"2 minutos"},"schema":{"@context":"https:\/\/schema.org","@graph":[{"@type":"Article","@id":"https:\/\/www.sonoraenequipo.com.mx\/dos-choferes-de-transporte-publico-fueron-arrestados-por-no-usar-cubrebocas-en-sinaloa\/#article","isPartOf":{"@id":"https:\/\/www.sonoraenequipo.com.mx\/dos-choferes-de-transporte-publico-fueron-arrestados-por-no-usar-cubrebocas-en-sinaloa\/"},"author":{"name":"enequipo","@id":"https:\/\/www.sonoraenequipo.com.mx\/#\/schema\/person\/50102df0fb23a8fa9e8effad8fa81386"},"headline":"Dos choferes de transporte p\u00fablico fueron arrestados por no usar cubrebocas en Sinaloa","datePublished":"2021-07-02T22:00:46+00:00","dateModified":"2021-07-03T04:18:17+00:00","mainEntityOfPage":{"@id":"https:\/\/www.sonoraenequipo.com.mx\/dos-choferes-de-transporte-publico-fueron-arrestados-por-no-usar-cubrebocas-en-sinaloa\/"},"wordCount":436,"commentCount":0,"publisher":{"@id":"https:\/\/www.sonoraenequipo.com.mx\/#organization"},"image":{"@id":"https:\/\/www.sonoraenequipo.com.mx\/dos-choferes-de-transporte-publico-fueron-arrestados-por-no-usar-cubrebocas-en-sinaloa\/#primaryimage"},"thumbnailUrl":"https:\/\/www.sonoraenequipo.com.mx\/storage\/2021\/07\/camiones-en-sinaloa_opt.jpg","articleSection":["MUNDO"],"inLanguage":"es","potentialAction":[{"@type":"CommentAction","name":"Comment","target":["https:\/\/www.sonoraenequipo.com.mx\/dos-choferes-de-transporte-publico-fueron-arrestados-por-no-usar-cubrebocas-en-sinaloa\/#respond"]}]},{"@type":"WebPage","@id":"https:\/\/www.sonoraenequipo.com.mx\/dos-choferes-de-transporte-publico-fueron-arrestados-por-no-usar-cubrebocas-en-sinaloa\/","url":"https:\/\/www.sonoraenequipo.com.mx\/dos-choferes-de-transporte-publico-fueron-arrestados-por-no-usar-cubrebocas-en-sinaloa\/","name":"Sonora en Equipo. Dos choferes de transporte p\u00fablico fueron arrestados por no usar cubrebocas en Sinaloa MUNDO","isPartOf":{"@id":"https:\/\/www.sonoraenequipo.com.mx\/#website"},"primaryImageOfPage":{"@id":"https:\/\/www.sonoraenequipo.com.mx\/dos-choferes-de-transporte-publico-fueron-arrestados-por-no-usar-cubrebocas-en-sinaloa\/#primaryimage"},"image":{"@id":"https:\/\/www.sonoraenequipo.com.mx\/dos-choferes-de-transporte-publico-fueron-arrestados-por-no-usar-cubrebocas-en-sinaloa\/#primaryimage"},"thumbnailUrl":"https:\/\/www.sonoraenequipo.com.mx\/storage\/2021\/07\/camiones-en-sinaloa_opt.jpg","datePublished":"2021-07-02T22:00:46+00:00","dateModified":"2021-07-03T04:18:17+00:00","description":"CULIAC\u00c1N, SINALOA. MX. \u2014 Por no usar cubrebocas, dos choferes del transporte p\u00fablico urbano fueron arrestados y llevados a Barandilla por elementos de la En Sonora en Equipo publicamos toda la informaci\u00f3n de Sonora, M\u00e9xico y el Mundo de manera oportuna y busca que la libertad de expresi\u00f3n sea real. Visita nuestro medio informativo publicado desde Hermosillo, Sonora. %","breadcrumb":{"@id":"https:\/\/www.sonoraenequipo.com.mx\/dos-choferes-de-transporte-publico-fueron-arrestados-por-no-usar-cubrebocas-en-sinaloa\/#breadcrumb"},"inLanguage":"es","potentialAction":[{"@type":"ReadAction","target":["https:\/\/www.sonoraenequipo.com.mx\/dos-choferes-de-transporte-publico-fueron-arrestados-por-no-usar-cubrebocas-en-sinaloa\/"]}]},{"@type":"ImageObject","inLanguage":"es","@id":"https:\/\/www.sonoraenequipo.com.mx\/dos-choferes-de-transporte-publico-fueron-arrestados-por-no-usar-cubrebocas-en-sinaloa\/#primaryimage","url":"https:\/\/www.sonoraenequipo.com.mx\/storage\/2021\/07\/camiones-en-sinaloa_opt.jpg","contentUrl":"https:\/\/www.sonoraenequipo.com.mx\/storage\/2021\/07\/camiones-en-sinaloa_opt.jpg","width":700,"height":400},{"@type":"BreadcrumbList","@id":"https:\/\/www.sonoraenequipo.com.mx\/dos-choferes-de-transporte-publico-fueron-arrestados-por-no-usar-cubrebocas-en-sinaloa\/#breadcrumb","itemListElement":[{"@type":"ListItem","position":1,"name":"Portada","item":"https:\/\/www.sonoraenequipo.com.mx\/"},{"@type":"ListItem","position":2,"name":"Dos choferes de transporte p\u00fablico fueron arrestados por no usar cubrebocas en Sinaloa"}]},{"@type":"WebSite","@id":"https:\/\/www.sonoraenequipo.com.mx\/#website","url":"https:\/\/www.sonoraenequipo.com.mx\/","name":"Sonora en Equipo.","description":"Diario en l\u00ednea con Noticias desde Hermosillo, Sonora","publisher":{"@id":"https:\/\/www.sonoraenequipo.com.mx\/#organization"},"potentialAction":[{"@type":"SearchAction","target":{"@type":"EntryPoint","urlTemplate":"https:\/\/www.sonoraenequipo.com.mx\/?s={search_term_string}"},"query-input":{"@type":"PropertyValueSpecification","valueRequired":true,"valueName":"search_term_string"}}],"inLanguage":"es"},{"@type":"Organization","@id":"https:\/\/www.sonoraenequipo.com.mx\/#organization","name":"Sonoraenequipo.com.mx","url":"https:\/\/www.sonoraenequipo.com.mx\/","logo":{"@type":"ImageObject","inLanguage":"es","@id":"https:\/\/www.sonoraenequipo.com.mx\/#\/schema\/logo\/image\/","url":"https:\/\/www.sonoraenequipo.com.mx\/storage\/2019\/01\/sonoraenequipo_opt.png","contentUrl":"https:\/\/www.sonoraenequipo.com.mx\/storage\/2019\/01\/sonoraenequipo_opt.png","width":375,"height":125,"caption":"Sonoraenequipo.com.mx"},"image":{"@id":"https:\/\/www.sonoraenequipo.com.mx\/#\/schema\/logo\/image\/"},"sameAs":["https:\/\/www.facebook.com\/SonoraEE\/","https:\/\/x.com\/sonoraenequipo","https:\/\/www.youtube.com\/channel\/UC338nW-lPEYmJQs4ZABQ1SQ"]},{"@type":"Person","@id":"https:\/\/www.sonoraenequipo.com.mx\/#\/schema\/person\/50102df0fb23a8fa9e8effad8fa81386","name":"enequipo","image":{"@type":"ImageObject","inLanguage":"es","@id":"https:\/\/www.sonoraenequipo.com.mx\/#\/schema\/person\/image\/","url":"https:\/\/secure.gravatar.com\/avatar\/049821681b589dabc0bc20695993ccebb09f5b5d4d790cd9251b97faac7c652b?s=96&d=blank&r=g","contentUrl":"https:\/\/secure.gravatar.com\/avatar\/049821681b589dabc0bc20695993ccebb09f5b5d4d790cd9251b97faac7c652b?s=96&d=blank&r=g","caption":"enequipo"},"sameAs":["https:\/\/www.facebook.com\/SonoraEE"]}]}},"jetpack_featured_media_url":"https:\/\/www.sonoraenequipo.com.mx\/storage\/2021\/07\/camiones-en-sinaloa_opt.jpg","_links":{"self":[{"href":"https:\/\/www.sonoraenequipo.com.mx\/api\/wp\/v2\/posts\/117651","targetHints":{"allow":["GET"]}}],"collection":[{"href":"https:\/\/www.sonoraenequipo.com.mx\/api\/wp\/v2\/posts"}],"about":[{"href":"https:\/\/www.sonoraenequipo.com.mx\/api\/wp\/v2\/types\/post"}],"author":[{"embeddable":true,"href":"https:\/\/www.sonoraenequipo.com.mx\/api\/wp\/v2\/users\/1"}],"replies":[{"embeddable":true,"href":"https:\/\/www.sonoraenequipo.com.mx\/api\/wp\/v2\/comments?post=117651"}],"version-history":[{"count":1,"href":"https:\/\/www.sonoraenequipo.com.mx\/api\/wp\/v2\/posts\/117651\/revisions"}],"predecessor-version":[{"id":117653,"href":"https:\/\/www.sonoraenequipo.com.mx\/api\/wp\/v2\/posts\/117651\/revisions\/117653"}],"wp:featuredmedia":[{"embeddable":true,"href":"https:\/\/www.sonoraenequipo.com.mx\/api\/wp\/v2\/media\/117646"}],"wp:attachment":[{"href":"https:\/\/www.sonoraenequipo.com.mx\/api\/wp\/v2\/media?parent=117651"}],"wp:term":[{"taxonomy":"category","embeddable":true,"href":"https:\/\/www.sonoraenequipo.com.mx\/api\/wp\/v2\/categories?post=117651"},{"taxonomy":"post_tag","embeddable":true,"href":"https:\/\/www.sonoraenequipo.com.mx\/api\/wp\/v2\/tags?post=117651"}],"curies":[{"name":"wp","href":"https:\/\/api.w.org\/{rel}","templated":true}]}}