{"id":117661,"date":"2021-07-03T09:28:07","date_gmt":"2021-07-03T16:28:07","guid":{"rendered":"https:\/\/www.sonoraenequipo.com.mx\/?p=117661"},"modified":"2021-07-03T16:10:47","modified_gmt":"2021-07-03T23:10:47","slug":"sonora-tiene-42-por-ciento-de-ocupacion-hospitalaria-clausen","status":"publish","type":"post","link":"https:\/\/www.sonoraenequipo.com.mx\/sonora-tiene-42-por-ciento-de-ocupacion-hospitalaria-clausen\/","title":{"rendered":"Sonora tiene 42 por ciento de ocupaci\u00f3n hospitalaria: Clausen"},"content":{"rendered":"<p>\u25baSonora tiene 42 por ciento de ocupaci\u00f3n hospitalaria, dice<\/p>\n<p>HERMOSILLO, SONORA,MX.\u2500\u2500 Hoy en Sonora los hospitales p\u00fablicos presentan una ocupaci\u00f3n de 42 por ciento y las unidades privadas est\u00e1n al 26 por ciento, por lo que es evidente que Sonora atraviesa por un repunte en la transmisi\u00f3n comunitaria que nos ha llevado a superar los 200 casos diarios en esta \u00faltima semana, inform\u00f3 Enrique Clausen Iberri.<\/p>\n<p>&nbsp;<\/p>\n<p>&nbsp;<\/p>\n<p>&nbsp;<\/p>\n<p>Despu\u00e9s de confirmarse 10 defunciones m\u00e1s y 241 nuevos casos de COVID-19, el secretario de Salud record\u00f3 que aunque estemos en el proceso de vacunaci\u00f3n y ya estemos vacunados, debemos de protegernos del virus.<\/p>\n<p>&nbsp;<\/p>\n<p>&nbsp;<\/p>\n<p>&nbsp;<\/p>\n<p>\u201cUsar el correctamente el cubrebocas como una barrera infalible, lavarnos las manos frecuentemente y respetar la sana distancia pensando que la persona de al lado puede ser portadora del virus, demos evitar aglomeraciones; con estas medidas y el apoyo de todos, podemos detener la cadena de contagios\u201d, coment\u00f3.<\/p>\n<p>&nbsp;<\/p>\n<p>&nbsp;<\/p>\n<p>&nbsp;<\/p>\n<p>En cuanto a los datos estad\u00edsticos 70 mil 651 personas se han recuperado en Sonora, seis pacientes Covid fueron dados de alta. Los 10 decesos nuevos en seis hombres y cuatro mujeres residentes de Hermosillo cinco; Cajeme y Navojoa dos cada uno; Puerto Pe\u00f1asco uno; derechohabientes del IMSS siete, Secretar\u00eda de Salud tres, acumul\u00e1ndose 6 mil 517 defunciones.<\/p>\n<p>&nbsp;<\/p>\n<p>&nbsp;<\/p>\n<p>&nbsp;<\/p>\n<p>Se suman 241 nuevos casos por Covid, en 123 mujeres y 118 hombres; con los que se acumulan 79 mil 561 casos en total desde el inicio de la pandemia. Los nuevos contagios son en pacientes residentes de Hermosillo 100; Caborca 28; Cajeme 25; Guaymas 22; Navojoa 17; Nogales 12; Huatabampo nueve; San Luis R\u00edo Colorado ocho; Empalme y Puerto Pe\u00f1asco cuatro cada uno; Rosario tres; San Ignacio R\u00edo Muerto y Agua Prieta dos cada uno; Pitiquito, S\u00e1ric, Magdalena, B\u00e1cum e \u00cdmuris uno cada uno.<\/p>\n<p>&nbsp;<\/p>\n<p>&nbsp;<\/p>\n<p>&nbsp;<\/p>\n<p>Se confirmaron 11 casos pedi\u00e1tricos en ocho ni\u00f1as y tres ni\u00f1os, acumul\u00e1ndose mil 589 casos en total; y se confirm\u00f3 un caso en una mujer embarazada, acumul\u00e1ndola ose 548 casos en total.<\/p>\n<p>&nbsp;<\/p>\n<p>&nbsp;<\/p>\n<p>&nbsp;<\/p>\n<p>De los 241 casos de hoy, cuatro fueron en trabajadores de la salud de diversas instituciones. Al momento, se han realizado 144 mil 982 pruebas; 79 mil 561 casos se han confirmados y 65 mil 421 descartados; 9 mil 496 personas presentan cuadro leve (dos mil 191 activos y siete mil 305 seguimiento terminado); 63 mil 346 pacientes se han curado; 202 personas se encuentran hospitalizadas (32 estables, 127 graves, 43 cr\u00edticos).<\/p>\n<p>&nbsp;<\/p>\n<p>&nbsp;<\/p>\n<p>&nbsp;<\/p>\n<p>&nbsp;<\/p>\n<p>&nbsp;<\/p>\n<p>Casos COVID-19 en Sonora 79,320 casos confirmados y 6,507 defunciones<\/p>\n<p>Fecha de Publicaci\u00f3n\u00a0 s\u00e1bado \/ 3\u00a0 \/ julio \/ 2021<\/p>\n<p>&nbsp;<\/p>\n","protected":false},"excerpt":{"rendered":"<p>\u25baSonora tiene 42 por ciento de ocupaci\u00f3n hospitalaria, dice HERMOSILLO, SONORA,MX.\u2500\u2500 Hoy en Sonora los&#8230;<\/p>\n","protected":false},"author":1,"featured_media":116223,"comment_status":"open","ping_status":"open","sticky":false,"template":"","format":"standard","meta":{"_monsterinsights_skip_tracking":false,"_monsterinsights_sitenote_active":false,"_monsterinsights_sitenote_note":"","_monsterinsights_sitenote_category":0,"footnotes":""},"categories":[22],"tags":[4249,15],"class_list":["post"],"yoast_head":" \n<title>Sonora en Equipo. Sonora tiene 42 por ciento de ocupaci\u00f3n hospitalaria: Clausen Sonora<\/title>\n<meta name=\"description\" content=\"\u25baSonora tiene 42 por ciento de ocupaci\u00f3n hospitalaria, dice HERMOSILLO, SONORA,MX.\u2500\u2500 Hoy en Sonora los hospitales p\u00fablicos presentan una ocupaci\u00f3n de 42 En Sonora en Equipo publicamos toda la informaci\u00f3n de Sonora, M\u00e9xico y el Mundo de manera oportuna y busca que la libertad de expresi\u00f3n sea real. Visita nuestro medio informativo publicado desde Hermosillo, Sonora. %\" \/>\n<meta name=\"robots\" content=\"index, follow, max-snippet:-1, max-image-preview:large, max-video-preview:-1\" \/>\n<link rel=\"canonical\" href=\"https:\/\/www.sonoraenequipo.com.mx\/sonora-tiene-42-por-ciento-de-ocupacion-hospitalaria-clausen\/\" \/>\n<meta property=\"og:locale\" content=\"es_ES\" \/>\n<meta property=\"og:type\" content=\"article\" \/>\n<meta property=\"og:title\" content=\"Sonora en Equipo. Sonora tiene 42 por ciento de ocupaci\u00f3n hospitalaria: Clausen Sonora\" \/>\n<meta property=\"og:description\" content=\"\u25baSonora tiene 42 por ciento de ocupaci\u00f3n hospitalaria, dice HERMOSILLO, SONORA,MX.\u2500\u2500 Hoy en Sonora los hospitales p\u00fablicos presentan una ocupaci\u00f3n de 42 En Sonora en Equipo publicamos toda la informaci\u00f3n de Sonora, M\u00e9xico y el Mundo de manera oportuna y busca que la libertad de expresi\u00f3n sea real. Visita nuestro medio informativo publicado desde Hermosillo, Sonora. %\" \/>\n<meta property=\"og:url\" content=\"https:\/\/www.sonoraenequipo.com.mx\/sonora-tiene-42-por-ciento-de-ocupacion-hospitalaria-clausen\/\" \/>\n<meta property=\"og:site_name\" content=\"Sonora en Equipo.\" \/>\n<meta property=\"article:publisher\" content=\"https:\/\/www.facebook.com\/SonoraEE\/\" \/>\n<meta property=\"article:author\" content=\"https:\/\/www.facebook.com\/SonoraEE\" \/>\n<meta property=\"article:published_time\" content=\"2021-07-03T16:28:07+00:00\" \/>\n<meta property=\"article:modified_time\" content=\"2021-07-03T23:10:47+00:00\" \/>\n<meta property=\"og:image\" content=\"https:\/\/www.sonoraenequipo.com.mx\/storage\/2021\/06\/clausen-podio.jpg\" \/>\n\t<meta property=\"og:image:width\" content=\"700\" \/>\n\t<meta property=\"og:image:height\" content=\"400\" \/>\n\t<meta property=\"og:image:type\" content=\"image\/jpeg\" \/>\n<meta name=\"author\" content=\"enequipo\" \/>\n<meta name=\"twitter:card\" content=\"summary_large_image\" \/>\n<meta name=\"twitter:creator\" content=\"@sonoraenequipo\" \/>\n<meta name=\"twitter:site\" content=\"@sonoraenequipo\" \/>\n<meta name=\"twitter:label1\" content=\"Escrito por\" \/>\n\t<meta name=\"twitter:data1\" content=\"enequipo\" \/>\n\t<meta name=\"twitter:label2\" content=\"Tiempo de lectura\" \/>\n\t<meta name=\"twitter:data2\" content=\"2 minutos\" \/>\n<script type=\"application\/ld+json\" class=\"yoast-schema-graph\">{\"@context\":\"https:\/\/schema.org\",\"@graph\":[{\"@type\":\"Article\",\"@id\":\"https:\/\/www.sonoraenequipo.com.mx\/sonora-tiene-42-por-ciento-de-ocupacion-hospitalaria-clausen\/#article\",\"isPartOf\":{\"@id\":\"https:\/\/www.sonoraenequipo.com.mx\/sonora-tiene-42-por-ciento-de-ocupacion-hospitalaria-clausen\/\"},\"author\":{\"name\":\"enequipo\",\"@id\":\"https:\/\/www.sonoraenequipo.com.mx\/#\/schema\/person\/50102df0fb23a8fa9e8effad8fa81386\"},\"headline\":\"Sonora tiene 42 por ciento de ocupaci\u00f3n hospitalaria: Clausen\",\"datePublished\":\"2021-07-03T16:28:07+00:00\",\"dateModified\":\"2021-07-03T23:10:47+00:00\",\"mainEntityOfPage\":{\"@id\":\"https:\/\/www.sonoraenequipo.com.mx\/sonora-tiene-42-por-ciento-de-ocupacion-hospitalaria-clausen\/\"},\"wordCount\":425,\"commentCount\":0,\"publisher\":{\"@id\":\"https:\/\/www.sonoraenequipo.com.mx\/#organization\"},\"image\":{\"@id\":\"https:\/\/www.sonoraenequipo.com.mx\/sonora-tiene-42-por-ciento-de-ocupacion-hospitalaria-clausen\/#primaryimage\"},\"thumbnailUrl\":\"https:\/\/www.sonoraenequipo.com.mx\/storage\/2021\/06\/clausen-podio.jpg\",\"keywords\":[\"covid\",\"Sonora\"],\"articleSection\":[\"Sonora\"],\"inLanguage\":\"es\",\"potentialAction\":[{\"@type\":\"CommentAction\",\"name\":\"Comment\",\"target\":[\"https:\/\/www.sonoraenequipo.com.mx\/sonora-tiene-42-por-ciento-de-ocupacion-hospitalaria-clausen\/#respond\"]}]},{\"@type\":\"WebPage\",\"@id\":\"https:\/\/www.sonoraenequipo.com.mx\/sonora-tiene-42-por-ciento-de-ocupacion-hospitalaria-clausen\/\",\"url\":\"https:\/\/www.sonoraenequipo.com.mx\/sonora-tiene-42-por-ciento-de-ocupacion-hospitalaria-clausen\/\",\"name\":\"Sonora en Equipo. Sonora tiene 42 por ciento de ocupaci\u00f3n hospitalaria: Clausen Sonora\",\"isPartOf\":{\"@id\":\"https:\/\/www.sonoraenequipo.com.mx\/#website\"},\"primaryImageOfPage\":{\"@id\":\"https:\/\/www.sonoraenequipo.com.mx\/sonora-tiene-42-por-ciento-de-ocupacion-hospitalaria-clausen\/#primaryimage\"},\"image\":{\"@id\":\"https:\/\/www.sonoraenequipo.com.mx\/sonora-tiene-42-por-ciento-de-ocupacion-hospitalaria-clausen\/#primaryimage\"},\"thumbnailUrl\":\"https:\/\/www.sonoraenequipo.com.mx\/storage\/2021\/06\/clausen-podio.jpg\",\"datePublished\":\"2021-07-03T16:28:07+00:00\",\"dateModified\":\"2021-07-03T23:10:47+00:00\",\"description\":\"\u25baSonora tiene 42 por ciento de ocupaci\u00f3n hospitalaria, dice HERMOSILLO, SONORA,MX.\u2500\u2500 Hoy en Sonora los hospitales p\u00fablicos presentan una ocupaci\u00f3n de 42 En Sonora en Equipo publicamos toda la informaci\u00f3n de Sonora, M\u00e9xico y el Mundo de manera oportuna y busca que la libertad de expresi\u00f3n sea real. Visita nuestro medio informativo publicado desde Hermosillo, Sonora. %\",\"breadcrumb\":{\"@id\":\"https:\/\/www.sonoraenequipo.com.mx\/sonora-tiene-42-por-ciento-de-ocupacion-hospitalaria-clausen\/#breadcrumb\"},\"inLanguage\":\"es\",\"potentialAction\":[{\"@type\":\"ReadAction\",\"target\":[\"https:\/\/www.sonoraenequipo.com.mx\/sonora-tiene-42-por-ciento-de-ocupacion-hospitalaria-clausen\/\"]}]},{\"@type\":\"ImageObject\",\"inLanguage\":\"es\",\"@id\":\"https:\/\/www.sonoraenequipo.com.mx\/sonora-tiene-42-por-ciento-de-ocupacion-hospitalaria-clausen\/#primaryimage\",\"url\":\"https:\/\/www.sonoraenequipo.com.mx\/storage\/2021\/06\/clausen-podio.jpg\",\"contentUrl\":\"https:\/\/www.sonoraenequipo.com.mx\/storage\/2021\/06\/clausen-podio.jpg\",\"width\":700,\"height\":400},{\"@type\":\"BreadcrumbList\",\"@id\":\"https:\/\/www.sonoraenequipo.com.mx\/sonora-tiene-42-por-ciento-de-ocupacion-hospitalaria-clausen\/#breadcrumb\",\"itemListElement\":[{\"@type\":\"ListItem\",\"position\":1,\"name\":\"Portada\",\"item\":\"https:\/\/www.sonoraenequipo.com.mx\/\"},{\"@type\":\"ListItem\",\"position\":2,\"name\":\"Sonora tiene 42 por ciento de ocupaci\u00f3n hospitalaria: Clausen\"}]},{\"@type\":\"WebSite\",\"@id\":\"https:\/\/www.sonoraenequipo.com.mx\/#website\",\"url\":\"https:\/\/www.sonoraenequipo.com.mx\/\",\"name\":\"Sonora en Equipo.\",\"description\":\"Diario en l\u00ednea con Noticias desde Hermosillo, Sonora\",\"publisher\":{\"@id\":\"https:\/\/www.sonoraenequipo.com.mx\/#organization\"},\"potentialAction\":[{\"@type\":\"SearchAction\",\"target\":{\"@type\":\"EntryPoint\",\"urlTemplate\":\"https:\/\/www.sonoraenequipo.com.mx\/?s={search_term_string}\"},\"query-input\":{\"@type\":\"PropertyValueSpecification\",\"valueRequired\":true,\"valueName\":\"search_term_string\"}}],\"inLanguage\":\"es\"},{\"@type\":\"Organization\",\"@id\":\"https:\/\/www.sonoraenequipo.com.mx\/#organization\",\"name\":\"Sonoraenequipo.com.mx\",\"url\":\"https:\/\/www.sonoraenequipo.com.mx\/\",\"logo\":{\"@type\":\"ImageObject\",\"inLanguage\":\"es\",\"@id\":\"https:\/\/www.sonoraenequipo.com.mx\/#\/schema\/logo\/image\/\",\"url\":\"https:\/\/www.sonoraenequipo.com.mx\/storage\/2019\/01\/sonoraenequipo_opt.png\",\"contentUrl\":\"https:\/\/www.sonoraenequipo.com.mx\/storage\/2019\/01\/sonoraenequipo_opt.png\",\"width\":375,\"height\":125,\"caption\":\"Sonoraenequipo.com.mx\"},\"image\":{\"@id\":\"https:\/\/www.sonoraenequipo.com.mx\/#\/schema\/logo\/image\/\"},\"sameAs\":[\"https:\/\/www.facebook.com\/SonoraEE\/\",\"https:\/\/x.com\/sonoraenequipo\",\"https:\/\/www.youtube.com\/channel\/UC338nW-lPEYmJQs4ZABQ1SQ\"]},{\"@type\":\"Person\",\"@id\":\"https:\/\/www.sonoraenequipo.com.mx\/#\/schema\/person\/50102df0fb23a8fa9e8effad8fa81386\",\"name\":\"enequipo\",\"image\":{\"@type\":\"ImageObject\",\"inLanguage\":\"es\",\"@id\":\"https:\/\/www.sonoraenequipo.com.mx\/#\/schema\/person\/image\/\",\"url\":\"https:\/\/secure.gravatar.com\/avatar\/049821681b589dabc0bc20695993ccebb09f5b5d4d790cd9251b97faac7c652b?s=96&d=blank&r=g\",\"contentUrl\":\"https:\/\/secure.gravatar.com\/avatar\/049821681b589dabc0bc20695993ccebb09f5b5d4d790cd9251b97faac7c652b?s=96&d=blank&r=g\",\"caption\":\"enequipo\"},\"sameAs\":[\"https:\/\/www.facebook.com\/SonoraEE\"]}]}<\/script>\n ","yoast_head_json":{"title":"Sonora en Equipo. Sonora tiene 42 por ciento de ocupaci\u00f3n hospitalaria: Clausen Sonora","description":"\u25baSonora tiene 42 por ciento de ocupaci\u00f3n hospitalaria, dice HERMOSILLO, SONORA,MX.\u2500\u2500 Hoy en Sonora los hospitales p\u00fablicos presentan una ocupaci\u00f3n de 42 En Sonora en Equipo publicamos toda la informaci\u00f3n de Sonora, M\u00e9xico y el Mundo de manera oportuna y busca que la libertad de expresi\u00f3n sea real. Visita nuestro medio informativo publicado desde Hermosillo, Sonora. %","robots":{"index":"index","follow":"follow","max-snippet":"max-snippet:-1","max-image-preview":"max-image-preview:large","max-video-preview":"max-video-preview:-1"},"canonical":"https:\/\/www.sonoraenequipo.com.mx\/sonora-tiene-42-por-ciento-de-ocupacion-hospitalaria-clausen\/","og_locale":"es_ES","og_type":"article","og_title":"Sonora en Equipo. Sonora tiene 42 por ciento de ocupaci\u00f3n hospitalaria: Clausen Sonora","og_description":"\u25baSonora tiene 42 por ciento de ocupaci\u00f3n hospitalaria, dice HERMOSILLO, SONORA,MX.\u2500\u2500 Hoy en Sonora los hospitales p\u00fablicos presentan una ocupaci\u00f3n de 42 En Sonora en Equipo publicamos toda la informaci\u00f3n de Sonora, M\u00e9xico y el Mundo de manera oportuna y busca que la libertad de expresi\u00f3n sea real. Visita nuestro medio informativo publicado desde Hermosillo, Sonora. %","og_url":"https:\/\/www.sonoraenequipo.com.mx\/sonora-tiene-42-por-ciento-de-ocupacion-hospitalaria-clausen\/","og_site_name":"Sonora en Equipo.","article_publisher":"https:\/\/www.facebook.com\/SonoraEE\/","article_author":"https:\/\/www.facebook.com\/SonoraEE","article_published_time":"2021-07-03T16:28:07+00:00","article_modified_time":"2021-07-03T23:10:47+00:00","og_image":[{"width":700,"height":400,"url":"https:\/\/www.sonoraenequipo.com.mx\/storage\/2021\/06\/clausen-podio.jpg","type":"image\/jpeg"}],"author":"enequipo","twitter_card":"summary_large_image","twitter_creator":"@sonoraenequipo","twitter_site":"@sonoraenequipo","twitter_misc":{"Escrito por":"enequipo","Tiempo de lectura":"2 minutos"},"schema":{"@context":"https:\/\/schema.org","@graph":[{"@type":"Article","@id":"https:\/\/www.sonoraenequipo.com.mx\/sonora-tiene-42-por-ciento-de-ocupacion-hospitalaria-clausen\/#article","isPartOf":{"@id":"https:\/\/www.sonoraenequipo.com.mx\/sonora-tiene-42-por-ciento-de-ocupacion-hospitalaria-clausen\/"},"author":{"name":"enequipo","@id":"https:\/\/www.sonoraenequipo.com.mx\/#\/schema\/person\/50102df0fb23a8fa9e8effad8fa81386"},"headline":"Sonora tiene 42 por ciento de ocupaci\u00f3n hospitalaria: Clausen","datePublished":"2021-07-03T16:28:07+00:00","dateModified":"2021-07-03T23:10:47+00:00","mainEntityOfPage":{"@id":"https:\/\/www.sonoraenequipo.com.mx\/sonora-tiene-42-por-ciento-de-ocupacion-hospitalaria-clausen\/"},"wordCount":425,"commentCount":0,"publisher":{"@id":"https:\/\/www.sonoraenequipo.com.mx\/#organization"},"image":{"@id":"https:\/\/www.sonoraenequipo.com.mx\/sonora-tiene-42-por-ciento-de-ocupacion-hospitalaria-clausen\/#primaryimage"},"thumbnailUrl":"https:\/\/www.sonoraenequipo.com.mx\/storage\/2021\/06\/clausen-podio.jpg","keywords":["covid","Sonora"],"articleSection":["Sonora"],"inLanguage":"es","potentialAction":[{"@type":"CommentAction","name":"Comment","target":["https:\/\/www.sonoraenequipo.com.mx\/sonora-tiene-42-por-ciento-de-ocupacion-hospitalaria-clausen\/#respond"]}]},{"@type":"WebPage","@id":"https:\/\/www.sonoraenequipo.com.mx\/sonora-tiene-42-por-ciento-de-ocupacion-hospitalaria-clausen\/","url":"https:\/\/www.sonoraenequipo.com.mx\/sonora-tiene-42-por-ciento-de-ocupacion-hospitalaria-clausen\/","name":"Sonora en Equipo. Sonora tiene 42 por ciento de ocupaci\u00f3n hospitalaria: Clausen Sonora","isPartOf":{"@id":"https:\/\/www.sonoraenequipo.com.mx\/#website"},"primaryImageOfPage":{"@id":"https:\/\/www.sonoraenequipo.com.mx\/sonora-tiene-42-por-ciento-de-ocupacion-hospitalaria-clausen\/#primaryimage"},"image":{"@id":"https:\/\/www.sonoraenequipo.com.mx\/sonora-tiene-42-por-ciento-de-ocupacion-hospitalaria-clausen\/#primaryimage"},"thumbnailUrl":"https:\/\/www.sonoraenequipo.com.mx\/storage\/2021\/06\/clausen-podio.jpg","datePublished":"2021-07-03T16:28:07+00:00","dateModified":"2021-07-03T23:10:47+00:00","description":"\u25baSonora tiene 42 por ciento de ocupaci\u00f3n hospitalaria, dice HERMOSILLO, SONORA,MX.\u2500\u2500 Hoy en Sonora los hospitales p\u00fablicos presentan una ocupaci\u00f3n de 42 En Sonora en Equipo publicamos toda la informaci\u00f3n de Sonora, M\u00e9xico y el Mundo de manera oportuna y busca que la libertad de expresi\u00f3n sea real. Visita nuestro medio informativo publicado desde Hermosillo, Sonora. %","breadcrumb":{"@id":"https:\/\/www.sonoraenequipo.com.mx\/sonora-tiene-42-por-ciento-de-ocupacion-hospitalaria-clausen\/#breadcrumb"},"inLanguage":"es","potentialAction":[{"@type":"ReadAction","target":["https:\/\/www.sonoraenequipo.com.mx\/sonora-tiene-42-por-ciento-de-ocupacion-hospitalaria-clausen\/"]}]},{"@type":"ImageObject","inLanguage":"es","@id":"https:\/\/www.sonoraenequipo.com.mx\/sonora-tiene-42-por-ciento-de-ocupacion-hospitalaria-clausen\/#primaryimage","url":"https:\/\/www.sonoraenequipo.com.mx\/storage\/2021\/06\/clausen-podio.jpg","contentUrl":"https:\/\/www.sonoraenequipo.com.mx\/storage\/2021\/06\/clausen-podio.jpg","width":700,"height":400},{"@type":"BreadcrumbList","@id":"https:\/\/www.sonoraenequipo.com.mx\/sonora-tiene-42-por-ciento-de-ocupacion-hospitalaria-clausen\/#breadcrumb","itemListElement":[{"@type":"ListItem","position":1,"name":"Portada","item":"https:\/\/www.sonoraenequipo.com.mx\/"},{"@type":"ListItem","position":2,"name":"Sonora tiene 42 por ciento de ocupaci\u00f3n hospitalaria: Clausen"}]},{"@type":"WebSite","@id":"https:\/\/www.sonoraenequipo.com.mx\/#website","url":"https:\/\/www.sonoraenequipo.com.mx\/","name":"Sonora en Equipo.","description":"Diario en l\u00ednea con Noticias desde Hermosillo, Sonora","publisher":{"@id":"https:\/\/www.sonoraenequipo.com.mx\/#organization"},"potentialAction":[{"@type":"SearchAction","target":{"@type":"EntryPoint","urlTemplate":"https:\/\/www.sonoraenequipo.com.mx\/?s={search_term_string}"},"query-input":{"@type":"PropertyValueSpecification","valueRequired":true,"valueName":"search_term_string"}}],"inLanguage":"es"},{"@type":"Organization","@id":"https:\/\/www.sonoraenequipo.com.mx\/#organization","name":"Sonoraenequipo.com.mx","url":"https:\/\/www.sonoraenequipo.com.mx\/","logo":{"@type":"ImageObject","inLanguage":"es","@id":"https:\/\/www.sonoraenequipo.com.mx\/#\/schema\/logo\/image\/","url":"https:\/\/www.sonoraenequipo.com.mx\/storage\/2019\/01\/sonoraenequipo_opt.png","contentUrl":"https:\/\/www.sonoraenequipo.com.mx\/storage\/2019\/01\/sonoraenequipo_opt.png","width":375,"height":125,"caption":"Sonoraenequipo.com.mx"},"image":{"@id":"https:\/\/www.sonoraenequipo.com.mx\/#\/schema\/logo\/image\/"},"sameAs":["https:\/\/www.facebook.com\/SonoraEE\/","https:\/\/x.com\/sonoraenequipo","https:\/\/www.youtube.com\/channel\/UC338nW-lPEYmJQs4ZABQ1SQ"]},{"@type":"Person","@id":"https:\/\/www.sonoraenequipo.com.mx\/#\/schema\/person\/50102df0fb23a8fa9e8effad8fa81386","name":"enequipo","image":{"@type":"ImageObject","inLanguage":"es","@id":"https:\/\/www.sonoraenequipo.com.mx\/#\/schema\/person\/image\/","url":"https:\/\/secure.gravatar.com\/avatar\/049821681b589dabc0bc20695993ccebb09f5b5d4d790cd9251b97faac7c652b?s=96&d=blank&r=g","contentUrl":"https:\/\/secure.gravatar.com\/avatar\/049821681b589dabc0bc20695993ccebb09f5b5d4d790cd9251b97faac7c652b?s=96&d=blank&r=g","caption":"enequipo"},"sameAs":["https:\/\/www.facebook.com\/SonoraEE"]}]}},"jetpack_featured_media_url":"https:\/\/www.sonoraenequipo.com.mx\/storage\/2021\/06\/clausen-podio.jpg","_links":{"self":[{"href":"https:\/\/www.sonoraenequipo.com.mx\/api\/wp\/v2\/posts\/117661","targetHints":{"allow":["GET"]}}],"collection":[{"href":"https:\/\/www.sonoraenequipo.com.mx\/api\/wp\/v2\/posts"}],"about":[{"href":"https:\/\/www.sonoraenequipo.com.mx\/api\/wp\/v2\/types\/post"}],"author":[{"embeddable":true,"href":"https:\/\/www.sonoraenequipo.com.mx\/api\/wp\/v2\/users\/1"}],"replies":[{"embeddable":true,"href":"https:\/\/www.sonoraenequipo.com.mx\/api\/wp\/v2\/comments?post=117661"}],"version-history":[{"count":1,"href":"https:\/\/www.sonoraenequipo.com.mx\/api\/wp\/v2\/posts\/117661\/revisions"}],"predecessor-version":[{"id":117665,"href":"https:\/\/www.sonoraenequipo.com.mx\/api\/wp\/v2\/posts\/117661\/revisions\/117665"}],"wp:featuredmedia":[{"embeddable":true,"href":"https:\/\/www.sonoraenequipo.com.mx\/api\/wp\/v2\/media\/116223"}],"wp:attachment":[{"href":"https:\/\/www.sonoraenequipo.com.mx\/api\/wp\/v2\/media?parent=117661"}],"wp:term":[{"taxonomy":"category","embeddable":true,"href":"https:\/\/www.sonoraenequipo.com.mx\/api\/wp\/v2\/categories?post=117661"},{"taxonomy":"post_tag","embeddable":true,"href":"https:\/\/www.sonoraenequipo.com.mx\/api\/wp\/v2\/tags?post=117661"}],"curies":[{"name":"wp","href":"https:\/\/api.w.org\/{rel}","templated":true}]}}