{"id":117664,"date":"2021-07-03T13:36:49","date_gmt":"2021-07-03T20:36:49","guid":{"rendered":"https:\/\/www.sonoraenequipo.com.mx\/?p=117664"},"modified":"2021-07-03T14:24:30","modified_gmt":"2021-07-03T21:24:30","slug":"se-percibe-que-se-gobierna-con-hechos-asegura-lopez-obrador","status":"publish","type":"post","link":"https:\/\/www.sonoraenequipo.com.mx\/se-percibe-que-se-gobierna-con-hechos-asegura-lopez-obrador\/","title":{"rendered":"Se percibe que se gobierna con hechos; asegura L\u00f3pez Obrador"},"content":{"rendered":"<p>PUERTO PE\u00d1ASCO, SONORA. MX. \u2014 Al asegurar que se gobierna con <em><strong>\u00abhechos\u00bb,<\/strong><\/em> el presidente Andr\u00e9s Manuel L\u00f3pez Obrador adelant\u00f3 un programa especial para el pueblo Seri.<\/p>\n<p>&nbsp;<\/p>\n<p> <\/p>\n<p>&nbsp;<\/p>\n<p><em>\u00abUstedes lo perciben, no es necesario estarlo diciendo, sobran las palabras y creo que se est\u00e1 gobernando con hechos\u00bb,<\/em> dijo.<br \/>\nEn su segundo d\u00eda de gira por el norte de Sonora, el presidente explic\u00f3 que a\u00fan as\u00ed, es importante que se conozca que seguir\u00e1n atendiendo a todos, escuchando a todos, respetando a todos, pero d\u00e1ndole preferencia a la gente humilde y pobre.<\/p>\n<p>&nbsp;<\/p>\n<p>Esto es humanismo, agreg\u00f3 el mandatario, y tiene que ver con la buena fe y con el amor al pr\u00f3jimo.<\/p>\n<p>&nbsp;<\/p>\n<p>Acompa\u00f1ado de los gobernadores de Sonora, la saliente Claudia Pavlovich y el entrante Alfonso Durazo, el presidente adelant\u00f3 que se da est\u00e1 dando atenci\u00f3n especial a los yaquis, guarij\u00edos, mayos y tambi\u00e9n a los seris de Sonora.<\/p>\n<p>&nbsp;<\/p>\n<p><em>\u00abPronto los voy a ir a visitar (a los seris) para ponernos de acuerdo, porque vamos a ayudarlos. Es una etnia, es una cultura extraordinaria, excepcional, \u00fanica, son artistas, es gente trabajadora, gente buena, muy sensible, es un orgullo del estado de Sonora\u00bb<\/em>, reiter\u00f3.<\/p>\n<p>&nbsp;<\/p>\n<p>Agradeci\u00f3 la coordinaci\u00f3n de la gobernadora Pavlovich y prometi\u00f3 regresar a Sonora antes de que concluya su mandanto, en septiembre, para inaugurar el hospital General de Sonora, en Hermosillo.<\/p>\n<p>&nbsp;<\/p>\n<p><em>\u00abHa habido muy buen trabajo conjunto, no hemos tenido diferencias, no ha habido pleitos, ella jam\u00e1s ha declarado en contra de nosotros, ha cuidado, ha sido respetuosa, no de Andr\u00e9s Manuel, porque el respeto cuando se adquiere o se tiene una autoridad debe ser a la investidura m\u00e1s que a la persona, y eso lo sabe muy bien Claudia y se lo agradezco\u00bb.<\/em><\/p>\n<p>&nbsp;<\/p>\n<p>&nbsp;<\/p>\n<p><em>\u00abPor eso tambi\u00e9n tengo el compromiso, repito, de regresar a Sonora antes de que ella concluya su mandato, voy a estar con ella, vamos a inaugurar el hospital de Hermosill<\/em>o\u00bb, remat\u00f3.<\/p>\n<p><iframe loading=\"lazy\" title=\"Programas para el Bienestar, desde Puerto Pe\u00f1asco, Sonora\" width=\"640\" height=\"360\" src=\"https:\/\/www.youtube.com\/embed\/GXUgkznPD9k?feature=oembed\" frameborder=\"0\" allow=\"accelerometer; autoplay; clipboard-write; encrypted-media; gyroscope; picture-in-picture; web-share\" referrerpolicy=\"strict-origin-when-cross-origin\" allowfullscreen><\/iframe><\/p>\n<p>&nbsp;<\/p>\n<p>&nbsp;<\/p>\n<p>&nbsp;<\/p>\n<p>&nbsp;<\/p>\n<p>(Publicada el 02\/07\/2021\/Con informaci\u00f3n de Francisco Nieto)<\/p>\n","protected":false},"excerpt":{"rendered":"<p>PUERTO PE\u00d1ASCO, SONORA. MX. \u2014 Al asegurar que se gobierna con \u00abhechos\u00bb, el presidente Andr\u00e9s&#8230;<\/p>\n","protected":false},"author":1,"featured_media":117667,"comment_status":"open","ping_status":"open","sticky":false,"template":"","format":"standard","meta":{"_monsterinsights_skip_tracking":false,"_monsterinsights_sitenote_active":false,"_monsterinsights_sitenote_note":"","_monsterinsights_sitenote_category":0,"footnotes":""},"categories":[22],"tags":[],"class_list":["post"],"yoast_head":" \n<title>Sonora en Equipo. Se percibe que se gobierna con hechos; asegura L\u00f3pez Obrador Sonora<\/title>\n<meta name=\"description\" content=\"PUERTO PE\u00d1ASCO, SONORA. MX. \u2014 Al asegurar que se gobierna con &quot;hechos&quot;, el presidente Andr\u00e9s Manuel L\u00f3pez Obrador adelant\u00f3 un programa especial para el En Sonora en Equipo publicamos toda la informaci\u00f3n de Sonora, M\u00e9xico y el Mundo de manera oportuna y busca que la libertad de expresi\u00f3n sea real. Visita nuestro medio informativo publicado desde Hermosillo, Sonora. %\" \/>\n<meta name=\"robots\" content=\"index, follow, max-snippet:-1, max-image-preview:large, max-video-preview:-1\" \/>\n<link rel=\"canonical\" href=\"https:\/\/www.sonoraenequipo.com.mx\/se-percibe-que-se-gobierna-con-hechos-asegura-lopez-obrador\/\" \/>\n<meta property=\"og:locale\" content=\"es_ES\" \/>\n<meta property=\"og:type\" content=\"article\" \/>\n<meta property=\"og:title\" content=\"Sonora en Equipo. Se percibe que se gobierna con hechos; asegura L\u00f3pez Obrador Sonora\" \/>\n<meta property=\"og:description\" content=\"PUERTO PE\u00d1ASCO, SONORA. MX. \u2014 Al asegurar que se gobierna con &quot;hechos&quot;, el presidente Andr\u00e9s Manuel L\u00f3pez Obrador adelant\u00f3 un programa especial para el En Sonora en Equipo publicamos toda la informaci\u00f3n de Sonora, M\u00e9xico y el Mundo de manera oportuna y busca que la libertad de expresi\u00f3n sea real. Visita nuestro medio informativo publicado desde Hermosillo, Sonora. %\" \/>\n<meta property=\"og:url\" content=\"https:\/\/www.sonoraenequipo.com.mx\/se-percibe-que-se-gobierna-con-hechos-asegura-lopez-obrador\/\" \/>\n<meta property=\"og:site_name\" content=\"Sonora en Equipo.\" \/>\n<meta property=\"article:publisher\" content=\"https:\/\/www.facebook.com\/SonoraEE\/\" \/>\n<meta property=\"article:author\" content=\"https:\/\/www.facebook.com\/SonoraEE\" \/>\n<meta property=\"article:published_time\" content=\"2021-07-03T20:36:49+00:00\" \/>\n<meta property=\"article:modified_time\" content=\"2021-07-03T21:24:30+00:00\" \/>\n<meta property=\"og:image\" content=\"https:\/\/www.sonoraenequipo.com.mx\/storage\/2021\/07\/puerto-penasco_opt.jpg\" \/>\n\t<meta property=\"og:image:width\" content=\"700\" \/>\n\t<meta property=\"og:image:height\" content=\"400\" \/>\n\t<meta property=\"og:image:type\" content=\"image\/jpeg\" \/>\n<meta name=\"author\" content=\"enequipo\" \/>\n<meta name=\"twitter:card\" content=\"summary_large_image\" \/>\n<meta name=\"twitter:creator\" content=\"@sonoraenequipo\" \/>\n<meta name=\"twitter:site\" content=\"@sonoraenequipo\" \/>\n<meta name=\"twitter:label1\" content=\"Escrito por\" \/>\n\t<meta name=\"twitter:data1\" content=\"enequipo\" \/>\n\t<meta name=\"twitter:label2\" content=\"Tiempo de lectura\" \/>\n\t<meta name=\"twitter:data2\" content=\"2 minutos\" \/>\n<script type=\"application\/ld+json\" class=\"yoast-schema-graph\">{\"@context\":\"https:\/\/schema.org\",\"@graph\":[{\"@type\":\"Article\",\"@id\":\"https:\/\/www.sonoraenequipo.com.mx\/se-percibe-que-se-gobierna-con-hechos-asegura-lopez-obrador\/#article\",\"isPartOf\":{\"@id\":\"https:\/\/www.sonoraenequipo.com.mx\/se-percibe-que-se-gobierna-con-hechos-asegura-lopez-obrador\/\"},\"author\":{\"name\":\"enequipo\",\"@id\":\"https:\/\/www.sonoraenequipo.com.mx\/#\/schema\/person\/50102df0fb23a8fa9e8effad8fa81386\"},\"headline\":\"Se percibe que se gobierna con hechos; asegura L\u00f3pez Obrador\",\"datePublished\":\"2021-07-03T20:36:49+00:00\",\"dateModified\":\"2021-07-03T21:24:30+00:00\",\"mainEntityOfPage\":{\"@id\":\"https:\/\/www.sonoraenequipo.com.mx\/se-percibe-que-se-gobierna-con-hechos-asegura-lopez-obrador\/\"},\"wordCount\":368,\"commentCount\":0,\"publisher\":{\"@id\":\"https:\/\/www.sonoraenequipo.com.mx\/#organization\"},\"image\":{\"@id\":\"https:\/\/www.sonoraenequipo.com.mx\/se-percibe-que-se-gobierna-con-hechos-asegura-lopez-obrador\/#primaryimage\"},\"thumbnailUrl\":\"https:\/\/www.sonoraenequipo.com.mx\/storage\/2021\/07\/puerto-penasco_opt.jpg\",\"articleSection\":[\"Sonora\"],\"inLanguage\":\"es\",\"potentialAction\":[{\"@type\":\"CommentAction\",\"name\":\"Comment\",\"target\":[\"https:\/\/www.sonoraenequipo.com.mx\/se-percibe-que-se-gobierna-con-hechos-asegura-lopez-obrador\/#respond\"]}]},{\"@type\":\"WebPage\",\"@id\":\"https:\/\/www.sonoraenequipo.com.mx\/se-percibe-que-se-gobierna-con-hechos-asegura-lopez-obrador\/\",\"url\":\"https:\/\/www.sonoraenequipo.com.mx\/se-percibe-que-se-gobierna-con-hechos-asegura-lopez-obrador\/\",\"name\":\"Sonora en Equipo. Se percibe que se gobierna con hechos; asegura L\u00f3pez Obrador Sonora\",\"isPartOf\":{\"@id\":\"https:\/\/www.sonoraenequipo.com.mx\/#website\"},\"primaryImageOfPage\":{\"@id\":\"https:\/\/www.sonoraenequipo.com.mx\/se-percibe-que-se-gobierna-con-hechos-asegura-lopez-obrador\/#primaryimage\"},\"image\":{\"@id\":\"https:\/\/www.sonoraenequipo.com.mx\/se-percibe-que-se-gobierna-con-hechos-asegura-lopez-obrador\/#primaryimage\"},\"thumbnailUrl\":\"https:\/\/www.sonoraenequipo.com.mx\/storage\/2021\/07\/puerto-penasco_opt.jpg\",\"datePublished\":\"2021-07-03T20:36:49+00:00\",\"dateModified\":\"2021-07-03T21:24:30+00:00\",\"description\":\"PUERTO PE\u00d1ASCO, SONORA. MX. \u2014 Al asegurar que se gobierna con \\\"hechos\\\", el presidente Andr\u00e9s Manuel L\u00f3pez Obrador adelant\u00f3 un programa especial para el En Sonora en Equipo publicamos toda la informaci\u00f3n de Sonora, M\u00e9xico y el Mundo de manera oportuna y busca que la libertad de expresi\u00f3n sea real. Visita nuestro medio informativo publicado desde Hermosillo, Sonora. %\",\"breadcrumb\":{\"@id\":\"https:\/\/www.sonoraenequipo.com.mx\/se-percibe-que-se-gobierna-con-hechos-asegura-lopez-obrador\/#breadcrumb\"},\"inLanguage\":\"es\",\"potentialAction\":[{\"@type\":\"ReadAction\",\"target\":[\"https:\/\/www.sonoraenequipo.com.mx\/se-percibe-que-se-gobierna-con-hechos-asegura-lopez-obrador\/\"]}]},{\"@type\":\"ImageObject\",\"inLanguage\":\"es\",\"@id\":\"https:\/\/www.sonoraenequipo.com.mx\/se-percibe-que-se-gobierna-con-hechos-asegura-lopez-obrador\/#primaryimage\",\"url\":\"https:\/\/www.sonoraenequipo.com.mx\/storage\/2021\/07\/puerto-penasco_opt.jpg\",\"contentUrl\":\"https:\/\/www.sonoraenequipo.com.mx\/storage\/2021\/07\/puerto-penasco_opt.jpg\",\"width\":700,\"height\":400},{\"@type\":\"BreadcrumbList\",\"@id\":\"https:\/\/www.sonoraenequipo.com.mx\/se-percibe-que-se-gobierna-con-hechos-asegura-lopez-obrador\/#breadcrumb\",\"itemListElement\":[{\"@type\":\"ListItem\",\"position\":1,\"name\":\"Portada\",\"item\":\"https:\/\/www.sonoraenequipo.com.mx\/\"},{\"@type\":\"ListItem\",\"position\":2,\"name\":\"Se percibe que se gobierna con hechos; asegura L\u00f3pez Obrador\"}]},{\"@type\":\"WebSite\",\"@id\":\"https:\/\/www.sonoraenequipo.com.mx\/#website\",\"url\":\"https:\/\/www.sonoraenequipo.com.mx\/\",\"name\":\"Sonora en Equipo.\",\"description\":\"Diario en l\u00ednea con Noticias desde Hermosillo, Sonora\",\"publisher\":{\"@id\":\"https:\/\/www.sonoraenequipo.com.mx\/#organization\"},\"potentialAction\":[{\"@type\":\"SearchAction\",\"target\":{\"@type\":\"EntryPoint\",\"urlTemplate\":\"https:\/\/www.sonoraenequipo.com.mx\/?s={search_term_string}\"},\"query-input\":{\"@type\":\"PropertyValueSpecification\",\"valueRequired\":true,\"valueName\":\"search_term_string\"}}],\"inLanguage\":\"es\"},{\"@type\":\"Organization\",\"@id\":\"https:\/\/www.sonoraenequipo.com.mx\/#organization\",\"name\":\"Sonoraenequipo.com.mx\",\"url\":\"https:\/\/www.sonoraenequipo.com.mx\/\",\"logo\":{\"@type\":\"ImageObject\",\"inLanguage\":\"es\",\"@id\":\"https:\/\/www.sonoraenequipo.com.mx\/#\/schema\/logo\/image\/\",\"url\":\"https:\/\/www.sonoraenequipo.com.mx\/storage\/2019\/01\/sonoraenequipo_opt.png\",\"contentUrl\":\"https:\/\/www.sonoraenequipo.com.mx\/storage\/2019\/01\/sonoraenequipo_opt.png\",\"width\":375,\"height\":125,\"caption\":\"Sonoraenequipo.com.mx\"},\"image\":{\"@id\":\"https:\/\/www.sonoraenequipo.com.mx\/#\/schema\/logo\/image\/\"},\"sameAs\":[\"https:\/\/www.facebook.com\/SonoraEE\/\",\"https:\/\/x.com\/sonoraenequipo\",\"https:\/\/www.youtube.com\/channel\/UC338nW-lPEYmJQs4ZABQ1SQ\"]},{\"@type\":\"Person\",\"@id\":\"https:\/\/www.sonoraenequipo.com.mx\/#\/schema\/person\/50102df0fb23a8fa9e8effad8fa81386\",\"name\":\"enequipo\",\"image\":{\"@type\":\"ImageObject\",\"inLanguage\":\"es\",\"@id\":\"https:\/\/www.sonoraenequipo.com.mx\/#\/schema\/person\/image\/\",\"url\":\"https:\/\/secure.gravatar.com\/avatar\/049821681b589dabc0bc20695993ccebb09f5b5d4d790cd9251b97faac7c652b?s=96&d=blank&r=g\",\"contentUrl\":\"https:\/\/secure.gravatar.com\/avatar\/049821681b589dabc0bc20695993ccebb09f5b5d4d790cd9251b97faac7c652b?s=96&d=blank&r=g\",\"caption\":\"enequipo\"},\"sameAs\":[\"https:\/\/www.facebook.com\/SonoraEE\"]}]}<\/script>\n ","yoast_head_json":{"title":"Sonora en Equipo. Se percibe que se gobierna con hechos; asegura L\u00f3pez Obrador Sonora","description":"PUERTO PE\u00d1ASCO, SONORA. MX. \u2014 Al asegurar que se gobierna con \"hechos\", el presidente Andr\u00e9s Manuel L\u00f3pez Obrador adelant\u00f3 un programa especial para el En Sonora en Equipo publicamos toda la informaci\u00f3n de Sonora, M\u00e9xico y el Mundo de manera oportuna y busca que la libertad de expresi\u00f3n sea real. Visita nuestro medio informativo publicado desde Hermosillo, Sonora. %","robots":{"index":"index","follow":"follow","max-snippet":"max-snippet:-1","max-image-preview":"max-image-preview:large","max-video-preview":"max-video-preview:-1"},"canonical":"https:\/\/www.sonoraenequipo.com.mx\/se-percibe-que-se-gobierna-con-hechos-asegura-lopez-obrador\/","og_locale":"es_ES","og_type":"article","og_title":"Sonora en Equipo. Se percibe que se gobierna con hechos; asegura L\u00f3pez Obrador Sonora","og_description":"PUERTO PE\u00d1ASCO, SONORA. MX. \u2014 Al asegurar que se gobierna con \"hechos\", el presidente Andr\u00e9s Manuel L\u00f3pez Obrador adelant\u00f3 un programa especial para el En Sonora en Equipo publicamos toda la informaci\u00f3n de Sonora, M\u00e9xico y el Mundo de manera oportuna y busca que la libertad de expresi\u00f3n sea real. Visita nuestro medio informativo publicado desde Hermosillo, Sonora. %","og_url":"https:\/\/www.sonoraenequipo.com.mx\/se-percibe-que-se-gobierna-con-hechos-asegura-lopez-obrador\/","og_site_name":"Sonora en Equipo.","article_publisher":"https:\/\/www.facebook.com\/SonoraEE\/","article_author":"https:\/\/www.facebook.com\/SonoraEE","article_published_time":"2021-07-03T20:36:49+00:00","article_modified_time":"2021-07-03T21:24:30+00:00","og_image":[{"width":700,"height":400,"url":"https:\/\/www.sonoraenequipo.com.mx\/storage\/2021\/07\/puerto-penasco_opt.jpg","type":"image\/jpeg"}],"author":"enequipo","twitter_card":"summary_large_image","twitter_creator":"@sonoraenequipo","twitter_site":"@sonoraenequipo","twitter_misc":{"Escrito por":"enequipo","Tiempo de lectura":"2 minutos"},"schema":{"@context":"https:\/\/schema.org","@graph":[{"@type":"Article","@id":"https:\/\/www.sonoraenequipo.com.mx\/se-percibe-que-se-gobierna-con-hechos-asegura-lopez-obrador\/#article","isPartOf":{"@id":"https:\/\/www.sonoraenequipo.com.mx\/se-percibe-que-se-gobierna-con-hechos-asegura-lopez-obrador\/"},"author":{"name":"enequipo","@id":"https:\/\/www.sonoraenequipo.com.mx\/#\/schema\/person\/50102df0fb23a8fa9e8effad8fa81386"},"headline":"Se percibe que se gobierna con hechos; asegura L\u00f3pez Obrador","datePublished":"2021-07-03T20:36:49+00:00","dateModified":"2021-07-03T21:24:30+00:00","mainEntityOfPage":{"@id":"https:\/\/www.sonoraenequipo.com.mx\/se-percibe-que-se-gobierna-con-hechos-asegura-lopez-obrador\/"},"wordCount":368,"commentCount":0,"publisher":{"@id":"https:\/\/www.sonoraenequipo.com.mx\/#organization"},"image":{"@id":"https:\/\/www.sonoraenequipo.com.mx\/se-percibe-que-se-gobierna-con-hechos-asegura-lopez-obrador\/#primaryimage"},"thumbnailUrl":"https:\/\/www.sonoraenequipo.com.mx\/storage\/2021\/07\/puerto-penasco_opt.jpg","articleSection":["Sonora"],"inLanguage":"es","potentialAction":[{"@type":"CommentAction","name":"Comment","target":["https:\/\/www.sonoraenequipo.com.mx\/se-percibe-que-se-gobierna-con-hechos-asegura-lopez-obrador\/#respond"]}]},{"@type":"WebPage","@id":"https:\/\/www.sonoraenequipo.com.mx\/se-percibe-que-se-gobierna-con-hechos-asegura-lopez-obrador\/","url":"https:\/\/www.sonoraenequipo.com.mx\/se-percibe-que-se-gobierna-con-hechos-asegura-lopez-obrador\/","name":"Sonora en Equipo. Se percibe que se gobierna con hechos; asegura L\u00f3pez Obrador Sonora","isPartOf":{"@id":"https:\/\/www.sonoraenequipo.com.mx\/#website"},"primaryImageOfPage":{"@id":"https:\/\/www.sonoraenequipo.com.mx\/se-percibe-que-se-gobierna-con-hechos-asegura-lopez-obrador\/#primaryimage"},"image":{"@id":"https:\/\/www.sonoraenequipo.com.mx\/se-percibe-que-se-gobierna-con-hechos-asegura-lopez-obrador\/#primaryimage"},"thumbnailUrl":"https:\/\/www.sonoraenequipo.com.mx\/storage\/2021\/07\/puerto-penasco_opt.jpg","datePublished":"2021-07-03T20:36:49+00:00","dateModified":"2021-07-03T21:24:30+00:00","description":"PUERTO PE\u00d1ASCO, SONORA. MX. \u2014 Al asegurar que se gobierna con \"hechos\", el presidente Andr\u00e9s Manuel L\u00f3pez Obrador adelant\u00f3 un programa especial para el En Sonora en Equipo publicamos toda la informaci\u00f3n de Sonora, M\u00e9xico y el Mundo de manera oportuna y busca que la libertad de expresi\u00f3n sea real. Visita nuestro medio informativo publicado desde Hermosillo, Sonora. %","breadcrumb":{"@id":"https:\/\/www.sonoraenequipo.com.mx\/se-percibe-que-se-gobierna-con-hechos-asegura-lopez-obrador\/#breadcrumb"},"inLanguage":"es","potentialAction":[{"@type":"ReadAction","target":["https:\/\/www.sonoraenequipo.com.mx\/se-percibe-que-se-gobierna-con-hechos-asegura-lopez-obrador\/"]}]},{"@type":"ImageObject","inLanguage":"es","@id":"https:\/\/www.sonoraenequipo.com.mx\/se-percibe-que-se-gobierna-con-hechos-asegura-lopez-obrador\/#primaryimage","url":"https:\/\/www.sonoraenequipo.com.mx\/storage\/2021\/07\/puerto-penasco_opt.jpg","contentUrl":"https:\/\/www.sonoraenequipo.com.mx\/storage\/2021\/07\/puerto-penasco_opt.jpg","width":700,"height":400},{"@type":"BreadcrumbList","@id":"https:\/\/www.sonoraenequipo.com.mx\/se-percibe-que-se-gobierna-con-hechos-asegura-lopez-obrador\/#breadcrumb","itemListElement":[{"@type":"ListItem","position":1,"name":"Portada","item":"https:\/\/www.sonoraenequipo.com.mx\/"},{"@type":"ListItem","position":2,"name":"Se percibe que se gobierna con hechos; asegura L\u00f3pez Obrador"}]},{"@type":"WebSite","@id":"https:\/\/www.sonoraenequipo.com.mx\/#website","url":"https:\/\/www.sonoraenequipo.com.mx\/","name":"Sonora en Equipo.","description":"Diario en l\u00ednea con Noticias desde Hermosillo, Sonora","publisher":{"@id":"https:\/\/www.sonoraenequipo.com.mx\/#organization"},"potentialAction":[{"@type":"SearchAction","target":{"@type":"EntryPoint","urlTemplate":"https:\/\/www.sonoraenequipo.com.mx\/?s={search_term_string}"},"query-input":{"@type":"PropertyValueSpecification","valueRequired":true,"valueName":"search_term_string"}}],"inLanguage":"es"},{"@type":"Organization","@id":"https:\/\/www.sonoraenequipo.com.mx\/#organization","name":"Sonoraenequipo.com.mx","url":"https:\/\/www.sonoraenequipo.com.mx\/","logo":{"@type":"ImageObject","inLanguage":"es","@id":"https:\/\/www.sonoraenequipo.com.mx\/#\/schema\/logo\/image\/","url":"https:\/\/www.sonoraenequipo.com.mx\/storage\/2019\/01\/sonoraenequipo_opt.png","contentUrl":"https:\/\/www.sonoraenequipo.com.mx\/storage\/2019\/01\/sonoraenequipo_opt.png","width":375,"height":125,"caption":"Sonoraenequipo.com.mx"},"image":{"@id":"https:\/\/www.sonoraenequipo.com.mx\/#\/schema\/logo\/image\/"},"sameAs":["https:\/\/www.facebook.com\/SonoraEE\/","https:\/\/x.com\/sonoraenequipo","https:\/\/www.youtube.com\/channel\/UC338nW-lPEYmJQs4ZABQ1SQ"]},{"@type":"Person","@id":"https:\/\/www.sonoraenequipo.com.mx\/#\/schema\/person\/50102df0fb23a8fa9e8effad8fa81386","name":"enequipo","image":{"@type":"ImageObject","inLanguage":"es","@id":"https:\/\/www.sonoraenequipo.com.mx\/#\/schema\/person\/image\/","url":"https:\/\/secure.gravatar.com\/avatar\/049821681b589dabc0bc20695993ccebb09f5b5d4d790cd9251b97faac7c652b?s=96&d=blank&r=g","contentUrl":"https:\/\/secure.gravatar.com\/avatar\/049821681b589dabc0bc20695993ccebb09f5b5d4d790cd9251b97faac7c652b?s=96&d=blank&r=g","caption":"enequipo"},"sameAs":["https:\/\/www.facebook.com\/SonoraEE"]}]}},"jetpack_featured_media_url":"https:\/\/www.sonoraenequipo.com.mx\/storage\/2021\/07\/puerto-penasco_opt.jpg","_links":{"self":[{"href":"https:\/\/www.sonoraenequipo.com.mx\/api\/wp\/v2\/posts\/117664","targetHints":{"allow":["GET"]}}],"collection":[{"href":"https:\/\/www.sonoraenequipo.com.mx\/api\/wp\/v2\/posts"}],"about":[{"href":"https:\/\/www.sonoraenequipo.com.mx\/api\/wp\/v2\/types\/post"}],"author":[{"embeddable":true,"href":"https:\/\/www.sonoraenequipo.com.mx\/api\/wp\/v2\/users\/1"}],"replies":[{"embeddable":true,"href":"https:\/\/www.sonoraenequipo.com.mx\/api\/wp\/v2\/comments?post=117664"}],"version-history":[{"count":4,"href":"https:\/\/www.sonoraenequipo.com.mx\/api\/wp\/v2\/posts\/117664\/revisions"}],"predecessor-version":[{"id":117673,"href":"https:\/\/www.sonoraenequipo.com.mx\/api\/wp\/v2\/posts\/117664\/revisions\/117673"}],"wp:featuredmedia":[{"embeddable":true,"href":"https:\/\/www.sonoraenequipo.com.mx\/api\/wp\/v2\/media\/117667"}],"wp:attachment":[{"href":"https:\/\/www.sonoraenequipo.com.mx\/api\/wp\/v2\/media?parent=117664"}],"wp:term":[{"taxonomy":"category","embeddable":true,"href":"https:\/\/www.sonoraenequipo.com.mx\/api\/wp\/v2\/categories?post=117664"},{"taxonomy":"post_tag","embeddable":true,"href":"https:\/\/www.sonoraenequipo.com.mx\/api\/wp\/v2\/tags?post=117664"}],"curies":[{"name":"wp","href":"https:\/\/api.w.org\/{rel}","templated":true}]}}