{"id":117675,"date":"2021-07-03T08:15:35","date_gmt":"2021-07-03T15:15:35","guid":{"rendered":"https:\/\/www.sonoraenequipo.com.mx\/?p=117675"},"modified":"2021-07-03T16:08:33","modified_gmt":"2021-07-03T23:08:33","slug":"transmision-comunitaria-de-covid-19-sigue-en-aumento-en-sonora-salud","status":"publish","type":"post","link":"https:\/\/www.sonoraenequipo.com.mx\/transmision-comunitaria-de-covid-19-sigue-en-aumento-en-sonora-salud\/","title":{"rendered":"Transmisi\u00f3n comunitaria de COVID-19 sigue en aumento en Sonora: Salud"},"content":{"rendered":"<p>Transmisi\u00f3n comunitaria de COVID-19 sigue en aumento en Sonora: Salud<\/p>\n<p>&nbsp;<\/p>\n<p>\u25baLlama Secretar\u00eda de Salud a respetar protocolos contra contagios<\/p>\n<p>\u25baPositividad de casos al 34% a nivel estatal<\/p>\n<p>\u25baOcupaci\u00f3n hospitalaria al 42% en unidades p\u00fablicas y 26% privadas<\/p>\n<p>&nbsp;<\/p>\n<p>HERMOSILLO, SONORA,MX.\u2500\u2500 La transmisi\u00f3n comunitaria de COVID-19 sigue en aumento en Sonora, muestra de ello es que 10 de los 12 municipios que incluye el Mapa Sonora Anticipa aumentaron en el puntaje de riesgos esta semana, por lo que es fundamental que la poblaci\u00f3n refuerce las acciones contra contagios, resalt\u00f3 Enrique Clausen Iberri.<\/p>\n<p>&nbsp;<\/p>\n<p>En la actualizaci\u00f3n del Mapa Sonora Anticipa, el secretario de Salud en la entidad puntualiz\u00f3 que la positividad de casos de COVID-19 se encuentra actualmente en 34% y la ocupaci\u00f3n hospitalaria al 42% en unidades p\u00fablicas y 26% en privadas, por lo que urgi\u00f3 a que se acaten las medidas preventivas.<\/p>\n<p>&nbsp;<\/p>\n<p>\u201cPara detener la transmisi\u00f3n del COVID-19 es necesario que todos respeten los protocolos sanitarios al salir de casa y realicen las acciones de higiene como lo son el uso de cubrebocas, lavado de manos, sana distancia, ventilar espacios y evitar aglomeraciones\u201d, declar\u00f3.<\/p>\n<p>&nbsp;<\/p>\n<p>Puntualiz\u00f3 que del 5 al 11 de julio de 2021 se encuentran en riesgo alto: Caborca, Hermosillo, Cajeme, Navojoa, Huatabampo y Nogales y en riesgo medio: San Luis R\u00edo Colorado, Guaymas, Empalme, Agua Prieta y Cananea.<\/p>\n<p>&nbsp;<\/p>\n<p>En cuanto al puntaje de riesgos, recalc\u00f3 que aumentaron 10 de los 12 municipios evaluados: Cajeme de 22 a 24 puntos, Hermosillo de 21 a 23 puntos, Navojoa de 18 a 21 puntos, Caborca de 17 a 20 puntos, Huatabampo de 15 a 18 puntos, Nogales de 13 a 17 puntos.<\/p>\n<p>&nbsp;<\/p>\n<p>Guaymas de 11 a 15 puntos, San Luis R\u00edo Colorado de 10 a 11 puntos, Puerto Pe\u00f1asco de 9 a 11 puntos y Empalme de 10 a 11 puntos; Cananea se mantiene en 13 puntos y Agua Prieta baj\u00f3 de 10 a 9 puntos.<\/p>\n<p>&nbsp;<\/p>\n<p>Riesgos por municipio y Zona Cero:<\/p>\n<p>Riesgo Alto<\/p>\n<p>&#8211; Cajeme: Colonias Morelos, Montecarlo, Colinas del Yaqui, Ladrilleras.<\/p>\n<p>&#8211; Hermosillo: Colonias Palo Verde, Centenario, Lomas de Madrid, Balderrama, San Diego, Nueva Castilla.<\/p>\n<p>&#8211; Navojoa: Colonias Centro, Constituci\u00f3n, Infonavit.<\/p>\n<p>&#8211; Caborca: Colonias Bur\u00f3crata, Aviaci\u00f3n, Industrial, Centro.<\/p>\n<p>&#8211; Huatabampo: Colonia D\u00edaz.<\/p>\n<p>&#8211; Nogales: Colonias Centro, Fracc. Los \u00c1ngeles, Buena Vista, Nuevo Nogales.<\/p>\n<p>&nbsp;<\/p>\n<p>Riesgo Medio:<\/p>\n<p>&#8211; Guaymas: Colonias El Rastro, Centro, Luis Donaldo Colosio.<\/p>\n<p>&#8211; Cananea: Colonias Minera 2, Bur\u00f3crata.<\/p>\n<p>&#8211; San Luis R\u00edo Colorado: Colonias 10 de abril, Campestre.<\/p>\n<p>&#8211; Puerto Pe\u00f1asco: Colonias Oriente, Centro.<\/p>\n<p>&#8211; Empalme: Colonias Moderna, Guadalupe.<\/p>\n<p>&#8211; Agua Prieta: Colonias Magisterial, Infonavit.<\/p>\n<p>Fecha de Publicaci\u00f3n\u00a0 martes \/ 29\u00a0 \/ junio \/ 2021<\/p>\n","protected":false},"excerpt":{"rendered":"<p>Transmisi\u00f3n comunitaria de COVID-19 sigue en aumento en Sonora: Salud &nbsp; \u25baLlama Secretar\u00eda de Salud&#8230;<\/p>\n","protected":false},"author":1,"featured_media":103316,"comment_status":"open","ping_status":"open","sticky":false,"template":"","format":"standard","meta":{"_monsterinsights_skip_tracking":false,"_monsterinsights_sitenote_active":false,"_monsterinsights_sitenote_note":"","_monsterinsights_sitenote_category":0,"footnotes":""},"categories":[22],"tags":[4249,15,3677],"class_list":["post"],"yoast_head":" \n<title>Sonora en Equipo. Transmisi\u00f3n comunitaria de COVID-19 sigue en aumento en Sonora: Salud Sonora<\/title>\n<meta name=\"description\" content=\"Transmisi\u00f3n comunitaria de COVID-19 sigue en aumento en Sonora: Salud &nbsp; \u25baLlama Secretar\u00eda de Salud a respetar protocolos contra contagios En Sonora en Equipo publicamos toda la informaci\u00f3n de Sonora, M\u00e9xico y el Mundo de manera oportuna y busca que la libertad de expresi\u00f3n sea real. Visita nuestro medio informativo publicado desde Hermosillo, Sonora. %\" \/>\n<meta name=\"robots\" content=\"index, follow, max-snippet:-1, max-image-preview:large, max-video-preview:-1\" \/>\n<link rel=\"canonical\" href=\"https:\/\/www.sonoraenequipo.com.mx\/transmision-comunitaria-de-covid-19-sigue-en-aumento-en-sonora-salud\/\" \/>\n<meta property=\"og:locale\" content=\"es_ES\" \/>\n<meta property=\"og:type\" content=\"article\" \/>\n<meta property=\"og:title\" content=\"Sonora en Equipo. Transmisi\u00f3n comunitaria de COVID-19 sigue en aumento en Sonora: Salud Sonora\" \/>\n<meta property=\"og:description\" content=\"Transmisi\u00f3n comunitaria de COVID-19 sigue en aumento en Sonora: Salud &nbsp; \u25baLlama Secretar\u00eda de Salud a respetar protocolos contra contagios En Sonora en Equipo publicamos toda la informaci\u00f3n de Sonora, M\u00e9xico y el Mundo de manera oportuna y busca que la libertad de expresi\u00f3n sea real. Visita nuestro medio informativo publicado desde Hermosillo, Sonora. %\" \/>\n<meta property=\"og:url\" content=\"https:\/\/www.sonoraenequipo.com.mx\/transmision-comunitaria-de-covid-19-sigue-en-aumento-en-sonora-salud\/\" \/>\n<meta property=\"og:site_name\" content=\"Sonora en Equipo.\" \/>\n<meta property=\"article:publisher\" content=\"https:\/\/www.facebook.com\/SonoraEE\/\" \/>\n<meta property=\"article:author\" content=\"https:\/\/www.facebook.com\/SonoraEE\" \/>\n<meta property=\"article:published_time\" content=\"2021-07-03T15:15:35+00:00\" \/>\n<meta property=\"article:modified_time\" content=\"2021-07-03T23:08:33+00:00\" \/>\n<meta property=\"og:image\" content=\"https:\/\/www.sonoraenequipo.com.mx\/storage\/2020\/12\/covid-verde.jpg\" \/>\n\t<meta property=\"og:image:width\" content=\"600\" \/>\n\t<meta property=\"og:image:height\" content=\"400\" \/>\n\t<meta property=\"og:image:type\" content=\"image\/jpeg\" \/>\n<meta name=\"author\" content=\"enequipo\" \/>\n<meta name=\"twitter:card\" content=\"summary_large_image\" \/>\n<meta name=\"twitter:creator\" content=\"@sonoraenequipo\" \/>\n<meta name=\"twitter:site\" content=\"@sonoraenequipo\" \/>\n<meta name=\"twitter:label1\" content=\"Escrito por\" \/>\n\t<meta name=\"twitter:data1\" content=\"enequipo\" \/>\n\t<meta name=\"twitter:label2\" content=\"Tiempo de lectura\" \/>\n\t<meta name=\"twitter:data2\" content=\"2 minutos\" \/>\n<script type=\"application\/ld+json\" class=\"yoast-schema-graph\">{\"@context\":\"https:\/\/schema.org\",\"@graph\":[{\"@type\":\"Article\",\"@id\":\"https:\/\/www.sonoraenequipo.com.mx\/transmision-comunitaria-de-covid-19-sigue-en-aumento-en-sonora-salud\/#article\",\"isPartOf\":{\"@id\":\"https:\/\/www.sonoraenequipo.com.mx\/transmision-comunitaria-de-covid-19-sigue-en-aumento-en-sonora-salud\/\"},\"author\":{\"name\":\"enequipo\",\"@id\":\"https:\/\/www.sonoraenequipo.com.mx\/#\/schema\/person\/50102df0fb23a8fa9e8effad8fa81386\"},\"headline\":\"Transmisi\u00f3n comunitaria de COVID-19 sigue en aumento en Sonora: Salud\",\"datePublished\":\"2021-07-03T15:15:35+00:00\",\"dateModified\":\"2021-07-03T23:08:33+00:00\",\"mainEntityOfPage\":{\"@id\":\"https:\/\/www.sonoraenequipo.com.mx\/transmision-comunitaria-de-covid-19-sigue-en-aumento-en-sonora-salud\/\"},\"wordCount\":426,\"commentCount\":0,\"publisher\":{\"@id\":\"https:\/\/www.sonoraenequipo.com.mx\/#organization\"},\"image\":{\"@id\":\"https:\/\/www.sonoraenequipo.com.mx\/transmision-comunitaria-de-covid-19-sigue-en-aumento-en-sonora-salud\/#primaryimage\"},\"thumbnailUrl\":\"https:\/\/www.sonoraenequipo.com.mx\/storage\/2020\/12\/covid-verde.jpg\",\"keywords\":[\"covid\",\"Sonora\",\"transmision\"],\"articleSection\":[\"Sonora\"],\"inLanguage\":\"es\",\"potentialAction\":[{\"@type\":\"CommentAction\",\"name\":\"Comment\",\"target\":[\"https:\/\/www.sonoraenequipo.com.mx\/transmision-comunitaria-de-covid-19-sigue-en-aumento-en-sonora-salud\/#respond\"]}]},{\"@type\":\"WebPage\",\"@id\":\"https:\/\/www.sonoraenequipo.com.mx\/transmision-comunitaria-de-covid-19-sigue-en-aumento-en-sonora-salud\/\",\"url\":\"https:\/\/www.sonoraenequipo.com.mx\/transmision-comunitaria-de-covid-19-sigue-en-aumento-en-sonora-salud\/\",\"name\":\"Sonora en Equipo. Transmisi\u00f3n comunitaria de COVID-19 sigue en aumento en Sonora: Salud Sonora\",\"isPartOf\":{\"@id\":\"https:\/\/www.sonoraenequipo.com.mx\/#website\"},\"primaryImageOfPage\":{\"@id\":\"https:\/\/www.sonoraenequipo.com.mx\/transmision-comunitaria-de-covid-19-sigue-en-aumento-en-sonora-salud\/#primaryimage\"},\"image\":{\"@id\":\"https:\/\/www.sonoraenequipo.com.mx\/transmision-comunitaria-de-covid-19-sigue-en-aumento-en-sonora-salud\/#primaryimage\"},\"thumbnailUrl\":\"https:\/\/www.sonoraenequipo.com.mx\/storage\/2020\/12\/covid-verde.jpg\",\"datePublished\":\"2021-07-03T15:15:35+00:00\",\"dateModified\":\"2021-07-03T23:08:33+00:00\",\"description\":\"Transmisi\u00f3n comunitaria de COVID-19 sigue en aumento en Sonora: Salud &nbsp; \u25baLlama Secretar\u00eda de Salud a respetar protocolos contra contagios En Sonora en Equipo publicamos toda la informaci\u00f3n de Sonora, M\u00e9xico y el Mundo de manera oportuna y busca que la libertad de expresi\u00f3n sea real. Visita nuestro medio informativo publicado desde Hermosillo, Sonora. %\",\"breadcrumb\":{\"@id\":\"https:\/\/www.sonoraenequipo.com.mx\/transmision-comunitaria-de-covid-19-sigue-en-aumento-en-sonora-salud\/#breadcrumb\"},\"inLanguage\":\"es\",\"potentialAction\":[{\"@type\":\"ReadAction\",\"target\":[\"https:\/\/www.sonoraenequipo.com.mx\/transmision-comunitaria-de-covid-19-sigue-en-aumento-en-sonora-salud\/\"]}]},{\"@type\":\"ImageObject\",\"inLanguage\":\"es\",\"@id\":\"https:\/\/www.sonoraenequipo.com.mx\/transmision-comunitaria-de-covid-19-sigue-en-aumento-en-sonora-salud\/#primaryimage\",\"url\":\"https:\/\/www.sonoraenequipo.com.mx\/storage\/2020\/12\/covid-verde.jpg\",\"contentUrl\":\"https:\/\/www.sonoraenequipo.com.mx\/storage\/2020\/12\/covid-verde.jpg\",\"width\":600,\"height\":400},{\"@type\":\"BreadcrumbList\",\"@id\":\"https:\/\/www.sonoraenequipo.com.mx\/transmision-comunitaria-de-covid-19-sigue-en-aumento-en-sonora-salud\/#breadcrumb\",\"itemListElement\":[{\"@type\":\"ListItem\",\"position\":1,\"name\":\"Portada\",\"item\":\"https:\/\/www.sonoraenequipo.com.mx\/\"},{\"@type\":\"ListItem\",\"position\":2,\"name\":\"Transmisi\u00f3n comunitaria de COVID-19 sigue en aumento en Sonora: Salud\"}]},{\"@type\":\"WebSite\",\"@id\":\"https:\/\/www.sonoraenequipo.com.mx\/#website\",\"url\":\"https:\/\/www.sonoraenequipo.com.mx\/\",\"name\":\"Sonora en Equipo.\",\"description\":\"Diario en l\u00ednea con Noticias desde Hermosillo, Sonora\",\"publisher\":{\"@id\":\"https:\/\/www.sonoraenequipo.com.mx\/#organization\"},\"potentialAction\":[{\"@type\":\"SearchAction\",\"target\":{\"@type\":\"EntryPoint\",\"urlTemplate\":\"https:\/\/www.sonoraenequipo.com.mx\/?s={search_term_string}\"},\"query-input\":{\"@type\":\"PropertyValueSpecification\",\"valueRequired\":true,\"valueName\":\"search_term_string\"}}],\"inLanguage\":\"es\"},{\"@type\":\"Organization\",\"@id\":\"https:\/\/www.sonoraenequipo.com.mx\/#organization\",\"name\":\"Sonoraenequipo.com.mx\",\"url\":\"https:\/\/www.sonoraenequipo.com.mx\/\",\"logo\":{\"@type\":\"ImageObject\",\"inLanguage\":\"es\",\"@id\":\"https:\/\/www.sonoraenequipo.com.mx\/#\/schema\/logo\/image\/\",\"url\":\"https:\/\/www.sonoraenequipo.com.mx\/storage\/2019\/01\/sonoraenequipo_opt.png\",\"contentUrl\":\"https:\/\/www.sonoraenequipo.com.mx\/storage\/2019\/01\/sonoraenequipo_opt.png\",\"width\":375,\"height\":125,\"caption\":\"Sonoraenequipo.com.mx\"},\"image\":{\"@id\":\"https:\/\/www.sonoraenequipo.com.mx\/#\/schema\/logo\/image\/\"},\"sameAs\":[\"https:\/\/www.facebook.com\/SonoraEE\/\",\"https:\/\/x.com\/sonoraenequipo\",\"https:\/\/www.youtube.com\/channel\/UC338nW-lPEYmJQs4ZABQ1SQ\"]},{\"@type\":\"Person\",\"@id\":\"https:\/\/www.sonoraenequipo.com.mx\/#\/schema\/person\/50102df0fb23a8fa9e8effad8fa81386\",\"name\":\"enequipo\",\"image\":{\"@type\":\"ImageObject\",\"inLanguage\":\"es\",\"@id\":\"https:\/\/www.sonoraenequipo.com.mx\/#\/schema\/person\/image\/\",\"url\":\"https:\/\/secure.gravatar.com\/avatar\/049821681b589dabc0bc20695993ccebb09f5b5d4d790cd9251b97faac7c652b?s=96&d=blank&r=g\",\"contentUrl\":\"https:\/\/secure.gravatar.com\/avatar\/049821681b589dabc0bc20695993ccebb09f5b5d4d790cd9251b97faac7c652b?s=96&d=blank&r=g\",\"caption\":\"enequipo\"},\"sameAs\":[\"https:\/\/www.facebook.com\/SonoraEE\"]}]}<\/script>\n ","yoast_head_json":{"title":"Sonora en Equipo. Transmisi\u00f3n comunitaria de COVID-19 sigue en aumento en Sonora: Salud Sonora","description":"Transmisi\u00f3n comunitaria de COVID-19 sigue en aumento en Sonora: Salud &nbsp; \u25baLlama Secretar\u00eda de Salud a respetar protocolos contra contagios En Sonora en Equipo publicamos toda la informaci\u00f3n de Sonora, M\u00e9xico y el Mundo de manera oportuna y busca que la libertad de expresi\u00f3n sea real. Visita nuestro medio informativo publicado desde Hermosillo, Sonora. %","robots":{"index":"index","follow":"follow","max-snippet":"max-snippet:-1","max-image-preview":"max-image-preview:large","max-video-preview":"max-video-preview:-1"},"canonical":"https:\/\/www.sonoraenequipo.com.mx\/transmision-comunitaria-de-covid-19-sigue-en-aumento-en-sonora-salud\/","og_locale":"es_ES","og_type":"article","og_title":"Sonora en Equipo. Transmisi\u00f3n comunitaria de COVID-19 sigue en aumento en Sonora: Salud Sonora","og_description":"Transmisi\u00f3n comunitaria de COVID-19 sigue en aumento en Sonora: Salud &nbsp; \u25baLlama Secretar\u00eda de Salud a respetar protocolos contra contagios En Sonora en Equipo publicamos toda la informaci\u00f3n de Sonora, M\u00e9xico y el Mundo de manera oportuna y busca que la libertad de expresi\u00f3n sea real. Visita nuestro medio informativo publicado desde Hermosillo, Sonora. %","og_url":"https:\/\/www.sonoraenequipo.com.mx\/transmision-comunitaria-de-covid-19-sigue-en-aumento-en-sonora-salud\/","og_site_name":"Sonora en Equipo.","article_publisher":"https:\/\/www.facebook.com\/SonoraEE\/","article_author":"https:\/\/www.facebook.com\/SonoraEE","article_published_time":"2021-07-03T15:15:35+00:00","article_modified_time":"2021-07-03T23:08:33+00:00","og_image":[{"width":600,"height":400,"url":"https:\/\/www.sonoraenequipo.com.mx\/storage\/2020\/12\/covid-verde.jpg","type":"image\/jpeg"}],"author":"enequipo","twitter_card":"summary_large_image","twitter_creator":"@sonoraenequipo","twitter_site":"@sonoraenequipo","twitter_misc":{"Escrito por":"enequipo","Tiempo de lectura":"2 minutos"},"schema":{"@context":"https:\/\/schema.org","@graph":[{"@type":"Article","@id":"https:\/\/www.sonoraenequipo.com.mx\/transmision-comunitaria-de-covid-19-sigue-en-aumento-en-sonora-salud\/#article","isPartOf":{"@id":"https:\/\/www.sonoraenequipo.com.mx\/transmision-comunitaria-de-covid-19-sigue-en-aumento-en-sonora-salud\/"},"author":{"name":"enequipo","@id":"https:\/\/www.sonoraenequipo.com.mx\/#\/schema\/person\/50102df0fb23a8fa9e8effad8fa81386"},"headline":"Transmisi\u00f3n comunitaria de COVID-19 sigue en aumento en Sonora: Salud","datePublished":"2021-07-03T15:15:35+00:00","dateModified":"2021-07-03T23:08:33+00:00","mainEntityOfPage":{"@id":"https:\/\/www.sonoraenequipo.com.mx\/transmision-comunitaria-de-covid-19-sigue-en-aumento-en-sonora-salud\/"},"wordCount":426,"commentCount":0,"publisher":{"@id":"https:\/\/www.sonoraenequipo.com.mx\/#organization"},"image":{"@id":"https:\/\/www.sonoraenequipo.com.mx\/transmision-comunitaria-de-covid-19-sigue-en-aumento-en-sonora-salud\/#primaryimage"},"thumbnailUrl":"https:\/\/www.sonoraenequipo.com.mx\/storage\/2020\/12\/covid-verde.jpg","keywords":["covid","Sonora","transmision"],"articleSection":["Sonora"],"inLanguage":"es","potentialAction":[{"@type":"CommentAction","name":"Comment","target":["https:\/\/www.sonoraenequipo.com.mx\/transmision-comunitaria-de-covid-19-sigue-en-aumento-en-sonora-salud\/#respond"]}]},{"@type":"WebPage","@id":"https:\/\/www.sonoraenequipo.com.mx\/transmision-comunitaria-de-covid-19-sigue-en-aumento-en-sonora-salud\/","url":"https:\/\/www.sonoraenequipo.com.mx\/transmision-comunitaria-de-covid-19-sigue-en-aumento-en-sonora-salud\/","name":"Sonora en Equipo. Transmisi\u00f3n comunitaria de COVID-19 sigue en aumento en Sonora: Salud Sonora","isPartOf":{"@id":"https:\/\/www.sonoraenequipo.com.mx\/#website"},"primaryImageOfPage":{"@id":"https:\/\/www.sonoraenequipo.com.mx\/transmision-comunitaria-de-covid-19-sigue-en-aumento-en-sonora-salud\/#primaryimage"},"image":{"@id":"https:\/\/www.sonoraenequipo.com.mx\/transmision-comunitaria-de-covid-19-sigue-en-aumento-en-sonora-salud\/#primaryimage"},"thumbnailUrl":"https:\/\/www.sonoraenequipo.com.mx\/storage\/2020\/12\/covid-verde.jpg","datePublished":"2021-07-03T15:15:35+00:00","dateModified":"2021-07-03T23:08:33+00:00","description":"Transmisi\u00f3n comunitaria de COVID-19 sigue en aumento en Sonora: Salud &nbsp; \u25baLlama Secretar\u00eda de Salud a respetar protocolos contra contagios En Sonora en Equipo publicamos toda la informaci\u00f3n de Sonora, M\u00e9xico y el Mundo de manera oportuna y busca que la libertad de expresi\u00f3n sea real. Visita nuestro medio informativo publicado desde Hermosillo, Sonora. %","breadcrumb":{"@id":"https:\/\/www.sonoraenequipo.com.mx\/transmision-comunitaria-de-covid-19-sigue-en-aumento-en-sonora-salud\/#breadcrumb"},"inLanguage":"es","potentialAction":[{"@type":"ReadAction","target":["https:\/\/www.sonoraenequipo.com.mx\/transmision-comunitaria-de-covid-19-sigue-en-aumento-en-sonora-salud\/"]}]},{"@type":"ImageObject","inLanguage":"es","@id":"https:\/\/www.sonoraenequipo.com.mx\/transmision-comunitaria-de-covid-19-sigue-en-aumento-en-sonora-salud\/#primaryimage","url":"https:\/\/www.sonoraenequipo.com.mx\/storage\/2020\/12\/covid-verde.jpg","contentUrl":"https:\/\/www.sonoraenequipo.com.mx\/storage\/2020\/12\/covid-verde.jpg","width":600,"height":400},{"@type":"BreadcrumbList","@id":"https:\/\/www.sonoraenequipo.com.mx\/transmision-comunitaria-de-covid-19-sigue-en-aumento-en-sonora-salud\/#breadcrumb","itemListElement":[{"@type":"ListItem","position":1,"name":"Portada","item":"https:\/\/www.sonoraenequipo.com.mx\/"},{"@type":"ListItem","position":2,"name":"Transmisi\u00f3n comunitaria de COVID-19 sigue en aumento en Sonora: Salud"}]},{"@type":"WebSite","@id":"https:\/\/www.sonoraenequipo.com.mx\/#website","url":"https:\/\/www.sonoraenequipo.com.mx\/","name":"Sonora en Equipo.","description":"Diario en l\u00ednea con Noticias desde Hermosillo, Sonora","publisher":{"@id":"https:\/\/www.sonoraenequipo.com.mx\/#organization"},"potentialAction":[{"@type":"SearchAction","target":{"@type":"EntryPoint","urlTemplate":"https:\/\/www.sonoraenequipo.com.mx\/?s={search_term_string}"},"query-input":{"@type":"PropertyValueSpecification","valueRequired":true,"valueName":"search_term_string"}}],"inLanguage":"es"},{"@type":"Organization","@id":"https:\/\/www.sonoraenequipo.com.mx\/#organization","name":"Sonoraenequipo.com.mx","url":"https:\/\/www.sonoraenequipo.com.mx\/","logo":{"@type":"ImageObject","inLanguage":"es","@id":"https:\/\/www.sonoraenequipo.com.mx\/#\/schema\/logo\/image\/","url":"https:\/\/www.sonoraenequipo.com.mx\/storage\/2019\/01\/sonoraenequipo_opt.png","contentUrl":"https:\/\/www.sonoraenequipo.com.mx\/storage\/2019\/01\/sonoraenequipo_opt.png","width":375,"height":125,"caption":"Sonoraenequipo.com.mx"},"image":{"@id":"https:\/\/www.sonoraenequipo.com.mx\/#\/schema\/logo\/image\/"},"sameAs":["https:\/\/www.facebook.com\/SonoraEE\/","https:\/\/x.com\/sonoraenequipo","https:\/\/www.youtube.com\/channel\/UC338nW-lPEYmJQs4ZABQ1SQ"]},{"@type":"Person","@id":"https:\/\/www.sonoraenequipo.com.mx\/#\/schema\/person\/50102df0fb23a8fa9e8effad8fa81386","name":"enequipo","image":{"@type":"ImageObject","inLanguage":"es","@id":"https:\/\/www.sonoraenequipo.com.mx\/#\/schema\/person\/image\/","url":"https:\/\/secure.gravatar.com\/avatar\/049821681b589dabc0bc20695993ccebb09f5b5d4d790cd9251b97faac7c652b?s=96&d=blank&r=g","contentUrl":"https:\/\/secure.gravatar.com\/avatar\/049821681b589dabc0bc20695993ccebb09f5b5d4d790cd9251b97faac7c652b?s=96&d=blank&r=g","caption":"enequipo"},"sameAs":["https:\/\/www.facebook.com\/SonoraEE"]}]}},"jetpack_featured_media_url":"https:\/\/www.sonoraenequipo.com.mx\/storage\/2020\/12\/covid-verde.jpg","_links":{"self":[{"href":"https:\/\/www.sonoraenequipo.com.mx\/api\/wp\/v2\/posts\/117675","targetHints":{"allow":["GET"]}}],"collection":[{"href":"https:\/\/www.sonoraenequipo.com.mx\/api\/wp\/v2\/posts"}],"about":[{"href":"https:\/\/www.sonoraenequipo.com.mx\/api\/wp\/v2\/types\/post"}],"author":[{"embeddable":true,"href":"https:\/\/www.sonoraenequipo.com.mx\/api\/wp\/v2\/users\/1"}],"replies":[{"embeddable":true,"href":"https:\/\/www.sonoraenequipo.com.mx\/api\/wp\/v2\/comments?post=117675"}],"version-history":[{"count":1,"href":"https:\/\/www.sonoraenequipo.com.mx\/api\/wp\/v2\/posts\/117675\/revisions"}],"predecessor-version":[{"id":117676,"href":"https:\/\/www.sonoraenequipo.com.mx\/api\/wp\/v2\/posts\/117675\/revisions\/117676"}],"wp:featuredmedia":[{"embeddable":true,"href":"https:\/\/www.sonoraenequipo.com.mx\/api\/wp\/v2\/media\/103316"}],"wp:attachment":[{"href":"https:\/\/www.sonoraenequipo.com.mx\/api\/wp\/v2\/media?parent=117675"}],"wp:term":[{"taxonomy":"category","embeddable":true,"href":"https:\/\/www.sonoraenequipo.com.mx\/api\/wp\/v2\/categories?post=117675"},{"taxonomy":"post_tag","embeddable":true,"href":"https:\/\/www.sonoraenequipo.com.mx\/api\/wp\/v2\/tags?post=117675"}],"curies":[{"name":"wp","href":"https:\/\/api.w.org\/{rel}","templated":true}]}}