{"id":117677,"date":"2021-07-03T11:19:01","date_gmt":"2021-07-03T18:19:01","guid":{"rendered":"https:\/\/www.sonoraenequipo.com.mx\/?p=117677"},"modified":"2021-07-03T20:47:14","modified_gmt":"2021-07-04T03:47:14","slug":"abren-al-publico-la-cuarta-seccion-del-bosque-de-chapultepec13-59","status":"publish","type":"post","link":"https:\/\/www.sonoraenequipo.com.mx\/abren-al-publico-la-cuarta-seccion-del-bosque-de-chapultepec13-59\/","title":{"rendered":"Abren al p\u00fablico la Cuarta Secci\u00f3n del Bosque de Chapultepec13.59"},"content":{"rendered":"<p>CDMX.M\u00c9XICO. \u2014 Claudia Sheinbaum y el titular de la Secretar\u00eda de Cultura federal, Alejandro Frausto, constataron las condiciones de la cuarta secci\u00f3n del bosque de Chapultepec que se abri\u00f3 al p\u00fablico en general. Ambos funcionarios hicieron el recorrido por algunas partes del parque.<\/p>\n<p>&nbsp;<\/p>\n<p> <\/p>\n<p>&nbsp;<\/p>\n<p><em>\u00abHoy este parque est\u00e1 dedicado precisamente a pueblo, a la apertura del espacio p\u00fablico para el pueblo de Santa Fe y sus habitantes. De tal manera que recuperen un gran derecho, que es el derecho al espacio p\u00fablico, el derecho a la cultura, el derecho a la libertad, y el derecho de que nuestros ni\u00f1os y ni\u00f1as tengan un espacio para el disfrute de la naturaleza.<\/em><\/p>\n<p>&nbsp;<\/p>\n<p><em>\u00abEsa es la gran diferencia, esa es la gran diferencia de los proyectos. Con los proyectos anteriores, con el proyecto neoliberal, lo \u00fanico que hab\u00eda era ampliaci\u00f3n de las desigualdades. Con nuestro proyecto lo que buscamos es disminuir esas desigualdades. Y con la apertura de estos espacios p\u00fablicos gratuitos, disminuimos desigualdades y acercamos los grandes derechos ah\u00ed donde hist\u00f3ricamente no hab\u00eda habido\u00bb<\/em>, afirm\u00f3.<\/p>\n<p>&nbsp;<\/p>\n<p>La mandataria capitalina record\u00f3 que estas m\u00e1s de 70 hect\u00e1reas iban a ser privatizadas para la construcci\u00f3n de un desarrollo inmobiliario.<\/p>\n<p>&nbsp;<\/p>\n<p>Adem\u00e1s, Claudia Sheinbaum volvi\u00f3 a mostrar su animadversi\u00f3n hacia la divisi\u00f3n de la Ciudad de M\u00e9xico, que fue destacada a ra\u00edz de los resultados de las elecciones intermedias.<\/p>\n<p>&nbsp;<\/p>\n<p><em>\u00abPor eso no nos gusta cuando quieren dividir a la ciudad, entre la ciudad de los que pagan impuestos y de los que no pagan impuestos.<\/em><\/p>\n<p>&nbsp;<\/p>\n<p>&nbsp;<\/p>\n<p><em>\u00abEs lo \u00fanico que hace es promover el clasismo, promover el racismo, promover la discriminaci\u00f3n. Esta ciudad es una ciudad, y es una ciudad que se hermana, y que se hermana a partir, principalmente, de los derechos, de los grandes derechos. Y as\u00ed va a seguir siendo la Ciudad de M\u00e9xico; una ciudad progresista, de derechos, que abre sus puertas a toda la ciudadan\u00eda, como la Cuarta Secci\u00f3n del Bosque de Chapultepec\u00bb,<\/em> dijo.<\/p>\n<p>&nbsp;<\/p>\n<p>Agreg\u00f3 que la Cuarta Secci\u00f3n del Bosque de Chapultepec, que inicia su apertura los fines de semana de 10 a 4 de la tarde en este peque\u00f1o espacio, va a ir incorporando nuevas construcciones.<\/p>\n<p>&nbsp;<\/p>\n<p>Alejandra Frausto destac\u00f3 que con este tipo de proyectos de democratiza el bienestar.<\/p>\n<p>&nbsp;<\/p>\n<p><em>\u00abChapultepec es un espacio en donde se est\u00e1 ahora democratizando el bienestar, en donde se est\u00e1 ahora abriendo la posibilidad para que las familias vivan como un derecho la cultura, la naturaleza, el deporte\u00bb,<\/em> enfatiz\u00f3 la Secretaria de Cultura federal.<\/p>\n<p>&nbsp;<\/p>\n<p>&nbsp;<\/p>\n<p>La Cuarta Secci\u00f3n cuenta con una Universidad de la Salud que permitir\u00e1 a estudiantes de Medicina y Enfermer\u00eda de todo el pa\u00eds ejercer esta profesi\u00f3n, adem\u00e1s habr\u00e1 una nueva Cineteca y una Bodega Nacional de Arte, como parte de Chapultepec: Naturaleza y Cultura, proyecto prioritario del Gobierno de M\u00e9xico; tambi\u00e9n se rehabilita la Ermita Vasco de Quiroga, donde se recupera el manantial.<\/p>\n<p>&nbsp;<\/p>\n<p>Con la suma de la Cuarta, el Bosque de Chapultepec ser\u00e1 un espacio p\u00fablico, natural y cultural de cerca de 800 hect\u00e1reas; la interconectividad entre las cuatro secciones es uno de los elementos fundamentales.<\/p>\n<p>&nbsp;<\/p>\n<p>(Publicada el 02\/07\/2021)<\/p>\n","protected":false},"excerpt":{"rendered":"<p>CDMX.M\u00c9XICO. \u2014 Claudia Sheinbaum y el titular de la Secretar\u00eda de Cultura federal, Alejandro Frausto,&#8230;<\/p>\n","protected":false},"author":1,"featured_media":117688,"comment_status":"open","ping_status":"open","sticky":false,"template":"","format":"standard","meta":{"_monsterinsights_skip_tracking":false,"_monsterinsights_sitenote_active":false,"_monsterinsights_sitenote_note":"","_monsterinsights_sitenote_category":0,"footnotes":""},"categories":[5],"tags":[],"class_list":["post"],"yoast_head":" \n<title>Sonora en Equipo. Abren al p\u00fablico la Cuarta Secci\u00f3n del Bosque de Chapultepec13.59 Rep\u00fablica<\/title>\n<meta name=\"description\" content=\"CDMX.M\u00c9XICO. \u2014 Claudia Sheinbaum y el titular de la Secretar\u00eda de Cultura federal, Alejandro Frausto, constataron las condiciones de la cuarta secci\u00f3n del En Sonora en Equipo publicamos toda la informaci\u00f3n de Sonora, M\u00e9xico y el Mundo de manera oportuna y busca que la libertad de expresi\u00f3n sea real. Visita nuestro medio informativo publicado desde Hermosillo, Sonora. %\" \/>\n<meta name=\"robots\" content=\"index, follow, max-snippet:-1, max-image-preview:large, max-video-preview:-1\" \/>\n<link rel=\"canonical\" href=\"https:\/\/www.sonoraenequipo.com.mx\/abren-al-publico-la-cuarta-seccion-del-bosque-de-chapultepec13-59\/\" \/>\n<meta property=\"og:locale\" content=\"es_ES\" \/>\n<meta property=\"og:type\" content=\"article\" \/>\n<meta property=\"og:title\" content=\"Sonora en Equipo. Abren al p\u00fablico la Cuarta Secci\u00f3n del Bosque de Chapultepec13.59 Rep\u00fablica\" \/>\n<meta property=\"og:description\" content=\"CDMX.M\u00c9XICO. \u2014 Claudia Sheinbaum y el titular de la Secretar\u00eda de Cultura federal, Alejandro Frausto, constataron las condiciones de la cuarta secci\u00f3n del En Sonora en Equipo publicamos toda la informaci\u00f3n de Sonora, M\u00e9xico y el Mundo de manera oportuna y busca que la libertad de expresi\u00f3n sea real. Visita nuestro medio informativo publicado desde Hermosillo, Sonora. %\" \/>\n<meta property=\"og:url\" content=\"https:\/\/www.sonoraenequipo.com.mx\/abren-al-publico-la-cuarta-seccion-del-bosque-de-chapultepec13-59\/\" \/>\n<meta property=\"og:site_name\" content=\"Sonora en Equipo.\" \/>\n<meta property=\"article:publisher\" content=\"https:\/\/www.facebook.com\/SonoraEE\/\" \/>\n<meta property=\"article:author\" content=\"https:\/\/www.facebook.com\/SonoraEE\" \/>\n<meta property=\"article:published_time\" content=\"2021-07-03T18:19:01+00:00\" \/>\n<meta property=\"article:modified_time\" content=\"2021-07-04T03:47:14+00:00\" \/>\n<meta property=\"og:image\" content=\"https:\/\/www.sonoraenequipo.com.mx\/storage\/2021\/07\/claudia-sheinbaum_chapultepec_opt.jpg\" \/>\n\t<meta property=\"og:image:width\" content=\"700\" \/>\n\t<meta property=\"og:image:height\" content=\"400\" \/>\n\t<meta property=\"og:image:type\" content=\"image\/jpeg\" \/>\n<meta name=\"author\" content=\"enequipo\" \/>\n<meta name=\"twitter:card\" content=\"summary_large_image\" \/>\n<meta name=\"twitter:creator\" content=\"@sonoraenequipo\" \/>\n<meta name=\"twitter:site\" content=\"@sonoraenequipo\" \/>\n<meta name=\"twitter:label1\" content=\"Escrito por\" \/>\n\t<meta name=\"twitter:data1\" content=\"enequipo\" \/>\n\t<meta name=\"twitter:label2\" content=\"Tiempo de lectura\" \/>\n\t<meta name=\"twitter:data2\" content=\"3 minutos\" \/>\n<script type=\"application\/ld+json\" class=\"yoast-schema-graph\">{\"@context\":\"https:\/\/schema.org\",\"@graph\":[{\"@type\":\"Article\",\"@id\":\"https:\/\/www.sonoraenequipo.com.mx\/abren-al-publico-la-cuarta-seccion-del-bosque-de-chapultepec13-59\/#article\",\"isPartOf\":{\"@id\":\"https:\/\/www.sonoraenequipo.com.mx\/abren-al-publico-la-cuarta-seccion-del-bosque-de-chapultepec13-59\/\"},\"author\":{\"name\":\"enequipo\",\"@id\":\"https:\/\/www.sonoraenequipo.com.mx\/#\/schema\/person\/50102df0fb23a8fa9e8effad8fa81386\"},\"headline\":\"Abren al p\u00fablico la Cuarta Secci\u00f3n del Bosque de Chapultepec13.59\",\"datePublished\":\"2021-07-03T18:19:01+00:00\",\"dateModified\":\"2021-07-04T03:47:14+00:00\",\"mainEntityOfPage\":{\"@id\":\"https:\/\/www.sonoraenequipo.com.mx\/abren-al-publico-la-cuarta-seccion-del-bosque-de-chapultepec13-59\/\"},\"wordCount\":564,\"commentCount\":0,\"publisher\":{\"@id\":\"https:\/\/www.sonoraenequipo.com.mx\/#organization\"},\"image\":{\"@id\":\"https:\/\/www.sonoraenequipo.com.mx\/abren-al-publico-la-cuarta-seccion-del-bosque-de-chapultepec13-59\/#primaryimage\"},\"thumbnailUrl\":\"https:\/\/www.sonoraenequipo.com.mx\/storage\/2021\/07\/claudia-sheinbaum_chapultepec_opt.jpg\",\"articleSection\":[\"Rep\u00fablica\"],\"inLanguage\":\"es\",\"potentialAction\":[{\"@type\":\"CommentAction\",\"name\":\"Comment\",\"target\":[\"https:\/\/www.sonoraenequipo.com.mx\/abren-al-publico-la-cuarta-seccion-del-bosque-de-chapultepec13-59\/#respond\"]}]},{\"@type\":\"WebPage\",\"@id\":\"https:\/\/www.sonoraenequipo.com.mx\/abren-al-publico-la-cuarta-seccion-del-bosque-de-chapultepec13-59\/\",\"url\":\"https:\/\/www.sonoraenequipo.com.mx\/abren-al-publico-la-cuarta-seccion-del-bosque-de-chapultepec13-59\/\",\"name\":\"Sonora en Equipo. Abren al p\u00fablico la Cuarta Secci\u00f3n del Bosque de Chapultepec13.59 Rep\u00fablica\",\"isPartOf\":{\"@id\":\"https:\/\/www.sonoraenequipo.com.mx\/#website\"},\"primaryImageOfPage\":{\"@id\":\"https:\/\/www.sonoraenequipo.com.mx\/abren-al-publico-la-cuarta-seccion-del-bosque-de-chapultepec13-59\/#primaryimage\"},\"image\":{\"@id\":\"https:\/\/www.sonoraenequipo.com.mx\/abren-al-publico-la-cuarta-seccion-del-bosque-de-chapultepec13-59\/#primaryimage\"},\"thumbnailUrl\":\"https:\/\/www.sonoraenequipo.com.mx\/storage\/2021\/07\/claudia-sheinbaum_chapultepec_opt.jpg\",\"datePublished\":\"2021-07-03T18:19:01+00:00\",\"dateModified\":\"2021-07-04T03:47:14+00:00\",\"description\":\"CDMX.M\u00c9XICO. \u2014 Claudia Sheinbaum y el titular de la Secretar\u00eda de Cultura federal, Alejandro Frausto, constataron las condiciones de la cuarta secci\u00f3n del En Sonora en Equipo publicamos toda la informaci\u00f3n de Sonora, M\u00e9xico y el Mundo de manera oportuna y busca que la libertad de expresi\u00f3n sea real. Visita nuestro medio informativo publicado desde Hermosillo, Sonora. %\",\"breadcrumb\":{\"@id\":\"https:\/\/www.sonoraenequipo.com.mx\/abren-al-publico-la-cuarta-seccion-del-bosque-de-chapultepec13-59\/#breadcrumb\"},\"inLanguage\":\"es\",\"potentialAction\":[{\"@type\":\"ReadAction\",\"target\":[\"https:\/\/www.sonoraenequipo.com.mx\/abren-al-publico-la-cuarta-seccion-del-bosque-de-chapultepec13-59\/\"]}]},{\"@type\":\"ImageObject\",\"inLanguage\":\"es\",\"@id\":\"https:\/\/www.sonoraenequipo.com.mx\/abren-al-publico-la-cuarta-seccion-del-bosque-de-chapultepec13-59\/#primaryimage\",\"url\":\"https:\/\/www.sonoraenequipo.com.mx\/storage\/2021\/07\/claudia-sheinbaum_chapultepec_opt.jpg\",\"contentUrl\":\"https:\/\/www.sonoraenequipo.com.mx\/storage\/2021\/07\/claudia-sheinbaum_chapultepec_opt.jpg\",\"width\":700,\"height\":400},{\"@type\":\"BreadcrumbList\",\"@id\":\"https:\/\/www.sonoraenequipo.com.mx\/abren-al-publico-la-cuarta-seccion-del-bosque-de-chapultepec13-59\/#breadcrumb\",\"itemListElement\":[{\"@type\":\"ListItem\",\"position\":1,\"name\":\"Portada\",\"item\":\"https:\/\/www.sonoraenequipo.com.mx\/\"},{\"@type\":\"ListItem\",\"position\":2,\"name\":\"Abren al p\u00fablico la Cuarta Secci\u00f3n del Bosque de Chapultepec13.59\"}]},{\"@type\":\"WebSite\",\"@id\":\"https:\/\/www.sonoraenequipo.com.mx\/#website\",\"url\":\"https:\/\/www.sonoraenequipo.com.mx\/\",\"name\":\"Sonora en Equipo.\",\"description\":\"Diario en l\u00ednea con Noticias desde Hermosillo, Sonora\",\"publisher\":{\"@id\":\"https:\/\/www.sonoraenequipo.com.mx\/#organization\"},\"potentialAction\":[{\"@type\":\"SearchAction\",\"target\":{\"@type\":\"EntryPoint\",\"urlTemplate\":\"https:\/\/www.sonoraenequipo.com.mx\/?s={search_term_string}\"},\"query-input\":{\"@type\":\"PropertyValueSpecification\",\"valueRequired\":true,\"valueName\":\"search_term_string\"}}],\"inLanguage\":\"es\"},{\"@type\":\"Organization\",\"@id\":\"https:\/\/www.sonoraenequipo.com.mx\/#organization\",\"name\":\"Sonoraenequipo.com.mx\",\"url\":\"https:\/\/www.sonoraenequipo.com.mx\/\",\"logo\":{\"@type\":\"ImageObject\",\"inLanguage\":\"es\",\"@id\":\"https:\/\/www.sonoraenequipo.com.mx\/#\/schema\/logo\/image\/\",\"url\":\"https:\/\/www.sonoraenequipo.com.mx\/storage\/2019\/01\/sonoraenequipo_opt.png\",\"contentUrl\":\"https:\/\/www.sonoraenequipo.com.mx\/storage\/2019\/01\/sonoraenequipo_opt.png\",\"width\":375,\"height\":125,\"caption\":\"Sonoraenequipo.com.mx\"},\"image\":{\"@id\":\"https:\/\/www.sonoraenequipo.com.mx\/#\/schema\/logo\/image\/\"},\"sameAs\":[\"https:\/\/www.facebook.com\/SonoraEE\/\",\"https:\/\/x.com\/sonoraenequipo\",\"https:\/\/www.youtube.com\/channel\/UC338nW-lPEYmJQs4ZABQ1SQ\"]},{\"@type\":\"Person\",\"@id\":\"https:\/\/www.sonoraenequipo.com.mx\/#\/schema\/person\/50102df0fb23a8fa9e8effad8fa81386\",\"name\":\"enequipo\",\"image\":{\"@type\":\"ImageObject\",\"inLanguage\":\"es\",\"@id\":\"https:\/\/www.sonoraenequipo.com.mx\/#\/schema\/person\/image\/\",\"url\":\"https:\/\/secure.gravatar.com\/avatar\/049821681b589dabc0bc20695993ccebb09f5b5d4d790cd9251b97faac7c652b?s=96&d=blank&r=g\",\"contentUrl\":\"https:\/\/secure.gravatar.com\/avatar\/049821681b589dabc0bc20695993ccebb09f5b5d4d790cd9251b97faac7c652b?s=96&d=blank&r=g\",\"caption\":\"enequipo\"},\"sameAs\":[\"https:\/\/www.facebook.com\/SonoraEE\"]}]}<\/script>\n ","yoast_head_json":{"title":"Sonora en Equipo. Abren al p\u00fablico la Cuarta Secci\u00f3n del Bosque de Chapultepec13.59 Rep\u00fablica","description":"CDMX.M\u00c9XICO. \u2014 Claudia Sheinbaum y el titular de la Secretar\u00eda de Cultura federal, Alejandro Frausto, constataron las condiciones de la cuarta secci\u00f3n del En Sonora en Equipo publicamos toda la informaci\u00f3n de Sonora, M\u00e9xico y el Mundo de manera oportuna y busca que la libertad de expresi\u00f3n sea real. Visita nuestro medio informativo publicado desde Hermosillo, Sonora. %","robots":{"index":"index","follow":"follow","max-snippet":"max-snippet:-1","max-image-preview":"max-image-preview:large","max-video-preview":"max-video-preview:-1"},"canonical":"https:\/\/www.sonoraenequipo.com.mx\/abren-al-publico-la-cuarta-seccion-del-bosque-de-chapultepec13-59\/","og_locale":"es_ES","og_type":"article","og_title":"Sonora en Equipo. Abren al p\u00fablico la Cuarta Secci\u00f3n del Bosque de Chapultepec13.59 Rep\u00fablica","og_description":"CDMX.M\u00c9XICO. \u2014 Claudia Sheinbaum y el titular de la Secretar\u00eda de Cultura federal, Alejandro Frausto, constataron las condiciones de la cuarta secci\u00f3n del En Sonora en Equipo publicamos toda la informaci\u00f3n de Sonora, M\u00e9xico y el Mundo de manera oportuna y busca que la libertad de expresi\u00f3n sea real. Visita nuestro medio informativo publicado desde Hermosillo, Sonora. %","og_url":"https:\/\/www.sonoraenequipo.com.mx\/abren-al-publico-la-cuarta-seccion-del-bosque-de-chapultepec13-59\/","og_site_name":"Sonora en Equipo.","article_publisher":"https:\/\/www.facebook.com\/SonoraEE\/","article_author":"https:\/\/www.facebook.com\/SonoraEE","article_published_time":"2021-07-03T18:19:01+00:00","article_modified_time":"2021-07-04T03:47:14+00:00","og_image":[{"width":700,"height":400,"url":"https:\/\/www.sonoraenequipo.com.mx\/storage\/2021\/07\/claudia-sheinbaum_chapultepec_opt.jpg","type":"image\/jpeg"}],"author":"enequipo","twitter_card":"summary_large_image","twitter_creator":"@sonoraenequipo","twitter_site":"@sonoraenequipo","twitter_misc":{"Escrito por":"enequipo","Tiempo de lectura":"3 minutos"},"schema":{"@context":"https:\/\/schema.org","@graph":[{"@type":"Article","@id":"https:\/\/www.sonoraenequipo.com.mx\/abren-al-publico-la-cuarta-seccion-del-bosque-de-chapultepec13-59\/#article","isPartOf":{"@id":"https:\/\/www.sonoraenequipo.com.mx\/abren-al-publico-la-cuarta-seccion-del-bosque-de-chapultepec13-59\/"},"author":{"name":"enequipo","@id":"https:\/\/www.sonoraenequipo.com.mx\/#\/schema\/person\/50102df0fb23a8fa9e8effad8fa81386"},"headline":"Abren al p\u00fablico la Cuarta Secci\u00f3n del Bosque de Chapultepec13.59","datePublished":"2021-07-03T18:19:01+00:00","dateModified":"2021-07-04T03:47:14+00:00","mainEntityOfPage":{"@id":"https:\/\/www.sonoraenequipo.com.mx\/abren-al-publico-la-cuarta-seccion-del-bosque-de-chapultepec13-59\/"},"wordCount":564,"commentCount":0,"publisher":{"@id":"https:\/\/www.sonoraenequipo.com.mx\/#organization"},"image":{"@id":"https:\/\/www.sonoraenequipo.com.mx\/abren-al-publico-la-cuarta-seccion-del-bosque-de-chapultepec13-59\/#primaryimage"},"thumbnailUrl":"https:\/\/www.sonoraenequipo.com.mx\/storage\/2021\/07\/claudia-sheinbaum_chapultepec_opt.jpg","articleSection":["Rep\u00fablica"],"inLanguage":"es","potentialAction":[{"@type":"CommentAction","name":"Comment","target":["https:\/\/www.sonoraenequipo.com.mx\/abren-al-publico-la-cuarta-seccion-del-bosque-de-chapultepec13-59\/#respond"]}]},{"@type":"WebPage","@id":"https:\/\/www.sonoraenequipo.com.mx\/abren-al-publico-la-cuarta-seccion-del-bosque-de-chapultepec13-59\/","url":"https:\/\/www.sonoraenequipo.com.mx\/abren-al-publico-la-cuarta-seccion-del-bosque-de-chapultepec13-59\/","name":"Sonora en Equipo. Abren al p\u00fablico la Cuarta Secci\u00f3n del Bosque de Chapultepec13.59 Rep\u00fablica","isPartOf":{"@id":"https:\/\/www.sonoraenequipo.com.mx\/#website"},"primaryImageOfPage":{"@id":"https:\/\/www.sonoraenequipo.com.mx\/abren-al-publico-la-cuarta-seccion-del-bosque-de-chapultepec13-59\/#primaryimage"},"image":{"@id":"https:\/\/www.sonoraenequipo.com.mx\/abren-al-publico-la-cuarta-seccion-del-bosque-de-chapultepec13-59\/#primaryimage"},"thumbnailUrl":"https:\/\/www.sonoraenequipo.com.mx\/storage\/2021\/07\/claudia-sheinbaum_chapultepec_opt.jpg","datePublished":"2021-07-03T18:19:01+00:00","dateModified":"2021-07-04T03:47:14+00:00","description":"CDMX.M\u00c9XICO. \u2014 Claudia Sheinbaum y el titular de la Secretar\u00eda de Cultura federal, Alejandro Frausto, constataron las condiciones de la cuarta secci\u00f3n del En Sonora en Equipo publicamos toda la informaci\u00f3n de Sonora, M\u00e9xico y el Mundo de manera oportuna y busca que la libertad de expresi\u00f3n sea real. Visita nuestro medio informativo publicado desde Hermosillo, Sonora. %","breadcrumb":{"@id":"https:\/\/www.sonoraenequipo.com.mx\/abren-al-publico-la-cuarta-seccion-del-bosque-de-chapultepec13-59\/#breadcrumb"},"inLanguage":"es","potentialAction":[{"@type":"ReadAction","target":["https:\/\/www.sonoraenequipo.com.mx\/abren-al-publico-la-cuarta-seccion-del-bosque-de-chapultepec13-59\/"]}]},{"@type":"ImageObject","inLanguage":"es","@id":"https:\/\/www.sonoraenequipo.com.mx\/abren-al-publico-la-cuarta-seccion-del-bosque-de-chapultepec13-59\/#primaryimage","url":"https:\/\/www.sonoraenequipo.com.mx\/storage\/2021\/07\/claudia-sheinbaum_chapultepec_opt.jpg","contentUrl":"https:\/\/www.sonoraenequipo.com.mx\/storage\/2021\/07\/claudia-sheinbaum_chapultepec_opt.jpg","width":700,"height":400},{"@type":"BreadcrumbList","@id":"https:\/\/www.sonoraenequipo.com.mx\/abren-al-publico-la-cuarta-seccion-del-bosque-de-chapultepec13-59\/#breadcrumb","itemListElement":[{"@type":"ListItem","position":1,"name":"Portada","item":"https:\/\/www.sonoraenequipo.com.mx\/"},{"@type":"ListItem","position":2,"name":"Abren al p\u00fablico la Cuarta Secci\u00f3n del Bosque de Chapultepec13.59"}]},{"@type":"WebSite","@id":"https:\/\/www.sonoraenequipo.com.mx\/#website","url":"https:\/\/www.sonoraenequipo.com.mx\/","name":"Sonora en Equipo.","description":"Diario en l\u00ednea con Noticias desde Hermosillo, Sonora","publisher":{"@id":"https:\/\/www.sonoraenequipo.com.mx\/#organization"},"potentialAction":[{"@type":"SearchAction","target":{"@type":"EntryPoint","urlTemplate":"https:\/\/www.sonoraenequipo.com.mx\/?s={search_term_string}"},"query-input":{"@type":"PropertyValueSpecification","valueRequired":true,"valueName":"search_term_string"}}],"inLanguage":"es"},{"@type":"Organization","@id":"https:\/\/www.sonoraenequipo.com.mx\/#organization","name":"Sonoraenequipo.com.mx","url":"https:\/\/www.sonoraenequipo.com.mx\/","logo":{"@type":"ImageObject","inLanguage":"es","@id":"https:\/\/www.sonoraenequipo.com.mx\/#\/schema\/logo\/image\/","url":"https:\/\/www.sonoraenequipo.com.mx\/storage\/2019\/01\/sonoraenequipo_opt.png","contentUrl":"https:\/\/www.sonoraenequipo.com.mx\/storage\/2019\/01\/sonoraenequipo_opt.png","width":375,"height":125,"caption":"Sonoraenequipo.com.mx"},"image":{"@id":"https:\/\/www.sonoraenequipo.com.mx\/#\/schema\/logo\/image\/"},"sameAs":["https:\/\/www.facebook.com\/SonoraEE\/","https:\/\/x.com\/sonoraenequipo","https:\/\/www.youtube.com\/channel\/UC338nW-lPEYmJQs4ZABQ1SQ"]},{"@type":"Person","@id":"https:\/\/www.sonoraenequipo.com.mx\/#\/schema\/person\/50102df0fb23a8fa9e8effad8fa81386","name":"enequipo","image":{"@type":"ImageObject","inLanguage":"es","@id":"https:\/\/www.sonoraenequipo.com.mx\/#\/schema\/person\/image\/","url":"https:\/\/secure.gravatar.com\/avatar\/049821681b589dabc0bc20695993ccebb09f5b5d4d790cd9251b97faac7c652b?s=96&d=blank&r=g","contentUrl":"https:\/\/secure.gravatar.com\/avatar\/049821681b589dabc0bc20695993ccebb09f5b5d4d790cd9251b97faac7c652b?s=96&d=blank&r=g","caption":"enequipo"},"sameAs":["https:\/\/www.facebook.com\/SonoraEE"]}]}},"jetpack_featured_media_url":"https:\/\/www.sonoraenequipo.com.mx\/storage\/2021\/07\/claudia-sheinbaum_chapultepec_opt.jpg","_links":{"self":[{"href":"https:\/\/www.sonoraenequipo.com.mx\/api\/wp\/v2\/posts\/117677","targetHints":{"allow":["GET"]}}],"collection":[{"href":"https:\/\/www.sonoraenequipo.com.mx\/api\/wp\/v2\/posts"}],"about":[{"href":"https:\/\/www.sonoraenequipo.com.mx\/api\/wp\/v2\/types\/post"}],"author":[{"embeddable":true,"href":"https:\/\/www.sonoraenequipo.com.mx\/api\/wp\/v2\/users\/1"}],"replies":[{"embeddable":true,"href":"https:\/\/www.sonoraenequipo.com.mx\/api\/wp\/v2\/comments?post=117677"}],"version-history":[{"count":1,"href":"https:\/\/www.sonoraenequipo.com.mx\/api\/wp\/v2\/posts\/117677\/revisions"}],"predecessor-version":[{"id":117691,"href":"https:\/\/www.sonoraenequipo.com.mx\/api\/wp\/v2\/posts\/117677\/revisions\/117691"}],"wp:featuredmedia":[{"embeddable":true,"href":"https:\/\/www.sonoraenequipo.com.mx\/api\/wp\/v2\/media\/117688"}],"wp:attachment":[{"href":"https:\/\/www.sonoraenequipo.com.mx\/api\/wp\/v2\/media?parent=117677"}],"wp:term":[{"taxonomy":"category","embeddable":true,"href":"https:\/\/www.sonoraenequipo.com.mx\/api\/wp\/v2\/categories?post=117677"},{"taxonomy":"post_tag","embeddable":true,"href":"https:\/\/www.sonoraenequipo.com.mx\/api\/wp\/v2\/tags?post=117677"}],"curies":[{"name":"wp","href":"https:\/\/api.w.org\/{rel}","templated":true}]}}