{"id":117679,"date":"2021-07-03T14:35:57","date_gmt":"2021-07-03T21:35:57","guid":{"rendered":"https:\/\/www.sonoraenequipo.com.mx\/?p=117679"},"modified":"2021-07-03T15:15:15","modified_gmt":"2021-07-03T22:15:15","slug":"alfonso-durazo-acompanoal-presidente-lopez-obrador-en-su-gira-por-sonora","status":"publish","type":"post","link":"https:\/\/www.sonoraenequipo.com.mx\/alfonso-durazo-acompanoal-presidente-lopez-obrador-en-su-gira-por-sonora\/","title":{"rendered":"Alfonso Durazo acompa\u00f1\u00f3 al presidente L\u00f3pez Obrador en su gira por Sonora"},"content":{"rendered":"<p>SAN LUIS R\u00cdO COLORADO,SONORA,MX.\u2500En el nuevo estadio de b\u00e9isbol de San Luis R\u00edo Colorado, atestigu\u00f3 los diez proyectos prioritarios de alto impacto del Programa de Mejoramiento Urbano a cargo de la Secretar\u00eda de Desarrollo Territorial y Urbano (Sedatu), en compa\u00f1\u00eda de la gobernadora Claudia Pavlovich; el titular de Sedatu Rom\u00e1n Meyer; y el alcalde Santos Gonz\u00e1lez.<\/p>\n<p>&nbsp;<\/p>\n<p>En el municipio de Plutarco El\u00edas Calles, Durazo Monta\u00f1o recorri\u00f3 junto con el titular del Ejecutivo federal y la gobernadora del estado el nuevo plantel de las Universidades para el Bienestar \u201cBenito Ju\u00e1rez\u201d (UBBJ).<\/p>\n<p>&nbsp;<\/p>\n<p>En la inauguraci\u00f3n estuvieron presentes Raquel Sosa, coordinadora de las Universidades \u201cBenito Ju\u00e1rez\u201d; Jos\u00e9 Ramos Arzate, alcalde de Plutarco El\u00edas Calles; y Verlon Jose, vicepresidente de la naci\u00f3n tohono o\u2019odham.<\/p>\n<p>&nbsp;<\/p>\n<p>El plantel en Sonoyta se suma a los que ya operan en Agua Prieta y Navojoa y tres m\u00e1s que se encuentran en construcci\u00f3n en Quiriego, Rosario Tesopaco y Etchojoa.<\/p>\n<p>&nbsp;<\/p>\n<p>En d\u00edas pasados el gobernador electo inform\u00f3 que est\u00e1 en conversaciones con la Secretar\u00eda de Educaci\u00f3n P\u00fablica (SEP) para abrir extensiones de las universidad en las comunidades mayo y seri.<\/p>\n<p>&nbsp;<\/p>\n<p>El presidente L\u00f3pez Obrador aprovech\u00f3 para felicitar al pueblo de Sonora por la elecci\u00f3n de Durazo Monta\u00f1o, a quien calific\u00f3 como \u201cun hombre con convicciones, con principios, con imaginaci\u00f3n, con talento y algo que yo estimo muy importante: la honestidad\u201d.<\/p>\n<p>&nbsp;<\/p>\n<p>La gira presidencial continuar\u00e1 este s\u00e1bado y domingo en Puerto Pe\u00f1asco, Caborca, Nogales y Cananea.<\/p>\n<p>Fecha de Publicaci\u00f3n\u00a0 s\u00e1bado \/ 3\u00a0 \/ julio \/ 2021<\/p>\n","protected":false},"excerpt":{"rendered":"<p>SAN LUIS R\u00cdO COLORADO,SONORA,MX.\u2500En el nuevo estadio de b\u00e9isbol de San Luis R\u00edo Colorado, atestigu\u00f3&#8230;<\/p>\n","protected":false},"author":1,"featured_media":117680,"comment_status":"open","ping_status":"open","sticky":false,"template":"","format":"standard","meta":{"_monsterinsights_skip_tracking":false,"_monsterinsights_sitenote_active":false,"_monsterinsights_sitenote_note":"","_monsterinsights_sitenote_category":0,"footnotes":""},"categories":[22],"tags":[546,3635,18],"class_list":["post"],"yoast_head":" \n<title>Sonora en Equipo. Alfonso Durazo acompa\u00f1\u00f3 al presidente L\u00f3pez Obrador en su gira por Sonora Sonora<\/title>\n<meta name=\"description\" content=\"SAN LUIS R\u00cdO COLORADO,SONORA,MX.\u2500En el nuevo estadio de b\u00e9isbol de San Luis R\u00edo Colorado, atestigu\u00f3 los diez proyectos prioritarios de alto impacto del En Sonora en Equipo publicamos toda la informaci\u00f3n de Sonora, M\u00e9xico y el Mundo de manera oportuna y busca que la libertad de expresi\u00f3n sea real. Visita nuestro medio informativo publicado desde Hermosillo, Sonora. %\" \/>\n<meta name=\"robots\" content=\"index, follow, max-snippet:-1, max-image-preview:large, max-video-preview:-1\" \/>\n<link rel=\"canonical\" href=\"https:\/\/www.sonoraenequipo.com.mx\/alfonso-durazo-acompanoal-presidente-lopez-obrador-en-su-gira-por-sonora\/\" \/>\n<meta property=\"og:locale\" content=\"es_ES\" \/>\n<meta property=\"og:type\" content=\"article\" \/>\n<meta property=\"og:title\" content=\"Sonora en Equipo. Alfonso Durazo acompa\u00f1\u00f3 al presidente L\u00f3pez Obrador en su gira por Sonora Sonora\" \/>\n<meta property=\"og:description\" content=\"SAN LUIS R\u00cdO COLORADO,SONORA,MX.\u2500En el nuevo estadio de b\u00e9isbol de San Luis R\u00edo Colorado, atestigu\u00f3 los diez proyectos prioritarios de alto impacto del En Sonora en Equipo publicamos toda la informaci\u00f3n de Sonora, M\u00e9xico y el Mundo de manera oportuna y busca que la libertad de expresi\u00f3n sea real. Visita nuestro medio informativo publicado desde Hermosillo, Sonora. %\" \/>\n<meta property=\"og:url\" content=\"https:\/\/www.sonoraenequipo.com.mx\/alfonso-durazo-acompanoal-presidente-lopez-obrador-en-su-gira-por-sonora\/\" \/>\n<meta property=\"og:site_name\" content=\"Sonora en Equipo.\" \/>\n<meta property=\"article:publisher\" content=\"https:\/\/www.facebook.com\/SonoraEE\/\" \/>\n<meta property=\"article:author\" content=\"https:\/\/www.facebook.com\/SonoraEE\" \/>\n<meta property=\"article:published_time\" content=\"2021-07-03T21:35:57+00:00\" \/>\n<meta property=\"article:modified_time\" content=\"2021-07-03T22:15:15+00:00\" \/>\n<meta property=\"og:image\" content=\"https:\/\/www.sonoraenequipo.com.mx\/storage\/2021\/07\/adm020721.jpg\" \/>\n\t<meta property=\"og:image:width\" content=\"700\" \/>\n\t<meta property=\"og:image:height\" content=\"400\" \/>\n\t<meta property=\"og:image:type\" content=\"image\/jpeg\" \/>\n<meta name=\"author\" content=\"enequipo\" \/>\n<meta name=\"twitter:card\" content=\"summary_large_image\" \/>\n<meta name=\"twitter:creator\" content=\"@sonoraenequipo\" \/>\n<meta name=\"twitter:site\" content=\"@sonoraenequipo\" \/>\n<meta name=\"twitter:label1\" content=\"Escrito por\" \/>\n\t<meta name=\"twitter:data1\" content=\"enequipo\" \/>\n\t<meta name=\"twitter:label2\" content=\"Tiempo de lectura\" \/>\n\t<meta name=\"twitter:data2\" content=\"2 minutos\" \/>\n<script type=\"application\/ld+json\" class=\"yoast-schema-graph\">{\"@context\":\"https:\/\/schema.org\",\"@graph\":[{\"@type\":\"Article\",\"@id\":\"https:\/\/www.sonoraenequipo.com.mx\/alfonso-durazo-acompanoal-presidente-lopez-obrador-en-su-gira-por-sonora\/#article\",\"isPartOf\":{\"@id\":\"https:\/\/www.sonoraenequipo.com.mx\/alfonso-durazo-acompanoal-presidente-lopez-obrador-en-su-gira-por-sonora\/\"},\"author\":{\"name\":\"enequipo\",\"@id\":\"https:\/\/www.sonoraenequipo.com.mx\/#\/schema\/person\/50102df0fb23a8fa9e8effad8fa81386\"},\"headline\":\"Alfonso Durazo acompa\u00f1\u00f3 al presidente L\u00f3pez Obrador en su gira por Sonora\",\"datePublished\":\"2021-07-03T21:35:57+00:00\",\"dateModified\":\"2021-07-03T22:15:15+00:00\",\"mainEntityOfPage\":{\"@id\":\"https:\/\/www.sonoraenequipo.com.mx\/alfonso-durazo-acompanoal-presidente-lopez-obrador-en-su-gira-por-sonora\/\"},\"wordCount\":291,\"commentCount\":0,\"publisher\":{\"@id\":\"https:\/\/www.sonoraenequipo.com.mx\/#organization\"},\"image\":{\"@id\":\"https:\/\/www.sonoraenequipo.com.mx\/alfonso-durazo-acompanoal-presidente-lopez-obrador-en-su-gira-por-sonora\/#primaryimage\"},\"thumbnailUrl\":\"https:\/\/www.sonoraenequipo.com.mx\/storage\/2021\/07\/adm020721.jpg\",\"keywords\":[\"AMLO\",\"DURAZO\",\"Pavlovich\"],\"articleSection\":[\"Sonora\"],\"inLanguage\":\"es\",\"potentialAction\":[{\"@type\":\"CommentAction\",\"name\":\"Comment\",\"target\":[\"https:\/\/www.sonoraenequipo.com.mx\/alfonso-durazo-acompanoal-presidente-lopez-obrador-en-su-gira-por-sonora\/#respond\"]}]},{\"@type\":\"WebPage\",\"@id\":\"https:\/\/www.sonoraenequipo.com.mx\/alfonso-durazo-acompanoal-presidente-lopez-obrador-en-su-gira-por-sonora\/\",\"url\":\"https:\/\/www.sonoraenequipo.com.mx\/alfonso-durazo-acompanoal-presidente-lopez-obrador-en-su-gira-por-sonora\/\",\"name\":\"Sonora en Equipo. Alfonso Durazo acompa\u00f1\u00f3 al presidente L\u00f3pez Obrador en su gira por Sonora Sonora\",\"isPartOf\":{\"@id\":\"https:\/\/www.sonoraenequipo.com.mx\/#website\"},\"primaryImageOfPage\":{\"@id\":\"https:\/\/www.sonoraenequipo.com.mx\/alfonso-durazo-acompanoal-presidente-lopez-obrador-en-su-gira-por-sonora\/#primaryimage\"},\"image\":{\"@id\":\"https:\/\/www.sonoraenequipo.com.mx\/alfonso-durazo-acompanoal-presidente-lopez-obrador-en-su-gira-por-sonora\/#primaryimage\"},\"thumbnailUrl\":\"https:\/\/www.sonoraenequipo.com.mx\/storage\/2021\/07\/adm020721.jpg\",\"datePublished\":\"2021-07-03T21:35:57+00:00\",\"dateModified\":\"2021-07-03T22:15:15+00:00\",\"description\":\"SAN LUIS R\u00cdO COLORADO,SONORA,MX.\u2500En el nuevo estadio de b\u00e9isbol de San Luis R\u00edo Colorado, atestigu\u00f3 los diez proyectos prioritarios de alto impacto del En Sonora en Equipo publicamos toda la informaci\u00f3n de Sonora, M\u00e9xico y el Mundo de manera oportuna y busca que la libertad de expresi\u00f3n sea real. Visita nuestro medio informativo publicado desde Hermosillo, Sonora. %\",\"breadcrumb\":{\"@id\":\"https:\/\/www.sonoraenequipo.com.mx\/alfonso-durazo-acompanoal-presidente-lopez-obrador-en-su-gira-por-sonora\/#breadcrumb\"},\"inLanguage\":\"es\",\"potentialAction\":[{\"@type\":\"ReadAction\",\"target\":[\"https:\/\/www.sonoraenequipo.com.mx\/alfonso-durazo-acompanoal-presidente-lopez-obrador-en-su-gira-por-sonora\/\"]}]},{\"@type\":\"ImageObject\",\"inLanguage\":\"es\",\"@id\":\"https:\/\/www.sonoraenequipo.com.mx\/alfonso-durazo-acompanoal-presidente-lopez-obrador-en-su-gira-por-sonora\/#primaryimage\",\"url\":\"https:\/\/www.sonoraenequipo.com.mx\/storage\/2021\/07\/adm020721.jpg\",\"contentUrl\":\"https:\/\/www.sonoraenequipo.com.mx\/storage\/2021\/07\/adm020721.jpg\",\"width\":700,\"height\":400},{\"@type\":\"BreadcrumbList\",\"@id\":\"https:\/\/www.sonoraenequipo.com.mx\/alfonso-durazo-acompanoal-presidente-lopez-obrador-en-su-gira-por-sonora\/#breadcrumb\",\"itemListElement\":[{\"@type\":\"ListItem\",\"position\":1,\"name\":\"Portada\",\"item\":\"https:\/\/www.sonoraenequipo.com.mx\/\"},{\"@type\":\"ListItem\",\"position\":2,\"name\":\"Alfonso Durazo acompa\u00f1\u00f3 al presidente L\u00f3pez Obrador en su gira por Sonora\"}]},{\"@type\":\"WebSite\",\"@id\":\"https:\/\/www.sonoraenequipo.com.mx\/#website\",\"url\":\"https:\/\/www.sonoraenequipo.com.mx\/\",\"name\":\"Sonora en Equipo.\",\"description\":\"Diario en l\u00ednea con Noticias desde Hermosillo, Sonora\",\"publisher\":{\"@id\":\"https:\/\/www.sonoraenequipo.com.mx\/#organization\"},\"potentialAction\":[{\"@type\":\"SearchAction\",\"target\":{\"@type\":\"EntryPoint\",\"urlTemplate\":\"https:\/\/www.sonoraenequipo.com.mx\/?s={search_term_string}\"},\"query-input\":{\"@type\":\"PropertyValueSpecification\",\"valueRequired\":true,\"valueName\":\"search_term_string\"}}],\"inLanguage\":\"es\"},{\"@type\":\"Organization\",\"@id\":\"https:\/\/www.sonoraenequipo.com.mx\/#organization\",\"name\":\"Sonoraenequipo.com.mx\",\"url\":\"https:\/\/www.sonoraenequipo.com.mx\/\",\"logo\":{\"@type\":\"ImageObject\",\"inLanguage\":\"es\",\"@id\":\"https:\/\/www.sonoraenequipo.com.mx\/#\/schema\/logo\/image\/\",\"url\":\"https:\/\/www.sonoraenequipo.com.mx\/storage\/2019\/01\/sonoraenequipo_opt.png\",\"contentUrl\":\"https:\/\/www.sonoraenequipo.com.mx\/storage\/2019\/01\/sonoraenequipo_opt.png\",\"width\":375,\"height\":125,\"caption\":\"Sonoraenequipo.com.mx\"},\"image\":{\"@id\":\"https:\/\/www.sonoraenequipo.com.mx\/#\/schema\/logo\/image\/\"},\"sameAs\":[\"https:\/\/www.facebook.com\/SonoraEE\/\",\"https:\/\/x.com\/sonoraenequipo\",\"https:\/\/www.youtube.com\/channel\/UC338nW-lPEYmJQs4ZABQ1SQ\"]},{\"@type\":\"Person\",\"@id\":\"https:\/\/www.sonoraenequipo.com.mx\/#\/schema\/person\/50102df0fb23a8fa9e8effad8fa81386\",\"name\":\"enequipo\",\"image\":{\"@type\":\"ImageObject\",\"inLanguage\":\"es\",\"@id\":\"https:\/\/www.sonoraenequipo.com.mx\/#\/schema\/person\/image\/\",\"url\":\"https:\/\/secure.gravatar.com\/avatar\/049821681b589dabc0bc20695993ccebb09f5b5d4d790cd9251b97faac7c652b?s=96&d=blank&r=g\",\"contentUrl\":\"https:\/\/secure.gravatar.com\/avatar\/049821681b589dabc0bc20695993ccebb09f5b5d4d790cd9251b97faac7c652b?s=96&d=blank&r=g\",\"caption\":\"enequipo\"},\"sameAs\":[\"https:\/\/www.facebook.com\/SonoraEE\"]}]}<\/script>\n ","yoast_head_json":{"title":"Sonora en Equipo. Alfonso Durazo acompa\u00f1\u00f3 al presidente L\u00f3pez Obrador en su gira por Sonora Sonora","description":"SAN LUIS R\u00cdO COLORADO,SONORA,MX.\u2500En el nuevo estadio de b\u00e9isbol de San Luis R\u00edo Colorado, atestigu\u00f3 los diez proyectos prioritarios de alto impacto del En Sonora en Equipo publicamos toda la informaci\u00f3n de Sonora, M\u00e9xico y el Mundo de manera oportuna y busca que la libertad de expresi\u00f3n sea real. Visita nuestro medio informativo publicado desde Hermosillo, Sonora. %","robots":{"index":"index","follow":"follow","max-snippet":"max-snippet:-1","max-image-preview":"max-image-preview:large","max-video-preview":"max-video-preview:-1"},"canonical":"https:\/\/www.sonoraenequipo.com.mx\/alfonso-durazo-acompanoal-presidente-lopez-obrador-en-su-gira-por-sonora\/","og_locale":"es_ES","og_type":"article","og_title":"Sonora en Equipo. Alfonso Durazo acompa\u00f1\u00f3 al presidente L\u00f3pez Obrador en su gira por Sonora Sonora","og_description":"SAN LUIS R\u00cdO COLORADO,SONORA,MX.\u2500En el nuevo estadio de b\u00e9isbol de San Luis R\u00edo Colorado, atestigu\u00f3 los diez proyectos prioritarios de alto impacto del En Sonora en Equipo publicamos toda la informaci\u00f3n de Sonora, M\u00e9xico y el Mundo de manera oportuna y busca que la libertad de expresi\u00f3n sea real. Visita nuestro medio informativo publicado desde Hermosillo, Sonora. %","og_url":"https:\/\/www.sonoraenequipo.com.mx\/alfonso-durazo-acompanoal-presidente-lopez-obrador-en-su-gira-por-sonora\/","og_site_name":"Sonora en Equipo.","article_publisher":"https:\/\/www.facebook.com\/SonoraEE\/","article_author":"https:\/\/www.facebook.com\/SonoraEE","article_published_time":"2021-07-03T21:35:57+00:00","article_modified_time":"2021-07-03T22:15:15+00:00","og_image":[{"width":700,"height":400,"url":"https:\/\/www.sonoraenequipo.com.mx\/storage\/2021\/07\/adm020721.jpg","type":"image\/jpeg"}],"author":"enequipo","twitter_card":"summary_large_image","twitter_creator":"@sonoraenequipo","twitter_site":"@sonoraenequipo","twitter_misc":{"Escrito por":"enequipo","Tiempo de lectura":"2 minutos"},"schema":{"@context":"https:\/\/schema.org","@graph":[{"@type":"Article","@id":"https:\/\/www.sonoraenequipo.com.mx\/alfonso-durazo-acompanoal-presidente-lopez-obrador-en-su-gira-por-sonora\/#article","isPartOf":{"@id":"https:\/\/www.sonoraenequipo.com.mx\/alfonso-durazo-acompanoal-presidente-lopez-obrador-en-su-gira-por-sonora\/"},"author":{"name":"enequipo","@id":"https:\/\/www.sonoraenequipo.com.mx\/#\/schema\/person\/50102df0fb23a8fa9e8effad8fa81386"},"headline":"Alfonso Durazo acompa\u00f1\u00f3 al presidente L\u00f3pez Obrador en su gira por Sonora","datePublished":"2021-07-03T21:35:57+00:00","dateModified":"2021-07-03T22:15:15+00:00","mainEntityOfPage":{"@id":"https:\/\/www.sonoraenequipo.com.mx\/alfonso-durazo-acompanoal-presidente-lopez-obrador-en-su-gira-por-sonora\/"},"wordCount":291,"commentCount":0,"publisher":{"@id":"https:\/\/www.sonoraenequipo.com.mx\/#organization"},"image":{"@id":"https:\/\/www.sonoraenequipo.com.mx\/alfonso-durazo-acompanoal-presidente-lopez-obrador-en-su-gira-por-sonora\/#primaryimage"},"thumbnailUrl":"https:\/\/www.sonoraenequipo.com.mx\/storage\/2021\/07\/adm020721.jpg","keywords":["AMLO","DURAZO","Pavlovich"],"articleSection":["Sonora"],"inLanguage":"es","potentialAction":[{"@type":"CommentAction","name":"Comment","target":["https:\/\/www.sonoraenequipo.com.mx\/alfonso-durazo-acompanoal-presidente-lopez-obrador-en-su-gira-por-sonora\/#respond"]}]},{"@type":"WebPage","@id":"https:\/\/www.sonoraenequipo.com.mx\/alfonso-durazo-acompanoal-presidente-lopez-obrador-en-su-gira-por-sonora\/","url":"https:\/\/www.sonoraenequipo.com.mx\/alfonso-durazo-acompanoal-presidente-lopez-obrador-en-su-gira-por-sonora\/","name":"Sonora en Equipo. Alfonso Durazo acompa\u00f1\u00f3 al presidente L\u00f3pez Obrador en su gira por Sonora Sonora","isPartOf":{"@id":"https:\/\/www.sonoraenequipo.com.mx\/#website"},"primaryImageOfPage":{"@id":"https:\/\/www.sonoraenequipo.com.mx\/alfonso-durazo-acompanoal-presidente-lopez-obrador-en-su-gira-por-sonora\/#primaryimage"},"image":{"@id":"https:\/\/www.sonoraenequipo.com.mx\/alfonso-durazo-acompanoal-presidente-lopez-obrador-en-su-gira-por-sonora\/#primaryimage"},"thumbnailUrl":"https:\/\/www.sonoraenequipo.com.mx\/storage\/2021\/07\/adm020721.jpg","datePublished":"2021-07-03T21:35:57+00:00","dateModified":"2021-07-03T22:15:15+00:00","description":"SAN LUIS R\u00cdO COLORADO,SONORA,MX.\u2500En el nuevo estadio de b\u00e9isbol de San Luis R\u00edo Colorado, atestigu\u00f3 los diez proyectos prioritarios de alto impacto del En Sonora en Equipo publicamos toda la informaci\u00f3n de Sonora, M\u00e9xico y el Mundo de manera oportuna y busca que la libertad de expresi\u00f3n sea real. Visita nuestro medio informativo publicado desde Hermosillo, Sonora. %","breadcrumb":{"@id":"https:\/\/www.sonoraenequipo.com.mx\/alfonso-durazo-acompanoal-presidente-lopez-obrador-en-su-gira-por-sonora\/#breadcrumb"},"inLanguage":"es","potentialAction":[{"@type":"ReadAction","target":["https:\/\/www.sonoraenequipo.com.mx\/alfonso-durazo-acompanoal-presidente-lopez-obrador-en-su-gira-por-sonora\/"]}]},{"@type":"ImageObject","inLanguage":"es","@id":"https:\/\/www.sonoraenequipo.com.mx\/alfonso-durazo-acompanoal-presidente-lopez-obrador-en-su-gira-por-sonora\/#primaryimage","url":"https:\/\/www.sonoraenequipo.com.mx\/storage\/2021\/07\/adm020721.jpg","contentUrl":"https:\/\/www.sonoraenequipo.com.mx\/storage\/2021\/07\/adm020721.jpg","width":700,"height":400},{"@type":"BreadcrumbList","@id":"https:\/\/www.sonoraenequipo.com.mx\/alfonso-durazo-acompanoal-presidente-lopez-obrador-en-su-gira-por-sonora\/#breadcrumb","itemListElement":[{"@type":"ListItem","position":1,"name":"Portada","item":"https:\/\/www.sonoraenequipo.com.mx\/"},{"@type":"ListItem","position":2,"name":"Alfonso Durazo acompa\u00f1\u00f3 al presidente L\u00f3pez Obrador en su gira por Sonora"}]},{"@type":"WebSite","@id":"https:\/\/www.sonoraenequipo.com.mx\/#website","url":"https:\/\/www.sonoraenequipo.com.mx\/","name":"Sonora en Equipo.","description":"Diario en l\u00ednea con Noticias desde Hermosillo, Sonora","publisher":{"@id":"https:\/\/www.sonoraenequipo.com.mx\/#organization"},"potentialAction":[{"@type":"SearchAction","target":{"@type":"EntryPoint","urlTemplate":"https:\/\/www.sonoraenequipo.com.mx\/?s={search_term_string}"},"query-input":{"@type":"PropertyValueSpecification","valueRequired":true,"valueName":"search_term_string"}}],"inLanguage":"es"},{"@type":"Organization","@id":"https:\/\/www.sonoraenequipo.com.mx\/#organization","name":"Sonoraenequipo.com.mx","url":"https:\/\/www.sonoraenequipo.com.mx\/","logo":{"@type":"ImageObject","inLanguage":"es","@id":"https:\/\/www.sonoraenequipo.com.mx\/#\/schema\/logo\/image\/","url":"https:\/\/www.sonoraenequipo.com.mx\/storage\/2019\/01\/sonoraenequipo_opt.png","contentUrl":"https:\/\/www.sonoraenequipo.com.mx\/storage\/2019\/01\/sonoraenequipo_opt.png","width":375,"height":125,"caption":"Sonoraenequipo.com.mx"},"image":{"@id":"https:\/\/www.sonoraenequipo.com.mx\/#\/schema\/logo\/image\/"},"sameAs":["https:\/\/www.facebook.com\/SonoraEE\/","https:\/\/x.com\/sonoraenequipo","https:\/\/www.youtube.com\/channel\/UC338nW-lPEYmJQs4ZABQ1SQ"]},{"@type":"Person","@id":"https:\/\/www.sonoraenequipo.com.mx\/#\/schema\/person\/50102df0fb23a8fa9e8effad8fa81386","name":"enequipo","image":{"@type":"ImageObject","inLanguage":"es","@id":"https:\/\/www.sonoraenequipo.com.mx\/#\/schema\/person\/image\/","url":"https:\/\/secure.gravatar.com\/avatar\/049821681b589dabc0bc20695993ccebb09f5b5d4d790cd9251b97faac7c652b?s=96&d=blank&r=g","contentUrl":"https:\/\/secure.gravatar.com\/avatar\/049821681b589dabc0bc20695993ccebb09f5b5d4d790cd9251b97faac7c652b?s=96&d=blank&r=g","caption":"enequipo"},"sameAs":["https:\/\/www.facebook.com\/SonoraEE"]}]}},"jetpack_featured_media_url":"https:\/\/www.sonoraenequipo.com.mx\/storage\/2021\/07\/adm020721.jpg","_links":{"self":[{"href":"https:\/\/www.sonoraenequipo.com.mx\/api\/wp\/v2\/posts\/117679","targetHints":{"allow":["GET"]}}],"collection":[{"href":"https:\/\/www.sonoraenequipo.com.mx\/api\/wp\/v2\/posts"}],"about":[{"href":"https:\/\/www.sonoraenequipo.com.mx\/api\/wp\/v2\/types\/post"}],"author":[{"embeddable":true,"href":"https:\/\/www.sonoraenequipo.com.mx\/api\/wp\/v2\/users\/1"}],"replies":[{"embeddable":true,"href":"https:\/\/www.sonoraenequipo.com.mx\/api\/wp\/v2\/comments?post=117679"}],"version-history":[{"count":3,"href":"https:\/\/www.sonoraenequipo.com.mx\/api\/wp\/v2\/posts\/117679\/revisions"}],"predecessor-version":[{"id":117687,"href":"https:\/\/www.sonoraenequipo.com.mx\/api\/wp\/v2\/posts\/117679\/revisions\/117687"}],"wp:featuredmedia":[{"embeddable":true,"href":"https:\/\/www.sonoraenequipo.com.mx\/api\/wp\/v2\/media\/117680"}],"wp:attachment":[{"href":"https:\/\/www.sonoraenequipo.com.mx\/api\/wp\/v2\/media?parent=117679"}],"wp:term":[{"taxonomy":"category","embeddable":true,"href":"https:\/\/www.sonoraenequipo.com.mx\/api\/wp\/v2\/categories?post=117679"},{"taxonomy":"post_tag","embeddable":true,"href":"https:\/\/www.sonoraenequipo.com.mx\/api\/wp\/v2\/tags?post=117679"}],"curies":[{"name":"wp","href":"https:\/\/api.w.org\/{rel}","templated":true}]}}