{"id":117683,"date":"2021-07-03T15:10:28","date_gmt":"2021-07-03T22:10:28","guid":{"rendered":"https:\/\/www.sonoraenequipo.com.mx\/?p=117683"},"modified":"2021-07-03T15:10:28","modified_gmt":"2021-07-03T22:10:28","slug":"reciben-diputados-informe-de-actualizacion-sobre-la-situacion-del-covid","status":"publish","type":"post","link":"https:\/\/www.sonoraenequipo.com.mx\/reciben-diputados-informe-de-actualizacion-sobre-la-situacion-del-covid\/","title":{"rendered":"Reciben diputados informe de actualizaci\u00f3n sobre la situaci\u00f3n del Covid\u00a0\u00a0\u00a0\u00a0"},"content":{"rendered":"<p>Hermosillo, Son., julio 02 de 2021.- Los diputados de la Comisi\u00f3n de Salud sostuvieron una reuni\u00f3n con Jos\u00e9 Ricardo Espinoza Castro, Subsecretario de Salud del estado, para conocer\u00a0 el informe sobre la actualizaci\u00f3n del trabajo que se realiza por la dependencia en relaci\u00f3n a la enfermedad del Covid-19.<\/p>\n<p>&nbsp;<\/p>\n<p>&nbsp;<\/p>\n<p>&nbsp;<\/p>\n<p>El diputado Filem\u00f3n Ortega Quintos, presidente de la citada Comisi\u00f3n, cedi\u00f3 el uso de la palabra a Espinoza Castro, quien explic\u00f3 que los programas que se han implementado para evitar m\u00e1s contagios por la enfermedad han dado resultado en cuanto a la menor tasa en defunciones.<\/p>\n<p>&nbsp;<\/p>\n<p>&nbsp;<\/p>\n<p>&nbsp;<\/p>\n<p>Expuso que ante la mayor movilidad de las personas, los contagios van a la alza y, en tanto, Sonora pueda ser considerado en sem\u00e1foro naranja para la pr\u00f3xima semana por las autoridades federales, dado este aumento en los contagios que puede asociarse a la movilidad de las personas y el relajamiento de las medidas sanitarias.<\/p>\n<p>&nbsp;<\/p>\n<p>&nbsp;<\/p>\n<p>&nbsp;<\/p>\n<p>\u201cLos indicadores epidemiol\u00f3gicos anticipan un incremento de transmisi\u00f3n comunitaria del virus; los municipios de Cajeme, Hermosillo, Navojoa y Caborca tienen un alto riesgo de transmisi\u00f3n, en tanto Huatabampo, Nogales, Cananea, Guaymas, San Luis R\u00edo Colorado, Empalme, Puerto Pe\u00f1asco y Agua Prieta se consideran en riesgo medio\u201d, se\u00f1al\u00f3.<\/p>\n<p>&nbsp;<\/p>\n<p>&nbsp;<\/p>\n<p>&nbsp;<\/p>\n<p>El funcionario no recomend\u00f3 el regreso presencial a clases, los eventos masivos ni las aglomeraciones, y sugiri\u00f3 mantener las medidas de higiene y seguridad, as\u00ed como el uso de cubrebocas y gel antibacterial, entre otros protocolos.<\/p>\n<p>&nbsp;<\/p>\n<p>&nbsp;<\/p>\n<p>&nbsp;<\/p>\n<p>En la etapa de preguntas y respuestas participaron los diputados Carlos Navarrete Aguirre, Diana Platt Salazar y Ortega Quintos, quienes cuestionaron al funcionario por la falta de personal m\u00e9dico en el municipio de Naco y otros ejidos; las otras enfermedades que inciden en la morbimortalidad en la entidad; y sobre la protesta de personal m\u00e9dico a cargo de los operativos de vacunaci\u00f3n en esta ciudad capital.<\/p>\n<p>&nbsp;<\/p>\n<p>&nbsp;<\/p>\n<p>&nbsp;<\/p>\n<p>El funcionario respondi\u00f3 que la demanda de personal m\u00e9dico en el municipio de Naco est\u00e1 resuelta y dio lectura al oficio de respuesta a la petici\u00f3n; tambi\u00e9n enumer\u00f3 las diez principales enfermedades que tienen el impacto de mortalidad en la entidad como son: las infecciones respiratorias agudas; el Covid-19; infecciones de v\u00edas urinarias; intestinales; las \u00falceras, gastritis y duodenitis; la gingivitis; faringitis y amigdalitis estreptoc\u00f3cicas; obesidad; hipertensi\u00f3n y conjuntivitis, entre otras de acuerdo al n\u00famero de casos.<\/p>\n<p>&nbsp;<\/p>\n<p>&nbsp;<\/p>\n<p>&nbsp;<\/p>\n<p>Respecto a la manifestaci\u00f3n del personal m\u00e9dico, explic\u00f3 que se relaciona con los alimentos que se les brindaron los d\u00edas en que estuvieron vacunando a la poblaci\u00f3n, mismos que no alcanzaron su expectativa, situaci\u00f3n que, dijo, no incidi\u00f3 en la atenci\u00f3n de las personas que estaban a la espera de ser vacunados.<\/p>\n<p>&nbsp;<\/p>\n<p>&nbsp;<\/p>\n<p>&nbsp;<\/p>\n<p>En la reuni\u00f3n estuvieron presentes tambi\u00e9n los diputados Ferm\u00edn Trujillo Fuentes y Luis Mario Rivera Aguilar.<\/p>\n<p>Fecha de Publicaci\u00f3n\u00a0 s\u00e1bado \/ 3\u00a0 \/ julio \/ 2021<\/p>\n","protected":false},"excerpt":{"rendered":"<p>Hermosillo, Son., julio 02 de 2021.- Los diputados de la Comisi\u00f3n de Salud sostuvieron una&#8230;<\/p>\n","protected":false},"author":1,"featured_media":117684,"comment_status":"open","ping_status":"open","sticky":false,"template":"","format":"standard","meta":{"_monsterinsights_skip_tracking":false,"_monsterinsights_sitenote_active":false,"_monsterinsights_sitenote_note":"","_monsterinsights_sitenote_category":0,"footnotes":""},"categories":[3281],"tags":[4249,15],"class_list":["post"],"yoast_head":" \n<title>Sonora en Equipo. Reciben diputados informe de actualizaci\u00f3n sobre la situaci\u00f3n del Covid\u00a0\u00a0\u00a0\u00a0 Congreso<\/title>\n<meta name=\"description\" content=\"Hermosillo, Son., julio 02 de 2021.- Los diputados de la Comisi\u00f3n de Salud sostuvieron una reuni\u00f3n con Jos\u00e9 Ricardo Espinoza Castro, Subsecretario de En Sonora en Equipo publicamos toda la informaci\u00f3n de Sonora, M\u00e9xico y el Mundo de manera oportuna y busca que la libertad de expresi\u00f3n sea real. Visita nuestro medio informativo publicado desde Hermosillo, Sonora. %\" \/>\n<meta name=\"robots\" content=\"index, follow, max-snippet:-1, max-image-preview:large, max-video-preview:-1\" \/>\n<link rel=\"canonical\" href=\"https:\/\/www.sonoraenequipo.com.mx\/reciben-diputados-informe-de-actualizacion-sobre-la-situacion-del-covid\/\" \/>\n<meta property=\"og:locale\" content=\"es_ES\" \/>\n<meta property=\"og:type\" content=\"article\" \/>\n<meta property=\"og:title\" content=\"Sonora en Equipo. Reciben diputados informe de actualizaci\u00f3n sobre la situaci\u00f3n del Covid\u00a0\u00a0\u00a0\u00a0 Congreso\" \/>\n<meta property=\"og:description\" content=\"Hermosillo, Son., julio 02 de 2021.- Los diputados de la Comisi\u00f3n de Salud sostuvieron una reuni\u00f3n con Jos\u00e9 Ricardo Espinoza Castro, Subsecretario de En Sonora en Equipo publicamos toda la informaci\u00f3n de Sonora, M\u00e9xico y el Mundo de manera oportuna y busca que la libertad de expresi\u00f3n sea real. Visita nuestro medio informativo publicado desde Hermosillo, Sonora. %\" \/>\n<meta property=\"og:url\" content=\"https:\/\/www.sonoraenequipo.com.mx\/reciben-diputados-informe-de-actualizacion-sobre-la-situacion-del-covid\/\" \/>\n<meta property=\"og:site_name\" content=\"Sonora en Equipo.\" \/>\n<meta property=\"article:publisher\" content=\"https:\/\/www.facebook.com\/SonoraEE\/\" \/>\n<meta property=\"article:author\" content=\"https:\/\/www.facebook.com\/SonoraEE\" \/>\n<meta property=\"article:published_time\" content=\"2021-07-03T22:10:28+00:00\" \/>\n<meta property=\"og:image\" content=\"https:\/\/www.sonoraenequipo.com.mx\/storage\/2021\/07\/comsal020721.jpg\" \/>\n\t<meta property=\"og:image:width\" content=\"700\" \/>\n\t<meta property=\"og:image:height\" content=\"400\" \/>\n\t<meta property=\"og:image:type\" content=\"image\/jpeg\" \/>\n<meta name=\"author\" content=\"enequipo\" \/>\n<meta name=\"twitter:card\" content=\"summary_large_image\" \/>\n<meta name=\"twitter:creator\" content=\"@sonoraenequipo\" \/>\n<meta name=\"twitter:site\" content=\"@sonoraenequipo\" \/>\n<meta name=\"twitter:label1\" content=\"Escrito por\" \/>\n\t<meta name=\"twitter:data1\" content=\"enequipo\" \/>\n\t<meta name=\"twitter:label2\" content=\"Tiempo de lectura\" \/>\n\t<meta name=\"twitter:data2\" content=\"2 minutos\" \/>\n<script type=\"application\/ld+json\" class=\"yoast-schema-graph\">{\"@context\":\"https:\/\/schema.org\",\"@graph\":[{\"@type\":\"Article\",\"@id\":\"https:\/\/www.sonoraenequipo.com.mx\/reciben-diputados-informe-de-actualizacion-sobre-la-situacion-del-covid\/#article\",\"isPartOf\":{\"@id\":\"https:\/\/www.sonoraenequipo.com.mx\/reciben-diputados-informe-de-actualizacion-sobre-la-situacion-del-covid\/\"},\"author\":{\"name\":\"enequipo\",\"@id\":\"https:\/\/www.sonoraenequipo.com.mx\/#\/schema\/person\/50102df0fb23a8fa9e8effad8fa81386\"},\"headline\":\"Reciben diputados informe de actualizaci\u00f3n sobre la situaci\u00f3n del Covid\u00a0\u00a0\u00a0\u00a0\",\"datePublished\":\"2021-07-03T22:10:28+00:00\",\"mainEntityOfPage\":{\"@id\":\"https:\/\/www.sonoraenequipo.com.mx\/reciben-diputados-informe-de-actualizacion-sobre-la-situacion-del-covid\/\"},\"wordCount\":519,\"commentCount\":0,\"publisher\":{\"@id\":\"https:\/\/www.sonoraenequipo.com.mx\/#organization\"},\"image\":{\"@id\":\"https:\/\/www.sonoraenequipo.com.mx\/reciben-diputados-informe-de-actualizacion-sobre-la-situacion-del-covid\/#primaryimage\"},\"thumbnailUrl\":\"https:\/\/www.sonoraenequipo.com.mx\/storage\/2021\/07\/comsal020721.jpg\",\"keywords\":[\"covid\",\"Sonora\"],\"articleSection\":[\"Congreso\"],\"inLanguage\":\"es\",\"potentialAction\":[{\"@type\":\"CommentAction\",\"name\":\"Comment\",\"target\":[\"https:\/\/www.sonoraenequipo.com.mx\/reciben-diputados-informe-de-actualizacion-sobre-la-situacion-del-covid\/#respond\"]}]},{\"@type\":\"WebPage\",\"@id\":\"https:\/\/www.sonoraenequipo.com.mx\/reciben-diputados-informe-de-actualizacion-sobre-la-situacion-del-covid\/\",\"url\":\"https:\/\/www.sonoraenequipo.com.mx\/reciben-diputados-informe-de-actualizacion-sobre-la-situacion-del-covid\/\",\"name\":\"Sonora en Equipo. Reciben diputados informe de actualizaci\u00f3n sobre la situaci\u00f3n del Covid\u00a0\u00a0\u00a0\u00a0 Congreso\",\"isPartOf\":{\"@id\":\"https:\/\/www.sonoraenequipo.com.mx\/#website\"},\"primaryImageOfPage\":{\"@id\":\"https:\/\/www.sonoraenequipo.com.mx\/reciben-diputados-informe-de-actualizacion-sobre-la-situacion-del-covid\/#primaryimage\"},\"image\":{\"@id\":\"https:\/\/www.sonoraenequipo.com.mx\/reciben-diputados-informe-de-actualizacion-sobre-la-situacion-del-covid\/#primaryimage\"},\"thumbnailUrl\":\"https:\/\/www.sonoraenequipo.com.mx\/storage\/2021\/07\/comsal020721.jpg\",\"datePublished\":\"2021-07-03T22:10:28+00:00\",\"description\":\"Hermosillo, Son., julio 02 de 2021.- Los diputados de la Comisi\u00f3n de Salud sostuvieron una reuni\u00f3n con Jos\u00e9 Ricardo Espinoza Castro, Subsecretario de En Sonora en Equipo publicamos toda la informaci\u00f3n de Sonora, M\u00e9xico y el Mundo de manera oportuna y busca que la libertad de expresi\u00f3n sea real. Visita nuestro medio informativo publicado desde Hermosillo, Sonora. %\",\"breadcrumb\":{\"@id\":\"https:\/\/www.sonoraenequipo.com.mx\/reciben-diputados-informe-de-actualizacion-sobre-la-situacion-del-covid\/#breadcrumb\"},\"inLanguage\":\"es\",\"potentialAction\":[{\"@type\":\"ReadAction\",\"target\":[\"https:\/\/www.sonoraenequipo.com.mx\/reciben-diputados-informe-de-actualizacion-sobre-la-situacion-del-covid\/\"]}]},{\"@type\":\"ImageObject\",\"inLanguage\":\"es\",\"@id\":\"https:\/\/www.sonoraenequipo.com.mx\/reciben-diputados-informe-de-actualizacion-sobre-la-situacion-del-covid\/#primaryimage\",\"url\":\"https:\/\/www.sonoraenequipo.com.mx\/storage\/2021\/07\/comsal020721.jpg\",\"contentUrl\":\"https:\/\/www.sonoraenequipo.com.mx\/storage\/2021\/07\/comsal020721.jpg\",\"width\":700,\"height\":400},{\"@type\":\"BreadcrumbList\",\"@id\":\"https:\/\/www.sonoraenequipo.com.mx\/reciben-diputados-informe-de-actualizacion-sobre-la-situacion-del-covid\/#breadcrumb\",\"itemListElement\":[{\"@type\":\"ListItem\",\"position\":1,\"name\":\"Portada\",\"item\":\"https:\/\/www.sonoraenequipo.com.mx\/\"},{\"@type\":\"ListItem\",\"position\":2,\"name\":\"Reciben diputados informe de actualizaci\u00f3n sobre la situaci\u00f3n del Covid\u00a0\u00a0\u00a0\u00a0\"}]},{\"@type\":\"WebSite\",\"@id\":\"https:\/\/www.sonoraenequipo.com.mx\/#website\",\"url\":\"https:\/\/www.sonoraenequipo.com.mx\/\",\"name\":\"Sonora en Equipo.\",\"description\":\"Diario en l\u00ednea con Noticias desde Hermosillo, Sonora\",\"publisher\":{\"@id\":\"https:\/\/www.sonoraenequipo.com.mx\/#organization\"},\"potentialAction\":[{\"@type\":\"SearchAction\",\"target\":{\"@type\":\"EntryPoint\",\"urlTemplate\":\"https:\/\/www.sonoraenequipo.com.mx\/?s={search_term_string}\"},\"query-input\":{\"@type\":\"PropertyValueSpecification\",\"valueRequired\":true,\"valueName\":\"search_term_string\"}}],\"inLanguage\":\"es\"},{\"@type\":\"Organization\",\"@id\":\"https:\/\/www.sonoraenequipo.com.mx\/#organization\",\"name\":\"Sonoraenequipo.com.mx\",\"url\":\"https:\/\/www.sonoraenequipo.com.mx\/\",\"logo\":{\"@type\":\"ImageObject\",\"inLanguage\":\"es\",\"@id\":\"https:\/\/www.sonoraenequipo.com.mx\/#\/schema\/logo\/image\/\",\"url\":\"https:\/\/www.sonoraenequipo.com.mx\/storage\/2019\/01\/sonoraenequipo_opt.png\",\"contentUrl\":\"https:\/\/www.sonoraenequipo.com.mx\/storage\/2019\/01\/sonoraenequipo_opt.png\",\"width\":375,\"height\":125,\"caption\":\"Sonoraenequipo.com.mx\"},\"image\":{\"@id\":\"https:\/\/www.sonoraenequipo.com.mx\/#\/schema\/logo\/image\/\"},\"sameAs\":[\"https:\/\/www.facebook.com\/SonoraEE\/\",\"https:\/\/x.com\/sonoraenequipo\",\"https:\/\/www.youtube.com\/channel\/UC338nW-lPEYmJQs4ZABQ1SQ\"]},{\"@type\":\"Person\",\"@id\":\"https:\/\/www.sonoraenequipo.com.mx\/#\/schema\/person\/50102df0fb23a8fa9e8effad8fa81386\",\"name\":\"enequipo\",\"image\":{\"@type\":\"ImageObject\",\"inLanguage\":\"es\",\"@id\":\"https:\/\/www.sonoraenequipo.com.mx\/#\/schema\/person\/image\/\",\"url\":\"https:\/\/secure.gravatar.com\/avatar\/049821681b589dabc0bc20695993ccebb09f5b5d4d790cd9251b97faac7c652b?s=96&d=blank&r=g\",\"contentUrl\":\"https:\/\/secure.gravatar.com\/avatar\/049821681b589dabc0bc20695993ccebb09f5b5d4d790cd9251b97faac7c652b?s=96&d=blank&r=g\",\"caption\":\"enequipo\"},\"sameAs\":[\"https:\/\/www.facebook.com\/SonoraEE\"]}]}<\/script>\n ","yoast_head_json":{"title":"Sonora en Equipo. Reciben diputados informe de actualizaci\u00f3n sobre la situaci\u00f3n del Covid\u00a0\u00a0\u00a0\u00a0 Congreso","description":"Hermosillo, Son., julio 02 de 2021.- Los diputados de la Comisi\u00f3n de Salud sostuvieron una reuni\u00f3n con Jos\u00e9 Ricardo Espinoza Castro, Subsecretario de En Sonora en Equipo publicamos toda la informaci\u00f3n de Sonora, M\u00e9xico y el Mundo de manera oportuna y busca que la libertad de expresi\u00f3n sea real. Visita nuestro medio informativo publicado desde Hermosillo, Sonora. %","robots":{"index":"index","follow":"follow","max-snippet":"max-snippet:-1","max-image-preview":"max-image-preview:large","max-video-preview":"max-video-preview:-1"},"canonical":"https:\/\/www.sonoraenequipo.com.mx\/reciben-diputados-informe-de-actualizacion-sobre-la-situacion-del-covid\/","og_locale":"es_ES","og_type":"article","og_title":"Sonora en Equipo. Reciben diputados informe de actualizaci\u00f3n sobre la situaci\u00f3n del Covid\u00a0\u00a0\u00a0\u00a0 Congreso","og_description":"Hermosillo, Son., julio 02 de 2021.- Los diputados de la Comisi\u00f3n de Salud sostuvieron una reuni\u00f3n con Jos\u00e9 Ricardo Espinoza Castro, Subsecretario de En Sonora en Equipo publicamos toda la informaci\u00f3n de Sonora, M\u00e9xico y el Mundo de manera oportuna y busca que la libertad de expresi\u00f3n sea real. Visita nuestro medio informativo publicado desde Hermosillo, Sonora. %","og_url":"https:\/\/www.sonoraenequipo.com.mx\/reciben-diputados-informe-de-actualizacion-sobre-la-situacion-del-covid\/","og_site_name":"Sonora en Equipo.","article_publisher":"https:\/\/www.facebook.com\/SonoraEE\/","article_author":"https:\/\/www.facebook.com\/SonoraEE","article_published_time":"2021-07-03T22:10:28+00:00","og_image":[{"width":700,"height":400,"url":"https:\/\/www.sonoraenequipo.com.mx\/storage\/2021\/07\/comsal020721.jpg","type":"image\/jpeg"}],"author":"enequipo","twitter_card":"summary_large_image","twitter_creator":"@sonoraenequipo","twitter_site":"@sonoraenequipo","twitter_misc":{"Escrito por":"enequipo","Tiempo de lectura":"2 minutos"},"schema":{"@context":"https:\/\/schema.org","@graph":[{"@type":"Article","@id":"https:\/\/www.sonoraenequipo.com.mx\/reciben-diputados-informe-de-actualizacion-sobre-la-situacion-del-covid\/#article","isPartOf":{"@id":"https:\/\/www.sonoraenequipo.com.mx\/reciben-diputados-informe-de-actualizacion-sobre-la-situacion-del-covid\/"},"author":{"name":"enequipo","@id":"https:\/\/www.sonoraenequipo.com.mx\/#\/schema\/person\/50102df0fb23a8fa9e8effad8fa81386"},"headline":"Reciben diputados informe de actualizaci\u00f3n sobre la situaci\u00f3n del Covid\u00a0\u00a0\u00a0\u00a0","datePublished":"2021-07-03T22:10:28+00:00","mainEntityOfPage":{"@id":"https:\/\/www.sonoraenequipo.com.mx\/reciben-diputados-informe-de-actualizacion-sobre-la-situacion-del-covid\/"},"wordCount":519,"commentCount":0,"publisher":{"@id":"https:\/\/www.sonoraenequipo.com.mx\/#organization"},"image":{"@id":"https:\/\/www.sonoraenequipo.com.mx\/reciben-diputados-informe-de-actualizacion-sobre-la-situacion-del-covid\/#primaryimage"},"thumbnailUrl":"https:\/\/www.sonoraenequipo.com.mx\/storage\/2021\/07\/comsal020721.jpg","keywords":["covid","Sonora"],"articleSection":["Congreso"],"inLanguage":"es","potentialAction":[{"@type":"CommentAction","name":"Comment","target":["https:\/\/www.sonoraenequipo.com.mx\/reciben-diputados-informe-de-actualizacion-sobre-la-situacion-del-covid\/#respond"]}]},{"@type":"WebPage","@id":"https:\/\/www.sonoraenequipo.com.mx\/reciben-diputados-informe-de-actualizacion-sobre-la-situacion-del-covid\/","url":"https:\/\/www.sonoraenequipo.com.mx\/reciben-diputados-informe-de-actualizacion-sobre-la-situacion-del-covid\/","name":"Sonora en Equipo. Reciben diputados informe de actualizaci\u00f3n sobre la situaci\u00f3n del Covid\u00a0\u00a0\u00a0\u00a0 Congreso","isPartOf":{"@id":"https:\/\/www.sonoraenequipo.com.mx\/#website"},"primaryImageOfPage":{"@id":"https:\/\/www.sonoraenequipo.com.mx\/reciben-diputados-informe-de-actualizacion-sobre-la-situacion-del-covid\/#primaryimage"},"image":{"@id":"https:\/\/www.sonoraenequipo.com.mx\/reciben-diputados-informe-de-actualizacion-sobre-la-situacion-del-covid\/#primaryimage"},"thumbnailUrl":"https:\/\/www.sonoraenequipo.com.mx\/storage\/2021\/07\/comsal020721.jpg","datePublished":"2021-07-03T22:10:28+00:00","description":"Hermosillo, Son., julio 02 de 2021.- Los diputados de la Comisi\u00f3n de Salud sostuvieron una reuni\u00f3n con Jos\u00e9 Ricardo Espinoza Castro, Subsecretario de En Sonora en Equipo publicamos toda la informaci\u00f3n de Sonora, M\u00e9xico y el Mundo de manera oportuna y busca que la libertad de expresi\u00f3n sea real. Visita nuestro medio informativo publicado desde Hermosillo, Sonora. %","breadcrumb":{"@id":"https:\/\/www.sonoraenequipo.com.mx\/reciben-diputados-informe-de-actualizacion-sobre-la-situacion-del-covid\/#breadcrumb"},"inLanguage":"es","potentialAction":[{"@type":"ReadAction","target":["https:\/\/www.sonoraenequipo.com.mx\/reciben-diputados-informe-de-actualizacion-sobre-la-situacion-del-covid\/"]}]},{"@type":"ImageObject","inLanguage":"es","@id":"https:\/\/www.sonoraenequipo.com.mx\/reciben-diputados-informe-de-actualizacion-sobre-la-situacion-del-covid\/#primaryimage","url":"https:\/\/www.sonoraenequipo.com.mx\/storage\/2021\/07\/comsal020721.jpg","contentUrl":"https:\/\/www.sonoraenequipo.com.mx\/storage\/2021\/07\/comsal020721.jpg","width":700,"height":400},{"@type":"BreadcrumbList","@id":"https:\/\/www.sonoraenequipo.com.mx\/reciben-diputados-informe-de-actualizacion-sobre-la-situacion-del-covid\/#breadcrumb","itemListElement":[{"@type":"ListItem","position":1,"name":"Portada","item":"https:\/\/www.sonoraenequipo.com.mx\/"},{"@type":"ListItem","position":2,"name":"Reciben diputados informe de actualizaci\u00f3n sobre la situaci\u00f3n del Covid\u00a0\u00a0\u00a0\u00a0"}]},{"@type":"WebSite","@id":"https:\/\/www.sonoraenequipo.com.mx\/#website","url":"https:\/\/www.sonoraenequipo.com.mx\/","name":"Sonora en Equipo.","description":"Diario en l\u00ednea con Noticias desde Hermosillo, Sonora","publisher":{"@id":"https:\/\/www.sonoraenequipo.com.mx\/#organization"},"potentialAction":[{"@type":"SearchAction","target":{"@type":"EntryPoint","urlTemplate":"https:\/\/www.sonoraenequipo.com.mx\/?s={search_term_string}"},"query-input":{"@type":"PropertyValueSpecification","valueRequired":true,"valueName":"search_term_string"}}],"inLanguage":"es"},{"@type":"Organization","@id":"https:\/\/www.sonoraenequipo.com.mx\/#organization","name":"Sonoraenequipo.com.mx","url":"https:\/\/www.sonoraenequipo.com.mx\/","logo":{"@type":"ImageObject","inLanguage":"es","@id":"https:\/\/www.sonoraenequipo.com.mx\/#\/schema\/logo\/image\/","url":"https:\/\/www.sonoraenequipo.com.mx\/storage\/2019\/01\/sonoraenequipo_opt.png","contentUrl":"https:\/\/www.sonoraenequipo.com.mx\/storage\/2019\/01\/sonoraenequipo_opt.png","width":375,"height":125,"caption":"Sonoraenequipo.com.mx"},"image":{"@id":"https:\/\/www.sonoraenequipo.com.mx\/#\/schema\/logo\/image\/"},"sameAs":["https:\/\/www.facebook.com\/SonoraEE\/","https:\/\/x.com\/sonoraenequipo","https:\/\/www.youtube.com\/channel\/UC338nW-lPEYmJQs4ZABQ1SQ"]},{"@type":"Person","@id":"https:\/\/www.sonoraenequipo.com.mx\/#\/schema\/person\/50102df0fb23a8fa9e8effad8fa81386","name":"enequipo","image":{"@type":"ImageObject","inLanguage":"es","@id":"https:\/\/www.sonoraenequipo.com.mx\/#\/schema\/person\/image\/","url":"https:\/\/secure.gravatar.com\/avatar\/049821681b589dabc0bc20695993ccebb09f5b5d4d790cd9251b97faac7c652b?s=96&d=blank&r=g","contentUrl":"https:\/\/secure.gravatar.com\/avatar\/049821681b589dabc0bc20695993ccebb09f5b5d4d790cd9251b97faac7c652b?s=96&d=blank&r=g","caption":"enequipo"},"sameAs":["https:\/\/www.facebook.com\/SonoraEE"]}]}},"jetpack_featured_media_url":"https:\/\/www.sonoraenequipo.com.mx\/storage\/2021\/07\/comsal020721.jpg","_links":{"self":[{"href":"https:\/\/www.sonoraenequipo.com.mx\/api\/wp\/v2\/posts\/117683","targetHints":{"allow":["GET"]}}],"collection":[{"href":"https:\/\/www.sonoraenequipo.com.mx\/api\/wp\/v2\/posts"}],"about":[{"href":"https:\/\/www.sonoraenequipo.com.mx\/api\/wp\/v2\/types\/post"}],"author":[{"embeddable":true,"href":"https:\/\/www.sonoraenequipo.com.mx\/api\/wp\/v2\/users\/1"}],"replies":[{"embeddable":true,"href":"https:\/\/www.sonoraenequipo.com.mx\/api\/wp\/v2\/comments?post=117683"}],"version-history":[{"count":1,"href":"https:\/\/www.sonoraenequipo.com.mx\/api\/wp\/v2\/posts\/117683\/revisions"}],"predecessor-version":[{"id":117685,"href":"https:\/\/www.sonoraenequipo.com.mx\/api\/wp\/v2\/posts\/117683\/revisions\/117685"}],"wp:featuredmedia":[{"embeddable":true,"href":"https:\/\/www.sonoraenequipo.com.mx\/api\/wp\/v2\/media\/117684"}],"wp:attachment":[{"href":"https:\/\/www.sonoraenequipo.com.mx\/api\/wp\/v2\/media?parent=117683"}],"wp:term":[{"taxonomy":"category","embeddable":true,"href":"https:\/\/www.sonoraenequipo.com.mx\/api\/wp\/v2\/categories?post=117683"},{"taxonomy":"post_tag","embeddable":true,"href":"https:\/\/www.sonoraenequipo.com.mx\/api\/wp\/v2\/tags?post=117683"}],"curies":[{"name":"wp","href":"https:\/\/api.w.org\/{rel}","templated":true}]}}