{"id":117692,"date":"2021-07-03T12:38:39","date_gmt":"2021-07-03T19:38:39","guid":{"rendered":"https:\/\/www.sonoraenequipo.com.mx\/?p=117692"},"modified":"2021-07-03T16:05:44","modified_gmt":"2021-07-03T23:05:44","slug":"imss-presenta-su-informe-anual-2020-2021","status":"publish","type":"post","link":"https:\/\/www.sonoraenequipo.com.mx\/imss-presenta-su-informe-anual-2020-2021\/","title":{"rendered":"IMSS presenta su informe anual 2020-2021"},"content":{"rendered":"<p>CIUDAD DE M\u00c9XICO. MX. \u2014 El Consejo T\u00e9cnico del Instituto Mexicano del Seguro Social (IMSS) present\u00f3 el Informe anual al ejecutivo federal y al Congreso de la Uni\u00f3n, con los resultados de la situaci\u00f3n financiera 2020-2021.<\/p>\n<p>&nbsp;<\/p>\n<p> <\/p>\n<p>&nbsp;<\/p>\n<p>Al cierre del a\u00f1o pasado, se registraron remanentes de 3 mil 742 millones de pesos, luego de las afectaciones econ\u00f3micas que se generaron por la pandemia de Covid-19. Adem\u00e1s, no fue necesario usar las Reservas Financieras y Actuarias del IMSS, que garantizan suficiencia econ\u00f3mica de \u00e9ste durante los pr\u00f3ximos 12 a\u00f1os.<\/p>\n<p>&nbsp;<\/p>\n<p>&nbsp;<\/p>\n<p>En 2019, la econom\u00eda registr\u00f3 una disminuci\u00f3n de 8.5 por ciento respecto a 2019, los puestos de trabajo asegurados en el Instituto se contrajeron 3.2 por ciento al cierre del a\u00f1o pasado. Mientras que, la cotizaci\u00f3n aument\u00f3 7.9 por ciento nominal y 4.6 por ciento real, de diciembre de 2019 al mismo mes de 2020. La recaudaci\u00f3n de ingresos obrero-patronales decreci\u00f3 0.7 por ciento.<\/p>\n<p>Tambi\u00e9n las Reservas y Fondo Laboral lograron un saldo de m\u00e1s de 300 mil millones de pesos en 2020, que fueron de las aportaciones realizadas y de los productos financieros, acumulando 22 mil millones de pesos.<\/p>\n<p>&nbsp;<\/p>\n<p>Con el fin de atender todas las exigencias generadas por la pandemia, se aceler\u00f3 el proceso de transformaci\u00f3n, modernizaci\u00f3n y ampliaci\u00f3n de la capacidad hospitalaria del Instituto Mexicano del Seguro Social, lo cual llev\u00f3 a un proceso de reconversi\u00f3n que permitiera la pol\u00edtica de <em>\u201ccero rechazos\u201d.<\/em><\/p>\n<p>&nbsp;<\/p>\n<p>De esta manera, no solo los derechohabientes pudieron ser atendidos de manera gratuita, sino la poblaci\u00f3n en general, que padec\u00edan la enfermedad de Covid-19.<\/p>\n<p>As\u00ed es como el IMSS sigue afrontando el desaf\u00edo del gasto nominal del R\u00e9gimen de Jubilaciones y Pensiones y el gasto de la atenci\u00f3n m\u00e9dica del Seguro de Enfermedades y Maternidad.<\/p>\n<p>&nbsp;<\/p>\n<p>En la situaci\u00f3n financiera del Seguro de Riesgos de Trabajo se observ\u00f3 un super\u00e1vit actuarial y el Seguro de Invalidez y Vida se espera uno de ellos.<\/p>\n<p>&nbsp;<\/p>\n<p>Por tanto, las perspectivas financieras muestran que el IMSS es sustentable a corto plazo, haciendo frente a los retos a mediano y largo plazo.<\/p>\n<p>&nbsp;<\/p>\n<p>El informe completo se puede consultar en la siguiente p\u00e1gina web:<\/p>\n<p>&nbsp;<\/p>\n<p><a href=\"http:\/\/www.imss.gob.mx\/conoce-al-imss\/informe-2020-2021\"><strong>http:\/\/www.imss.gob.mx\/conoce-al-imss\/informe-2020-2021<\/strong><\/a><\/p>\n<p>&nbsp;<\/p>\n<p>&nbsp;<\/p>\n<p>(Publicada el 02\/07\/2021)<\/p>\n","protected":false},"excerpt":{"rendered":"<p>CIUDAD DE M\u00c9XICO. MX. \u2014 El Consejo T\u00e9cnico del Instituto Mexicano del Seguro Social (IMSS)&#8230;<\/p>\n","protected":false},"author":1,"featured_media":0,"comment_status":"open","ping_status":"open","sticky":false,"template":"","format":"standard","meta":{"_monsterinsights_skip_tracking":false,"_monsterinsights_sitenote_active":false,"_monsterinsights_sitenote_note":"","_monsterinsights_sitenote_category":0,"footnotes":""},"categories":[1],"tags":[],"class_list":["post"],"yoast_head":" \n<title>Sonora en Equipo. IMSS presenta su informe anual 2020-2021<\/title>\n<meta name=\"description\" content=\"CIUDAD DE M\u00c9XICO. MX. \u2014 El Consejo T\u00e9cnico del Instituto Mexicano del Seguro Social (IMSS) present\u00f3 el Informe anual al ejecutivo federal y al Congreso de En Sonora en Equipo publicamos toda la informaci\u00f3n de Sonora, M\u00e9xico y el Mundo de manera oportuna y busca que la libertad de expresi\u00f3n sea real. Visita nuestro medio informativo publicado desde Hermosillo, Sonora. %\" \/>\n<meta name=\"robots\" content=\"index, follow, max-snippet:-1, max-image-preview:large, max-video-preview:-1\" \/>\n<link rel=\"canonical\" href=\"https:\/\/www.sonoraenequipo.com.mx\/imss-presenta-su-informe-anual-2020-2021\/\" \/>\n<meta property=\"og:locale\" content=\"es_ES\" \/>\n<meta property=\"og:type\" content=\"article\" \/>\n<meta property=\"og:title\" content=\"Sonora en Equipo. IMSS presenta su informe anual 2020-2021\" \/>\n<meta property=\"og:description\" content=\"CIUDAD DE M\u00c9XICO. MX. \u2014 El Consejo T\u00e9cnico del Instituto Mexicano del Seguro Social (IMSS) present\u00f3 el Informe anual al ejecutivo federal y al Congreso de En Sonora en Equipo publicamos toda la informaci\u00f3n de Sonora, M\u00e9xico y el Mundo de manera oportuna y busca que la libertad de expresi\u00f3n sea real. Visita nuestro medio informativo publicado desde Hermosillo, Sonora. %\" \/>\n<meta property=\"og:url\" content=\"https:\/\/www.sonoraenequipo.com.mx\/imss-presenta-su-informe-anual-2020-2021\/\" \/>\n<meta property=\"og:site_name\" content=\"Sonora en Equipo.\" \/>\n<meta property=\"article:publisher\" content=\"https:\/\/www.facebook.com\/SonoraEE\/\" \/>\n<meta property=\"article:author\" content=\"https:\/\/www.facebook.com\/SonoraEE\" \/>\n<meta property=\"article:published_time\" content=\"2021-07-03T19:38:39+00:00\" \/>\n<meta property=\"article:modified_time\" content=\"2021-07-03T23:05:44+00:00\" \/>\n<meta name=\"author\" content=\"enequipo\" \/>\n<meta name=\"twitter:card\" content=\"summary_large_image\" \/>\n<meta name=\"twitter:creator\" content=\"@sonoraenequipo\" \/>\n<meta name=\"twitter:site\" content=\"@sonoraenequipo\" \/>\n<meta name=\"twitter:label1\" content=\"Escrito por\" \/>\n\t<meta name=\"twitter:data1\" content=\"enequipo\" \/>\n\t<meta name=\"twitter:label2\" content=\"Tiempo de lectura\" \/>\n\t<meta name=\"twitter:data2\" content=\"2 minutos\" \/>\n<script type=\"application\/ld+json\" class=\"yoast-schema-graph\">{\"@context\":\"https:\/\/schema.org\",\"@graph\":[{\"@type\":\"Article\",\"@id\":\"https:\/\/www.sonoraenequipo.com.mx\/imss-presenta-su-informe-anual-2020-2021\/#article\",\"isPartOf\":{\"@id\":\"https:\/\/www.sonoraenequipo.com.mx\/imss-presenta-su-informe-anual-2020-2021\/\"},\"author\":{\"name\":\"enequipo\",\"@id\":\"https:\/\/www.sonoraenequipo.com.mx\/#\/schema\/person\/50102df0fb23a8fa9e8effad8fa81386\"},\"headline\":\"IMSS presenta su informe anual 2020-2021\",\"datePublished\":\"2021-07-03T19:38:39+00:00\",\"dateModified\":\"2021-07-03T23:05:44+00:00\",\"mainEntityOfPage\":{\"@id\":\"https:\/\/www.sonoraenequipo.com.mx\/imss-presenta-su-informe-anual-2020-2021\/\"},\"wordCount\":393,\"commentCount\":0,\"publisher\":{\"@id\":\"https:\/\/www.sonoraenequipo.com.mx\/#organization\"},\"articleSection\":[\"Sin categorizar\"],\"inLanguage\":\"es\",\"potentialAction\":[{\"@type\":\"CommentAction\",\"name\":\"Comment\",\"target\":[\"https:\/\/www.sonoraenequipo.com.mx\/imss-presenta-su-informe-anual-2020-2021\/#respond\"]}]},{\"@type\":\"WebPage\",\"@id\":\"https:\/\/www.sonoraenequipo.com.mx\/imss-presenta-su-informe-anual-2020-2021\/\",\"url\":\"https:\/\/www.sonoraenequipo.com.mx\/imss-presenta-su-informe-anual-2020-2021\/\",\"name\":\"Sonora en Equipo. IMSS presenta su informe anual 2020-2021\",\"isPartOf\":{\"@id\":\"https:\/\/www.sonoraenequipo.com.mx\/#website\"},\"datePublished\":\"2021-07-03T19:38:39+00:00\",\"dateModified\":\"2021-07-03T23:05:44+00:00\",\"description\":\"CIUDAD DE M\u00c9XICO. MX. \u2014 El Consejo T\u00e9cnico del Instituto Mexicano del Seguro Social (IMSS) present\u00f3 el Informe anual al ejecutivo federal y al Congreso de En Sonora en Equipo publicamos toda la informaci\u00f3n de Sonora, M\u00e9xico y el Mundo de manera oportuna y busca que la libertad de expresi\u00f3n sea real. Visita nuestro medio informativo publicado desde Hermosillo, Sonora. %\",\"breadcrumb\":{\"@id\":\"https:\/\/www.sonoraenequipo.com.mx\/imss-presenta-su-informe-anual-2020-2021\/#breadcrumb\"},\"inLanguage\":\"es\",\"potentialAction\":[{\"@type\":\"ReadAction\",\"target\":[\"https:\/\/www.sonoraenequipo.com.mx\/imss-presenta-su-informe-anual-2020-2021\/\"]}]},{\"@type\":\"BreadcrumbList\",\"@id\":\"https:\/\/www.sonoraenequipo.com.mx\/imss-presenta-su-informe-anual-2020-2021\/#breadcrumb\",\"itemListElement\":[{\"@type\":\"ListItem\",\"position\":1,\"name\":\"Portada\",\"item\":\"https:\/\/www.sonoraenequipo.com.mx\/\"},{\"@type\":\"ListItem\",\"position\":2,\"name\":\"IMSS presenta su informe anual 2020-2021\"}]},{\"@type\":\"WebSite\",\"@id\":\"https:\/\/www.sonoraenequipo.com.mx\/#website\",\"url\":\"https:\/\/www.sonoraenequipo.com.mx\/\",\"name\":\"Sonora en Equipo.\",\"description\":\"Diario en l\u00ednea con Noticias desde Hermosillo, Sonora\",\"publisher\":{\"@id\":\"https:\/\/www.sonoraenequipo.com.mx\/#organization\"},\"potentialAction\":[{\"@type\":\"SearchAction\",\"target\":{\"@type\":\"EntryPoint\",\"urlTemplate\":\"https:\/\/www.sonoraenequipo.com.mx\/?s={search_term_string}\"},\"query-input\":{\"@type\":\"PropertyValueSpecification\",\"valueRequired\":true,\"valueName\":\"search_term_string\"}}],\"inLanguage\":\"es\"},{\"@type\":\"Organization\",\"@id\":\"https:\/\/www.sonoraenequipo.com.mx\/#organization\",\"name\":\"Sonoraenequipo.com.mx\",\"url\":\"https:\/\/www.sonoraenequipo.com.mx\/\",\"logo\":{\"@type\":\"ImageObject\",\"inLanguage\":\"es\",\"@id\":\"https:\/\/www.sonoraenequipo.com.mx\/#\/schema\/logo\/image\/\",\"url\":\"https:\/\/www.sonoraenequipo.com.mx\/storage\/2019\/01\/sonoraenequipo_opt.png\",\"contentUrl\":\"https:\/\/www.sonoraenequipo.com.mx\/storage\/2019\/01\/sonoraenequipo_opt.png\",\"width\":375,\"height\":125,\"caption\":\"Sonoraenequipo.com.mx\"},\"image\":{\"@id\":\"https:\/\/www.sonoraenequipo.com.mx\/#\/schema\/logo\/image\/\"},\"sameAs\":[\"https:\/\/www.facebook.com\/SonoraEE\/\",\"https:\/\/x.com\/sonoraenequipo\",\"https:\/\/www.youtube.com\/channel\/UC338nW-lPEYmJQs4ZABQ1SQ\"]},{\"@type\":\"Person\",\"@id\":\"https:\/\/www.sonoraenequipo.com.mx\/#\/schema\/person\/50102df0fb23a8fa9e8effad8fa81386\",\"name\":\"enequipo\",\"image\":{\"@type\":\"ImageObject\",\"inLanguage\":\"es\",\"@id\":\"https:\/\/www.sonoraenequipo.com.mx\/#\/schema\/person\/image\/\",\"url\":\"https:\/\/secure.gravatar.com\/avatar\/049821681b589dabc0bc20695993ccebb09f5b5d4d790cd9251b97faac7c652b?s=96&d=blank&r=g\",\"contentUrl\":\"https:\/\/secure.gravatar.com\/avatar\/049821681b589dabc0bc20695993ccebb09f5b5d4d790cd9251b97faac7c652b?s=96&d=blank&r=g\",\"caption\":\"enequipo\"},\"sameAs\":[\"https:\/\/www.facebook.com\/SonoraEE\"]}]}<\/script>\n ","yoast_head_json":{"title":"Sonora en Equipo. IMSS presenta su informe anual 2020-2021","description":"CIUDAD DE M\u00c9XICO. MX. \u2014 El Consejo T\u00e9cnico del Instituto Mexicano del Seguro Social (IMSS) present\u00f3 el Informe anual al ejecutivo federal y al Congreso de En Sonora en Equipo publicamos toda la informaci\u00f3n de Sonora, M\u00e9xico y el Mundo de manera oportuna y busca que la libertad de expresi\u00f3n sea real. Visita nuestro medio informativo publicado desde Hermosillo, Sonora. %","robots":{"index":"index","follow":"follow","max-snippet":"max-snippet:-1","max-image-preview":"max-image-preview:large","max-video-preview":"max-video-preview:-1"},"canonical":"https:\/\/www.sonoraenequipo.com.mx\/imss-presenta-su-informe-anual-2020-2021\/","og_locale":"es_ES","og_type":"article","og_title":"Sonora en Equipo. IMSS presenta su informe anual 2020-2021","og_description":"CIUDAD DE M\u00c9XICO. MX. \u2014 El Consejo T\u00e9cnico del Instituto Mexicano del Seguro Social (IMSS) present\u00f3 el Informe anual al ejecutivo federal y al Congreso de En Sonora en Equipo publicamos toda la informaci\u00f3n de Sonora, M\u00e9xico y el Mundo de manera oportuna y busca que la libertad de expresi\u00f3n sea real. Visita nuestro medio informativo publicado desde Hermosillo, Sonora. %","og_url":"https:\/\/www.sonoraenequipo.com.mx\/imss-presenta-su-informe-anual-2020-2021\/","og_site_name":"Sonora en Equipo.","article_publisher":"https:\/\/www.facebook.com\/SonoraEE\/","article_author":"https:\/\/www.facebook.com\/SonoraEE","article_published_time":"2021-07-03T19:38:39+00:00","article_modified_time":"2021-07-03T23:05:44+00:00","author":"enequipo","twitter_card":"summary_large_image","twitter_creator":"@sonoraenequipo","twitter_site":"@sonoraenequipo","twitter_misc":{"Escrito por":"enequipo","Tiempo de lectura":"2 minutos"},"schema":{"@context":"https:\/\/schema.org","@graph":[{"@type":"Article","@id":"https:\/\/www.sonoraenequipo.com.mx\/imss-presenta-su-informe-anual-2020-2021\/#article","isPartOf":{"@id":"https:\/\/www.sonoraenequipo.com.mx\/imss-presenta-su-informe-anual-2020-2021\/"},"author":{"name":"enequipo","@id":"https:\/\/www.sonoraenequipo.com.mx\/#\/schema\/person\/50102df0fb23a8fa9e8effad8fa81386"},"headline":"IMSS presenta su informe anual 2020-2021","datePublished":"2021-07-03T19:38:39+00:00","dateModified":"2021-07-03T23:05:44+00:00","mainEntityOfPage":{"@id":"https:\/\/www.sonoraenequipo.com.mx\/imss-presenta-su-informe-anual-2020-2021\/"},"wordCount":393,"commentCount":0,"publisher":{"@id":"https:\/\/www.sonoraenequipo.com.mx\/#organization"},"articleSection":["Sin categorizar"],"inLanguage":"es","potentialAction":[{"@type":"CommentAction","name":"Comment","target":["https:\/\/www.sonoraenequipo.com.mx\/imss-presenta-su-informe-anual-2020-2021\/#respond"]}]},{"@type":"WebPage","@id":"https:\/\/www.sonoraenequipo.com.mx\/imss-presenta-su-informe-anual-2020-2021\/","url":"https:\/\/www.sonoraenequipo.com.mx\/imss-presenta-su-informe-anual-2020-2021\/","name":"Sonora en Equipo. IMSS presenta su informe anual 2020-2021","isPartOf":{"@id":"https:\/\/www.sonoraenequipo.com.mx\/#website"},"datePublished":"2021-07-03T19:38:39+00:00","dateModified":"2021-07-03T23:05:44+00:00","description":"CIUDAD DE M\u00c9XICO. MX. \u2014 El Consejo T\u00e9cnico del Instituto Mexicano del Seguro Social (IMSS) present\u00f3 el Informe anual al ejecutivo federal y al Congreso de En Sonora en Equipo publicamos toda la informaci\u00f3n de Sonora, M\u00e9xico y el Mundo de manera oportuna y busca que la libertad de expresi\u00f3n sea real. Visita nuestro medio informativo publicado desde Hermosillo, Sonora. %","breadcrumb":{"@id":"https:\/\/www.sonoraenequipo.com.mx\/imss-presenta-su-informe-anual-2020-2021\/#breadcrumb"},"inLanguage":"es","potentialAction":[{"@type":"ReadAction","target":["https:\/\/www.sonoraenequipo.com.mx\/imss-presenta-su-informe-anual-2020-2021\/"]}]},{"@type":"BreadcrumbList","@id":"https:\/\/www.sonoraenequipo.com.mx\/imss-presenta-su-informe-anual-2020-2021\/#breadcrumb","itemListElement":[{"@type":"ListItem","position":1,"name":"Portada","item":"https:\/\/www.sonoraenequipo.com.mx\/"},{"@type":"ListItem","position":2,"name":"IMSS presenta su informe anual 2020-2021"}]},{"@type":"WebSite","@id":"https:\/\/www.sonoraenequipo.com.mx\/#website","url":"https:\/\/www.sonoraenequipo.com.mx\/","name":"Sonora en Equipo.","description":"Diario en l\u00ednea con Noticias desde Hermosillo, Sonora","publisher":{"@id":"https:\/\/www.sonoraenequipo.com.mx\/#organization"},"potentialAction":[{"@type":"SearchAction","target":{"@type":"EntryPoint","urlTemplate":"https:\/\/www.sonoraenequipo.com.mx\/?s={search_term_string}"},"query-input":{"@type":"PropertyValueSpecification","valueRequired":true,"valueName":"search_term_string"}}],"inLanguage":"es"},{"@type":"Organization","@id":"https:\/\/www.sonoraenequipo.com.mx\/#organization","name":"Sonoraenequipo.com.mx","url":"https:\/\/www.sonoraenequipo.com.mx\/","logo":{"@type":"ImageObject","inLanguage":"es","@id":"https:\/\/www.sonoraenequipo.com.mx\/#\/schema\/logo\/image\/","url":"https:\/\/www.sonoraenequipo.com.mx\/storage\/2019\/01\/sonoraenequipo_opt.png","contentUrl":"https:\/\/www.sonoraenequipo.com.mx\/storage\/2019\/01\/sonoraenequipo_opt.png","width":375,"height":125,"caption":"Sonoraenequipo.com.mx"},"image":{"@id":"https:\/\/www.sonoraenequipo.com.mx\/#\/schema\/logo\/image\/"},"sameAs":["https:\/\/www.facebook.com\/SonoraEE\/","https:\/\/x.com\/sonoraenequipo","https:\/\/www.youtube.com\/channel\/UC338nW-lPEYmJQs4ZABQ1SQ"]},{"@type":"Person","@id":"https:\/\/www.sonoraenequipo.com.mx\/#\/schema\/person\/50102df0fb23a8fa9e8effad8fa81386","name":"enequipo","image":{"@type":"ImageObject","inLanguage":"es","@id":"https:\/\/www.sonoraenequipo.com.mx\/#\/schema\/person\/image\/","url":"https:\/\/secure.gravatar.com\/avatar\/049821681b589dabc0bc20695993ccebb09f5b5d4d790cd9251b97faac7c652b?s=96&d=blank&r=g","contentUrl":"https:\/\/secure.gravatar.com\/avatar\/049821681b589dabc0bc20695993ccebb09f5b5d4d790cd9251b97faac7c652b?s=96&d=blank&r=g","caption":"enequipo"},"sameAs":["https:\/\/www.facebook.com\/SonoraEE"]}]}},"jetpack_featured_media_url":"","_links":{"self":[{"href":"https:\/\/www.sonoraenequipo.com.mx\/api\/wp\/v2\/posts\/117692","targetHints":{"allow":["GET"]}}],"collection":[{"href":"https:\/\/www.sonoraenequipo.com.mx\/api\/wp\/v2\/posts"}],"about":[{"href":"https:\/\/www.sonoraenequipo.com.mx\/api\/wp\/v2\/types\/post"}],"author":[{"embeddable":true,"href":"https:\/\/www.sonoraenequipo.com.mx\/api\/wp\/v2\/users\/1"}],"replies":[{"embeddable":true,"href":"https:\/\/www.sonoraenequipo.com.mx\/api\/wp\/v2\/comments?post=117692"}],"version-history":[{"count":1,"href":"https:\/\/www.sonoraenequipo.com.mx\/api\/wp\/v2\/posts\/117692\/revisions"}],"predecessor-version":[{"id":117693,"href":"https:\/\/www.sonoraenequipo.com.mx\/api\/wp\/v2\/posts\/117692\/revisions\/117693"}],"wp:attachment":[{"href":"https:\/\/www.sonoraenequipo.com.mx\/api\/wp\/v2\/media?parent=117692"}],"wp:term":[{"taxonomy":"category","embeddable":true,"href":"https:\/\/www.sonoraenequipo.com.mx\/api\/wp\/v2\/categories?post=117692"},{"taxonomy":"post_tag","embeddable":true,"href":"https:\/\/www.sonoraenequipo.com.mx\/api\/wp\/v2\/tags?post=117692"}],"curies":[{"name":"wp","href":"https:\/\/api.w.org\/{rel}","templated":true}]}}