{"id":117694,"date":"2021-07-03T16:15:07","date_gmt":"2021-07-03T23:15:07","guid":{"rendered":"https:\/\/www.sonoraenequipo.com.mx\/?p=117694"},"modified":"2021-07-03T16:15:07","modified_gmt":"2021-07-03T23:15:07","slug":"realiza-creson-feria-del-conocimiento-virtual","status":"publish","type":"post","link":"https:\/\/www.sonoraenequipo.com.mx\/realiza-creson-feria-del-conocimiento-virtual\/","title":{"rendered":"Realiza Creson Feria del Conocimiento virtual"},"content":{"rendered":"<p>&nbsp;<\/p>\n<p>HERMOSILLO, SONORA,MX.\u2500\u2500Con el lema: \u201cEl regreso a las aulas: La necesidad de construir escuelas resilientes\u201d, la Escuela Normal Superior, plantel Hermosillo, realiz\u00f3 la XI Feria del Conocimiento, la cual se llev\u00f3 a cabo por primera vez de manera virtual.<\/p>\n<p>&nbsp;<\/p>\n<p>Antonio Zepeda Ruiz, rector del Centro Regional de Formaci\u00f3n Profesional Docente de Sonora (Creson), explic\u00f3 que estudiantes y docentes de la unidad Hermosillo participaron en tres conferencias magistrales, cuatro talleres, un proyecto de video, varios proyectos de investigaci\u00f3n pro grupo y de licenciatura, un conversatorio, participaci\u00f3n musical y activaci\u00f3n f\u00edsica.<\/p>\n<p>&nbsp;<\/p>\n<p>Zepeda Ruiz, felicit\u00f3 al equipo de la Escuela Normal Superior, plantel Hermosillo, por hacer de las ferias un espacio para compartir conocimientos y, cada vez, de mayor calidad.<\/p>\n<p>&nbsp;<\/p>\n<p>Destac\u00f3 la importancia de crear un espacio de intercambio, divulgaci\u00f3n y comunicaci\u00f3n de conocimiento entre la comunidad, especialmente en esta \u00e9poca en la que el magisterio debe prepararse y apoyar para el regreso a las aulas.<\/p>\n<p>&nbsp;<\/p>\n<p>El reto en este 2021 fue organizar el evento de manera virtual que en este a\u00f1o participaron 120 estudiantes y 20 docentes de la unidad adem\u00e1s de personal administrativo, que se reunieron para contribuir a mejorar lo que ya se hac\u00eda, el desarrollo de competencias y el trabajo colegiado.<\/p>\n<p>&nbsp;<\/p>\n<p>Jes\u00fas Elizardo Copado Quintana, director de la Escuela Normal Superior plantel Hermosillo, indic\u00f3 que con las Ferias del Conocimiento se cumple con las tres funciones b\u00e1sicas, para lo cual existe la Normal Superior: la docencia, la investigaci\u00f3n y la difusi\u00f3n.<\/p>\n<p>&nbsp;<\/p>\n<p>\u201cLa Feria del Conocimiento se ha ido fortaleciendo a\u00f1o con a\u00f1o, alumnos y docentes hacen que se propicien espacios para compartir conocimientos, teor\u00eda y pr\u00e1ctica y ello difundirlo entre la comunidad\u201d, resalt\u00f3.<\/p>\n<p>&nbsp;<\/p>\n<p>Las conferencias magistrales fueron \u201cProfesores resilientes: Desarrollo profesional en ambientes complejos\u201d, impartida por la Dra. Marcela Cecilia Garc\u00eda Medina; \u201cYo decido vivir o sobrevivir\u201d, por la maestra Hyacinth S\u00e1nchez Jim\u00e9nez; \u201cLo bueno de lo malo de la pandemia: una nueva empat\u00eda\u201d, por la maestra Massiel Montes Castillo.<\/p>\n<p>&nbsp;<\/p>\n<p>Mientras que los talleres: \u201cAutoestima y resiliencia\u201d, por el maestro Adri\u00e1n Moreno Soto; \u201cLa resiliencia desde los espacios educativos\u201d, por la maestra Karla Marina Acu\u00f1a L\u00f3pez; \u201cMindfulness por la maestra Sof\u00eda Dolores Cota Grijalva y \u201cTaller de salud mental en mi contexto educativo\u201d, por la maestra Carolina Balderrama Sotelo.<\/p>\n<p>&nbsp;<\/p>\n<p>La Feria tiene entre sus objetivos difundir el conocimiento generado por la comunidad estudiantil, promover el trabajo colaborativo y la creaci\u00f3n de redes internas de cooperaci\u00f3n sobre temas compartidos, estimular el inter\u00e9s por investigar y participar en otros eventos de difusi\u00f3n del conocimiento, adem\u00e1s de fortalecer la competencia para la elaboraci\u00f3n de productos acad\u00e9micos derivados de procesos de investigaci\u00f3n y la formaci\u00f3n inicial.<\/p>\n<p>Fecha de Publicaci\u00f3n\u00a0 s\u00e1bado \/ 3\u00a0 \/ julio \/ 2021<\/p>\n<p>&nbsp;<\/p>\n","protected":false},"excerpt":{"rendered":"<p>&nbsp; HERMOSILLO, SONORA,MX.\u2500\u2500Con el lema: \u201cEl regreso a las aulas: La necesidad de construir escuelas&#8230;<\/p>\n","protected":false},"author":1,"featured_media":117696,"comment_status":"open","ping_status":"open","sticky":false,"template":"","format":"standard","meta":{"_monsterinsights_skip_tracking":false,"_monsterinsights_sitenote_active":false,"_monsterinsights_sitenote_note":"","_monsterinsights_sitenote_category":0,"footnotes":""},"categories":[22],"tags":[5874,3594,5875],"class_list":["post"],"yoast_head":" \n<title>Sonora en Equipo. Realiza Creson Feria del Conocimiento virtual Sonora<\/title>\n<meta name=\"description\" content=\"&nbsp; HERMOSILLO, SONORA,MX.\u2500\u2500Con el lema: \u201cEl regreso a las aulas: La necesidad de construir escuelas resilientes\u201d, la Escuela Normal Superior, plantel En Sonora en Equipo publicamos toda la informaci\u00f3n de Sonora, M\u00e9xico y el Mundo de manera oportuna y busca que la libertad de expresi\u00f3n sea real. Visita nuestro medio informativo publicado desde Hermosillo, Sonora. %\" \/>\n<meta name=\"robots\" content=\"index, follow, max-snippet:-1, max-image-preview:large, max-video-preview:-1\" \/>\n<link rel=\"canonical\" href=\"https:\/\/www.sonoraenequipo.com.mx\/realiza-creson-feria-del-conocimiento-virtual\/\" \/>\n<meta property=\"og:locale\" content=\"es_ES\" \/>\n<meta property=\"og:type\" content=\"article\" \/>\n<meta property=\"og:title\" content=\"Sonora en Equipo. Realiza Creson Feria del Conocimiento virtual Sonora\" \/>\n<meta property=\"og:description\" content=\"&nbsp; HERMOSILLO, SONORA,MX.\u2500\u2500Con el lema: \u201cEl regreso a las aulas: La necesidad de construir escuelas resilientes\u201d, la Escuela Normal Superior, plantel En Sonora en Equipo publicamos toda la informaci\u00f3n de Sonora, M\u00e9xico y el Mundo de manera oportuna y busca que la libertad de expresi\u00f3n sea real. Visita nuestro medio informativo publicado desde Hermosillo, Sonora. %\" \/>\n<meta property=\"og:url\" content=\"https:\/\/www.sonoraenequipo.com.mx\/realiza-creson-feria-del-conocimiento-virtual\/\" \/>\n<meta property=\"og:site_name\" content=\"Sonora en Equipo.\" \/>\n<meta property=\"article:publisher\" content=\"https:\/\/www.facebook.com\/SonoraEE\/\" \/>\n<meta property=\"article:author\" content=\"https:\/\/www.facebook.com\/SonoraEE\" \/>\n<meta property=\"article:published_time\" content=\"2021-07-03T23:15:07+00:00\" \/>\n<meta property=\"og:image\" content=\"https:\/\/www.sonoraenequipo.com.mx\/storage\/2021\/07\/creson030721.jpg\" \/>\n\t<meta property=\"og:image:width\" content=\"700\" \/>\n\t<meta property=\"og:image:height\" content=\"400\" \/>\n\t<meta property=\"og:image:type\" content=\"image\/jpeg\" \/>\n<meta name=\"author\" content=\"enequipo\" \/>\n<meta name=\"twitter:card\" content=\"summary_large_image\" \/>\n<meta name=\"twitter:creator\" content=\"@sonoraenequipo\" \/>\n<meta name=\"twitter:site\" content=\"@sonoraenequipo\" \/>\n<meta name=\"twitter:label1\" content=\"Escrito por\" \/>\n\t<meta name=\"twitter:data1\" content=\"enequipo\" \/>\n\t<meta name=\"twitter:label2\" content=\"Tiempo de lectura\" \/>\n\t<meta name=\"twitter:data2\" content=\"2 minutos\" \/>\n<script type=\"application\/ld+json\" class=\"yoast-schema-graph\">{\"@context\":\"https:\/\/schema.org\",\"@graph\":[{\"@type\":\"Article\",\"@id\":\"https:\/\/www.sonoraenequipo.com.mx\/realiza-creson-feria-del-conocimiento-virtual\/#article\",\"isPartOf\":{\"@id\":\"https:\/\/www.sonoraenequipo.com.mx\/realiza-creson-feria-del-conocimiento-virtual\/\"},\"author\":{\"name\":\"enequipo\",\"@id\":\"https:\/\/www.sonoraenequipo.com.mx\/#\/schema\/person\/50102df0fb23a8fa9e8effad8fa81386\"},\"headline\":\"Realiza Creson Feria del Conocimiento virtual\",\"datePublished\":\"2021-07-03T23:15:07+00:00\",\"mainEntityOfPage\":{\"@id\":\"https:\/\/www.sonoraenequipo.com.mx\/realiza-creson-feria-del-conocimiento-virtual\/\"},\"wordCount\":491,\"commentCount\":0,\"publisher\":{\"@id\":\"https:\/\/www.sonoraenequipo.com.mx\/#organization\"},\"image\":{\"@id\":\"https:\/\/www.sonoraenequipo.com.mx\/realiza-creson-feria-del-conocimiento-virtual\/#primaryimage\"},\"thumbnailUrl\":\"https:\/\/www.sonoraenequipo.com.mx\/storage\/2021\/07\/creson030721.jpg\",\"keywords\":[\"conocimiento\",\"feria\",\"virtual\"],\"articleSection\":[\"Sonora\"],\"inLanguage\":\"es\",\"potentialAction\":[{\"@type\":\"CommentAction\",\"name\":\"Comment\",\"target\":[\"https:\/\/www.sonoraenequipo.com.mx\/realiza-creson-feria-del-conocimiento-virtual\/#respond\"]}]},{\"@type\":\"WebPage\",\"@id\":\"https:\/\/www.sonoraenequipo.com.mx\/realiza-creson-feria-del-conocimiento-virtual\/\",\"url\":\"https:\/\/www.sonoraenequipo.com.mx\/realiza-creson-feria-del-conocimiento-virtual\/\",\"name\":\"Sonora en Equipo. Realiza Creson Feria del Conocimiento virtual Sonora\",\"isPartOf\":{\"@id\":\"https:\/\/www.sonoraenequipo.com.mx\/#website\"},\"primaryImageOfPage\":{\"@id\":\"https:\/\/www.sonoraenequipo.com.mx\/realiza-creson-feria-del-conocimiento-virtual\/#primaryimage\"},\"image\":{\"@id\":\"https:\/\/www.sonoraenequipo.com.mx\/realiza-creson-feria-del-conocimiento-virtual\/#primaryimage\"},\"thumbnailUrl\":\"https:\/\/www.sonoraenequipo.com.mx\/storage\/2021\/07\/creson030721.jpg\",\"datePublished\":\"2021-07-03T23:15:07+00:00\",\"description\":\"&nbsp; HERMOSILLO, SONORA,MX.\u2500\u2500Con el lema: \u201cEl regreso a las aulas: La necesidad de construir escuelas resilientes\u201d, la Escuela Normal Superior, plantel En Sonora en Equipo publicamos toda la informaci\u00f3n de Sonora, M\u00e9xico y el Mundo de manera oportuna y busca que la libertad de expresi\u00f3n sea real. Visita nuestro medio informativo publicado desde Hermosillo, Sonora. %\",\"breadcrumb\":{\"@id\":\"https:\/\/www.sonoraenequipo.com.mx\/realiza-creson-feria-del-conocimiento-virtual\/#breadcrumb\"},\"inLanguage\":\"es\",\"potentialAction\":[{\"@type\":\"ReadAction\",\"target\":[\"https:\/\/www.sonoraenequipo.com.mx\/realiza-creson-feria-del-conocimiento-virtual\/\"]}]},{\"@type\":\"ImageObject\",\"inLanguage\":\"es\",\"@id\":\"https:\/\/www.sonoraenequipo.com.mx\/realiza-creson-feria-del-conocimiento-virtual\/#primaryimage\",\"url\":\"https:\/\/www.sonoraenequipo.com.mx\/storage\/2021\/07\/creson030721.jpg\",\"contentUrl\":\"https:\/\/www.sonoraenequipo.com.mx\/storage\/2021\/07\/creson030721.jpg\",\"width\":700,\"height\":400},{\"@type\":\"BreadcrumbList\",\"@id\":\"https:\/\/www.sonoraenequipo.com.mx\/realiza-creson-feria-del-conocimiento-virtual\/#breadcrumb\",\"itemListElement\":[{\"@type\":\"ListItem\",\"position\":1,\"name\":\"Portada\",\"item\":\"https:\/\/www.sonoraenequipo.com.mx\/\"},{\"@type\":\"ListItem\",\"position\":2,\"name\":\"Realiza Creson Feria del Conocimiento virtual\"}]},{\"@type\":\"WebSite\",\"@id\":\"https:\/\/www.sonoraenequipo.com.mx\/#website\",\"url\":\"https:\/\/www.sonoraenequipo.com.mx\/\",\"name\":\"Sonora en Equipo.\",\"description\":\"Diario en l\u00ednea con Noticias desde Hermosillo, Sonora\",\"publisher\":{\"@id\":\"https:\/\/www.sonoraenequipo.com.mx\/#organization\"},\"potentialAction\":[{\"@type\":\"SearchAction\",\"target\":{\"@type\":\"EntryPoint\",\"urlTemplate\":\"https:\/\/www.sonoraenequipo.com.mx\/?s={search_term_string}\"},\"query-input\":{\"@type\":\"PropertyValueSpecification\",\"valueRequired\":true,\"valueName\":\"search_term_string\"}}],\"inLanguage\":\"es\"},{\"@type\":\"Organization\",\"@id\":\"https:\/\/www.sonoraenequipo.com.mx\/#organization\",\"name\":\"Sonoraenequipo.com.mx\",\"url\":\"https:\/\/www.sonoraenequipo.com.mx\/\",\"logo\":{\"@type\":\"ImageObject\",\"inLanguage\":\"es\",\"@id\":\"https:\/\/www.sonoraenequipo.com.mx\/#\/schema\/logo\/image\/\",\"url\":\"https:\/\/www.sonoraenequipo.com.mx\/storage\/2019\/01\/sonoraenequipo_opt.png\",\"contentUrl\":\"https:\/\/www.sonoraenequipo.com.mx\/storage\/2019\/01\/sonoraenequipo_opt.png\",\"width\":375,\"height\":125,\"caption\":\"Sonoraenequipo.com.mx\"},\"image\":{\"@id\":\"https:\/\/www.sonoraenequipo.com.mx\/#\/schema\/logo\/image\/\"},\"sameAs\":[\"https:\/\/www.facebook.com\/SonoraEE\/\",\"https:\/\/x.com\/sonoraenequipo\",\"https:\/\/www.youtube.com\/channel\/UC338nW-lPEYmJQs4ZABQ1SQ\"]},{\"@type\":\"Person\",\"@id\":\"https:\/\/www.sonoraenequipo.com.mx\/#\/schema\/person\/50102df0fb23a8fa9e8effad8fa81386\",\"name\":\"enequipo\",\"image\":{\"@type\":\"ImageObject\",\"inLanguage\":\"es\",\"@id\":\"https:\/\/www.sonoraenequipo.com.mx\/#\/schema\/person\/image\/\",\"url\":\"https:\/\/secure.gravatar.com\/avatar\/049821681b589dabc0bc20695993ccebb09f5b5d4d790cd9251b97faac7c652b?s=96&d=blank&r=g\",\"contentUrl\":\"https:\/\/secure.gravatar.com\/avatar\/049821681b589dabc0bc20695993ccebb09f5b5d4d790cd9251b97faac7c652b?s=96&d=blank&r=g\",\"caption\":\"enequipo\"},\"sameAs\":[\"https:\/\/www.facebook.com\/SonoraEE\"]}]}<\/script>\n ","yoast_head_json":{"title":"Sonora en Equipo. Realiza Creson Feria del Conocimiento virtual Sonora","description":"&nbsp; HERMOSILLO, SONORA,MX.\u2500\u2500Con el lema: \u201cEl regreso a las aulas: La necesidad de construir escuelas resilientes\u201d, la Escuela Normal Superior, plantel En Sonora en Equipo publicamos toda la informaci\u00f3n de Sonora, M\u00e9xico y el Mundo de manera oportuna y busca que la libertad de expresi\u00f3n sea real. Visita nuestro medio informativo publicado desde Hermosillo, Sonora. %","robots":{"index":"index","follow":"follow","max-snippet":"max-snippet:-1","max-image-preview":"max-image-preview:large","max-video-preview":"max-video-preview:-1"},"canonical":"https:\/\/www.sonoraenequipo.com.mx\/realiza-creson-feria-del-conocimiento-virtual\/","og_locale":"es_ES","og_type":"article","og_title":"Sonora en Equipo. Realiza Creson Feria del Conocimiento virtual Sonora","og_description":"&nbsp; HERMOSILLO, SONORA,MX.\u2500\u2500Con el lema: \u201cEl regreso a las aulas: La necesidad de construir escuelas resilientes\u201d, la Escuela Normal Superior, plantel En Sonora en Equipo publicamos toda la informaci\u00f3n de Sonora, M\u00e9xico y el Mundo de manera oportuna y busca que la libertad de expresi\u00f3n sea real. Visita nuestro medio informativo publicado desde Hermosillo, Sonora. %","og_url":"https:\/\/www.sonoraenequipo.com.mx\/realiza-creson-feria-del-conocimiento-virtual\/","og_site_name":"Sonora en Equipo.","article_publisher":"https:\/\/www.facebook.com\/SonoraEE\/","article_author":"https:\/\/www.facebook.com\/SonoraEE","article_published_time":"2021-07-03T23:15:07+00:00","og_image":[{"width":700,"height":400,"url":"https:\/\/www.sonoraenequipo.com.mx\/storage\/2021\/07\/creson030721.jpg","type":"image\/jpeg"}],"author":"enequipo","twitter_card":"summary_large_image","twitter_creator":"@sonoraenequipo","twitter_site":"@sonoraenequipo","twitter_misc":{"Escrito por":"enequipo","Tiempo de lectura":"2 minutos"},"schema":{"@context":"https:\/\/schema.org","@graph":[{"@type":"Article","@id":"https:\/\/www.sonoraenequipo.com.mx\/realiza-creson-feria-del-conocimiento-virtual\/#article","isPartOf":{"@id":"https:\/\/www.sonoraenequipo.com.mx\/realiza-creson-feria-del-conocimiento-virtual\/"},"author":{"name":"enequipo","@id":"https:\/\/www.sonoraenequipo.com.mx\/#\/schema\/person\/50102df0fb23a8fa9e8effad8fa81386"},"headline":"Realiza Creson Feria del Conocimiento virtual","datePublished":"2021-07-03T23:15:07+00:00","mainEntityOfPage":{"@id":"https:\/\/www.sonoraenequipo.com.mx\/realiza-creson-feria-del-conocimiento-virtual\/"},"wordCount":491,"commentCount":0,"publisher":{"@id":"https:\/\/www.sonoraenequipo.com.mx\/#organization"},"image":{"@id":"https:\/\/www.sonoraenequipo.com.mx\/realiza-creson-feria-del-conocimiento-virtual\/#primaryimage"},"thumbnailUrl":"https:\/\/www.sonoraenequipo.com.mx\/storage\/2021\/07\/creson030721.jpg","keywords":["conocimiento","feria","virtual"],"articleSection":["Sonora"],"inLanguage":"es","potentialAction":[{"@type":"CommentAction","name":"Comment","target":["https:\/\/www.sonoraenequipo.com.mx\/realiza-creson-feria-del-conocimiento-virtual\/#respond"]}]},{"@type":"WebPage","@id":"https:\/\/www.sonoraenequipo.com.mx\/realiza-creson-feria-del-conocimiento-virtual\/","url":"https:\/\/www.sonoraenequipo.com.mx\/realiza-creson-feria-del-conocimiento-virtual\/","name":"Sonora en Equipo. Realiza Creson Feria del Conocimiento virtual Sonora","isPartOf":{"@id":"https:\/\/www.sonoraenequipo.com.mx\/#website"},"primaryImageOfPage":{"@id":"https:\/\/www.sonoraenequipo.com.mx\/realiza-creson-feria-del-conocimiento-virtual\/#primaryimage"},"image":{"@id":"https:\/\/www.sonoraenequipo.com.mx\/realiza-creson-feria-del-conocimiento-virtual\/#primaryimage"},"thumbnailUrl":"https:\/\/www.sonoraenequipo.com.mx\/storage\/2021\/07\/creson030721.jpg","datePublished":"2021-07-03T23:15:07+00:00","description":"&nbsp; HERMOSILLO, SONORA,MX.\u2500\u2500Con el lema: \u201cEl regreso a las aulas: La necesidad de construir escuelas resilientes\u201d, la Escuela Normal Superior, plantel En Sonora en Equipo publicamos toda la informaci\u00f3n de Sonora, M\u00e9xico y el Mundo de manera oportuna y busca que la libertad de expresi\u00f3n sea real. Visita nuestro medio informativo publicado desde Hermosillo, Sonora. %","breadcrumb":{"@id":"https:\/\/www.sonoraenequipo.com.mx\/realiza-creson-feria-del-conocimiento-virtual\/#breadcrumb"},"inLanguage":"es","potentialAction":[{"@type":"ReadAction","target":["https:\/\/www.sonoraenequipo.com.mx\/realiza-creson-feria-del-conocimiento-virtual\/"]}]},{"@type":"ImageObject","inLanguage":"es","@id":"https:\/\/www.sonoraenequipo.com.mx\/realiza-creson-feria-del-conocimiento-virtual\/#primaryimage","url":"https:\/\/www.sonoraenequipo.com.mx\/storage\/2021\/07\/creson030721.jpg","contentUrl":"https:\/\/www.sonoraenequipo.com.mx\/storage\/2021\/07\/creson030721.jpg","width":700,"height":400},{"@type":"BreadcrumbList","@id":"https:\/\/www.sonoraenequipo.com.mx\/realiza-creson-feria-del-conocimiento-virtual\/#breadcrumb","itemListElement":[{"@type":"ListItem","position":1,"name":"Portada","item":"https:\/\/www.sonoraenequipo.com.mx\/"},{"@type":"ListItem","position":2,"name":"Realiza Creson Feria del Conocimiento virtual"}]},{"@type":"WebSite","@id":"https:\/\/www.sonoraenequipo.com.mx\/#website","url":"https:\/\/www.sonoraenequipo.com.mx\/","name":"Sonora en Equipo.","description":"Diario en l\u00ednea con Noticias desde Hermosillo, Sonora","publisher":{"@id":"https:\/\/www.sonoraenequipo.com.mx\/#organization"},"potentialAction":[{"@type":"SearchAction","target":{"@type":"EntryPoint","urlTemplate":"https:\/\/www.sonoraenequipo.com.mx\/?s={search_term_string}"},"query-input":{"@type":"PropertyValueSpecification","valueRequired":true,"valueName":"search_term_string"}}],"inLanguage":"es"},{"@type":"Organization","@id":"https:\/\/www.sonoraenequipo.com.mx\/#organization","name":"Sonoraenequipo.com.mx","url":"https:\/\/www.sonoraenequipo.com.mx\/","logo":{"@type":"ImageObject","inLanguage":"es","@id":"https:\/\/www.sonoraenequipo.com.mx\/#\/schema\/logo\/image\/","url":"https:\/\/www.sonoraenequipo.com.mx\/storage\/2019\/01\/sonoraenequipo_opt.png","contentUrl":"https:\/\/www.sonoraenequipo.com.mx\/storage\/2019\/01\/sonoraenequipo_opt.png","width":375,"height":125,"caption":"Sonoraenequipo.com.mx"},"image":{"@id":"https:\/\/www.sonoraenequipo.com.mx\/#\/schema\/logo\/image\/"},"sameAs":["https:\/\/www.facebook.com\/SonoraEE\/","https:\/\/x.com\/sonoraenequipo","https:\/\/www.youtube.com\/channel\/UC338nW-lPEYmJQs4ZABQ1SQ"]},{"@type":"Person","@id":"https:\/\/www.sonoraenequipo.com.mx\/#\/schema\/person\/50102df0fb23a8fa9e8effad8fa81386","name":"enequipo","image":{"@type":"ImageObject","inLanguage":"es","@id":"https:\/\/www.sonoraenequipo.com.mx\/#\/schema\/person\/image\/","url":"https:\/\/secure.gravatar.com\/avatar\/049821681b589dabc0bc20695993ccebb09f5b5d4d790cd9251b97faac7c652b?s=96&d=blank&r=g","contentUrl":"https:\/\/secure.gravatar.com\/avatar\/049821681b589dabc0bc20695993ccebb09f5b5d4d790cd9251b97faac7c652b?s=96&d=blank&r=g","caption":"enequipo"},"sameAs":["https:\/\/www.facebook.com\/SonoraEE"]}]}},"jetpack_featured_media_url":"https:\/\/www.sonoraenequipo.com.mx\/storage\/2021\/07\/creson030721.jpg","_links":{"self":[{"href":"https:\/\/www.sonoraenequipo.com.mx\/api\/wp\/v2\/posts\/117694","targetHints":{"allow":["GET"]}}],"collection":[{"href":"https:\/\/www.sonoraenequipo.com.mx\/api\/wp\/v2\/posts"}],"about":[{"href":"https:\/\/www.sonoraenequipo.com.mx\/api\/wp\/v2\/types\/post"}],"author":[{"embeddable":true,"href":"https:\/\/www.sonoraenequipo.com.mx\/api\/wp\/v2\/users\/1"}],"replies":[{"embeddable":true,"href":"https:\/\/www.sonoraenequipo.com.mx\/api\/wp\/v2\/comments?post=117694"}],"version-history":[{"count":1,"href":"https:\/\/www.sonoraenequipo.com.mx\/api\/wp\/v2\/posts\/117694\/revisions"}],"predecessor-version":[{"id":117697,"href":"https:\/\/www.sonoraenequipo.com.mx\/api\/wp\/v2\/posts\/117694\/revisions\/117697"}],"wp:featuredmedia":[{"embeddable":true,"href":"https:\/\/www.sonoraenequipo.com.mx\/api\/wp\/v2\/media\/117696"}],"wp:attachment":[{"href":"https:\/\/www.sonoraenequipo.com.mx\/api\/wp\/v2\/media?parent=117694"}],"wp:term":[{"taxonomy":"category","embeddable":true,"href":"https:\/\/www.sonoraenequipo.com.mx\/api\/wp\/v2\/categories?post=117694"},{"taxonomy":"post_tag","embeddable":true,"href":"https:\/\/www.sonoraenequipo.com.mx\/api\/wp\/v2\/tags?post=117694"}],"curies":[{"name":"wp","href":"https:\/\/api.w.org\/{rel}","templated":true}]}}