{"id":117695,"date":"2021-07-03T16:22:38","date_gmt":"2021-07-03T23:22:38","guid":{"rendered":"https:\/\/www.sonoraenequipo.com.mx\/?p=117695"},"modified":"2021-07-03T16:30:28","modified_gmt":"2021-07-03T23:30:28","slug":"presidente-visita-puerto-penasco-e-inaugura-universidad-del-bienestar","status":"publish","type":"post","link":"https:\/\/www.sonoraenequipo.com.mx\/presidente-visita-puerto-penasco-e-inaugura-universidad-del-bienestar\/","title":{"rendered":"Presidente visita Puerto Pe\u00f1asco e inaugura Universidad del Bienestar"},"content":{"rendered":"<p>PUERTO PE\u00d1ASCO, SONORA. MX. \u2014 En Puerto Pe\u00f1asco, Sonora, el presidente de M\u00e9xico, Andres Manuel L\u00f3pez Obrador, supervis\u00f3 la implementaci\u00f3n de los programas sociales, que continuar\u00e1n y se fortalecer\u00e1n para instaurar un aut\u00e9ntico Estado de bienestar.<\/p>\n<p>&nbsp;<\/p>\n<p> <\/p>\n<p>&nbsp;<\/p>\n<p>En esta localidad del noroeste de M\u00e9xico el gobernante dijo claramente que se est\u00e1 gobernando con hechos y que seguir\u00e1n trabajando desde el humanismo, en bien del pueblo: atendiendo, escuchando y respetando a todos con preferencia a la gente que m\u00e1s lo necesita.<\/p>\n<p>&nbsp;<\/p>\n<p>En materia de becas dijo,<em> \u00abreportamos que en Puerto Pe\u00f1asco hay 216 estudiantes de nivel superior beneficiarios de 2 mil 400 pesos mensuales y todos los estudiantes de nivel medio superior, 2 mil 287, tienen recursos bimestrales; 643 estudiantes de primaria y secundaria acceden a una beca\u00bb.<\/em><\/p>\n<p>&nbsp;<\/p>\n<p>En este municipio hay un plantel recibiendo recursos de<strong> La Escuela es Nuestra,<\/strong> programa de rehabilitaci\u00f3n y mejoramiento. La meta para cuando termine el sexenio es que todas las escuelas de educaci\u00f3n b\u00e1sica en la Rep\u00fablica cuenten con recursos de manera directa.<\/p>\n<p>&nbsp;<\/p>\n<p>En cuanto a las pensiones, 2 mil 645 personas adultas mayores de Puerto Pe\u00f1asco tienen este beneficio de manera bimestral.<\/p>\n<p>&nbsp;<\/p>\n<p>Los recursos aumentar\u00e1n gradualmente y en enero de 2024 ser\u00e1n del doble de lo que se recibe en la actualidad y que ya se distribuye desde los 65 a\u00f1os.<\/p>\n<p>&nbsp;<\/p>\n<p>&nbsp;<\/p>\n<p>En el municipio 499 ni\u00f1as y ni\u00f1os con discapacidad son beneficiarios del programa de pensiones, mientras que 13 hijas e hijos de madres trabajadoras tienen un apoyo econ\u00f3mico para cuidados mientras ellas laboran.<\/p>\n<p>&nbsp;<\/p>\n<p>&nbsp;<\/p>\n<p>El gobierno federal impulsa el desarrollo de la actividad agr\u00edcola y pesquera. En Puerto Pe\u00f1asco son 992 pescadores recibieron est\u00edmulos por 7 mil pesos. El Banco del Bienestar tendr\u00e1 una sucursal en el municipio que hoy visitamos.<\/p>\n<p>&nbsp;<\/p>\n<p>&nbsp;<\/p>\n<p>El secretario t\u00e9cnico del Gabinete de la Oficina de la Presidencia, Carlos Torres Rosas, expuso que, como parte de la estrategia para garantizar la paz y la tranquilidad en el pa\u00eds, se generan oportunidades de desarrollo, entre las que se encuentra el programa J\u00f3venes Construyendo el Futuro. En Puerto Pe\u00f1asco, mil 747 mujeres y hombres de 18 a 29 a\u00f1os est\u00e1n inscritos en esa iniciativas.<\/p>\n<p>&nbsp;<\/p>\n<p>&nbsp;<\/p>\n<p>Las y los aprendices reciben el equivalente al salario m\u00ednimo. El gobierno federal, a trav\u00e9s de la Secretar\u00eda de Trabajo y Previsi\u00f3n Social, se fij\u00f3 la meta de incorporar a 14 mil 400 j\u00f3venes m\u00e1s en lo que resta de 2021<\/p>\n<p>&nbsp;<\/p>\n<p>Anunciamos que se dar\u00e1 atenci\u00f3n especial a los yaquis, guarij\u00edos, mayos y seris.<\/p>\n<p><iframe loading=\"lazy\" title=\"Programas para el Bienestar, desde Puerto Pe\u00f1asco, Sonora\" width=\"640\" height=\"360\" src=\"https:\/\/www.youtube.com\/embed\/GXUgkznPD9k?feature=oembed\" frameborder=\"0\" allow=\"accelerometer; autoplay; clipboard-write; encrypted-media; gyroscope; picture-in-picture; web-share\" referrerpolicy=\"strict-origin-when-cross-origin\" allowfullscreen><\/iframe><\/p>\n<p>https:\/\/www.youtube.com\/lopezobrador<\/p>\n<p>&nbsp;<\/p>\n<p>&nbsp;<\/p>\n<p>&nbsp;<\/p>\n<p>(Publicada el 03\/07\/2021)<\/p>\n","protected":false},"excerpt":{"rendered":"<p>PUERTO PE\u00d1ASCO, SONORA. MX. \u2014 En Puerto Pe\u00f1asco, Sonora, el presidente de M\u00e9xico, Andres Manuel&#8230;<\/p>\n","protected":false},"author":1,"featured_media":117699,"comment_status":"open","ping_status":"open","sticky":false,"template":"","format":"standard","meta":{"_monsterinsights_skip_tracking":false,"_monsterinsights_sitenote_active":false,"_monsterinsights_sitenote_note":"","_monsterinsights_sitenote_category":0,"footnotes":""},"categories":[5],"tags":[],"class_list":["post"],"yoast_head":" \n<title>Sonora en Equipo. Presidente visita Puerto Pe\u00f1asco e inaugura Universidad del Bienestar Rep\u00fablica<\/title>\n<meta name=\"description\" content=\"PUERTO PE\u00d1ASCO, SONORA. MX. \u2014 En Puerto Pe\u00f1asco, Sonora, el presidente de M\u00e9xico, Andres Manuel L\u00f3pez Obrador, supervis\u00f3 la implementaci\u00f3n de los En Sonora en Equipo publicamos toda la informaci\u00f3n de Sonora, M\u00e9xico y el Mundo de manera oportuna y busca que la libertad de expresi\u00f3n sea real. Visita nuestro medio informativo publicado desde Hermosillo, Sonora. %\" \/>\n<meta name=\"robots\" content=\"index, follow, max-snippet:-1, max-image-preview:large, max-video-preview:-1\" \/>\n<link rel=\"canonical\" href=\"https:\/\/www.sonoraenequipo.com.mx\/presidente-visita-puerto-penasco-e-inaugura-universidad-del-bienestar\/\" \/>\n<meta property=\"og:locale\" content=\"es_ES\" \/>\n<meta property=\"og:type\" content=\"article\" \/>\n<meta property=\"og:title\" content=\"Sonora en Equipo. Presidente visita Puerto Pe\u00f1asco e inaugura Universidad del Bienestar Rep\u00fablica\" \/>\n<meta property=\"og:description\" content=\"PUERTO PE\u00d1ASCO, SONORA. MX. \u2014 En Puerto Pe\u00f1asco, Sonora, el presidente de M\u00e9xico, Andres Manuel L\u00f3pez Obrador, supervis\u00f3 la implementaci\u00f3n de los En Sonora en Equipo publicamos toda la informaci\u00f3n de Sonora, M\u00e9xico y el Mundo de manera oportuna y busca que la libertad de expresi\u00f3n sea real. Visita nuestro medio informativo publicado desde Hermosillo, Sonora. %\" \/>\n<meta property=\"og:url\" content=\"https:\/\/www.sonoraenequipo.com.mx\/presidente-visita-puerto-penasco-e-inaugura-universidad-del-bienestar\/\" \/>\n<meta property=\"og:site_name\" content=\"Sonora en Equipo.\" \/>\n<meta property=\"article:publisher\" content=\"https:\/\/www.facebook.com\/SonoraEE\/\" \/>\n<meta property=\"article:author\" content=\"https:\/\/www.facebook.com\/SonoraEE\" \/>\n<meta property=\"article:published_time\" content=\"2021-07-03T23:22:38+00:00\" \/>\n<meta property=\"article:modified_time\" content=\"2021-07-03T23:30:28+00:00\" \/>\n<meta property=\"og:image\" content=\"https:\/\/www.sonoraenequipo.com.mx\/storage\/2021\/07\/Andres-Manuel_opt.jpg\" \/>\n\t<meta property=\"og:image:width\" content=\"700\" \/>\n\t<meta property=\"og:image:height\" content=\"400\" \/>\n\t<meta property=\"og:image:type\" content=\"image\/jpeg\" \/>\n<meta name=\"author\" content=\"enequipo\" \/>\n<meta name=\"twitter:card\" content=\"summary_large_image\" \/>\n<meta name=\"twitter:creator\" content=\"@sonoraenequipo\" \/>\n<meta name=\"twitter:site\" content=\"@sonoraenequipo\" \/>\n<meta name=\"twitter:label1\" content=\"Escrito por\" \/>\n\t<meta name=\"twitter:data1\" content=\"enequipo\" \/>\n\t<meta name=\"twitter:label2\" content=\"Tiempo de lectura\" \/>\n\t<meta name=\"twitter:data2\" content=\"2 minutos\" \/>\n<script type=\"application\/ld+json\" class=\"yoast-schema-graph\">{\"@context\":\"https:\/\/schema.org\",\"@graph\":[{\"@type\":\"Article\",\"@id\":\"https:\/\/www.sonoraenequipo.com.mx\/presidente-visita-puerto-penasco-e-inaugura-universidad-del-bienestar\/#article\",\"isPartOf\":{\"@id\":\"https:\/\/www.sonoraenequipo.com.mx\/presidente-visita-puerto-penasco-e-inaugura-universidad-del-bienestar\/\"},\"author\":{\"name\":\"enequipo\",\"@id\":\"https:\/\/www.sonoraenequipo.com.mx\/#\/schema\/person\/50102df0fb23a8fa9e8effad8fa81386\"},\"headline\":\"Presidente visita Puerto Pe\u00f1asco e inaugura Universidad del Bienestar\",\"datePublished\":\"2021-07-03T23:22:38+00:00\",\"dateModified\":\"2021-07-03T23:30:28+00:00\",\"mainEntityOfPage\":{\"@id\":\"https:\/\/www.sonoraenequipo.com.mx\/presidente-visita-puerto-penasco-e-inaugura-universidad-del-bienestar\/\"},\"wordCount\":468,\"commentCount\":0,\"publisher\":{\"@id\":\"https:\/\/www.sonoraenequipo.com.mx\/#organization\"},\"image\":{\"@id\":\"https:\/\/www.sonoraenequipo.com.mx\/presidente-visita-puerto-penasco-e-inaugura-universidad-del-bienestar\/#primaryimage\"},\"thumbnailUrl\":\"https:\/\/www.sonoraenequipo.com.mx\/storage\/2021\/07\/Andres-Manuel_opt.jpg\",\"articleSection\":[\"Rep\u00fablica\"],\"inLanguage\":\"es\",\"potentialAction\":[{\"@type\":\"CommentAction\",\"name\":\"Comment\",\"target\":[\"https:\/\/www.sonoraenequipo.com.mx\/presidente-visita-puerto-penasco-e-inaugura-universidad-del-bienestar\/#respond\"]}]},{\"@type\":\"WebPage\",\"@id\":\"https:\/\/www.sonoraenequipo.com.mx\/presidente-visita-puerto-penasco-e-inaugura-universidad-del-bienestar\/\",\"url\":\"https:\/\/www.sonoraenequipo.com.mx\/presidente-visita-puerto-penasco-e-inaugura-universidad-del-bienestar\/\",\"name\":\"Sonora en Equipo. Presidente visita Puerto Pe\u00f1asco e inaugura Universidad del Bienestar Rep\u00fablica\",\"isPartOf\":{\"@id\":\"https:\/\/www.sonoraenequipo.com.mx\/#website\"},\"primaryImageOfPage\":{\"@id\":\"https:\/\/www.sonoraenequipo.com.mx\/presidente-visita-puerto-penasco-e-inaugura-universidad-del-bienestar\/#primaryimage\"},\"image\":{\"@id\":\"https:\/\/www.sonoraenequipo.com.mx\/presidente-visita-puerto-penasco-e-inaugura-universidad-del-bienestar\/#primaryimage\"},\"thumbnailUrl\":\"https:\/\/www.sonoraenequipo.com.mx\/storage\/2021\/07\/Andres-Manuel_opt.jpg\",\"datePublished\":\"2021-07-03T23:22:38+00:00\",\"dateModified\":\"2021-07-03T23:30:28+00:00\",\"description\":\"PUERTO PE\u00d1ASCO, SONORA. MX. \u2014 En Puerto Pe\u00f1asco, Sonora, el presidente de M\u00e9xico, Andres Manuel L\u00f3pez Obrador, supervis\u00f3 la implementaci\u00f3n de los En Sonora en Equipo publicamos toda la informaci\u00f3n de Sonora, M\u00e9xico y el Mundo de manera oportuna y busca que la libertad de expresi\u00f3n sea real. Visita nuestro medio informativo publicado desde Hermosillo, Sonora. %\",\"breadcrumb\":{\"@id\":\"https:\/\/www.sonoraenequipo.com.mx\/presidente-visita-puerto-penasco-e-inaugura-universidad-del-bienestar\/#breadcrumb\"},\"inLanguage\":\"es\",\"potentialAction\":[{\"@type\":\"ReadAction\",\"target\":[\"https:\/\/www.sonoraenequipo.com.mx\/presidente-visita-puerto-penasco-e-inaugura-universidad-del-bienestar\/\"]}]},{\"@type\":\"ImageObject\",\"inLanguage\":\"es\",\"@id\":\"https:\/\/www.sonoraenequipo.com.mx\/presidente-visita-puerto-penasco-e-inaugura-universidad-del-bienestar\/#primaryimage\",\"url\":\"https:\/\/www.sonoraenequipo.com.mx\/storage\/2021\/07\/Andres-Manuel_opt.jpg\",\"contentUrl\":\"https:\/\/www.sonoraenequipo.com.mx\/storage\/2021\/07\/Andres-Manuel_opt.jpg\",\"width\":700,\"height\":400},{\"@type\":\"BreadcrumbList\",\"@id\":\"https:\/\/www.sonoraenequipo.com.mx\/presidente-visita-puerto-penasco-e-inaugura-universidad-del-bienestar\/#breadcrumb\",\"itemListElement\":[{\"@type\":\"ListItem\",\"position\":1,\"name\":\"Portada\",\"item\":\"https:\/\/www.sonoraenequipo.com.mx\/\"},{\"@type\":\"ListItem\",\"position\":2,\"name\":\"Presidente visita Puerto Pe\u00f1asco e inaugura Universidad del Bienestar\"}]},{\"@type\":\"WebSite\",\"@id\":\"https:\/\/www.sonoraenequipo.com.mx\/#website\",\"url\":\"https:\/\/www.sonoraenequipo.com.mx\/\",\"name\":\"Sonora en Equipo.\",\"description\":\"Diario en l\u00ednea con Noticias desde Hermosillo, Sonora\",\"publisher\":{\"@id\":\"https:\/\/www.sonoraenequipo.com.mx\/#organization\"},\"potentialAction\":[{\"@type\":\"SearchAction\",\"target\":{\"@type\":\"EntryPoint\",\"urlTemplate\":\"https:\/\/www.sonoraenequipo.com.mx\/?s={search_term_string}\"},\"query-input\":{\"@type\":\"PropertyValueSpecification\",\"valueRequired\":true,\"valueName\":\"search_term_string\"}}],\"inLanguage\":\"es\"},{\"@type\":\"Organization\",\"@id\":\"https:\/\/www.sonoraenequipo.com.mx\/#organization\",\"name\":\"Sonoraenequipo.com.mx\",\"url\":\"https:\/\/www.sonoraenequipo.com.mx\/\",\"logo\":{\"@type\":\"ImageObject\",\"inLanguage\":\"es\",\"@id\":\"https:\/\/www.sonoraenequipo.com.mx\/#\/schema\/logo\/image\/\",\"url\":\"https:\/\/www.sonoraenequipo.com.mx\/storage\/2019\/01\/sonoraenequipo_opt.png\",\"contentUrl\":\"https:\/\/www.sonoraenequipo.com.mx\/storage\/2019\/01\/sonoraenequipo_opt.png\",\"width\":375,\"height\":125,\"caption\":\"Sonoraenequipo.com.mx\"},\"image\":{\"@id\":\"https:\/\/www.sonoraenequipo.com.mx\/#\/schema\/logo\/image\/\"},\"sameAs\":[\"https:\/\/www.facebook.com\/SonoraEE\/\",\"https:\/\/x.com\/sonoraenequipo\",\"https:\/\/www.youtube.com\/channel\/UC338nW-lPEYmJQs4ZABQ1SQ\"]},{\"@type\":\"Person\",\"@id\":\"https:\/\/www.sonoraenequipo.com.mx\/#\/schema\/person\/50102df0fb23a8fa9e8effad8fa81386\",\"name\":\"enequipo\",\"image\":{\"@type\":\"ImageObject\",\"inLanguage\":\"es\",\"@id\":\"https:\/\/www.sonoraenequipo.com.mx\/#\/schema\/person\/image\/\",\"url\":\"https:\/\/secure.gravatar.com\/avatar\/049821681b589dabc0bc20695993ccebb09f5b5d4d790cd9251b97faac7c652b?s=96&d=blank&r=g\",\"contentUrl\":\"https:\/\/secure.gravatar.com\/avatar\/049821681b589dabc0bc20695993ccebb09f5b5d4d790cd9251b97faac7c652b?s=96&d=blank&r=g\",\"caption\":\"enequipo\"},\"sameAs\":[\"https:\/\/www.facebook.com\/SonoraEE\"]}]}<\/script>\n ","yoast_head_json":{"title":"Sonora en Equipo. Presidente visita Puerto Pe\u00f1asco e inaugura Universidad del Bienestar Rep\u00fablica","description":"PUERTO PE\u00d1ASCO, SONORA. MX. \u2014 En Puerto Pe\u00f1asco, Sonora, el presidente de M\u00e9xico, Andres Manuel L\u00f3pez Obrador, supervis\u00f3 la implementaci\u00f3n de los En Sonora en Equipo publicamos toda la informaci\u00f3n de Sonora, M\u00e9xico y el Mundo de manera oportuna y busca que la libertad de expresi\u00f3n sea real. Visita nuestro medio informativo publicado desde Hermosillo, Sonora. %","robots":{"index":"index","follow":"follow","max-snippet":"max-snippet:-1","max-image-preview":"max-image-preview:large","max-video-preview":"max-video-preview:-1"},"canonical":"https:\/\/www.sonoraenequipo.com.mx\/presidente-visita-puerto-penasco-e-inaugura-universidad-del-bienestar\/","og_locale":"es_ES","og_type":"article","og_title":"Sonora en Equipo. Presidente visita Puerto Pe\u00f1asco e inaugura Universidad del Bienestar Rep\u00fablica","og_description":"PUERTO PE\u00d1ASCO, SONORA. MX. \u2014 En Puerto Pe\u00f1asco, Sonora, el presidente de M\u00e9xico, Andres Manuel L\u00f3pez Obrador, supervis\u00f3 la implementaci\u00f3n de los En Sonora en Equipo publicamos toda la informaci\u00f3n de Sonora, M\u00e9xico y el Mundo de manera oportuna y busca que la libertad de expresi\u00f3n sea real. Visita nuestro medio informativo publicado desde Hermosillo, Sonora. %","og_url":"https:\/\/www.sonoraenequipo.com.mx\/presidente-visita-puerto-penasco-e-inaugura-universidad-del-bienestar\/","og_site_name":"Sonora en Equipo.","article_publisher":"https:\/\/www.facebook.com\/SonoraEE\/","article_author":"https:\/\/www.facebook.com\/SonoraEE","article_published_time":"2021-07-03T23:22:38+00:00","article_modified_time":"2021-07-03T23:30:28+00:00","og_image":[{"width":700,"height":400,"url":"https:\/\/www.sonoraenequipo.com.mx\/storage\/2021\/07\/Andres-Manuel_opt.jpg","type":"image\/jpeg"}],"author":"enequipo","twitter_card":"summary_large_image","twitter_creator":"@sonoraenequipo","twitter_site":"@sonoraenequipo","twitter_misc":{"Escrito por":"enequipo","Tiempo de lectura":"2 minutos"},"schema":{"@context":"https:\/\/schema.org","@graph":[{"@type":"Article","@id":"https:\/\/www.sonoraenequipo.com.mx\/presidente-visita-puerto-penasco-e-inaugura-universidad-del-bienestar\/#article","isPartOf":{"@id":"https:\/\/www.sonoraenequipo.com.mx\/presidente-visita-puerto-penasco-e-inaugura-universidad-del-bienestar\/"},"author":{"name":"enequipo","@id":"https:\/\/www.sonoraenequipo.com.mx\/#\/schema\/person\/50102df0fb23a8fa9e8effad8fa81386"},"headline":"Presidente visita Puerto Pe\u00f1asco e inaugura Universidad del Bienestar","datePublished":"2021-07-03T23:22:38+00:00","dateModified":"2021-07-03T23:30:28+00:00","mainEntityOfPage":{"@id":"https:\/\/www.sonoraenequipo.com.mx\/presidente-visita-puerto-penasco-e-inaugura-universidad-del-bienestar\/"},"wordCount":468,"commentCount":0,"publisher":{"@id":"https:\/\/www.sonoraenequipo.com.mx\/#organization"},"image":{"@id":"https:\/\/www.sonoraenequipo.com.mx\/presidente-visita-puerto-penasco-e-inaugura-universidad-del-bienestar\/#primaryimage"},"thumbnailUrl":"https:\/\/www.sonoraenequipo.com.mx\/storage\/2021\/07\/Andres-Manuel_opt.jpg","articleSection":["Rep\u00fablica"],"inLanguage":"es","potentialAction":[{"@type":"CommentAction","name":"Comment","target":["https:\/\/www.sonoraenequipo.com.mx\/presidente-visita-puerto-penasco-e-inaugura-universidad-del-bienestar\/#respond"]}]},{"@type":"WebPage","@id":"https:\/\/www.sonoraenequipo.com.mx\/presidente-visita-puerto-penasco-e-inaugura-universidad-del-bienestar\/","url":"https:\/\/www.sonoraenequipo.com.mx\/presidente-visita-puerto-penasco-e-inaugura-universidad-del-bienestar\/","name":"Sonora en Equipo. Presidente visita Puerto Pe\u00f1asco e inaugura Universidad del Bienestar Rep\u00fablica","isPartOf":{"@id":"https:\/\/www.sonoraenequipo.com.mx\/#website"},"primaryImageOfPage":{"@id":"https:\/\/www.sonoraenequipo.com.mx\/presidente-visita-puerto-penasco-e-inaugura-universidad-del-bienestar\/#primaryimage"},"image":{"@id":"https:\/\/www.sonoraenequipo.com.mx\/presidente-visita-puerto-penasco-e-inaugura-universidad-del-bienestar\/#primaryimage"},"thumbnailUrl":"https:\/\/www.sonoraenequipo.com.mx\/storage\/2021\/07\/Andres-Manuel_opt.jpg","datePublished":"2021-07-03T23:22:38+00:00","dateModified":"2021-07-03T23:30:28+00:00","description":"PUERTO PE\u00d1ASCO, SONORA. MX. \u2014 En Puerto Pe\u00f1asco, Sonora, el presidente de M\u00e9xico, Andres Manuel L\u00f3pez Obrador, supervis\u00f3 la implementaci\u00f3n de los En Sonora en Equipo publicamos toda la informaci\u00f3n de Sonora, M\u00e9xico y el Mundo de manera oportuna y busca que la libertad de expresi\u00f3n sea real. Visita nuestro medio informativo publicado desde Hermosillo, Sonora. %","breadcrumb":{"@id":"https:\/\/www.sonoraenequipo.com.mx\/presidente-visita-puerto-penasco-e-inaugura-universidad-del-bienestar\/#breadcrumb"},"inLanguage":"es","potentialAction":[{"@type":"ReadAction","target":["https:\/\/www.sonoraenequipo.com.mx\/presidente-visita-puerto-penasco-e-inaugura-universidad-del-bienestar\/"]}]},{"@type":"ImageObject","inLanguage":"es","@id":"https:\/\/www.sonoraenequipo.com.mx\/presidente-visita-puerto-penasco-e-inaugura-universidad-del-bienestar\/#primaryimage","url":"https:\/\/www.sonoraenequipo.com.mx\/storage\/2021\/07\/Andres-Manuel_opt.jpg","contentUrl":"https:\/\/www.sonoraenequipo.com.mx\/storage\/2021\/07\/Andres-Manuel_opt.jpg","width":700,"height":400},{"@type":"BreadcrumbList","@id":"https:\/\/www.sonoraenequipo.com.mx\/presidente-visita-puerto-penasco-e-inaugura-universidad-del-bienestar\/#breadcrumb","itemListElement":[{"@type":"ListItem","position":1,"name":"Portada","item":"https:\/\/www.sonoraenequipo.com.mx\/"},{"@type":"ListItem","position":2,"name":"Presidente visita Puerto Pe\u00f1asco e inaugura Universidad del Bienestar"}]},{"@type":"WebSite","@id":"https:\/\/www.sonoraenequipo.com.mx\/#website","url":"https:\/\/www.sonoraenequipo.com.mx\/","name":"Sonora en Equipo.","description":"Diario en l\u00ednea con Noticias desde Hermosillo, Sonora","publisher":{"@id":"https:\/\/www.sonoraenequipo.com.mx\/#organization"},"potentialAction":[{"@type":"SearchAction","target":{"@type":"EntryPoint","urlTemplate":"https:\/\/www.sonoraenequipo.com.mx\/?s={search_term_string}"},"query-input":{"@type":"PropertyValueSpecification","valueRequired":true,"valueName":"search_term_string"}}],"inLanguage":"es"},{"@type":"Organization","@id":"https:\/\/www.sonoraenequipo.com.mx\/#organization","name":"Sonoraenequipo.com.mx","url":"https:\/\/www.sonoraenequipo.com.mx\/","logo":{"@type":"ImageObject","inLanguage":"es","@id":"https:\/\/www.sonoraenequipo.com.mx\/#\/schema\/logo\/image\/","url":"https:\/\/www.sonoraenequipo.com.mx\/storage\/2019\/01\/sonoraenequipo_opt.png","contentUrl":"https:\/\/www.sonoraenequipo.com.mx\/storage\/2019\/01\/sonoraenequipo_opt.png","width":375,"height":125,"caption":"Sonoraenequipo.com.mx"},"image":{"@id":"https:\/\/www.sonoraenequipo.com.mx\/#\/schema\/logo\/image\/"},"sameAs":["https:\/\/www.facebook.com\/SonoraEE\/","https:\/\/x.com\/sonoraenequipo","https:\/\/www.youtube.com\/channel\/UC338nW-lPEYmJQs4ZABQ1SQ"]},{"@type":"Person","@id":"https:\/\/www.sonoraenequipo.com.mx\/#\/schema\/person\/50102df0fb23a8fa9e8effad8fa81386","name":"enequipo","image":{"@type":"ImageObject","inLanguage":"es","@id":"https:\/\/www.sonoraenequipo.com.mx\/#\/schema\/person\/image\/","url":"https:\/\/secure.gravatar.com\/avatar\/049821681b589dabc0bc20695993ccebb09f5b5d4d790cd9251b97faac7c652b?s=96&d=blank&r=g","contentUrl":"https:\/\/secure.gravatar.com\/avatar\/049821681b589dabc0bc20695993ccebb09f5b5d4d790cd9251b97faac7c652b?s=96&d=blank&r=g","caption":"enequipo"},"sameAs":["https:\/\/www.facebook.com\/SonoraEE"]}]}},"jetpack_featured_media_url":"https:\/\/www.sonoraenequipo.com.mx\/storage\/2021\/07\/Andres-Manuel_opt.jpg","_links":{"self":[{"href":"https:\/\/www.sonoraenequipo.com.mx\/api\/wp\/v2\/posts\/117695","targetHints":{"allow":["GET"]}}],"collection":[{"href":"https:\/\/www.sonoraenequipo.com.mx\/api\/wp\/v2\/posts"}],"about":[{"href":"https:\/\/www.sonoraenequipo.com.mx\/api\/wp\/v2\/types\/post"}],"author":[{"embeddable":true,"href":"https:\/\/www.sonoraenequipo.com.mx\/api\/wp\/v2\/users\/1"}],"replies":[{"embeddable":true,"href":"https:\/\/www.sonoraenequipo.com.mx\/api\/wp\/v2\/comments?post=117695"}],"version-history":[{"count":1,"href":"https:\/\/www.sonoraenequipo.com.mx\/api\/wp\/v2\/posts\/117695\/revisions"}],"predecessor-version":[{"id":117702,"href":"https:\/\/www.sonoraenequipo.com.mx\/api\/wp\/v2\/posts\/117695\/revisions\/117702"}],"wp:featuredmedia":[{"embeddable":true,"href":"https:\/\/www.sonoraenequipo.com.mx\/api\/wp\/v2\/media\/117699"}],"wp:attachment":[{"href":"https:\/\/www.sonoraenequipo.com.mx\/api\/wp\/v2\/media?parent=117695"}],"wp:term":[{"taxonomy":"category","embeddable":true,"href":"https:\/\/www.sonoraenequipo.com.mx\/api\/wp\/v2\/categories?post=117695"},{"taxonomy":"post_tag","embeddable":true,"href":"https:\/\/www.sonoraenequipo.com.mx\/api\/wp\/v2\/tags?post=117695"}],"curies":[{"name":"wp","href":"https:\/\/api.w.org\/{rel}","templated":true}]}}