{"id":117706,"date":"2021-07-03T17:50:32","date_gmt":"2021-07-04T00:50:32","guid":{"rendered":"https:\/\/www.sonoraenequipo.com.mx\/?p=117706"},"modified":"2021-07-03T18:37:39","modified_gmt":"2021-07-04T01:37:39","slug":"mark-hamill-dice-que-el-incendio-en-el-golfo-de-mexico-es-una-senal-apocaliptica","status":"publish","type":"post","link":"https:\/\/www.sonoraenequipo.com.mx\/mark-hamill-dice-que-el-incendio-en-el-golfo-de-mexico-es-una-senal-apocaliptica\/","title":{"rendered":"Mark Hamill dice que el incendio en el Golfo de M\u00e9xico es una se\u00f1al apocal\u00edptica"},"content":{"rendered":"<p>LOS \u00c1NGELES, CALIFORNIA. ESTADOS UNIDOS. \u2014 Las im\u00e1genes que circularon en redes sociales sobre el incendio en el ducto submarino cerca de una plataforma de Petr\u00f3leos Mexicanos (Pemex), en Campeche, asombraron no s\u00f3lo a cibernautas mexicanos, sino tambi\u00e9n al actor estadounidense Mark Hamill.<\/p>\n<p>&nbsp;<\/p>\n<p> <\/p>\n<p>&nbsp;<\/p>\n<p>Conocido por interpretar a Luke Skywalker en la serie de pel\u00edculas Star Wars, Hamill poste\u00f3 un video en el que se aprecia el incendio en la superficie de las aguas de la regi\u00f3n tras la ruptura en un gasoducto submarino en el Golfo de M\u00e9xico.<\/p>\n<p>&nbsp;<\/p>\n<p>El histri\u00f3n de 69 a\u00f1os mostr\u00f3 su asombro con las im\u00e1genes y reflexion\u00f3 al respecto con un breve mensaje que en pocas horas acumula caso 50 mil <em>\u00abme gusta\u00bb<\/em>.<\/p>\n<p>&nbsp;<\/p>\n<p><em>\u00abSi esto no es una se\u00f1al segura del Apocalipsis, no s\u00e9 qu\u00e9 es\u00bb,<\/em> se lee.<\/p>\n<p>&nbsp;<\/p>\n<p>Como respuesta a este mensaje, varios cibernautas opinaron que en efecto, la humanidad ha actuado mal en los \u00faltimos a\u00f1os y ha propiciado al declive de la calidad de vida en la Tierra.<\/p>\n<p>&nbsp;<\/p>\n<p><em>\u00abA veces se siente como si estuvi\u00e9ramos destruyendo todo lo bueno de este mundo. Es desgarrador\u00bb, e<\/em>scribi\u00f3 un usuario.<\/p>\n<p>&nbsp;<\/p>\n<p>Petr\u00f3leos Mexicanos (Pemex) dijo que hab\u00eda enviado barcos de control de incendios para sofocar las llamas, y afirm\u00f3 que nadie result\u00f3 herido en el incidente ocurrido en el campo petrolero Ku-Maloob-Zaap.<\/p>\n<p>&nbsp;<\/p>\n<p>La fuga registrada el viernes al amanecer ocurri\u00f3 a unos 150 metros (yardas) de una plataforma petrolera. La compa\u00f1\u00eda dijo que hab\u00eda controlado la fuga de gas unas cinco horas despu\u00e9s.<\/p>\n<p>&nbsp;<\/p>\n<p>Pero el accidente dio lugar a una extra\u00f1a imagen de llamas entre las aguas del Golfo de M\u00e9xico; por el momento se desconoce cu\u00e1nto da\u00f1o ambiental caus\u00f3 la fuga de gas y la bola de fuego oce\u00e1nica.<\/p>\n<p>https:\/\/twitter.com\/i\/status\/1411075158006284290<\/p>\n<p>Miyoko Sakashita, directora del programa de oc\u00e9anos del Centro para la Diversidad Biol\u00f3gica, escribi\u00f3 que \u00ablas aterradoras im\u00e1genes del Golfo de M\u00e9xico est\u00e1n mostrando al mundo que las perforaciones en alta mar son sucias y peligrosas\u00bb.<\/p>\n<p>&nbsp;<\/p>\n<p><em>\u00abEstos horribles accidentes continuar\u00e1n da\u00f1ando el golfo si no ponemos fin a la extracci\u00f3n en alta mar de una vez por todas\u00bb,<\/em> agreg\u00f3 Sakashita.<\/p>\n<p>&nbsp;<\/p>\n<p>https:\/\/twitter.com\/HamillHimself<\/p>\n<p>(Publicada el 03\/07\/2021)<\/p>\n","protected":false},"excerpt":{"rendered":"<p>LOS \u00c1NGELES, CALIFORNIA. ESTADOS UNIDOS. \u2014 Las im\u00e1genes que circularon en redes sociales sobre el&#8230;<\/p>\n","protected":false},"author":1,"featured_media":117707,"comment_status":"open","ping_status":"open","sticky":false,"template":"","format":"standard","meta":{"_monsterinsights_skip_tracking":false,"_monsterinsights_sitenote_active":false,"_monsterinsights_sitenote_note":"","_monsterinsights_sitenote_category":0,"footnotes":""},"categories":[3],"tags":[],"class_list":["post"],"yoast_head":" \n<title>Sonora en Equipo. Mark Hamill dice que el incendio en el Golfo de M\u00e9xico es una se\u00f1al apocal\u00edptica MUNDO<\/title>\n<meta name=\"description\" content=\"LOS \u00c1NGELES, CALIFORNIA. ESTADOS UNIDOS. \u2014 Las im\u00e1genes que circularon en redes sociales sobre el incendio en el ducto submarino cerca de una plataforma En Sonora en Equipo publicamos toda la informaci\u00f3n de Sonora, M\u00e9xico y el Mundo de manera oportuna y busca que la libertad de expresi\u00f3n sea real. Visita nuestro medio informativo publicado desde Hermosillo, Sonora. %\" \/>\n<meta name=\"robots\" content=\"index, follow, max-snippet:-1, max-image-preview:large, max-video-preview:-1\" \/>\n<link rel=\"canonical\" href=\"https:\/\/www.sonoraenequipo.com.mx\/mark-hamill-dice-que-el-incendio-en-el-golfo-de-mexico-es-una-senal-apocaliptica\/\" \/>\n<meta property=\"og:locale\" content=\"es_ES\" \/>\n<meta property=\"og:type\" content=\"article\" \/>\n<meta property=\"og:title\" content=\"Sonora en Equipo. Mark Hamill dice que el incendio en el Golfo de M\u00e9xico es una se\u00f1al apocal\u00edptica MUNDO\" \/>\n<meta property=\"og:description\" content=\"LOS \u00c1NGELES, CALIFORNIA. ESTADOS UNIDOS. \u2014 Las im\u00e1genes que circularon en redes sociales sobre el incendio en el ducto submarino cerca de una plataforma En Sonora en Equipo publicamos toda la informaci\u00f3n de Sonora, M\u00e9xico y el Mundo de manera oportuna y busca que la libertad de expresi\u00f3n sea real. Visita nuestro medio informativo publicado desde Hermosillo, Sonora. %\" \/>\n<meta property=\"og:url\" content=\"https:\/\/www.sonoraenequipo.com.mx\/mark-hamill-dice-que-el-incendio-en-el-golfo-de-mexico-es-una-senal-apocaliptica\/\" \/>\n<meta property=\"og:site_name\" content=\"Sonora en Equipo.\" \/>\n<meta property=\"article:publisher\" content=\"https:\/\/www.facebook.com\/SonoraEE\/\" \/>\n<meta property=\"article:author\" content=\"https:\/\/www.facebook.com\/SonoraEE\" \/>\n<meta property=\"article:published_time\" content=\"2021-07-04T00:50:32+00:00\" \/>\n<meta property=\"article:modified_time\" content=\"2021-07-04T01:37:39+00:00\" \/>\n<meta property=\"og:image\" content=\"https:\/\/www.sonoraenequipo.com.mx\/storage\/2021\/07\/imagen-apocaliptica_opt.jpg\" \/>\n\t<meta property=\"og:image:width\" content=\"700\" \/>\n\t<meta property=\"og:image:height\" content=\"400\" \/>\n\t<meta property=\"og:image:type\" content=\"image\/jpeg\" \/>\n<meta name=\"author\" content=\"enequipo\" \/>\n<meta name=\"twitter:card\" content=\"summary_large_image\" \/>\n<meta name=\"twitter:creator\" content=\"@sonoraenequipo\" \/>\n<meta name=\"twitter:site\" content=\"@sonoraenequipo\" \/>\n<meta name=\"twitter:label1\" content=\"Escrito por\" \/>\n\t<meta name=\"twitter:data1\" content=\"enequipo\" \/>\n\t<meta name=\"twitter:label2\" content=\"Tiempo de lectura\" \/>\n\t<meta name=\"twitter:data2\" content=\"2 minutos\" \/>\n<script type=\"application\/ld+json\" class=\"yoast-schema-graph\">{\"@context\":\"https:\/\/schema.org\",\"@graph\":[{\"@type\":\"Article\",\"@id\":\"https:\/\/www.sonoraenequipo.com.mx\/mark-hamill-dice-que-el-incendio-en-el-golfo-de-mexico-es-una-senal-apocaliptica\/#article\",\"isPartOf\":{\"@id\":\"https:\/\/www.sonoraenequipo.com.mx\/mark-hamill-dice-que-el-incendio-en-el-golfo-de-mexico-es-una-senal-apocaliptica\/\"},\"author\":{\"name\":\"enequipo\",\"@id\":\"https:\/\/www.sonoraenequipo.com.mx\/#\/schema\/person\/50102df0fb23a8fa9e8effad8fa81386\"},\"headline\":\"Mark Hamill dice que el incendio en el Golfo de M\u00e9xico es una se\u00f1al apocal\u00edptica\",\"datePublished\":\"2021-07-04T00:50:32+00:00\",\"dateModified\":\"2021-07-04T01:37:39+00:00\",\"mainEntityOfPage\":{\"@id\":\"https:\/\/www.sonoraenequipo.com.mx\/mark-hamill-dice-que-el-incendio-en-el-golfo-de-mexico-es-una-senal-apocaliptica\/\"},\"wordCount\":410,\"commentCount\":0,\"publisher\":{\"@id\":\"https:\/\/www.sonoraenequipo.com.mx\/#organization\"},\"image\":{\"@id\":\"https:\/\/www.sonoraenequipo.com.mx\/mark-hamill-dice-que-el-incendio-en-el-golfo-de-mexico-es-una-senal-apocaliptica\/#primaryimage\"},\"thumbnailUrl\":\"https:\/\/www.sonoraenequipo.com.mx\/storage\/2021\/07\/imagen-apocaliptica_opt.jpg\",\"articleSection\":[\"MUNDO\"],\"inLanguage\":\"es\",\"potentialAction\":[{\"@type\":\"CommentAction\",\"name\":\"Comment\",\"target\":[\"https:\/\/www.sonoraenequipo.com.mx\/mark-hamill-dice-que-el-incendio-en-el-golfo-de-mexico-es-una-senal-apocaliptica\/#respond\"]}]},{\"@type\":\"WebPage\",\"@id\":\"https:\/\/www.sonoraenequipo.com.mx\/mark-hamill-dice-que-el-incendio-en-el-golfo-de-mexico-es-una-senal-apocaliptica\/\",\"url\":\"https:\/\/www.sonoraenequipo.com.mx\/mark-hamill-dice-que-el-incendio-en-el-golfo-de-mexico-es-una-senal-apocaliptica\/\",\"name\":\"Sonora en Equipo. Mark Hamill dice que el incendio en el Golfo de M\u00e9xico es una se\u00f1al apocal\u00edptica MUNDO\",\"isPartOf\":{\"@id\":\"https:\/\/www.sonoraenequipo.com.mx\/#website\"},\"primaryImageOfPage\":{\"@id\":\"https:\/\/www.sonoraenequipo.com.mx\/mark-hamill-dice-que-el-incendio-en-el-golfo-de-mexico-es-una-senal-apocaliptica\/#primaryimage\"},\"image\":{\"@id\":\"https:\/\/www.sonoraenequipo.com.mx\/mark-hamill-dice-que-el-incendio-en-el-golfo-de-mexico-es-una-senal-apocaliptica\/#primaryimage\"},\"thumbnailUrl\":\"https:\/\/www.sonoraenequipo.com.mx\/storage\/2021\/07\/imagen-apocaliptica_opt.jpg\",\"datePublished\":\"2021-07-04T00:50:32+00:00\",\"dateModified\":\"2021-07-04T01:37:39+00:00\",\"description\":\"LOS \u00c1NGELES, CALIFORNIA. ESTADOS UNIDOS. \u2014 Las im\u00e1genes que circularon en redes sociales sobre el incendio en el ducto submarino cerca de una plataforma En Sonora en Equipo publicamos toda la informaci\u00f3n de Sonora, M\u00e9xico y el Mundo de manera oportuna y busca que la libertad de expresi\u00f3n sea real. Visita nuestro medio informativo publicado desde Hermosillo, Sonora. %\",\"breadcrumb\":{\"@id\":\"https:\/\/www.sonoraenequipo.com.mx\/mark-hamill-dice-que-el-incendio-en-el-golfo-de-mexico-es-una-senal-apocaliptica\/#breadcrumb\"},\"inLanguage\":\"es\",\"potentialAction\":[{\"@type\":\"ReadAction\",\"target\":[\"https:\/\/www.sonoraenequipo.com.mx\/mark-hamill-dice-que-el-incendio-en-el-golfo-de-mexico-es-una-senal-apocaliptica\/\"]}]},{\"@type\":\"ImageObject\",\"inLanguage\":\"es\",\"@id\":\"https:\/\/www.sonoraenequipo.com.mx\/mark-hamill-dice-que-el-incendio-en-el-golfo-de-mexico-es-una-senal-apocaliptica\/#primaryimage\",\"url\":\"https:\/\/www.sonoraenequipo.com.mx\/storage\/2021\/07\/imagen-apocaliptica_opt.jpg\",\"contentUrl\":\"https:\/\/www.sonoraenequipo.com.mx\/storage\/2021\/07\/imagen-apocaliptica_opt.jpg\",\"width\":700,\"height\":400},{\"@type\":\"BreadcrumbList\",\"@id\":\"https:\/\/www.sonoraenequipo.com.mx\/mark-hamill-dice-que-el-incendio-en-el-golfo-de-mexico-es-una-senal-apocaliptica\/#breadcrumb\",\"itemListElement\":[{\"@type\":\"ListItem\",\"position\":1,\"name\":\"Portada\",\"item\":\"https:\/\/www.sonoraenequipo.com.mx\/\"},{\"@type\":\"ListItem\",\"position\":2,\"name\":\"Mark Hamill dice que el incendio en el Golfo de M\u00e9xico es una se\u00f1al apocal\u00edptica\"}]},{\"@type\":\"WebSite\",\"@id\":\"https:\/\/www.sonoraenequipo.com.mx\/#website\",\"url\":\"https:\/\/www.sonoraenequipo.com.mx\/\",\"name\":\"Sonora en Equipo.\",\"description\":\"Diario en l\u00ednea con Noticias desde Hermosillo, Sonora\",\"publisher\":{\"@id\":\"https:\/\/www.sonoraenequipo.com.mx\/#organization\"},\"potentialAction\":[{\"@type\":\"SearchAction\",\"target\":{\"@type\":\"EntryPoint\",\"urlTemplate\":\"https:\/\/www.sonoraenequipo.com.mx\/?s={search_term_string}\"},\"query-input\":{\"@type\":\"PropertyValueSpecification\",\"valueRequired\":true,\"valueName\":\"search_term_string\"}}],\"inLanguage\":\"es\"},{\"@type\":\"Organization\",\"@id\":\"https:\/\/www.sonoraenequipo.com.mx\/#organization\",\"name\":\"Sonoraenequipo.com.mx\",\"url\":\"https:\/\/www.sonoraenequipo.com.mx\/\",\"logo\":{\"@type\":\"ImageObject\",\"inLanguage\":\"es\",\"@id\":\"https:\/\/www.sonoraenequipo.com.mx\/#\/schema\/logo\/image\/\",\"url\":\"https:\/\/www.sonoraenequipo.com.mx\/storage\/2019\/01\/sonoraenequipo_opt.png\",\"contentUrl\":\"https:\/\/www.sonoraenequipo.com.mx\/storage\/2019\/01\/sonoraenequipo_opt.png\",\"width\":375,\"height\":125,\"caption\":\"Sonoraenequipo.com.mx\"},\"image\":{\"@id\":\"https:\/\/www.sonoraenequipo.com.mx\/#\/schema\/logo\/image\/\"},\"sameAs\":[\"https:\/\/www.facebook.com\/SonoraEE\/\",\"https:\/\/x.com\/sonoraenequipo\",\"https:\/\/www.youtube.com\/channel\/UC338nW-lPEYmJQs4ZABQ1SQ\"]},{\"@type\":\"Person\",\"@id\":\"https:\/\/www.sonoraenequipo.com.mx\/#\/schema\/person\/50102df0fb23a8fa9e8effad8fa81386\",\"name\":\"enequipo\",\"image\":{\"@type\":\"ImageObject\",\"inLanguage\":\"es\",\"@id\":\"https:\/\/www.sonoraenequipo.com.mx\/#\/schema\/person\/image\/\",\"url\":\"https:\/\/secure.gravatar.com\/avatar\/049821681b589dabc0bc20695993ccebb09f5b5d4d790cd9251b97faac7c652b?s=96&d=blank&r=g\",\"contentUrl\":\"https:\/\/secure.gravatar.com\/avatar\/049821681b589dabc0bc20695993ccebb09f5b5d4d790cd9251b97faac7c652b?s=96&d=blank&r=g\",\"caption\":\"enequipo\"},\"sameAs\":[\"https:\/\/www.facebook.com\/SonoraEE\"]}]}<\/script>\n ","yoast_head_json":{"title":"Sonora en Equipo. Mark Hamill dice que el incendio en el Golfo de M\u00e9xico es una se\u00f1al apocal\u00edptica MUNDO","description":"LOS \u00c1NGELES, CALIFORNIA. ESTADOS UNIDOS. \u2014 Las im\u00e1genes que circularon en redes sociales sobre el incendio en el ducto submarino cerca de una plataforma En Sonora en Equipo publicamos toda la informaci\u00f3n de Sonora, M\u00e9xico y el Mundo de manera oportuna y busca que la libertad de expresi\u00f3n sea real. Visita nuestro medio informativo publicado desde Hermosillo, Sonora. %","robots":{"index":"index","follow":"follow","max-snippet":"max-snippet:-1","max-image-preview":"max-image-preview:large","max-video-preview":"max-video-preview:-1"},"canonical":"https:\/\/www.sonoraenequipo.com.mx\/mark-hamill-dice-que-el-incendio-en-el-golfo-de-mexico-es-una-senal-apocaliptica\/","og_locale":"es_ES","og_type":"article","og_title":"Sonora en Equipo. Mark Hamill dice que el incendio en el Golfo de M\u00e9xico es una se\u00f1al apocal\u00edptica MUNDO","og_description":"LOS \u00c1NGELES, CALIFORNIA. ESTADOS UNIDOS. \u2014 Las im\u00e1genes que circularon en redes sociales sobre el incendio en el ducto submarino cerca de una plataforma En Sonora en Equipo publicamos toda la informaci\u00f3n de Sonora, M\u00e9xico y el Mundo de manera oportuna y busca que la libertad de expresi\u00f3n sea real. Visita nuestro medio informativo publicado desde Hermosillo, Sonora. %","og_url":"https:\/\/www.sonoraenequipo.com.mx\/mark-hamill-dice-que-el-incendio-en-el-golfo-de-mexico-es-una-senal-apocaliptica\/","og_site_name":"Sonora en Equipo.","article_publisher":"https:\/\/www.facebook.com\/SonoraEE\/","article_author":"https:\/\/www.facebook.com\/SonoraEE","article_published_time":"2021-07-04T00:50:32+00:00","article_modified_time":"2021-07-04T01:37:39+00:00","og_image":[{"width":700,"height":400,"url":"https:\/\/www.sonoraenequipo.com.mx\/storage\/2021\/07\/imagen-apocaliptica_opt.jpg","type":"image\/jpeg"}],"author":"enequipo","twitter_card":"summary_large_image","twitter_creator":"@sonoraenequipo","twitter_site":"@sonoraenequipo","twitter_misc":{"Escrito por":"enequipo","Tiempo de lectura":"2 minutos"},"schema":{"@context":"https:\/\/schema.org","@graph":[{"@type":"Article","@id":"https:\/\/www.sonoraenequipo.com.mx\/mark-hamill-dice-que-el-incendio-en-el-golfo-de-mexico-es-una-senal-apocaliptica\/#article","isPartOf":{"@id":"https:\/\/www.sonoraenequipo.com.mx\/mark-hamill-dice-que-el-incendio-en-el-golfo-de-mexico-es-una-senal-apocaliptica\/"},"author":{"name":"enequipo","@id":"https:\/\/www.sonoraenequipo.com.mx\/#\/schema\/person\/50102df0fb23a8fa9e8effad8fa81386"},"headline":"Mark Hamill dice que el incendio en el Golfo de M\u00e9xico es una se\u00f1al apocal\u00edptica","datePublished":"2021-07-04T00:50:32+00:00","dateModified":"2021-07-04T01:37:39+00:00","mainEntityOfPage":{"@id":"https:\/\/www.sonoraenequipo.com.mx\/mark-hamill-dice-que-el-incendio-en-el-golfo-de-mexico-es-una-senal-apocaliptica\/"},"wordCount":410,"commentCount":0,"publisher":{"@id":"https:\/\/www.sonoraenequipo.com.mx\/#organization"},"image":{"@id":"https:\/\/www.sonoraenequipo.com.mx\/mark-hamill-dice-que-el-incendio-en-el-golfo-de-mexico-es-una-senal-apocaliptica\/#primaryimage"},"thumbnailUrl":"https:\/\/www.sonoraenequipo.com.mx\/storage\/2021\/07\/imagen-apocaliptica_opt.jpg","articleSection":["MUNDO"],"inLanguage":"es","potentialAction":[{"@type":"CommentAction","name":"Comment","target":["https:\/\/www.sonoraenequipo.com.mx\/mark-hamill-dice-que-el-incendio-en-el-golfo-de-mexico-es-una-senal-apocaliptica\/#respond"]}]},{"@type":"WebPage","@id":"https:\/\/www.sonoraenequipo.com.mx\/mark-hamill-dice-que-el-incendio-en-el-golfo-de-mexico-es-una-senal-apocaliptica\/","url":"https:\/\/www.sonoraenequipo.com.mx\/mark-hamill-dice-que-el-incendio-en-el-golfo-de-mexico-es-una-senal-apocaliptica\/","name":"Sonora en Equipo. Mark Hamill dice que el incendio en el Golfo de M\u00e9xico es una se\u00f1al apocal\u00edptica MUNDO","isPartOf":{"@id":"https:\/\/www.sonoraenequipo.com.mx\/#website"},"primaryImageOfPage":{"@id":"https:\/\/www.sonoraenequipo.com.mx\/mark-hamill-dice-que-el-incendio-en-el-golfo-de-mexico-es-una-senal-apocaliptica\/#primaryimage"},"image":{"@id":"https:\/\/www.sonoraenequipo.com.mx\/mark-hamill-dice-que-el-incendio-en-el-golfo-de-mexico-es-una-senal-apocaliptica\/#primaryimage"},"thumbnailUrl":"https:\/\/www.sonoraenequipo.com.mx\/storage\/2021\/07\/imagen-apocaliptica_opt.jpg","datePublished":"2021-07-04T00:50:32+00:00","dateModified":"2021-07-04T01:37:39+00:00","description":"LOS \u00c1NGELES, CALIFORNIA. ESTADOS UNIDOS. \u2014 Las im\u00e1genes que circularon en redes sociales sobre el incendio en el ducto submarino cerca de una plataforma En Sonora en Equipo publicamos toda la informaci\u00f3n de Sonora, M\u00e9xico y el Mundo de manera oportuna y busca que la libertad de expresi\u00f3n sea real. Visita nuestro medio informativo publicado desde Hermosillo, Sonora. %","breadcrumb":{"@id":"https:\/\/www.sonoraenequipo.com.mx\/mark-hamill-dice-que-el-incendio-en-el-golfo-de-mexico-es-una-senal-apocaliptica\/#breadcrumb"},"inLanguage":"es","potentialAction":[{"@type":"ReadAction","target":["https:\/\/www.sonoraenequipo.com.mx\/mark-hamill-dice-que-el-incendio-en-el-golfo-de-mexico-es-una-senal-apocaliptica\/"]}]},{"@type":"ImageObject","inLanguage":"es","@id":"https:\/\/www.sonoraenequipo.com.mx\/mark-hamill-dice-que-el-incendio-en-el-golfo-de-mexico-es-una-senal-apocaliptica\/#primaryimage","url":"https:\/\/www.sonoraenequipo.com.mx\/storage\/2021\/07\/imagen-apocaliptica_opt.jpg","contentUrl":"https:\/\/www.sonoraenequipo.com.mx\/storage\/2021\/07\/imagen-apocaliptica_opt.jpg","width":700,"height":400},{"@type":"BreadcrumbList","@id":"https:\/\/www.sonoraenequipo.com.mx\/mark-hamill-dice-que-el-incendio-en-el-golfo-de-mexico-es-una-senal-apocaliptica\/#breadcrumb","itemListElement":[{"@type":"ListItem","position":1,"name":"Portada","item":"https:\/\/www.sonoraenequipo.com.mx\/"},{"@type":"ListItem","position":2,"name":"Mark Hamill dice que el incendio en el Golfo de M\u00e9xico es una se\u00f1al apocal\u00edptica"}]},{"@type":"WebSite","@id":"https:\/\/www.sonoraenequipo.com.mx\/#website","url":"https:\/\/www.sonoraenequipo.com.mx\/","name":"Sonora en Equipo.","description":"Diario en l\u00ednea con Noticias desde Hermosillo, Sonora","publisher":{"@id":"https:\/\/www.sonoraenequipo.com.mx\/#organization"},"potentialAction":[{"@type":"SearchAction","target":{"@type":"EntryPoint","urlTemplate":"https:\/\/www.sonoraenequipo.com.mx\/?s={search_term_string}"},"query-input":{"@type":"PropertyValueSpecification","valueRequired":true,"valueName":"search_term_string"}}],"inLanguage":"es"},{"@type":"Organization","@id":"https:\/\/www.sonoraenequipo.com.mx\/#organization","name":"Sonoraenequipo.com.mx","url":"https:\/\/www.sonoraenequipo.com.mx\/","logo":{"@type":"ImageObject","inLanguage":"es","@id":"https:\/\/www.sonoraenequipo.com.mx\/#\/schema\/logo\/image\/","url":"https:\/\/www.sonoraenequipo.com.mx\/storage\/2019\/01\/sonoraenequipo_opt.png","contentUrl":"https:\/\/www.sonoraenequipo.com.mx\/storage\/2019\/01\/sonoraenequipo_opt.png","width":375,"height":125,"caption":"Sonoraenequipo.com.mx"},"image":{"@id":"https:\/\/www.sonoraenequipo.com.mx\/#\/schema\/logo\/image\/"},"sameAs":["https:\/\/www.facebook.com\/SonoraEE\/","https:\/\/x.com\/sonoraenequipo","https:\/\/www.youtube.com\/channel\/UC338nW-lPEYmJQs4ZABQ1SQ"]},{"@type":"Person","@id":"https:\/\/www.sonoraenequipo.com.mx\/#\/schema\/person\/50102df0fb23a8fa9e8effad8fa81386","name":"enequipo","image":{"@type":"ImageObject","inLanguage":"es","@id":"https:\/\/www.sonoraenequipo.com.mx\/#\/schema\/person\/image\/","url":"https:\/\/secure.gravatar.com\/avatar\/049821681b589dabc0bc20695993ccebb09f5b5d4d790cd9251b97faac7c652b?s=96&d=blank&r=g","contentUrl":"https:\/\/secure.gravatar.com\/avatar\/049821681b589dabc0bc20695993ccebb09f5b5d4d790cd9251b97faac7c652b?s=96&d=blank&r=g","caption":"enequipo"},"sameAs":["https:\/\/www.facebook.com\/SonoraEE"]}]}},"jetpack_featured_media_url":"https:\/\/www.sonoraenequipo.com.mx\/storage\/2021\/07\/imagen-apocaliptica_opt.jpg","_links":{"self":[{"href":"https:\/\/www.sonoraenequipo.com.mx\/api\/wp\/v2\/posts\/117706","targetHints":{"allow":["GET"]}}],"collection":[{"href":"https:\/\/www.sonoraenequipo.com.mx\/api\/wp\/v2\/posts"}],"about":[{"href":"https:\/\/www.sonoraenequipo.com.mx\/api\/wp\/v2\/types\/post"}],"author":[{"embeddable":true,"href":"https:\/\/www.sonoraenequipo.com.mx\/api\/wp\/v2\/users\/1"}],"replies":[{"embeddable":true,"href":"https:\/\/www.sonoraenequipo.com.mx\/api\/wp\/v2\/comments?post=117706"}],"version-history":[{"count":1,"href":"https:\/\/www.sonoraenequipo.com.mx\/api\/wp\/v2\/posts\/117706\/revisions"}],"predecessor-version":[{"id":117708,"href":"https:\/\/www.sonoraenequipo.com.mx\/api\/wp\/v2\/posts\/117706\/revisions\/117708"}],"wp:featuredmedia":[{"embeddable":true,"href":"https:\/\/www.sonoraenequipo.com.mx\/api\/wp\/v2\/media\/117707"}],"wp:attachment":[{"href":"https:\/\/www.sonoraenequipo.com.mx\/api\/wp\/v2\/media?parent=117706"}],"wp:term":[{"taxonomy":"category","embeddable":true,"href":"https:\/\/www.sonoraenequipo.com.mx\/api\/wp\/v2\/categories?post=117706"},{"taxonomy":"post_tag","embeddable":true,"href":"https:\/\/www.sonoraenequipo.com.mx\/api\/wp\/v2\/tags?post=117706"}],"curies":[{"name":"wp","href":"https:\/\/api.w.org\/{rel}","templated":true}]}}