{"id":117719,"date":"2021-07-03T20:32:58","date_gmt":"2021-07-04T03:32:58","guid":{"rendered":"https:\/\/www.sonoraenequipo.com.mx\/?p=117719"},"modified":"2021-07-03T20:56:27","modified_gmt":"2021-07-04T03:56:27","slug":"avalancha-de-lodo-deja-2-muertos-y-20-desaparecidos-en-japon","status":"publish","type":"post","link":"https:\/\/www.sonoraenequipo.com.mx\/avalancha-de-lodo-deja-2-muertos-y-20-desaparecidos-en-japon\/","title":{"rendered":"Avalancha de lodo deja 2 muertos y 20 desaparecidos en Jap\u00f3n"},"content":{"rendered":"<p>TOKIO, JAPON. \u2014 Las lluvias r\u00e9cord registradas en las \u00faltimas horas en el centro y el oeste de Jap\u00f3n han causado graves inundaciones con al menos dos muertos y una veintena de desaparecidos, adem\u00e1s de da\u00f1os en infraestructuras como puentes y carreteras.<\/p>\n<p>&nbsp;<\/p>\n<p> <\/p>\n<p>&nbsp;<\/p>\n<p>El temporal que golpea al archipi\u00e9lago nip\u00f3n ha afectado sobre todo a las prefecturas de Kanagawa y Shizuoka, al sudoeste de Tokio, donde han ca\u00eddo m\u00e1s 790 y 550 mil\u00edmetros de lluvia en 72 horas, seg\u00fan datos de la Agencia Meteorol\u00f3gica nipona.<\/p>\n<p>&nbsp;<\/p>\n<p>Esto ha provocado desbordamientos de r\u00edos, inundaciones y corrimientos de tierra en las zonas m\u00e1s castigadas, desastres que, seg\u00fan los expertos, son cada vez m\u00e1s habituales en el archipi\u00e9lago nip\u00f3n durante su temporada estival de lluvias debido a los efectos del cambio clim\u00e1tico.<\/p>\n<p>&nbsp;<\/p>\n<p>El incidente m\u00e1s grave se ha producido en la localidad de Atami, ubicada entre escarpadas monta\u00f1as y la costa y donde las fuertes lluvias provocaron corrimientos de tierra que arrasaron unas 300 viviendas y dejaron en torno a 20 personas en paradero desconocido.<\/p>\n<p>&nbsp;<\/p>\n<p>En im\u00e1genes filmadas por ciudadanos y distribuidas por las redes sociales se pudo ver c\u00f3mo un gigantesco alud de barro se llev\u00f3 por delante edificios enteros, autom\u00f3viles y parte del tendido el\u00e9ctrico y de la calzada de la mencionada ciudad, un popular destino tur\u00edstico por sus <em>\u201consen\u201d<\/em> o ba\u00f1os termales japoneses.<\/p>\n<p>&nbsp;<\/p>\n<p>Los servicios de rescate han recuperado por el momento dos cuerpos sin vida que fueron arrastrados por el barro hasta la zona portuaria de la ciudad, y contin\u00faan la b\u00fasqueda de una veintena de personas desaparecidas, seg\u00fan informaron las autoridades locales.<\/p>\n<p><a class=\"twitter-timeline\" data-width=\"640\" data-height=\"960\" data-dnt=\"true\" href=\"https:\/\/twitter.com\/chematierra?ref_src=twsrc%5Etfw\">Tweets by chematierra<\/a><script async src=\"https:\/\/platform.twitter.com\/widgets.js\" charset=\"utf-8\"><\/script><\/p>\n<p>&nbsp;<\/p>\n<p>El Ejecutivo ha convocado un gabinete de crisis para responder a la cat\u00e1strofe y enviar ayuda urgente a la zona, para lo cual se han movilizado efectivos de las Fuerzas de Autodefensa nacionales (Ej\u00e9rcito), y cuando restan unas tres semanas para la inauguraci\u00f3n de los Juegos Ol\u00edmpicos previstos en Tokio.<\/p>\n<blockquote class=\"twitter-tweet\" data-width=\"550\" data-dnt=\"true\">\n<p lang=\"es\" dir=\"ltr\">LAMENTABLE:<br \/>Devastador deslizamiento de tierra en en Atami, prefectura de <a href=\"https:\/\/twitter.com\/hashtag\/Shizuoka?src=hash&amp;ref_src=twsrc%5Etfw\">#Shizuoka<\/a> <a href=\"https:\/\/twitter.com\/hashtag\/Jap%C3%B3n?src=hash&amp;ref_src=twsrc%5Etfw\">#Jap\u00f3n<\/a> \ud83c\uddef\ud83c\uddf5 <br \/>Un auto y varias casas severamente da\u00f1adas <br \/>V\u00eda @NaritatsuEV0v <a href=\"https:\/\/t.co\/u64q8SMz9D\">pic.twitter.com\/u64q8SMz9D<\/a><\/p>\n<p>&mdash; Ge\u00f3l. Sergio Almaz\u00e1n (@chematierra) <a href=\"https:\/\/twitter.com\/chematierra\/status\/1411191135498915843?ref_src=twsrc%5Etfw\">July 3, 2021<\/a><\/p><\/blockquote>\n<p><script async src=\"https:\/\/platform.twitter.com\/widgets.js\" charset=\"utf-8\"><\/script><\/p>\n<p>&nbsp;<\/p>\n<p>El primer ministro nip\u00f3n, Yoshihide Suga, afirm\u00f3 que se movilizar\u00e1n \u201ctodos los recursos posibles\u201d por tratar de hallar a los desaparecidos y asistir a las v\u00edctimas, en declaraciones a los medios locales tras celebrar una reuni\u00f3n de emergencia.<\/p>\n<p>&nbsp;<\/p>\n<p>Las autoridades locales tambi\u00e9n ordenaron la evacuaci\u00f3n de unas 20,000 personas en Atami y de varios millares m\u00e1s en diferentes zonas del sudoeste de Jap\u00f3n, mientras que las prefecturas de Shizuoka, Kanagawa y Chiba siguen bajo la m\u00e1xima alerta meteorol\u00f3gica.<\/p>\n<p>&nbsp;<\/p>\n<p>Un hombre de unos 20 a\u00f1os result\u00f3 desaparecido en Chiba tras ser visto por \u00faltima vez cerca de un r\u00edo que se desbord\u00f3, seg\u00fan inform\u00f3 la cadena estatal NHK.<\/p>\n<p>&nbsp;<\/p>\n<p>En la localidad de Hiratsuka, la crecida de otro r\u00edo dej\u00f3 anegadas decenas de viviendas, y en los alrededores de la ciudad de Yokohama se produjeron desprendimientos de tierra sobre carreteras que provocaron da\u00f1os en veh\u00edculos y cortes de la circulaci\u00f3n.<\/p>\n<p>&nbsp;<\/p>\n<p>Las lluvias torrenciales tambi\u00e9n han causado interrupciones en la red de transporte ferroviario, con suspensiones temporales de los servicios de alta velocidad Shinkansen entre las estaciones de Tokio y Shin-Osaka, adem\u00e1s de otras l\u00edneas locales, seg\u00fan informaron las compa\u00f1\u00edas operadoras.<\/p>\n<p>&nbsp;<\/p>\n<p>La Agencia Meteorol\u00f3gica de Jap\u00f3n ha alertado del riesgo de que se sigan produciendo inundaciones y desplazamientos de tierra durante el fin de semana en la costa occidental del pa\u00eds, ante las previsiones de que contin\u00faen las precipitaciones torrenciales.<\/p>\n<p>&nbsp;<\/p>\n<p>Los niveles in\u00e9ditos de lluvia registrados se deben a un frente que se estanc\u00f3 en la costa nipona del Pac\u00edfico y que se desplazar\u00e1 hacia el noreste del pa\u00eds, seg\u00fan el citado organismo estatal.<\/p>\n<p>&nbsp;<\/p>\n<p>&nbsp;<\/p>\n<p>(Publicada el 03\/07\/2021 \/Con informaci\u00f3n de EFE)<\/p>\n","protected":false},"excerpt":{"rendered":"<p>TOKIO, JAPON. \u2014 Las lluvias r\u00e9cord registradas en las \u00faltimas horas en el centro y&#8230;<\/p>\n","protected":false},"author":1,"featured_media":117720,"comment_status":"open","ping_status":"open","sticky":false,"template":"","format":"standard","meta":{"_monsterinsights_skip_tracking":false,"_monsterinsights_sitenote_active":false,"_monsterinsights_sitenote_note":"","_monsterinsights_sitenote_category":0,"footnotes":""},"categories":[3],"tags":[],"class_list":["post"],"yoast_head":" \n<title>Sonora en Equipo. Avalancha de lodo deja 2 muertos y 20 desaparecidos en Jap\u00f3n MUNDO<\/title>\n<meta name=\"description\" content=\"TOKIO, JAPON. \u2014 Las lluvias r\u00e9cord registradas en las \u00faltimas horas en el centro y el oeste de Jap\u00f3n han causado graves inundaciones con al menos dos En Sonora en Equipo publicamos toda la informaci\u00f3n de Sonora, M\u00e9xico y el Mundo de manera oportuna y busca que la libertad de expresi\u00f3n sea real. Visita nuestro medio informativo publicado desde Hermosillo, Sonora. %\" \/>\n<meta name=\"robots\" content=\"index, follow, max-snippet:-1, max-image-preview:large, max-video-preview:-1\" \/>\n<link rel=\"canonical\" href=\"https:\/\/www.sonoraenequipo.com.mx\/avalancha-de-lodo-deja-2-muertos-y-20-desaparecidos-en-japon\/\" \/>\n<meta property=\"og:locale\" content=\"es_ES\" \/>\n<meta property=\"og:type\" content=\"article\" \/>\n<meta property=\"og:title\" content=\"Sonora en Equipo. Avalancha de lodo deja 2 muertos y 20 desaparecidos en Jap\u00f3n MUNDO\" \/>\n<meta property=\"og:description\" content=\"TOKIO, JAPON. \u2014 Las lluvias r\u00e9cord registradas en las \u00faltimas horas en el centro y el oeste de Jap\u00f3n han causado graves inundaciones con al menos dos En Sonora en Equipo publicamos toda la informaci\u00f3n de Sonora, M\u00e9xico y el Mundo de manera oportuna y busca que la libertad de expresi\u00f3n sea real. Visita nuestro medio informativo publicado desde Hermosillo, Sonora. %\" \/>\n<meta property=\"og:url\" content=\"https:\/\/www.sonoraenequipo.com.mx\/avalancha-de-lodo-deja-2-muertos-y-20-desaparecidos-en-japon\/\" \/>\n<meta property=\"og:site_name\" content=\"Sonora en Equipo.\" \/>\n<meta property=\"article:publisher\" content=\"https:\/\/www.facebook.com\/SonoraEE\/\" \/>\n<meta property=\"article:author\" content=\"https:\/\/www.facebook.com\/SonoraEE\" \/>\n<meta property=\"article:published_time\" content=\"2021-07-04T03:32:58+00:00\" \/>\n<meta property=\"article:modified_time\" content=\"2021-07-04T03:56:27+00:00\" \/>\n<meta property=\"og:image\" content=\"https:\/\/www.sonoraenequipo.com.mx\/storage\/2021\/07\/japon-avalancha-de-lodo_opt.jpg\" \/>\n\t<meta property=\"og:image:width\" content=\"700\" \/>\n\t<meta property=\"og:image:height\" content=\"400\" \/>\n\t<meta property=\"og:image:type\" content=\"image\/jpeg\" \/>\n<meta name=\"author\" content=\"enequipo\" \/>\n<meta name=\"twitter:card\" content=\"summary_large_image\" \/>\n<meta name=\"twitter:creator\" content=\"@sonoraenequipo\" \/>\n<meta name=\"twitter:site\" content=\"@sonoraenequipo\" \/>\n<meta name=\"twitter:label1\" content=\"Escrito por\" \/>\n\t<meta name=\"twitter:data1\" content=\"enequipo\" \/>\n\t<meta name=\"twitter:label2\" content=\"Tiempo de lectura\" \/>\n\t<meta name=\"twitter:data2\" content=\"3 minutos\" \/>\n<script type=\"application\/ld+json\" class=\"yoast-schema-graph\">{\"@context\":\"https:\/\/schema.org\",\"@graph\":[{\"@type\":\"Article\",\"@id\":\"https:\/\/www.sonoraenequipo.com.mx\/avalancha-de-lodo-deja-2-muertos-y-20-desaparecidos-en-japon\/#article\",\"isPartOf\":{\"@id\":\"https:\/\/www.sonoraenequipo.com.mx\/avalancha-de-lodo-deja-2-muertos-y-20-desaparecidos-en-japon\/\"},\"author\":{\"name\":\"enequipo\",\"@id\":\"https:\/\/www.sonoraenequipo.com.mx\/#\/schema\/person\/50102df0fb23a8fa9e8effad8fa81386\"},\"headline\":\"Avalancha de lodo deja 2 muertos y 20 desaparecidos en Jap\u00f3n\",\"datePublished\":\"2021-07-04T03:32:58+00:00\",\"dateModified\":\"2021-07-04T03:56:27+00:00\",\"mainEntityOfPage\":{\"@id\":\"https:\/\/www.sonoraenequipo.com.mx\/avalancha-de-lodo-deja-2-muertos-y-20-desaparecidos-en-japon\/\"},\"wordCount\":670,\"commentCount\":0,\"publisher\":{\"@id\":\"https:\/\/www.sonoraenequipo.com.mx\/#organization\"},\"image\":{\"@id\":\"https:\/\/www.sonoraenequipo.com.mx\/avalancha-de-lodo-deja-2-muertos-y-20-desaparecidos-en-japon\/#primaryimage\"},\"thumbnailUrl\":\"https:\/\/www.sonoraenequipo.com.mx\/storage\/2021\/07\/japon-avalancha-de-lodo_opt.jpg\",\"articleSection\":[\"MUNDO\"],\"inLanguage\":\"es\",\"potentialAction\":[{\"@type\":\"CommentAction\",\"name\":\"Comment\",\"target\":[\"https:\/\/www.sonoraenequipo.com.mx\/avalancha-de-lodo-deja-2-muertos-y-20-desaparecidos-en-japon\/#respond\"]}]},{\"@type\":\"WebPage\",\"@id\":\"https:\/\/www.sonoraenequipo.com.mx\/avalancha-de-lodo-deja-2-muertos-y-20-desaparecidos-en-japon\/\",\"url\":\"https:\/\/www.sonoraenequipo.com.mx\/avalancha-de-lodo-deja-2-muertos-y-20-desaparecidos-en-japon\/\",\"name\":\"Sonora en Equipo. Avalancha de lodo deja 2 muertos y 20 desaparecidos en Jap\u00f3n MUNDO\",\"isPartOf\":{\"@id\":\"https:\/\/www.sonoraenequipo.com.mx\/#website\"},\"primaryImageOfPage\":{\"@id\":\"https:\/\/www.sonoraenequipo.com.mx\/avalancha-de-lodo-deja-2-muertos-y-20-desaparecidos-en-japon\/#primaryimage\"},\"image\":{\"@id\":\"https:\/\/www.sonoraenequipo.com.mx\/avalancha-de-lodo-deja-2-muertos-y-20-desaparecidos-en-japon\/#primaryimage\"},\"thumbnailUrl\":\"https:\/\/www.sonoraenequipo.com.mx\/storage\/2021\/07\/japon-avalancha-de-lodo_opt.jpg\",\"datePublished\":\"2021-07-04T03:32:58+00:00\",\"dateModified\":\"2021-07-04T03:56:27+00:00\",\"description\":\"TOKIO, JAPON. \u2014 Las lluvias r\u00e9cord registradas en las \u00faltimas horas en el centro y el oeste de Jap\u00f3n han causado graves inundaciones con al menos dos En Sonora en Equipo publicamos toda la informaci\u00f3n de Sonora, M\u00e9xico y el Mundo de manera oportuna y busca que la libertad de expresi\u00f3n sea real. Visita nuestro medio informativo publicado desde Hermosillo, Sonora. %\",\"breadcrumb\":{\"@id\":\"https:\/\/www.sonoraenequipo.com.mx\/avalancha-de-lodo-deja-2-muertos-y-20-desaparecidos-en-japon\/#breadcrumb\"},\"inLanguage\":\"es\",\"potentialAction\":[{\"@type\":\"ReadAction\",\"target\":[\"https:\/\/www.sonoraenequipo.com.mx\/avalancha-de-lodo-deja-2-muertos-y-20-desaparecidos-en-japon\/\"]}]},{\"@type\":\"ImageObject\",\"inLanguage\":\"es\",\"@id\":\"https:\/\/www.sonoraenequipo.com.mx\/avalancha-de-lodo-deja-2-muertos-y-20-desaparecidos-en-japon\/#primaryimage\",\"url\":\"https:\/\/www.sonoraenequipo.com.mx\/storage\/2021\/07\/japon-avalancha-de-lodo_opt.jpg\",\"contentUrl\":\"https:\/\/www.sonoraenequipo.com.mx\/storage\/2021\/07\/japon-avalancha-de-lodo_opt.jpg\",\"width\":700,\"height\":400},{\"@type\":\"BreadcrumbList\",\"@id\":\"https:\/\/www.sonoraenequipo.com.mx\/avalancha-de-lodo-deja-2-muertos-y-20-desaparecidos-en-japon\/#breadcrumb\",\"itemListElement\":[{\"@type\":\"ListItem\",\"position\":1,\"name\":\"Portada\",\"item\":\"https:\/\/www.sonoraenequipo.com.mx\/\"},{\"@type\":\"ListItem\",\"position\":2,\"name\":\"Avalancha de lodo deja 2 muertos y 20 desaparecidos en Jap\u00f3n\"}]},{\"@type\":\"WebSite\",\"@id\":\"https:\/\/www.sonoraenequipo.com.mx\/#website\",\"url\":\"https:\/\/www.sonoraenequipo.com.mx\/\",\"name\":\"Sonora en Equipo.\",\"description\":\"Diario en l\u00ednea con Noticias desde Hermosillo, Sonora\",\"publisher\":{\"@id\":\"https:\/\/www.sonoraenequipo.com.mx\/#organization\"},\"potentialAction\":[{\"@type\":\"SearchAction\",\"target\":{\"@type\":\"EntryPoint\",\"urlTemplate\":\"https:\/\/www.sonoraenequipo.com.mx\/?s={search_term_string}\"},\"query-input\":{\"@type\":\"PropertyValueSpecification\",\"valueRequired\":true,\"valueName\":\"search_term_string\"}}],\"inLanguage\":\"es\"},{\"@type\":\"Organization\",\"@id\":\"https:\/\/www.sonoraenequipo.com.mx\/#organization\",\"name\":\"Sonoraenequipo.com.mx\",\"url\":\"https:\/\/www.sonoraenequipo.com.mx\/\",\"logo\":{\"@type\":\"ImageObject\",\"inLanguage\":\"es\",\"@id\":\"https:\/\/www.sonoraenequipo.com.mx\/#\/schema\/logo\/image\/\",\"url\":\"https:\/\/www.sonoraenequipo.com.mx\/storage\/2019\/01\/sonoraenequipo_opt.png\",\"contentUrl\":\"https:\/\/www.sonoraenequipo.com.mx\/storage\/2019\/01\/sonoraenequipo_opt.png\",\"width\":375,\"height\":125,\"caption\":\"Sonoraenequipo.com.mx\"},\"image\":{\"@id\":\"https:\/\/www.sonoraenequipo.com.mx\/#\/schema\/logo\/image\/\"},\"sameAs\":[\"https:\/\/www.facebook.com\/SonoraEE\/\",\"https:\/\/x.com\/sonoraenequipo\",\"https:\/\/www.youtube.com\/channel\/UC338nW-lPEYmJQs4ZABQ1SQ\"]},{\"@type\":\"Person\",\"@id\":\"https:\/\/www.sonoraenequipo.com.mx\/#\/schema\/person\/50102df0fb23a8fa9e8effad8fa81386\",\"name\":\"enequipo\",\"image\":{\"@type\":\"ImageObject\",\"inLanguage\":\"es\",\"@id\":\"https:\/\/www.sonoraenequipo.com.mx\/#\/schema\/person\/image\/\",\"url\":\"https:\/\/secure.gravatar.com\/avatar\/049821681b589dabc0bc20695993ccebb09f5b5d4d790cd9251b97faac7c652b?s=96&d=blank&r=g\",\"contentUrl\":\"https:\/\/secure.gravatar.com\/avatar\/049821681b589dabc0bc20695993ccebb09f5b5d4d790cd9251b97faac7c652b?s=96&d=blank&r=g\",\"caption\":\"enequipo\"},\"sameAs\":[\"https:\/\/www.facebook.com\/SonoraEE\"]}]}<\/script>\n ","yoast_head_json":{"title":"Sonora en Equipo. Avalancha de lodo deja 2 muertos y 20 desaparecidos en Jap\u00f3n MUNDO","description":"TOKIO, JAPON. \u2014 Las lluvias r\u00e9cord registradas en las \u00faltimas horas en el centro y el oeste de Jap\u00f3n han causado graves inundaciones con al menos dos En Sonora en Equipo publicamos toda la informaci\u00f3n de Sonora, M\u00e9xico y el Mundo de manera oportuna y busca que la libertad de expresi\u00f3n sea real. Visita nuestro medio informativo publicado desde Hermosillo, Sonora. %","robots":{"index":"index","follow":"follow","max-snippet":"max-snippet:-1","max-image-preview":"max-image-preview:large","max-video-preview":"max-video-preview:-1"},"canonical":"https:\/\/www.sonoraenequipo.com.mx\/avalancha-de-lodo-deja-2-muertos-y-20-desaparecidos-en-japon\/","og_locale":"es_ES","og_type":"article","og_title":"Sonora en Equipo. Avalancha de lodo deja 2 muertos y 20 desaparecidos en Jap\u00f3n MUNDO","og_description":"TOKIO, JAPON. \u2014 Las lluvias r\u00e9cord registradas en las \u00faltimas horas en el centro y el oeste de Jap\u00f3n han causado graves inundaciones con al menos dos En Sonora en Equipo publicamos toda la informaci\u00f3n de Sonora, M\u00e9xico y el Mundo de manera oportuna y busca que la libertad de expresi\u00f3n sea real. Visita nuestro medio informativo publicado desde Hermosillo, Sonora. %","og_url":"https:\/\/www.sonoraenequipo.com.mx\/avalancha-de-lodo-deja-2-muertos-y-20-desaparecidos-en-japon\/","og_site_name":"Sonora en Equipo.","article_publisher":"https:\/\/www.facebook.com\/SonoraEE\/","article_author":"https:\/\/www.facebook.com\/SonoraEE","article_published_time":"2021-07-04T03:32:58+00:00","article_modified_time":"2021-07-04T03:56:27+00:00","og_image":[{"width":700,"height":400,"url":"https:\/\/www.sonoraenequipo.com.mx\/storage\/2021\/07\/japon-avalancha-de-lodo_opt.jpg","type":"image\/jpeg"}],"author":"enequipo","twitter_card":"summary_large_image","twitter_creator":"@sonoraenequipo","twitter_site":"@sonoraenequipo","twitter_misc":{"Escrito por":"enequipo","Tiempo de lectura":"3 minutos"},"schema":{"@context":"https:\/\/schema.org","@graph":[{"@type":"Article","@id":"https:\/\/www.sonoraenequipo.com.mx\/avalancha-de-lodo-deja-2-muertos-y-20-desaparecidos-en-japon\/#article","isPartOf":{"@id":"https:\/\/www.sonoraenequipo.com.mx\/avalancha-de-lodo-deja-2-muertos-y-20-desaparecidos-en-japon\/"},"author":{"name":"enequipo","@id":"https:\/\/www.sonoraenequipo.com.mx\/#\/schema\/person\/50102df0fb23a8fa9e8effad8fa81386"},"headline":"Avalancha de lodo deja 2 muertos y 20 desaparecidos en Jap\u00f3n","datePublished":"2021-07-04T03:32:58+00:00","dateModified":"2021-07-04T03:56:27+00:00","mainEntityOfPage":{"@id":"https:\/\/www.sonoraenequipo.com.mx\/avalancha-de-lodo-deja-2-muertos-y-20-desaparecidos-en-japon\/"},"wordCount":670,"commentCount":0,"publisher":{"@id":"https:\/\/www.sonoraenequipo.com.mx\/#organization"},"image":{"@id":"https:\/\/www.sonoraenequipo.com.mx\/avalancha-de-lodo-deja-2-muertos-y-20-desaparecidos-en-japon\/#primaryimage"},"thumbnailUrl":"https:\/\/www.sonoraenequipo.com.mx\/storage\/2021\/07\/japon-avalancha-de-lodo_opt.jpg","articleSection":["MUNDO"],"inLanguage":"es","potentialAction":[{"@type":"CommentAction","name":"Comment","target":["https:\/\/www.sonoraenequipo.com.mx\/avalancha-de-lodo-deja-2-muertos-y-20-desaparecidos-en-japon\/#respond"]}]},{"@type":"WebPage","@id":"https:\/\/www.sonoraenequipo.com.mx\/avalancha-de-lodo-deja-2-muertos-y-20-desaparecidos-en-japon\/","url":"https:\/\/www.sonoraenequipo.com.mx\/avalancha-de-lodo-deja-2-muertos-y-20-desaparecidos-en-japon\/","name":"Sonora en Equipo. Avalancha de lodo deja 2 muertos y 20 desaparecidos en Jap\u00f3n MUNDO","isPartOf":{"@id":"https:\/\/www.sonoraenequipo.com.mx\/#website"},"primaryImageOfPage":{"@id":"https:\/\/www.sonoraenequipo.com.mx\/avalancha-de-lodo-deja-2-muertos-y-20-desaparecidos-en-japon\/#primaryimage"},"image":{"@id":"https:\/\/www.sonoraenequipo.com.mx\/avalancha-de-lodo-deja-2-muertos-y-20-desaparecidos-en-japon\/#primaryimage"},"thumbnailUrl":"https:\/\/www.sonoraenequipo.com.mx\/storage\/2021\/07\/japon-avalancha-de-lodo_opt.jpg","datePublished":"2021-07-04T03:32:58+00:00","dateModified":"2021-07-04T03:56:27+00:00","description":"TOKIO, JAPON. \u2014 Las lluvias r\u00e9cord registradas en las \u00faltimas horas en el centro y el oeste de Jap\u00f3n han causado graves inundaciones con al menos dos En Sonora en Equipo publicamos toda la informaci\u00f3n de Sonora, M\u00e9xico y el Mundo de manera oportuna y busca que la libertad de expresi\u00f3n sea real. Visita nuestro medio informativo publicado desde Hermosillo, Sonora. %","breadcrumb":{"@id":"https:\/\/www.sonoraenequipo.com.mx\/avalancha-de-lodo-deja-2-muertos-y-20-desaparecidos-en-japon\/#breadcrumb"},"inLanguage":"es","potentialAction":[{"@type":"ReadAction","target":["https:\/\/www.sonoraenequipo.com.mx\/avalancha-de-lodo-deja-2-muertos-y-20-desaparecidos-en-japon\/"]}]},{"@type":"ImageObject","inLanguage":"es","@id":"https:\/\/www.sonoraenequipo.com.mx\/avalancha-de-lodo-deja-2-muertos-y-20-desaparecidos-en-japon\/#primaryimage","url":"https:\/\/www.sonoraenequipo.com.mx\/storage\/2021\/07\/japon-avalancha-de-lodo_opt.jpg","contentUrl":"https:\/\/www.sonoraenequipo.com.mx\/storage\/2021\/07\/japon-avalancha-de-lodo_opt.jpg","width":700,"height":400},{"@type":"BreadcrumbList","@id":"https:\/\/www.sonoraenequipo.com.mx\/avalancha-de-lodo-deja-2-muertos-y-20-desaparecidos-en-japon\/#breadcrumb","itemListElement":[{"@type":"ListItem","position":1,"name":"Portada","item":"https:\/\/www.sonoraenequipo.com.mx\/"},{"@type":"ListItem","position":2,"name":"Avalancha de lodo deja 2 muertos y 20 desaparecidos en Jap\u00f3n"}]},{"@type":"WebSite","@id":"https:\/\/www.sonoraenequipo.com.mx\/#website","url":"https:\/\/www.sonoraenequipo.com.mx\/","name":"Sonora en Equipo.","description":"Diario en l\u00ednea con Noticias desde Hermosillo, Sonora","publisher":{"@id":"https:\/\/www.sonoraenequipo.com.mx\/#organization"},"potentialAction":[{"@type":"SearchAction","target":{"@type":"EntryPoint","urlTemplate":"https:\/\/www.sonoraenequipo.com.mx\/?s={search_term_string}"},"query-input":{"@type":"PropertyValueSpecification","valueRequired":true,"valueName":"search_term_string"}}],"inLanguage":"es"},{"@type":"Organization","@id":"https:\/\/www.sonoraenequipo.com.mx\/#organization","name":"Sonoraenequipo.com.mx","url":"https:\/\/www.sonoraenequipo.com.mx\/","logo":{"@type":"ImageObject","inLanguage":"es","@id":"https:\/\/www.sonoraenequipo.com.mx\/#\/schema\/logo\/image\/","url":"https:\/\/www.sonoraenequipo.com.mx\/storage\/2019\/01\/sonoraenequipo_opt.png","contentUrl":"https:\/\/www.sonoraenequipo.com.mx\/storage\/2019\/01\/sonoraenequipo_opt.png","width":375,"height":125,"caption":"Sonoraenequipo.com.mx"},"image":{"@id":"https:\/\/www.sonoraenequipo.com.mx\/#\/schema\/logo\/image\/"},"sameAs":["https:\/\/www.facebook.com\/SonoraEE\/","https:\/\/x.com\/sonoraenequipo","https:\/\/www.youtube.com\/channel\/UC338nW-lPEYmJQs4ZABQ1SQ"]},{"@type":"Person","@id":"https:\/\/www.sonoraenequipo.com.mx\/#\/schema\/person\/50102df0fb23a8fa9e8effad8fa81386","name":"enequipo","image":{"@type":"ImageObject","inLanguage":"es","@id":"https:\/\/www.sonoraenequipo.com.mx\/#\/schema\/person\/image\/","url":"https:\/\/secure.gravatar.com\/avatar\/049821681b589dabc0bc20695993ccebb09f5b5d4d790cd9251b97faac7c652b?s=96&d=blank&r=g","contentUrl":"https:\/\/secure.gravatar.com\/avatar\/049821681b589dabc0bc20695993ccebb09f5b5d4d790cd9251b97faac7c652b?s=96&d=blank&r=g","caption":"enequipo"},"sameAs":["https:\/\/www.facebook.com\/SonoraEE"]}]}},"jetpack_featured_media_url":"https:\/\/www.sonoraenequipo.com.mx\/storage\/2021\/07\/japon-avalancha-de-lodo_opt.jpg","_links":{"self":[{"href":"https:\/\/www.sonoraenequipo.com.mx\/api\/wp\/v2\/posts\/117719","targetHints":{"allow":["GET"]}}],"collection":[{"href":"https:\/\/www.sonoraenequipo.com.mx\/api\/wp\/v2\/posts"}],"about":[{"href":"https:\/\/www.sonoraenequipo.com.mx\/api\/wp\/v2\/types\/post"}],"author":[{"embeddable":true,"href":"https:\/\/www.sonoraenequipo.com.mx\/api\/wp\/v2\/users\/1"}],"replies":[{"embeddable":true,"href":"https:\/\/www.sonoraenequipo.com.mx\/api\/wp\/v2\/comments?post=117719"}],"version-history":[{"count":1,"href":"https:\/\/www.sonoraenequipo.com.mx\/api\/wp\/v2\/posts\/117719\/revisions"}],"predecessor-version":[{"id":117721,"href":"https:\/\/www.sonoraenequipo.com.mx\/api\/wp\/v2\/posts\/117719\/revisions\/117721"}],"wp:featuredmedia":[{"embeddable":true,"href":"https:\/\/www.sonoraenequipo.com.mx\/api\/wp\/v2\/media\/117720"}],"wp:attachment":[{"href":"https:\/\/www.sonoraenequipo.com.mx\/api\/wp\/v2\/media?parent=117719"}],"wp:term":[{"taxonomy":"category","embeddable":true,"href":"https:\/\/www.sonoraenequipo.com.mx\/api\/wp\/v2\/categories?post=117719"},{"taxonomy":"post_tag","embeddable":true,"href":"https:\/\/www.sonoraenequipo.com.mx\/api\/wp\/v2\/tags?post=117719"}],"curies":[{"name":"wp","href":"https:\/\/api.w.org\/{rel}","templated":true}]}}