{"id":117722,"date":"2021-07-03T21:36:34","date_gmt":"2021-07-04T04:36:34","guid":{"rendered":"https:\/\/www.sonoraenequipo.com.mx\/?p=117722"},"modified":"2021-07-03T21:04:46","modified_gmt":"2021-07-04T04:04:46","slug":"tribunal-levanta-la-suspension-contra-la-reforma-electrica-de-amlo","status":"publish","type":"post","link":"https:\/\/www.sonoraenequipo.com.mx\/tribunal-levanta-la-suspension-contra-la-reforma-electrica-de-amlo\/","title":{"rendered":"Tribunal levanta la suspensi\u00f3n contra la reforma el\u00e9ctrica de AMLO"},"content":{"rendered":"<p>CIUDAD DE M\u00c9XICO. MX. \u2014 Un tribunal levant\u00f3 la suspensi\u00f3n judicial de la reforma el\u00e9ctrica del presidente Andr\u00e9s Manuel L\u00f3pez Obrador, la cual prioriza la estatal Comisi\u00f3n Federal de Electricidad (CFE) en detrimento de los generadores privados y extranjeros, inform\u00f3 este s\u00e1bado el gobierno de M\u00e9xico.<\/p>\n<p>&nbsp;<\/p>\n<p> <\/p>\n<p>&nbsp;<\/p>\n<p><em>\u201cPor considerar que por s\u00ed mismas no causan ning\u00fan da\u00f1o a particulares, un tribunal revoc\u00f3 la suspensi\u00f3n definitiva a las reformas a la Ley de la Industria El\u00e9ctrica\u201d<\/em>, expres\u00f3 en Twitter el portavoz del presidente, Jes\u00fas Ram\u00edrez Cuevas.<\/p>\n<p>&nbsp;<\/p>\n<p>El pasado marzo, tras un alud de amparos, el juez Juan Pablo G\u00f3mez Fierro suspendi\u00f3 de manera indefinida la pol\u00e9mica reforma el\u00e9ctrica <em>\u201cpara proteger los derechos de libre competencia\u201d.<\/em><\/p>\n<p>&nbsp;<\/p>\n<p>La reforma, aprobada en el Congreso a propuesta de L\u00f3pez Obrador, impone suministrar primero la energ\u00eda de las plantas de combustibles f\u00f3siles e hidroel\u00e9ctricas de la CFE sobre las centrales privadas de renovables y de ciclo combinado.<\/p>\n<p>&nbsp;<\/p>\n<p>Tambi\u00e9n ordena revisar de forma retroactiva los permisos de autoabastecimiento y contratos previos del gobierno con productores independientes de energ\u00eda, adem\u00e1s de cambiar las reglas de los Certificados de Energ\u00eda Limpia para darlos tambi\u00e9n a plantas de la CFE.<\/p>\n<p>&nbsp;<\/p>\n<p>Tras la suspensi\u00f3n, L\u00f3pez Obrador amag\u00f3 con una reforma constitucional para acomodar su plan energ\u00e9tico, pero en los comicios intermedios del 6 de junio el oficialismo perdi\u00f3 la mayor\u00eda calificada para modificar la Constituci\u00f3n.<\/p>\n<p>&nbsp;<\/p>\n<p>&nbsp;<\/p>\n<p>No obstante, el mandatario ha adelantado que propondr\u00e1 la iniciativa, aunque no llegue a ser aprobada.<\/p>\n<p>&nbsp;<\/p>\n<p>Desde que lleg\u00f3 al poder en 2018, L\u00f3pez Obrador prometi\u00f3 revertir parte de la reforma energ\u00e9tica de su predecesor, Enrique Pe\u00f1a Nieto, que abri\u00f3 el sector a la participaci\u00f3n privada.<\/p>\n<p>&nbsp;<\/p>\n<p>De acuerdo con el presidente L\u00f3pez Obrador, los anteriores gobiernos \u201csaquearon\u201d las energ\u00e9ticas p\u00fablicas, CFE y Pemex, para beneficiar a compa\u00f1\u00edas privadas extranjeras.<\/p>\n<p>&nbsp;<\/p>\n<p><a class=\"twitter-timeline\" data-width=\"640\" data-height=\"960\" data-dnt=\"true\" href=\"https:\/\/twitter.com\/JesusRCuevas?ref_src=twsrc%5Etfw\">Tweets by JesusRCuevas<\/a><script async src=\"https:\/\/platform.twitter.com\/widgets.js\" charset=\"utf-8\"><\/script><\/p>\n<p>&nbsp;<\/p>\n<p>(Publicada el 03\/07\/2021)<\/p>\n","protected":false},"excerpt":{"rendered":"<p>CIUDAD DE M\u00c9XICO. MX. \u2014 Un tribunal levant\u00f3 la suspensi\u00f3n judicial de la reforma el\u00e9ctrica&#8230;<\/p>\n","protected":false},"author":1,"featured_media":117723,"comment_status":"open","ping_status":"open","sticky":false,"template":"","format":"standard","meta":{"_monsterinsights_skip_tracking":false,"_monsterinsights_sitenote_active":false,"_monsterinsights_sitenote_note":"","_monsterinsights_sitenote_category":0,"footnotes":""},"categories":[5],"tags":[],"class_list":["post"],"yoast_head":" \n<title>Sonora en Equipo. Tribunal levanta la suspensi\u00f3n contra la reforma el\u00e9ctrica de AMLO Rep\u00fablica<\/title>\n<meta name=\"description\" content=\"CIUDAD DE M\u00c9XICO. MX. \u2014 Un tribunal levant\u00f3 la suspensi\u00f3n judicial de la reforma el\u00e9ctrica del presidente Andr\u00e9s Manuel L\u00f3pez Obrador, la cual prioriza la En Sonora en Equipo publicamos toda la informaci\u00f3n de Sonora, M\u00e9xico y el Mundo de manera oportuna y busca que la libertad de expresi\u00f3n sea real. Visita nuestro medio informativo publicado desde Hermosillo, Sonora. %\" \/>\n<meta name=\"robots\" content=\"index, follow, max-snippet:-1, max-image-preview:large, max-video-preview:-1\" \/>\n<link rel=\"canonical\" href=\"https:\/\/www.sonoraenequipo.com.mx\/tribunal-levanta-la-suspension-contra-la-reforma-electrica-de-amlo\/\" \/>\n<meta property=\"og:locale\" content=\"es_ES\" \/>\n<meta property=\"og:type\" content=\"article\" \/>\n<meta property=\"og:title\" content=\"Sonora en Equipo. Tribunal levanta la suspensi\u00f3n contra la reforma el\u00e9ctrica de AMLO Rep\u00fablica\" \/>\n<meta property=\"og:description\" content=\"CIUDAD DE M\u00c9XICO. MX. \u2014 Un tribunal levant\u00f3 la suspensi\u00f3n judicial de la reforma el\u00e9ctrica del presidente Andr\u00e9s Manuel L\u00f3pez Obrador, la cual prioriza la En Sonora en Equipo publicamos toda la informaci\u00f3n de Sonora, M\u00e9xico y el Mundo de manera oportuna y busca que la libertad de expresi\u00f3n sea real. Visita nuestro medio informativo publicado desde Hermosillo, Sonora. %\" \/>\n<meta property=\"og:url\" content=\"https:\/\/www.sonoraenequipo.com.mx\/tribunal-levanta-la-suspension-contra-la-reforma-electrica-de-amlo\/\" \/>\n<meta property=\"og:site_name\" content=\"Sonora en Equipo.\" \/>\n<meta property=\"article:publisher\" content=\"https:\/\/www.facebook.com\/SonoraEE\/\" \/>\n<meta property=\"article:author\" content=\"https:\/\/www.facebook.com\/SonoraEE\" \/>\n<meta property=\"article:published_time\" content=\"2021-07-04T04:36:34+00:00\" \/>\n<meta property=\"og:image\" content=\"https:\/\/www.sonoraenequipo.com.mx\/storage\/2021\/07\/CFE-Bartlett-nahle_opt.jpg\" \/>\n\t<meta property=\"og:image:width\" content=\"700\" \/>\n\t<meta property=\"og:image:height\" content=\"400\" \/>\n\t<meta property=\"og:image:type\" content=\"image\/jpeg\" \/>\n<meta name=\"author\" content=\"enequipo\" \/>\n<meta name=\"twitter:card\" content=\"summary_large_image\" \/>\n<meta name=\"twitter:creator\" content=\"@sonoraenequipo\" \/>\n<meta name=\"twitter:site\" content=\"@sonoraenequipo\" \/>\n<meta name=\"twitter:label1\" content=\"Escrito por\" \/>\n\t<meta name=\"twitter:data1\" content=\"enequipo\" \/>\n\t<meta name=\"twitter:label2\" content=\"Tiempo de lectura\" \/>\n\t<meta name=\"twitter:data2\" content=\"2 minutos\" \/>\n<script type=\"application\/ld+json\" class=\"yoast-schema-graph\">{\"@context\":\"https:\/\/schema.org\",\"@graph\":[{\"@type\":\"Article\",\"@id\":\"https:\/\/www.sonoraenequipo.com.mx\/tribunal-levanta-la-suspension-contra-la-reforma-electrica-de-amlo\/#article\",\"isPartOf\":{\"@id\":\"https:\/\/www.sonoraenequipo.com.mx\/tribunal-levanta-la-suspension-contra-la-reforma-electrica-de-amlo\/\"},\"author\":{\"name\":\"enequipo\",\"@id\":\"https:\/\/www.sonoraenequipo.com.mx\/#\/schema\/person\/50102df0fb23a8fa9e8effad8fa81386\"},\"headline\":\"Tribunal levanta la suspensi\u00f3n contra la reforma el\u00e9ctrica de AMLO\",\"datePublished\":\"2021-07-04T04:36:34+00:00\",\"mainEntityOfPage\":{\"@id\":\"https:\/\/www.sonoraenequipo.com.mx\/tribunal-levanta-la-suspension-contra-la-reforma-electrica-de-amlo\/\"},\"wordCount\":358,\"commentCount\":0,\"publisher\":{\"@id\":\"https:\/\/www.sonoraenequipo.com.mx\/#organization\"},\"image\":{\"@id\":\"https:\/\/www.sonoraenequipo.com.mx\/tribunal-levanta-la-suspension-contra-la-reforma-electrica-de-amlo\/#primaryimage\"},\"thumbnailUrl\":\"https:\/\/www.sonoraenequipo.com.mx\/storage\/2021\/07\/CFE-Bartlett-nahle_opt.jpg\",\"articleSection\":[\"Rep\u00fablica\"],\"inLanguage\":\"es\",\"potentialAction\":[{\"@type\":\"CommentAction\",\"name\":\"Comment\",\"target\":[\"https:\/\/www.sonoraenequipo.com.mx\/tribunal-levanta-la-suspension-contra-la-reforma-electrica-de-amlo\/#respond\"]}]},{\"@type\":\"WebPage\",\"@id\":\"https:\/\/www.sonoraenequipo.com.mx\/tribunal-levanta-la-suspension-contra-la-reforma-electrica-de-amlo\/\",\"url\":\"https:\/\/www.sonoraenequipo.com.mx\/tribunal-levanta-la-suspension-contra-la-reforma-electrica-de-amlo\/\",\"name\":\"Sonora en Equipo. Tribunal levanta la suspensi\u00f3n contra la reforma el\u00e9ctrica de AMLO Rep\u00fablica\",\"isPartOf\":{\"@id\":\"https:\/\/www.sonoraenequipo.com.mx\/#website\"},\"primaryImageOfPage\":{\"@id\":\"https:\/\/www.sonoraenequipo.com.mx\/tribunal-levanta-la-suspension-contra-la-reforma-electrica-de-amlo\/#primaryimage\"},\"image\":{\"@id\":\"https:\/\/www.sonoraenequipo.com.mx\/tribunal-levanta-la-suspension-contra-la-reforma-electrica-de-amlo\/#primaryimage\"},\"thumbnailUrl\":\"https:\/\/www.sonoraenequipo.com.mx\/storage\/2021\/07\/CFE-Bartlett-nahle_opt.jpg\",\"datePublished\":\"2021-07-04T04:36:34+00:00\",\"description\":\"CIUDAD DE M\u00c9XICO. MX. \u2014 Un tribunal levant\u00f3 la suspensi\u00f3n judicial de la reforma el\u00e9ctrica del presidente Andr\u00e9s Manuel L\u00f3pez Obrador, la cual prioriza la En Sonora en Equipo publicamos toda la informaci\u00f3n de Sonora, M\u00e9xico y el Mundo de manera oportuna y busca que la libertad de expresi\u00f3n sea real. Visita nuestro medio informativo publicado desde Hermosillo, Sonora. %\",\"breadcrumb\":{\"@id\":\"https:\/\/www.sonoraenequipo.com.mx\/tribunal-levanta-la-suspension-contra-la-reforma-electrica-de-amlo\/#breadcrumb\"},\"inLanguage\":\"es\",\"potentialAction\":[{\"@type\":\"ReadAction\",\"target\":[\"https:\/\/www.sonoraenequipo.com.mx\/tribunal-levanta-la-suspension-contra-la-reforma-electrica-de-amlo\/\"]}]},{\"@type\":\"ImageObject\",\"inLanguage\":\"es\",\"@id\":\"https:\/\/www.sonoraenequipo.com.mx\/tribunal-levanta-la-suspension-contra-la-reforma-electrica-de-amlo\/#primaryimage\",\"url\":\"https:\/\/www.sonoraenequipo.com.mx\/storage\/2021\/07\/CFE-Bartlett-nahle_opt.jpg\",\"contentUrl\":\"https:\/\/www.sonoraenequipo.com.mx\/storage\/2021\/07\/CFE-Bartlett-nahle_opt.jpg\",\"width\":700,\"height\":400},{\"@type\":\"BreadcrumbList\",\"@id\":\"https:\/\/www.sonoraenequipo.com.mx\/tribunal-levanta-la-suspension-contra-la-reforma-electrica-de-amlo\/#breadcrumb\",\"itemListElement\":[{\"@type\":\"ListItem\",\"position\":1,\"name\":\"Portada\",\"item\":\"https:\/\/www.sonoraenequipo.com.mx\/\"},{\"@type\":\"ListItem\",\"position\":2,\"name\":\"Tribunal levanta la suspensi\u00f3n contra la reforma el\u00e9ctrica de AMLO\"}]},{\"@type\":\"WebSite\",\"@id\":\"https:\/\/www.sonoraenequipo.com.mx\/#website\",\"url\":\"https:\/\/www.sonoraenequipo.com.mx\/\",\"name\":\"Sonora en Equipo.\",\"description\":\"Diario en l\u00ednea con Noticias desde Hermosillo, Sonora\",\"publisher\":{\"@id\":\"https:\/\/www.sonoraenequipo.com.mx\/#organization\"},\"potentialAction\":[{\"@type\":\"SearchAction\",\"target\":{\"@type\":\"EntryPoint\",\"urlTemplate\":\"https:\/\/www.sonoraenequipo.com.mx\/?s={search_term_string}\"},\"query-input\":{\"@type\":\"PropertyValueSpecification\",\"valueRequired\":true,\"valueName\":\"search_term_string\"}}],\"inLanguage\":\"es\"},{\"@type\":\"Organization\",\"@id\":\"https:\/\/www.sonoraenequipo.com.mx\/#organization\",\"name\":\"Sonoraenequipo.com.mx\",\"url\":\"https:\/\/www.sonoraenequipo.com.mx\/\",\"logo\":{\"@type\":\"ImageObject\",\"inLanguage\":\"es\",\"@id\":\"https:\/\/www.sonoraenequipo.com.mx\/#\/schema\/logo\/image\/\",\"url\":\"https:\/\/www.sonoraenequipo.com.mx\/storage\/2019\/01\/sonoraenequipo_opt.png\",\"contentUrl\":\"https:\/\/www.sonoraenequipo.com.mx\/storage\/2019\/01\/sonoraenequipo_opt.png\",\"width\":375,\"height\":125,\"caption\":\"Sonoraenequipo.com.mx\"},\"image\":{\"@id\":\"https:\/\/www.sonoraenequipo.com.mx\/#\/schema\/logo\/image\/\"},\"sameAs\":[\"https:\/\/www.facebook.com\/SonoraEE\/\",\"https:\/\/x.com\/sonoraenequipo\",\"https:\/\/www.youtube.com\/channel\/UC338nW-lPEYmJQs4ZABQ1SQ\"]},{\"@type\":\"Person\",\"@id\":\"https:\/\/www.sonoraenequipo.com.mx\/#\/schema\/person\/50102df0fb23a8fa9e8effad8fa81386\",\"name\":\"enequipo\",\"image\":{\"@type\":\"ImageObject\",\"inLanguage\":\"es\",\"@id\":\"https:\/\/www.sonoraenequipo.com.mx\/#\/schema\/person\/image\/\",\"url\":\"https:\/\/secure.gravatar.com\/avatar\/049821681b589dabc0bc20695993ccebb09f5b5d4d790cd9251b97faac7c652b?s=96&d=blank&r=g\",\"contentUrl\":\"https:\/\/secure.gravatar.com\/avatar\/049821681b589dabc0bc20695993ccebb09f5b5d4d790cd9251b97faac7c652b?s=96&d=blank&r=g\",\"caption\":\"enequipo\"},\"sameAs\":[\"https:\/\/www.facebook.com\/SonoraEE\"]}]}<\/script>\n ","yoast_head_json":{"title":"Sonora en Equipo. Tribunal levanta la suspensi\u00f3n contra la reforma el\u00e9ctrica de AMLO Rep\u00fablica","description":"CIUDAD DE M\u00c9XICO. MX. \u2014 Un tribunal levant\u00f3 la suspensi\u00f3n judicial de la reforma el\u00e9ctrica del presidente Andr\u00e9s Manuel L\u00f3pez Obrador, la cual prioriza la En Sonora en Equipo publicamos toda la informaci\u00f3n de Sonora, M\u00e9xico y el Mundo de manera oportuna y busca que la libertad de expresi\u00f3n sea real. Visita nuestro medio informativo publicado desde Hermosillo, Sonora. %","robots":{"index":"index","follow":"follow","max-snippet":"max-snippet:-1","max-image-preview":"max-image-preview:large","max-video-preview":"max-video-preview:-1"},"canonical":"https:\/\/www.sonoraenequipo.com.mx\/tribunal-levanta-la-suspension-contra-la-reforma-electrica-de-amlo\/","og_locale":"es_ES","og_type":"article","og_title":"Sonora en Equipo. Tribunal levanta la suspensi\u00f3n contra la reforma el\u00e9ctrica de AMLO Rep\u00fablica","og_description":"CIUDAD DE M\u00c9XICO. MX. \u2014 Un tribunal levant\u00f3 la suspensi\u00f3n judicial de la reforma el\u00e9ctrica del presidente Andr\u00e9s Manuel L\u00f3pez Obrador, la cual prioriza la En Sonora en Equipo publicamos toda la informaci\u00f3n de Sonora, M\u00e9xico y el Mundo de manera oportuna y busca que la libertad de expresi\u00f3n sea real. Visita nuestro medio informativo publicado desde Hermosillo, Sonora. %","og_url":"https:\/\/www.sonoraenequipo.com.mx\/tribunal-levanta-la-suspension-contra-la-reforma-electrica-de-amlo\/","og_site_name":"Sonora en Equipo.","article_publisher":"https:\/\/www.facebook.com\/SonoraEE\/","article_author":"https:\/\/www.facebook.com\/SonoraEE","article_published_time":"2021-07-04T04:36:34+00:00","og_image":[{"width":700,"height":400,"url":"https:\/\/www.sonoraenequipo.com.mx\/storage\/2021\/07\/CFE-Bartlett-nahle_opt.jpg","type":"image\/jpeg"}],"author":"enequipo","twitter_card":"summary_large_image","twitter_creator":"@sonoraenequipo","twitter_site":"@sonoraenequipo","twitter_misc":{"Escrito por":"enequipo","Tiempo de lectura":"2 minutos"},"schema":{"@context":"https:\/\/schema.org","@graph":[{"@type":"Article","@id":"https:\/\/www.sonoraenequipo.com.mx\/tribunal-levanta-la-suspension-contra-la-reforma-electrica-de-amlo\/#article","isPartOf":{"@id":"https:\/\/www.sonoraenequipo.com.mx\/tribunal-levanta-la-suspension-contra-la-reforma-electrica-de-amlo\/"},"author":{"name":"enequipo","@id":"https:\/\/www.sonoraenequipo.com.mx\/#\/schema\/person\/50102df0fb23a8fa9e8effad8fa81386"},"headline":"Tribunal levanta la suspensi\u00f3n contra la reforma el\u00e9ctrica de AMLO","datePublished":"2021-07-04T04:36:34+00:00","mainEntityOfPage":{"@id":"https:\/\/www.sonoraenequipo.com.mx\/tribunal-levanta-la-suspension-contra-la-reforma-electrica-de-amlo\/"},"wordCount":358,"commentCount":0,"publisher":{"@id":"https:\/\/www.sonoraenequipo.com.mx\/#organization"},"image":{"@id":"https:\/\/www.sonoraenequipo.com.mx\/tribunal-levanta-la-suspension-contra-la-reforma-electrica-de-amlo\/#primaryimage"},"thumbnailUrl":"https:\/\/www.sonoraenequipo.com.mx\/storage\/2021\/07\/CFE-Bartlett-nahle_opt.jpg","articleSection":["Rep\u00fablica"],"inLanguage":"es","potentialAction":[{"@type":"CommentAction","name":"Comment","target":["https:\/\/www.sonoraenequipo.com.mx\/tribunal-levanta-la-suspension-contra-la-reforma-electrica-de-amlo\/#respond"]}]},{"@type":"WebPage","@id":"https:\/\/www.sonoraenequipo.com.mx\/tribunal-levanta-la-suspension-contra-la-reforma-electrica-de-amlo\/","url":"https:\/\/www.sonoraenequipo.com.mx\/tribunal-levanta-la-suspension-contra-la-reforma-electrica-de-amlo\/","name":"Sonora en Equipo. Tribunal levanta la suspensi\u00f3n contra la reforma el\u00e9ctrica de AMLO Rep\u00fablica","isPartOf":{"@id":"https:\/\/www.sonoraenequipo.com.mx\/#website"},"primaryImageOfPage":{"@id":"https:\/\/www.sonoraenequipo.com.mx\/tribunal-levanta-la-suspension-contra-la-reforma-electrica-de-amlo\/#primaryimage"},"image":{"@id":"https:\/\/www.sonoraenequipo.com.mx\/tribunal-levanta-la-suspension-contra-la-reforma-electrica-de-amlo\/#primaryimage"},"thumbnailUrl":"https:\/\/www.sonoraenequipo.com.mx\/storage\/2021\/07\/CFE-Bartlett-nahle_opt.jpg","datePublished":"2021-07-04T04:36:34+00:00","description":"CIUDAD DE M\u00c9XICO. MX. \u2014 Un tribunal levant\u00f3 la suspensi\u00f3n judicial de la reforma el\u00e9ctrica del presidente Andr\u00e9s Manuel L\u00f3pez Obrador, la cual prioriza la En Sonora en Equipo publicamos toda la informaci\u00f3n de Sonora, M\u00e9xico y el Mundo de manera oportuna y busca que la libertad de expresi\u00f3n sea real. Visita nuestro medio informativo publicado desde Hermosillo, Sonora. %","breadcrumb":{"@id":"https:\/\/www.sonoraenequipo.com.mx\/tribunal-levanta-la-suspension-contra-la-reforma-electrica-de-amlo\/#breadcrumb"},"inLanguage":"es","potentialAction":[{"@type":"ReadAction","target":["https:\/\/www.sonoraenequipo.com.mx\/tribunal-levanta-la-suspension-contra-la-reforma-electrica-de-amlo\/"]}]},{"@type":"ImageObject","inLanguage":"es","@id":"https:\/\/www.sonoraenequipo.com.mx\/tribunal-levanta-la-suspension-contra-la-reforma-electrica-de-amlo\/#primaryimage","url":"https:\/\/www.sonoraenequipo.com.mx\/storage\/2021\/07\/CFE-Bartlett-nahle_opt.jpg","contentUrl":"https:\/\/www.sonoraenequipo.com.mx\/storage\/2021\/07\/CFE-Bartlett-nahle_opt.jpg","width":700,"height":400},{"@type":"BreadcrumbList","@id":"https:\/\/www.sonoraenequipo.com.mx\/tribunal-levanta-la-suspension-contra-la-reforma-electrica-de-amlo\/#breadcrumb","itemListElement":[{"@type":"ListItem","position":1,"name":"Portada","item":"https:\/\/www.sonoraenequipo.com.mx\/"},{"@type":"ListItem","position":2,"name":"Tribunal levanta la suspensi\u00f3n contra la reforma el\u00e9ctrica de AMLO"}]},{"@type":"WebSite","@id":"https:\/\/www.sonoraenequipo.com.mx\/#website","url":"https:\/\/www.sonoraenequipo.com.mx\/","name":"Sonora en Equipo.","description":"Diario en l\u00ednea con Noticias desde Hermosillo, Sonora","publisher":{"@id":"https:\/\/www.sonoraenequipo.com.mx\/#organization"},"potentialAction":[{"@type":"SearchAction","target":{"@type":"EntryPoint","urlTemplate":"https:\/\/www.sonoraenequipo.com.mx\/?s={search_term_string}"},"query-input":{"@type":"PropertyValueSpecification","valueRequired":true,"valueName":"search_term_string"}}],"inLanguage":"es"},{"@type":"Organization","@id":"https:\/\/www.sonoraenequipo.com.mx\/#organization","name":"Sonoraenequipo.com.mx","url":"https:\/\/www.sonoraenequipo.com.mx\/","logo":{"@type":"ImageObject","inLanguage":"es","@id":"https:\/\/www.sonoraenequipo.com.mx\/#\/schema\/logo\/image\/","url":"https:\/\/www.sonoraenequipo.com.mx\/storage\/2019\/01\/sonoraenequipo_opt.png","contentUrl":"https:\/\/www.sonoraenequipo.com.mx\/storage\/2019\/01\/sonoraenequipo_opt.png","width":375,"height":125,"caption":"Sonoraenequipo.com.mx"},"image":{"@id":"https:\/\/www.sonoraenequipo.com.mx\/#\/schema\/logo\/image\/"},"sameAs":["https:\/\/www.facebook.com\/SonoraEE\/","https:\/\/x.com\/sonoraenequipo","https:\/\/www.youtube.com\/channel\/UC338nW-lPEYmJQs4ZABQ1SQ"]},{"@type":"Person","@id":"https:\/\/www.sonoraenequipo.com.mx\/#\/schema\/person\/50102df0fb23a8fa9e8effad8fa81386","name":"enequipo","image":{"@type":"ImageObject","inLanguage":"es","@id":"https:\/\/www.sonoraenequipo.com.mx\/#\/schema\/person\/image\/","url":"https:\/\/secure.gravatar.com\/avatar\/049821681b589dabc0bc20695993ccebb09f5b5d4d790cd9251b97faac7c652b?s=96&d=blank&r=g","contentUrl":"https:\/\/secure.gravatar.com\/avatar\/049821681b589dabc0bc20695993ccebb09f5b5d4d790cd9251b97faac7c652b?s=96&d=blank&r=g","caption":"enequipo"},"sameAs":["https:\/\/www.facebook.com\/SonoraEE"]}]}},"jetpack_featured_media_url":"https:\/\/www.sonoraenequipo.com.mx\/storage\/2021\/07\/CFE-Bartlett-nahle_opt.jpg","_links":{"self":[{"href":"https:\/\/www.sonoraenequipo.com.mx\/api\/wp\/v2\/posts\/117722","targetHints":{"allow":["GET"]}}],"collection":[{"href":"https:\/\/www.sonoraenequipo.com.mx\/api\/wp\/v2\/posts"}],"about":[{"href":"https:\/\/www.sonoraenequipo.com.mx\/api\/wp\/v2\/types\/post"}],"author":[{"embeddable":true,"href":"https:\/\/www.sonoraenequipo.com.mx\/api\/wp\/v2\/users\/1"}],"replies":[{"embeddable":true,"href":"https:\/\/www.sonoraenequipo.com.mx\/api\/wp\/v2\/comments?post=117722"}],"version-history":[{"count":1,"href":"https:\/\/www.sonoraenequipo.com.mx\/api\/wp\/v2\/posts\/117722\/revisions"}],"predecessor-version":[{"id":117724,"href":"https:\/\/www.sonoraenequipo.com.mx\/api\/wp\/v2\/posts\/117722\/revisions\/117724"}],"wp:featuredmedia":[{"embeddable":true,"href":"https:\/\/www.sonoraenequipo.com.mx\/api\/wp\/v2\/media\/117723"}],"wp:attachment":[{"href":"https:\/\/www.sonoraenequipo.com.mx\/api\/wp\/v2\/media?parent=117722"}],"wp:term":[{"taxonomy":"category","embeddable":true,"href":"https:\/\/www.sonoraenequipo.com.mx\/api\/wp\/v2\/categories?post=117722"},{"taxonomy":"post_tag","embeddable":true,"href":"https:\/\/www.sonoraenequipo.com.mx\/api\/wp\/v2\/tags?post=117722"}],"curies":[{"name":"wp","href":"https:\/\/api.w.org\/{rel}","templated":true}]}}