{"id":117725,"date":"2021-07-03T22:45:58","date_gmt":"2021-07-04T05:45:58","guid":{"rendered":"https:\/\/www.sonoraenequipo.com.mx\/?p=117725"},"modified":"2021-07-03T21:33:22","modified_gmt":"2021-07-04T04:33:22","slug":"elsa-deja-dos-victimas-mortales-a-su-paso-por-el-sur-de-republica-dominicana","status":"publish","type":"post","link":"https:\/\/www.sonoraenequipo.com.mx\/elsa-deja-dos-victimas-mortales-a-su-paso-por-el-sur-de-republica-dominicana\/","title":{"rendered":"Elsa deja dos v\u00edctimas mortales a su paso por el sur de Rep\u00fablica Dominicana"},"content":{"rendered":"<p>SANTO DOMINGO, REP\u00daBLICA DOMINICANA. \u2014 El paso de la tormenta tropical Elsa cerca de la costa Sur de Rep\u00fablica Dominicana caus\u00f3 dos muertes en el pa\u00eds, seg\u00fan confirm\u00f3 a Efe el director del Centro de Operaciones de Emergencia (COE), Juan Manuel M\u00e9ndez.<\/p>\n<p>&nbsp;<\/p>\n<p> <\/p>\n<p>&nbsp;<\/p>\n<p>La primera de las v\u00edctimas mortales es un joven de 15 a\u00f1os, residente en el municipio de Bahoruco, provincia de Barahona, quien falleci\u00f3 al caerle encima una pared que colaps\u00f3 a causa del viento y las lluvias, se\u00f1al\u00f3 M\u00e9ndez.<\/p>\n<p>&nbsp;<\/p>\n<p>En similares circunstancias se produjo el deceso de una anciana de 75 a\u00f1os, vecina de la localidad de Ban\u00ed, provincia de Peravia, indic\u00f3 el responsable del COE.<\/p>\n<p>&nbsp;<\/p>\n<p>Seg\u00fan las informaciones recabadas hasta el momento, los vientos asociados a la tormenta Elsa han \u201cdestechado\u201d viviendas en diversos puntos del pa\u00eds, aunque a\u00fan es prematuro hacer una valoraci\u00f3n de la situaci\u00f3n ya que el pa\u00eds \u201ca\u00fan est\u00e1 bajo los efectos\u201d del fen\u00f3meno, apunt\u00f3 M\u00e9ndez.<\/p>\n<p>&nbsp;<\/p>\n<p>El COE mantiene este s\u00e1bado los niveles de alerta por tormenta tropical en toda la franja costera y las 32 provincias del pa\u00eds est\u00e1n en distintos niveles de alarma por posibles inundaciones y crecidas de r\u00edos, arroyos y ca\u00f1adas.<\/p>\n<p>&nbsp;<\/p>\n<p>Los vientos de Elsa, el primer hurac\u00e1n de 2021 en la cuenca atl\u00e1ntica, se debilitaron en las \u00faltimas horas pasando de 75 millas por hora (120 km\/h) a 70 millas por hora (110 km\/h) y volvi\u00f3 a ser una tormenta tropical en su aproximaci\u00f3n a la isla Espa\u00f1ola (Rep\u00fablica Dominicana y Hait\u00ed), inform\u00f3 el Centro Nacional de Huracanes (NHC) de Estados Unidos.<\/p>\n<p>&nbsp;<\/p>\n<p>La tormenta, que discurre pr\u00f3xima a la costa sur dominicana, avanza a una velocidad de 29 millas por hora (46 km\/h). Se espera que disminuya levemente este s\u00e1bado en la tarde y el domingo, tras lo cual realizar\u00e1 un giro hacia el noroeste en la noche del domingo o el lunes.<\/p>\n<p>&nbsp;<\/p>\n<p>(Publicada el 03\/07\/2021\/Con informaci\u00f3n de EFE y Agencias)<\/p>\n","protected":false},"excerpt":{"rendered":"<p>SANTO DOMINGO, REP\u00daBLICA DOMINICANA. \u2014 El paso de la tormenta tropical Elsa cerca de la&#8230;<\/p>\n","protected":false},"author":1,"featured_media":117726,"comment_status":"open","ping_status":"open","sticky":false,"template":"","format":"standard","meta":{"_monsterinsights_skip_tracking":false,"_monsterinsights_sitenote_active":false,"_monsterinsights_sitenote_note":"","_monsterinsights_sitenote_category":0,"footnotes":""},"categories":[3],"tags":[],"class_list":["post"],"yoast_head":" \n<title>Sonora en Equipo. Elsa deja dos v\u00edctimas mortales a su paso por el sur de Rep\u00fablica Dominicana MUNDO<\/title>\n<meta name=\"description\" content=\"SANTO DOMINGO, REP\u00daBLICA DOMINICANA. \u2014 El paso de la tormenta tropical Elsa cerca de la costa Sur de Rep\u00fablica Dominicana caus\u00f3 dos muertes en el pa\u00eds, En Sonora en Equipo publicamos toda la informaci\u00f3n de Sonora, M\u00e9xico y el Mundo de manera oportuna y busca que la libertad de expresi\u00f3n sea real. Visita nuestro medio informativo publicado desde Hermosillo, Sonora. %\" \/>\n<meta name=\"robots\" content=\"index, follow, max-snippet:-1, max-image-preview:large, max-video-preview:-1\" \/>\n<link rel=\"canonical\" href=\"https:\/\/www.sonoraenequipo.com.mx\/elsa-deja-dos-victimas-mortales-a-su-paso-por-el-sur-de-republica-dominicana\/\" \/>\n<meta property=\"og:locale\" content=\"es_ES\" \/>\n<meta property=\"og:type\" content=\"article\" \/>\n<meta property=\"og:title\" content=\"Sonora en Equipo. Elsa deja dos v\u00edctimas mortales a su paso por el sur de Rep\u00fablica Dominicana MUNDO\" \/>\n<meta property=\"og:description\" content=\"SANTO DOMINGO, REP\u00daBLICA DOMINICANA. \u2014 El paso de la tormenta tropical Elsa cerca de la costa Sur de Rep\u00fablica Dominicana caus\u00f3 dos muertes en el pa\u00eds, En Sonora en Equipo publicamos toda la informaci\u00f3n de Sonora, M\u00e9xico y el Mundo de manera oportuna y busca que la libertad de expresi\u00f3n sea real. Visita nuestro medio informativo publicado desde Hermosillo, Sonora. %\" \/>\n<meta property=\"og:url\" content=\"https:\/\/www.sonoraenequipo.com.mx\/elsa-deja-dos-victimas-mortales-a-su-paso-por-el-sur-de-republica-dominicana\/\" \/>\n<meta property=\"og:site_name\" content=\"Sonora en Equipo.\" \/>\n<meta property=\"article:publisher\" content=\"https:\/\/www.facebook.com\/SonoraEE\/\" \/>\n<meta property=\"article:author\" content=\"https:\/\/www.facebook.com\/SonoraEE\" \/>\n<meta property=\"article:published_time\" content=\"2021-07-04T05:45:58+00:00\" \/>\n<meta property=\"og:image\" content=\"https:\/\/www.sonoraenequipo.com.mx\/storage\/2021\/07\/Oleaje-en-Malecon-Santo-Domingo_opt.jpg\" \/>\n\t<meta property=\"og:image:width\" content=\"700\" \/>\n\t<meta property=\"og:image:height\" content=\"400\" \/>\n\t<meta property=\"og:image:type\" content=\"image\/jpeg\" \/>\n<meta name=\"author\" content=\"enequipo\" \/>\n<meta name=\"twitter:card\" content=\"summary_large_image\" \/>\n<meta name=\"twitter:creator\" content=\"@sonoraenequipo\" \/>\n<meta name=\"twitter:site\" content=\"@sonoraenequipo\" \/>\n<meta name=\"twitter:label1\" content=\"Escrito por\" \/>\n\t<meta name=\"twitter:data1\" content=\"enequipo\" \/>\n\t<meta name=\"twitter:label2\" content=\"Tiempo de lectura\" \/>\n\t<meta name=\"twitter:data2\" content=\"2 minutos\" \/>\n<script type=\"application\/ld+json\" class=\"yoast-schema-graph\">{\"@context\":\"https:\/\/schema.org\",\"@graph\":[{\"@type\":\"Article\",\"@id\":\"https:\/\/www.sonoraenequipo.com.mx\/elsa-deja-dos-victimas-mortales-a-su-paso-por-el-sur-de-republica-dominicana\/#article\",\"isPartOf\":{\"@id\":\"https:\/\/www.sonoraenequipo.com.mx\/elsa-deja-dos-victimas-mortales-a-su-paso-por-el-sur-de-republica-dominicana\/\"},\"author\":{\"name\":\"enequipo\",\"@id\":\"https:\/\/www.sonoraenequipo.com.mx\/#\/schema\/person\/50102df0fb23a8fa9e8effad8fa81386\"},\"headline\":\"Elsa deja dos v\u00edctimas mortales a su paso por el sur de Rep\u00fablica Dominicana\",\"datePublished\":\"2021-07-04T05:45:58+00:00\",\"mainEntityOfPage\":{\"@id\":\"https:\/\/www.sonoraenequipo.com.mx\/elsa-deja-dos-victimas-mortales-a-su-paso-por-el-sur-de-republica-dominicana\/\"},\"wordCount\":361,\"commentCount\":0,\"publisher\":{\"@id\":\"https:\/\/www.sonoraenequipo.com.mx\/#organization\"},\"image\":{\"@id\":\"https:\/\/www.sonoraenequipo.com.mx\/elsa-deja-dos-victimas-mortales-a-su-paso-por-el-sur-de-republica-dominicana\/#primaryimage\"},\"thumbnailUrl\":\"https:\/\/www.sonoraenequipo.com.mx\/storage\/2021\/07\/Oleaje-en-Malecon-Santo-Domingo_opt.jpg\",\"articleSection\":[\"MUNDO\"],\"inLanguage\":\"es\",\"potentialAction\":[{\"@type\":\"CommentAction\",\"name\":\"Comment\",\"target\":[\"https:\/\/www.sonoraenequipo.com.mx\/elsa-deja-dos-victimas-mortales-a-su-paso-por-el-sur-de-republica-dominicana\/#respond\"]}]},{\"@type\":\"WebPage\",\"@id\":\"https:\/\/www.sonoraenequipo.com.mx\/elsa-deja-dos-victimas-mortales-a-su-paso-por-el-sur-de-republica-dominicana\/\",\"url\":\"https:\/\/www.sonoraenequipo.com.mx\/elsa-deja-dos-victimas-mortales-a-su-paso-por-el-sur-de-republica-dominicana\/\",\"name\":\"Sonora en Equipo. Elsa deja dos v\u00edctimas mortales a su paso por el sur de Rep\u00fablica Dominicana MUNDO\",\"isPartOf\":{\"@id\":\"https:\/\/www.sonoraenequipo.com.mx\/#website\"},\"primaryImageOfPage\":{\"@id\":\"https:\/\/www.sonoraenequipo.com.mx\/elsa-deja-dos-victimas-mortales-a-su-paso-por-el-sur-de-republica-dominicana\/#primaryimage\"},\"image\":{\"@id\":\"https:\/\/www.sonoraenequipo.com.mx\/elsa-deja-dos-victimas-mortales-a-su-paso-por-el-sur-de-republica-dominicana\/#primaryimage\"},\"thumbnailUrl\":\"https:\/\/www.sonoraenequipo.com.mx\/storage\/2021\/07\/Oleaje-en-Malecon-Santo-Domingo_opt.jpg\",\"datePublished\":\"2021-07-04T05:45:58+00:00\",\"description\":\"SANTO DOMINGO, REP\u00daBLICA DOMINICANA. \u2014 El paso de la tormenta tropical Elsa cerca de la costa Sur de Rep\u00fablica Dominicana caus\u00f3 dos muertes en el pa\u00eds, En Sonora en Equipo publicamos toda la informaci\u00f3n de Sonora, M\u00e9xico y el Mundo de manera oportuna y busca que la libertad de expresi\u00f3n sea real. Visita nuestro medio informativo publicado desde Hermosillo, Sonora. %\",\"breadcrumb\":{\"@id\":\"https:\/\/www.sonoraenequipo.com.mx\/elsa-deja-dos-victimas-mortales-a-su-paso-por-el-sur-de-republica-dominicana\/#breadcrumb\"},\"inLanguage\":\"es\",\"potentialAction\":[{\"@type\":\"ReadAction\",\"target\":[\"https:\/\/www.sonoraenequipo.com.mx\/elsa-deja-dos-victimas-mortales-a-su-paso-por-el-sur-de-republica-dominicana\/\"]}]},{\"@type\":\"ImageObject\",\"inLanguage\":\"es\",\"@id\":\"https:\/\/www.sonoraenequipo.com.mx\/elsa-deja-dos-victimas-mortales-a-su-paso-por-el-sur-de-republica-dominicana\/#primaryimage\",\"url\":\"https:\/\/www.sonoraenequipo.com.mx\/storage\/2021\/07\/Oleaje-en-Malecon-Santo-Domingo_opt.jpg\",\"contentUrl\":\"https:\/\/www.sonoraenequipo.com.mx\/storage\/2021\/07\/Oleaje-en-Malecon-Santo-Domingo_opt.jpg\",\"width\":700,\"height\":400},{\"@type\":\"BreadcrumbList\",\"@id\":\"https:\/\/www.sonoraenequipo.com.mx\/elsa-deja-dos-victimas-mortales-a-su-paso-por-el-sur-de-republica-dominicana\/#breadcrumb\",\"itemListElement\":[{\"@type\":\"ListItem\",\"position\":1,\"name\":\"Portada\",\"item\":\"https:\/\/www.sonoraenequipo.com.mx\/\"},{\"@type\":\"ListItem\",\"position\":2,\"name\":\"Elsa deja dos v\u00edctimas mortales a su paso por el sur de Rep\u00fablica Dominicana\"}]},{\"@type\":\"WebSite\",\"@id\":\"https:\/\/www.sonoraenequipo.com.mx\/#website\",\"url\":\"https:\/\/www.sonoraenequipo.com.mx\/\",\"name\":\"Sonora en Equipo.\",\"description\":\"Diario en l\u00ednea con Noticias desde Hermosillo, Sonora\",\"publisher\":{\"@id\":\"https:\/\/www.sonoraenequipo.com.mx\/#organization\"},\"potentialAction\":[{\"@type\":\"SearchAction\",\"target\":{\"@type\":\"EntryPoint\",\"urlTemplate\":\"https:\/\/www.sonoraenequipo.com.mx\/?s={search_term_string}\"},\"query-input\":{\"@type\":\"PropertyValueSpecification\",\"valueRequired\":true,\"valueName\":\"search_term_string\"}}],\"inLanguage\":\"es\"},{\"@type\":\"Organization\",\"@id\":\"https:\/\/www.sonoraenequipo.com.mx\/#organization\",\"name\":\"Sonoraenequipo.com.mx\",\"url\":\"https:\/\/www.sonoraenequipo.com.mx\/\",\"logo\":{\"@type\":\"ImageObject\",\"inLanguage\":\"es\",\"@id\":\"https:\/\/www.sonoraenequipo.com.mx\/#\/schema\/logo\/image\/\",\"url\":\"https:\/\/www.sonoraenequipo.com.mx\/storage\/2019\/01\/sonoraenequipo_opt.png\",\"contentUrl\":\"https:\/\/www.sonoraenequipo.com.mx\/storage\/2019\/01\/sonoraenequipo_opt.png\",\"width\":375,\"height\":125,\"caption\":\"Sonoraenequipo.com.mx\"},\"image\":{\"@id\":\"https:\/\/www.sonoraenequipo.com.mx\/#\/schema\/logo\/image\/\"},\"sameAs\":[\"https:\/\/www.facebook.com\/SonoraEE\/\",\"https:\/\/x.com\/sonoraenequipo\",\"https:\/\/www.youtube.com\/channel\/UC338nW-lPEYmJQs4ZABQ1SQ\"]},{\"@type\":\"Person\",\"@id\":\"https:\/\/www.sonoraenequipo.com.mx\/#\/schema\/person\/50102df0fb23a8fa9e8effad8fa81386\",\"name\":\"enequipo\",\"image\":{\"@type\":\"ImageObject\",\"inLanguage\":\"es\",\"@id\":\"https:\/\/www.sonoraenequipo.com.mx\/#\/schema\/person\/image\/\",\"url\":\"https:\/\/secure.gravatar.com\/avatar\/049821681b589dabc0bc20695993ccebb09f5b5d4d790cd9251b97faac7c652b?s=96&d=blank&r=g\",\"contentUrl\":\"https:\/\/secure.gravatar.com\/avatar\/049821681b589dabc0bc20695993ccebb09f5b5d4d790cd9251b97faac7c652b?s=96&d=blank&r=g\",\"caption\":\"enequipo\"},\"sameAs\":[\"https:\/\/www.facebook.com\/SonoraEE\"]}]}<\/script>\n ","yoast_head_json":{"title":"Sonora en Equipo. Elsa deja dos v\u00edctimas mortales a su paso por el sur de Rep\u00fablica Dominicana MUNDO","description":"SANTO DOMINGO, REP\u00daBLICA DOMINICANA. \u2014 El paso de la tormenta tropical Elsa cerca de la costa Sur de Rep\u00fablica Dominicana caus\u00f3 dos muertes en el pa\u00eds, En Sonora en Equipo publicamos toda la informaci\u00f3n de Sonora, M\u00e9xico y el Mundo de manera oportuna y busca que la libertad de expresi\u00f3n sea real. Visita nuestro medio informativo publicado desde Hermosillo, Sonora. %","robots":{"index":"index","follow":"follow","max-snippet":"max-snippet:-1","max-image-preview":"max-image-preview:large","max-video-preview":"max-video-preview:-1"},"canonical":"https:\/\/www.sonoraenequipo.com.mx\/elsa-deja-dos-victimas-mortales-a-su-paso-por-el-sur-de-republica-dominicana\/","og_locale":"es_ES","og_type":"article","og_title":"Sonora en Equipo. Elsa deja dos v\u00edctimas mortales a su paso por el sur de Rep\u00fablica Dominicana MUNDO","og_description":"SANTO DOMINGO, REP\u00daBLICA DOMINICANA. \u2014 El paso de la tormenta tropical Elsa cerca de la costa Sur de Rep\u00fablica Dominicana caus\u00f3 dos muertes en el pa\u00eds, En Sonora en Equipo publicamos toda la informaci\u00f3n de Sonora, M\u00e9xico y el Mundo de manera oportuna y busca que la libertad de expresi\u00f3n sea real. Visita nuestro medio informativo publicado desde Hermosillo, Sonora. %","og_url":"https:\/\/www.sonoraenequipo.com.mx\/elsa-deja-dos-victimas-mortales-a-su-paso-por-el-sur-de-republica-dominicana\/","og_site_name":"Sonora en Equipo.","article_publisher":"https:\/\/www.facebook.com\/SonoraEE\/","article_author":"https:\/\/www.facebook.com\/SonoraEE","article_published_time":"2021-07-04T05:45:58+00:00","og_image":[{"width":700,"height":400,"url":"https:\/\/www.sonoraenequipo.com.mx\/storage\/2021\/07\/Oleaje-en-Malecon-Santo-Domingo_opt.jpg","type":"image\/jpeg"}],"author":"enequipo","twitter_card":"summary_large_image","twitter_creator":"@sonoraenequipo","twitter_site":"@sonoraenequipo","twitter_misc":{"Escrito por":"enequipo","Tiempo de lectura":"2 minutos"},"schema":{"@context":"https:\/\/schema.org","@graph":[{"@type":"Article","@id":"https:\/\/www.sonoraenequipo.com.mx\/elsa-deja-dos-victimas-mortales-a-su-paso-por-el-sur-de-republica-dominicana\/#article","isPartOf":{"@id":"https:\/\/www.sonoraenequipo.com.mx\/elsa-deja-dos-victimas-mortales-a-su-paso-por-el-sur-de-republica-dominicana\/"},"author":{"name":"enequipo","@id":"https:\/\/www.sonoraenequipo.com.mx\/#\/schema\/person\/50102df0fb23a8fa9e8effad8fa81386"},"headline":"Elsa deja dos v\u00edctimas mortales a su paso por el sur de Rep\u00fablica Dominicana","datePublished":"2021-07-04T05:45:58+00:00","mainEntityOfPage":{"@id":"https:\/\/www.sonoraenequipo.com.mx\/elsa-deja-dos-victimas-mortales-a-su-paso-por-el-sur-de-republica-dominicana\/"},"wordCount":361,"commentCount":0,"publisher":{"@id":"https:\/\/www.sonoraenequipo.com.mx\/#organization"},"image":{"@id":"https:\/\/www.sonoraenequipo.com.mx\/elsa-deja-dos-victimas-mortales-a-su-paso-por-el-sur-de-republica-dominicana\/#primaryimage"},"thumbnailUrl":"https:\/\/www.sonoraenequipo.com.mx\/storage\/2021\/07\/Oleaje-en-Malecon-Santo-Domingo_opt.jpg","articleSection":["MUNDO"],"inLanguage":"es","potentialAction":[{"@type":"CommentAction","name":"Comment","target":["https:\/\/www.sonoraenequipo.com.mx\/elsa-deja-dos-victimas-mortales-a-su-paso-por-el-sur-de-republica-dominicana\/#respond"]}]},{"@type":"WebPage","@id":"https:\/\/www.sonoraenequipo.com.mx\/elsa-deja-dos-victimas-mortales-a-su-paso-por-el-sur-de-republica-dominicana\/","url":"https:\/\/www.sonoraenequipo.com.mx\/elsa-deja-dos-victimas-mortales-a-su-paso-por-el-sur-de-republica-dominicana\/","name":"Sonora en Equipo. Elsa deja dos v\u00edctimas mortales a su paso por el sur de Rep\u00fablica Dominicana MUNDO","isPartOf":{"@id":"https:\/\/www.sonoraenequipo.com.mx\/#website"},"primaryImageOfPage":{"@id":"https:\/\/www.sonoraenequipo.com.mx\/elsa-deja-dos-victimas-mortales-a-su-paso-por-el-sur-de-republica-dominicana\/#primaryimage"},"image":{"@id":"https:\/\/www.sonoraenequipo.com.mx\/elsa-deja-dos-victimas-mortales-a-su-paso-por-el-sur-de-republica-dominicana\/#primaryimage"},"thumbnailUrl":"https:\/\/www.sonoraenequipo.com.mx\/storage\/2021\/07\/Oleaje-en-Malecon-Santo-Domingo_opt.jpg","datePublished":"2021-07-04T05:45:58+00:00","description":"SANTO DOMINGO, REP\u00daBLICA DOMINICANA. \u2014 El paso de la tormenta tropical Elsa cerca de la costa Sur de Rep\u00fablica Dominicana caus\u00f3 dos muertes en el pa\u00eds, En Sonora en Equipo publicamos toda la informaci\u00f3n de Sonora, M\u00e9xico y el Mundo de manera oportuna y busca que la libertad de expresi\u00f3n sea real. Visita nuestro medio informativo publicado desde Hermosillo, Sonora. %","breadcrumb":{"@id":"https:\/\/www.sonoraenequipo.com.mx\/elsa-deja-dos-victimas-mortales-a-su-paso-por-el-sur-de-republica-dominicana\/#breadcrumb"},"inLanguage":"es","potentialAction":[{"@type":"ReadAction","target":["https:\/\/www.sonoraenequipo.com.mx\/elsa-deja-dos-victimas-mortales-a-su-paso-por-el-sur-de-republica-dominicana\/"]}]},{"@type":"ImageObject","inLanguage":"es","@id":"https:\/\/www.sonoraenequipo.com.mx\/elsa-deja-dos-victimas-mortales-a-su-paso-por-el-sur-de-republica-dominicana\/#primaryimage","url":"https:\/\/www.sonoraenequipo.com.mx\/storage\/2021\/07\/Oleaje-en-Malecon-Santo-Domingo_opt.jpg","contentUrl":"https:\/\/www.sonoraenequipo.com.mx\/storage\/2021\/07\/Oleaje-en-Malecon-Santo-Domingo_opt.jpg","width":700,"height":400},{"@type":"BreadcrumbList","@id":"https:\/\/www.sonoraenequipo.com.mx\/elsa-deja-dos-victimas-mortales-a-su-paso-por-el-sur-de-republica-dominicana\/#breadcrumb","itemListElement":[{"@type":"ListItem","position":1,"name":"Portada","item":"https:\/\/www.sonoraenequipo.com.mx\/"},{"@type":"ListItem","position":2,"name":"Elsa deja dos v\u00edctimas mortales a su paso por el sur de Rep\u00fablica Dominicana"}]},{"@type":"WebSite","@id":"https:\/\/www.sonoraenequipo.com.mx\/#website","url":"https:\/\/www.sonoraenequipo.com.mx\/","name":"Sonora en Equipo.","description":"Diario en l\u00ednea con Noticias desde Hermosillo, Sonora","publisher":{"@id":"https:\/\/www.sonoraenequipo.com.mx\/#organization"},"potentialAction":[{"@type":"SearchAction","target":{"@type":"EntryPoint","urlTemplate":"https:\/\/www.sonoraenequipo.com.mx\/?s={search_term_string}"},"query-input":{"@type":"PropertyValueSpecification","valueRequired":true,"valueName":"search_term_string"}}],"inLanguage":"es"},{"@type":"Organization","@id":"https:\/\/www.sonoraenequipo.com.mx\/#organization","name":"Sonoraenequipo.com.mx","url":"https:\/\/www.sonoraenequipo.com.mx\/","logo":{"@type":"ImageObject","inLanguage":"es","@id":"https:\/\/www.sonoraenequipo.com.mx\/#\/schema\/logo\/image\/","url":"https:\/\/www.sonoraenequipo.com.mx\/storage\/2019\/01\/sonoraenequipo_opt.png","contentUrl":"https:\/\/www.sonoraenequipo.com.mx\/storage\/2019\/01\/sonoraenequipo_opt.png","width":375,"height":125,"caption":"Sonoraenequipo.com.mx"},"image":{"@id":"https:\/\/www.sonoraenequipo.com.mx\/#\/schema\/logo\/image\/"},"sameAs":["https:\/\/www.facebook.com\/SonoraEE\/","https:\/\/x.com\/sonoraenequipo","https:\/\/www.youtube.com\/channel\/UC338nW-lPEYmJQs4ZABQ1SQ"]},{"@type":"Person","@id":"https:\/\/www.sonoraenequipo.com.mx\/#\/schema\/person\/50102df0fb23a8fa9e8effad8fa81386","name":"enequipo","image":{"@type":"ImageObject","inLanguage":"es","@id":"https:\/\/www.sonoraenequipo.com.mx\/#\/schema\/person\/image\/","url":"https:\/\/secure.gravatar.com\/avatar\/049821681b589dabc0bc20695993ccebb09f5b5d4d790cd9251b97faac7c652b?s=96&d=blank&r=g","contentUrl":"https:\/\/secure.gravatar.com\/avatar\/049821681b589dabc0bc20695993ccebb09f5b5d4d790cd9251b97faac7c652b?s=96&d=blank&r=g","caption":"enequipo"},"sameAs":["https:\/\/www.facebook.com\/SonoraEE"]}]}},"jetpack_featured_media_url":"https:\/\/www.sonoraenequipo.com.mx\/storage\/2021\/07\/Oleaje-en-Malecon-Santo-Domingo_opt.jpg","_links":{"self":[{"href":"https:\/\/www.sonoraenequipo.com.mx\/api\/wp\/v2\/posts\/117725","targetHints":{"allow":["GET"]}}],"collection":[{"href":"https:\/\/www.sonoraenequipo.com.mx\/api\/wp\/v2\/posts"}],"about":[{"href":"https:\/\/www.sonoraenequipo.com.mx\/api\/wp\/v2\/types\/post"}],"author":[{"embeddable":true,"href":"https:\/\/www.sonoraenequipo.com.mx\/api\/wp\/v2\/users\/1"}],"replies":[{"embeddable":true,"href":"https:\/\/www.sonoraenequipo.com.mx\/api\/wp\/v2\/comments?post=117725"}],"version-history":[{"count":1,"href":"https:\/\/www.sonoraenequipo.com.mx\/api\/wp\/v2\/posts\/117725\/revisions"}],"predecessor-version":[{"id":117727,"href":"https:\/\/www.sonoraenequipo.com.mx\/api\/wp\/v2\/posts\/117725\/revisions\/117727"}],"wp:featuredmedia":[{"embeddable":true,"href":"https:\/\/www.sonoraenequipo.com.mx\/api\/wp\/v2\/media\/117726"}],"wp:attachment":[{"href":"https:\/\/www.sonoraenequipo.com.mx\/api\/wp\/v2\/media?parent=117725"}],"wp:term":[{"taxonomy":"category","embeddable":true,"href":"https:\/\/www.sonoraenequipo.com.mx\/api\/wp\/v2\/categories?post=117725"},{"taxonomy":"post_tag","embeddable":true,"href":"https:\/\/www.sonoraenequipo.com.mx\/api\/wp\/v2\/tags?post=117725"}],"curies":[{"name":"wp","href":"https:\/\/api.w.org\/{rel}","templated":true}]}}