{"id":117728,"date":"2021-07-03T23:15:35","date_gmt":"2021-07-04T06:15:35","guid":{"rendered":"https:\/\/www.sonoraenequipo.com.mx\/?p=117728"},"modified":"2021-07-03T22:09:31","modified_gmt":"2021-07-04T05:09:31","slug":"47-millones-personas-viajaran-a-eua-por-dia-de-independencia","status":"publish","type":"post","link":"https:\/\/www.sonoraenequipo.com.mx\/47-millones-personas-viajaran-a-eua-por-dia-de-independencia\/","title":{"rendered":"47 millones personas viajar\u00e1n a EUA por D\u00eda de Independencia"},"content":{"rendered":"<p>NUEVA YORK, ESTADOS UNIDOS.\u2014 La Asociaci\u00f3n Estadounidense del Autom\u00f3vil (AAA) inform\u00f3 que 47 millones 700 mil personas, entre ellas miles de dominicanos, viajar\u00e1n a lo interno de los Estados Unidos por motivo del D\u00eda de Independencia, a celebrarse el pr\u00f3ximo domingo d\u00eda 4.<\/p>\n<p>&nbsp;<\/p>\n<p>&nbsp;<\/p>\n<p> <\/p>\n<p>Los estadounidenses har\u00e1n al menos un viaje dentro del pa\u00eds durante el fin de semana del D\u00eda de la Independencia (4 de julio), la segunda mayor cifra desde que la AAA, la mayor organizaci\u00f3n de automovilistas de EE.UU., lleva la cuenta<\/p>\n<p>&nbsp;<\/p>\n<p>Los viajes se efectuar\u00e1n entre el 1 y el 5 de este mes. 43,6 millones lo har\u00e1n en autom\u00f3vil; 3,5 millones en avi\u00f3n y 620.000 en otros medios de transporte.<\/p>\n<p>&nbsp;<\/p>\n<p>La cifra representa un 40 % de aumento respecto al D\u00eda de la Independencia de 2020, el a\u00f1o de la pandemia y las restricciones de movimiento, y es solo un 2,5 % menor a la de 2019, cuando los viajeros sumaron un r\u00e9cord de 48,9 millones.<\/p>\n<p>&nbsp;<\/p>\n<p>Entre las ciudades m\u00e1s visitados figuran Orlando, Denver, Nueva York Chicago, Atlanta, Bostn, y Kahului en Hawai.<\/p>\n<p>&nbsp;<\/p>\n<p>&nbsp;<\/p>\n<p>(Publicada el 03\/07\/2021)<\/p>\n","protected":false},"excerpt":{"rendered":"<p>NUEVA YORK, ESTADOS UNIDOS.\u2014 La Asociaci\u00f3n Estadounidense del Autom\u00f3vil (AAA) inform\u00f3 que 47 millones 700&#8230;<\/p>\n","protected":false},"author":1,"featured_media":117729,"comment_status":"open","ping_status":"open","sticky":false,"template":"","format":"standard","meta":{"_monsterinsights_skip_tracking":false,"_monsterinsights_sitenote_active":false,"_monsterinsights_sitenote_note":"","_monsterinsights_sitenote_category":0,"footnotes":""},"categories":[3],"tags":[],"class_list":["post"],"yoast_head":" \n<title>Sonora en Equipo. 47 millones personas viajar\u00e1n a EUA por D\u00eda de Independencia MUNDO<\/title>\n<meta name=\"description\" content=\"NUEVA YORK, ESTADOS UNIDOS.\u2014 La Asociaci\u00f3n Estadounidense del Autom\u00f3vil (AAA) inform\u00f3 que 47 millones 700 mil personas, entre ellas miles de dominicanos, En Sonora en Equipo publicamos toda la informaci\u00f3n de Sonora, M\u00e9xico y el Mundo de manera oportuna y busca que la libertad de expresi\u00f3n sea real. Visita nuestro medio informativo publicado desde Hermosillo, Sonora. %\" \/>\n<meta name=\"robots\" content=\"index, follow, max-snippet:-1, max-image-preview:large, max-video-preview:-1\" \/>\n<link rel=\"canonical\" href=\"https:\/\/www.sonoraenequipo.com.mx\/47-millones-personas-viajaran-a-eua-por-dia-de-independencia\/\" \/>\n<meta property=\"og:locale\" content=\"es_ES\" \/>\n<meta property=\"og:type\" content=\"article\" \/>\n<meta property=\"og:title\" content=\"Sonora en Equipo. 47 millones personas viajar\u00e1n a EUA por D\u00eda de Independencia MUNDO\" \/>\n<meta property=\"og:description\" content=\"NUEVA YORK, ESTADOS UNIDOS.\u2014 La Asociaci\u00f3n Estadounidense del Autom\u00f3vil (AAA) inform\u00f3 que 47 millones 700 mil personas, entre ellas miles de dominicanos, En Sonora en Equipo publicamos toda la informaci\u00f3n de Sonora, M\u00e9xico y el Mundo de manera oportuna y busca que la libertad de expresi\u00f3n sea real. Visita nuestro medio informativo publicado desde Hermosillo, Sonora. %\" \/>\n<meta property=\"og:url\" content=\"https:\/\/www.sonoraenequipo.com.mx\/47-millones-personas-viajaran-a-eua-por-dia-de-independencia\/\" \/>\n<meta property=\"og:site_name\" content=\"Sonora en Equipo.\" \/>\n<meta property=\"article:publisher\" content=\"https:\/\/www.facebook.com\/SonoraEE\/\" \/>\n<meta property=\"article:author\" content=\"https:\/\/www.facebook.com\/SonoraEE\" \/>\n<meta property=\"article:published_time\" content=\"2021-07-04T06:15:35+00:00\" \/>\n<meta property=\"og:image\" content=\"https:\/\/www.sonoraenequipo.com.mx\/storage\/2021\/07\/47-millones-a-EUA-por-Dia-de-Independencia_opt.jpg\" \/>\n\t<meta property=\"og:image:width\" content=\"700\" \/>\n\t<meta property=\"og:image:height\" content=\"400\" \/>\n\t<meta property=\"og:image:type\" content=\"image\/jpeg\" \/>\n<meta name=\"author\" content=\"enequipo\" \/>\n<meta name=\"twitter:card\" content=\"summary_large_image\" \/>\n<meta name=\"twitter:creator\" content=\"@sonoraenequipo\" \/>\n<meta name=\"twitter:site\" content=\"@sonoraenequipo\" \/>\n<meta name=\"twitter:label1\" content=\"Escrito por\" \/>\n\t<meta name=\"twitter:data1\" content=\"enequipo\" \/>\n\t<meta name=\"twitter:label2\" content=\"Tiempo de lectura\" \/>\n\t<meta name=\"twitter:data2\" content=\"1 minuto\" \/>\n<script type=\"application\/ld+json\" class=\"yoast-schema-graph\">{\"@context\":\"https:\/\/schema.org\",\"@graph\":[{\"@type\":\"Article\",\"@id\":\"https:\/\/www.sonoraenequipo.com.mx\/47-millones-personas-viajaran-a-eua-por-dia-de-independencia\/#article\",\"isPartOf\":{\"@id\":\"https:\/\/www.sonoraenequipo.com.mx\/47-millones-personas-viajaran-a-eua-por-dia-de-independencia\/\"},\"author\":{\"name\":\"enequipo\",\"@id\":\"https:\/\/www.sonoraenequipo.com.mx\/#\/schema\/person\/50102df0fb23a8fa9e8effad8fa81386\"},\"headline\":\"47 millones personas viajar\u00e1n a EUA por D\u00eda de Independencia\",\"datePublished\":\"2021-07-04T06:15:35+00:00\",\"mainEntityOfPage\":{\"@id\":\"https:\/\/www.sonoraenequipo.com.mx\/47-millones-personas-viajaran-a-eua-por-dia-de-independencia\/\"},\"wordCount\":200,\"commentCount\":0,\"publisher\":{\"@id\":\"https:\/\/www.sonoraenequipo.com.mx\/#organization\"},\"image\":{\"@id\":\"https:\/\/www.sonoraenequipo.com.mx\/47-millones-personas-viajaran-a-eua-por-dia-de-independencia\/#primaryimage\"},\"thumbnailUrl\":\"https:\/\/www.sonoraenequipo.com.mx\/storage\/2021\/07\/47-millones-a-EUA-por-Dia-de-Independencia_opt.jpg\",\"articleSection\":[\"MUNDO\"],\"inLanguage\":\"es\",\"potentialAction\":[{\"@type\":\"CommentAction\",\"name\":\"Comment\",\"target\":[\"https:\/\/www.sonoraenequipo.com.mx\/47-millones-personas-viajaran-a-eua-por-dia-de-independencia\/#respond\"]}]},{\"@type\":\"WebPage\",\"@id\":\"https:\/\/www.sonoraenequipo.com.mx\/47-millones-personas-viajaran-a-eua-por-dia-de-independencia\/\",\"url\":\"https:\/\/www.sonoraenequipo.com.mx\/47-millones-personas-viajaran-a-eua-por-dia-de-independencia\/\",\"name\":\"Sonora en Equipo. 47 millones personas viajar\u00e1n a EUA por D\u00eda de Independencia MUNDO\",\"isPartOf\":{\"@id\":\"https:\/\/www.sonoraenequipo.com.mx\/#website\"},\"primaryImageOfPage\":{\"@id\":\"https:\/\/www.sonoraenequipo.com.mx\/47-millones-personas-viajaran-a-eua-por-dia-de-independencia\/#primaryimage\"},\"image\":{\"@id\":\"https:\/\/www.sonoraenequipo.com.mx\/47-millones-personas-viajaran-a-eua-por-dia-de-independencia\/#primaryimage\"},\"thumbnailUrl\":\"https:\/\/www.sonoraenequipo.com.mx\/storage\/2021\/07\/47-millones-a-EUA-por-Dia-de-Independencia_opt.jpg\",\"datePublished\":\"2021-07-04T06:15:35+00:00\",\"description\":\"NUEVA YORK, ESTADOS UNIDOS.\u2014 La Asociaci\u00f3n Estadounidense del Autom\u00f3vil (AAA) inform\u00f3 que 47 millones 700 mil personas, entre ellas miles de dominicanos, En Sonora en Equipo publicamos toda la informaci\u00f3n de Sonora, M\u00e9xico y el Mundo de manera oportuna y busca que la libertad de expresi\u00f3n sea real. Visita nuestro medio informativo publicado desde Hermosillo, Sonora. %\",\"breadcrumb\":{\"@id\":\"https:\/\/www.sonoraenequipo.com.mx\/47-millones-personas-viajaran-a-eua-por-dia-de-independencia\/#breadcrumb\"},\"inLanguage\":\"es\",\"potentialAction\":[{\"@type\":\"ReadAction\",\"target\":[\"https:\/\/www.sonoraenequipo.com.mx\/47-millones-personas-viajaran-a-eua-por-dia-de-independencia\/\"]}]},{\"@type\":\"ImageObject\",\"inLanguage\":\"es\",\"@id\":\"https:\/\/www.sonoraenequipo.com.mx\/47-millones-personas-viajaran-a-eua-por-dia-de-independencia\/#primaryimage\",\"url\":\"https:\/\/www.sonoraenequipo.com.mx\/storage\/2021\/07\/47-millones-a-EUA-por-Dia-de-Independencia_opt.jpg\",\"contentUrl\":\"https:\/\/www.sonoraenequipo.com.mx\/storage\/2021\/07\/47-millones-a-EUA-por-Dia-de-Independencia_opt.jpg\",\"width\":700,\"height\":400},{\"@type\":\"BreadcrumbList\",\"@id\":\"https:\/\/www.sonoraenequipo.com.mx\/47-millones-personas-viajaran-a-eua-por-dia-de-independencia\/#breadcrumb\",\"itemListElement\":[{\"@type\":\"ListItem\",\"position\":1,\"name\":\"Portada\",\"item\":\"https:\/\/www.sonoraenequipo.com.mx\/\"},{\"@type\":\"ListItem\",\"position\":2,\"name\":\"47 millones personas viajar\u00e1n a EUA por D\u00eda de Independencia\"}]},{\"@type\":\"WebSite\",\"@id\":\"https:\/\/www.sonoraenequipo.com.mx\/#website\",\"url\":\"https:\/\/www.sonoraenequipo.com.mx\/\",\"name\":\"Sonora en Equipo.\",\"description\":\"Diario en l\u00ednea con Noticias desde Hermosillo, Sonora\",\"publisher\":{\"@id\":\"https:\/\/www.sonoraenequipo.com.mx\/#organization\"},\"potentialAction\":[{\"@type\":\"SearchAction\",\"target\":{\"@type\":\"EntryPoint\",\"urlTemplate\":\"https:\/\/www.sonoraenequipo.com.mx\/?s={search_term_string}\"},\"query-input\":{\"@type\":\"PropertyValueSpecification\",\"valueRequired\":true,\"valueName\":\"search_term_string\"}}],\"inLanguage\":\"es\"},{\"@type\":\"Organization\",\"@id\":\"https:\/\/www.sonoraenequipo.com.mx\/#organization\",\"name\":\"Sonoraenequipo.com.mx\",\"url\":\"https:\/\/www.sonoraenequipo.com.mx\/\",\"logo\":{\"@type\":\"ImageObject\",\"inLanguage\":\"es\",\"@id\":\"https:\/\/www.sonoraenequipo.com.mx\/#\/schema\/logo\/image\/\",\"url\":\"https:\/\/www.sonoraenequipo.com.mx\/storage\/2019\/01\/sonoraenequipo_opt.png\",\"contentUrl\":\"https:\/\/www.sonoraenequipo.com.mx\/storage\/2019\/01\/sonoraenequipo_opt.png\",\"width\":375,\"height\":125,\"caption\":\"Sonoraenequipo.com.mx\"},\"image\":{\"@id\":\"https:\/\/www.sonoraenequipo.com.mx\/#\/schema\/logo\/image\/\"},\"sameAs\":[\"https:\/\/www.facebook.com\/SonoraEE\/\",\"https:\/\/x.com\/sonoraenequipo\",\"https:\/\/www.youtube.com\/channel\/UC338nW-lPEYmJQs4ZABQ1SQ\"]},{\"@type\":\"Person\",\"@id\":\"https:\/\/www.sonoraenequipo.com.mx\/#\/schema\/person\/50102df0fb23a8fa9e8effad8fa81386\",\"name\":\"enequipo\",\"image\":{\"@type\":\"ImageObject\",\"inLanguage\":\"es\",\"@id\":\"https:\/\/www.sonoraenequipo.com.mx\/#\/schema\/person\/image\/\",\"url\":\"https:\/\/secure.gravatar.com\/avatar\/049821681b589dabc0bc20695993ccebb09f5b5d4d790cd9251b97faac7c652b?s=96&d=blank&r=g\",\"contentUrl\":\"https:\/\/secure.gravatar.com\/avatar\/049821681b589dabc0bc20695993ccebb09f5b5d4d790cd9251b97faac7c652b?s=96&d=blank&r=g\",\"caption\":\"enequipo\"},\"sameAs\":[\"https:\/\/www.facebook.com\/SonoraEE\"]}]}<\/script>\n ","yoast_head_json":{"title":"Sonora en Equipo. 47 millones personas viajar\u00e1n a EUA por D\u00eda de Independencia MUNDO","description":"NUEVA YORK, ESTADOS UNIDOS.\u2014 La Asociaci\u00f3n Estadounidense del Autom\u00f3vil (AAA) inform\u00f3 que 47 millones 700 mil personas, entre ellas miles de dominicanos, En Sonora en Equipo publicamos toda la informaci\u00f3n de Sonora, M\u00e9xico y el Mundo de manera oportuna y busca que la libertad de expresi\u00f3n sea real. Visita nuestro medio informativo publicado desde Hermosillo, Sonora. %","robots":{"index":"index","follow":"follow","max-snippet":"max-snippet:-1","max-image-preview":"max-image-preview:large","max-video-preview":"max-video-preview:-1"},"canonical":"https:\/\/www.sonoraenequipo.com.mx\/47-millones-personas-viajaran-a-eua-por-dia-de-independencia\/","og_locale":"es_ES","og_type":"article","og_title":"Sonora en Equipo. 47 millones personas viajar\u00e1n a EUA por D\u00eda de Independencia MUNDO","og_description":"NUEVA YORK, ESTADOS UNIDOS.\u2014 La Asociaci\u00f3n Estadounidense del Autom\u00f3vil (AAA) inform\u00f3 que 47 millones 700 mil personas, entre ellas miles de dominicanos, En Sonora en Equipo publicamos toda la informaci\u00f3n de Sonora, M\u00e9xico y el Mundo de manera oportuna y busca que la libertad de expresi\u00f3n sea real. Visita nuestro medio informativo publicado desde Hermosillo, Sonora. %","og_url":"https:\/\/www.sonoraenequipo.com.mx\/47-millones-personas-viajaran-a-eua-por-dia-de-independencia\/","og_site_name":"Sonora en Equipo.","article_publisher":"https:\/\/www.facebook.com\/SonoraEE\/","article_author":"https:\/\/www.facebook.com\/SonoraEE","article_published_time":"2021-07-04T06:15:35+00:00","og_image":[{"width":700,"height":400,"url":"https:\/\/www.sonoraenequipo.com.mx\/storage\/2021\/07\/47-millones-a-EUA-por-Dia-de-Independencia_opt.jpg","type":"image\/jpeg"}],"author":"enequipo","twitter_card":"summary_large_image","twitter_creator":"@sonoraenequipo","twitter_site":"@sonoraenequipo","twitter_misc":{"Escrito por":"enequipo","Tiempo de lectura":"1 minuto"},"schema":{"@context":"https:\/\/schema.org","@graph":[{"@type":"Article","@id":"https:\/\/www.sonoraenequipo.com.mx\/47-millones-personas-viajaran-a-eua-por-dia-de-independencia\/#article","isPartOf":{"@id":"https:\/\/www.sonoraenequipo.com.mx\/47-millones-personas-viajaran-a-eua-por-dia-de-independencia\/"},"author":{"name":"enequipo","@id":"https:\/\/www.sonoraenequipo.com.mx\/#\/schema\/person\/50102df0fb23a8fa9e8effad8fa81386"},"headline":"47 millones personas viajar\u00e1n a EUA por D\u00eda de Independencia","datePublished":"2021-07-04T06:15:35+00:00","mainEntityOfPage":{"@id":"https:\/\/www.sonoraenequipo.com.mx\/47-millones-personas-viajaran-a-eua-por-dia-de-independencia\/"},"wordCount":200,"commentCount":0,"publisher":{"@id":"https:\/\/www.sonoraenequipo.com.mx\/#organization"},"image":{"@id":"https:\/\/www.sonoraenequipo.com.mx\/47-millones-personas-viajaran-a-eua-por-dia-de-independencia\/#primaryimage"},"thumbnailUrl":"https:\/\/www.sonoraenequipo.com.mx\/storage\/2021\/07\/47-millones-a-EUA-por-Dia-de-Independencia_opt.jpg","articleSection":["MUNDO"],"inLanguage":"es","potentialAction":[{"@type":"CommentAction","name":"Comment","target":["https:\/\/www.sonoraenequipo.com.mx\/47-millones-personas-viajaran-a-eua-por-dia-de-independencia\/#respond"]}]},{"@type":"WebPage","@id":"https:\/\/www.sonoraenequipo.com.mx\/47-millones-personas-viajaran-a-eua-por-dia-de-independencia\/","url":"https:\/\/www.sonoraenequipo.com.mx\/47-millones-personas-viajaran-a-eua-por-dia-de-independencia\/","name":"Sonora en Equipo. 47 millones personas viajar\u00e1n a EUA por D\u00eda de Independencia MUNDO","isPartOf":{"@id":"https:\/\/www.sonoraenequipo.com.mx\/#website"},"primaryImageOfPage":{"@id":"https:\/\/www.sonoraenequipo.com.mx\/47-millones-personas-viajaran-a-eua-por-dia-de-independencia\/#primaryimage"},"image":{"@id":"https:\/\/www.sonoraenequipo.com.mx\/47-millones-personas-viajaran-a-eua-por-dia-de-independencia\/#primaryimage"},"thumbnailUrl":"https:\/\/www.sonoraenequipo.com.mx\/storage\/2021\/07\/47-millones-a-EUA-por-Dia-de-Independencia_opt.jpg","datePublished":"2021-07-04T06:15:35+00:00","description":"NUEVA YORK, ESTADOS UNIDOS.\u2014 La Asociaci\u00f3n Estadounidense del Autom\u00f3vil (AAA) inform\u00f3 que 47 millones 700 mil personas, entre ellas miles de dominicanos, En Sonora en Equipo publicamos toda la informaci\u00f3n de Sonora, M\u00e9xico y el Mundo de manera oportuna y busca que la libertad de expresi\u00f3n sea real. Visita nuestro medio informativo publicado desde Hermosillo, Sonora. %","breadcrumb":{"@id":"https:\/\/www.sonoraenequipo.com.mx\/47-millones-personas-viajaran-a-eua-por-dia-de-independencia\/#breadcrumb"},"inLanguage":"es","potentialAction":[{"@type":"ReadAction","target":["https:\/\/www.sonoraenequipo.com.mx\/47-millones-personas-viajaran-a-eua-por-dia-de-independencia\/"]}]},{"@type":"ImageObject","inLanguage":"es","@id":"https:\/\/www.sonoraenequipo.com.mx\/47-millones-personas-viajaran-a-eua-por-dia-de-independencia\/#primaryimage","url":"https:\/\/www.sonoraenequipo.com.mx\/storage\/2021\/07\/47-millones-a-EUA-por-Dia-de-Independencia_opt.jpg","contentUrl":"https:\/\/www.sonoraenequipo.com.mx\/storage\/2021\/07\/47-millones-a-EUA-por-Dia-de-Independencia_opt.jpg","width":700,"height":400},{"@type":"BreadcrumbList","@id":"https:\/\/www.sonoraenequipo.com.mx\/47-millones-personas-viajaran-a-eua-por-dia-de-independencia\/#breadcrumb","itemListElement":[{"@type":"ListItem","position":1,"name":"Portada","item":"https:\/\/www.sonoraenequipo.com.mx\/"},{"@type":"ListItem","position":2,"name":"47 millones personas viajar\u00e1n a EUA por D\u00eda de Independencia"}]},{"@type":"WebSite","@id":"https:\/\/www.sonoraenequipo.com.mx\/#website","url":"https:\/\/www.sonoraenequipo.com.mx\/","name":"Sonora en Equipo.","description":"Diario en l\u00ednea con Noticias desde Hermosillo, Sonora","publisher":{"@id":"https:\/\/www.sonoraenequipo.com.mx\/#organization"},"potentialAction":[{"@type":"SearchAction","target":{"@type":"EntryPoint","urlTemplate":"https:\/\/www.sonoraenequipo.com.mx\/?s={search_term_string}"},"query-input":{"@type":"PropertyValueSpecification","valueRequired":true,"valueName":"search_term_string"}}],"inLanguage":"es"},{"@type":"Organization","@id":"https:\/\/www.sonoraenequipo.com.mx\/#organization","name":"Sonoraenequipo.com.mx","url":"https:\/\/www.sonoraenequipo.com.mx\/","logo":{"@type":"ImageObject","inLanguage":"es","@id":"https:\/\/www.sonoraenequipo.com.mx\/#\/schema\/logo\/image\/","url":"https:\/\/www.sonoraenequipo.com.mx\/storage\/2019\/01\/sonoraenequipo_opt.png","contentUrl":"https:\/\/www.sonoraenequipo.com.mx\/storage\/2019\/01\/sonoraenequipo_opt.png","width":375,"height":125,"caption":"Sonoraenequipo.com.mx"},"image":{"@id":"https:\/\/www.sonoraenequipo.com.mx\/#\/schema\/logo\/image\/"},"sameAs":["https:\/\/www.facebook.com\/SonoraEE\/","https:\/\/x.com\/sonoraenequipo","https:\/\/www.youtube.com\/channel\/UC338nW-lPEYmJQs4ZABQ1SQ"]},{"@type":"Person","@id":"https:\/\/www.sonoraenequipo.com.mx\/#\/schema\/person\/50102df0fb23a8fa9e8effad8fa81386","name":"enequipo","image":{"@type":"ImageObject","inLanguage":"es","@id":"https:\/\/www.sonoraenequipo.com.mx\/#\/schema\/person\/image\/","url":"https:\/\/secure.gravatar.com\/avatar\/049821681b589dabc0bc20695993ccebb09f5b5d4d790cd9251b97faac7c652b?s=96&d=blank&r=g","contentUrl":"https:\/\/secure.gravatar.com\/avatar\/049821681b589dabc0bc20695993ccebb09f5b5d4d790cd9251b97faac7c652b?s=96&d=blank&r=g","caption":"enequipo"},"sameAs":["https:\/\/www.facebook.com\/SonoraEE"]}]}},"jetpack_featured_media_url":"https:\/\/www.sonoraenequipo.com.mx\/storage\/2021\/07\/47-millones-a-EUA-por-Dia-de-Independencia_opt.jpg","_links":{"self":[{"href":"https:\/\/www.sonoraenequipo.com.mx\/api\/wp\/v2\/posts\/117728","targetHints":{"allow":["GET"]}}],"collection":[{"href":"https:\/\/www.sonoraenequipo.com.mx\/api\/wp\/v2\/posts"}],"about":[{"href":"https:\/\/www.sonoraenequipo.com.mx\/api\/wp\/v2\/types\/post"}],"author":[{"embeddable":true,"href":"https:\/\/www.sonoraenequipo.com.mx\/api\/wp\/v2\/users\/1"}],"replies":[{"embeddable":true,"href":"https:\/\/www.sonoraenequipo.com.mx\/api\/wp\/v2\/comments?post=117728"}],"version-history":[{"count":1,"href":"https:\/\/www.sonoraenequipo.com.mx\/api\/wp\/v2\/posts\/117728\/revisions"}],"predecessor-version":[{"id":117730,"href":"https:\/\/www.sonoraenequipo.com.mx\/api\/wp\/v2\/posts\/117728\/revisions\/117730"}],"wp:featuredmedia":[{"embeddable":true,"href":"https:\/\/www.sonoraenequipo.com.mx\/api\/wp\/v2\/media\/117729"}],"wp:attachment":[{"href":"https:\/\/www.sonoraenequipo.com.mx\/api\/wp\/v2\/media?parent=117728"}],"wp:term":[{"taxonomy":"category","embeddable":true,"href":"https:\/\/www.sonoraenequipo.com.mx\/api\/wp\/v2\/categories?post=117728"},{"taxonomy":"post_tag","embeddable":true,"href":"https:\/\/www.sonoraenequipo.com.mx\/api\/wp\/v2\/tags?post=117728"}],"curies":[{"name":"wp","href":"https:\/\/api.w.org\/{rel}","templated":true}]}}