{"id":117732,"date":"2021-07-04T06:41:40","date_gmt":"2021-07-04T13:41:40","guid":{"rendered":"https:\/\/www.sonoraenequipo.com.mx\/?p=117732"},"modified":"2021-07-04T11:43:45","modified_gmt":"2021-07-04T18:43:45","slug":"fundamental-continuar-con-uso-de-cubrebocas-aunque-ya-te-hayas-vacunado-enrique-clausen","status":"publish","type":"post","link":"https:\/\/www.sonoraenequipo.com.mx\/fundamental-continuar-con-uso-de-cubrebocas-aunque-ya-te-hayas-vacunado-enrique-clausen\/","title":{"rendered":"Fundamental continuar con uso de cubrebocas aunque ya te hayas vacunado: Enrique Clausen"},"content":{"rendered":"<p>HERMOSILLO, SONORA. MX. \u2014 Carboca, Hermosillo, Cajeme, Navojoa, Huatabampo y Nogales se encuentran en color naranja en el Mapa Sonora Anticipa, esto quiere decir, que presentan riesgo alto de COVID-19, inform\u00f3 Enrique Clausen Iberri, tras confirmarse tres defunciones m\u00e1s y 233 nuevos casos de COVID-19.<\/p>\n<p>&nbsp;<\/p>\n<p> <\/p>\n<p>&nbsp;<\/p>\n<p>El secretario de Salud en la entidad reiter\u00f3 a las y los sonorenses que no importa si ya tuvieron Covid, si ya los vacunaron, el simple uso de la mascarilla es fundamental para cortar la propagaci\u00f3n del virus, as\u00ed como tambi\u00e9n el lavado de manos, el uso de gel alcohol y la sana distancia.<\/p>\n<p>&nbsp;<\/p>\n<p><em>\u201cEstas medidas al igual que la vacuna son las \u00fanicas herramientas que tenemos para vencer al virus, pero ten en cuenta que deben realizarse en conjunto; no bajemos la guardia, es momento de que cada uno continuemos fortaleciendo la prevenci\u00f3n para que haya menos contagios y menos muertes que lamentar; te invito a seguir sum\u00e1ndote a esta lucha\u201d,<\/em> coment\u00f3.<\/p>\n<p>&nbsp;<\/p>\n<p>En cuanto a los datos estad\u00edsticos de este s\u00e1bado, 70 mil 658 personas se han recuperado en Sonora: 19 pacientes Covid fueron dados de alta; se confirman tres decesos tres hombres residentes de Hermosillo dos; Nogales uno; derechohabientes del IMSS dos, y uno de la Secretar\u00eda de Salud; acumul\u00e1ndose 6 mil 520 defunciones.<\/p>\n<p>&nbsp;<\/p>\n<p>Se suman 233 nuevos casos por Covid, en 120 mujeres y 113 hombres, acumul\u00e1ndose 79 mil 794 casos en total desde el inicio de la pandemia. Los nuevos casos son residentes de Hermosillo 84; Cajeme 33; Caborca 26; Navojoa 23; Huatabampo 14; Santa Ana y Nogales 11 cada uno; Guaymas ocho; Puerto Pe\u00f1asco cinco; Benito Ju\u00e1rez y Magdalena cuatro cada uno; Cananea dos; \u00cdmuris, San Ignacio R\u00edo Muerto, Agua Prieta, Quiriego, Etchojoa, \u00c1lamos, Empalme y Pitiquito uno cada uno.<\/p>\n<p>&nbsp;<\/p>\n<p>Se confirmaron seis casos pedi\u00e1tricos en tres ni\u00f1as y tres ni\u00f1os; acumul\u00e1ndose mil 595 casos en total; y dos casos en mujeres embarazadas, acumul\u00e1ndose 550 casos en total. De los 233 casos de hoy, seis fueron en trabajadores de la salud de diversas instituciones.<\/p>\n<p>&nbsp;<\/p>\n<p>Al momento, se han realizado 145 mil 479 pruebas; 79 mil 794 casos han sido confirmados y 65 mil 685 descartados; 9 mil 735 personas presentan cuadro leve (2 mil 423 activos y 7 mil 312 seguimiento terminado); se han curado 63 mil 346 pacientes; 193 personas se encuentran hospitalizados: (32 estables, 118 graves, 43 cr\u00edticos).<\/p>\n<p>&nbsp;<\/p>\n<p><strong>Casos COVID-19 en Sonora 79,794 casos confirmados y 6,520 defunciones<\/strong><\/p>\n<p>&nbsp;<\/p>\n<p>Defunciones registradas 4 de julio de 2021: 3<\/p>\n<p>Hermosillo: 2<\/p>\n<p>Nogales: 1<\/p>\n<p>Hombres: 3<\/p>\n<p>Instituci\u00f3n M\u00e9dica<\/p>\n<p>IMSS: 2<\/p>\n<p>Secretar\u00eda de Salud: 1<\/p>\n<p>&nbsp;<\/p>\n<p><strong>Casos confirmados 4 de julio de 2021: 233<\/strong><\/p>\n<p>Hermosillo: 84<\/p>\n<p>Cajeme: 33<\/p>\n<p>Caborca: 26<\/p>\n<p>Navojoa: 23<\/p>\n<p>Huatabampo: 14<\/p>\n<p>Santa Ana: 11<\/p>\n<p>Nogales: 11<\/p>\n<p>Guaymas: 8<\/p>\n<p>Puerto Pe\u00f1asco: 5<\/p>\n<p>Benito Ju\u00e1rez: 4<\/p>\n<p>Magdalena: 4<\/p>\n<p>Cananea: 2<\/p>\n<p>\u00cdmuris: 1<\/p>\n<p>San Ignacio R\u00edo Muerto: 1<\/p>\n<p>Agua Prieta: 1<\/p>\n<p>Quiriego: 1<\/p>\n<p>Etchojoa: 1<\/p>\n<p>\u00c1lamos: 1<\/p>\n<p>Empalme: 1<\/p>\n<p>Pitiquito: 1<\/p>\n<p><strong>Mujeres: 120\/ Hombres: 113<\/strong><\/p>\n<p>Instituci\u00f3n M\u00e9dica<\/p>\n<p>Secretar\u00eda de Salud: 151<\/p>\n<p>IMSS: 76<\/p>\n<p>Isssteson: 6<\/p>\n<p><strong>Acumulados<\/strong><\/p>\n<p>Defunciones: 6,529<\/p>\n<p>Hermosillo: 2,141<\/p>\n<p>Cajeme: 1,125<\/p>\n<p>San Luis R\u00edo Colorado: 523<\/p>\n<p>Nogales: 518<\/p>\n<p>Guaymas: 386<\/p>\n<p>Navojoa: 292<\/p>\n<p>Agua Prieta: 226<\/p>\n<p>Caborca: 183<\/p>\n<p>Huatabampo: 157<\/p>\n<p>Empalme: 119<\/p>\n<p>Cananea: 119<\/p>\n<p>Etchojoa: 98<\/p>\n<p>Magdalena: 77<\/p>\n<p>Puerto Pe\u00f1asco: 78<\/p>\n<p>Nacozari de Garc\u00eda: 56<\/p>\n<p>Benito Ju\u00e1rez: 51<\/p>\n<p>Santa Ana: 45<\/p>\n<p>B\u00e1cum: 44<\/p>\n<p>San Ignacio R\u00edo Muerto: 24<\/p>\n<p>\u00cdmuris: 22<\/p>\n<p>Gral. Plutarco El\u00edas Calles: 22<\/p>\n<p>\u00c1lamos: 21<\/p>\n<p>Pitiquito: 20<\/p>\n<p>Fronteras: 17<\/p>\n<p>Cumpas: 16<\/p>\n<p>Naco: 11<\/p>\n<p>Moctezuma: 10<\/p>\n<p>Ures: 9<\/p>\n<p>Rosario: 9<\/p>\n<p>Sahuaripa: 8<\/p>\n<p>Villa Hidalgo: 7<\/p>\n<p>Bavi\u00e1cora: 7<\/p>\n<p>Bacoachi: 7<\/p>\n<p>Altar: 7<\/p>\n<p>Benjam\u00edn Hill: 6<\/p>\n<p>San Miguel de Horcasitas: 5<\/p>\n<p>Aconchi: 5<\/p>\n<p>S\u00e1ric: 4<\/p>\n<p>Ray\u00f3n: 3<\/p>\n<p>Carb\u00f3: 3<\/p>\n<p>Quiriego: 3<\/p>\n<p>Bacerac: 3<\/p>\n<p>Arizpe: 3<\/p>\n<p>Ban\u00e1michi: 3<\/p>\n<p>Bavispe: 2<\/p>\n<p>N\u00e1cori Chico: 2<\/p>\n<p>San Pedro de la Cueva: 2<\/p>\n<p>Arivechi: 2<\/p>\n<p>Cucurpe: 2<\/p>\n<p>Hu\u00e9pac: 2<\/p>\n<p>Tepache: 2<\/p>\n<p>Y\u00e9cora: 2<\/p>\n<p>Opodepe: 1<\/p>\n<p>San Felipe de Jes\u00fas: 1<\/p>\n<p>Granados: 1<\/p>\n<p>Oquitoa: 1<\/p>\n<p>Santa Cruz: 1<\/p>\n<p>Mazat\u00e1n: 1<\/p>\n<p><strong>Hombres: 3,733\/ Mujeres: 2,787<\/strong><\/p>\n<p><strong>Instituci\u00f3n M\u00e9dica<\/strong><\/p>\n<p>IMSS: 4,110<\/p>\n<p>Secretar\u00eda de Salud: 1,838<\/p>\n<p>Isssteson: 423<\/p>\n<p>Issste: 140<\/p>\n<p>Sedena: 5<\/p>\n<p>Semar: 4<\/p>\n<p>Total de casos confirmados: 79,794<\/p>\n<p>Hermosillo: 36,766 municipio con mayor incidencia con un 46% del total.<\/p>\n<p>Cajeme: 11,241 que representan el 14% del total.<\/p>\n<p>Nogales: 4,926 que representan el 6% del total<\/p>\n<p>Caborca: 3,745<\/p>\n<p>Navojoa: 3,740<\/p>\n<p>Guaymas: 3,735<\/p>\n<p>San Luis R\u00edo Colorado: 3,288<\/p>\n<p>Cananea: 1,950<\/p>\n<p>Huatabampo: 1,609<\/p>\n<p>Empalme: 1,393<\/p>\n<p>Agua Prieta: 1,320<\/p>\n<p>Etchojoa: 731<\/p>\n<p>Magdalena: 653<\/p>\n<p>Puerto Pe\u00f1asco: 624<\/p>\n<p>Santa Ana: 432<\/p>\n<p>Nacozari de Garc\u00eda: 352<\/p>\n<p>\u00c1lamos: 354<\/p>\n<p>Pitiquito: 298<\/p>\n<p>B\u00e1cum: 295<\/p>\n<p>Benito Ju\u00e1rez: 284<\/p>\n<p>Gral. Plutarco El\u00edas Calles: 236<\/p>\n<p>San Ignacio R\u00edo Muerto: 196<\/p>\n<p>Sahuaripa: 155<\/p>\n<p>Bavi\u00e1cora: 133<\/p>\n<p>Altar: 122<\/p>\n<p>\u00cdmuris: 121<\/p>\n<p>Ures: 95<\/p>\n<p>Moctezuma: 88<\/p>\n<p>Rosario: 78<\/p>\n<p>Cumpas: 77<\/p>\n<p>N\u00e1cori Chico: 65<\/p>\n<p>Y\u00e9cora: 57<\/p>\n<p>Bacoachi: 51<\/p>\n<p>Benjam\u00edn Hill: 47<\/p>\n<p>Fronteras: 45<\/p>\n<p>Granados: 43<\/p>\n<p>Naco: 43<\/p>\n<p>Aconchi: 35<\/p>\n<p>Arizpe: 32<\/p>\n<p>Carb\u00f3: 29<\/p>\n<p>S\u00e1ric: 29<\/p>\n<p>Arivechi: 23<\/p>\n<p>San Miguel de Horcasitas: 20<\/p>\n<p>Villa Hidalgo: 16<\/p>\n<p>Quiriego: 16<\/p>\n<p>Trincheras: 14<\/p>\n<p>Ban\u00e1michi: 14<\/p>\n<p>San Pedro de la Cueva: 14<\/p>\n<p>Cucurpe: 13<\/p>\n<p>Bacanora: 13<\/p>\n<p>Ray\u00f3n: 12<\/p>\n<p>Hu\u00e1sabas: 12<\/p>\n<p>Tepache: 11<\/p>\n<p>\u00c1til: 10<\/p>\n<p>Bacerac: 8<\/p>\n<p>Huachinera: 7<\/p>\n<p>Bavispe: 7<\/p>\n<p>Tubutama: 7<\/p>\n<p>Villa Pesqueira: 7<\/p>\n<p>\u00d3navas: 6<\/p>\n<p>San Javier: 6<\/p>\n<p>Divisaderos: 6<\/p>\n<p>Oquitoa: 6<\/p>\n<p>Bacad\u00e9huachi: 5<\/p>\n<p>San Felipe de Jes\u00fas: 5<\/p>\n<p>Hu\u00e9pac: 5<\/p>\n<p>Mazat\u00e1n: 5<\/p>\n<p>Santa Cruz: 4<\/p>\n<p>Opodepe: 4<\/p>\n<p>La Colorada: 2<\/p>\n<p>Soyopa: 2<\/p>\n<p>Suaqui Grande: 1<\/p>\n<p>Mujeres: 42,918\/Hombres: 36,876<\/p>\n<p>Instituci\u00f3n M\u00e9dica<\/p>\n<p>Secretar\u00eda de Salud: 54,198<\/p>\n<p>IMSS: 17,867<\/p>\n<p>Isssteson: 6,329<\/p>\n<p>Issste: 1,161<\/p>\n<p>Sedena: 224<\/p>\n<p>Semar: 15<\/p>\n<p>Casos estudiados: 145, 479<\/p>\n<p>Confirmados: 79,794<\/p>\n<p>Descartados: 65,685<\/p>\n<p>Cuadro leve: 9,735<\/p>\n<p>Pacientes activos: 2,423<\/p>\n<p><strong>Pacientes en seguimiento terminado: 7,312<\/strong><\/p>\n<p>Curados: 63,346<\/p>\n<p>Hospitalizados: 193<\/p>\n<p>Estables: 32<\/p>\n<p>Graves: 118<\/p>\n<p><strong>Pacientes graves con ventilaci\u00f3n mec\u00e1nica invasiva: 43<\/strong><\/p>\n<p>&nbsp;<\/p>\n<p>(Publicada el 04\/07\/2021)<\/p>\n","protected":false},"excerpt":{"rendered":"<p>HERMOSILLO, SONORA. MX. \u2014 Carboca, Hermosillo, Cajeme, Navojoa, Huatabampo y Nogales se encuentran en color&#8230;<\/p>\n","protected":false},"author":1,"featured_media":117733,"comment_status":"open","ping_status":"open","sticky":false,"template":"","format":"standard","meta":{"_monsterinsights_skip_tracking":false,"_monsterinsights_sitenote_active":false,"_monsterinsights_sitenote_note":"","_monsterinsights_sitenote_category":0,"footnotes":""},"categories":[22],"tags":[],"class_list":["post"],"yoast_head":" \n<title>Sonora en Equipo. Fundamental continuar con uso de cubrebocas aunque ya te hayas vacunado: Enrique Clausen Sonora<\/title>\n<meta name=\"description\" content=\"HERMOSILLO, SONORA. MX. \u2014 Carboca, Hermosillo, Cajeme, Navojoa, Huatabampo y Nogales se encuentran en color naranja en el Mapa Sonora Anticipa, esto En Sonora en Equipo publicamos toda la informaci\u00f3n de Sonora, M\u00e9xico y el Mundo de manera oportuna y busca que la libertad de expresi\u00f3n sea real. Visita nuestro medio informativo publicado desde Hermosillo, Sonora. %\" \/>\n<meta name=\"robots\" content=\"index, follow, max-snippet:-1, max-image-preview:large, max-video-preview:-1\" \/>\n<link rel=\"canonical\" href=\"https:\/\/www.sonoraenequipo.com.mx\/fundamental-continuar-con-uso-de-cubrebocas-aunque-ya-te-hayas-vacunado-enrique-clausen\/\" \/>\n<meta property=\"og:locale\" content=\"es_ES\" \/>\n<meta property=\"og:type\" content=\"article\" \/>\n<meta property=\"og:title\" content=\"Sonora en Equipo. Fundamental continuar con uso de cubrebocas aunque ya te hayas vacunado: Enrique Clausen Sonora\" \/>\n<meta property=\"og:description\" content=\"HERMOSILLO, SONORA. MX. \u2014 Carboca, Hermosillo, Cajeme, Navojoa, Huatabampo y Nogales se encuentran en color naranja en el Mapa Sonora Anticipa, esto En Sonora en Equipo publicamos toda la informaci\u00f3n de Sonora, M\u00e9xico y el Mundo de manera oportuna y busca que la libertad de expresi\u00f3n sea real. Visita nuestro medio informativo publicado desde Hermosillo, Sonora. %\" \/>\n<meta property=\"og:url\" content=\"https:\/\/www.sonoraenequipo.com.mx\/fundamental-continuar-con-uso-de-cubrebocas-aunque-ya-te-hayas-vacunado-enrique-clausen\/\" \/>\n<meta property=\"og:site_name\" content=\"Sonora en Equipo.\" \/>\n<meta property=\"article:publisher\" content=\"https:\/\/www.facebook.com\/SonoraEE\/\" \/>\n<meta property=\"article:author\" content=\"https:\/\/www.facebook.com\/SonoraEE\" \/>\n<meta property=\"article:published_time\" content=\"2021-07-04T13:41:40+00:00\" \/>\n<meta property=\"article:modified_time\" content=\"2021-07-04T18:43:45+00:00\" \/>\n<meta property=\"og:image\" content=\"https:\/\/www.sonoraenequipo.com.mx\/storage\/2021\/07\/covid-en-sonora_opt.jpg\" \/>\n\t<meta property=\"og:image:width\" content=\"700\" \/>\n\t<meta property=\"og:image:height\" content=\"400\" \/>\n\t<meta property=\"og:image:type\" content=\"image\/jpeg\" \/>\n<meta name=\"author\" content=\"enequipo\" \/>\n<meta name=\"twitter:card\" content=\"summary_large_image\" \/>\n<meta name=\"twitter:creator\" content=\"@sonoraenequipo\" \/>\n<meta name=\"twitter:site\" content=\"@sonoraenequipo\" \/>\n<meta name=\"twitter:label1\" content=\"Escrito por\" \/>\n\t<meta name=\"twitter:data1\" content=\"enequipo\" \/>\n\t<meta name=\"twitter:label2\" content=\"Tiempo de lectura\" \/>\n\t<meta name=\"twitter:data2\" content=\"5 minutos\" \/>\n<script type=\"application\/ld+json\" class=\"yoast-schema-graph\">{\"@context\":\"https:\/\/schema.org\",\"@graph\":[{\"@type\":\"Article\",\"@id\":\"https:\/\/www.sonoraenequipo.com.mx\/fundamental-continuar-con-uso-de-cubrebocas-aunque-ya-te-hayas-vacunado-enrique-clausen\/#article\",\"isPartOf\":{\"@id\":\"https:\/\/www.sonoraenequipo.com.mx\/fundamental-continuar-con-uso-de-cubrebocas-aunque-ya-te-hayas-vacunado-enrique-clausen\/\"},\"author\":{\"name\":\"enequipo\",\"@id\":\"https:\/\/www.sonoraenequipo.com.mx\/#\/schema\/person\/50102df0fb23a8fa9e8effad8fa81386\"},\"headline\":\"Fundamental continuar con uso de cubrebocas aunque ya te hayas vacunado: Enrique Clausen\",\"datePublished\":\"2021-07-04T13:41:40+00:00\",\"dateModified\":\"2021-07-04T18:43:45+00:00\",\"mainEntityOfPage\":{\"@id\":\"https:\/\/www.sonoraenequipo.com.mx\/fundamental-continuar-con-uso-de-cubrebocas-aunque-ya-te-hayas-vacunado-enrique-clausen\/\"},\"wordCount\":774,\"commentCount\":0,\"publisher\":{\"@id\":\"https:\/\/www.sonoraenequipo.com.mx\/#organization\"},\"image\":{\"@id\":\"https:\/\/www.sonoraenequipo.com.mx\/fundamental-continuar-con-uso-de-cubrebocas-aunque-ya-te-hayas-vacunado-enrique-clausen\/#primaryimage\"},\"thumbnailUrl\":\"https:\/\/www.sonoraenequipo.com.mx\/storage\/2021\/07\/covid-en-sonora_opt.jpg\",\"articleSection\":[\"Sonora\"],\"inLanguage\":\"es\",\"potentialAction\":[{\"@type\":\"CommentAction\",\"name\":\"Comment\",\"target\":[\"https:\/\/www.sonoraenequipo.com.mx\/fundamental-continuar-con-uso-de-cubrebocas-aunque-ya-te-hayas-vacunado-enrique-clausen\/#respond\"]}]},{\"@type\":\"WebPage\",\"@id\":\"https:\/\/www.sonoraenequipo.com.mx\/fundamental-continuar-con-uso-de-cubrebocas-aunque-ya-te-hayas-vacunado-enrique-clausen\/\",\"url\":\"https:\/\/www.sonoraenequipo.com.mx\/fundamental-continuar-con-uso-de-cubrebocas-aunque-ya-te-hayas-vacunado-enrique-clausen\/\",\"name\":\"Sonora en Equipo. Fundamental continuar con uso de cubrebocas aunque ya te hayas vacunado: Enrique Clausen Sonora\",\"isPartOf\":{\"@id\":\"https:\/\/www.sonoraenequipo.com.mx\/#website\"},\"primaryImageOfPage\":{\"@id\":\"https:\/\/www.sonoraenequipo.com.mx\/fundamental-continuar-con-uso-de-cubrebocas-aunque-ya-te-hayas-vacunado-enrique-clausen\/#primaryimage\"},\"image\":{\"@id\":\"https:\/\/www.sonoraenequipo.com.mx\/fundamental-continuar-con-uso-de-cubrebocas-aunque-ya-te-hayas-vacunado-enrique-clausen\/#primaryimage\"},\"thumbnailUrl\":\"https:\/\/www.sonoraenequipo.com.mx\/storage\/2021\/07\/covid-en-sonora_opt.jpg\",\"datePublished\":\"2021-07-04T13:41:40+00:00\",\"dateModified\":\"2021-07-04T18:43:45+00:00\",\"description\":\"HERMOSILLO, SONORA. MX. \u2014 Carboca, Hermosillo, Cajeme, Navojoa, Huatabampo y Nogales se encuentran en color naranja en el Mapa Sonora Anticipa, esto En Sonora en Equipo publicamos toda la informaci\u00f3n de Sonora, M\u00e9xico y el Mundo de manera oportuna y busca que la libertad de expresi\u00f3n sea real. Visita nuestro medio informativo publicado desde Hermosillo, Sonora. %\",\"breadcrumb\":{\"@id\":\"https:\/\/www.sonoraenequipo.com.mx\/fundamental-continuar-con-uso-de-cubrebocas-aunque-ya-te-hayas-vacunado-enrique-clausen\/#breadcrumb\"},\"inLanguage\":\"es\",\"potentialAction\":[{\"@type\":\"ReadAction\",\"target\":[\"https:\/\/www.sonoraenequipo.com.mx\/fundamental-continuar-con-uso-de-cubrebocas-aunque-ya-te-hayas-vacunado-enrique-clausen\/\"]}]},{\"@type\":\"ImageObject\",\"inLanguage\":\"es\",\"@id\":\"https:\/\/www.sonoraenequipo.com.mx\/fundamental-continuar-con-uso-de-cubrebocas-aunque-ya-te-hayas-vacunado-enrique-clausen\/#primaryimage\",\"url\":\"https:\/\/www.sonoraenequipo.com.mx\/storage\/2021\/07\/covid-en-sonora_opt.jpg\",\"contentUrl\":\"https:\/\/www.sonoraenequipo.com.mx\/storage\/2021\/07\/covid-en-sonora_opt.jpg\",\"width\":700,\"height\":400},{\"@type\":\"BreadcrumbList\",\"@id\":\"https:\/\/www.sonoraenequipo.com.mx\/fundamental-continuar-con-uso-de-cubrebocas-aunque-ya-te-hayas-vacunado-enrique-clausen\/#breadcrumb\",\"itemListElement\":[{\"@type\":\"ListItem\",\"position\":1,\"name\":\"Portada\",\"item\":\"https:\/\/www.sonoraenequipo.com.mx\/\"},{\"@type\":\"ListItem\",\"position\":2,\"name\":\"Fundamental continuar con uso de cubrebocas aunque ya te hayas vacunado: Enrique Clausen\"}]},{\"@type\":\"WebSite\",\"@id\":\"https:\/\/www.sonoraenequipo.com.mx\/#website\",\"url\":\"https:\/\/www.sonoraenequipo.com.mx\/\",\"name\":\"Sonora en Equipo.\",\"description\":\"Diario en l\u00ednea con Noticias desde Hermosillo, Sonora\",\"publisher\":{\"@id\":\"https:\/\/www.sonoraenequipo.com.mx\/#organization\"},\"potentialAction\":[{\"@type\":\"SearchAction\",\"target\":{\"@type\":\"EntryPoint\",\"urlTemplate\":\"https:\/\/www.sonoraenequipo.com.mx\/?s={search_term_string}\"},\"query-input\":{\"@type\":\"PropertyValueSpecification\",\"valueRequired\":true,\"valueName\":\"search_term_string\"}}],\"inLanguage\":\"es\"},{\"@type\":\"Organization\",\"@id\":\"https:\/\/www.sonoraenequipo.com.mx\/#organization\",\"name\":\"Sonoraenequipo.com.mx\",\"url\":\"https:\/\/www.sonoraenequipo.com.mx\/\",\"logo\":{\"@type\":\"ImageObject\",\"inLanguage\":\"es\",\"@id\":\"https:\/\/www.sonoraenequipo.com.mx\/#\/schema\/logo\/image\/\",\"url\":\"https:\/\/www.sonoraenequipo.com.mx\/storage\/2019\/01\/sonoraenequipo_opt.png\",\"contentUrl\":\"https:\/\/www.sonoraenequipo.com.mx\/storage\/2019\/01\/sonoraenequipo_opt.png\",\"width\":375,\"height\":125,\"caption\":\"Sonoraenequipo.com.mx\"},\"image\":{\"@id\":\"https:\/\/www.sonoraenequipo.com.mx\/#\/schema\/logo\/image\/\"},\"sameAs\":[\"https:\/\/www.facebook.com\/SonoraEE\/\",\"https:\/\/x.com\/sonoraenequipo\",\"https:\/\/www.youtube.com\/channel\/UC338nW-lPEYmJQs4ZABQ1SQ\"]},{\"@type\":\"Person\",\"@id\":\"https:\/\/www.sonoraenequipo.com.mx\/#\/schema\/person\/50102df0fb23a8fa9e8effad8fa81386\",\"name\":\"enequipo\",\"image\":{\"@type\":\"ImageObject\",\"inLanguage\":\"es\",\"@id\":\"https:\/\/www.sonoraenequipo.com.mx\/#\/schema\/person\/image\/\",\"url\":\"https:\/\/secure.gravatar.com\/avatar\/049821681b589dabc0bc20695993ccebb09f5b5d4d790cd9251b97faac7c652b?s=96&d=blank&r=g\",\"contentUrl\":\"https:\/\/secure.gravatar.com\/avatar\/049821681b589dabc0bc20695993ccebb09f5b5d4d790cd9251b97faac7c652b?s=96&d=blank&r=g\",\"caption\":\"enequipo\"},\"sameAs\":[\"https:\/\/www.facebook.com\/SonoraEE\"]}]}<\/script>\n ","yoast_head_json":{"title":"Sonora en Equipo. Fundamental continuar con uso de cubrebocas aunque ya te hayas vacunado: Enrique Clausen Sonora","description":"HERMOSILLO, SONORA. MX. \u2014 Carboca, Hermosillo, Cajeme, Navojoa, Huatabampo y Nogales se encuentran en color naranja en el Mapa Sonora Anticipa, esto En Sonora en Equipo publicamos toda la informaci\u00f3n de Sonora, M\u00e9xico y el Mundo de manera oportuna y busca que la libertad de expresi\u00f3n sea real. Visita nuestro medio informativo publicado desde Hermosillo, Sonora. %","robots":{"index":"index","follow":"follow","max-snippet":"max-snippet:-1","max-image-preview":"max-image-preview:large","max-video-preview":"max-video-preview:-1"},"canonical":"https:\/\/www.sonoraenequipo.com.mx\/fundamental-continuar-con-uso-de-cubrebocas-aunque-ya-te-hayas-vacunado-enrique-clausen\/","og_locale":"es_ES","og_type":"article","og_title":"Sonora en Equipo. Fundamental continuar con uso de cubrebocas aunque ya te hayas vacunado: Enrique Clausen Sonora","og_description":"HERMOSILLO, SONORA. MX. \u2014 Carboca, Hermosillo, Cajeme, Navojoa, Huatabampo y Nogales se encuentran en color naranja en el Mapa Sonora Anticipa, esto En Sonora en Equipo publicamos toda la informaci\u00f3n de Sonora, M\u00e9xico y el Mundo de manera oportuna y busca que la libertad de expresi\u00f3n sea real. Visita nuestro medio informativo publicado desde Hermosillo, Sonora. %","og_url":"https:\/\/www.sonoraenequipo.com.mx\/fundamental-continuar-con-uso-de-cubrebocas-aunque-ya-te-hayas-vacunado-enrique-clausen\/","og_site_name":"Sonora en Equipo.","article_publisher":"https:\/\/www.facebook.com\/SonoraEE\/","article_author":"https:\/\/www.facebook.com\/SonoraEE","article_published_time":"2021-07-04T13:41:40+00:00","article_modified_time":"2021-07-04T18:43:45+00:00","og_image":[{"width":700,"height":400,"url":"https:\/\/www.sonoraenequipo.com.mx\/storage\/2021\/07\/covid-en-sonora_opt.jpg","type":"image\/jpeg"}],"author":"enequipo","twitter_card":"summary_large_image","twitter_creator":"@sonoraenequipo","twitter_site":"@sonoraenequipo","twitter_misc":{"Escrito por":"enequipo","Tiempo de lectura":"5 minutos"},"schema":{"@context":"https:\/\/schema.org","@graph":[{"@type":"Article","@id":"https:\/\/www.sonoraenequipo.com.mx\/fundamental-continuar-con-uso-de-cubrebocas-aunque-ya-te-hayas-vacunado-enrique-clausen\/#article","isPartOf":{"@id":"https:\/\/www.sonoraenequipo.com.mx\/fundamental-continuar-con-uso-de-cubrebocas-aunque-ya-te-hayas-vacunado-enrique-clausen\/"},"author":{"name":"enequipo","@id":"https:\/\/www.sonoraenequipo.com.mx\/#\/schema\/person\/50102df0fb23a8fa9e8effad8fa81386"},"headline":"Fundamental continuar con uso de cubrebocas aunque ya te hayas vacunado: Enrique Clausen","datePublished":"2021-07-04T13:41:40+00:00","dateModified":"2021-07-04T18:43:45+00:00","mainEntityOfPage":{"@id":"https:\/\/www.sonoraenequipo.com.mx\/fundamental-continuar-con-uso-de-cubrebocas-aunque-ya-te-hayas-vacunado-enrique-clausen\/"},"wordCount":774,"commentCount":0,"publisher":{"@id":"https:\/\/www.sonoraenequipo.com.mx\/#organization"},"image":{"@id":"https:\/\/www.sonoraenequipo.com.mx\/fundamental-continuar-con-uso-de-cubrebocas-aunque-ya-te-hayas-vacunado-enrique-clausen\/#primaryimage"},"thumbnailUrl":"https:\/\/www.sonoraenequipo.com.mx\/storage\/2021\/07\/covid-en-sonora_opt.jpg","articleSection":["Sonora"],"inLanguage":"es","potentialAction":[{"@type":"CommentAction","name":"Comment","target":["https:\/\/www.sonoraenequipo.com.mx\/fundamental-continuar-con-uso-de-cubrebocas-aunque-ya-te-hayas-vacunado-enrique-clausen\/#respond"]}]},{"@type":"WebPage","@id":"https:\/\/www.sonoraenequipo.com.mx\/fundamental-continuar-con-uso-de-cubrebocas-aunque-ya-te-hayas-vacunado-enrique-clausen\/","url":"https:\/\/www.sonoraenequipo.com.mx\/fundamental-continuar-con-uso-de-cubrebocas-aunque-ya-te-hayas-vacunado-enrique-clausen\/","name":"Sonora en Equipo. Fundamental continuar con uso de cubrebocas aunque ya te hayas vacunado: Enrique Clausen Sonora","isPartOf":{"@id":"https:\/\/www.sonoraenequipo.com.mx\/#website"},"primaryImageOfPage":{"@id":"https:\/\/www.sonoraenequipo.com.mx\/fundamental-continuar-con-uso-de-cubrebocas-aunque-ya-te-hayas-vacunado-enrique-clausen\/#primaryimage"},"image":{"@id":"https:\/\/www.sonoraenequipo.com.mx\/fundamental-continuar-con-uso-de-cubrebocas-aunque-ya-te-hayas-vacunado-enrique-clausen\/#primaryimage"},"thumbnailUrl":"https:\/\/www.sonoraenequipo.com.mx\/storage\/2021\/07\/covid-en-sonora_opt.jpg","datePublished":"2021-07-04T13:41:40+00:00","dateModified":"2021-07-04T18:43:45+00:00","description":"HERMOSILLO, SONORA. MX. \u2014 Carboca, Hermosillo, Cajeme, Navojoa, Huatabampo y Nogales se encuentran en color naranja en el Mapa Sonora Anticipa, esto En Sonora en Equipo publicamos toda la informaci\u00f3n de Sonora, M\u00e9xico y el Mundo de manera oportuna y busca que la libertad de expresi\u00f3n sea real. Visita nuestro medio informativo publicado desde Hermosillo, Sonora. %","breadcrumb":{"@id":"https:\/\/www.sonoraenequipo.com.mx\/fundamental-continuar-con-uso-de-cubrebocas-aunque-ya-te-hayas-vacunado-enrique-clausen\/#breadcrumb"},"inLanguage":"es","potentialAction":[{"@type":"ReadAction","target":["https:\/\/www.sonoraenequipo.com.mx\/fundamental-continuar-con-uso-de-cubrebocas-aunque-ya-te-hayas-vacunado-enrique-clausen\/"]}]},{"@type":"ImageObject","inLanguage":"es","@id":"https:\/\/www.sonoraenequipo.com.mx\/fundamental-continuar-con-uso-de-cubrebocas-aunque-ya-te-hayas-vacunado-enrique-clausen\/#primaryimage","url":"https:\/\/www.sonoraenequipo.com.mx\/storage\/2021\/07\/covid-en-sonora_opt.jpg","contentUrl":"https:\/\/www.sonoraenequipo.com.mx\/storage\/2021\/07\/covid-en-sonora_opt.jpg","width":700,"height":400},{"@type":"BreadcrumbList","@id":"https:\/\/www.sonoraenequipo.com.mx\/fundamental-continuar-con-uso-de-cubrebocas-aunque-ya-te-hayas-vacunado-enrique-clausen\/#breadcrumb","itemListElement":[{"@type":"ListItem","position":1,"name":"Portada","item":"https:\/\/www.sonoraenequipo.com.mx\/"},{"@type":"ListItem","position":2,"name":"Fundamental continuar con uso de cubrebocas aunque ya te hayas vacunado: Enrique Clausen"}]},{"@type":"WebSite","@id":"https:\/\/www.sonoraenequipo.com.mx\/#website","url":"https:\/\/www.sonoraenequipo.com.mx\/","name":"Sonora en Equipo.","description":"Diario en l\u00ednea con Noticias desde Hermosillo, Sonora","publisher":{"@id":"https:\/\/www.sonoraenequipo.com.mx\/#organization"},"potentialAction":[{"@type":"SearchAction","target":{"@type":"EntryPoint","urlTemplate":"https:\/\/www.sonoraenequipo.com.mx\/?s={search_term_string}"},"query-input":{"@type":"PropertyValueSpecification","valueRequired":true,"valueName":"search_term_string"}}],"inLanguage":"es"},{"@type":"Organization","@id":"https:\/\/www.sonoraenequipo.com.mx\/#organization","name":"Sonoraenequipo.com.mx","url":"https:\/\/www.sonoraenequipo.com.mx\/","logo":{"@type":"ImageObject","inLanguage":"es","@id":"https:\/\/www.sonoraenequipo.com.mx\/#\/schema\/logo\/image\/","url":"https:\/\/www.sonoraenequipo.com.mx\/storage\/2019\/01\/sonoraenequipo_opt.png","contentUrl":"https:\/\/www.sonoraenequipo.com.mx\/storage\/2019\/01\/sonoraenequipo_opt.png","width":375,"height":125,"caption":"Sonoraenequipo.com.mx"},"image":{"@id":"https:\/\/www.sonoraenequipo.com.mx\/#\/schema\/logo\/image\/"},"sameAs":["https:\/\/www.facebook.com\/SonoraEE\/","https:\/\/x.com\/sonoraenequipo","https:\/\/www.youtube.com\/channel\/UC338nW-lPEYmJQs4ZABQ1SQ"]},{"@type":"Person","@id":"https:\/\/www.sonoraenequipo.com.mx\/#\/schema\/person\/50102df0fb23a8fa9e8effad8fa81386","name":"enequipo","image":{"@type":"ImageObject","inLanguage":"es","@id":"https:\/\/www.sonoraenequipo.com.mx\/#\/schema\/person\/image\/","url":"https:\/\/secure.gravatar.com\/avatar\/049821681b589dabc0bc20695993ccebb09f5b5d4d790cd9251b97faac7c652b?s=96&d=blank&r=g","contentUrl":"https:\/\/secure.gravatar.com\/avatar\/049821681b589dabc0bc20695993ccebb09f5b5d4d790cd9251b97faac7c652b?s=96&d=blank&r=g","caption":"enequipo"},"sameAs":["https:\/\/www.facebook.com\/SonoraEE"]}]}},"jetpack_featured_media_url":"https:\/\/www.sonoraenequipo.com.mx\/storage\/2021\/07\/covid-en-sonora_opt.jpg","_links":{"self":[{"href":"https:\/\/www.sonoraenequipo.com.mx\/api\/wp\/v2\/posts\/117732","targetHints":{"allow":["GET"]}}],"collection":[{"href":"https:\/\/www.sonoraenequipo.com.mx\/api\/wp\/v2\/posts"}],"about":[{"href":"https:\/\/www.sonoraenequipo.com.mx\/api\/wp\/v2\/types\/post"}],"author":[{"embeddable":true,"href":"https:\/\/www.sonoraenequipo.com.mx\/api\/wp\/v2\/users\/1"}],"replies":[{"embeddable":true,"href":"https:\/\/www.sonoraenequipo.com.mx\/api\/wp\/v2\/comments?post=117732"}],"version-history":[{"count":3,"href":"https:\/\/www.sonoraenequipo.com.mx\/api\/wp\/v2\/posts\/117732\/revisions"}],"predecessor-version":[{"id":117740,"href":"https:\/\/www.sonoraenequipo.com.mx\/api\/wp\/v2\/posts\/117732\/revisions\/117740"}],"wp:featuredmedia":[{"embeddable":true,"href":"https:\/\/www.sonoraenequipo.com.mx\/api\/wp\/v2\/media\/117733"}],"wp:attachment":[{"href":"https:\/\/www.sonoraenequipo.com.mx\/api\/wp\/v2\/media?parent=117732"}],"wp:term":[{"taxonomy":"category","embeddable":true,"href":"https:\/\/www.sonoraenequipo.com.mx\/api\/wp\/v2\/categories?post=117732"},{"taxonomy":"post_tag","embeddable":true,"href":"https:\/\/www.sonoraenequipo.com.mx\/api\/wp\/v2\/tags?post=117732"}],"curies":[{"name":"wp","href":"https:\/\/api.w.org\/{rel}","templated":true}]}}