{"id":117742,"date":"2021-07-04T08:20:10","date_gmt":"2021-07-04T15:20:10","guid":{"rendered":"https:\/\/www.sonoraenequipo.com.mx\/?p=117742"},"modified":"2021-07-04T12:04:59","modified_gmt":"2021-07-04T19:04:59","slug":"%e2%80%8bllaman-a-extremar-precauciones-durante-lluvias-y-fuertes-vientos-en-hermosillo","status":"publish","type":"post","link":"https:\/\/www.sonoraenequipo.com.mx\/%e2%80%8bllaman-a-extremar-precauciones-durante-lluvias-y-fuertes-vientos-en-hermosillo\/","title":{"rendered":"\u200bLlaman a extremar precauciones durante lluvias y fuertes vientos en Hermosillo"},"content":{"rendered":"<p>HERMOSILLO, SONORA. MX. \u2014 Las autoridades de seguridad y emergencia en Hermosillo hacen un llamado a la comunidad a resguardarse y extremar precauciones durante las lluvias y fuertes vientos.<\/p>\n<p>&nbsp;<\/p>\n<p> <\/p>\n<p>&nbsp;<\/p>\n<p>Las precipitaciones de este s\u00e1bado ocasionaron acumulaci\u00f3n de agua y afectaciones en diversos puntos de la ciudad por lo que circular en estos momentos es riesgoso.<\/p>\n<p>&nbsp;<\/p>\n<p>Corporaciones de emergencia reportaron el lamentable deceso de dos personas en incidentes relacionados con la lluvia.<\/p>\n<p>&nbsp;<\/p>\n<p>Un hombre de aproximadamente 45 a\u00f1os falleci\u00f3 por ahogamiento tras quedarse varado en su veh\u00edculo en el puente desnivel del bulevar Luis Encinas.<\/p>\n<p>&nbsp;<\/p>\n<p>El otro incidente tuvo lugar al sur de la ciudad, donde una joven mujer falleci\u00f3 electrocutada.<\/p>\n<p>&nbsp;<\/p>\n<p>En diferentes puntos de la ciudad, el Cuerpo de Bomberos realiz\u00f3 29 servicios de emergencia, 12 de ellos rescates de personas en riesgo en arroyos y vialidades inundados.<\/p>\n<p>&nbsp;<\/p>\n<p><img loading=\"lazy\" decoding=\"async\" class=\"x-right  size-full\" src=\"https:\/\/www.sonoraenequipo.com.mx\/storage\/2021\/07\/estragos-de-la-lluvia-en-Hmo_opt.jpg\" alt=\"\" width=\"600\" height=\"400\" \/>Se reportaron acumulaciones de agua considerables en colonias como Tulipanes, Los Arroyos, La Cholla, Las Minitas, Emiliano Zapata, Villa Bonita, Apache y Villa de Serie, entre otras.<\/p>\n<p>&nbsp;<\/p>\n<p>Otros reportes de consideraci\u00f3n incluyen un carro atrapado bajo el agua en el canal de Las Villas y un hundimiento de pavimento en bulevar Capomo.<\/p>\n<p>&nbsp;<\/p>\n<p>Otros da\u00f1os reportados incluyen \u00e1rboles ca\u00eddos, acumulaci\u00f3n de agua en comercios y domicilios, y cortos circuitos de instalaciones el\u00e9ctricas.<\/p>\n<p>&nbsp;<\/p>\n<p>El llamado a la comunidad es de precauci\u00f3n y resguardo para evitar m\u00e1s hechos qu\u00e9 lamentar durante y despu\u00e9s de las fuertes lluvias, principalmente evitar salir a la calle hasta que bajen los flujos y niveles de agua acumulados.<\/p>\n<p>&nbsp;<\/p>\n<p>El Comit\u00e9 Operativo de Emergencias sostuvo una reuni\u00f3n extraordinaria para coordinar la atenci\u00f3n a los reportes generados en las colonias afectadas, y continuar\u00e1 activo durante las pr\u00f3ximas horas<\/p>\n<p>&nbsp;<\/p>\n<p>&nbsp;<\/p>\n<p>(Publicada el 04\/07\/2021)<\/p>\n","protected":false},"excerpt":{"rendered":"<p>HERMOSILLO, SONORA. MX. \u2014 Las autoridades de seguridad y emergencia en Hermosillo hacen un llamado&#8230;<\/p>\n","protected":false},"author":1,"featured_media":117744,"comment_status":"open","ping_status":"open","sticky":false,"template":"","format":"standard","meta":{"_monsterinsights_skip_tracking":false,"_monsterinsights_sitenote_active":false,"_monsterinsights_sitenote_note":"","_monsterinsights_sitenote_category":0,"footnotes":""},"categories":[4],"tags":[],"class_list":["post"],"yoast_head":" \n<title>Sonora en Equipo. \u200bLlaman a extremar precauciones durante lluvias y fuertes vientos en Hermosillo Municipios<\/title>\n<meta name=\"description\" content=\"HERMOSILLO, SONORA. MX. \u2014 Las autoridades de seguridad y emergencia en Hermosillo hacen un llamado a la comunidad a resguardarse y extremar precauciones En Sonora en Equipo publicamos toda la informaci\u00f3n de Sonora, M\u00e9xico y el Mundo de manera oportuna y busca que la libertad de expresi\u00f3n sea real. Visita nuestro medio informativo publicado desde Hermosillo, Sonora. %\" \/>\n<meta name=\"robots\" content=\"index, follow, max-snippet:-1, max-image-preview:large, max-video-preview:-1\" \/>\n<link rel=\"canonical\" href=\"https:\/\/www.sonoraenequipo.com.mx\/\u200bllaman-a-extremar-precauciones-durante-lluvias-y-fuertes-vientos-en-hermosillo\/\" \/>\n<meta property=\"og:locale\" content=\"es_ES\" \/>\n<meta property=\"og:type\" content=\"article\" \/>\n<meta property=\"og:title\" content=\"Sonora en Equipo. \u200bLlaman a extremar precauciones durante lluvias y fuertes vientos en Hermosillo Municipios\" \/>\n<meta property=\"og:description\" content=\"HERMOSILLO, SONORA. MX. \u2014 Las autoridades de seguridad y emergencia en Hermosillo hacen un llamado a la comunidad a resguardarse y extremar precauciones En Sonora en Equipo publicamos toda la informaci\u00f3n de Sonora, M\u00e9xico y el Mundo de manera oportuna y busca que la libertad de expresi\u00f3n sea real. Visita nuestro medio informativo publicado desde Hermosillo, Sonora. %\" \/>\n<meta property=\"og:url\" content=\"https:\/\/www.sonoraenequipo.com.mx\/\u200bllaman-a-extremar-precauciones-durante-lluvias-y-fuertes-vientos-en-hermosillo\/\" \/>\n<meta property=\"og:site_name\" content=\"Sonora en Equipo.\" \/>\n<meta property=\"article:publisher\" content=\"https:\/\/www.facebook.com\/SonoraEE\/\" \/>\n<meta property=\"article:author\" content=\"https:\/\/www.facebook.com\/SonoraEE\" \/>\n<meta property=\"article:published_time\" content=\"2021-07-04T15:20:10+00:00\" \/>\n<meta property=\"article:modified_time\" content=\"2021-07-04T19:04:59+00:00\" \/>\n<meta property=\"og:image\" content=\"https:\/\/www.sonoraenequipo.com.mx\/storage\/2021\/07\/LLuvias_opt.jpg\" \/>\n\t<meta property=\"og:image:width\" content=\"700\" \/>\n\t<meta property=\"og:image:height\" content=\"400\" \/>\n\t<meta property=\"og:image:type\" content=\"image\/jpeg\" \/>\n<meta name=\"author\" content=\"enequipo\" \/>\n<meta name=\"twitter:card\" content=\"summary_large_image\" \/>\n<meta name=\"twitter:creator\" content=\"@sonoraenequipo\" \/>\n<meta name=\"twitter:site\" content=\"@sonoraenequipo\" \/>\n<meta name=\"twitter:label1\" content=\"Escrito por\" \/>\n\t<meta name=\"twitter:data1\" content=\"enequipo\" \/>\n\t<meta name=\"twitter:label2\" content=\"Tiempo de lectura\" \/>\n\t<meta name=\"twitter:data2\" content=\"2 minutos\" \/>\n<script type=\"application\/ld+json\" class=\"yoast-schema-graph\">{\"@context\":\"https:\/\/schema.org\",\"@graph\":[{\"@type\":\"Article\",\"@id\":\"https:\/\/www.sonoraenequipo.com.mx\/%e2%80%8bllaman-a-extremar-precauciones-durante-lluvias-y-fuertes-vientos-en-hermosillo\/#article\",\"isPartOf\":{\"@id\":\"https:\/\/www.sonoraenequipo.com.mx\/%e2%80%8bllaman-a-extremar-precauciones-durante-lluvias-y-fuertes-vientos-en-hermosillo\/\"},\"author\":{\"name\":\"enequipo\",\"@id\":\"https:\/\/www.sonoraenequipo.com.mx\/#\/schema\/person\/50102df0fb23a8fa9e8effad8fa81386\"},\"headline\":\"\u200bLlaman a extremar precauciones durante lluvias y fuertes vientos en Hermosillo\",\"datePublished\":\"2021-07-04T15:20:10+00:00\",\"dateModified\":\"2021-07-04T19:04:59+00:00\",\"mainEntityOfPage\":{\"@id\":\"https:\/\/www.sonoraenequipo.com.mx\/%e2%80%8bllaman-a-extremar-precauciones-durante-lluvias-y-fuertes-vientos-en-hermosillo\/\"},\"wordCount\":313,\"commentCount\":0,\"publisher\":{\"@id\":\"https:\/\/www.sonoraenequipo.com.mx\/#organization\"},\"image\":{\"@id\":\"https:\/\/www.sonoraenequipo.com.mx\/%e2%80%8bllaman-a-extremar-precauciones-durante-lluvias-y-fuertes-vientos-en-hermosillo\/#primaryimage\"},\"thumbnailUrl\":\"https:\/\/www.sonoraenequipo.com.mx\/storage\/2021\/07\/LLuvias_opt.jpg\",\"articleSection\":[\"Municipios\"],\"inLanguage\":\"es\",\"potentialAction\":[{\"@type\":\"CommentAction\",\"name\":\"Comment\",\"target\":[\"https:\/\/www.sonoraenequipo.com.mx\/%e2%80%8bllaman-a-extremar-precauciones-durante-lluvias-y-fuertes-vientos-en-hermosillo\/#respond\"]}]},{\"@type\":\"WebPage\",\"@id\":\"https:\/\/www.sonoraenequipo.com.mx\/%e2%80%8bllaman-a-extremar-precauciones-durante-lluvias-y-fuertes-vientos-en-hermosillo\/\",\"url\":\"https:\/\/www.sonoraenequipo.com.mx\/%e2%80%8bllaman-a-extremar-precauciones-durante-lluvias-y-fuertes-vientos-en-hermosillo\/\",\"name\":\"Sonora en Equipo. \u200bLlaman a extremar precauciones durante lluvias y fuertes vientos en Hermosillo Municipios\",\"isPartOf\":{\"@id\":\"https:\/\/www.sonoraenequipo.com.mx\/#website\"},\"primaryImageOfPage\":{\"@id\":\"https:\/\/www.sonoraenequipo.com.mx\/%e2%80%8bllaman-a-extremar-precauciones-durante-lluvias-y-fuertes-vientos-en-hermosillo\/#primaryimage\"},\"image\":{\"@id\":\"https:\/\/www.sonoraenequipo.com.mx\/%e2%80%8bllaman-a-extremar-precauciones-durante-lluvias-y-fuertes-vientos-en-hermosillo\/#primaryimage\"},\"thumbnailUrl\":\"https:\/\/www.sonoraenequipo.com.mx\/storage\/2021\/07\/LLuvias_opt.jpg\",\"datePublished\":\"2021-07-04T15:20:10+00:00\",\"dateModified\":\"2021-07-04T19:04:59+00:00\",\"description\":\"HERMOSILLO, SONORA. MX. \u2014 Las autoridades de seguridad y emergencia en Hermosillo hacen un llamado a la comunidad a resguardarse y extremar precauciones En Sonora en Equipo publicamos toda la informaci\u00f3n de Sonora, M\u00e9xico y el Mundo de manera oportuna y busca que la libertad de expresi\u00f3n sea real. Visita nuestro medio informativo publicado desde Hermosillo, Sonora. %\",\"breadcrumb\":{\"@id\":\"https:\/\/www.sonoraenequipo.com.mx\/%e2%80%8bllaman-a-extremar-precauciones-durante-lluvias-y-fuertes-vientos-en-hermosillo\/#breadcrumb\"},\"inLanguage\":\"es\",\"potentialAction\":[{\"@type\":\"ReadAction\",\"target\":[\"https:\/\/www.sonoraenequipo.com.mx\/%e2%80%8bllaman-a-extremar-precauciones-durante-lluvias-y-fuertes-vientos-en-hermosillo\/\"]}]},{\"@type\":\"ImageObject\",\"inLanguage\":\"es\",\"@id\":\"https:\/\/www.sonoraenequipo.com.mx\/%e2%80%8bllaman-a-extremar-precauciones-durante-lluvias-y-fuertes-vientos-en-hermosillo\/#primaryimage\",\"url\":\"https:\/\/www.sonoraenequipo.com.mx\/storage\/2021\/07\/LLuvias_opt.jpg\",\"contentUrl\":\"https:\/\/www.sonoraenequipo.com.mx\/storage\/2021\/07\/LLuvias_opt.jpg\",\"width\":700,\"height\":400},{\"@type\":\"BreadcrumbList\",\"@id\":\"https:\/\/www.sonoraenequipo.com.mx\/%e2%80%8bllaman-a-extremar-precauciones-durante-lluvias-y-fuertes-vientos-en-hermosillo\/#breadcrumb\",\"itemListElement\":[{\"@type\":\"ListItem\",\"position\":1,\"name\":\"Portada\",\"item\":\"https:\/\/www.sonoraenequipo.com.mx\/\"},{\"@type\":\"ListItem\",\"position\":2,\"name\":\"\u200bLlaman a extremar precauciones durante lluvias y fuertes vientos en Hermosillo\"}]},{\"@type\":\"WebSite\",\"@id\":\"https:\/\/www.sonoraenequipo.com.mx\/#website\",\"url\":\"https:\/\/www.sonoraenequipo.com.mx\/\",\"name\":\"Sonora en Equipo.\",\"description\":\"Diario en l\u00ednea con Noticias desde Hermosillo, Sonora\",\"publisher\":{\"@id\":\"https:\/\/www.sonoraenequipo.com.mx\/#organization\"},\"potentialAction\":[{\"@type\":\"SearchAction\",\"target\":{\"@type\":\"EntryPoint\",\"urlTemplate\":\"https:\/\/www.sonoraenequipo.com.mx\/?s={search_term_string}\"},\"query-input\":{\"@type\":\"PropertyValueSpecification\",\"valueRequired\":true,\"valueName\":\"search_term_string\"}}],\"inLanguage\":\"es\"},{\"@type\":\"Organization\",\"@id\":\"https:\/\/www.sonoraenequipo.com.mx\/#organization\",\"name\":\"Sonoraenequipo.com.mx\",\"url\":\"https:\/\/www.sonoraenequipo.com.mx\/\",\"logo\":{\"@type\":\"ImageObject\",\"inLanguage\":\"es\",\"@id\":\"https:\/\/www.sonoraenequipo.com.mx\/#\/schema\/logo\/image\/\",\"url\":\"https:\/\/www.sonoraenequipo.com.mx\/storage\/2019\/01\/sonoraenequipo_opt.png\",\"contentUrl\":\"https:\/\/www.sonoraenequipo.com.mx\/storage\/2019\/01\/sonoraenequipo_opt.png\",\"width\":375,\"height\":125,\"caption\":\"Sonoraenequipo.com.mx\"},\"image\":{\"@id\":\"https:\/\/www.sonoraenequipo.com.mx\/#\/schema\/logo\/image\/\"},\"sameAs\":[\"https:\/\/www.facebook.com\/SonoraEE\/\",\"https:\/\/x.com\/sonoraenequipo\",\"https:\/\/www.youtube.com\/channel\/UC338nW-lPEYmJQs4ZABQ1SQ\"]},{\"@type\":\"Person\",\"@id\":\"https:\/\/www.sonoraenequipo.com.mx\/#\/schema\/person\/50102df0fb23a8fa9e8effad8fa81386\",\"name\":\"enequipo\",\"image\":{\"@type\":\"ImageObject\",\"inLanguage\":\"es\",\"@id\":\"https:\/\/www.sonoraenequipo.com.mx\/#\/schema\/person\/image\/\",\"url\":\"https:\/\/secure.gravatar.com\/avatar\/049821681b589dabc0bc20695993ccebb09f5b5d4d790cd9251b97faac7c652b?s=96&d=blank&r=g\",\"contentUrl\":\"https:\/\/secure.gravatar.com\/avatar\/049821681b589dabc0bc20695993ccebb09f5b5d4d790cd9251b97faac7c652b?s=96&d=blank&r=g\",\"caption\":\"enequipo\"},\"sameAs\":[\"https:\/\/www.facebook.com\/SonoraEE\"]}]}<\/script>\n ","yoast_head_json":{"title":"Sonora en Equipo. \u200bLlaman a extremar precauciones durante lluvias y fuertes vientos en Hermosillo Municipios","description":"HERMOSILLO, SONORA. MX. \u2014 Las autoridades de seguridad y emergencia en Hermosillo hacen un llamado a la comunidad a resguardarse y extremar precauciones En Sonora en Equipo publicamos toda la informaci\u00f3n de Sonora, M\u00e9xico y el Mundo de manera oportuna y busca que la libertad de expresi\u00f3n sea real. Visita nuestro medio informativo publicado desde Hermosillo, Sonora. %","robots":{"index":"index","follow":"follow","max-snippet":"max-snippet:-1","max-image-preview":"max-image-preview:large","max-video-preview":"max-video-preview:-1"},"canonical":"https:\/\/www.sonoraenequipo.com.mx\/\u200bllaman-a-extremar-precauciones-durante-lluvias-y-fuertes-vientos-en-hermosillo\/","og_locale":"es_ES","og_type":"article","og_title":"Sonora en Equipo. \u200bLlaman a extremar precauciones durante lluvias y fuertes vientos en Hermosillo Municipios","og_description":"HERMOSILLO, SONORA. MX. \u2014 Las autoridades de seguridad y emergencia en Hermosillo hacen un llamado a la comunidad a resguardarse y extremar precauciones En Sonora en Equipo publicamos toda la informaci\u00f3n de Sonora, M\u00e9xico y el Mundo de manera oportuna y busca que la libertad de expresi\u00f3n sea real. Visita nuestro medio informativo publicado desde Hermosillo, Sonora. %","og_url":"https:\/\/www.sonoraenequipo.com.mx\/\u200bllaman-a-extremar-precauciones-durante-lluvias-y-fuertes-vientos-en-hermosillo\/","og_site_name":"Sonora en Equipo.","article_publisher":"https:\/\/www.facebook.com\/SonoraEE\/","article_author":"https:\/\/www.facebook.com\/SonoraEE","article_published_time":"2021-07-04T15:20:10+00:00","article_modified_time":"2021-07-04T19:04:59+00:00","og_image":[{"width":700,"height":400,"url":"https:\/\/www.sonoraenequipo.com.mx\/storage\/2021\/07\/LLuvias_opt.jpg","type":"image\/jpeg"}],"author":"enequipo","twitter_card":"summary_large_image","twitter_creator":"@sonoraenequipo","twitter_site":"@sonoraenequipo","twitter_misc":{"Escrito por":"enequipo","Tiempo de lectura":"2 minutos"},"schema":{"@context":"https:\/\/schema.org","@graph":[{"@type":"Article","@id":"https:\/\/www.sonoraenequipo.com.mx\/%e2%80%8bllaman-a-extremar-precauciones-durante-lluvias-y-fuertes-vientos-en-hermosillo\/#article","isPartOf":{"@id":"https:\/\/www.sonoraenequipo.com.mx\/%e2%80%8bllaman-a-extremar-precauciones-durante-lluvias-y-fuertes-vientos-en-hermosillo\/"},"author":{"name":"enequipo","@id":"https:\/\/www.sonoraenequipo.com.mx\/#\/schema\/person\/50102df0fb23a8fa9e8effad8fa81386"},"headline":"\u200bLlaman a extremar precauciones durante lluvias y fuertes vientos en Hermosillo","datePublished":"2021-07-04T15:20:10+00:00","dateModified":"2021-07-04T19:04:59+00:00","mainEntityOfPage":{"@id":"https:\/\/www.sonoraenequipo.com.mx\/%e2%80%8bllaman-a-extremar-precauciones-durante-lluvias-y-fuertes-vientos-en-hermosillo\/"},"wordCount":313,"commentCount":0,"publisher":{"@id":"https:\/\/www.sonoraenequipo.com.mx\/#organization"},"image":{"@id":"https:\/\/www.sonoraenequipo.com.mx\/%e2%80%8bllaman-a-extremar-precauciones-durante-lluvias-y-fuertes-vientos-en-hermosillo\/#primaryimage"},"thumbnailUrl":"https:\/\/www.sonoraenequipo.com.mx\/storage\/2021\/07\/LLuvias_opt.jpg","articleSection":["Municipios"],"inLanguage":"es","potentialAction":[{"@type":"CommentAction","name":"Comment","target":["https:\/\/www.sonoraenequipo.com.mx\/%e2%80%8bllaman-a-extremar-precauciones-durante-lluvias-y-fuertes-vientos-en-hermosillo\/#respond"]}]},{"@type":"WebPage","@id":"https:\/\/www.sonoraenequipo.com.mx\/%e2%80%8bllaman-a-extremar-precauciones-durante-lluvias-y-fuertes-vientos-en-hermosillo\/","url":"https:\/\/www.sonoraenequipo.com.mx\/%e2%80%8bllaman-a-extremar-precauciones-durante-lluvias-y-fuertes-vientos-en-hermosillo\/","name":"Sonora en Equipo. \u200bLlaman a extremar precauciones durante lluvias y fuertes vientos en Hermosillo Municipios","isPartOf":{"@id":"https:\/\/www.sonoraenequipo.com.mx\/#website"},"primaryImageOfPage":{"@id":"https:\/\/www.sonoraenequipo.com.mx\/%e2%80%8bllaman-a-extremar-precauciones-durante-lluvias-y-fuertes-vientos-en-hermosillo\/#primaryimage"},"image":{"@id":"https:\/\/www.sonoraenequipo.com.mx\/%e2%80%8bllaman-a-extremar-precauciones-durante-lluvias-y-fuertes-vientos-en-hermosillo\/#primaryimage"},"thumbnailUrl":"https:\/\/www.sonoraenequipo.com.mx\/storage\/2021\/07\/LLuvias_opt.jpg","datePublished":"2021-07-04T15:20:10+00:00","dateModified":"2021-07-04T19:04:59+00:00","description":"HERMOSILLO, SONORA. MX. \u2014 Las autoridades de seguridad y emergencia en Hermosillo hacen un llamado a la comunidad a resguardarse y extremar precauciones En Sonora en Equipo publicamos toda la informaci\u00f3n de Sonora, M\u00e9xico y el Mundo de manera oportuna y busca que la libertad de expresi\u00f3n sea real. Visita nuestro medio informativo publicado desde Hermosillo, Sonora. %","breadcrumb":{"@id":"https:\/\/www.sonoraenequipo.com.mx\/%e2%80%8bllaman-a-extremar-precauciones-durante-lluvias-y-fuertes-vientos-en-hermosillo\/#breadcrumb"},"inLanguage":"es","potentialAction":[{"@type":"ReadAction","target":["https:\/\/www.sonoraenequipo.com.mx\/%e2%80%8bllaman-a-extremar-precauciones-durante-lluvias-y-fuertes-vientos-en-hermosillo\/"]}]},{"@type":"ImageObject","inLanguage":"es","@id":"https:\/\/www.sonoraenequipo.com.mx\/%e2%80%8bllaman-a-extremar-precauciones-durante-lluvias-y-fuertes-vientos-en-hermosillo\/#primaryimage","url":"https:\/\/www.sonoraenequipo.com.mx\/storage\/2021\/07\/LLuvias_opt.jpg","contentUrl":"https:\/\/www.sonoraenequipo.com.mx\/storage\/2021\/07\/LLuvias_opt.jpg","width":700,"height":400},{"@type":"BreadcrumbList","@id":"https:\/\/www.sonoraenequipo.com.mx\/%e2%80%8bllaman-a-extremar-precauciones-durante-lluvias-y-fuertes-vientos-en-hermosillo\/#breadcrumb","itemListElement":[{"@type":"ListItem","position":1,"name":"Portada","item":"https:\/\/www.sonoraenequipo.com.mx\/"},{"@type":"ListItem","position":2,"name":"\u200bLlaman a extremar precauciones durante lluvias y fuertes vientos en Hermosillo"}]},{"@type":"WebSite","@id":"https:\/\/www.sonoraenequipo.com.mx\/#website","url":"https:\/\/www.sonoraenequipo.com.mx\/","name":"Sonora en Equipo.","description":"Diario en l\u00ednea con Noticias desde Hermosillo, Sonora","publisher":{"@id":"https:\/\/www.sonoraenequipo.com.mx\/#organization"},"potentialAction":[{"@type":"SearchAction","target":{"@type":"EntryPoint","urlTemplate":"https:\/\/www.sonoraenequipo.com.mx\/?s={search_term_string}"},"query-input":{"@type":"PropertyValueSpecification","valueRequired":true,"valueName":"search_term_string"}}],"inLanguage":"es"},{"@type":"Organization","@id":"https:\/\/www.sonoraenequipo.com.mx\/#organization","name":"Sonoraenequipo.com.mx","url":"https:\/\/www.sonoraenequipo.com.mx\/","logo":{"@type":"ImageObject","inLanguage":"es","@id":"https:\/\/www.sonoraenequipo.com.mx\/#\/schema\/logo\/image\/","url":"https:\/\/www.sonoraenequipo.com.mx\/storage\/2019\/01\/sonoraenequipo_opt.png","contentUrl":"https:\/\/www.sonoraenequipo.com.mx\/storage\/2019\/01\/sonoraenequipo_opt.png","width":375,"height":125,"caption":"Sonoraenequipo.com.mx"},"image":{"@id":"https:\/\/www.sonoraenequipo.com.mx\/#\/schema\/logo\/image\/"},"sameAs":["https:\/\/www.facebook.com\/SonoraEE\/","https:\/\/x.com\/sonoraenequipo","https:\/\/www.youtube.com\/channel\/UC338nW-lPEYmJQs4ZABQ1SQ"]},{"@type":"Person","@id":"https:\/\/www.sonoraenequipo.com.mx\/#\/schema\/person\/50102df0fb23a8fa9e8effad8fa81386","name":"enequipo","image":{"@type":"ImageObject","inLanguage":"es","@id":"https:\/\/www.sonoraenequipo.com.mx\/#\/schema\/person\/image\/","url":"https:\/\/secure.gravatar.com\/avatar\/049821681b589dabc0bc20695993ccebb09f5b5d4d790cd9251b97faac7c652b?s=96&d=blank&r=g","contentUrl":"https:\/\/secure.gravatar.com\/avatar\/049821681b589dabc0bc20695993ccebb09f5b5d4d790cd9251b97faac7c652b?s=96&d=blank&r=g","caption":"enequipo"},"sameAs":["https:\/\/www.facebook.com\/SonoraEE"]}]}},"jetpack_featured_media_url":"https:\/\/www.sonoraenequipo.com.mx\/storage\/2021\/07\/LLuvias_opt.jpg","_links":{"self":[{"href":"https:\/\/www.sonoraenequipo.com.mx\/api\/wp\/v2\/posts\/117742","targetHints":{"allow":["GET"]}}],"collection":[{"href":"https:\/\/www.sonoraenequipo.com.mx\/api\/wp\/v2\/posts"}],"about":[{"href":"https:\/\/www.sonoraenequipo.com.mx\/api\/wp\/v2\/types\/post"}],"author":[{"embeddable":true,"href":"https:\/\/www.sonoraenequipo.com.mx\/api\/wp\/v2\/users\/1"}],"replies":[{"embeddable":true,"href":"https:\/\/www.sonoraenequipo.com.mx\/api\/wp\/v2\/comments?post=117742"}],"version-history":[{"count":1,"href":"https:\/\/www.sonoraenequipo.com.mx\/api\/wp\/v2\/posts\/117742\/revisions"}],"predecessor-version":[{"id":117745,"href":"https:\/\/www.sonoraenequipo.com.mx\/api\/wp\/v2\/posts\/117742\/revisions\/117745"}],"wp:featuredmedia":[{"embeddable":true,"href":"https:\/\/www.sonoraenequipo.com.mx\/api\/wp\/v2\/media\/117744"}],"wp:attachment":[{"href":"https:\/\/www.sonoraenequipo.com.mx\/api\/wp\/v2\/media?parent=117742"}],"wp:term":[{"taxonomy":"category","embeddable":true,"href":"https:\/\/www.sonoraenequipo.com.mx\/api\/wp\/v2\/categories?post=117742"},{"taxonomy":"post_tag","embeddable":true,"href":"https:\/\/www.sonoraenequipo.com.mx\/api\/wp\/v2\/tags?post=117742"}],"curies":[{"name":"wp","href":"https:\/\/api.w.org\/{rel}","templated":true}]}}