{"id":117746,"date":"2021-07-04T07:48:14","date_gmt":"2021-07-04T14:48:14","guid":{"rendered":"https:\/\/www.sonoraenequipo.com.mx\/?p=117746"},"modified":"2021-07-04T12:21:29","modified_gmt":"2021-07-04T19:21:29","slug":"inauguran-presidente-lopez-obrador-y-gobernadora-pavlovich-cuartel-de-la-guardia-nacional-en-pitiquito","status":"publish","type":"post","link":"https:\/\/www.sonoraenequipo.com.mx\/inauguran-presidente-lopez-obrador-y-gobernadora-pavlovich-cuartel-de-la-guardia-nacional-en-pitiquito\/","title":{"rendered":"Inauguran Presidente L\u00f3pez Obrador y Gobernadora Pavlovich cuartel de la Guardia Nacional en Pitiquito"},"content":{"rendered":"<p>PITIQUITO, SONORA. MX.\u2014 La Guardia Nacional es una instituci\u00f3n que a trav\u00e9s del trabajo de sus elementos da tranquilidad y estabilidad a las y los ciudadanos de M\u00e9xico y Sonora, resalt\u00f3 la gobernadora<strong> Claudia Pavlovich Arellano,<\/strong> al atestiguar junto al presidente <strong>Andr\u00e9s Manuel L\u00f3pez Obrador<\/strong> la inauguraci\u00f3n del Cuartel de la Guardia Nacional en Pitiquito y en la supervisi\u00f3n de los Programas del Bienestar en Puerto Pe\u00f1asco.<\/p>\n<p>&nbsp;<\/p>\n<p> <\/p>\n<p>&nbsp;<\/p>\n<p>Acompa\u00f1ados por <em><strong>Alfonso Durazo Monta\u00f1o<\/strong><\/em>, gobernador electo de Sonora, <em><strong>Rosa Icela Rodr\u00edguez Vel\u00e1zquez<\/strong><\/em>, secretaria de Seguridad y Protecci\u00f3n Ciudadana y<em><strong> Luis Rodr\u00edguez Bucio<\/strong><\/em>, comandante de la Guardia Nacional, la mandataria sonorense y el presidente de la rep\u00fablica estuvieron este s\u00e1bado (03.07.2021) en Puerto Pe\u00f1asco y Pitiquito y por la tarde noche en la ciudad de Nogales, en el segundo d\u00eda de gira por el norte del estado.<\/p>\n<p>&nbsp;<\/p>\n<p>&nbsp;<\/p>\n<p>La gobernadora Pavlovich resalt\u00f3 el sentido de pertenencia que genera un cuartel de la Guardia Nacional como el de Pitiquito, ya que permite que el trabajo de sus integrantes se haga de una forma r\u00e1pida y precisa.<\/p>\n<p>&nbsp;<\/p>\n<p>&nbsp;<\/p>\n<p><em>\u201cPara m\u00ed es un gran gusto estar en otra inauguraci\u00f3n de un cuartel de la Guardia Nacional, este cuartel que la verdad nos da tranquilidad, nos da estabilidad, y sobre todo nos genera algo muy importante, un sentido de pertenencia a este hermoso lugar, a lo que ustedes hacen, al trabajo que ustedes realizan, que es proteger a los ciudadanos, los felicito porque lo hacen en una forma muy r\u00e1pida, bonita y funcional\u201d,<\/em> indic\u00f3.<\/p>\n<p>&nbsp;<\/p>\n<p>&nbsp;<\/p>\n<p>El presidente L\u00f3pez Obrador explic\u00f3 que la estrategia de la Guardia Nacional es hacer un trabajo territorial, donde se ubiquen directamente en las comunidades donde se les requiere<\/p>\n<p>&nbsp;<\/p>\n<p>&nbsp;<\/p>\n<p><em>\u201cEs una nueva estrategia que consiste b\u00e1sicamente en territorializar todo lo relacionado con la seguridad p\u00fablica, tener estos cuarteles muy cerca de la gente, para proteger a los ciudadanos\u201d<\/em>, se\u00f1al\u00f3.<\/p>\n<p>&nbsp;<\/p>\n<p>&nbsp;<\/p>\n<p><em><strong>Luis Rodr\u00edguez Bucio<\/strong><\/em>, comandante de la Guardia Nacional, explic\u00f3 que este cuartel cuenta con el equipo necesario para acciones de mando y control, planeaci\u00f3n, comunicaciones, adiestramiento, y descanso del personal, por lo que se suma a los ya inaugurados en Bavispe, Moctezuma y Hermosillo, adem\u00e1s de que dos cuarteles se encuentran terminados en Nogales y Cajeme y se est\u00e1n en construcci\u00f3n dos m\u00e1s en Guaymas y Navojoa.<\/p>\n<p>&nbsp;<\/p>\n<p>&nbsp;<\/p>\n<p>Previamente, en Puerto Pe\u00f1asco, la gobernadora Pavlovich destac\u00f3 la labor efectuada tanto por el Gobierno del Estado como por el Gobierno Federal, con la entrega de apoyos acad\u00e9micos y sociales para beneficio de las familias sonorenses, para que la brecha de desigualdad se reduzca cada vez m\u00e1s y puedan mejorar su calidad de vida.<\/p>\n<p>&nbsp;<\/p>\n<p><em>\u201cDentro del Gobierno del Estado hacemos lo propio, siempre coordinados con ustedes, con usted, presidente, avanzando programas como vivienda digna, centros de salud dignos en los m\u00e1s remotos lugares de este estado, que es una geograf\u00eda ampl\u00edsima, escuelas dignas, apoyo en becas, apoyo a las etnias y sobre todo tambi\u00e9n, que todos tengan acceso a lo m\u00e1s importante que es un derecho humano que es la salud\u201d,<\/em> afirm\u00f3.<\/p>\n<p>&nbsp;<\/p>\n<p>&nbsp;<\/p>\n<p>El presidente L\u00f3pez Obrador resalt\u00f3 las acciones que se han desarrollado en Sonora, principalmente en Puerto Pe\u00f1asco, como el programa <em>\u201cLa escuela es nuestra\u201d;<\/em> pensi\u00f3n de adultos mayores y para ni\u00f1as y ni\u00f1os con discapacidad; becas para hijas e hijos de madres solteras y est\u00edmulo econ\u00f3mico para pescadores.<\/p>\n<p>&nbsp;<\/p>\n<p>&nbsp;<\/p>\n<p>Adem\u00e1s, anunci\u00f3 que se instalar\u00e1 un Banco de Bienestar en Puerto Pe\u00f1asco para la entrega de cr\u00e9ditos a peque\u00f1as y medianas empresas y que brindar\u00e1 atenci\u00f3n especial a los habitantes de las comunidades seris y de nuevo destac\u00f3 la gran coordinaci\u00f3n que su gobierno ha tenido con la gobernadora Pavlovich, para que cada una de estas acciones se lleven a cabo de buena forma y que lleguen a quienes m\u00e1s lo necesitan.<\/p>\n<p>&nbsp;<\/p>\n<p>&nbsp;<\/p>\n<p><em>\u201cComo lo he venido comentando, nos hemos llevado muy bien con la gobernadora de Sonora,<strong> Claudia Pavlovich,<\/strong> ha habido muy buen trabajo conjunto\u201d,<\/em> dijo.<\/p>\n<p>&nbsp;<\/p>\n<p>Antes, <em><strong>Javier May Rodr\u00edguez,<\/strong> <\/em>secretario de Bienestar, se\u00f1al\u00f3 que con los programas de apoyo a adultos mayores, personas con discapacidad y est\u00edmulos a ni\u00f1as y ni\u00f1os de madres solteras en 2021 en Sonora se beneficiaron m\u00e1s de 213 mil 680 sonorenses, 3 mil 312 de Puerto Pe\u00f1asco. <em><strong>Carlos Torres Rosas,<\/strong><\/em>secretario t\u00e9cnico de la Oficina de Presidencia, indic\u00f3 que en Sonora se ha llevado con \u00e9xito el programa <em>\u201cJ\u00f3venes construyendo el futuro\u201d<\/em>; se ha ayudado a m\u00e1s de 500 escuelas con el programa \u201c<em>La escuela es nuestra\u201d<\/em> y se han concretado apoyos a productores agr\u00edcolas y pesqueros con el programa \u201c<em>Producci\u00f3n para el Bienestar\u201d.<\/em><\/p>\n<p>&nbsp;<\/p>\n<p>&nbsp;<\/p>\n<p><strong>Presentes:<em> Jos\u00e9 Rafael Ojeda Dur\u00e1n, <\/em><\/strong>secretario de Marina; <strong><em>Andr\u00e9 Georges Foullon Van Lissum,<\/em><\/strong> subsecretario de la Defensa Nacional<strong><em>; Celestino \u00c1vila Astudillo, <\/em><\/strong>comandante de la Segunda Regi\u00f3n Militar; <strong><em>Carlos Torres Rosas,<\/em><\/strong> secretario t\u00e9cnico de la Oficina de Presidencia;<strong><em> Francisco Javier Hern\u00e1ndez V\u00e9lez, <\/em><\/strong>comandante de la 45 Zona Militar;<strong><em> Benedicto Santamar\u00eda Gonz\u00e1lez, <\/em><\/strong>coordinador estatal de la Guardia Nacional;<strong><em> los alcaldes Gumercindo Ruiz Liz\u00e1rraga, <\/em><\/strong>de Pitiquito; <strong><em>Librado Mac\u00edas Gonz\u00e1lez, de <\/em><\/strong>Caborca; <strong><em>Ernesto Munro L\u00f3pez, <\/em><\/strong>de Puerto Pe\u00f1asco;<strong><em> Victoria Rodr\u00edguez Ceja, <\/em><\/strong>subsecretaria de Egresos de la Secretar\u00eda de Hacienda y Cr\u00e9dito P\u00fablico; <strong><em>Ariadna Montiel Reyes, <\/em><\/strong>subsecretaria de Desarrollo Social y Humano de la Secretar\u00eda del Bienestar; <strong><em>Marath Baruch Bola\u00f1os, <\/em><\/strong>subsecretario de Empleo y Productividad Laboral de la Secretar\u00eda del Trabajo y Previsi\u00f3n Social; <strong><em>Abraham V\u00e1zquez Piceno, <\/em><\/strong>coordinador Nacional del Programa de Becas para el Bienestar Benito Ju\u00e1rez y<strong><em> Pamela L\u00f3pez Ru\u00edz, <\/em><\/strong>titular del programa <em><strong>\u201cLa escuela es nuestra\u201d.<\/strong><\/em><\/p>\n<p>&nbsp;<\/p>\n<p>(Publicada el 03\/07\/2021)<\/p>\n","protected":false},"excerpt":{"rendered":"<p>PITIQUITO, SONORA. MX.\u2014 La Guardia Nacional es una instituci\u00f3n que a trav\u00e9s del trabajo de&#8230;<\/p>\n","protected":false},"author":1,"featured_media":117747,"comment_status":"open","ping_status":"open","sticky":false,"template":"","format":"standard","meta":{"_monsterinsights_skip_tracking":false,"_monsterinsights_sitenote_active":false,"_monsterinsights_sitenote_note":"","_monsterinsights_sitenote_category":0,"footnotes":""},"categories":[5],"tags":[],"class_list":["post"],"yoast_head":" \n<title>Sonora en Equipo. Inauguran Presidente L\u00f3pez Obrador y Gobernadora Pavlovich cuartel de la Guardia Nacional en Pitiquito Rep\u00fablica<\/title>\n<meta name=\"description\" content=\"PITIQUITO, SONORA. MX.\u2014 La Guardia Nacional es una instituci\u00f3n que a trav\u00e9s del trabajo de sus elementos da tranquilidad y estabilidad a las y los En Sonora en Equipo publicamos toda la informaci\u00f3n de Sonora, M\u00e9xico y el Mundo de manera oportuna y busca que la libertad de expresi\u00f3n sea real. Visita nuestro medio informativo publicado desde Hermosillo, Sonora. %\" \/>\n<meta name=\"robots\" content=\"index, follow, max-snippet:-1, max-image-preview:large, max-video-preview:-1\" \/>\n<link rel=\"canonical\" href=\"https:\/\/www.sonoraenequipo.com.mx\/inauguran-presidente-lopez-obrador-y-gobernadora-pavlovich-cuartel-de-la-guardia-nacional-en-pitiquito\/\" \/>\n<meta property=\"og:locale\" content=\"es_ES\" \/>\n<meta property=\"og:type\" content=\"article\" \/>\n<meta property=\"og:title\" content=\"Sonora en Equipo. Inauguran Presidente L\u00f3pez Obrador y Gobernadora Pavlovich cuartel de la Guardia Nacional en Pitiquito Rep\u00fablica\" \/>\n<meta property=\"og:description\" content=\"PITIQUITO, SONORA. MX.\u2014 La Guardia Nacional es una instituci\u00f3n que a trav\u00e9s del trabajo de sus elementos da tranquilidad y estabilidad a las y los En Sonora en Equipo publicamos toda la informaci\u00f3n de Sonora, M\u00e9xico y el Mundo de manera oportuna y busca que la libertad de expresi\u00f3n sea real. Visita nuestro medio informativo publicado desde Hermosillo, Sonora. %\" \/>\n<meta property=\"og:url\" content=\"https:\/\/www.sonoraenequipo.com.mx\/inauguran-presidente-lopez-obrador-y-gobernadora-pavlovich-cuartel-de-la-guardia-nacional-en-pitiquito\/\" \/>\n<meta property=\"og:site_name\" content=\"Sonora en Equipo.\" \/>\n<meta property=\"article:publisher\" content=\"https:\/\/www.facebook.com\/SonoraEE\/\" \/>\n<meta property=\"article:author\" content=\"https:\/\/www.facebook.com\/SonoraEE\" \/>\n<meta property=\"article:published_time\" content=\"2021-07-04T14:48:14+00:00\" \/>\n<meta property=\"article:modified_time\" content=\"2021-07-04T19:21:29+00:00\" \/>\n<meta property=\"og:image\" content=\"https:\/\/www.sonoraenequipo.com.mx\/storage\/2021\/07\/gira-por-xonora-lopez-obrador-durazo_opt.jpg\" \/>\n\t<meta property=\"og:image:width\" content=\"700\" \/>\n\t<meta property=\"og:image:height\" content=\"400\" \/>\n\t<meta property=\"og:image:type\" content=\"image\/jpeg\" \/>\n<meta name=\"author\" content=\"enequipo\" \/>\n<meta name=\"twitter:card\" content=\"summary_large_image\" \/>\n<meta name=\"twitter:creator\" content=\"@sonoraenequipo\" \/>\n<meta name=\"twitter:site\" content=\"@sonoraenequipo\" \/>\n<meta name=\"twitter:label1\" content=\"Escrito por\" \/>\n\t<meta name=\"twitter:data1\" content=\"enequipo\" \/>\n\t<meta name=\"twitter:label2\" content=\"Tiempo de lectura\" \/>\n\t<meta name=\"twitter:data2\" content=\"4 minutos\" \/>\n<script type=\"application\/ld+json\" class=\"yoast-schema-graph\">{\"@context\":\"https:\/\/schema.org\",\"@graph\":[{\"@type\":\"Article\",\"@id\":\"https:\/\/www.sonoraenequipo.com.mx\/inauguran-presidente-lopez-obrador-y-gobernadora-pavlovich-cuartel-de-la-guardia-nacional-en-pitiquito\/#article\",\"isPartOf\":{\"@id\":\"https:\/\/www.sonoraenequipo.com.mx\/inauguran-presidente-lopez-obrador-y-gobernadora-pavlovich-cuartel-de-la-guardia-nacional-en-pitiquito\/\"},\"author\":{\"name\":\"enequipo\",\"@id\":\"https:\/\/www.sonoraenequipo.com.mx\/#\/schema\/person\/50102df0fb23a8fa9e8effad8fa81386\"},\"headline\":\"Inauguran Presidente L\u00f3pez Obrador y Gobernadora Pavlovich cuartel de la Guardia Nacional en Pitiquito\",\"datePublished\":\"2021-07-04T14:48:14+00:00\",\"dateModified\":\"2021-07-04T19:21:29+00:00\",\"mainEntityOfPage\":{\"@id\":\"https:\/\/www.sonoraenequipo.com.mx\/inauguran-presidente-lopez-obrador-y-gobernadora-pavlovich-cuartel-de-la-guardia-nacional-en-pitiquito\/\"},\"wordCount\":1007,\"commentCount\":0,\"publisher\":{\"@id\":\"https:\/\/www.sonoraenequipo.com.mx\/#organization\"},\"image\":{\"@id\":\"https:\/\/www.sonoraenequipo.com.mx\/inauguran-presidente-lopez-obrador-y-gobernadora-pavlovich-cuartel-de-la-guardia-nacional-en-pitiquito\/#primaryimage\"},\"thumbnailUrl\":\"https:\/\/www.sonoraenequipo.com.mx\/storage\/2021\/07\/gira-por-xonora-lopez-obrador-durazo_opt.jpg\",\"articleSection\":[\"Rep\u00fablica\"],\"inLanguage\":\"es\",\"potentialAction\":[{\"@type\":\"CommentAction\",\"name\":\"Comment\",\"target\":[\"https:\/\/www.sonoraenequipo.com.mx\/inauguran-presidente-lopez-obrador-y-gobernadora-pavlovich-cuartel-de-la-guardia-nacional-en-pitiquito\/#respond\"]}]},{\"@type\":\"WebPage\",\"@id\":\"https:\/\/www.sonoraenequipo.com.mx\/inauguran-presidente-lopez-obrador-y-gobernadora-pavlovich-cuartel-de-la-guardia-nacional-en-pitiquito\/\",\"url\":\"https:\/\/www.sonoraenequipo.com.mx\/inauguran-presidente-lopez-obrador-y-gobernadora-pavlovich-cuartel-de-la-guardia-nacional-en-pitiquito\/\",\"name\":\"Sonora en Equipo. Inauguran Presidente L\u00f3pez Obrador y Gobernadora Pavlovich cuartel de la Guardia Nacional en Pitiquito Rep\u00fablica\",\"isPartOf\":{\"@id\":\"https:\/\/www.sonoraenequipo.com.mx\/#website\"},\"primaryImageOfPage\":{\"@id\":\"https:\/\/www.sonoraenequipo.com.mx\/inauguran-presidente-lopez-obrador-y-gobernadora-pavlovich-cuartel-de-la-guardia-nacional-en-pitiquito\/#primaryimage\"},\"image\":{\"@id\":\"https:\/\/www.sonoraenequipo.com.mx\/inauguran-presidente-lopez-obrador-y-gobernadora-pavlovich-cuartel-de-la-guardia-nacional-en-pitiquito\/#primaryimage\"},\"thumbnailUrl\":\"https:\/\/www.sonoraenequipo.com.mx\/storage\/2021\/07\/gira-por-xonora-lopez-obrador-durazo_opt.jpg\",\"datePublished\":\"2021-07-04T14:48:14+00:00\",\"dateModified\":\"2021-07-04T19:21:29+00:00\",\"description\":\"PITIQUITO, SONORA. MX.\u2014 La Guardia Nacional es una instituci\u00f3n que a trav\u00e9s del trabajo de sus elementos da tranquilidad y estabilidad a las y los En Sonora en Equipo publicamos toda la informaci\u00f3n de Sonora, M\u00e9xico y el Mundo de manera oportuna y busca que la libertad de expresi\u00f3n sea real. Visita nuestro medio informativo publicado desde Hermosillo, Sonora. %\",\"breadcrumb\":{\"@id\":\"https:\/\/www.sonoraenequipo.com.mx\/inauguran-presidente-lopez-obrador-y-gobernadora-pavlovich-cuartel-de-la-guardia-nacional-en-pitiquito\/#breadcrumb\"},\"inLanguage\":\"es\",\"potentialAction\":[{\"@type\":\"ReadAction\",\"target\":[\"https:\/\/www.sonoraenequipo.com.mx\/inauguran-presidente-lopez-obrador-y-gobernadora-pavlovich-cuartel-de-la-guardia-nacional-en-pitiquito\/\"]}]},{\"@type\":\"ImageObject\",\"inLanguage\":\"es\",\"@id\":\"https:\/\/www.sonoraenequipo.com.mx\/inauguran-presidente-lopez-obrador-y-gobernadora-pavlovich-cuartel-de-la-guardia-nacional-en-pitiquito\/#primaryimage\",\"url\":\"https:\/\/www.sonoraenequipo.com.mx\/storage\/2021\/07\/gira-por-xonora-lopez-obrador-durazo_opt.jpg\",\"contentUrl\":\"https:\/\/www.sonoraenequipo.com.mx\/storage\/2021\/07\/gira-por-xonora-lopez-obrador-durazo_opt.jpg\",\"width\":700,\"height\":400},{\"@type\":\"BreadcrumbList\",\"@id\":\"https:\/\/www.sonoraenequipo.com.mx\/inauguran-presidente-lopez-obrador-y-gobernadora-pavlovich-cuartel-de-la-guardia-nacional-en-pitiquito\/#breadcrumb\",\"itemListElement\":[{\"@type\":\"ListItem\",\"position\":1,\"name\":\"Portada\",\"item\":\"https:\/\/www.sonoraenequipo.com.mx\/\"},{\"@type\":\"ListItem\",\"position\":2,\"name\":\"Inauguran Presidente L\u00f3pez Obrador y Gobernadora Pavlovich cuartel de la Guardia Nacional en Pitiquito\"}]},{\"@type\":\"WebSite\",\"@id\":\"https:\/\/www.sonoraenequipo.com.mx\/#website\",\"url\":\"https:\/\/www.sonoraenequipo.com.mx\/\",\"name\":\"Sonora en Equipo.\",\"description\":\"Diario en l\u00ednea con Noticias desde Hermosillo, Sonora\",\"publisher\":{\"@id\":\"https:\/\/www.sonoraenequipo.com.mx\/#organization\"},\"potentialAction\":[{\"@type\":\"SearchAction\",\"target\":{\"@type\":\"EntryPoint\",\"urlTemplate\":\"https:\/\/www.sonoraenequipo.com.mx\/?s={search_term_string}\"},\"query-input\":{\"@type\":\"PropertyValueSpecification\",\"valueRequired\":true,\"valueName\":\"search_term_string\"}}],\"inLanguage\":\"es\"},{\"@type\":\"Organization\",\"@id\":\"https:\/\/www.sonoraenequipo.com.mx\/#organization\",\"name\":\"Sonoraenequipo.com.mx\",\"url\":\"https:\/\/www.sonoraenequipo.com.mx\/\",\"logo\":{\"@type\":\"ImageObject\",\"inLanguage\":\"es\",\"@id\":\"https:\/\/www.sonoraenequipo.com.mx\/#\/schema\/logo\/image\/\",\"url\":\"https:\/\/www.sonoraenequipo.com.mx\/storage\/2019\/01\/sonoraenequipo_opt.png\",\"contentUrl\":\"https:\/\/www.sonoraenequipo.com.mx\/storage\/2019\/01\/sonoraenequipo_opt.png\",\"width\":375,\"height\":125,\"caption\":\"Sonoraenequipo.com.mx\"},\"image\":{\"@id\":\"https:\/\/www.sonoraenequipo.com.mx\/#\/schema\/logo\/image\/\"},\"sameAs\":[\"https:\/\/www.facebook.com\/SonoraEE\/\",\"https:\/\/x.com\/sonoraenequipo\",\"https:\/\/www.youtube.com\/channel\/UC338nW-lPEYmJQs4ZABQ1SQ\"]},{\"@type\":\"Person\",\"@id\":\"https:\/\/www.sonoraenequipo.com.mx\/#\/schema\/person\/50102df0fb23a8fa9e8effad8fa81386\",\"name\":\"enequipo\",\"image\":{\"@type\":\"ImageObject\",\"inLanguage\":\"es\",\"@id\":\"https:\/\/www.sonoraenequipo.com.mx\/#\/schema\/person\/image\/\",\"url\":\"https:\/\/secure.gravatar.com\/avatar\/049821681b589dabc0bc20695993ccebb09f5b5d4d790cd9251b97faac7c652b?s=96&d=blank&r=g\",\"contentUrl\":\"https:\/\/secure.gravatar.com\/avatar\/049821681b589dabc0bc20695993ccebb09f5b5d4d790cd9251b97faac7c652b?s=96&d=blank&r=g\",\"caption\":\"enequipo\"},\"sameAs\":[\"https:\/\/www.facebook.com\/SonoraEE\"]}]}<\/script>\n ","yoast_head_json":{"title":"Sonora en Equipo. Inauguran Presidente L\u00f3pez Obrador y Gobernadora Pavlovich cuartel de la Guardia Nacional en Pitiquito Rep\u00fablica","description":"PITIQUITO, SONORA. MX.\u2014 La Guardia Nacional es una instituci\u00f3n que a trav\u00e9s del trabajo de sus elementos da tranquilidad y estabilidad a las y los En Sonora en Equipo publicamos toda la informaci\u00f3n de Sonora, M\u00e9xico y el Mundo de manera oportuna y busca que la libertad de expresi\u00f3n sea real. Visita nuestro medio informativo publicado desde Hermosillo, Sonora. %","robots":{"index":"index","follow":"follow","max-snippet":"max-snippet:-1","max-image-preview":"max-image-preview:large","max-video-preview":"max-video-preview:-1"},"canonical":"https:\/\/www.sonoraenequipo.com.mx\/inauguran-presidente-lopez-obrador-y-gobernadora-pavlovich-cuartel-de-la-guardia-nacional-en-pitiquito\/","og_locale":"es_ES","og_type":"article","og_title":"Sonora en Equipo. Inauguran Presidente L\u00f3pez Obrador y Gobernadora Pavlovich cuartel de la Guardia Nacional en Pitiquito Rep\u00fablica","og_description":"PITIQUITO, SONORA. MX.\u2014 La Guardia Nacional es una instituci\u00f3n que a trav\u00e9s del trabajo de sus elementos da tranquilidad y estabilidad a las y los En Sonora en Equipo publicamos toda la informaci\u00f3n de Sonora, M\u00e9xico y el Mundo de manera oportuna y busca que la libertad de expresi\u00f3n sea real. Visita nuestro medio informativo publicado desde Hermosillo, Sonora. %","og_url":"https:\/\/www.sonoraenequipo.com.mx\/inauguran-presidente-lopez-obrador-y-gobernadora-pavlovich-cuartel-de-la-guardia-nacional-en-pitiquito\/","og_site_name":"Sonora en Equipo.","article_publisher":"https:\/\/www.facebook.com\/SonoraEE\/","article_author":"https:\/\/www.facebook.com\/SonoraEE","article_published_time":"2021-07-04T14:48:14+00:00","article_modified_time":"2021-07-04T19:21:29+00:00","og_image":[{"width":700,"height":400,"url":"https:\/\/www.sonoraenequipo.com.mx\/storage\/2021\/07\/gira-por-xonora-lopez-obrador-durazo_opt.jpg","type":"image\/jpeg"}],"author":"enequipo","twitter_card":"summary_large_image","twitter_creator":"@sonoraenequipo","twitter_site":"@sonoraenequipo","twitter_misc":{"Escrito por":"enequipo","Tiempo de lectura":"4 minutos"},"schema":{"@context":"https:\/\/schema.org","@graph":[{"@type":"Article","@id":"https:\/\/www.sonoraenequipo.com.mx\/inauguran-presidente-lopez-obrador-y-gobernadora-pavlovich-cuartel-de-la-guardia-nacional-en-pitiquito\/#article","isPartOf":{"@id":"https:\/\/www.sonoraenequipo.com.mx\/inauguran-presidente-lopez-obrador-y-gobernadora-pavlovich-cuartel-de-la-guardia-nacional-en-pitiquito\/"},"author":{"name":"enequipo","@id":"https:\/\/www.sonoraenequipo.com.mx\/#\/schema\/person\/50102df0fb23a8fa9e8effad8fa81386"},"headline":"Inauguran Presidente L\u00f3pez Obrador y Gobernadora Pavlovich cuartel de la Guardia Nacional en Pitiquito","datePublished":"2021-07-04T14:48:14+00:00","dateModified":"2021-07-04T19:21:29+00:00","mainEntityOfPage":{"@id":"https:\/\/www.sonoraenequipo.com.mx\/inauguran-presidente-lopez-obrador-y-gobernadora-pavlovich-cuartel-de-la-guardia-nacional-en-pitiquito\/"},"wordCount":1007,"commentCount":0,"publisher":{"@id":"https:\/\/www.sonoraenequipo.com.mx\/#organization"},"image":{"@id":"https:\/\/www.sonoraenequipo.com.mx\/inauguran-presidente-lopez-obrador-y-gobernadora-pavlovich-cuartel-de-la-guardia-nacional-en-pitiquito\/#primaryimage"},"thumbnailUrl":"https:\/\/www.sonoraenequipo.com.mx\/storage\/2021\/07\/gira-por-xonora-lopez-obrador-durazo_opt.jpg","articleSection":["Rep\u00fablica"],"inLanguage":"es","potentialAction":[{"@type":"CommentAction","name":"Comment","target":["https:\/\/www.sonoraenequipo.com.mx\/inauguran-presidente-lopez-obrador-y-gobernadora-pavlovich-cuartel-de-la-guardia-nacional-en-pitiquito\/#respond"]}]},{"@type":"WebPage","@id":"https:\/\/www.sonoraenequipo.com.mx\/inauguran-presidente-lopez-obrador-y-gobernadora-pavlovich-cuartel-de-la-guardia-nacional-en-pitiquito\/","url":"https:\/\/www.sonoraenequipo.com.mx\/inauguran-presidente-lopez-obrador-y-gobernadora-pavlovich-cuartel-de-la-guardia-nacional-en-pitiquito\/","name":"Sonora en Equipo. Inauguran Presidente L\u00f3pez Obrador y Gobernadora Pavlovich cuartel de la Guardia Nacional en Pitiquito Rep\u00fablica","isPartOf":{"@id":"https:\/\/www.sonoraenequipo.com.mx\/#website"},"primaryImageOfPage":{"@id":"https:\/\/www.sonoraenequipo.com.mx\/inauguran-presidente-lopez-obrador-y-gobernadora-pavlovich-cuartel-de-la-guardia-nacional-en-pitiquito\/#primaryimage"},"image":{"@id":"https:\/\/www.sonoraenequipo.com.mx\/inauguran-presidente-lopez-obrador-y-gobernadora-pavlovich-cuartel-de-la-guardia-nacional-en-pitiquito\/#primaryimage"},"thumbnailUrl":"https:\/\/www.sonoraenequipo.com.mx\/storage\/2021\/07\/gira-por-xonora-lopez-obrador-durazo_opt.jpg","datePublished":"2021-07-04T14:48:14+00:00","dateModified":"2021-07-04T19:21:29+00:00","description":"PITIQUITO, SONORA. MX.\u2014 La Guardia Nacional es una instituci\u00f3n que a trav\u00e9s del trabajo de sus elementos da tranquilidad y estabilidad a las y los En Sonora en Equipo publicamos toda la informaci\u00f3n de Sonora, M\u00e9xico y el Mundo de manera oportuna y busca que la libertad de expresi\u00f3n sea real. Visita nuestro medio informativo publicado desde Hermosillo, Sonora. %","breadcrumb":{"@id":"https:\/\/www.sonoraenequipo.com.mx\/inauguran-presidente-lopez-obrador-y-gobernadora-pavlovich-cuartel-de-la-guardia-nacional-en-pitiquito\/#breadcrumb"},"inLanguage":"es","potentialAction":[{"@type":"ReadAction","target":["https:\/\/www.sonoraenequipo.com.mx\/inauguran-presidente-lopez-obrador-y-gobernadora-pavlovich-cuartel-de-la-guardia-nacional-en-pitiquito\/"]}]},{"@type":"ImageObject","inLanguage":"es","@id":"https:\/\/www.sonoraenequipo.com.mx\/inauguran-presidente-lopez-obrador-y-gobernadora-pavlovich-cuartel-de-la-guardia-nacional-en-pitiquito\/#primaryimage","url":"https:\/\/www.sonoraenequipo.com.mx\/storage\/2021\/07\/gira-por-xonora-lopez-obrador-durazo_opt.jpg","contentUrl":"https:\/\/www.sonoraenequipo.com.mx\/storage\/2021\/07\/gira-por-xonora-lopez-obrador-durazo_opt.jpg","width":700,"height":400},{"@type":"BreadcrumbList","@id":"https:\/\/www.sonoraenequipo.com.mx\/inauguran-presidente-lopez-obrador-y-gobernadora-pavlovich-cuartel-de-la-guardia-nacional-en-pitiquito\/#breadcrumb","itemListElement":[{"@type":"ListItem","position":1,"name":"Portada","item":"https:\/\/www.sonoraenequipo.com.mx\/"},{"@type":"ListItem","position":2,"name":"Inauguran Presidente L\u00f3pez Obrador y Gobernadora Pavlovich cuartel de la Guardia Nacional en Pitiquito"}]},{"@type":"WebSite","@id":"https:\/\/www.sonoraenequipo.com.mx\/#website","url":"https:\/\/www.sonoraenequipo.com.mx\/","name":"Sonora en Equipo.","description":"Diario en l\u00ednea con Noticias desde Hermosillo, Sonora","publisher":{"@id":"https:\/\/www.sonoraenequipo.com.mx\/#organization"},"potentialAction":[{"@type":"SearchAction","target":{"@type":"EntryPoint","urlTemplate":"https:\/\/www.sonoraenequipo.com.mx\/?s={search_term_string}"},"query-input":{"@type":"PropertyValueSpecification","valueRequired":true,"valueName":"search_term_string"}}],"inLanguage":"es"},{"@type":"Organization","@id":"https:\/\/www.sonoraenequipo.com.mx\/#organization","name":"Sonoraenequipo.com.mx","url":"https:\/\/www.sonoraenequipo.com.mx\/","logo":{"@type":"ImageObject","inLanguage":"es","@id":"https:\/\/www.sonoraenequipo.com.mx\/#\/schema\/logo\/image\/","url":"https:\/\/www.sonoraenequipo.com.mx\/storage\/2019\/01\/sonoraenequipo_opt.png","contentUrl":"https:\/\/www.sonoraenequipo.com.mx\/storage\/2019\/01\/sonoraenequipo_opt.png","width":375,"height":125,"caption":"Sonoraenequipo.com.mx"},"image":{"@id":"https:\/\/www.sonoraenequipo.com.mx\/#\/schema\/logo\/image\/"},"sameAs":["https:\/\/www.facebook.com\/SonoraEE\/","https:\/\/x.com\/sonoraenequipo","https:\/\/www.youtube.com\/channel\/UC338nW-lPEYmJQs4ZABQ1SQ"]},{"@type":"Person","@id":"https:\/\/www.sonoraenequipo.com.mx\/#\/schema\/person\/50102df0fb23a8fa9e8effad8fa81386","name":"enequipo","image":{"@type":"ImageObject","inLanguage":"es","@id":"https:\/\/www.sonoraenequipo.com.mx\/#\/schema\/person\/image\/","url":"https:\/\/secure.gravatar.com\/avatar\/049821681b589dabc0bc20695993ccebb09f5b5d4d790cd9251b97faac7c652b?s=96&d=blank&r=g","contentUrl":"https:\/\/secure.gravatar.com\/avatar\/049821681b589dabc0bc20695993ccebb09f5b5d4d790cd9251b97faac7c652b?s=96&d=blank&r=g","caption":"enequipo"},"sameAs":["https:\/\/www.facebook.com\/SonoraEE"]}]}},"jetpack_featured_media_url":"https:\/\/www.sonoraenequipo.com.mx\/storage\/2021\/07\/gira-por-xonora-lopez-obrador-durazo_opt.jpg","_links":{"self":[{"href":"https:\/\/www.sonoraenequipo.com.mx\/api\/wp\/v2\/posts\/117746","targetHints":{"allow":["GET"]}}],"collection":[{"href":"https:\/\/www.sonoraenequipo.com.mx\/api\/wp\/v2\/posts"}],"about":[{"href":"https:\/\/www.sonoraenequipo.com.mx\/api\/wp\/v2\/types\/post"}],"author":[{"embeddable":true,"href":"https:\/\/www.sonoraenequipo.com.mx\/api\/wp\/v2\/users\/1"}],"replies":[{"embeddable":true,"href":"https:\/\/www.sonoraenequipo.com.mx\/api\/wp\/v2\/comments?post=117746"}],"version-history":[{"count":1,"href":"https:\/\/www.sonoraenequipo.com.mx\/api\/wp\/v2\/posts\/117746\/revisions"}],"predecessor-version":[{"id":117748,"href":"https:\/\/www.sonoraenequipo.com.mx\/api\/wp\/v2\/posts\/117746\/revisions\/117748"}],"wp:featuredmedia":[{"embeddable":true,"href":"https:\/\/www.sonoraenequipo.com.mx\/api\/wp\/v2\/media\/117747"}],"wp:attachment":[{"href":"https:\/\/www.sonoraenequipo.com.mx\/api\/wp\/v2\/media?parent=117746"}],"wp:term":[{"taxonomy":"category","embeddable":true,"href":"https:\/\/www.sonoraenequipo.com.mx\/api\/wp\/v2\/categories?post=117746"},{"taxonomy":"post_tag","embeddable":true,"href":"https:\/\/www.sonoraenequipo.com.mx\/api\/wp\/v2\/tags?post=117746"}],"curies":[{"name":"wp","href":"https:\/\/api.w.org\/{rel}","templated":true}]}}