{"id":117749,"date":"2021-07-04T09:05:06","date_gmt":"2021-07-04T16:05:06","guid":{"rendered":"https:\/\/www.sonoraenequipo.com.mx\/?p=117749"},"modified":"2021-07-04T16:01:23","modified_gmt":"2021-07-04T23:01:23","slug":"continua-alfonso-durazo-en-la-gira-de-amlo-por-sonora","status":"publish","type":"post","link":"https:\/\/www.sonoraenequipo.com.mx\/continua-alfonso-durazo-en-la-gira-de-amlo-por-sonora\/","title":{"rendered":"Alfonso Durazo estuvo en la gira de AMLO por Sonora."},"content":{"rendered":"<p>HERMOSILLO, SONORA.MX. \u2014 El gobernador electo de Sonora, Alfonso Durazo Monta\u00f1o, continu\u00f3 acompa\u00f1ando este s\u00e1bado al presidente de la Rep\u00fablica, Andr\u00e9s Manuel L\u00f3pez Obrador, en su gira de trabajo por el norte de la geograf\u00eda sonorense.<\/p>\n<p>&nbsp;<\/p>\n<p> <\/p>\n<p>&nbsp;<\/p>\n<p>En Puerto Pe\u00f1asco, el presidente confirm\u00f3 la informaci\u00f3n dada a conocer por Durazo el pasado 25 de junio, de que el programa de la SEP, <em>\u00abLa escuela es nuestra\u00bb<\/em>, que entrega recursos presupuestales directamente a las madres y padres de familia, llegar\u00e1 a la totalidad de las m\u00e1s de tres mil 800 escuelas de nuestra entidad.<\/p>\n<p>&nbsp;<\/p>\n<p>En Pitiquito, presenci\u00f3 la inauguraci\u00f3n del cuartel de la Guardia Nacional, con el que suman seis instalaciones concluidas en Hermosillo, Nogales, Cajeme, Bavispe y Moctezuma; y dos m\u00e1s que est\u00e1n en construcci\u00f3n en Guaymas y Navojoa.<\/p>\n<p>&nbsp;<\/p>\n<p>Finalmente, en Nogales, Durazo Monta\u00f1o atestigu\u00f3 las acciones del Programa de Mejoramiento Urbano de la Sedatu, en las que se han invertido m\u00e1s de 400 millones de pesos en siete intervenciones urbanas para beneficio de las y los nogalenses.<\/p>\n<p>&nbsp;<\/p>\n<p>El pr\u00f3ximo mandatario estatal estuvo acompa\u00f1ado por la gobernadora Claudia Pavlovich Arellano; integrantes del Gabinete de Seguridad federal; los alcaldes de Puerto Pe\u00f1asco, Pitiquito y Nogales, Ernesto Munro, Gumercindo Ruiz y Jes\u00fas Pujol, respectivamente; y diversos funcionarios federales.<\/p>\n<p>&nbsp;<\/p>\n<p>Este domingo concluye la gira del presidente L\u00f3pez Obrador en el mineral del cobre con la presentaci\u00f3n del Plan Integral de Atenci\u00f3n a Cananea.<\/p>\n<p>&nbsp;<\/p>\n<p>(Publicada el 04\/07\/2021)<\/p>\n","protected":false},"excerpt":{"rendered":"<p>HERMOSILLO, SONORA.MX. \u2014 El gobernador electo de Sonora, Alfonso Durazo Monta\u00f1o, continu\u00f3 acompa\u00f1ando este s\u00e1bado&#8230;<\/p>\n","protected":false},"author":1,"featured_media":117734,"comment_status":"open","ping_status":"open","sticky":false,"template":"","format":"standard","meta":{"_monsterinsights_skip_tracking":false,"_monsterinsights_sitenote_active":false,"_monsterinsights_sitenote_note":"","_monsterinsights_sitenote_category":0,"footnotes":""},"categories":[22],"tags":[],"class_list":["post"],"yoast_head":" \n<title>Sonora en Equipo. Alfonso Durazo estuvo en la gira de AMLO por Sonora. Sonora<\/title>\n<meta name=\"description\" content=\"HERMOSILLO, SONORA.MX. \u2014 El gobernador electo de Sonora, Alfonso Durazo Monta\u00f1o, continu\u00f3 acompa\u00f1ando este s\u00e1bado al presidente de la Rep\u00fablica, Andr\u00e9s En Sonora en Equipo publicamos toda la informaci\u00f3n de Sonora, M\u00e9xico y el Mundo de manera oportuna y busca que la libertad de expresi\u00f3n sea real. Visita nuestro medio informativo publicado desde Hermosillo, Sonora. %\" \/>\n<meta name=\"robots\" content=\"index, follow, max-snippet:-1, max-image-preview:large, max-video-preview:-1\" \/>\n<link rel=\"canonical\" href=\"https:\/\/www.sonoraenequipo.com.mx\/continua-alfonso-durazo-en-la-gira-de-amlo-por-sonora\/\" \/>\n<meta property=\"og:locale\" content=\"es_ES\" \/>\n<meta property=\"og:type\" content=\"article\" \/>\n<meta property=\"og:title\" content=\"Sonora en Equipo. Alfonso Durazo estuvo en la gira de AMLO por Sonora. Sonora\" \/>\n<meta property=\"og:description\" content=\"HERMOSILLO, SONORA.MX. \u2014 El gobernador electo de Sonora, Alfonso Durazo Monta\u00f1o, continu\u00f3 acompa\u00f1ando este s\u00e1bado al presidente de la Rep\u00fablica, Andr\u00e9s En Sonora en Equipo publicamos toda la informaci\u00f3n de Sonora, M\u00e9xico y el Mundo de manera oportuna y busca que la libertad de expresi\u00f3n sea real. Visita nuestro medio informativo publicado desde Hermosillo, Sonora. %\" \/>\n<meta property=\"og:url\" content=\"https:\/\/www.sonoraenequipo.com.mx\/continua-alfonso-durazo-en-la-gira-de-amlo-por-sonora\/\" \/>\n<meta property=\"og:site_name\" content=\"Sonora en Equipo.\" \/>\n<meta property=\"article:publisher\" content=\"https:\/\/www.facebook.com\/SonoraEE\/\" \/>\n<meta property=\"article:author\" content=\"https:\/\/www.facebook.com\/SonoraEE\" \/>\n<meta property=\"article:published_time\" content=\"2021-07-04T16:05:06+00:00\" \/>\n<meta property=\"article:modified_time\" content=\"2021-07-04T23:01:23+00:00\" \/>\n<meta property=\"og:image\" content=\"https:\/\/www.sonoraenequipo.com.mx\/storage\/2021\/07\/Durazo-y-Amlo_opt.jpg\" \/>\n\t<meta property=\"og:image:width\" content=\"700\" \/>\n\t<meta property=\"og:image:height\" content=\"400\" \/>\n\t<meta property=\"og:image:type\" content=\"image\/jpeg\" \/>\n<meta name=\"author\" content=\"enequipo\" \/>\n<meta name=\"twitter:card\" content=\"summary_large_image\" \/>\n<meta name=\"twitter:creator\" content=\"@sonoraenequipo\" \/>\n<meta name=\"twitter:site\" content=\"@sonoraenequipo\" \/>\n<meta name=\"twitter:label1\" content=\"Escrito por\" \/>\n\t<meta name=\"twitter:data1\" content=\"enequipo\" \/>\n\t<meta name=\"twitter:label2\" content=\"Tiempo de lectura\" \/>\n\t<meta name=\"twitter:data2\" content=\"2 minutos\" \/>\n<script type=\"application\/ld+json\" class=\"yoast-schema-graph\">{\"@context\":\"https:\/\/schema.org\",\"@graph\":[{\"@type\":\"Article\",\"@id\":\"https:\/\/www.sonoraenequipo.com.mx\/continua-alfonso-durazo-en-la-gira-de-amlo-por-sonora\/#article\",\"isPartOf\":{\"@id\":\"https:\/\/www.sonoraenequipo.com.mx\/continua-alfonso-durazo-en-la-gira-de-amlo-por-sonora\/\"},\"author\":{\"name\":\"enequipo\",\"@id\":\"https:\/\/www.sonoraenequipo.com.mx\/#\/schema\/person\/50102df0fb23a8fa9e8effad8fa81386\"},\"headline\":\"Alfonso Durazo estuvo en la gira de AMLO por Sonora.\",\"datePublished\":\"2021-07-04T16:05:06+00:00\",\"dateModified\":\"2021-07-04T23:01:23+00:00\",\"mainEntityOfPage\":{\"@id\":\"https:\/\/www.sonoraenequipo.com.mx\/continua-alfonso-durazo-en-la-gira-de-amlo-por-sonora\/\"},\"wordCount\":268,\"commentCount\":0,\"publisher\":{\"@id\":\"https:\/\/www.sonoraenequipo.com.mx\/#organization\"},\"image\":{\"@id\":\"https:\/\/www.sonoraenequipo.com.mx\/continua-alfonso-durazo-en-la-gira-de-amlo-por-sonora\/#primaryimage\"},\"thumbnailUrl\":\"https:\/\/www.sonoraenequipo.com.mx\/storage\/2021\/07\/Durazo-y-Amlo_opt.jpg\",\"articleSection\":[\"Sonora\"],\"inLanguage\":\"es\",\"potentialAction\":[{\"@type\":\"CommentAction\",\"name\":\"Comment\",\"target\":[\"https:\/\/www.sonoraenequipo.com.mx\/continua-alfonso-durazo-en-la-gira-de-amlo-por-sonora\/#respond\"]}]},{\"@type\":\"WebPage\",\"@id\":\"https:\/\/www.sonoraenequipo.com.mx\/continua-alfonso-durazo-en-la-gira-de-amlo-por-sonora\/\",\"url\":\"https:\/\/www.sonoraenequipo.com.mx\/continua-alfonso-durazo-en-la-gira-de-amlo-por-sonora\/\",\"name\":\"Sonora en Equipo. Alfonso Durazo estuvo en la gira de AMLO por Sonora. Sonora\",\"isPartOf\":{\"@id\":\"https:\/\/www.sonoraenequipo.com.mx\/#website\"},\"primaryImageOfPage\":{\"@id\":\"https:\/\/www.sonoraenequipo.com.mx\/continua-alfonso-durazo-en-la-gira-de-amlo-por-sonora\/#primaryimage\"},\"image\":{\"@id\":\"https:\/\/www.sonoraenequipo.com.mx\/continua-alfonso-durazo-en-la-gira-de-amlo-por-sonora\/#primaryimage\"},\"thumbnailUrl\":\"https:\/\/www.sonoraenequipo.com.mx\/storage\/2021\/07\/Durazo-y-Amlo_opt.jpg\",\"datePublished\":\"2021-07-04T16:05:06+00:00\",\"dateModified\":\"2021-07-04T23:01:23+00:00\",\"description\":\"HERMOSILLO, SONORA.MX. \u2014 El gobernador electo de Sonora, Alfonso Durazo Monta\u00f1o, continu\u00f3 acompa\u00f1ando este s\u00e1bado al presidente de la Rep\u00fablica, Andr\u00e9s En Sonora en Equipo publicamos toda la informaci\u00f3n de Sonora, M\u00e9xico y el Mundo de manera oportuna y busca que la libertad de expresi\u00f3n sea real. Visita nuestro medio informativo publicado desde Hermosillo, Sonora. %\",\"breadcrumb\":{\"@id\":\"https:\/\/www.sonoraenequipo.com.mx\/continua-alfonso-durazo-en-la-gira-de-amlo-por-sonora\/#breadcrumb\"},\"inLanguage\":\"es\",\"potentialAction\":[{\"@type\":\"ReadAction\",\"target\":[\"https:\/\/www.sonoraenequipo.com.mx\/continua-alfonso-durazo-en-la-gira-de-amlo-por-sonora\/\"]}]},{\"@type\":\"ImageObject\",\"inLanguage\":\"es\",\"@id\":\"https:\/\/www.sonoraenequipo.com.mx\/continua-alfonso-durazo-en-la-gira-de-amlo-por-sonora\/#primaryimage\",\"url\":\"https:\/\/www.sonoraenequipo.com.mx\/storage\/2021\/07\/Durazo-y-Amlo_opt.jpg\",\"contentUrl\":\"https:\/\/www.sonoraenequipo.com.mx\/storage\/2021\/07\/Durazo-y-Amlo_opt.jpg\",\"width\":700,\"height\":400},{\"@type\":\"BreadcrumbList\",\"@id\":\"https:\/\/www.sonoraenequipo.com.mx\/continua-alfonso-durazo-en-la-gira-de-amlo-por-sonora\/#breadcrumb\",\"itemListElement\":[{\"@type\":\"ListItem\",\"position\":1,\"name\":\"Portada\",\"item\":\"https:\/\/www.sonoraenequipo.com.mx\/\"},{\"@type\":\"ListItem\",\"position\":2,\"name\":\"Alfonso Durazo estuvo en la gira de AMLO por Sonora.\"}]},{\"@type\":\"WebSite\",\"@id\":\"https:\/\/www.sonoraenequipo.com.mx\/#website\",\"url\":\"https:\/\/www.sonoraenequipo.com.mx\/\",\"name\":\"Sonora en Equipo.\",\"description\":\"Diario en l\u00ednea con Noticias desde Hermosillo, Sonora\",\"publisher\":{\"@id\":\"https:\/\/www.sonoraenequipo.com.mx\/#organization\"},\"potentialAction\":[{\"@type\":\"SearchAction\",\"target\":{\"@type\":\"EntryPoint\",\"urlTemplate\":\"https:\/\/www.sonoraenequipo.com.mx\/?s={search_term_string}\"},\"query-input\":{\"@type\":\"PropertyValueSpecification\",\"valueRequired\":true,\"valueName\":\"search_term_string\"}}],\"inLanguage\":\"es\"},{\"@type\":\"Organization\",\"@id\":\"https:\/\/www.sonoraenequipo.com.mx\/#organization\",\"name\":\"Sonoraenequipo.com.mx\",\"url\":\"https:\/\/www.sonoraenequipo.com.mx\/\",\"logo\":{\"@type\":\"ImageObject\",\"inLanguage\":\"es\",\"@id\":\"https:\/\/www.sonoraenequipo.com.mx\/#\/schema\/logo\/image\/\",\"url\":\"https:\/\/www.sonoraenequipo.com.mx\/storage\/2019\/01\/sonoraenequipo_opt.png\",\"contentUrl\":\"https:\/\/www.sonoraenequipo.com.mx\/storage\/2019\/01\/sonoraenequipo_opt.png\",\"width\":375,\"height\":125,\"caption\":\"Sonoraenequipo.com.mx\"},\"image\":{\"@id\":\"https:\/\/www.sonoraenequipo.com.mx\/#\/schema\/logo\/image\/\"},\"sameAs\":[\"https:\/\/www.facebook.com\/SonoraEE\/\",\"https:\/\/x.com\/sonoraenequipo\",\"https:\/\/www.youtube.com\/channel\/UC338nW-lPEYmJQs4ZABQ1SQ\"]},{\"@type\":\"Person\",\"@id\":\"https:\/\/www.sonoraenequipo.com.mx\/#\/schema\/person\/50102df0fb23a8fa9e8effad8fa81386\",\"name\":\"enequipo\",\"image\":{\"@type\":\"ImageObject\",\"inLanguage\":\"es\",\"@id\":\"https:\/\/www.sonoraenequipo.com.mx\/#\/schema\/person\/image\/\",\"url\":\"https:\/\/secure.gravatar.com\/avatar\/049821681b589dabc0bc20695993ccebb09f5b5d4d790cd9251b97faac7c652b?s=96&d=blank&r=g\",\"contentUrl\":\"https:\/\/secure.gravatar.com\/avatar\/049821681b589dabc0bc20695993ccebb09f5b5d4d790cd9251b97faac7c652b?s=96&d=blank&r=g\",\"caption\":\"enequipo\"},\"sameAs\":[\"https:\/\/www.facebook.com\/SonoraEE\"]}]}<\/script>\n ","yoast_head_json":{"title":"Sonora en Equipo. Alfonso Durazo estuvo en la gira de AMLO por Sonora. Sonora","description":"HERMOSILLO, SONORA.MX. \u2014 El gobernador electo de Sonora, Alfonso Durazo Monta\u00f1o, continu\u00f3 acompa\u00f1ando este s\u00e1bado al presidente de la Rep\u00fablica, Andr\u00e9s En Sonora en Equipo publicamos toda la informaci\u00f3n de Sonora, M\u00e9xico y el Mundo de manera oportuna y busca que la libertad de expresi\u00f3n sea real. Visita nuestro medio informativo publicado desde Hermosillo, Sonora. %","robots":{"index":"index","follow":"follow","max-snippet":"max-snippet:-1","max-image-preview":"max-image-preview:large","max-video-preview":"max-video-preview:-1"},"canonical":"https:\/\/www.sonoraenequipo.com.mx\/continua-alfonso-durazo-en-la-gira-de-amlo-por-sonora\/","og_locale":"es_ES","og_type":"article","og_title":"Sonora en Equipo. Alfonso Durazo estuvo en la gira de AMLO por Sonora. Sonora","og_description":"HERMOSILLO, SONORA.MX. \u2014 El gobernador electo de Sonora, Alfonso Durazo Monta\u00f1o, continu\u00f3 acompa\u00f1ando este s\u00e1bado al presidente de la Rep\u00fablica, Andr\u00e9s En Sonora en Equipo publicamos toda la informaci\u00f3n de Sonora, M\u00e9xico y el Mundo de manera oportuna y busca que la libertad de expresi\u00f3n sea real. Visita nuestro medio informativo publicado desde Hermosillo, Sonora. %","og_url":"https:\/\/www.sonoraenequipo.com.mx\/continua-alfonso-durazo-en-la-gira-de-amlo-por-sonora\/","og_site_name":"Sonora en Equipo.","article_publisher":"https:\/\/www.facebook.com\/SonoraEE\/","article_author":"https:\/\/www.facebook.com\/SonoraEE","article_published_time":"2021-07-04T16:05:06+00:00","article_modified_time":"2021-07-04T23:01:23+00:00","og_image":[{"width":700,"height":400,"url":"https:\/\/www.sonoraenequipo.com.mx\/storage\/2021\/07\/Durazo-y-Amlo_opt.jpg","type":"image\/jpeg"}],"author":"enequipo","twitter_card":"summary_large_image","twitter_creator":"@sonoraenequipo","twitter_site":"@sonoraenequipo","twitter_misc":{"Escrito por":"enequipo","Tiempo de lectura":"2 minutos"},"schema":{"@context":"https:\/\/schema.org","@graph":[{"@type":"Article","@id":"https:\/\/www.sonoraenequipo.com.mx\/continua-alfonso-durazo-en-la-gira-de-amlo-por-sonora\/#article","isPartOf":{"@id":"https:\/\/www.sonoraenequipo.com.mx\/continua-alfonso-durazo-en-la-gira-de-amlo-por-sonora\/"},"author":{"name":"enequipo","@id":"https:\/\/www.sonoraenequipo.com.mx\/#\/schema\/person\/50102df0fb23a8fa9e8effad8fa81386"},"headline":"Alfonso Durazo estuvo en la gira de AMLO por Sonora.","datePublished":"2021-07-04T16:05:06+00:00","dateModified":"2021-07-04T23:01:23+00:00","mainEntityOfPage":{"@id":"https:\/\/www.sonoraenequipo.com.mx\/continua-alfonso-durazo-en-la-gira-de-amlo-por-sonora\/"},"wordCount":268,"commentCount":0,"publisher":{"@id":"https:\/\/www.sonoraenequipo.com.mx\/#organization"},"image":{"@id":"https:\/\/www.sonoraenequipo.com.mx\/continua-alfonso-durazo-en-la-gira-de-amlo-por-sonora\/#primaryimage"},"thumbnailUrl":"https:\/\/www.sonoraenequipo.com.mx\/storage\/2021\/07\/Durazo-y-Amlo_opt.jpg","articleSection":["Sonora"],"inLanguage":"es","potentialAction":[{"@type":"CommentAction","name":"Comment","target":["https:\/\/www.sonoraenequipo.com.mx\/continua-alfonso-durazo-en-la-gira-de-amlo-por-sonora\/#respond"]}]},{"@type":"WebPage","@id":"https:\/\/www.sonoraenequipo.com.mx\/continua-alfonso-durazo-en-la-gira-de-amlo-por-sonora\/","url":"https:\/\/www.sonoraenequipo.com.mx\/continua-alfonso-durazo-en-la-gira-de-amlo-por-sonora\/","name":"Sonora en Equipo. Alfonso Durazo estuvo en la gira de AMLO por Sonora. Sonora","isPartOf":{"@id":"https:\/\/www.sonoraenequipo.com.mx\/#website"},"primaryImageOfPage":{"@id":"https:\/\/www.sonoraenequipo.com.mx\/continua-alfonso-durazo-en-la-gira-de-amlo-por-sonora\/#primaryimage"},"image":{"@id":"https:\/\/www.sonoraenequipo.com.mx\/continua-alfonso-durazo-en-la-gira-de-amlo-por-sonora\/#primaryimage"},"thumbnailUrl":"https:\/\/www.sonoraenequipo.com.mx\/storage\/2021\/07\/Durazo-y-Amlo_opt.jpg","datePublished":"2021-07-04T16:05:06+00:00","dateModified":"2021-07-04T23:01:23+00:00","description":"HERMOSILLO, SONORA.MX. \u2014 El gobernador electo de Sonora, Alfonso Durazo Monta\u00f1o, continu\u00f3 acompa\u00f1ando este s\u00e1bado al presidente de la Rep\u00fablica, Andr\u00e9s En Sonora en Equipo publicamos toda la informaci\u00f3n de Sonora, M\u00e9xico y el Mundo de manera oportuna y busca que la libertad de expresi\u00f3n sea real. Visita nuestro medio informativo publicado desde Hermosillo, Sonora. %","breadcrumb":{"@id":"https:\/\/www.sonoraenequipo.com.mx\/continua-alfonso-durazo-en-la-gira-de-amlo-por-sonora\/#breadcrumb"},"inLanguage":"es","potentialAction":[{"@type":"ReadAction","target":["https:\/\/www.sonoraenequipo.com.mx\/continua-alfonso-durazo-en-la-gira-de-amlo-por-sonora\/"]}]},{"@type":"ImageObject","inLanguage":"es","@id":"https:\/\/www.sonoraenequipo.com.mx\/continua-alfonso-durazo-en-la-gira-de-amlo-por-sonora\/#primaryimage","url":"https:\/\/www.sonoraenequipo.com.mx\/storage\/2021\/07\/Durazo-y-Amlo_opt.jpg","contentUrl":"https:\/\/www.sonoraenequipo.com.mx\/storage\/2021\/07\/Durazo-y-Amlo_opt.jpg","width":700,"height":400},{"@type":"BreadcrumbList","@id":"https:\/\/www.sonoraenequipo.com.mx\/continua-alfonso-durazo-en-la-gira-de-amlo-por-sonora\/#breadcrumb","itemListElement":[{"@type":"ListItem","position":1,"name":"Portada","item":"https:\/\/www.sonoraenequipo.com.mx\/"},{"@type":"ListItem","position":2,"name":"Alfonso Durazo estuvo en la gira de AMLO por Sonora."}]},{"@type":"WebSite","@id":"https:\/\/www.sonoraenequipo.com.mx\/#website","url":"https:\/\/www.sonoraenequipo.com.mx\/","name":"Sonora en Equipo.","description":"Diario en l\u00ednea con Noticias desde Hermosillo, Sonora","publisher":{"@id":"https:\/\/www.sonoraenequipo.com.mx\/#organization"},"potentialAction":[{"@type":"SearchAction","target":{"@type":"EntryPoint","urlTemplate":"https:\/\/www.sonoraenequipo.com.mx\/?s={search_term_string}"},"query-input":{"@type":"PropertyValueSpecification","valueRequired":true,"valueName":"search_term_string"}}],"inLanguage":"es"},{"@type":"Organization","@id":"https:\/\/www.sonoraenequipo.com.mx\/#organization","name":"Sonoraenequipo.com.mx","url":"https:\/\/www.sonoraenequipo.com.mx\/","logo":{"@type":"ImageObject","inLanguage":"es","@id":"https:\/\/www.sonoraenequipo.com.mx\/#\/schema\/logo\/image\/","url":"https:\/\/www.sonoraenequipo.com.mx\/storage\/2019\/01\/sonoraenequipo_opt.png","contentUrl":"https:\/\/www.sonoraenequipo.com.mx\/storage\/2019\/01\/sonoraenequipo_opt.png","width":375,"height":125,"caption":"Sonoraenequipo.com.mx"},"image":{"@id":"https:\/\/www.sonoraenequipo.com.mx\/#\/schema\/logo\/image\/"},"sameAs":["https:\/\/www.facebook.com\/SonoraEE\/","https:\/\/x.com\/sonoraenequipo","https:\/\/www.youtube.com\/channel\/UC338nW-lPEYmJQs4ZABQ1SQ"]},{"@type":"Person","@id":"https:\/\/www.sonoraenequipo.com.mx\/#\/schema\/person\/50102df0fb23a8fa9e8effad8fa81386","name":"enequipo","image":{"@type":"ImageObject","inLanguage":"es","@id":"https:\/\/www.sonoraenequipo.com.mx\/#\/schema\/person\/image\/","url":"https:\/\/secure.gravatar.com\/avatar\/049821681b589dabc0bc20695993ccebb09f5b5d4d790cd9251b97faac7c652b?s=96&d=blank&r=g","contentUrl":"https:\/\/secure.gravatar.com\/avatar\/049821681b589dabc0bc20695993ccebb09f5b5d4d790cd9251b97faac7c652b?s=96&d=blank&r=g","caption":"enequipo"},"sameAs":["https:\/\/www.facebook.com\/SonoraEE"]}]}},"jetpack_featured_media_url":"https:\/\/www.sonoraenequipo.com.mx\/storage\/2021\/07\/Durazo-y-Amlo_opt.jpg","_links":{"self":[{"href":"https:\/\/www.sonoraenequipo.com.mx\/api\/wp\/v2\/posts\/117749","targetHints":{"allow":["GET"]}}],"collection":[{"href":"https:\/\/www.sonoraenequipo.com.mx\/api\/wp\/v2\/posts"}],"about":[{"href":"https:\/\/www.sonoraenequipo.com.mx\/api\/wp\/v2\/types\/post"}],"author":[{"embeddable":true,"href":"https:\/\/www.sonoraenequipo.com.mx\/api\/wp\/v2\/users\/1"}],"replies":[{"embeddable":true,"href":"https:\/\/www.sonoraenequipo.com.mx\/api\/wp\/v2\/comments?post=117749"}],"version-history":[{"count":2,"href":"https:\/\/www.sonoraenequipo.com.mx\/api\/wp\/v2\/posts\/117749\/revisions"}],"predecessor-version":[{"id":117756,"href":"https:\/\/www.sonoraenequipo.com.mx\/api\/wp\/v2\/posts\/117749\/revisions\/117756"}],"wp:featuredmedia":[{"embeddable":true,"href":"https:\/\/www.sonoraenequipo.com.mx\/api\/wp\/v2\/media\/117734"}],"wp:attachment":[{"href":"https:\/\/www.sonoraenequipo.com.mx\/api\/wp\/v2\/media?parent=117749"}],"wp:term":[{"taxonomy":"category","embeddable":true,"href":"https:\/\/www.sonoraenequipo.com.mx\/api\/wp\/v2\/categories?post=117749"},{"taxonomy":"post_tag","embeddable":true,"href":"https:\/\/www.sonoraenequipo.com.mx\/api\/wp\/v2\/tags?post=117749"}],"curies":[{"name":"wp","href":"https:\/\/api.w.org\/{rel}","templated":true}]}}