{"id":117757,"date":"2021-07-04T16:50:47","date_gmt":"2021-07-04T23:50:47","guid":{"rendered":"https:\/\/www.sonoraenequipo.com.mx\/?p=117757"},"modified":"2021-07-04T16:50:47","modified_gmt":"2021-07-04T23:50:47","slug":"el-papa-es-operado-con-exito-de-un-problema-de-colon","status":"publish","type":"post","link":"https:\/\/www.sonoraenequipo.com.mx\/el-papa-es-operado-con-exito-de-un-problema-de-colon\/","title":{"rendered":"El papa, es operado con \u00e9xito de un problema de colon"},"content":{"rendered":"<p>ROMA, ITALIA. \u2014 El papa Francisco, de 84 a\u00f1os, ha sido operado hoy con \u00e9xito de un problema de colon en el hospital Policl\u00ednico Gemelli de Roma, donde fue ingresado esta misma tarde, inform\u00f3 el Vaticano.<\/p>\n<p>&nbsp;<\/p>\n<p> <\/p>\n<p>&nbsp;<\/p>\n<p>El Santo Padre ha reaccionado bien a la intervenci\u00f3n realizada bajo anestesia general\u00bb, asegur\u00f3 el portavoz vaticano, Matteo Bruni, en un comunicado divulgado por la Santa Sede.<\/p>\n<p>&nbsp;<\/p>\n<p>La intervenci\u00f3n, que hab\u00eda sido programada,<em> \u00abpara una estenosis diverticular del sigma\u00bb<\/em> fue realizada por el doctor Sergio Alfieri, sin que por el momento se hayan facilitado m\u00e1s detalles, como la duraci\u00f3n de la misma.<\/p>\n<p>&nbsp;<\/p>\n<p>Tampoco se ha informado del tiempo que el pont\u00edfice deber\u00e1 permanecer en observaci\u00f3n, aunque medios locales han cifrado en cinco los d\u00edas que deber\u00e1 estar hospitalizado seg\u00fan fuentes hospitalarias.<\/p>\n<p>&nbsp;<\/p>\n<p>En la escueta nota oficial, adem\u00e1s del doctor Alfieri, se mencionan los nombres de los otros ocho doctores presentes durante la operaci\u00f3n, incluido el m\u00e9dico personal del pont\u00edfice, Roberto Bernabei.<\/p>\n<p>Francisco fue llevado a la planta d\u00e9cima del Policl\u00ednico universitario, la misma \u00e1rea que en el pasado ya acogi\u00f3 al papa Juan Pablo II, a\u00f1adieron las fuentes. Foto: EFE Francisco fue llevado a la planta d\u00e9cima del Policl\u00ednico universitario, la misma \u00e1rea que en el pasado ya acogi\u00f3 al papa Juan Pablo II, a\u00f1adieron las fuentes.<\/p>\n<p>&nbsp;<\/p>\n<p>S\u00f3lo unas horas antes de la cirug\u00eda, la primera a la que se somete desde que fue elegido papa, Francisco presidi\u00f3 el rezo dominical del Angelus y anunci\u00f3 a los fieles reunidos en la plaza de San Pedro del Vaticano su pr\u00f3ximo viaje a Hungr\u00eda y Eslovaquia, del 12 al 15 de septiembre.<\/p>\n<p>&nbsp;<\/p>\n<p><em>\u00abEsta tarde Su Santidad el Papa Francisco ha ido al Policl\u00ednico A. Gemelli de Roma donde ser\u00e1 sometido a una cirug\u00eda programada para una estenosis diverticular s\u00edntomas del colon\u00bb,<\/em> hab\u00eda indicado Bruni, al anunciar por sorpresa la operaci\u00f3n poco despu\u00e9s de las 15.00 horas locales (13.00 GMT).<\/p>\n<p>&nbsp;<\/p>\n<p>Dos horas antes se hab\u00eda producido el ingreso del pont\u00edfice en el hospital, de forma totalmente an\u00f3nima y acompa\u00f1ado s\u00f3lo por un conductor y por uno de sus m\u00e1s estrechos colaboradores, por lo que su presencia pas\u00f3 inadvertida en el centro m\u00e9dico, seg\u00fan fuentes hospitalarias citadas por medios locales.<\/p>\n<p>&nbsp;<\/p>\n<p>Francisco fue llevado a la planta d\u00e9cima del Policl\u00ednico universitario, la misma \u00e1rea que en el pasado ya acogi\u00f3 al papa Juan Pablo II, a\u00f1adieron las fuentes.<\/p>\n<p>&nbsp;<\/p>\n<p>El presidente italiano, Sergio Mattarella, fue el primero en enviar un mensaje a Francisco con <em>\u00abel afectuoso pensamiento de todos los italianos (&#8230;) junto con los m\u00e1s cordiales deseos de buena recuperaci\u00f3n y a\u00fan mejor y pronta curaci\u00f3n\u00bb.<\/em><\/p>\n<p>&nbsp;<\/p>\n<p>El anuncio de la operaci\u00f3n caus\u00f3 sorpresa, ya que se desconoc\u00eda que Francisco tuviese que ser sometido a una operaci\u00f3n que se ha programado para los primeros d\u00edas de julio, el mes en el que pont\u00edfice reduce sus actos al m\u00e1ximo para descansar y solo mantiene su presencia en el rezo dominical del Angelus.<\/p>\n<p>&nbsp;<\/p>\n<p>Seg\u00fan expertos en el aparato digestivo, el objetivo de este tipo de cirug\u00eda es reducir los problemas causados por los diverticulos, que son peque\u00f1as hernias en la pared del colon con un amplio espectro de manifestaciones cl\u00ednicas incluyendo hemorragia, inflamaci\u00f3n (diverticulitis) o las complicaciones asociadas a la misma (obstrucci\u00f3n o perforaci\u00f3n).<\/p>\n<p>&nbsp;<\/p>\n<p>La enfermedad diverticular de colon es muy com\u00fan en la sociedad occidental y afecta casi a un 65% de la poblaci\u00f3n a los 85 a\u00f1os de edad, seg\u00fan las mismas fuentes.<\/p>\n<p>&nbsp;<\/p>\n<p>En los \u00faltimos tiempos, Francisco ha sufrido varios ataques de ci\u00e1tica que le han obligado a posponer algunos actos, pero se le desconocen otras enfermedades, salvo de las que \u00e9l mismo ha hablado en el pasado.<\/p>\n<p>&nbsp;<\/p>\n<p>En una entrevista con el periodista y m\u00e9dico argentino Nelson Castro en Roma, en 2017, el pont\u00edfice dio detalles de la operaci\u00f3n a la que fue sometido en 1957, cuando era un seminarista de 21 a\u00f1os, para extirparle el l\u00f3bulo superior del pulm\u00f3n derecho en el que le hab\u00edan detectado tres quistes, y de una posterior de ves\u00edcula, cuando ya era superior provincial de los jesuitas.<\/p>\n<p>&nbsp;<\/p>\n<p>Tambi\u00e9n refiri\u00f3 un problema card\u00edaco en 2004 y cont\u00f3 que siendo ya papa le diagnosticaron h\u00edgado graso, que super\u00f3 con una dieta especial que le hizo adem\u00e1s bajar de peso.<\/p>\n<p>&nbsp;<\/p>\n<p>Detall\u00f3 asimismo que tiene una estrechez en el espacio intervertebral entre la cuarta y la quinta v\u00e9rtebra lumbar, y entre \u00e9sta y el sacro, y que padece de pie plano, por lo que a veces se lo ve caminar<em> \u00abcomo una gallina clueca\u00bb.<\/em><\/p>\n<p>&nbsp;<\/p>\n<p>&nbsp;<\/p>\n<p>(Publicada el 04\/07\/2021)<\/p>\n","protected":false},"excerpt":{"rendered":"<p>ROMA, ITALIA. \u2014 El papa Francisco, de 84 a\u00f1os, ha sido operado hoy con \u00e9xito&#8230;<\/p>\n","protected":false},"author":1,"featured_media":117760,"comment_status":"open","ping_status":"open","sticky":false,"template":"","format":"standard","meta":{"_monsterinsights_skip_tracking":false,"_monsterinsights_sitenote_active":false,"_monsterinsights_sitenote_note":"","_monsterinsights_sitenote_category":0,"footnotes":""},"categories":[3],"tags":[],"class_list":["post"],"yoast_head":" \n<title>Sonora en Equipo. El papa, es operado con \u00e9xito de un problema de colon MUNDO<\/title>\n<meta name=\"description\" content=\"ROMA, ITALIA. \u2014 El papa Francisco, de 84 a\u00f1os, ha sido operado hoy con \u00e9xito de un problema de colon en el hospital Policl\u00ednico Gemelli de Roma, donde fue En Sonora en Equipo publicamos toda la informaci\u00f3n de Sonora, M\u00e9xico y el Mundo de manera oportuna y busca que la libertad de expresi\u00f3n sea real. Visita nuestro medio informativo publicado desde Hermosillo, Sonora. %\" \/>\n<meta name=\"robots\" content=\"index, follow, max-snippet:-1, max-image-preview:large, max-video-preview:-1\" \/>\n<link rel=\"canonical\" href=\"https:\/\/www.sonoraenequipo.com.mx\/el-papa-es-operado-con-exito-de-un-problema-de-colon\/\" \/>\n<meta property=\"og:locale\" content=\"es_ES\" \/>\n<meta property=\"og:type\" content=\"article\" \/>\n<meta property=\"og:title\" content=\"Sonora en Equipo. El papa, es operado con \u00e9xito de un problema de colon MUNDO\" \/>\n<meta property=\"og:description\" content=\"ROMA, ITALIA. \u2014 El papa Francisco, de 84 a\u00f1os, ha sido operado hoy con \u00e9xito de un problema de colon en el hospital Policl\u00ednico Gemelli de Roma, donde fue En Sonora en Equipo publicamos toda la informaci\u00f3n de Sonora, M\u00e9xico y el Mundo de manera oportuna y busca que la libertad de expresi\u00f3n sea real. Visita nuestro medio informativo publicado desde Hermosillo, Sonora. %\" \/>\n<meta property=\"og:url\" content=\"https:\/\/www.sonoraenequipo.com.mx\/el-papa-es-operado-con-exito-de-un-problema-de-colon\/\" \/>\n<meta property=\"og:site_name\" content=\"Sonora en Equipo.\" \/>\n<meta property=\"article:publisher\" content=\"https:\/\/www.facebook.com\/SonoraEE\/\" \/>\n<meta property=\"article:author\" content=\"https:\/\/www.facebook.com\/SonoraEE\" \/>\n<meta property=\"article:published_time\" content=\"2021-07-04T23:50:47+00:00\" \/>\n<meta property=\"og:image\" content=\"https:\/\/www.sonoraenequipo.com.mx\/storage\/2021\/07\/papa-francisco-operado_opt.jpg\" \/>\n\t<meta property=\"og:image:width\" content=\"700\" \/>\n\t<meta property=\"og:image:height\" content=\"400\" \/>\n\t<meta property=\"og:image:type\" content=\"image\/jpeg\" \/>\n<meta name=\"author\" content=\"enequipo\" \/>\n<meta name=\"twitter:card\" content=\"summary_large_image\" \/>\n<meta name=\"twitter:creator\" content=\"@sonoraenequipo\" \/>\n<meta name=\"twitter:site\" content=\"@sonoraenequipo\" \/>\n<meta name=\"twitter:label1\" content=\"Escrito por\" \/>\n\t<meta name=\"twitter:data1\" content=\"enequipo\" \/>\n\t<meta name=\"twitter:label2\" content=\"Tiempo de lectura\" \/>\n\t<meta name=\"twitter:data2\" content=\"4 minutos\" \/>\n<script type=\"application\/ld+json\" class=\"yoast-schema-graph\">{\"@context\":\"https:\/\/schema.org\",\"@graph\":[{\"@type\":\"Article\",\"@id\":\"https:\/\/www.sonoraenequipo.com.mx\/el-papa-es-operado-con-exito-de-un-problema-de-colon\/#article\",\"isPartOf\":{\"@id\":\"https:\/\/www.sonoraenequipo.com.mx\/el-papa-es-operado-con-exito-de-un-problema-de-colon\/\"},\"author\":{\"name\":\"enequipo\",\"@id\":\"https:\/\/www.sonoraenequipo.com.mx\/#\/schema\/person\/50102df0fb23a8fa9e8effad8fa81386\"},\"headline\":\"El papa, es operado con \u00e9xito de un problema de colon\",\"datePublished\":\"2021-07-04T23:50:47+00:00\",\"mainEntityOfPage\":{\"@id\":\"https:\/\/www.sonoraenequipo.com.mx\/el-papa-es-operado-con-exito-de-un-problema-de-colon\/\"},\"wordCount\":834,\"commentCount\":0,\"publisher\":{\"@id\":\"https:\/\/www.sonoraenequipo.com.mx\/#organization\"},\"image\":{\"@id\":\"https:\/\/www.sonoraenequipo.com.mx\/el-papa-es-operado-con-exito-de-un-problema-de-colon\/#primaryimage\"},\"thumbnailUrl\":\"https:\/\/www.sonoraenequipo.com.mx\/storage\/2021\/07\/papa-francisco-operado_opt.jpg\",\"articleSection\":[\"MUNDO\"],\"inLanguage\":\"es\",\"potentialAction\":[{\"@type\":\"CommentAction\",\"name\":\"Comment\",\"target\":[\"https:\/\/www.sonoraenequipo.com.mx\/el-papa-es-operado-con-exito-de-un-problema-de-colon\/#respond\"]}]},{\"@type\":\"WebPage\",\"@id\":\"https:\/\/www.sonoraenequipo.com.mx\/el-papa-es-operado-con-exito-de-un-problema-de-colon\/\",\"url\":\"https:\/\/www.sonoraenequipo.com.mx\/el-papa-es-operado-con-exito-de-un-problema-de-colon\/\",\"name\":\"Sonora en Equipo. El papa, es operado con \u00e9xito de un problema de colon MUNDO\",\"isPartOf\":{\"@id\":\"https:\/\/www.sonoraenequipo.com.mx\/#website\"},\"primaryImageOfPage\":{\"@id\":\"https:\/\/www.sonoraenequipo.com.mx\/el-papa-es-operado-con-exito-de-un-problema-de-colon\/#primaryimage\"},\"image\":{\"@id\":\"https:\/\/www.sonoraenequipo.com.mx\/el-papa-es-operado-con-exito-de-un-problema-de-colon\/#primaryimage\"},\"thumbnailUrl\":\"https:\/\/www.sonoraenequipo.com.mx\/storage\/2021\/07\/papa-francisco-operado_opt.jpg\",\"datePublished\":\"2021-07-04T23:50:47+00:00\",\"description\":\"ROMA, ITALIA. \u2014 El papa Francisco, de 84 a\u00f1os, ha sido operado hoy con \u00e9xito de un problema de colon en el hospital Policl\u00ednico Gemelli de Roma, donde fue En Sonora en Equipo publicamos toda la informaci\u00f3n de Sonora, M\u00e9xico y el Mundo de manera oportuna y busca que la libertad de expresi\u00f3n sea real. Visita nuestro medio informativo publicado desde Hermosillo, Sonora. %\",\"breadcrumb\":{\"@id\":\"https:\/\/www.sonoraenequipo.com.mx\/el-papa-es-operado-con-exito-de-un-problema-de-colon\/#breadcrumb\"},\"inLanguage\":\"es\",\"potentialAction\":[{\"@type\":\"ReadAction\",\"target\":[\"https:\/\/www.sonoraenequipo.com.mx\/el-papa-es-operado-con-exito-de-un-problema-de-colon\/\"]}]},{\"@type\":\"ImageObject\",\"inLanguage\":\"es\",\"@id\":\"https:\/\/www.sonoraenequipo.com.mx\/el-papa-es-operado-con-exito-de-un-problema-de-colon\/#primaryimage\",\"url\":\"https:\/\/www.sonoraenequipo.com.mx\/storage\/2021\/07\/papa-francisco-operado_opt.jpg\",\"contentUrl\":\"https:\/\/www.sonoraenequipo.com.mx\/storage\/2021\/07\/papa-francisco-operado_opt.jpg\",\"width\":700,\"height\":400},{\"@type\":\"BreadcrumbList\",\"@id\":\"https:\/\/www.sonoraenequipo.com.mx\/el-papa-es-operado-con-exito-de-un-problema-de-colon\/#breadcrumb\",\"itemListElement\":[{\"@type\":\"ListItem\",\"position\":1,\"name\":\"Portada\",\"item\":\"https:\/\/www.sonoraenequipo.com.mx\/\"},{\"@type\":\"ListItem\",\"position\":2,\"name\":\"El papa, es operado con \u00e9xito de un problema de colon\"}]},{\"@type\":\"WebSite\",\"@id\":\"https:\/\/www.sonoraenequipo.com.mx\/#website\",\"url\":\"https:\/\/www.sonoraenequipo.com.mx\/\",\"name\":\"Sonora en Equipo.\",\"description\":\"Diario en l\u00ednea con Noticias desde Hermosillo, Sonora\",\"publisher\":{\"@id\":\"https:\/\/www.sonoraenequipo.com.mx\/#organization\"},\"potentialAction\":[{\"@type\":\"SearchAction\",\"target\":{\"@type\":\"EntryPoint\",\"urlTemplate\":\"https:\/\/www.sonoraenequipo.com.mx\/?s={search_term_string}\"},\"query-input\":{\"@type\":\"PropertyValueSpecification\",\"valueRequired\":true,\"valueName\":\"search_term_string\"}}],\"inLanguage\":\"es\"},{\"@type\":\"Organization\",\"@id\":\"https:\/\/www.sonoraenequipo.com.mx\/#organization\",\"name\":\"Sonoraenequipo.com.mx\",\"url\":\"https:\/\/www.sonoraenequipo.com.mx\/\",\"logo\":{\"@type\":\"ImageObject\",\"inLanguage\":\"es\",\"@id\":\"https:\/\/www.sonoraenequipo.com.mx\/#\/schema\/logo\/image\/\",\"url\":\"https:\/\/www.sonoraenequipo.com.mx\/storage\/2019\/01\/sonoraenequipo_opt.png\",\"contentUrl\":\"https:\/\/www.sonoraenequipo.com.mx\/storage\/2019\/01\/sonoraenequipo_opt.png\",\"width\":375,\"height\":125,\"caption\":\"Sonoraenequipo.com.mx\"},\"image\":{\"@id\":\"https:\/\/www.sonoraenequipo.com.mx\/#\/schema\/logo\/image\/\"},\"sameAs\":[\"https:\/\/www.facebook.com\/SonoraEE\/\",\"https:\/\/x.com\/sonoraenequipo\",\"https:\/\/www.youtube.com\/channel\/UC338nW-lPEYmJQs4ZABQ1SQ\"]},{\"@type\":\"Person\",\"@id\":\"https:\/\/www.sonoraenequipo.com.mx\/#\/schema\/person\/50102df0fb23a8fa9e8effad8fa81386\",\"name\":\"enequipo\",\"image\":{\"@type\":\"ImageObject\",\"inLanguage\":\"es\",\"@id\":\"https:\/\/www.sonoraenequipo.com.mx\/#\/schema\/person\/image\/\",\"url\":\"https:\/\/secure.gravatar.com\/avatar\/049821681b589dabc0bc20695993ccebb09f5b5d4d790cd9251b97faac7c652b?s=96&d=blank&r=g\",\"contentUrl\":\"https:\/\/secure.gravatar.com\/avatar\/049821681b589dabc0bc20695993ccebb09f5b5d4d790cd9251b97faac7c652b?s=96&d=blank&r=g\",\"caption\":\"enequipo\"},\"sameAs\":[\"https:\/\/www.facebook.com\/SonoraEE\"]}]}<\/script>\n ","yoast_head_json":{"title":"Sonora en Equipo. El papa, es operado con \u00e9xito de un problema de colon MUNDO","description":"ROMA, ITALIA. \u2014 El papa Francisco, de 84 a\u00f1os, ha sido operado hoy con \u00e9xito de un problema de colon en el hospital Policl\u00ednico Gemelli de Roma, donde fue En Sonora en Equipo publicamos toda la informaci\u00f3n de Sonora, M\u00e9xico y el Mundo de manera oportuna y busca que la libertad de expresi\u00f3n sea real. Visita nuestro medio informativo publicado desde Hermosillo, Sonora. %","robots":{"index":"index","follow":"follow","max-snippet":"max-snippet:-1","max-image-preview":"max-image-preview:large","max-video-preview":"max-video-preview:-1"},"canonical":"https:\/\/www.sonoraenequipo.com.mx\/el-papa-es-operado-con-exito-de-un-problema-de-colon\/","og_locale":"es_ES","og_type":"article","og_title":"Sonora en Equipo. El papa, es operado con \u00e9xito de un problema de colon MUNDO","og_description":"ROMA, ITALIA. \u2014 El papa Francisco, de 84 a\u00f1os, ha sido operado hoy con \u00e9xito de un problema de colon en el hospital Policl\u00ednico Gemelli de Roma, donde fue En Sonora en Equipo publicamos toda la informaci\u00f3n de Sonora, M\u00e9xico y el Mundo de manera oportuna y busca que la libertad de expresi\u00f3n sea real. Visita nuestro medio informativo publicado desde Hermosillo, Sonora. %","og_url":"https:\/\/www.sonoraenequipo.com.mx\/el-papa-es-operado-con-exito-de-un-problema-de-colon\/","og_site_name":"Sonora en Equipo.","article_publisher":"https:\/\/www.facebook.com\/SonoraEE\/","article_author":"https:\/\/www.facebook.com\/SonoraEE","article_published_time":"2021-07-04T23:50:47+00:00","og_image":[{"width":700,"height":400,"url":"https:\/\/www.sonoraenequipo.com.mx\/storage\/2021\/07\/papa-francisco-operado_opt.jpg","type":"image\/jpeg"}],"author":"enequipo","twitter_card":"summary_large_image","twitter_creator":"@sonoraenequipo","twitter_site":"@sonoraenequipo","twitter_misc":{"Escrito por":"enequipo","Tiempo de lectura":"4 minutos"},"schema":{"@context":"https:\/\/schema.org","@graph":[{"@type":"Article","@id":"https:\/\/www.sonoraenequipo.com.mx\/el-papa-es-operado-con-exito-de-un-problema-de-colon\/#article","isPartOf":{"@id":"https:\/\/www.sonoraenequipo.com.mx\/el-papa-es-operado-con-exito-de-un-problema-de-colon\/"},"author":{"name":"enequipo","@id":"https:\/\/www.sonoraenequipo.com.mx\/#\/schema\/person\/50102df0fb23a8fa9e8effad8fa81386"},"headline":"El papa, es operado con \u00e9xito de un problema de colon","datePublished":"2021-07-04T23:50:47+00:00","mainEntityOfPage":{"@id":"https:\/\/www.sonoraenequipo.com.mx\/el-papa-es-operado-con-exito-de-un-problema-de-colon\/"},"wordCount":834,"commentCount":0,"publisher":{"@id":"https:\/\/www.sonoraenequipo.com.mx\/#organization"},"image":{"@id":"https:\/\/www.sonoraenequipo.com.mx\/el-papa-es-operado-con-exito-de-un-problema-de-colon\/#primaryimage"},"thumbnailUrl":"https:\/\/www.sonoraenequipo.com.mx\/storage\/2021\/07\/papa-francisco-operado_opt.jpg","articleSection":["MUNDO"],"inLanguage":"es","potentialAction":[{"@type":"CommentAction","name":"Comment","target":["https:\/\/www.sonoraenequipo.com.mx\/el-papa-es-operado-con-exito-de-un-problema-de-colon\/#respond"]}]},{"@type":"WebPage","@id":"https:\/\/www.sonoraenequipo.com.mx\/el-papa-es-operado-con-exito-de-un-problema-de-colon\/","url":"https:\/\/www.sonoraenequipo.com.mx\/el-papa-es-operado-con-exito-de-un-problema-de-colon\/","name":"Sonora en Equipo. El papa, es operado con \u00e9xito de un problema de colon MUNDO","isPartOf":{"@id":"https:\/\/www.sonoraenequipo.com.mx\/#website"},"primaryImageOfPage":{"@id":"https:\/\/www.sonoraenequipo.com.mx\/el-papa-es-operado-con-exito-de-un-problema-de-colon\/#primaryimage"},"image":{"@id":"https:\/\/www.sonoraenequipo.com.mx\/el-papa-es-operado-con-exito-de-un-problema-de-colon\/#primaryimage"},"thumbnailUrl":"https:\/\/www.sonoraenequipo.com.mx\/storage\/2021\/07\/papa-francisco-operado_opt.jpg","datePublished":"2021-07-04T23:50:47+00:00","description":"ROMA, ITALIA. \u2014 El papa Francisco, de 84 a\u00f1os, ha sido operado hoy con \u00e9xito de un problema de colon en el hospital Policl\u00ednico Gemelli de Roma, donde fue En Sonora en Equipo publicamos toda la informaci\u00f3n de Sonora, M\u00e9xico y el Mundo de manera oportuna y busca que la libertad de expresi\u00f3n sea real. Visita nuestro medio informativo publicado desde Hermosillo, Sonora. %","breadcrumb":{"@id":"https:\/\/www.sonoraenequipo.com.mx\/el-papa-es-operado-con-exito-de-un-problema-de-colon\/#breadcrumb"},"inLanguage":"es","potentialAction":[{"@type":"ReadAction","target":["https:\/\/www.sonoraenequipo.com.mx\/el-papa-es-operado-con-exito-de-un-problema-de-colon\/"]}]},{"@type":"ImageObject","inLanguage":"es","@id":"https:\/\/www.sonoraenequipo.com.mx\/el-papa-es-operado-con-exito-de-un-problema-de-colon\/#primaryimage","url":"https:\/\/www.sonoraenequipo.com.mx\/storage\/2021\/07\/papa-francisco-operado_opt.jpg","contentUrl":"https:\/\/www.sonoraenequipo.com.mx\/storage\/2021\/07\/papa-francisco-operado_opt.jpg","width":700,"height":400},{"@type":"BreadcrumbList","@id":"https:\/\/www.sonoraenequipo.com.mx\/el-papa-es-operado-con-exito-de-un-problema-de-colon\/#breadcrumb","itemListElement":[{"@type":"ListItem","position":1,"name":"Portada","item":"https:\/\/www.sonoraenequipo.com.mx\/"},{"@type":"ListItem","position":2,"name":"El papa, es operado con \u00e9xito de un problema de colon"}]},{"@type":"WebSite","@id":"https:\/\/www.sonoraenequipo.com.mx\/#website","url":"https:\/\/www.sonoraenequipo.com.mx\/","name":"Sonora en Equipo.","description":"Diario en l\u00ednea con Noticias desde Hermosillo, Sonora","publisher":{"@id":"https:\/\/www.sonoraenequipo.com.mx\/#organization"},"potentialAction":[{"@type":"SearchAction","target":{"@type":"EntryPoint","urlTemplate":"https:\/\/www.sonoraenequipo.com.mx\/?s={search_term_string}"},"query-input":{"@type":"PropertyValueSpecification","valueRequired":true,"valueName":"search_term_string"}}],"inLanguage":"es"},{"@type":"Organization","@id":"https:\/\/www.sonoraenequipo.com.mx\/#organization","name":"Sonoraenequipo.com.mx","url":"https:\/\/www.sonoraenequipo.com.mx\/","logo":{"@type":"ImageObject","inLanguage":"es","@id":"https:\/\/www.sonoraenequipo.com.mx\/#\/schema\/logo\/image\/","url":"https:\/\/www.sonoraenequipo.com.mx\/storage\/2019\/01\/sonoraenequipo_opt.png","contentUrl":"https:\/\/www.sonoraenequipo.com.mx\/storage\/2019\/01\/sonoraenequipo_opt.png","width":375,"height":125,"caption":"Sonoraenequipo.com.mx"},"image":{"@id":"https:\/\/www.sonoraenequipo.com.mx\/#\/schema\/logo\/image\/"},"sameAs":["https:\/\/www.facebook.com\/SonoraEE\/","https:\/\/x.com\/sonoraenequipo","https:\/\/www.youtube.com\/channel\/UC338nW-lPEYmJQs4ZABQ1SQ"]},{"@type":"Person","@id":"https:\/\/www.sonoraenequipo.com.mx\/#\/schema\/person\/50102df0fb23a8fa9e8effad8fa81386","name":"enequipo","image":{"@type":"ImageObject","inLanguage":"es","@id":"https:\/\/www.sonoraenequipo.com.mx\/#\/schema\/person\/image\/","url":"https:\/\/secure.gravatar.com\/avatar\/049821681b589dabc0bc20695993ccebb09f5b5d4d790cd9251b97faac7c652b?s=96&d=blank&r=g","contentUrl":"https:\/\/secure.gravatar.com\/avatar\/049821681b589dabc0bc20695993ccebb09f5b5d4d790cd9251b97faac7c652b?s=96&d=blank&r=g","caption":"enequipo"},"sameAs":["https:\/\/www.facebook.com\/SonoraEE"]}]}},"jetpack_featured_media_url":"https:\/\/www.sonoraenequipo.com.mx\/storage\/2021\/07\/papa-francisco-operado_opt.jpg","_links":{"self":[{"href":"https:\/\/www.sonoraenequipo.com.mx\/api\/wp\/v2\/posts\/117757","targetHints":{"allow":["GET"]}}],"collection":[{"href":"https:\/\/www.sonoraenequipo.com.mx\/api\/wp\/v2\/posts"}],"about":[{"href":"https:\/\/www.sonoraenequipo.com.mx\/api\/wp\/v2\/types\/post"}],"author":[{"embeddable":true,"href":"https:\/\/www.sonoraenequipo.com.mx\/api\/wp\/v2\/users\/1"}],"replies":[{"embeddable":true,"href":"https:\/\/www.sonoraenequipo.com.mx\/api\/wp\/v2\/comments?post=117757"}],"version-history":[{"count":1,"href":"https:\/\/www.sonoraenequipo.com.mx\/api\/wp\/v2\/posts\/117757\/revisions"}],"predecessor-version":[{"id":117762,"href":"https:\/\/www.sonoraenequipo.com.mx\/api\/wp\/v2\/posts\/117757\/revisions\/117762"}],"wp:featuredmedia":[{"embeddable":true,"href":"https:\/\/www.sonoraenequipo.com.mx\/api\/wp\/v2\/media\/117760"}],"wp:attachment":[{"href":"https:\/\/www.sonoraenequipo.com.mx\/api\/wp\/v2\/media?parent=117757"}],"wp:term":[{"taxonomy":"category","embeddable":true,"href":"https:\/\/www.sonoraenequipo.com.mx\/api\/wp\/v2\/categories?post=117757"},{"taxonomy":"post_tag","embeddable":true,"href":"https:\/\/www.sonoraenequipo.com.mx\/api\/wp\/v2\/tags?post=117757"}],"curies":[{"name":"wp","href":"https:\/\/api.w.org\/{rel}","templated":true}]}}