{"id":117761,"date":"2021-07-04T17:01:09","date_gmt":"2021-07-05T00:01:09","guid":{"rendered":"https:\/\/www.sonoraenequipo.com.mx\/?p=117761"},"modified":"2021-07-04T17:03:51","modified_gmt":"2021-07-05T00:03:51","slug":"incidentes-atendidos-por-seguridad-publica-de-hermosillo-por-la-fuerte-lluvia-del-sabado","status":"publish","type":"post","link":"https:\/\/www.sonoraenequipo.com.mx\/incidentes-atendidos-por-seguridad-publica-de-hermosillo-por-la-fuerte-lluvia-del-sabado\/","title":{"rendered":"Incidentes atendidos por Seguridad P\u00fablica de Hermosillo durante la fuerte lluvia del s\u00e1bado"},"content":{"rendered":"<p>HERMOSILLO, SONORA,MX.\u2500\u2500 Durante la copiosa precipitaci\u00f3n pluvial que vivi\u00f3 la ciudad de Hermosillo ayer por la tarde, los elementos de la Polic\u00eda Municipal estuvieron en las calles para atender las necesidades de los ciudadanos.<\/p>\n<p>&nbsp;<\/p>\n<p>A trav\u00e9s de los reportes hechos en el 911 y las denuncias que en las mismas calles se dieron a los polic\u00edas se lograron ubicar y atender puntos de riesgo a lo largo y ancho de la capital sonorense.<\/p>\n<p>&nbsp;<\/p>\n<p>Se brindaron apoyos a conductores que sus veh\u00edculos quedaron varados por las crecidas de agua en las calles, se cerraron de manera provisional algunas vialidades para evitar que la ciudadan\u00eda pusiera en riesgo su integridad intentando cruzar, adem\u00e1s de atender los llamados de personas que vieron afectado su patrimonio por que el agua se meti\u00f3 a sus domicilios.<\/p>\n<p>&nbsp;<\/p>\n<p><em><strong>Estos son las atenciones por zonas y comandancias que los agentes municipales llevaron a cabo durante la jornada del s\u00e1bado 3 de julio:<\/strong><\/em><\/p>\n<p>Zona Uno (Centro) en el per\u00edmetro ubicado en la zona oriente y centro de la ciudad.<\/p>\n<ul>\n<li>Ca\u00edda de barda en un domicilio de la calle San Javier, en la colonia San Luis; se se\u00f1aliz\u00f3 el \u00e1rea para seguridad.<\/li>\n<li>Ca\u00edda de barda de predio en construcci\u00f3n en la colonia San Luis; se dej\u00f3 se\u00f1alizada el \u00e1rea para evitar riesgos.<\/li>\n<li>Desprendimiento de piedras por deslave en la colonia Las Pilas; se se\u00f1aliz\u00f3 y resguard\u00f3 el \u00e1rea.<\/li>\n<li>Se resguard\u00f3 y estuvo unidad centinela en las calles Guadalupe Victoria y avenida Uno, por crecida de arroyo.<\/li>\n<\/ul>\n<p>&nbsp;<\/p>\n<p><em><strong>Zona Dos (Choyal) en el per\u00edmetro ubicado de la calle Reforma, al poniente, y de Luis Encinas a la calle L\u00e1zaro C\u00e1rdenas.<\/strong><\/em><\/p>\n<ul>\n<li>Se cerr\u00f3 el acceso al puente a desnivel ubicado en Luis Encinas y Am\u00e9ricas, donde perdi\u00f3 la vida el conductor de un veh\u00edculo Nissan, Frontier, al quedar atrapado bajo el agua acumulada.<\/li>\n<li>Se resguard\u00f3 el \u00e1rea por un veh\u00edculo arrastrado por la corriente de agua en el arroyo ubicado en Saturnino Campoy y Juan de Dios Boj\u00f3rquez, no se reportaron personas lesionadas.<\/li>\n<li>Se realiz\u00f3 el cierre temporal del cuerpo oriente del bulevar Solidaridad, en su cruce con el bulevar L\u00e1zaro C\u00e1rdenas, por el acumulamiento de agua por alcantarilla tapada; ah\u00ed se prest\u00f3 apoyo a varios veh\u00edculos que se quedaron varados para sacarlos de la zona de riesgo.<\/li>\n<\/ul>\n<p>Zona Tres (Villa de Seris), comprenden el \u00e1rea de Luis Encinas hasta Perif\u00e9rico Sur.<\/p>\n<ul>\n<li>Se atendi\u00f3 reporte de persona femenina sin signos vitales tras sufrir una descarga el\u00e9ctrica en la calle Santa Gertrudis, de la colonia Real de Minas.<\/li>\n<li>Se atendieron varios reportes de inundaciones en la colonia Las Villas, con el arrastre de un veh\u00edculo que termin\u00f3 dentro del canal de aguas pluviales.<\/li>\n<li>Tambi\u00e9n se atendieron reportes de inundaciones y desbordamiento de arroyos sobre la Carretera 26, resguard\u00e1ndose los cruces con las calles Mina La Bonancita, as\u00ed como con F\u00e9lix G\u00f3mez, donde se reportaron varios carros averiados y varados por el nivel de agua en la zona.<\/li>\n<li>En las calles Toscana y Torre de Greco se atendi\u00f3 reporte y prest\u00f3 apoyo a los habitantes de cinco domicilios que sufrieron inundaciones.<\/li>\n<li>En las calles Jos\u00e9 Jes\u00fas L\u00f3pez, entre Primera y Segunda se prest\u00f3 apoyo a ciudadana porque no pod\u00eda ingresar a su domicilio.<\/li>\n<li>Apoyo a vecinos de siete domicilios ubicados en las calles Seteros y Sotalvo, de la colonia Urbi Villa del Prado, por afectaci\u00f3n al ingresar agua a los domicilios.<\/li>\n<li>Se resguard\u00f3 moment\u00e1neamente el cruce de Solidaridad y Francisco Villa por acumulamiento de agua.<\/li>\n<li>En las calles F\u00e9lix G\u00f3mez, entre de las Rosas y Cjon. De la cruz se atendi\u00f3 reporte por veh\u00edculo inundado.<\/li>\n<li>Se resguard\u00f3 el \u00e1rea por \u00e1rbol derribado en Luis Donaldo Colosio y H\u00e9ctor Espino.<\/li>\n<li>Se se\u00f1aliz\u00f3 y hubo vigilancia estacionaria por hundimiento en camell\u00f3n lado norte del bulevar Paseo R\u00edo Sonora, entre Solidaridad y Olivares.<\/li>\n<li>Se apoy\u00f3, junto a autoridades de Guardia Nacional y Polic\u00eda Estatal a varios veh\u00edculos que quedaron varados por acumulaci\u00f3n de agua en bulevar Carlos Quintero Arce y R\u00edo Sonora; as\u00ed como a otros veh\u00edculos varados en R\u00edo Sonora y Las Quintas.<\/li>\n<li>Se apoy\u00f3 a vecinos de la calle Cerrada Gausia y Batall\u00f3n San Patricio, en Real del Carmen, por afectaciones por agua en el interior de las viviendas.<\/li>\n<\/ul>\n<p>&nbsp;<\/p>\n<p><em><strong>Zona Cuatro (Cortijo), en la zona norte y norponiente de la ciudad (del bulevar L\u00e1zaro C\u00e1rdenas al norte.<\/strong><\/em><\/p>\n<p>&nbsp;<\/p>\n<ul>\n<li>Se mantuvo vigilancia por el desbordamiento del canal paralelo al bulevar Juan Bautista Escalante, ya que en algunos puntos rebas\u00f3 la capacidad de conducci\u00f3n, no se presentaron da\u00f1os.<\/li>\n<li>Se prest\u00f3 apoyo vial y se\u00f1aliz\u00f3 el bulevar Gustavo Maz\u00f3n L\u00f3pez y Rocallosas, por el desprendimiento de rocas por deslave de cerro.<\/li>\n<li>Durante la noche se mantuvo vigilancia sobre los canales pluviales para evitar que intentaran cruzar o introducirse personas mientras disminu\u00eda el nivel de agua.<\/li>\n<\/ul>\n<p>&nbsp;<\/p>\n<p><em><strong>Zona Cinco (Nuevo Hermosillo), del bulevar Perif\u00e9rico Sur hacia el sur.<\/strong><\/em><\/p>\n<ul>\n<li>Se atendi\u00f3 reporte por arrastre de veh\u00edculos en las calles Templo Tlaloc y Calpulli, en la colonia Cuauht\u00e9moc, donde se puso a salvo a a una conductora y su hija, las cuales quedaron atrapadas al intentar cruzar el cuerpos de agua.<\/li>\n<li>Se se\u00f1aliz\u00f3 un transformador sacando chispas en las calles Gobernadora y Pe\u00f1a Colorada.<\/li>\n<li>Se cerr\u00f3 de forma temporal el cruce de Jahudiel Zamorano y Arrendario, por la crecida de agua en las calles.<\/li>\n<li>Se mantuvo cerrado de manera temporal el cruce de Carretera a la Colorada y Junta de Tres R\u00edos por la acumulaci\u00f3n de agua, as\u00ed como Carretera a la Colorada y Calesa.<\/li>\n<li>El crucero de Cimarr\u00f3n y Horizonte estuvo cerrado por espacio de dos horas hasta que baj\u00f3 el nivel de agua.<\/li>\n<li>Se apoy\u00f3 a conductora de veh\u00edculo atascado en el lodo en brecha que comunica las colonias Quintas del Sol y Haciendas del Sur<\/li>\n<\/ul>\n<p><em><strong>Zona Seis (San Bosco), en \u00e1rea poniente de la ciudad.<\/strong><\/em><\/p>\n<ul>\n<li>Se mantuvo vigilancia sobre el bulevar Garc\u00eda Morales, frente a empresa minera, ya que se acumul\u00f3 el agua por desborde de canal pluvial.<\/li>\n<li>Se vigil\u00f3 el calan pluvial que atraviesa las colonias La Cholla y Arroyos, por crecida de agua.<\/li>\n<li>Se vigil\u00f3 el canal pluvial del L\u00e1zaro C\u00e1rdenas y Quiroga, para evitar que las personas intentaran cruzar o introducirse.<\/li>\n<li>Se estuvo vigilando el canal pluvial de las calles De los Yaquis y L\u00e1zaro Mercado para evitar riesgos en la ciudadan\u00eda.<\/li>\n<li>Se se\u00f1aliz\u00f3 una alcantarilla colapsada en Quiroga y Jos\u00e9 Mar\u00eda Mendoza.<\/li>\n<li>Se prest\u00f3 apoyo vial por sem\u00e1foro destellante en Quiroga y de los Yaquis.<\/li>\n<li>En las calles Carlos Balderrama y Manuel M. Di\u00e9guez se atendi\u00f3 reporte de veh\u00edculo arrastrado por la corriente de agua.<\/li>\n<li>En Luis Donaldo Colosio y Quiroga se mantuvo vigilancia por acumulaci\u00f3n de agua.<\/li>\n<li>Zona rural oriente (San Pedro El Saucito, La Victoria, el Tazajal, entre otras comunidades)<\/li>\n<li>Se cerr\u00f3 el acceso de veh\u00edculos al puente a desnivel que atraviesa San Pedro el Saucito.<\/li>\n<li>Se cerr\u00f3 el acceso al vado del R\u00edo San Miguel para evitar que unidades todo terreno quedaran varadas en el lugar por crecida de agua.<\/li>\n<li>Se mantuvo vigilancia constante en las calles de riesgo de La Victoria por reportes de agua acumulada.<\/li>\n<\/ul>\n<p>&nbsp;<\/p>\n<p><em><strong>Zona rural poniente (Miguel Alem\u00e1n, Bah\u00eda de Kino y otras comunidades rurales)<\/strong><\/em><\/p>\n<ul>\n<li>Se mantuvo vigilancia por precipitaciones sin que se atendieran reportes de inundaciones o riesgo para la poblaci\u00f3n.<\/li>\n<\/ul>\n<p>El compromiso de los agentes de la Polic\u00eda Preventiva y Tr\u00e1nsito de Hermosillo sigue siendo velar por la seguridad de las y los hermosillenses, reiterando el llamado a todos ellos para evitar riesgos de presentarse lluvias este o los pr\u00f3ximos d\u00edas.<\/p>\n<p>Fecha de Publicaci\u00f3n\u00a0 domingo \/ 4\u00a0 \/ julio \/ 2021<\/p>\n<p>&nbsp;<\/p>\n","protected":false},"excerpt":{"rendered":"<p>HERMOSILLO, SONORA,MX.\u2500\u2500 Durante la copiosa precipitaci\u00f3n pluvial que vivi\u00f3 la ciudad de Hermosillo ayer por&#8230;<\/p>\n","protected":false},"author":1,"featured_media":117764,"comment_status":"open","ping_status":"open","sticky":false,"template":"","format":"standard","meta":{"_monsterinsights_skip_tracking":false,"_monsterinsights_sitenote_active":false,"_monsterinsights_sitenote_note":"","_monsterinsights_sitenote_category":0,"footnotes":""},"categories":[4],"tags":[35,168],"class_list":["post"],"yoast_head":" \n<title>Sonora en Equipo. Incidentes atendidos por Seguridad P\u00fablica de Hermosillo durante la fuerte lluvia del s\u00e1bado Municipios<\/title>\n<meta name=\"description\" content=\"HERMOSILLO, SONORA,MX.\u2500\u2500 Durante la copiosa precipitaci\u00f3n pluvial que vivi\u00f3 la ciudad de Hermosillo ayer por la tarde, los elementos de la Polic\u00eda En Sonora en Equipo publicamos toda la informaci\u00f3n de Sonora, M\u00e9xico y el Mundo de manera oportuna y busca que la libertad de expresi\u00f3n sea real. Visita nuestro medio informativo publicado desde Hermosillo, Sonora. %\" \/>\n<meta name=\"robots\" content=\"index, follow, max-snippet:-1, max-image-preview:large, max-video-preview:-1\" \/>\n<link rel=\"canonical\" href=\"https:\/\/www.sonoraenequipo.com.mx\/incidentes-atendidos-por-seguridad-publica-de-hermosillo-por-la-fuerte-lluvia-del-sabado\/\" \/>\n<meta property=\"og:locale\" content=\"es_ES\" \/>\n<meta property=\"og:type\" content=\"article\" \/>\n<meta property=\"og:title\" content=\"Sonora en Equipo. Incidentes atendidos por Seguridad P\u00fablica de Hermosillo durante la fuerte lluvia del s\u00e1bado Municipios\" \/>\n<meta property=\"og:description\" content=\"HERMOSILLO, SONORA,MX.\u2500\u2500 Durante la copiosa precipitaci\u00f3n pluvial que vivi\u00f3 la ciudad de Hermosillo ayer por la tarde, los elementos de la Polic\u00eda En Sonora en Equipo publicamos toda la informaci\u00f3n de Sonora, M\u00e9xico y el Mundo de manera oportuna y busca que la libertad de expresi\u00f3n sea real. Visita nuestro medio informativo publicado desde Hermosillo, Sonora. %\" \/>\n<meta property=\"og:url\" content=\"https:\/\/www.sonoraenequipo.com.mx\/incidentes-atendidos-por-seguridad-publica-de-hermosillo-por-la-fuerte-lluvia-del-sabado\/\" \/>\n<meta property=\"og:site_name\" content=\"Sonora en Equipo.\" \/>\n<meta property=\"article:publisher\" content=\"https:\/\/www.facebook.com\/SonoraEE\/\" \/>\n<meta property=\"article:author\" content=\"https:\/\/www.facebook.com\/SonoraEE\" \/>\n<meta property=\"article:published_time\" content=\"2021-07-05T00:01:09+00:00\" \/>\n<meta property=\"article:modified_time\" content=\"2021-07-05T00:03:51+00:00\" \/>\n<meta property=\"og:image\" content=\"https:\/\/www.sonoraenequipo.com.mx\/storage\/2021\/07\/lluvias030721.jpg\" \/>\n\t<meta property=\"og:image:width\" content=\"700\" \/>\n\t<meta property=\"og:image:height\" content=\"400\" \/>\n\t<meta property=\"og:image:type\" content=\"image\/jpeg\" \/>\n<meta name=\"author\" content=\"enequipo\" \/>\n<meta name=\"twitter:card\" content=\"summary_large_image\" \/>\n<meta name=\"twitter:creator\" content=\"@sonoraenequipo\" \/>\n<meta name=\"twitter:site\" content=\"@sonoraenequipo\" \/>\n<meta name=\"twitter:label1\" content=\"Escrito por\" \/>\n\t<meta name=\"twitter:data1\" content=\"enequipo\" \/>\n\t<meta name=\"twitter:label2\" content=\"Tiempo de lectura\" \/>\n\t<meta name=\"twitter:data2\" content=\"6 minutos\" \/>\n<script type=\"application\/ld+json\" class=\"yoast-schema-graph\">{\"@context\":\"https:\/\/schema.org\",\"@graph\":[{\"@type\":\"Article\",\"@id\":\"https:\/\/www.sonoraenequipo.com.mx\/incidentes-atendidos-por-seguridad-publica-de-hermosillo-por-la-fuerte-lluvia-del-sabado\/#article\",\"isPartOf\":{\"@id\":\"https:\/\/www.sonoraenequipo.com.mx\/incidentes-atendidos-por-seguridad-publica-de-hermosillo-por-la-fuerte-lluvia-del-sabado\/\"},\"author\":{\"name\":\"enequipo\",\"@id\":\"https:\/\/www.sonoraenequipo.com.mx\/#\/schema\/person\/50102df0fb23a8fa9e8effad8fa81386\"},\"headline\":\"Incidentes atendidos por Seguridad P\u00fablica de Hermosillo durante la fuerte lluvia del s\u00e1bado\",\"datePublished\":\"2021-07-05T00:01:09+00:00\",\"dateModified\":\"2021-07-05T00:03:51+00:00\",\"mainEntityOfPage\":{\"@id\":\"https:\/\/www.sonoraenequipo.com.mx\/incidentes-atendidos-por-seguridad-publica-de-hermosillo-por-la-fuerte-lluvia-del-sabado\/\"},\"wordCount\":1349,\"commentCount\":0,\"publisher\":{\"@id\":\"https:\/\/www.sonoraenequipo.com.mx\/#organization\"},\"image\":{\"@id\":\"https:\/\/www.sonoraenequipo.com.mx\/incidentes-atendidos-por-seguridad-publica-de-hermosillo-por-la-fuerte-lluvia-del-sabado\/#primaryimage\"},\"thumbnailUrl\":\"https:\/\/www.sonoraenequipo.com.mx\/storage\/2021\/07\/lluvias030721.jpg\",\"keywords\":[\"hermosillo\",\"Lluvias\"],\"articleSection\":[\"Municipios\"],\"inLanguage\":\"es\",\"potentialAction\":[{\"@type\":\"CommentAction\",\"name\":\"Comment\",\"target\":[\"https:\/\/www.sonoraenequipo.com.mx\/incidentes-atendidos-por-seguridad-publica-de-hermosillo-por-la-fuerte-lluvia-del-sabado\/#respond\"]}]},{\"@type\":\"WebPage\",\"@id\":\"https:\/\/www.sonoraenequipo.com.mx\/incidentes-atendidos-por-seguridad-publica-de-hermosillo-por-la-fuerte-lluvia-del-sabado\/\",\"url\":\"https:\/\/www.sonoraenequipo.com.mx\/incidentes-atendidos-por-seguridad-publica-de-hermosillo-por-la-fuerte-lluvia-del-sabado\/\",\"name\":\"Sonora en Equipo. Incidentes atendidos por Seguridad P\u00fablica de Hermosillo durante la fuerte lluvia del s\u00e1bado Municipios\",\"isPartOf\":{\"@id\":\"https:\/\/www.sonoraenequipo.com.mx\/#website\"},\"primaryImageOfPage\":{\"@id\":\"https:\/\/www.sonoraenequipo.com.mx\/incidentes-atendidos-por-seguridad-publica-de-hermosillo-por-la-fuerte-lluvia-del-sabado\/#primaryimage\"},\"image\":{\"@id\":\"https:\/\/www.sonoraenequipo.com.mx\/incidentes-atendidos-por-seguridad-publica-de-hermosillo-por-la-fuerte-lluvia-del-sabado\/#primaryimage\"},\"thumbnailUrl\":\"https:\/\/www.sonoraenequipo.com.mx\/storage\/2021\/07\/lluvias030721.jpg\",\"datePublished\":\"2021-07-05T00:01:09+00:00\",\"dateModified\":\"2021-07-05T00:03:51+00:00\",\"description\":\"HERMOSILLO, SONORA,MX.\u2500\u2500 Durante la copiosa precipitaci\u00f3n pluvial que vivi\u00f3 la ciudad de Hermosillo ayer por la tarde, los elementos de la Polic\u00eda En Sonora en Equipo publicamos toda la informaci\u00f3n de Sonora, M\u00e9xico y el Mundo de manera oportuna y busca que la libertad de expresi\u00f3n sea real. Visita nuestro medio informativo publicado desde Hermosillo, Sonora. %\",\"breadcrumb\":{\"@id\":\"https:\/\/www.sonoraenequipo.com.mx\/incidentes-atendidos-por-seguridad-publica-de-hermosillo-por-la-fuerte-lluvia-del-sabado\/#breadcrumb\"},\"inLanguage\":\"es\",\"potentialAction\":[{\"@type\":\"ReadAction\",\"target\":[\"https:\/\/www.sonoraenequipo.com.mx\/incidentes-atendidos-por-seguridad-publica-de-hermosillo-por-la-fuerte-lluvia-del-sabado\/\"]}]},{\"@type\":\"ImageObject\",\"inLanguage\":\"es\",\"@id\":\"https:\/\/www.sonoraenequipo.com.mx\/incidentes-atendidos-por-seguridad-publica-de-hermosillo-por-la-fuerte-lluvia-del-sabado\/#primaryimage\",\"url\":\"https:\/\/www.sonoraenequipo.com.mx\/storage\/2021\/07\/lluvias030721.jpg\",\"contentUrl\":\"https:\/\/www.sonoraenequipo.com.mx\/storage\/2021\/07\/lluvias030721.jpg\",\"width\":700,\"height\":400},{\"@type\":\"BreadcrumbList\",\"@id\":\"https:\/\/www.sonoraenequipo.com.mx\/incidentes-atendidos-por-seguridad-publica-de-hermosillo-por-la-fuerte-lluvia-del-sabado\/#breadcrumb\",\"itemListElement\":[{\"@type\":\"ListItem\",\"position\":1,\"name\":\"Portada\",\"item\":\"https:\/\/www.sonoraenequipo.com.mx\/\"},{\"@type\":\"ListItem\",\"position\":2,\"name\":\"Incidentes atendidos por Seguridad P\u00fablica de Hermosillo durante la fuerte lluvia del s\u00e1bado\"}]},{\"@type\":\"WebSite\",\"@id\":\"https:\/\/www.sonoraenequipo.com.mx\/#website\",\"url\":\"https:\/\/www.sonoraenequipo.com.mx\/\",\"name\":\"Sonora en Equipo.\",\"description\":\"Diario en l\u00ednea con Noticias desde Hermosillo, Sonora\",\"publisher\":{\"@id\":\"https:\/\/www.sonoraenequipo.com.mx\/#organization\"},\"potentialAction\":[{\"@type\":\"SearchAction\",\"target\":{\"@type\":\"EntryPoint\",\"urlTemplate\":\"https:\/\/www.sonoraenequipo.com.mx\/?s={search_term_string}\"},\"query-input\":{\"@type\":\"PropertyValueSpecification\",\"valueRequired\":true,\"valueName\":\"search_term_string\"}}],\"inLanguage\":\"es\"},{\"@type\":\"Organization\",\"@id\":\"https:\/\/www.sonoraenequipo.com.mx\/#organization\",\"name\":\"Sonoraenequipo.com.mx\",\"url\":\"https:\/\/www.sonoraenequipo.com.mx\/\",\"logo\":{\"@type\":\"ImageObject\",\"inLanguage\":\"es\",\"@id\":\"https:\/\/www.sonoraenequipo.com.mx\/#\/schema\/logo\/image\/\",\"url\":\"https:\/\/www.sonoraenequipo.com.mx\/storage\/2019\/01\/sonoraenequipo_opt.png\",\"contentUrl\":\"https:\/\/www.sonoraenequipo.com.mx\/storage\/2019\/01\/sonoraenequipo_opt.png\",\"width\":375,\"height\":125,\"caption\":\"Sonoraenequipo.com.mx\"},\"image\":{\"@id\":\"https:\/\/www.sonoraenequipo.com.mx\/#\/schema\/logo\/image\/\"},\"sameAs\":[\"https:\/\/www.facebook.com\/SonoraEE\/\",\"https:\/\/x.com\/sonoraenequipo\",\"https:\/\/www.youtube.com\/channel\/UC338nW-lPEYmJQs4ZABQ1SQ\"]},{\"@type\":\"Person\",\"@id\":\"https:\/\/www.sonoraenequipo.com.mx\/#\/schema\/person\/50102df0fb23a8fa9e8effad8fa81386\",\"name\":\"enequipo\",\"image\":{\"@type\":\"ImageObject\",\"inLanguage\":\"es\",\"@id\":\"https:\/\/www.sonoraenequipo.com.mx\/#\/schema\/person\/image\/\",\"url\":\"https:\/\/secure.gravatar.com\/avatar\/049821681b589dabc0bc20695993ccebb09f5b5d4d790cd9251b97faac7c652b?s=96&d=blank&r=g\",\"contentUrl\":\"https:\/\/secure.gravatar.com\/avatar\/049821681b589dabc0bc20695993ccebb09f5b5d4d790cd9251b97faac7c652b?s=96&d=blank&r=g\",\"caption\":\"enequipo\"},\"sameAs\":[\"https:\/\/www.facebook.com\/SonoraEE\"]}]}<\/script>\n ","yoast_head_json":{"title":"Sonora en Equipo. Incidentes atendidos por Seguridad P\u00fablica de Hermosillo durante la fuerte lluvia del s\u00e1bado Municipios","description":"HERMOSILLO, SONORA,MX.\u2500\u2500 Durante la copiosa precipitaci\u00f3n pluvial que vivi\u00f3 la ciudad de Hermosillo ayer por la tarde, los elementos de la Polic\u00eda En Sonora en Equipo publicamos toda la informaci\u00f3n de Sonora, M\u00e9xico y el Mundo de manera oportuna y busca que la libertad de expresi\u00f3n sea real. Visita nuestro medio informativo publicado desde Hermosillo, Sonora. %","robots":{"index":"index","follow":"follow","max-snippet":"max-snippet:-1","max-image-preview":"max-image-preview:large","max-video-preview":"max-video-preview:-1"},"canonical":"https:\/\/www.sonoraenequipo.com.mx\/incidentes-atendidos-por-seguridad-publica-de-hermosillo-por-la-fuerte-lluvia-del-sabado\/","og_locale":"es_ES","og_type":"article","og_title":"Sonora en Equipo. Incidentes atendidos por Seguridad P\u00fablica de Hermosillo durante la fuerte lluvia del s\u00e1bado Municipios","og_description":"HERMOSILLO, SONORA,MX.\u2500\u2500 Durante la copiosa precipitaci\u00f3n pluvial que vivi\u00f3 la ciudad de Hermosillo ayer por la tarde, los elementos de la Polic\u00eda En Sonora en Equipo publicamos toda la informaci\u00f3n de Sonora, M\u00e9xico y el Mundo de manera oportuna y busca que la libertad de expresi\u00f3n sea real. Visita nuestro medio informativo publicado desde Hermosillo, Sonora. %","og_url":"https:\/\/www.sonoraenequipo.com.mx\/incidentes-atendidos-por-seguridad-publica-de-hermosillo-por-la-fuerte-lluvia-del-sabado\/","og_site_name":"Sonora en Equipo.","article_publisher":"https:\/\/www.facebook.com\/SonoraEE\/","article_author":"https:\/\/www.facebook.com\/SonoraEE","article_published_time":"2021-07-05T00:01:09+00:00","article_modified_time":"2021-07-05T00:03:51+00:00","og_image":[{"width":700,"height":400,"url":"https:\/\/www.sonoraenequipo.com.mx\/storage\/2021\/07\/lluvias030721.jpg","type":"image\/jpeg"}],"author":"enequipo","twitter_card":"summary_large_image","twitter_creator":"@sonoraenequipo","twitter_site":"@sonoraenequipo","twitter_misc":{"Escrito por":"enequipo","Tiempo de lectura":"6 minutos"},"schema":{"@context":"https:\/\/schema.org","@graph":[{"@type":"Article","@id":"https:\/\/www.sonoraenequipo.com.mx\/incidentes-atendidos-por-seguridad-publica-de-hermosillo-por-la-fuerte-lluvia-del-sabado\/#article","isPartOf":{"@id":"https:\/\/www.sonoraenequipo.com.mx\/incidentes-atendidos-por-seguridad-publica-de-hermosillo-por-la-fuerte-lluvia-del-sabado\/"},"author":{"name":"enequipo","@id":"https:\/\/www.sonoraenequipo.com.mx\/#\/schema\/person\/50102df0fb23a8fa9e8effad8fa81386"},"headline":"Incidentes atendidos por Seguridad P\u00fablica de Hermosillo durante la fuerte lluvia del s\u00e1bado","datePublished":"2021-07-05T00:01:09+00:00","dateModified":"2021-07-05T00:03:51+00:00","mainEntityOfPage":{"@id":"https:\/\/www.sonoraenequipo.com.mx\/incidentes-atendidos-por-seguridad-publica-de-hermosillo-por-la-fuerte-lluvia-del-sabado\/"},"wordCount":1349,"commentCount":0,"publisher":{"@id":"https:\/\/www.sonoraenequipo.com.mx\/#organization"},"image":{"@id":"https:\/\/www.sonoraenequipo.com.mx\/incidentes-atendidos-por-seguridad-publica-de-hermosillo-por-la-fuerte-lluvia-del-sabado\/#primaryimage"},"thumbnailUrl":"https:\/\/www.sonoraenequipo.com.mx\/storage\/2021\/07\/lluvias030721.jpg","keywords":["hermosillo","Lluvias"],"articleSection":["Municipios"],"inLanguage":"es","potentialAction":[{"@type":"CommentAction","name":"Comment","target":["https:\/\/www.sonoraenequipo.com.mx\/incidentes-atendidos-por-seguridad-publica-de-hermosillo-por-la-fuerte-lluvia-del-sabado\/#respond"]}]},{"@type":"WebPage","@id":"https:\/\/www.sonoraenequipo.com.mx\/incidentes-atendidos-por-seguridad-publica-de-hermosillo-por-la-fuerte-lluvia-del-sabado\/","url":"https:\/\/www.sonoraenequipo.com.mx\/incidentes-atendidos-por-seguridad-publica-de-hermosillo-por-la-fuerte-lluvia-del-sabado\/","name":"Sonora en Equipo. Incidentes atendidos por Seguridad P\u00fablica de Hermosillo durante la fuerte lluvia del s\u00e1bado Municipios","isPartOf":{"@id":"https:\/\/www.sonoraenequipo.com.mx\/#website"},"primaryImageOfPage":{"@id":"https:\/\/www.sonoraenequipo.com.mx\/incidentes-atendidos-por-seguridad-publica-de-hermosillo-por-la-fuerte-lluvia-del-sabado\/#primaryimage"},"image":{"@id":"https:\/\/www.sonoraenequipo.com.mx\/incidentes-atendidos-por-seguridad-publica-de-hermosillo-por-la-fuerte-lluvia-del-sabado\/#primaryimage"},"thumbnailUrl":"https:\/\/www.sonoraenequipo.com.mx\/storage\/2021\/07\/lluvias030721.jpg","datePublished":"2021-07-05T00:01:09+00:00","dateModified":"2021-07-05T00:03:51+00:00","description":"HERMOSILLO, SONORA,MX.\u2500\u2500 Durante la copiosa precipitaci\u00f3n pluvial que vivi\u00f3 la ciudad de Hermosillo ayer por la tarde, los elementos de la Polic\u00eda En Sonora en Equipo publicamos toda la informaci\u00f3n de Sonora, M\u00e9xico y el Mundo de manera oportuna y busca que la libertad de expresi\u00f3n sea real. Visita nuestro medio informativo publicado desde Hermosillo, Sonora. %","breadcrumb":{"@id":"https:\/\/www.sonoraenequipo.com.mx\/incidentes-atendidos-por-seguridad-publica-de-hermosillo-por-la-fuerte-lluvia-del-sabado\/#breadcrumb"},"inLanguage":"es","potentialAction":[{"@type":"ReadAction","target":["https:\/\/www.sonoraenequipo.com.mx\/incidentes-atendidos-por-seguridad-publica-de-hermosillo-por-la-fuerte-lluvia-del-sabado\/"]}]},{"@type":"ImageObject","inLanguage":"es","@id":"https:\/\/www.sonoraenequipo.com.mx\/incidentes-atendidos-por-seguridad-publica-de-hermosillo-por-la-fuerte-lluvia-del-sabado\/#primaryimage","url":"https:\/\/www.sonoraenequipo.com.mx\/storage\/2021\/07\/lluvias030721.jpg","contentUrl":"https:\/\/www.sonoraenequipo.com.mx\/storage\/2021\/07\/lluvias030721.jpg","width":700,"height":400},{"@type":"BreadcrumbList","@id":"https:\/\/www.sonoraenequipo.com.mx\/incidentes-atendidos-por-seguridad-publica-de-hermosillo-por-la-fuerte-lluvia-del-sabado\/#breadcrumb","itemListElement":[{"@type":"ListItem","position":1,"name":"Portada","item":"https:\/\/www.sonoraenequipo.com.mx\/"},{"@type":"ListItem","position":2,"name":"Incidentes atendidos por Seguridad P\u00fablica de Hermosillo durante la fuerte lluvia del s\u00e1bado"}]},{"@type":"WebSite","@id":"https:\/\/www.sonoraenequipo.com.mx\/#website","url":"https:\/\/www.sonoraenequipo.com.mx\/","name":"Sonora en Equipo.","description":"Diario en l\u00ednea con Noticias desde Hermosillo, Sonora","publisher":{"@id":"https:\/\/www.sonoraenequipo.com.mx\/#organization"},"potentialAction":[{"@type":"SearchAction","target":{"@type":"EntryPoint","urlTemplate":"https:\/\/www.sonoraenequipo.com.mx\/?s={search_term_string}"},"query-input":{"@type":"PropertyValueSpecification","valueRequired":true,"valueName":"search_term_string"}}],"inLanguage":"es"},{"@type":"Organization","@id":"https:\/\/www.sonoraenequipo.com.mx\/#organization","name":"Sonoraenequipo.com.mx","url":"https:\/\/www.sonoraenequipo.com.mx\/","logo":{"@type":"ImageObject","inLanguage":"es","@id":"https:\/\/www.sonoraenequipo.com.mx\/#\/schema\/logo\/image\/","url":"https:\/\/www.sonoraenequipo.com.mx\/storage\/2019\/01\/sonoraenequipo_opt.png","contentUrl":"https:\/\/www.sonoraenequipo.com.mx\/storage\/2019\/01\/sonoraenequipo_opt.png","width":375,"height":125,"caption":"Sonoraenequipo.com.mx"},"image":{"@id":"https:\/\/www.sonoraenequipo.com.mx\/#\/schema\/logo\/image\/"},"sameAs":["https:\/\/www.facebook.com\/SonoraEE\/","https:\/\/x.com\/sonoraenequipo","https:\/\/www.youtube.com\/channel\/UC338nW-lPEYmJQs4ZABQ1SQ"]},{"@type":"Person","@id":"https:\/\/www.sonoraenequipo.com.mx\/#\/schema\/person\/50102df0fb23a8fa9e8effad8fa81386","name":"enequipo","image":{"@type":"ImageObject","inLanguage":"es","@id":"https:\/\/www.sonoraenequipo.com.mx\/#\/schema\/person\/image\/","url":"https:\/\/secure.gravatar.com\/avatar\/049821681b589dabc0bc20695993ccebb09f5b5d4d790cd9251b97faac7c652b?s=96&d=blank&r=g","contentUrl":"https:\/\/secure.gravatar.com\/avatar\/049821681b589dabc0bc20695993ccebb09f5b5d4d790cd9251b97faac7c652b?s=96&d=blank&r=g","caption":"enequipo"},"sameAs":["https:\/\/www.facebook.com\/SonoraEE"]}]}},"jetpack_featured_media_url":"https:\/\/www.sonoraenequipo.com.mx\/storage\/2021\/07\/lluvias030721.jpg","_links":{"self":[{"href":"https:\/\/www.sonoraenequipo.com.mx\/api\/wp\/v2\/posts\/117761","targetHints":{"allow":["GET"]}}],"collection":[{"href":"https:\/\/www.sonoraenequipo.com.mx\/api\/wp\/v2\/posts"}],"about":[{"href":"https:\/\/www.sonoraenequipo.com.mx\/api\/wp\/v2\/types\/post"}],"author":[{"embeddable":true,"href":"https:\/\/www.sonoraenequipo.com.mx\/api\/wp\/v2\/users\/1"}],"replies":[{"embeddable":true,"href":"https:\/\/www.sonoraenequipo.com.mx\/api\/wp\/v2\/comments?post=117761"}],"version-history":[{"count":3,"href":"https:\/\/www.sonoraenequipo.com.mx\/api\/wp\/v2\/posts\/117761\/revisions"}],"predecessor-version":[{"id":117767,"href":"https:\/\/www.sonoraenequipo.com.mx\/api\/wp\/v2\/posts\/117761\/revisions\/117767"}],"wp:featuredmedia":[{"embeddable":true,"href":"https:\/\/www.sonoraenequipo.com.mx\/api\/wp\/v2\/media\/117764"}],"wp:attachment":[{"href":"https:\/\/www.sonoraenequipo.com.mx\/api\/wp\/v2\/media?parent=117761"}],"wp:term":[{"taxonomy":"category","embeddable":true,"href":"https:\/\/www.sonoraenequipo.com.mx\/api\/wp\/v2\/categories?post=117761"},{"taxonomy":"post_tag","embeddable":true,"href":"https:\/\/www.sonoraenequipo.com.mx\/api\/wp\/v2\/tags?post=117761"}],"curies":[{"name":"wp","href":"https:\/\/api.w.org\/{rel}","templated":true}]}}