{"id":117797,"date":"2021-07-04T21:21:01","date_gmt":"2021-07-05T04:21:01","guid":{"rendered":"https:\/\/www.sonoraenequipo.com.mx\/?p=117797"},"modified":"2021-07-05T07:16:45","modified_gmt":"2021-07-05T14:16:45","slug":"santiago-nieto-alista-denuncia-contra-primo-de-cabeza-de-vaca-por-presuntos-desvios-en-universidad-autonoma-de-tamaulipas","status":"publish","type":"post","link":"https:\/\/www.sonoraenequipo.com.mx\/santiago-nieto-alista-denuncia-contra-primo-de-cabeza-de-vaca-por-presuntos-desvios-en-universidad-autonoma-de-tamaulipas\/","title":{"rendered":"Santiago Nieto alista denuncia contra primo de Cabeza de Vaca"},"content":{"rendered":"<p>CIUDAD DE M\u00c9XICO. MX. \u2014 El titular de la Unidad de Inteligencia FInanciera alista una denuncia contra el primo del gobernador pansita de Tamaulipas, Francisco Javier Garc\u00eda Cabeza de Vaca, por presuntos desv\u00edo.<\/p>\n<p>&nbsp;<\/p>\n<p> <\/p>\n<p>&nbsp;<\/p>\n<p><em>\u00abEl martes presentar\u00e9 ante la FECC (Fiscal\u00eda Especializada en Combate de la Corrupci\u00f3n) la denuncia en contra de varios servidores p\u00fablicos, uno de ellos primo del Se\u00f1or Cabeza de Vaca, por presuntos desv\u00edos en la Universidad Aut\u00f3noma de Tamaulipas\u00bb<\/em>, coment\u00f3 Santiago Nieto en su cuenta de Twitter.<\/p>\n<p>&nbsp;<\/p>\n<p>El jueves pasado, con motivo del tercer aniversario del triunfo electoral del presidente Andr\u00e9s Manuel L\u00f3pez Obrador, Santiago Nieto destac\u00f3 que la dependencia que representa ha logrado congelar 7 mil 500 millones de pesos, y ha presentado cerca de 300 denuncias en materia de lavado de dinero.<\/p>\n<p>&nbsp;<\/p>\n<p>Record\u00f3 que como parte de las acciones que la UIF mantiene en curso, las cuentas contra el gobernador de Tamaulipas, Francisco Javier Garc\u00eda Cabeza de Vaca, por lavado de dinero, se mantiene congeladas.<\/p>\n<p>&nbsp;<\/p>\n<p><em>Hemos presentado cinco denuncias en contra del se\u00f1or Cabeza de Vaca y sus principales allegados, se han congelado las cuentas, ellos han promovido 12 amparos, pero en todos los casos se mantienen los bloqueos de cuentas\u00bb<\/em>, indic\u00f3.<\/p>\n<p>&nbsp;<\/p>\n<p>Agreg\u00f3 que, en breve, la UIF presentar\u00eda una serie de denuncias<em> \u00abrespecto a una especie de estafa maestra\u00bb<\/em> que involucra a la Universidad Aut\u00f3noma de Tamaulipas.<\/p>\n<p>&nbsp;<\/p>\n<p>Sobre los pendientes de esta administraci\u00f3n, Nieto Castillo insisti\u00f3 en la urgencia de que se impulse una reforma legal para ampliar las competencias de la UIF.<\/p>\n<p>&nbsp;<\/p>\n<p>(Publicada el 04\/07\/2021)<\/p>\n","protected":false},"excerpt":{"rendered":"<p>CIUDAD DE M\u00c9XICO. MX. \u2014 El titular de la Unidad de Inteligencia FInanciera alista una&#8230;<\/p>\n","protected":false},"author":1,"featured_media":117799,"comment_status":"open","ping_status":"open","sticky":false,"template":"","format":"standard","meta":{"_monsterinsights_skip_tracking":false,"_monsterinsights_sitenote_active":false,"_monsterinsights_sitenote_note":"","_monsterinsights_sitenote_category":0,"footnotes":""},"categories":[5],"tags":[],"class_list":["post"],"yoast_head":" \n<title>Sonora en Equipo. Santiago Nieto alista denuncia contra primo de Cabeza de Vaca Rep\u00fablica<\/title>\n<meta name=\"description\" content=\"CIUDAD DE M\u00c9XICO. MX. \u2014 El titular de la Unidad de Inteligencia FInanciera alista una denuncia contra el primo del gobernador pansita de Tamaulipas, En Sonora en Equipo publicamos toda la informaci\u00f3n de Sonora, M\u00e9xico y el Mundo de manera oportuna y busca que la libertad de expresi\u00f3n sea real. Visita nuestro medio informativo publicado desde Hermosillo, Sonora. %\" \/>\n<meta name=\"robots\" content=\"index, follow, max-snippet:-1, max-image-preview:large, max-video-preview:-1\" \/>\n<link rel=\"canonical\" href=\"https:\/\/www.sonoraenequipo.com.mx\/santiago-nieto-alista-denuncia-contra-primo-de-cabeza-de-vaca-por-presuntos-desvios-en-universidad-autonoma-de-tamaulipas\/\" \/>\n<meta property=\"og:locale\" content=\"es_ES\" \/>\n<meta property=\"og:type\" content=\"article\" \/>\n<meta property=\"og:title\" content=\"Sonora en Equipo. Santiago Nieto alista denuncia contra primo de Cabeza de Vaca Rep\u00fablica\" \/>\n<meta property=\"og:description\" content=\"CIUDAD DE M\u00c9XICO. MX. \u2014 El titular de la Unidad de Inteligencia FInanciera alista una denuncia contra el primo del gobernador pansita de Tamaulipas, En Sonora en Equipo publicamos toda la informaci\u00f3n de Sonora, M\u00e9xico y el Mundo de manera oportuna y busca que la libertad de expresi\u00f3n sea real. Visita nuestro medio informativo publicado desde Hermosillo, Sonora. %\" \/>\n<meta property=\"og:url\" content=\"https:\/\/www.sonoraenequipo.com.mx\/santiago-nieto-alista-denuncia-contra-primo-de-cabeza-de-vaca-por-presuntos-desvios-en-universidad-autonoma-de-tamaulipas\/\" \/>\n<meta property=\"og:site_name\" content=\"Sonora en Equipo.\" \/>\n<meta property=\"article:publisher\" content=\"https:\/\/www.facebook.com\/SonoraEE\/\" \/>\n<meta property=\"article:author\" content=\"https:\/\/www.facebook.com\/SonoraEE\" \/>\n<meta property=\"article:published_time\" content=\"2021-07-05T04:21:01+00:00\" \/>\n<meta property=\"article:modified_time\" content=\"2021-07-05T14:16:45+00:00\" \/>\n<meta property=\"og:image\" content=\"https:\/\/www.sonoraenequipo.com.mx\/storage\/2021\/07\/nieto-vaca_opt.jpg\" \/>\n\t<meta property=\"og:image:width\" content=\"700\" \/>\n\t<meta property=\"og:image:height\" content=\"400\" \/>\n\t<meta property=\"og:image:type\" content=\"image\/jpeg\" \/>\n<meta name=\"author\" content=\"enequipo\" \/>\n<meta name=\"twitter:card\" content=\"summary_large_image\" \/>\n<meta name=\"twitter:creator\" content=\"@sonoraenequipo\" \/>\n<meta name=\"twitter:site\" content=\"@sonoraenequipo\" \/>\n<meta name=\"twitter:label1\" content=\"Escrito por\" \/>\n\t<meta name=\"twitter:data1\" content=\"enequipo\" \/>\n\t<meta name=\"twitter:label2\" content=\"Tiempo de lectura\" \/>\n\t<meta name=\"twitter:data2\" content=\"2 minutos\" \/>\n<script type=\"application\/ld+json\" class=\"yoast-schema-graph\">{\"@context\":\"https:\/\/schema.org\",\"@graph\":[{\"@type\":\"Article\",\"@id\":\"https:\/\/www.sonoraenequipo.com.mx\/santiago-nieto-alista-denuncia-contra-primo-de-cabeza-de-vaca-por-presuntos-desvios-en-universidad-autonoma-de-tamaulipas\/#article\",\"isPartOf\":{\"@id\":\"https:\/\/www.sonoraenequipo.com.mx\/santiago-nieto-alista-denuncia-contra-primo-de-cabeza-de-vaca-por-presuntos-desvios-en-universidad-autonoma-de-tamaulipas\/\"},\"author\":{\"name\":\"enequipo\",\"@id\":\"https:\/\/www.sonoraenequipo.com.mx\/#\/schema\/person\/50102df0fb23a8fa9e8effad8fa81386\"},\"headline\":\"Santiago Nieto alista denuncia contra primo de Cabeza de Vaca\",\"datePublished\":\"2021-07-05T04:21:01+00:00\",\"dateModified\":\"2021-07-05T14:16:45+00:00\",\"mainEntityOfPage\":{\"@id\":\"https:\/\/www.sonoraenequipo.com.mx\/santiago-nieto-alista-denuncia-contra-primo-de-cabeza-de-vaca-por-presuntos-desvios-en-universidad-autonoma-de-tamaulipas\/\"},\"wordCount\":280,\"commentCount\":0,\"publisher\":{\"@id\":\"https:\/\/www.sonoraenequipo.com.mx\/#organization\"},\"image\":{\"@id\":\"https:\/\/www.sonoraenequipo.com.mx\/santiago-nieto-alista-denuncia-contra-primo-de-cabeza-de-vaca-por-presuntos-desvios-en-universidad-autonoma-de-tamaulipas\/#primaryimage\"},\"thumbnailUrl\":\"https:\/\/www.sonoraenequipo.com.mx\/storage\/2021\/07\/nieto-vaca_opt.jpg\",\"articleSection\":[\"Rep\u00fablica\"],\"inLanguage\":\"es\",\"potentialAction\":[{\"@type\":\"CommentAction\",\"name\":\"Comment\",\"target\":[\"https:\/\/www.sonoraenequipo.com.mx\/santiago-nieto-alista-denuncia-contra-primo-de-cabeza-de-vaca-por-presuntos-desvios-en-universidad-autonoma-de-tamaulipas\/#respond\"]}]},{\"@type\":\"WebPage\",\"@id\":\"https:\/\/www.sonoraenequipo.com.mx\/santiago-nieto-alista-denuncia-contra-primo-de-cabeza-de-vaca-por-presuntos-desvios-en-universidad-autonoma-de-tamaulipas\/\",\"url\":\"https:\/\/www.sonoraenequipo.com.mx\/santiago-nieto-alista-denuncia-contra-primo-de-cabeza-de-vaca-por-presuntos-desvios-en-universidad-autonoma-de-tamaulipas\/\",\"name\":\"Sonora en Equipo. Santiago Nieto alista denuncia contra primo de Cabeza de Vaca Rep\u00fablica\",\"isPartOf\":{\"@id\":\"https:\/\/www.sonoraenequipo.com.mx\/#website\"},\"primaryImageOfPage\":{\"@id\":\"https:\/\/www.sonoraenequipo.com.mx\/santiago-nieto-alista-denuncia-contra-primo-de-cabeza-de-vaca-por-presuntos-desvios-en-universidad-autonoma-de-tamaulipas\/#primaryimage\"},\"image\":{\"@id\":\"https:\/\/www.sonoraenequipo.com.mx\/santiago-nieto-alista-denuncia-contra-primo-de-cabeza-de-vaca-por-presuntos-desvios-en-universidad-autonoma-de-tamaulipas\/#primaryimage\"},\"thumbnailUrl\":\"https:\/\/www.sonoraenequipo.com.mx\/storage\/2021\/07\/nieto-vaca_opt.jpg\",\"datePublished\":\"2021-07-05T04:21:01+00:00\",\"dateModified\":\"2021-07-05T14:16:45+00:00\",\"description\":\"CIUDAD DE M\u00c9XICO. MX. \u2014 El titular de la Unidad de Inteligencia FInanciera alista una denuncia contra el primo del gobernador pansita de Tamaulipas, En Sonora en Equipo publicamos toda la informaci\u00f3n de Sonora, M\u00e9xico y el Mundo de manera oportuna y busca que la libertad de expresi\u00f3n sea real. Visita nuestro medio informativo publicado desde Hermosillo, Sonora. %\",\"breadcrumb\":{\"@id\":\"https:\/\/www.sonoraenequipo.com.mx\/santiago-nieto-alista-denuncia-contra-primo-de-cabeza-de-vaca-por-presuntos-desvios-en-universidad-autonoma-de-tamaulipas\/#breadcrumb\"},\"inLanguage\":\"es\",\"potentialAction\":[{\"@type\":\"ReadAction\",\"target\":[\"https:\/\/www.sonoraenequipo.com.mx\/santiago-nieto-alista-denuncia-contra-primo-de-cabeza-de-vaca-por-presuntos-desvios-en-universidad-autonoma-de-tamaulipas\/\"]}]},{\"@type\":\"ImageObject\",\"inLanguage\":\"es\",\"@id\":\"https:\/\/www.sonoraenequipo.com.mx\/santiago-nieto-alista-denuncia-contra-primo-de-cabeza-de-vaca-por-presuntos-desvios-en-universidad-autonoma-de-tamaulipas\/#primaryimage\",\"url\":\"https:\/\/www.sonoraenequipo.com.mx\/storage\/2021\/07\/nieto-vaca_opt.jpg\",\"contentUrl\":\"https:\/\/www.sonoraenequipo.com.mx\/storage\/2021\/07\/nieto-vaca_opt.jpg\",\"width\":700,\"height\":400},{\"@type\":\"BreadcrumbList\",\"@id\":\"https:\/\/www.sonoraenequipo.com.mx\/santiago-nieto-alista-denuncia-contra-primo-de-cabeza-de-vaca-por-presuntos-desvios-en-universidad-autonoma-de-tamaulipas\/#breadcrumb\",\"itemListElement\":[{\"@type\":\"ListItem\",\"position\":1,\"name\":\"Portada\",\"item\":\"https:\/\/www.sonoraenequipo.com.mx\/\"},{\"@type\":\"ListItem\",\"position\":2,\"name\":\"Santiago Nieto alista denuncia contra primo de Cabeza de Vaca\"}]},{\"@type\":\"WebSite\",\"@id\":\"https:\/\/www.sonoraenequipo.com.mx\/#website\",\"url\":\"https:\/\/www.sonoraenequipo.com.mx\/\",\"name\":\"Sonora en Equipo.\",\"description\":\"Diario en l\u00ednea con Noticias desde Hermosillo, Sonora\",\"publisher\":{\"@id\":\"https:\/\/www.sonoraenequipo.com.mx\/#organization\"},\"potentialAction\":[{\"@type\":\"SearchAction\",\"target\":{\"@type\":\"EntryPoint\",\"urlTemplate\":\"https:\/\/www.sonoraenequipo.com.mx\/?s={search_term_string}\"},\"query-input\":{\"@type\":\"PropertyValueSpecification\",\"valueRequired\":true,\"valueName\":\"search_term_string\"}}],\"inLanguage\":\"es\"},{\"@type\":\"Organization\",\"@id\":\"https:\/\/www.sonoraenequipo.com.mx\/#organization\",\"name\":\"Sonoraenequipo.com.mx\",\"url\":\"https:\/\/www.sonoraenequipo.com.mx\/\",\"logo\":{\"@type\":\"ImageObject\",\"inLanguage\":\"es\",\"@id\":\"https:\/\/www.sonoraenequipo.com.mx\/#\/schema\/logo\/image\/\",\"url\":\"https:\/\/www.sonoraenequipo.com.mx\/storage\/2019\/01\/sonoraenequipo_opt.png\",\"contentUrl\":\"https:\/\/www.sonoraenequipo.com.mx\/storage\/2019\/01\/sonoraenequipo_opt.png\",\"width\":375,\"height\":125,\"caption\":\"Sonoraenequipo.com.mx\"},\"image\":{\"@id\":\"https:\/\/www.sonoraenequipo.com.mx\/#\/schema\/logo\/image\/\"},\"sameAs\":[\"https:\/\/www.facebook.com\/SonoraEE\/\",\"https:\/\/x.com\/sonoraenequipo\",\"https:\/\/www.youtube.com\/channel\/UC338nW-lPEYmJQs4ZABQ1SQ\"]},{\"@type\":\"Person\",\"@id\":\"https:\/\/www.sonoraenequipo.com.mx\/#\/schema\/person\/50102df0fb23a8fa9e8effad8fa81386\",\"name\":\"enequipo\",\"image\":{\"@type\":\"ImageObject\",\"inLanguage\":\"es\",\"@id\":\"https:\/\/www.sonoraenequipo.com.mx\/#\/schema\/person\/image\/\",\"url\":\"https:\/\/secure.gravatar.com\/avatar\/049821681b589dabc0bc20695993ccebb09f5b5d4d790cd9251b97faac7c652b?s=96&d=blank&r=g\",\"contentUrl\":\"https:\/\/secure.gravatar.com\/avatar\/049821681b589dabc0bc20695993ccebb09f5b5d4d790cd9251b97faac7c652b?s=96&d=blank&r=g\",\"caption\":\"enequipo\"},\"sameAs\":[\"https:\/\/www.facebook.com\/SonoraEE\"]}]}<\/script>\n ","yoast_head_json":{"title":"Sonora en Equipo. Santiago Nieto alista denuncia contra primo de Cabeza de Vaca Rep\u00fablica","description":"CIUDAD DE M\u00c9XICO. MX. \u2014 El titular de la Unidad de Inteligencia FInanciera alista una denuncia contra el primo del gobernador pansita de Tamaulipas, En Sonora en Equipo publicamos toda la informaci\u00f3n de Sonora, M\u00e9xico y el Mundo de manera oportuna y busca que la libertad de expresi\u00f3n sea real. Visita nuestro medio informativo publicado desde Hermosillo, Sonora. %","robots":{"index":"index","follow":"follow","max-snippet":"max-snippet:-1","max-image-preview":"max-image-preview:large","max-video-preview":"max-video-preview:-1"},"canonical":"https:\/\/www.sonoraenequipo.com.mx\/santiago-nieto-alista-denuncia-contra-primo-de-cabeza-de-vaca-por-presuntos-desvios-en-universidad-autonoma-de-tamaulipas\/","og_locale":"es_ES","og_type":"article","og_title":"Sonora en Equipo. Santiago Nieto alista denuncia contra primo de Cabeza de Vaca Rep\u00fablica","og_description":"CIUDAD DE M\u00c9XICO. MX. \u2014 El titular de la Unidad de Inteligencia FInanciera alista una denuncia contra el primo del gobernador pansita de Tamaulipas, En Sonora en Equipo publicamos toda la informaci\u00f3n de Sonora, M\u00e9xico y el Mundo de manera oportuna y busca que la libertad de expresi\u00f3n sea real. Visita nuestro medio informativo publicado desde Hermosillo, Sonora. %","og_url":"https:\/\/www.sonoraenequipo.com.mx\/santiago-nieto-alista-denuncia-contra-primo-de-cabeza-de-vaca-por-presuntos-desvios-en-universidad-autonoma-de-tamaulipas\/","og_site_name":"Sonora en Equipo.","article_publisher":"https:\/\/www.facebook.com\/SonoraEE\/","article_author":"https:\/\/www.facebook.com\/SonoraEE","article_published_time":"2021-07-05T04:21:01+00:00","article_modified_time":"2021-07-05T14:16:45+00:00","og_image":[{"width":700,"height":400,"url":"https:\/\/www.sonoraenequipo.com.mx\/storage\/2021\/07\/nieto-vaca_opt.jpg","type":"image\/jpeg"}],"author":"enequipo","twitter_card":"summary_large_image","twitter_creator":"@sonoraenequipo","twitter_site":"@sonoraenequipo","twitter_misc":{"Escrito por":"enequipo","Tiempo de lectura":"2 minutos"},"schema":{"@context":"https:\/\/schema.org","@graph":[{"@type":"Article","@id":"https:\/\/www.sonoraenequipo.com.mx\/santiago-nieto-alista-denuncia-contra-primo-de-cabeza-de-vaca-por-presuntos-desvios-en-universidad-autonoma-de-tamaulipas\/#article","isPartOf":{"@id":"https:\/\/www.sonoraenequipo.com.mx\/santiago-nieto-alista-denuncia-contra-primo-de-cabeza-de-vaca-por-presuntos-desvios-en-universidad-autonoma-de-tamaulipas\/"},"author":{"name":"enequipo","@id":"https:\/\/www.sonoraenequipo.com.mx\/#\/schema\/person\/50102df0fb23a8fa9e8effad8fa81386"},"headline":"Santiago Nieto alista denuncia contra primo de Cabeza de Vaca","datePublished":"2021-07-05T04:21:01+00:00","dateModified":"2021-07-05T14:16:45+00:00","mainEntityOfPage":{"@id":"https:\/\/www.sonoraenequipo.com.mx\/santiago-nieto-alista-denuncia-contra-primo-de-cabeza-de-vaca-por-presuntos-desvios-en-universidad-autonoma-de-tamaulipas\/"},"wordCount":280,"commentCount":0,"publisher":{"@id":"https:\/\/www.sonoraenequipo.com.mx\/#organization"},"image":{"@id":"https:\/\/www.sonoraenequipo.com.mx\/santiago-nieto-alista-denuncia-contra-primo-de-cabeza-de-vaca-por-presuntos-desvios-en-universidad-autonoma-de-tamaulipas\/#primaryimage"},"thumbnailUrl":"https:\/\/www.sonoraenequipo.com.mx\/storage\/2021\/07\/nieto-vaca_opt.jpg","articleSection":["Rep\u00fablica"],"inLanguage":"es","potentialAction":[{"@type":"CommentAction","name":"Comment","target":["https:\/\/www.sonoraenequipo.com.mx\/santiago-nieto-alista-denuncia-contra-primo-de-cabeza-de-vaca-por-presuntos-desvios-en-universidad-autonoma-de-tamaulipas\/#respond"]}]},{"@type":"WebPage","@id":"https:\/\/www.sonoraenequipo.com.mx\/santiago-nieto-alista-denuncia-contra-primo-de-cabeza-de-vaca-por-presuntos-desvios-en-universidad-autonoma-de-tamaulipas\/","url":"https:\/\/www.sonoraenequipo.com.mx\/santiago-nieto-alista-denuncia-contra-primo-de-cabeza-de-vaca-por-presuntos-desvios-en-universidad-autonoma-de-tamaulipas\/","name":"Sonora en Equipo. Santiago Nieto alista denuncia contra primo de Cabeza de Vaca Rep\u00fablica","isPartOf":{"@id":"https:\/\/www.sonoraenequipo.com.mx\/#website"},"primaryImageOfPage":{"@id":"https:\/\/www.sonoraenequipo.com.mx\/santiago-nieto-alista-denuncia-contra-primo-de-cabeza-de-vaca-por-presuntos-desvios-en-universidad-autonoma-de-tamaulipas\/#primaryimage"},"image":{"@id":"https:\/\/www.sonoraenequipo.com.mx\/santiago-nieto-alista-denuncia-contra-primo-de-cabeza-de-vaca-por-presuntos-desvios-en-universidad-autonoma-de-tamaulipas\/#primaryimage"},"thumbnailUrl":"https:\/\/www.sonoraenequipo.com.mx\/storage\/2021\/07\/nieto-vaca_opt.jpg","datePublished":"2021-07-05T04:21:01+00:00","dateModified":"2021-07-05T14:16:45+00:00","description":"CIUDAD DE M\u00c9XICO. MX. \u2014 El titular de la Unidad de Inteligencia FInanciera alista una denuncia contra el primo del gobernador pansita de Tamaulipas, En Sonora en Equipo publicamos toda la informaci\u00f3n de Sonora, M\u00e9xico y el Mundo de manera oportuna y busca que la libertad de expresi\u00f3n sea real. Visita nuestro medio informativo publicado desde Hermosillo, Sonora. %","breadcrumb":{"@id":"https:\/\/www.sonoraenequipo.com.mx\/santiago-nieto-alista-denuncia-contra-primo-de-cabeza-de-vaca-por-presuntos-desvios-en-universidad-autonoma-de-tamaulipas\/#breadcrumb"},"inLanguage":"es","potentialAction":[{"@type":"ReadAction","target":["https:\/\/www.sonoraenequipo.com.mx\/santiago-nieto-alista-denuncia-contra-primo-de-cabeza-de-vaca-por-presuntos-desvios-en-universidad-autonoma-de-tamaulipas\/"]}]},{"@type":"ImageObject","inLanguage":"es","@id":"https:\/\/www.sonoraenequipo.com.mx\/santiago-nieto-alista-denuncia-contra-primo-de-cabeza-de-vaca-por-presuntos-desvios-en-universidad-autonoma-de-tamaulipas\/#primaryimage","url":"https:\/\/www.sonoraenequipo.com.mx\/storage\/2021\/07\/nieto-vaca_opt.jpg","contentUrl":"https:\/\/www.sonoraenequipo.com.mx\/storage\/2021\/07\/nieto-vaca_opt.jpg","width":700,"height":400},{"@type":"BreadcrumbList","@id":"https:\/\/www.sonoraenequipo.com.mx\/santiago-nieto-alista-denuncia-contra-primo-de-cabeza-de-vaca-por-presuntos-desvios-en-universidad-autonoma-de-tamaulipas\/#breadcrumb","itemListElement":[{"@type":"ListItem","position":1,"name":"Portada","item":"https:\/\/www.sonoraenequipo.com.mx\/"},{"@type":"ListItem","position":2,"name":"Santiago Nieto alista denuncia contra primo de Cabeza de Vaca"}]},{"@type":"WebSite","@id":"https:\/\/www.sonoraenequipo.com.mx\/#website","url":"https:\/\/www.sonoraenequipo.com.mx\/","name":"Sonora en Equipo.","description":"Diario en l\u00ednea con Noticias desde Hermosillo, Sonora","publisher":{"@id":"https:\/\/www.sonoraenequipo.com.mx\/#organization"},"potentialAction":[{"@type":"SearchAction","target":{"@type":"EntryPoint","urlTemplate":"https:\/\/www.sonoraenequipo.com.mx\/?s={search_term_string}"},"query-input":{"@type":"PropertyValueSpecification","valueRequired":true,"valueName":"search_term_string"}}],"inLanguage":"es"},{"@type":"Organization","@id":"https:\/\/www.sonoraenequipo.com.mx\/#organization","name":"Sonoraenequipo.com.mx","url":"https:\/\/www.sonoraenequipo.com.mx\/","logo":{"@type":"ImageObject","inLanguage":"es","@id":"https:\/\/www.sonoraenequipo.com.mx\/#\/schema\/logo\/image\/","url":"https:\/\/www.sonoraenequipo.com.mx\/storage\/2019\/01\/sonoraenequipo_opt.png","contentUrl":"https:\/\/www.sonoraenequipo.com.mx\/storage\/2019\/01\/sonoraenequipo_opt.png","width":375,"height":125,"caption":"Sonoraenequipo.com.mx"},"image":{"@id":"https:\/\/www.sonoraenequipo.com.mx\/#\/schema\/logo\/image\/"},"sameAs":["https:\/\/www.facebook.com\/SonoraEE\/","https:\/\/x.com\/sonoraenequipo","https:\/\/www.youtube.com\/channel\/UC338nW-lPEYmJQs4ZABQ1SQ"]},{"@type":"Person","@id":"https:\/\/www.sonoraenequipo.com.mx\/#\/schema\/person\/50102df0fb23a8fa9e8effad8fa81386","name":"enequipo","image":{"@type":"ImageObject","inLanguage":"es","@id":"https:\/\/www.sonoraenequipo.com.mx\/#\/schema\/person\/image\/","url":"https:\/\/secure.gravatar.com\/avatar\/049821681b589dabc0bc20695993ccebb09f5b5d4d790cd9251b97faac7c652b?s=96&d=blank&r=g","contentUrl":"https:\/\/secure.gravatar.com\/avatar\/049821681b589dabc0bc20695993ccebb09f5b5d4d790cd9251b97faac7c652b?s=96&d=blank&r=g","caption":"enequipo"},"sameAs":["https:\/\/www.facebook.com\/SonoraEE"]}]}},"jetpack_featured_media_url":"https:\/\/www.sonoraenequipo.com.mx\/storage\/2021\/07\/nieto-vaca_opt.jpg","_links":{"self":[{"href":"https:\/\/www.sonoraenequipo.com.mx\/api\/wp\/v2\/posts\/117797","targetHints":{"allow":["GET"]}}],"collection":[{"href":"https:\/\/www.sonoraenequipo.com.mx\/api\/wp\/v2\/posts"}],"about":[{"href":"https:\/\/www.sonoraenequipo.com.mx\/api\/wp\/v2\/types\/post"}],"author":[{"embeddable":true,"href":"https:\/\/www.sonoraenequipo.com.mx\/api\/wp\/v2\/users\/1"}],"replies":[{"embeddable":true,"href":"https:\/\/www.sonoraenequipo.com.mx\/api\/wp\/v2\/comments?post=117797"}],"version-history":[{"count":4,"href":"https:\/\/www.sonoraenequipo.com.mx\/api\/wp\/v2\/posts\/117797\/revisions"}],"predecessor-version":[{"id":117809,"href":"https:\/\/www.sonoraenequipo.com.mx\/api\/wp\/v2\/posts\/117797\/revisions\/117809"}],"wp:featuredmedia":[{"embeddable":true,"href":"https:\/\/www.sonoraenequipo.com.mx\/api\/wp\/v2\/media\/117799"}],"wp:attachment":[{"href":"https:\/\/www.sonoraenequipo.com.mx\/api\/wp\/v2\/media?parent=117797"}],"wp:term":[{"taxonomy":"category","embeddable":true,"href":"https:\/\/www.sonoraenequipo.com.mx\/api\/wp\/v2\/categories?post=117797"},{"taxonomy":"post_tag","embeddable":true,"href":"https:\/\/www.sonoraenequipo.com.mx\/api\/wp\/v2\/tags?post=117797"}],"curies":[{"name":"wp","href":"https:\/\/api.w.org\/{rel}","templated":true}]}}